{"id":1067,"date":"2018-07-11T11:31:40","date_gmt":"2018-07-11T11:31:40","guid":{"rendered":"http:\/\/bale.ch\/journal\/?p=1067"},"modified":"2018-08-04T11:38:17","modified_gmt":"2018-08-04T11:38:17","slug":"bd-fil-2018-lausanne","status":"publish","type":"post","link":"https:\/\/bale.ch\/journal\/bd-fil-2018-lausanne\/","title":{"rendered":"Picturale, v\u00e9g\u00e9tale, a\u00e9rienne, num\u00e9rique: la BD dans tous ses \u00e9tats \u00e0 Lausanne"},"content":{"rendered":"<div>La 14e \u00e9dition de BDFIL, Festival de bande dessin\u00e9e Lausanne, aura lieu au c\u0153ur de Lausanne du 13 au 17 septembre 2018: place de la Riponne, ex-cin\u00e9ma Romandie, Forum de l\u2019H\u00f4tel de Ville, th\u00e9\u00e2tre Boulimie, Mus\u00e9e Historique).<\/div>\n<p><!--more--><\/p>\n<div>\n<p><img loading=\"lazy\" decoding=\"async\" class=\"alignnone size-full wp-image-1071\" src=\"https:\/\/bale.ch\/journal\/wp-content\/uploads\/2018\/07\/bdfil_2018_lausanne.jpg\" alt=\"\" width=\"1428\" height=\"521\" srcset=\"https:\/\/bale.ch\/journal\/wp-content\/uploads\/2018\/07\/bdfil_2018_lausanne.jpg 1428w, https:\/\/bale.ch\/journal\/wp-content\/uploads\/2018\/07\/bdfil_2018_lausanne-300x109.jpg 300w, https:\/\/bale.ch\/journal\/wp-content\/uploads\/2018\/07\/bdfil_2018_lausanne-768x280.jpg 768w, https:\/\/bale.ch\/journal\/wp-content\/uploads\/2018\/07\/bdfil_2018_lausanne-1024x374.jpg 1024w\" sizes=\"auto, (max-width: 1428px) 100vw, 1428px\" \/><\/p>\n<p>Plus international que jamais, BDFIL accueille cette ann\u00e9e l\u2019artiste anglais de renomm\u00e9e mondiale Dave McKean, pionnier des effets picturaux dans la bande dessin\u00e9e, \u00e0 qui on doit entre autres chefs-d\u2019\u0153uvre Batman Arkham Asylum, Cages ou le r\u00e9cent Black Dog.<\/p>\n<\/div>\n<div><\/div>\n<div>La suite du menu r\u00e9jouira les v\u00e9ganes, puisqu\u2019elle s\u2019int\u00e9resse au Concombre masqu\u00e9 \u00abtel qu\u2019en lui-m\u00eame toujours il change\u00bb, l\u00e9gume le plus justicier du neuvi\u00e8me art.<\/div>\n<div>\u00c0 treize reprises on assistera au d\u00e9collage de l\u2019a\u00e9ronef \u00e9lectrique: sur un sc\u00e9nario de Jacques Lob (1932-1990), diff\u00e9rents artistes vous livreront leur version de trois mythiques planches rest\u00e9es in\u00e9dites en album.<\/div>\n<div>Bref, cette \u00e9dition est pleine de McKean, pleine de cucurbitac\u00e9s et d\u2019a\u00e9ronefs \u00e9lectriques, mais pleine aussi de bons vieux newspapers, d\u2019humour jouissif (Anouk Ricard), de magie du film d\u2019animation (Georges Schwizgebel), de perspectives num\u00e9riques ou de bande bitum\u00e9e am\u00e9ricaine (Route 66 de Thomas Ott).<\/div>\n<div>Premier festival BD de Suisse romande, BDFIL est depuis toujours une f\u00eate pour les enfants et les familles, et accueil le depuis peu un nouvel espace Micro\u00e9dition. C\u2019est aussi un OFF de OUF avec les galeries, les espaces alternatifs, les caf\u00e9s, les clubs, les Nuits de BDFIL&#8230; C\u2019est aussi B\u00e9d\u00e9phile#4, 240 pages richement illustr\u00e9es (\u20ac 25.-\/ CHF 33.-).<\/div>\n<div>\n<p>Le d\u00e9tail des expositions et l\u2019\u00e9tat au 27 juin de la liste des auteur-e-s en d\u00e9dicaces sur www.bdfil.ch. Le programme d\u00e9finitif (rencontres, duels graphiques, ateliers, projections, etc) sera d\u00e9voil\u00e9 \u00e0 la mi-ao\u00fbt.<\/p>\n<p><iframe loading=\"lazy\" src=\"https:\/\/www.youtube.com\/embed\/qqq3jgOs6Uw?rel=0\" width=\"560\" height=\"315\" frameborder=\"0\" allowfullscreen=\"allowfullscreen\"><\/iframe><\/p>\n<\/div>\n<div id=\"crieu-1836840631\" class=\"crieu-apres-le-contenu crieu-entity-placement\" style=\"margin-left: auto;margin-right: auto;text-align: center;\"><script async src=\"\/\/pagead2.googlesyndication.com\/pagead\/js\/adsbygoogle.js?client=ca-pub-5271584769416742\" crossorigin=\"anonymous\"><\/script><ins class=\"adsbygoogle\" style=\"display:block;\" data-ad-client=\"ca-pub-5271584769416742\" \ndata-ad-slot=\"9321250718\" \ndata-ad-format=\"auto\"><\/ins>\n<script> \n(adsbygoogle = window.adsbygoogle || []).push({}); \n<\/script>\n<\/div>","protected":false},"excerpt":{"rendered":"<p>La 14e \u00e9dition de BDFIL, Festival de bande dessin\u00e9e Lausanne, aura lieu au c\u0153ur de Lausanne du 13 au 17 septembre 2018: place de la Riponne, ex-cin\u00e9ma Romandie, Forum de <a href=\"https:\/\/bale.ch\/journal\/bd-fil-2018-lausanne\/\" class=\"read-more button-fancy -red\"><span class=\"btn-arrow\"><\/span><span class=\"twp-read-more text\">Continuer la lecture<\/span><\/a><\/p>\n","protected":false},"author":2,"featured_media":1071,"comment_status":"closed","ping_status":"closed","sticky":false,"template":"","format":"standard","meta":{"footnotes":""},"categories":[10,18],"tags":[20,93,55],"class_list":["post-1067","post","type-post","status-publish","format-standard","has-post-thumbnail","hentry","category-culture","category-sortir","tag-bande-dessinee","tag-festival","tag-lausanne"],"yoast_head":"<!-- This site is optimized with the Yoast SEO plugin v28.3 - https:\/\/yoast.com\/product\/yoast-seo-wordpress\/ -->\n<title>Picturale, v\u00e9g\u00e9tale, a\u00e9rienne, num\u00e9rique: la BD dans tous ses \u00e9tats \u00e0 Lausanne - Journal de B\u00e2le et Gen\u00e8ve<\/title>\n<meta name=\"robots\" content=\"index, follow, max-snippet:-1, max-image-preview:large, max-video-preview:-1\" \/>\n<link rel=\"canonical\" href=\"https:\/\/bale.ch\/journal\/bd-fil-2018-lausanne\/\" \/>\n<meta property=\"og:locale\" content=\"fr_FR\" \/>\n<meta property=\"og:type\" content=\"article\" \/>\n<meta property=\"og:title\" content=\"Picturale, v\u00e9g\u00e9tale, a\u00e9rienne, num\u00e9rique: la BD dans tous ses \u00e9tats \u00e0 Lausanne - Journal de B\u00e2le et Gen\u00e8ve\" \/>\n<meta property=\"og:description\" content=\"La 14e \u00e9dition de BDFIL, Festival de bande dessin\u00e9e Lausanne, aura lieu au c\u0153ur de Lausanne du 13 au 17 septembre 2018: place de la Riponne, ex-cin\u00e9ma Romandie, Forum de Continuer la lecture\" \/>\n<meta property=\"og:url\" content=\"https:\/\/bale.ch\/journal\/bd-fil-2018-lausanne\/\" \/>\n<meta property=\"og:site_name\" content=\"Journal de B\u00e2le et Gen\u00e8ve\" \/>\n<meta property=\"article:published_time\" content=\"2018-07-11T11:31:40+00:00\" \/>\n<meta property=\"article:modified_time\" content=\"2018-08-04T11:38:17+00:00\" \/>\n<meta property=\"og:image\" content=\"https:\/\/bale.ch\/journal\/wp-content\/uploads\/2018\/07\/bdfil_2018_lausanne.jpg\" \/>\n\t<meta property=\"og:image:width\" content=\"1428\" \/>\n\t<meta property=\"og:image:height\" content=\"521\" \/>\n\t<meta property=\"og:image:type\" content=\"image\/jpeg\" \/>\n<meta name=\"author\" content=\"La R\u00e9daction\" \/>\n<meta name=\"twitter:card\" content=\"summary_large_image\" \/>\n<meta name=\"twitter:label1\" content=\"\u00c9crit par\" \/>\n\t<meta name=\"twitter:data1\" content=\"La R\u00e9daction\" \/>\n\t<meta name=\"twitter:label2\" content=\"Dur\u00e9e de lecture estim\u00e9e\" \/>\n\t<meta name=\"twitter:data2\" content=\"2 minutes\" \/>\n<script type=\"application\/ld+json\" class=\"yoast-schema-graph\">{\"@context\":\"https:\\\/\\\/schema.org\",\"@graph\":[{\"@type\":\"Article\",\"@id\":\"https:\\\/\\\/bale.ch\\\/journal\\\/bd-fil-2018-lausanne\\\/#article\",\"isPartOf\":{\"@id\":\"https:\\\/\\\/bale.ch\\\/journal\\\/bd-fil-2018-lausanne\\\/\"},\"author\":{\"name\":\"La R\u00e9daction\",\"@id\":\"https:\\\/\\\/bale.ch\\\/journal\\\/#\\\/schema\\\/person\\\/03ced978db3b7a5274c5cef003f352f5\"},\"headline\":\"Picturale, v\u00e9g\u00e9tale, a\u00e9rienne, num\u00e9rique: la BD dans tous ses \u00e9tats \u00e0 Lausanne\",\"datePublished\":\"2018-07-11T11:31:40+00:00\",\"dateModified\":\"2018-08-04T11:38:17+00:00\",\"mainEntityOfPage\":{\"@id\":\"https:\\\/\\\/bale.ch\\\/journal\\\/bd-fil-2018-lausanne\\\/\"},\"wordCount\":324,\"publisher\":{\"@id\":\"https:\\\/\\\/bale.ch\\\/journal\\\/#organization\"},\"image\":{\"@id\":\"https:\\\/\\\/bale.ch\\\/journal\\\/bd-fil-2018-lausanne\\\/#primaryimage\"},\"thumbnailUrl\":\"https:\\\/\\\/bale.ch\\\/journal\\\/wp-content\\\/uploads\\\/2018\\\/07\\\/bdfil_2018_lausanne.jpg\",\"keywords\":[\"bande dessin\u00e9e\",\"festival\",\"Lausanne\"],\"articleSection\":[\"Culture\",\"Sortir\"],\"inLanguage\":\"fr-FR\"},{\"@type\":\"WebPage\",\"@id\":\"https:\\\/\\\/bale.ch\\\/journal\\\/bd-fil-2018-lausanne\\\/\",\"url\":\"https:\\\/\\\/bale.ch\\\/journal\\\/bd-fil-2018-lausanne\\\/\",\"name\":\"Picturale, v\u00e9g\u00e9tale, a\u00e9rienne, num\u00e9rique: la BD dans tous ses \u00e9tats \u00e0 Lausanne - Journal de B\u00e2le et Gen\u00e8ve\",\"isPartOf\":{\"@id\":\"https:\\\/\\\/bale.ch\\\/journal\\\/#website\"},\"primaryImageOfPage\":{\"@id\":\"https:\\\/\\\/bale.ch\\\/journal\\\/bd-fil-2018-lausanne\\\/#primaryimage\"},\"image\":{\"@id\":\"https:\\\/\\\/bale.ch\\\/journal\\\/bd-fil-2018-lausanne\\\/#primaryimage\"},\"thumbnailUrl\":\"https:\\\/\\\/bale.ch\\\/journal\\\/wp-content\\\/uploads\\\/2018\\\/07\\\/bdfil_2018_lausanne.jpg\",\"datePublished\":\"2018-07-11T11:31:40+00:00\",\"dateModified\":\"2018-08-04T11:38:17+00:00\",\"breadcrumb\":{\"@id\":\"https:\\\/\\\/bale.ch\\\/journal\\\/bd-fil-2018-lausanne\\\/#breadcrumb\"},\"inLanguage\":\"fr-FR\",\"potentialAction\":[{\"@type\":\"ReadAction\",\"target\":[\"https:\\\/\\\/bale.ch\\\/journal\\\/bd-fil-2018-lausanne\\\/\"]}]},{\"@type\":\"ImageObject\",\"inLanguage\":\"fr-FR\",\"@id\":\"https:\\\/\\\/bale.ch\\\/journal\\\/bd-fil-2018-lausanne\\\/#primaryimage\",\"url\":\"https:\\\/\\\/bale.ch\\\/journal\\\/wp-content\\\/uploads\\\/2018\\\/07\\\/bdfil_2018_lausanne.jpg\",\"contentUrl\":\"https:\\\/\\\/bale.ch\\\/journal\\\/wp-content\\\/uploads\\\/2018\\\/07\\\/bdfil_2018_lausanne.jpg\",\"width\":1428,\"height\":521},{\"@type\":\"BreadcrumbList\",\"@id\":\"https:\\\/\\\/bale.ch\\\/journal\\\/bd-fil-2018-lausanne\\\/#breadcrumb\",\"itemListElement\":[{\"@type\":\"ListItem\",\"position\":1,\"name\":\"Accueil\",\"item\":\"https:\\\/\\\/bale.ch\\\/journal\\\/\"},{\"@type\":\"ListItem\",\"position\":2,\"name\":\"Picturale, v\u00e9g\u00e9tale, a\u00e9rienne, num\u00e9rique: la BD dans tous ses \u00e9tats \u00e0 Lausanne\"}]},{\"@type\":\"WebSite\",\"@id\":\"https:\\\/\\\/bale.ch\\\/journal\\\/#website\",\"url\":\"https:\\\/\\\/bale.ch\\\/journal\\\/\",\"name\":\"Journal de B\u00e2le et Gen\u00e8ve\",\"description\":\"M\u00e9dia transfrontalier d&#039;actualit\u00e9s - News\",\"publisher\":{\"@id\":\"https:\\\/\\\/bale.ch\\\/journal\\\/#organization\"},\"potentialAction\":[{\"@type\":\"SearchAction\",\"target\":{\"@type\":\"EntryPoint\",\"urlTemplate\":\"https:\\\/\\\/bale.ch\\\/journal\\\/?s={search_term_string}\"},\"query-input\":{\"@type\":\"PropertyValueSpecification\",\"valueRequired\":true,\"valueName\":\"search_term_string\"}}],\"inLanguage\":\"fr-FR\"},{\"@type\":\"Organization\",\"@id\":\"https:\\\/\\\/bale.ch\\\/journal\\\/#organization\",\"name\":\"Journal de B\u00e2le et Gen\u00e8ve\",\"url\":\"https:\\\/\\\/bale.ch\\\/journal\\\/\",\"logo\":{\"@type\":\"ImageObject\",\"inLanguage\":\"fr-FR\",\"@id\":\"https:\\\/\\\/bale.ch\\\/journal\\\/#\\\/schema\\\/logo\\\/image\\\/\",\"url\":\"https:\\\/\\\/bale.ch\\\/journal\\\/wp-content\\\/uploads\\\/2023\\\/07\\\/journaldebale_logo_2023_nb.png\",\"contentUrl\":\"https:\\\/\\\/bale.ch\\\/journal\\\/wp-content\\\/uploads\\\/2023\\\/07\\\/journaldebale_logo_2023_nb.png\",\"width\":371,\"height\":127,\"caption\":\"Journal de B\u00e2le et Gen\u00e8ve\"},\"image\":{\"@id\":\"https:\\\/\\\/bale.ch\\\/journal\\\/#\\\/schema\\\/logo\\\/image\\\/\"}},{\"@type\":\"Person\",\"@id\":\"https:\\\/\\\/bale.ch\\\/journal\\\/#\\\/schema\\\/person\\\/03ced978db3b7a5274c5cef003f352f5\",\"name\":\"La R\u00e9daction\",\"image\":{\"@type\":\"ImageObject\",\"inLanguage\":\"fr-FR\",\"@id\":\"https:\\\/\\\/secure.gravatar.com\\\/avatar\\\/d1327e2ce8d2b860112f968a3f34686c9bdda7a463a1502cdd1070ac9d88cf1e?s=96&d=mm&r=g\",\"url\":\"https:\\\/\\\/secure.gravatar.com\\\/avatar\\\/d1327e2ce8d2b860112f968a3f34686c9bdda7a463a1502cdd1070ac9d88cf1e?s=96&d=mm&r=g\",\"contentUrl\":\"https:\\\/\\\/secure.gravatar.com\\\/avatar\\\/d1327e2ce8d2b860112f968a3f34686c9bdda7a463a1502cdd1070ac9d88cf1e?s=96&d=mm&r=g\",\"caption\":\"La R\u00e9daction\"},\"url\":\"https:\\\/\\\/bale.ch\\\/journal\\\/author\\\/laredaction\\\/\"}]}<\/script>\n<!-- \/ Yoast SEO plugin. -->","yoast_head_json":{"title":"Picturale, v\u00e9g\u00e9tale, a\u00e9rienne, num\u00e9rique: la BD dans tous ses \u00e9tats \u00e0 Lausanne - Journal de B\u00e2le et Gen\u00e8ve","robots":{"index":"index","follow":"follow","max-snippet":"max-snippet:-1","max-image-preview":"max-image-preview:large","max-video-preview":"max-video-preview:-1"},"canonical":"https:\/\/bale.ch\/journal\/bd-fil-2018-lausanne\/","og_locale":"fr_FR","og_type":"article","og_title":"Picturale, v\u00e9g\u00e9tale, a\u00e9rienne, num\u00e9rique: la BD dans tous ses \u00e9tats \u00e0 Lausanne - Journal de B\u00e2le et Gen\u00e8ve","og_description":"La 14e \u00e9dition de BDFIL, Festival de bande dessin\u00e9e Lausanne, aura lieu au c\u0153ur de Lausanne du 13 au 17 septembre 2018: place de la Riponne, ex-cin\u00e9ma Romandie, Forum de Continuer la lecture","og_url":"https:\/\/bale.ch\/journal\/bd-fil-2018-lausanne\/","og_site_name":"Journal de B\u00e2le et Gen\u00e8ve","article_published_time":"2018-07-11T11:31:40+00:00","article_modified_time":"2018-08-04T11:38:17+00:00","og_image":[{"width":1428,"height":521,"url":"https:\/\/bale.ch\/journal\/wp-content\/uploads\/2018\/07\/bdfil_2018_lausanne.jpg","type":"image\/jpeg"}],"author":"La R\u00e9daction","twitter_card":"summary_large_image","twitter_misc":{"\u00c9crit par":"La R\u00e9daction","Dur\u00e9e de lecture estim\u00e9e":"2 minutes"},"schema":{"@context":"https:\/\/schema.org","@graph":[{"@type":"Article","@id":"https:\/\/bale.ch\/journal\/bd-fil-2018-lausanne\/#article","isPartOf":{"@id":"https:\/\/bale.ch\/journal\/bd-fil-2018-lausanne\/"},"author":{"name":"La R\u00e9daction","@id":"https:\/\/bale.ch\/journal\/#\/schema\/person\/03ced978db3b7a5274c5cef003f352f5"},"headline":"Picturale, v\u00e9g\u00e9tale, a\u00e9rienne, num\u00e9rique: la BD dans tous ses \u00e9tats \u00e0 Lausanne","datePublished":"2018-07-11T11:31:40+00:00","dateModified":"2018-08-04T11:38:17+00:00","mainEntityOfPage":{"@id":"https:\/\/bale.ch\/journal\/bd-fil-2018-lausanne\/"},"wordCount":324,"publisher":{"@id":"https:\/\/bale.ch\/journal\/#organization"},"image":{"@id":"https:\/\/bale.ch\/journal\/bd-fil-2018-lausanne\/#primaryimage"},"thumbnailUrl":"https:\/\/bale.ch\/journal\/wp-content\/uploads\/2018\/07\/bdfil_2018_lausanne.jpg","keywords":["bande dessin\u00e9e","festival","Lausanne"],"articleSection":["Culture","Sortir"],"inLanguage":"fr-FR"},{"@type":"WebPage","@id":"https:\/\/bale.ch\/journal\/bd-fil-2018-lausanne\/","url":"https:\/\/bale.ch\/journal\/bd-fil-2018-lausanne\/","name":"Picturale, v\u00e9g\u00e9tale, a\u00e9rienne, num\u00e9rique: la BD dans tous ses \u00e9tats \u00e0 Lausanne - Journal de B\u00e2le et Gen\u00e8ve","isPartOf":{"@id":"https:\/\/bale.ch\/journal\/#website"},"primaryImageOfPage":{"@id":"https:\/\/bale.ch\/journal\/bd-fil-2018-lausanne\/#primaryimage"},"image":{"@id":"https:\/\/bale.ch\/journal\/bd-fil-2018-lausanne\/#primaryimage"},"thumbnailUrl":"https:\/\/bale.ch\/journal\/wp-content\/uploads\/2018\/07\/bdfil_2018_lausanne.jpg","datePublished":"2018-07-11T11:31:40+00:00","dateModified":"2018-08-04T11:38:17+00:00","breadcrumb":{"@id":"https:\/\/bale.ch\/journal\/bd-fil-2018-lausanne\/#breadcrumb"},"inLanguage":"fr-FR","potentialAction":[{"@type":"ReadAction","target":["https:\/\/bale.ch\/journal\/bd-fil-2018-lausanne\/"]}]},{"@type":"ImageObject","inLanguage":"fr-FR","@id":"https:\/\/bale.ch\/journal\/bd-fil-2018-lausanne\/#primaryimage","url":"https:\/\/bale.ch\/journal\/wp-content\/uploads\/2018\/07\/bdfil_2018_lausanne.jpg","contentUrl":"https:\/\/bale.ch\/journal\/wp-content\/uploads\/2018\/07\/bdfil_2018_lausanne.jpg","width":1428,"height":521},{"@type":"BreadcrumbList","@id":"https:\/\/bale.ch\/journal\/bd-fil-2018-lausanne\/#breadcrumb","itemListElement":[{"@type":"ListItem","position":1,"name":"Accueil","item":"https:\/\/bale.ch\/journal\/"},{"@type":"ListItem","position":2,"name":"Picturale, v\u00e9g\u00e9tale, a\u00e9rienne, num\u00e9rique: la BD dans tous ses \u00e9tats \u00e0 Lausanne"}]},{"@type":"WebSite","@id":"https:\/\/bale.ch\/journal\/#website","url":"https:\/\/bale.ch\/journal\/","name":"Journal de B\u00e2le et Gen\u00e8ve","description":"M\u00e9dia transfrontalier d&#039;actualit\u00e9s - News","publisher":{"@id":"https:\/\/bale.ch\/journal\/#organization"},"potentialAction":[{"@type":"SearchAction","target":{"@type":"EntryPoint","urlTemplate":"https:\/\/bale.ch\/journal\/?s={search_term_string}"},"query-input":{"@type":"PropertyValueSpecification","valueRequired":true,"valueName":"search_term_string"}}],"inLanguage":"fr-FR"},{"@type":"Organization","@id":"https:\/\/bale.ch\/journal\/#organization","name":"Journal de B\u00e2le et Gen\u00e8ve","url":"https:\/\/bale.ch\/journal\/","logo":{"@type":"ImageObject","inLanguage":"fr-FR","@id":"https:\/\/bale.ch\/journal\/#\/schema\/logo\/image\/","url":"https:\/\/bale.ch\/journal\/wp-content\/uploads\/2023\/07\/journaldebale_logo_2023_nb.png","contentUrl":"https:\/\/bale.ch\/journal\/wp-content\/uploads\/2023\/07\/journaldebale_logo_2023_nb.png","width":371,"height":127,"caption":"Journal de B\u00e2le et Gen\u00e8ve"},"image":{"@id":"https:\/\/bale.ch\/journal\/#\/schema\/logo\/image\/"}},{"@type":"Person","@id":"https:\/\/bale.ch\/journal\/#\/schema\/person\/03ced978db3b7a5274c5cef003f352f5","name":"La R\u00e9daction","image":{"@type":"ImageObject","inLanguage":"fr-FR","@id":"https:\/\/secure.gravatar.com\/avatar\/d1327e2ce8d2b860112f968a3f34686c9bdda7a463a1502cdd1070ac9d88cf1e?s=96&d=mm&r=g","url":"https:\/\/secure.gravatar.com\/avatar\/d1327e2ce8d2b860112f968a3f34686c9bdda7a463a1502cdd1070ac9d88cf1e?s=96&d=mm&r=g","contentUrl":"https:\/\/secure.gravatar.com\/avatar\/d1327e2ce8d2b860112f968a3f34686c9bdda7a463a1502cdd1070ac9d88cf1e?s=96&d=mm&r=g","caption":"La R\u00e9daction"},"url":"https:\/\/bale.ch\/journal\/author\/laredaction\/"}]}},"_links":{"self":[{"href":"https:\/\/bale.ch\/journal\/wp-json\/wp\/v2\/posts\/1067","targetHints":{"allow":["GET"]}}],"collection":[{"href":"https:\/\/bale.ch\/journal\/wp-json\/wp\/v2\/posts"}],"about":[{"href":"https:\/\/bale.ch\/journal\/wp-json\/wp\/v2\/types\/post"}],"author":[{"embeddable":true,"href":"https:\/\/bale.ch\/journal\/wp-json\/wp\/v2\/users\/2"}],"replies":[{"embeddable":true,"href":"https:\/\/bale.ch\/journal\/wp-json\/wp\/v2\/comments?post=1067"}],"version-history":[{"count":6,"href":"https:\/\/bale.ch\/journal\/wp-json\/wp\/v2\/posts\/1067\/revisions"}],"predecessor-version":[{"id":1074,"href":"https:\/\/bale.ch\/journal\/wp-json\/wp\/v2\/posts\/1067\/revisions\/1074"}],"wp:featuredmedia":[{"embeddable":true,"href":"https:\/\/bale.ch\/journal\/wp-json\/wp\/v2\/media\/1071"}],"wp:attachment":[{"href":"https:\/\/bale.ch\/journal\/wp-json\/wp\/v2\/media?parent=1067"}],"wp:term":[{"taxonomy":"category","embeddable":true,"href":"https:\/\/bale.ch\/journal\/wp-json\/wp\/v2\/categories?post=1067"},{"taxonomy":"post_tag","embeddable":true,"href":"https:\/\/bale.ch\/journal\/wp-json\/wp\/v2\/tags?post=1067"}],"curies":[{"name":"wp","href":"https:\/\/api.w.org\/{rel}","templated":true}]}}