{"id":1111,"date":"2018-08-07T14:10:16","date_gmt":"2018-08-07T14:10:16","guid":{"rendered":"http:\/\/bale.ch\/journal\/?p=1111"},"modified":"2018-09-22T08:50:46","modified_gmt":"2018-09-22T08:50:46","slug":"art-argent-musee-picasso-story","status":"publish","type":"post","link":"https:\/\/bale.ch\/journal\/art-argent-musee-picasso-story\/","title":{"rendered":"Art. Argent. Mus\u00e9e. 50 ans de Picasso-Story jusqu&rsquo;au 12 ao\u00fbt \u00e0 B\u00e2le"},"content":{"rendered":"<p><strong>L\u2019ann\u00e9e 2018 marque les 50 ans de la premi\u00e8re pr\u00e9sentation au public de l\u2019ensemble des oeuvres de Picasso acquises en 1967 par le Kunstmuseum Basel. \u00c0 l\u2019occasion de cet anniversaire, une pr\u00e9sentation \u00e9largie de la collection constitu\u00e9e \u00e0 partir des oeuvres de Pablo Picasso aborde des questions essentielles soulev\u00e9es par les d\u00e9bats de 1967-1968 et toujours d\u2019actualit\u00e9, tout en posant un regard sur les coulisses de la collection du Kunstmuseum \u00e0 l\u2019\u00e9poque et aujourd\u2019hui.<\/strong><!--more--><\/p>\n<p>En 1967, Les deux fr\u00e8res et Arlequin assis de Picasso sont mis en vente sur le march\u00e9 international. Un cr\u00e9dit public de 6 millions de francs suisses approuv\u00e9 par votation et 2 millions de francs suisses r\u00e9unis dans le cadre d\u2019une lev\u00e9e de fonds citoyenne permettent l\u2019acquisition de ces deux tableaux pour la collection publique b\u00e2loise. Suite \u00e0 cela, Picasso offre quatre oeuvres \u00e0 B\u00e2le. L\u2019exposition Art. Argent. Mus\u00e9e. 50 ans de Picasso-Story porte un regard nouveau sur les circonstances de cet \u00e9v\u00e9nement en se penchant sur les diff\u00e9rents acteurs \u2013 citoyens, artistes, directeur, commission artistique et m\u00e9c\u00e8nes \u2013 dont l\u2019action collective favorise, aujourd\u2019hui comme hier, l\u2019\u00e9mergence d\u2019\u00e9pisodes d\u2019identification \u00e0 la ville de B\u00e2le et \u00e0 sa collection.<\/p>\n<h4>Aujourd&rsquo;hui et hier<\/h4>\n<p>\u00ab Quel type d\u2019art peut entrer au mus\u00e9e ? \u00bb Cette question tout comme celle de la relation des habitants avec le Kunstmuseum au coeur des d\u00e9bats autour des acquisitions des oeuvres de Picasso demeurent encore aujourd\u2019hui \u00e0 la crois\u00e9e entre crit\u00e8res artistiques, moyens et int\u00e9r\u00eats financiers du mus\u00e9e. L\u2019exposition Art. Argent. Mus\u00e9e. 50 ans de Picasso-Story retrace, dans un premier temps, les \u00e9v\u00e9nements des ann\u00e9es 1967-1968 \u00e0 travers des photographies grand format de Kurt Wyss, des documents d\u2019archives pr\u00e9sent\u00e9s sur des tables num\u00e9riques, sans oublier les sept tableaux de Picasso.<\/p><div id=\"crieu-3313594666\" class=\"crieu-content crieu-entity-placement\"><script async src=\"\/\/pagead2.googlesyndication.com\/pagead\/js\/adsbygoogle.js?client=ca-pub-5271584769416742\" crossorigin=\"anonymous\"><\/script><ins class=\"adsbygoogle\" style=\"display:block;\" data-ad-client=\"ca-pub-5271584769416742\" \ndata-ad-slot=\"9321250718\" \ndata-ad-format=\"auto\"><\/ins>\n<script> \n(adsbygoogle = window.adsbygoogle || []).push({}); \n<\/script>\n<\/div>\n<p>Par la suite, l\u2019exposition m\u00eale des d\u00e9clarations de l\u2019\u00e9poque \u00e0 des voix actuelles \u2013 celles de visiteurs du Kunstmuseum et d\u2019artistes de la ville \u2013, tandis que des \u00e9crans pr\u00e9sentent un entretien fictif entre Franz Meyer et Josef Helfenstein, respectivement directeurs du mus\u00e9e \u00e0 l\u2019\u00e9poque et aujourd\u2019hui. Ainsi, ces diff\u00e9rentes approches permettent de cr\u00e9er des passerelles vers des probl\u00e9matiques actuelles relatives \u00e0 l\u2019art, \u00e0 l\u2019argent et aux mus\u00e9es. R\u00e9unies pour la premi\u00e8re fois dans une pr\u00e9sentation en 1968, les sept oeuvres de Picasso qui constituent le noyau de cette exposition s\u2019inscrivent dans le contexte de controverse et de politique mus\u00e9ale et, ce faisant, rev\u00eatent un caract\u00e8re intemporel.<\/p>\n<p>Jusqu&rsquo;au 12 ao\u00fbt 2018. Kunstmuseum Basel | Hauptbau, St. Alban-Graben 16, 4052 Basel<br \/>\nPlus d&rsquo;infos: <a href=\"https:\/\/kunstmuseumbasel.ch\/fr\/expositions\/2018\/picasso-50-ans\" target=\"_blank\" rel=\"noopener\">kunstmuseumbasel.ch<\/a><br \/>\nPhoto: Julian Salinas \/ \u00a9 Pro Litteris<\/p>\n<p><img loading=\"lazy\" decoding=\"async\" class=\"alignnone wp-image-1000\" src=\"https:\/\/bale.ch\/journal\/wp-content\/uploads\/2018\/07\/tribune_bale_leman.png\" alt=\"\" width=\"179\" height=\"29\" srcset=\"https:\/\/bale.ch\/journal\/wp-content\/uploads\/2018\/07\/tribune_bale_leman.png 622w, https:\/\/bale.ch\/journal\/wp-content\/uploads\/2018\/07\/tribune_bale_leman-300x48.png 300w\" sizes=\"auto, (max-width: 179px) 100vw, 179px\" \/><\/p>\n<div id=\"crieu-708047641\" class=\"crieu-apres-le-contenu crieu-entity-placement\" style=\"margin-left: auto;margin-right: auto;text-align: center;\"><script async src=\"\/\/pagead2.googlesyndication.com\/pagead\/js\/adsbygoogle.js?client=ca-pub-5271584769416742\" crossorigin=\"anonymous\"><\/script><ins class=\"adsbygoogle\" style=\"display:block;\" data-ad-client=\"ca-pub-5271584769416742\" \ndata-ad-slot=\"9321250718\" \ndata-ad-format=\"auto\"><\/ins>\n<script> \n(adsbygoogle = window.adsbygoogle || []).push({}); \n<\/script>\n<\/div>","protected":false},"excerpt":{"rendered":"<p>L\u2019ann\u00e9e 2018 marque les 50 ans de la premi\u00e8re pr\u00e9sentation au public de l\u2019ensemble des oeuvres de Picasso acquises en 1967 par le Kunstmuseum Basel. \u00c0 l\u2019occasion de cet anniversaire, <a href=\"https:\/\/bale.ch\/journal\/art-argent-musee-picasso-story\/\" class=\"read-more button-fancy -red\"><span class=\"btn-arrow\"><\/span><span class=\"twp-read-more text\">Continuer la lecture<\/span><\/a><\/p>\n","protected":false},"author":2,"featured_media":1113,"comment_status":"closed","ping_status":"closed","sticky":false,"template":"","format":"standard","meta":{"footnotes":""},"categories":[11,7,18],"tags":[94,36],"class_list":["post-1111","post","type-post","status-publish","format-standard","has-post-thumbnail","hentry","category-art","category-bale","category-sortir","tag-art","tag-musee"],"yoast_head":"<!-- This site is optimized with the Yoast SEO plugin v28.3 - https:\/\/yoast.com\/product\/yoast-seo-wordpress\/ -->\n<title>Art. Argent. Mus\u00e9e. 50 ans de Picasso-Story jusqu&#039;au 12 ao\u00fbt \u00e0 B\u00e2le - Journal de B\u00e2le et Gen\u00e8ve<\/title>\n<meta name=\"robots\" content=\"index, follow, max-snippet:-1, max-image-preview:large, max-video-preview:-1\" \/>\n<link rel=\"canonical\" href=\"https:\/\/bale.ch\/journal\/art-argent-musee-picasso-story\/\" \/>\n<meta property=\"og:locale\" content=\"fr_FR\" \/>\n<meta property=\"og:type\" content=\"article\" \/>\n<meta property=\"og:title\" content=\"Art. Argent. Mus\u00e9e. 50 ans de Picasso-Story jusqu&#039;au 12 ao\u00fbt \u00e0 B\u00e2le - Journal de B\u00e2le et Gen\u00e8ve\" \/>\n<meta property=\"og:description\" content=\"L\u2019ann\u00e9e 2018 marque les 50 ans de la premi\u00e8re pr\u00e9sentation au public de l\u2019ensemble des oeuvres de Picasso acquises en 1967 par le Kunstmuseum Basel. \u00c0 l\u2019occasion de cet anniversaire, Continuer la lecture\" \/>\n<meta property=\"og:url\" content=\"https:\/\/bale.ch\/journal\/art-argent-musee-picasso-story\/\" \/>\n<meta property=\"og:site_name\" content=\"Journal de B\u00e2le et Gen\u00e8ve\" \/>\n<meta property=\"article:published_time\" content=\"2018-08-07T14:10:16+00:00\" \/>\n<meta property=\"article:modified_time\" content=\"2018-09-22T08:50:46+00:00\" \/>\n<meta property=\"og:image\" content=\"https:\/\/bale.ch\/journal\/wp-content\/uploads\/2018\/08\/S0A3062.jpg\" \/>\n\t<meta property=\"og:image:width\" content=\"2500\" \/>\n\t<meta property=\"og:image:height\" content=\"1667\" \/>\n\t<meta property=\"og:image:type\" content=\"image\/jpeg\" \/>\n<meta name=\"author\" content=\"La R\u00e9daction\" \/>\n<meta name=\"twitter:card\" content=\"summary_large_image\" \/>\n<meta name=\"twitter:label1\" content=\"\u00c9crit par\" \/>\n\t<meta name=\"twitter:data1\" content=\"La R\u00e9daction\" \/>\n\t<meta name=\"twitter:label2\" content=\"Dur\u00e9e de lecture estim\u00e9e\" \/>\n\t<meta name=\"twitter:data2\" content=\"2 minutes\" \/>\n<script type=\"application\/ld+json\" class=\"yoast-schema-graph\">{\"@context\":\"https:\\\/\\\/schema.org\",\"@graph\":[{\"@type\":\"Article\",\"@id\":\"https:\\\/\\\/bale.ch\\\/journal\\\/art-argent-musee-picasso-story\\\/#article\",\"isPartOf\":{\"@id\":\"https:\\\/\\\/bale.ch\\\/journal\\\/art-argent-musee-picasso-story\\\/\"},\"author\":{\"name\":\"La R\u00e9daction\",\"@id\":\"https:\\\/\\\/bale.ch\\\/journal\\\/#\\\/schema\\\/person\\\/03ced978db3b7a5274c5cef003f352f5\"},\"headline\":\"Art. Argent. Mus\u00e9e. 50 ans de Picasso-Story jusqu&rsquo;au 12 ao\u00fbt \u00e0 B\u00e2le\",\"datePublished\":\"2018-08-07T14:10:16+00:00\",\"dateModified\":\"2018-09-22T08:50:46+00:00\",\"mainEntityOfPage\":{\"@id\":\"https:\\\/\\\/bale.ch\\\/journal\\\/art-argent-musee-picasso-story\\\/\"},\"wordCount\":470,\"publisher\":{\"@id\":\"https:\\\/\\\/bale.ch\\\/journal\\\/#organization\"},\"image\":{\"@id\":\"https:\\\/\\\/bale.ch\\\/journal\\\/art-argent-musee-picasso-story\\\/#primaryimage\"},\"thumbnailUrl\":\"https:\\\/\\\/bale.ch\\\/journal\\\/wp-content\\\/uploads\\\/2018\\\/08\\\/S0A3062.jpg\",\"keywords\":[\"art\",\"Mus\u00e9e\"],\"articleSection\":[\"Art\",\"B\u00e2le Trinationale\",\"Sortir\"],\"inLanguage\":\"fr-FR\"},{\"@type\":\"WebPage\",\"@id\":\"https:\\\/\\\/bale.ch\\\/journal\\\/art-argent-musee-picasso-story\\\/\",\"url\":\"https:\\\/\\\/bale.ch\\\/journal\\\/art-argent-musee-picasso-story\\\/\",\"name\":\"Art. Argent. Mus\u00e9e. 50 ans de Picasso-Story jusqu'au 12 ao\u00fbt \u00e0 B\u00e2le - Journal de B\u00e2le et Gen\u00e8ve\",\"isPartOf\":{\"@id\":\"https:\\\/\\\/bale.ch\\\/journal\\\/#website\"},\"primaryImageOfPage\":{\"@id\":\"https:\\\/\\\/bale.ch\\\/journal\\\/art-argent-musee-picasso-story\\\/#primaryimage\"},\"image\":{\"@id\":\"https:\\\/\\\/bale.ch\\\/journal\\\/art-argent-musee-picasso-story\\\/#primaryimage\"},\"thumbnailUrl\":\"https:\\\/\\\/bale.ch\\\/journal\\\/wp-content\\\/uploads\\\/2018\\\/08\\\/S0A3062.jpg\",\"datePublished\":\"2018-08-07T14:10:16+00:00\",\"dateModified\":\"2018-09-22T08:50:46+00:00\",\"breadcrumb\":{\"@id\":\"https:\\\/\\\/bale.ch\\\/journal\\\/art-argent-musee-picasso-story\\\/#breadcrumb\"},\"inLanguage\":\"fr-FR\",\"potentialAction\":[{\"@type\":\"ReadAction\",\"target\":[\"https:\\\/\\\/bale.ch\\\/journal\\\/art-argent-musee-picasso-story\\\/\"]}]},{\"@type\":\"ImageObject\",\"inLanguage\":\"fr-FR\",\"@id\":\"https:\\\/\\\/bale.ch\\\/journal\\\/art-argent-musee-picasso-story\\\/#primaryimage\",\"url\":\"https:\\\/\\\/bale.ch\\\/journal\\\/wp-content\\\/uploads\\\/2018\\\/08\\\/S0A3062.jpg\",\"contentUrl\":\"https:\\\/\\\/bale.ch\\\/journal\\\/wp-content\\\/uploads\\\/2018\\\/08\\\/S0A3062.jpg\",\"width\":2500,\"height\":1667,\"caption\":\"Julian Salinas \\\/ \u00a9 Pro Litteris\"},{\"@type\":\"BreadcrumbList\",\"@id\":\"https:\\\/\\\/bale.ch\\\/journal\\\/art-argent-musee-picasso-story\\\/#breadcrumb\",\"itemListElement\":[{\"@type\":\"ListItem\",\"position\":1,\"name\":\"Accueil\",\"item\":\"https:\\\/\\\/bale.ch\\\/journal\\\/\"},{\"@type\":\"ListItem\",\"position\":2,\"name\":\"Art. Argent. Mus\u00e9e. 50 ans de Picasso-Story jusqu&rsquo;au 12 ao\u00fbt \u00e0 B\u00e2le\"}]},{\"@type\":\"WebSite\",\"@id\":\"https:\\\/\\\/bale.ch\\\/journal\\\/#website\",\"url\":\"https:\\\/\\\/bale.ch\\\/journal\\\/\",\"name\":\"Journal de B\u00e2le et Gen\u00e8ve\",\"description\":\"M\u00e9dia transfrontalier d&#039;actualit\u00e9s - News\",\"publisher\":{\"@id\":\"https:\\\/\\\/bale.ch\\\/journal\\\/#organization\"},\"potentialAction\":[{\"@type\":\"SearchAction\",\"target\":{\"@type\":\"EntryPoint\",\"urlTemplate\":\"https:\\\/\\\/bale.ch\\\/journal\\\/?s={search_term_string}\"},\"query-input\":{\"@type\":\"PropertyValueSpecification\",\"valueRequired\":true,\"valueName\":\"search_term_string\"}}],\"inLanguage\":\"fr-FR\"},{\"@type\":\"Organization\",\"@id\":\"https:\\\/\\\/bale.ch\\\/journal\\\/#organization\",\"name\":\"Journal de B\u00e2le et Gen\u00e8ve\",\"url\":\"https:\\\/\\\/bale.ch\\\/journal\\\/\",\"logo\":{\"@type\":\"ImageObject\",\"inLanguage\":\"fr-FR\",\"@id\":\"https:\\\/\\\/bale.ch\\\/journal\\\/#\\\/schema\\\/logo\\\/image\\\/\",\"url\":\"https:\\\/\\\/bale.ch\\\/journal\\\/wp-content\\\/uploads\\\/2023\\\/07\\\/journaldebale_logo_2023_nb.png\",\"contentUrl\":\"https:\\\/\\\/bale.ch\\\/journal\\\/wp-content\\\/uploads\\\/2023\\\/07\\\/journaldebale_logo_2023_nb.png\",\"width\":371,\"height\":127,\"caption\":\"Journal de B\u00e2le et Gen\u00e8ve\"},\"image\":{\"@id\":\"https:\\\/\\\/bale.ch\\\/journal\\\/#\\\/schema\\\/logo\\\/image\\\/\"}},{\"@type\":\"Person\",\"@id\":\"https:\\\/\\\/bale.ch\\\/journal\\\/#\\\/schema\\\/person\\\/03ced978db3b7a5274c5cef003f352f5\",\"name\":\"La R\u00e9daction\",\"image\":{\"@type\":\"ImageObject\",\"inLanguage\":\"fr-FR\",\"@id\":\"https:\\\/\\\/secure.gravatar.com\\\/avatar\\\/d1327e2ce8d2b860112f968a3f34686c9bdda7a463a1502cdd1070ac9d88cf1e?s=96&d=mm&r=g\",\"url\":\"https:\\\/\\\/secure.gravatar.com\\\/avatar\\\/d1327e2ce8d2b860112f968a3f34686c9bdda7a463a1502cdd1070ac9d88cf1e?s=96&d=mm&r=g\",\"contentUrl\":\"https:\\\/\\\/secure.gravatar.com\\\/avatar\\\/d1327e2ce8d2b860112f968a3f34686c9bdda7a463a1502cdd1070ac9d88cf1e?s=96&d=mm&r=g\",\"caption\":\"La R\u00e9daction\"},\"url\":\"https:\\\/\\\/bale.ch\\\/journal\\\/author\\\/laredaction\\\/\"}]}<\/script>\n<!-- \/ Yoast SEO plugin. -->","yoast_head_json":{"title":"Art. Argent. Mus\u00e9e. 50 ans de Picasso-Story jusqu'au 12 ao\u00fbt \u00e0 B\u00e2le - Journal de B\u00e2le et Gen\u00e8ve","robots":{"index":"index","follow":"follow","max-snippet":"max-snippet:-1","max-image-preview":"max-image-preview:large","max-video-preview":"max-video-preview:-1"},"canonical":"https:\/\/bale.ch\/journal\/art-argent-musee-picasso-story\/","og_locale":"fr_FR","og_type":"article","og_title":"Art. Argent. Mus\u00e9e. 50 ans de Picasso-Story jusqu'au 12 ao\u00fbt \u00e0 B\u00e2le - Journal de B\u00e2le et Gen\u00e8ve","og_description":"L\u2019ann\u00e9e 2018 marque les 50 ans de la premi\u00e8re pr\u00e9sentation au public de l\u2019ensemble des oeuvres de Picasso acquises en 1967 par le Kunstmuseum Basel. \u00c0 l\u2019occasion de cet anniversaire, Continuer la lecture","og_url":"https:\/\/bale.ch\/journal\/art-argent-musee-picasso-story\/","og_site_name":"Journal de B\u00e2le et Gen\u00e8ve","article_published_time":"2018-08-07T14:10:16+00:00","article_modified_time":"2018-09-22T08:50:46+00:00","og_image":[{"width":2500,"height":1667,"url":"https:\/\/bale.ch\/journal\/wp-content\/uploads\/2018\/08\/S0A3062.jpg","type":"image\/jpeg"}],"author":"La R\u00e9daction","twitter_card":"summary_large_image","twitter_misc":{"\u00c9crit par":"La R\u00e9daction","Dur\u00e9e de lecture estim\u00e9e":"2 minutes"},"schema":{"@context":"https:\/\/schema.org","@graph":[{"@type":"Article","@id":"https:\/\/bale.ch\/journal\/art-argent-musee-picasso-story\/#article","isPartOf":{"@id":"https:\/\/bale.ch\/journal\/art-argent-musee-picasso-story\/"},"author":{"name":"La R\u00e9daction","@id":"https:\/\/bale.ch\/journal\/#\/schema\/person\/03ced978db3b7a5274c5cef003f352f5"},"headline":"Art. Argent. Mus\u00e9e. 50 ans de Picasso-Story jusqu&rsquo;au 12 ao\u00fbt \u00e0 B\u00e2le","datePublished":"2018-08-07T14:10:16+00:00","dateModified":"2018-09-22T08:50:46+00:00","mainEntityOfPage":{"@id":"https:\/\/bale.ch\/journal\/art-argent-musee-picasso-story\/"},"wordCount":470,"publisher":{"@id":"https:\/\/bale.ch\/journal\/#organization"},"image":{"@id":"https:\/\/bale.ch\/journal\/art-argent-musee-picasso-story\/#primaryimage"},"thumbnailUrl":"https:\/\/bale.ch\/journal\/wp-content\/uploads\/2018\/08\/S0A3062.jpg","keywords":["art","Mus\u00e9e"],"articleSection":["Art","B\u00e2le Trinationale","Sortir"],"inLanguage":"fr-FR"},{"@type":"WebPage","@id":"https:\/\/bale.ch\/journal\/art-argent-musee-picasso-story\/","url":"https:\/\/bale.ch\/journal\/art-argent-musee-picasso-story\/","name":"Art. Argent. Mus\u00e9e. 50 ans de Picasso-Story jusqu'au 12 ao\u00fbt \u00e0 B\u00e2le - Journal de B\u00e2le et Gen\u00e8ve","isPartOf":{"@id":"https:\/\/bale.ch\/journal\/#website"},"primaryImageOfPage":{"@id":"https:\/\/bale.ch\/journal\/art-argent-musee-picasso-story\/#primaryimage"},"image":{"@id":"https:\/\/bale.ch\/journal\/art-argent-musee-picasso-story\/#primaryimage"},"thumbnailUrl":"https:\/\/bale.ch\/journal\/wp-content\/uploads\/2018\/08\/S0A3062.jpg","datePublished":"2018-08-07T14:10:16+00:00","dateModified":"2018-09-22T08:50:46+00:00","breadcrumb":{"@id":"https:\/\/bale.ch\/journal\/art-argent-musee-picasso-story\/#breadcrumb"},"inLanguage":"fr-FR","potentialAction":[{"@type":"ReadAction","target":["https:\/\/bale.ch\/journal\/art-argent-musee-picasso-story\/"]}]},{"@type":"ImageObject","inLanguage":"fr-FR","@id":"https:\/\/bale.ch\/journal\/art-argent-musee-picasso-story\/#primaryimage","url":"https:\/\/bale.ch\/journal\/wp-content\/uploads\/2018\/08\/S0A3062.jpg","contentUrl":"https:\/\/bale.ch\/journal\/wp-content\/uploads\/2018\/08\/S0A3062.jpg","width":2500,"height":1667,"caption":"Julian Salinas \/ \u00a9 Pro Litteris"},{"@type":"BreadcrumbList","@id":"https:\/\/bale.ch\/journal\/art-argent-musee-picasso-story\/#breadcrumb","itemListElement":[{"@type":"ListItem","position":1,"name":"Accueil","item":"https:\/\/bale.ch\/journal\/"},{"@type":"ListItem","position":2,"name":"Art. Argent. Mus\u00e9e. 50 ans de Picasso-Story jusqu&rsquo;au 12 ao\u00fbt \u00e0 B\u00e2le"}]},{"@type":"WebSite","@id":"https:\/\/bale.ch\/journal\/#website","url":"https:\/\/bale.ch\/journal\/","name":"Journal de B\u00e2le et Gen\u00e8ve","description":"M\u00e9dia transfrontalier d&#039;actualit\u00e9s - News","publisher":{"@id":"https:\/\/bale.ch\/journal\/#organization"},"potentialAction":[{"@type":"SearchAction","target":{"@type":"EntryPoint","urlTemplate":"https:\/\/bale.ch\/journal\/?s={search_term_string}"},"query-input":{"@type":"PropertyValueSpecification","valueRequired":true,"valueName":"search_term_string"}}],"inLanguage":"fr-FR"},{"@type":"Organization","@id":"https:\/\/bale.ch\/journal\/#organization","name":"Journal de B\u00e2le et Gen\u00e8ve","url":"https:\/\/bale.ch\/journal\/","logo":{"@type":"ImageObject","inLanguage":"fr-FR","@id":"https:\/\/bale.ch\/journal\/#\/schema\/logo\/image\/","url":"https:\/\/bale.ch\/journal\/wp-content\/uploads\/2023\/07\/journaldebale_logo_2023_nb.png","contentUrl":"https:\/\/bale.ch\/journal\/wp-content\/uploads\/2023\/07\/journaldebale_logo_2023_nb.png","width":371,"height":127,"caption":"Journal de B\u00e2le et Gen\u00e8ve"},"image":{"@id":"https:\/\/bale.ch\/journal\/#\/schema\/logo\/image\/"}},{"@type":"Person","@id":"https:\/\/bale.ch\/journal\/#\/schema\/person\/03ced978db3b7a5274c5cef003f352f5","name":"La R\u00e9daction","image":{"@type":"ImageObject","inLanguage":"fr-FR","@id":"https:\/\/secure.gravatar.com\/avatar\/d1327e2ce8d2b860112f968a3f34686c9bdda7a463a1502cdd1070ac9d88cf1e?s=96&d=mm&r=g","url":"https:\/\/secure.gravatar.com\/avatar\/d1327e2ce8d2b860112f968a3f34686c9bdda7a463a1502cdd1070ac9d88cf1e?s=96&d=mm&r=g","contentUrl":"https:\/\/secure.gravatar.com\/avatar\/d1327e2ce8d2b860112f968a3f34686c9bdda7a463a1502cdd1070ac9d88cf1e?s=96&d=mm&r=g","caption":"La R\u00e9daction"},"url":"https:\/\/bale.ch\/journal\/author\/laredaction\/"}]}},"_links":{"self":[{"href":"https:\/\/bale.ch\/journal\/wp-json\/wp\/v2\/posts\/1111","targetHints":{"allow":["GET"]}}],"collection":[{"href":"https:\/\/bale.ch\/journal\/wp-json\/wp\/v2\/posts"}],"about":[{"href":"https:\/\/bale.ch\/journal\/wp-json\/wp\/v2\/types\/post"}],"author":[{"embeddable":true,"href":"https:\/\/bale.ch\/journal\/wp-json\/wp\/v2\/users\/2"}],"replies":[{"embeddable":true,"href":"https:\/\/bale.ch\/journal\/wp-json\/wp\/v2\/comments?post=1111"}],"version-history":[{"count":6,"href":"https:\/\/bale.ch\/journal\/wp-json\/wp\/v2\/posts\/1111\/revisions"}],"predecessor-version":[{"id":1192,"href":"https:\/\/bale.ch\/journal\/wp-json\/wp\/v2\/posts\/1111\/revisions\/1192"}],"wp:featuredmedia":[{"embeddable":true,"href":"https:\/\/bale.ch\/journal\/wp-json\/wp\/v2\/media\/1113"}],"wp:attachment":[{"href":"https:\/\/bale.ch\/journal\/wp-json\/wp\/v2\/media?parent=1111"}],"wp:term":[{"taxonomy":"category","embeddable":true,"href":"https:\/\/bale.ch\/journal\/wp-json\/wp\/v2\/categories?post=1111"},{"taxonomy":"post_tag","embeddable":true,"href":"https:\/\/bale.ch\/journal\/wp-json\/wp\/v2\/tags?post=1111"}],"curies":[{"name":"wp","href":"https:\/\/api.w.org\/{rel}","templated":true}]}}