{"id":1138,"date":"2018-09-19T10:09:04","date_gmt":"2018-09-19T10:09:04","guid":{"rendered":"http:\/\/bale.ch\/journal\/?p=1138"},"modified":"2021-09-11T09:55:30","modified_gmt":"2021-09-11T09:55:30","slug":"inauguration-pole-visitation-thonon","status":"publish","type":"post","link":"https:\/\/bale.ch\/journal\/inauguration-pole-visitation-thonon\/","title":{"rendered":"Le centre culturel de Thonon revisit\u00e9"},"content":{"rendered":"<p><strong>Apr\u00e8s plus de deux ans de travaux, la ville de Thonon profite des journ\u00e9es du patrimoine pour inaugurer son nouveau P\u00f4le culturel dans l&rsquo;ancien couvent de la Visitation. La m\u00e9diath\u00e8que, agrandie, y a notamment repris sa place.<\/strong><br \/>\n<!--more--><\/p>\n<p>La m\u00e9diath\u00e8que, la chapelle: espace d\u2019art contemporain, l\u2019\u00e9cole de musique et de danse de Thonon et l\u2019harmonie chablaisienne, l\u2019Acad\u00e9mie chablaisienne, le choeur Am\u00e9d\u00e9e, le groupe folklorique Sabaudia, les Amis d\u2019Eberbach et le centre g\u00e9n\u00e9alogique de Savoie ont repris leur place dans les murs historiques de la Visitation, r\u00e9nov\u00e9e et revisit\u00e9e par Philipe Donjerkovic et les architectes de l&rsquo;Atelier Novembre.<\/p>\n<p><strong>Du monast\u00e8re au p\u00f4le culturel de la Visitation<\/strong><br \/>\nLe p\u00f4le culturel de la Visitation est l\u2019h\u00e9ritier d\u2019une longue histoire. Cet ancien monast\u00e8re des visitandines a \u00e9t\u00e9 cr\u00e9\u00e9 \u00e0 Thonon en 1627 d\u2019abord rue Vallon puis dans le quartier de la rue des granges. Il est le 3\u00e8me \u00e9tabli en Savoie.<\/p><div id=\"crieu-25343629\" class=\"crieu-content crieu-entity-placement\"><script async src=\"\/\/pagead2.googlesyndication.com\/pagead\/js\/adsbygoogle.js?client=ca-pub-5271584769416742\" crossorigin=\"anonymous\"><\/script><ins class=\"adsbygoogle\" style=\"display:block;\" data-ad-client=\"ca-pub-5271584769416742\" \ndata-ad-slot=\"9321250718\" \ndata-ad-format=\"auto\"><\/ins>\n<script> \n(adsbygoogle = window.adsbygoogle || []).push({}); \n<\/script>\n<\/div>\n<p>Presque quatre si\u00e8cles durant, le b\u00e2timent a connu plusieurs am\u00e9nagements. Pour mener \u00e0 bien le projet de r\u00e9novation urbaine du centre-ville con\u00e7u par l\u2019architecte Maurice Novarina, la municipalit\u00e9 de l\u2019\u00e9poque fait l\u2019acquisition du monast\u00e8re en contrepartie de la construction d\u2019un nouveau couvent \u00e0 Marclaz. En 1968, les soeurs quittent Thonon. Se pose alors la question du devenir de l\u2019ancien monast\u00e8re avec comme enjeu sa destruction ou sa conservation.<\/p>\n<p>Finalement il est conserv\u00e9 et un projet de centre culturel voit le jour. Le premier \u00e9quipement culturel municipal qui s\u2019installe est la biblioth\u00e8que dans les ann\u00e9es huitante, pr\u00e9mices \u00e0 d\u2019autres installations culturelles. Cependant, une partie de l&rsquo;\u00e9difice restera d\u00e9saffect\u00e9.<\/p>\n<p>N\u00e9cessitant de l&rsquo;espace\u00a0pour le fonctionnement des principales structures culturelles, des \u00e9tudes ont \u00e9t\u00e9 command\u00e9es \u00e0 partir de 2008 afin de r\u00e9habiliter l&rsquo;ensemble du b\u00e2timent, soit 5860 m2 utiles.<\/p>\n<figure id=\"attachment_1146\" aria-describedby=\"caption-attachment-1146\" style=\"width: 1244px\" class=\"wp-caption alignnone\"><a href=\"https:\/\/bale.ch\/journal\/wp-content\/uploads\/2018\/09\/pole_visitation_thonon_forum.jpg\"><img loading=\"lazy\" decoding=\"async\" class=\"size-full wp-image-1146\" src=\"https:\/\/bale.ch\/journal\/wp-content\/uploads\/2018\/09\/pole_visitation_thonon_forum.jpg\" alt=\"\" width=\"1244\" height=\"829\" srcset=\"https:\/\/bale.ch\/journal\/wp-content\/uploads\/2018\/09\/pole_visitation_thonon_forum.jpg 1244w, https:\/\/bale.ch\/journal\/wp-content\/uploads\/2018\/09\/pole_visitation_thonon_forum-300x200.jpg 300w, https:\/\/bale.ch\/journal\/wp-content\/uploads\/2018\/09\/pole_visitation_thonon_forum-768x512.jpg 768w, https:\/\/bale.ch\/journal\/wp-content\/uploads\/2018\/09\/pole_visitation_thonon_forum-1024x682.jpg 1024w\" sizes=\"auto, (max-width: 1244px) 100vw, 1244px\" \/><\/a><figcaption id=\"caption-attachment-1146\" class=\"wp-caption-text\">Le Forum. <em>Photo Alban Lavy<\/em><\/figcaption><\/figure>\n<p>Les deux \u00e9l\u00e9ments phares du projet choisi\u00a0sont la r\u00e9alisation d\u2019une magnifique verri\u00e8re qui couvre le cloitre pour former le Forum au coeur du p\u00f4le, et une extension de facture contemporaine qui abrite un auditorium de 150 places.<\/p>\n<p><strong>Le \u00ab\u00a0fils du pays\u00a0\u00bb Val\u00e8re Novarina pour l&rsquo;inauguration<\/strong><br \/>\nPour la premi\u00e8re exposition qui inaugure la nouvelle \u00e8re de la Chapelle d&rsquo;art contemporain, c&rsquo;est l&rsquo;\u00e9crivain, metteur en sc\u00e8ne et plasticien thononais qui a \u00e9t\u00e9 choisi pour pr\u00e9senter ses peintures, dessins et litanies.\u00a0Durant quelques jours, l&rsquo;artiste a install\u00e9 son atelier se saisissant notamment de quelques s\u00e9ries existantes qu\u2019il a parachev\u00e9 sur place.<\/p>\n<p>L&rsquo;exposition intitul\u00e9e \u00ab\u00a0Chaque chose devenue autre\u00a0\u00bb se tiendra jusqu&rsquo;au 15 d\u00e9cembre 2018.<\/p>\n<figure id=\"attachment_1174\" aria-describedby=\"caption-attachment-1174\" style=\"width: 1244px\" class=\"wp-caption alignnone\"><img loading=\"lazy\" decoding=\"async\" class=\"wp-image-1174 size-full\" src=\"https:\/\/bale.ch\/journal\/wp-content\/uploads\/2018\/09\/visitation2_thonon_valere_novarina.jpg\" alt=\"\" width=\"1244\" height=\"829\" srcset=\"https:\/\/bale.ch\/journal\/wp-content\/uploads\/2018\/09\/visitation2_thonon_valere_novarina.jpg 1244w, https:\/\/bale.ch\/journal\/wp-content\/uploads\/2018\/09\/visitation2_thonon_valere_novarina-300x200.jpg 300w, https:\/\/bale.ch\/journal\/wp-content\/uploads\/2018\/09\/visitation2_thonon_valere_novarina-768x512.jpg 768w, https:\/\/bale.ch\/journal\/wp-content\/uploads\/2018\/09\/visitation2_thonon_valere_novarina-1024x682.jpg 1024w\" sizes=\"auto, (max-width: 1244px) 100vw, 1244px\" \/><figcaption id=\"caption-attachment-1174\" class=\"wp-caption-text\">Exposition Val\u00e8re Novarina \u00e0 la Chapelle de la Visitation. <em>Photo Alban Lavy<\/em><\/figcaption><\/figure>\n<figure id=\"attachment_1173\" aria-describedby=\"caption-attachment-1173\" style=\"width: 1063px\" class=\"wp-caption alignnone\"><img loading=\"lazy\" decoding=\"async\" class=\"wp-image-1173 size-full\" src=\"https:\/\/bale.ch\/journal\/wp-content\/uploads\/2018\/09\/visitation_1_thonon_valere_novarina.jpg\" alt=\"\" width=\"1063\" height=\"708\" srcset=\"https:\/\/bale.ch\/journal\/wp-content\/uploads\/2018\/09\/visitation_1_thonon_valere_novarina.jpg 1063w, https:\/\/bale.ch\/journal\/wp-content\/uploads\/2018\/09\/visitation_1_thonon_valere_novarina-300x200.jpg 300w, https:\/\/bale.ch\/journal\/wp-content\/uploads\/2018\/09\/visitation_1_thonon_valere_novarina-768x512.jpg 768w, https:\/\/bale.ch\/journal\/wp-content\/uploads\/2018\/09\/visitation_1_thonon_valere_novarina-1024x682.jpg 1024w\" sizes=\"auto, (max-width: 1063px) 100vw, 1063px\" \/><figcaption id=\"caption-attachment-1173\" class=\"wp-caption-text\">Exposition Val\u00e8re Novarina \u00e0 la Chapelle de la Visitation, avec des com\u00e9diennes en Visitandines. <em>Photo Alban Lavy<\/em><\/figcaption><\/figure>\n<figure id=\"attachment_1175\" aria-describedby=\"caption-attachment-1175\" style=\"width: 1244px\" class=\"wp-caption alignnone\"><img loading=\"lazy\" decoding=\"async\" class=\"wp-image-1175 size-full\" src=\"https:\/\/bale.ch\/journal\/wp-content\/uploads\/2018\/09\/visitation3_ecole_musique.jpg\" alt=\"\" width=\"1244\" height=\"829\" srcset=\"https:\/\/bale.ch\/journal\/wp-content\/uploads\/2018\/09\/visitation3_ecole_musique.jpg 1244w, https:\/\/bale.ch\/journal\/wp-content\/uploads\/2018\/09\/visitation3_ecole_musique-300x200.jpg 300w, https:\/\/bale.ch\/journal\/wp-content\/uploads\/2018\/09\/visitation3_ecole_musique-768x512.jpg 768w, https:\/\/bale.ch\/journal\/wp-content\/uploads\/2018\/09\/visitation3_ecole_musique-1024x682.jpg 1024w\" sizes=\"auto, (max-width: 1244px) 100vw, 1244px\" \/><figcaption id=\"caption-attachment-1175\" class=\"wp-caption-text\">Lecture.<\/figcaption><\/figure>\n<div id=\"crieu-1658308830\" class=\"crieu-apres-le-contenu crieu-entity-placement\" style=\"margin-left: auto;margin-right: auto;text-align: center;\"><script async src=\"\/\/pagead2.googlesyndication.com\/pagead\/js\/adsbygoogle.js?client=ca-pub-5271584769416742\" crossorigin=\"anonymous\"><\/script><ins class=\"adsbygoogle\" style=\"display:block;\" data-ad-client=\"ca-pub-5271584769416742\" \ndata-ad-slot=\"9321250718\" \ndata-ad-format=\"auto\"><\/ins>\n<script> \n(adsbygoogle = window.adsbygoogle || []).push({}); \n<\/script>\n<\/div>","protected":false},"excerpt":{"rendered":"<p>Apr\u00e8s plus de deux ans de travaux, la ville de Thonon profite des journ\u00e9es du patrimoine pour inaugurer son nouveau P\u00f4le culturel dans l&rsquo;ancien couvent de la Visitation. La m\u00e9diath\u00e8que, <a href=\"https:\/\/bale.ch\/journal\/inauguration-pole-visitation-thonon\/\" class=\"read-more button-fancy -red\"><span class=\"btn-arrow\"><\/span><span class=\"twp-read-more text\">Continuer la lecture<\/span><\/a><\/p>\n","protected":false},"author":3,"featured_media":2931,"comment_status":"closed","ping_status":"closed","sticky":false,"template":"","format":"standard","meta":{"footnotes":""},"categories":[103,10,4],"tags":[79,64,95,78],"class_list":["post-1138","post","type-post","status-publish","format-standard","has-post-thumbnail","hentry","category-actu","category-culture","category-grand-geneve","tag-architecture","tag-chablais","tag-culture","tag-thonon-les-bains"],"yoast_head":"<!-- This site is optimized with the Yoast SEO plugin v28.3 - https:\/\/yoast.com\/product\/yoast-seo-wordpress\/ -->\n<title>Le centre culturel de Thonon revisit\u00e9 - Journal de B\u00e2le et Gen\u00e8ve<\/title>\n<meta name=\"robots\" content=\"index, follow, max-snippet:-1, max-image-preview:large, max-video-preview:-1\" \/>\n<link rel=\"canonical\" href=\"https:\/\/bale.ch\/journal\/inauguration-pole-visitation-thonon\/\" \/>\n<meta property=\"og:locale\" content=\"fr_FR\" \/>\n<meta property=\"og:type\" content=\"article\" \/>\n<meta property=\"og:title\" content=\"Le centre culturel de Thonon revisit\u00e9 - Journal de B\u00e2le et Gen\u00e8ve\" \/>\n<meta property=\"og:description\" content=\"Apr\u00e8s plus de deux ans de travaux, la ville de Thonon profite des journ\u00e9es du patrimoine pour inaugurer son nouveau P\u00f4le culturel dans l&rsquo;ancien couvent de la Visitation. La m\u00e9diath\u00e8que, Continuer la lecture\" \/>\n<meta property=\"og:url\" content=\"https:\/\/bale.ch\/journal\/inauguration-pole-visitation-thonon\/\" \/>\n<meta property=\"og:site_name\" content=\"Journal de B\u00e2le et Gen\u00e8ve\" \/>\n<meta property=\"article:published_time\" content=\"2018-09-19T10:09:04+00:00\" \/>\n<meta property=\"article:modified_time\" content=\"2021-09-11T09:55:30+00:00\" \/>\n<meta property=\"og:image\" content=\"https:\/\/bale.ch\/journal\/wp-content\/uploads\/2018\/09\/bibliotheque_mediatheque_pole_visitation_thonon.jpg\" \/>\n\t<meta property=\"og:image:width\" content=\"900\" \/>\n\t<meta property=\"og:image:height\" content=\"484\" \/>\n\t<meta property=\"og:image:type\" content=\"image\/jpeg\" \/>\n<meta name=\"author\" content=\"Alban Lavy\" \/>\n<meta name=\"twitter:card\" content=\"summary_large_image\" \/>\n<meta name=\"twitter:label1\" content=\"\u00c9crit par\" \/>\n\t<meta name=\"twitter:data1\" content=\"Alban Lavy\" \/>\n\t<meta name=\"twitter:label2\" content=\"Dur\u00e9e de lecture estim\u00e9e\" \/>\n\t<meta name=\"twitter:data2\" content=\"3 minutes\" \/>\n<script type=\"application\/ld+json\" class=\"yoast-schema-graph\">{\"@context\":\"https:\\\/\\\/schema.org\",\"@graph\":[{\"@type\":\"Article\",\"@id\":\"https:\\\/\\\/bale.ch\\\/journal\\\/inauguration-pole-visitation-thonon\\\/#article\",\"isPartOf\":{\"@id\":\"https:\\\/\\\/bale.ch\\\/journal\\\/inauguration-pole-visitation-thonon\\\/\"},\"author\":{\"name\":\"Alban Lavy\",\"@id\":\"https:\\\/\\\/bale.ch\\\/journal\\\/#\\\/schema\\\/person\\\/41bc7f908af0ffea5e38b8c5702e5626\"},\"headline\":\"Le centre culturel de Thonon revisit\u00e9\",\"datePublished\":\"2018-09-19T10:09:04+00:00\",\"dateModified\":\"2021-09-11T09:55:30+00:00\",\"mainEntityOfPage\":{\"@id\":\"https:\\\/\\\/bale.ch\\\/journal\\\/inauguration-pole-visitation-thonon\\\/\"},\"wordCount\":526,\"publisher\":{\"@id\":\"https:\\\/\\\/bale.ch\\\/journal\\\/#organization\"},\"image\":{\"@id\":\"https:\\\/\\\/bale.ch\\\/journal\\\/inauguration-pole-visitation-thonon\\\/#primaryimage\"},\"thumbnailUrl\":\"https:\\\/\\\/bale.ch\\\/journal\\\/wp-content\\\/uploads\\\/2018\\\/09\\\/bibliotheque_mediatheque_pole_visitation_thonon.jpg\",\"keywords\":[\"architecture\",\"Chablais\",\"culture\",\"Thonon-les-Bains\"],\"articleSection\":[\"Actualit\u00e9s\",\"Culture\",\"Grand Gen\u00e8ve\"],\"inLanguage\":\"fr-FR\"},{\"@type\":\"WebPage\",\"@id\":\"https:\\\/\\\/bale.ch\\\/journal\\\/inauguration-pole-visitation-thonon\\\/\",\"url\":\"https:\\\/\\\/bale.ch\\\/journal\\\/inauguration-pole-visitation-thonon\\\/\",\"name\":\"Le centre culturel de Thonon revisit\u00e9 - Journal de B\u00e2le et Gen\u00e8ve\",\"isPartOf\":{\"@id\":\"https:\\\/\\\/bale.ch\\\/journal\\\/#website\"},\"primaryImageOfPage\":{\"@id\":\"https:\\\/\\\/bale.ch\\\/journal\\\/inauguration-pole-visitation-thonon\\\/#primaryimage\"},\"image\":{\"@id\":\"https:\\\/\\\/bale.ch\\\/journal\\\/inauguration-pole-visitation-thonon\\\/#primaryimage\"},\"thumbnailUrl\":\"https:\\\/\\\/bale.ch\\\/journal\\\/wp-content\\\/uploads\\\/2018\\\/09\\\/bibliotheque_mediatheque_pole_visitation_thonon.jpg\",\"datePublished\":\"2018-09-19T10:09:04+00:00\",\"dateModified\":\"2021-09-11T09:55:30+00:00\",\"breadcrumb\":{\"@id\":\"https:\\\/\\\/bale.ch\\\/journal\\\/inauguration-pole-visitation-thonon\\\/#breadcrumb\"},\"inLanguage\":\"fr-FR\",\"potentialAction\":[{\"@type\":\"ReadAction\",\"target\":[\"https:\\\/\\\/bale.ch\\\/journal\\\/inauguration-pole-visitation-thonon\\\/\"]}]},{\"@type\":\"ImageObject\",\"inLanguage\":\"fr-FR\",\"@id\":\"https:\\\/\\\/bale.ch\\\/journal\\\/inauguration-pole-visitation-thonon\\\/#primaryimage\",\"url\":\"https:\\\/\\\/bale.ch\\\/journal\\\/wp-content\\\/uploads\\\/2018\\\/09\\\/bibliotheque_mediatheque_pole_visitation_thonon.jpg\",\"contentUrl\":\"https:\\\/\\\/bale.ch\\\/journal\\\/wp-content\\\/uploads\\\/2018\\\/09\\\/bibliotheque_mediatheque_pole_visitation_thonon.jpg\",\"width\":900,\"height\":484},{\"@type\":\"BreadcrumbList\",\"@id\":\"https:\\\/\\\/bale.ch\\\/journal\\\/inauguration-pole-visitation-thonon\\\/#breadcrumb\",\"itemListElement\":[{\"@type\":\"ListItem\",\"position\":1,\"name\":\"Accueil\",\"item\":\"https:\\\/\\\/bale.ch\\\/journal\\\/\"},{\"@type\":\"ListItem\",\"position\":2,\"name\":\"Le centre culturel de Thonon revisit\u00e9\"}]},{\"@type\":\"WebSite\",\"@id\":\"https:\\\/\\\/bale.ch\\\/journal\\\/#website\",\"url\":\"https:\\\/\\\/bale.ch\\\/journal\\\/\",\"name\":\"Journal de B\u00e2le et Gen\u00e8ve\",\"description\":\"M\u00e9dia transfrontalier d&#039;actualit\u00e9s - News\",\"publisher\":{\"@id\":\"https:\\\/\\\/bale.ch\\\/journal\\\/#organization\"},\"potentialAction\":[{\"@type\":\"SearchAction\",\"target\":{\"@type\":\"EntryPoint\",\"urlTemplate\":\"https:\\\/\\\/bale.ch\\\/journal\\\/?s={search_term_string}\"},\"query-input\":{\"@type\":\"PropertyValueSpecification\",\"valueRequired\":true,\"valueName\":\"search_term_string\"}}],\"inLanguage\":\"fr-FR\"},{\"@type\":\"Organization\",\"@id\":\"https:\\\/\\\/bale.ch\\\/journal\\\/#organization\",\"name\":\"Journal de B\u00e2le et Gen\u00e8ve\",\"url\":\"https:\\\/\\\/bale.ch\\\/journal\\\/\",\"logo\":{\"@type\":\"ImageObject\",\"inLanguage\":\"fr-FR\",\"@id\":\"https:\\\/\\\/bale.ch\\\/journal\\\/#\\\/schema\\\/logo\\\/image\\\/\",\"url\":\"https:\\\/\\\/bale.ch\\\/journal\\\/wp-content\\\/uploads\\\/2023\\\/07\\\/journaldebale_logo_2023_nb.png\",\"contentUrl\":\"https:\\\/\\\/bale.ch\\\/journal\\\/wp-content\\\/uploads\\\/2023\\\/07\\\/journaldebale_logo_2023_nb.png\",\"width\":371,\"height\":127,\"caption\":\"Journal de B\u00e2le et Gen\u00e8ve\"},\"image\":{\"@id\":\"https:\\\/\\\/bale.ch\\\/journal\\\/#\\\/schema\\\/logo\\\/image\\\/\"}},{\"@type\":\"Person\",\"@id\":\"https:\\\/\\\/bale.ch\\\/journal\\\/#\\\/schema\\\/person\\\/41bc7f908af0ffea5e38b8c5702e5626\",\"name\":\"Alban Lavy\",\"image\":{\"@type\":\"ImageObject\",\"inLanguage\":\"fr-FR\",\"@id\":\"https:\\\/\\\/secure.gravatar.com\\\/avatar\\\/4978c5bb7295400e15bebf9881bc4db7866592bc59ffa2f62511214a10f68804?s=96&d=mm&r=g\",\"url\":\"https:\\\/\\\/secure.gravatar.com\\\/avatar\\\/4978c5bb7295400e15bebf9881bc4db7866592bc59ffa2f62511214a10f68804?s=96&d=mm&r=g\",\"contentUrl\":\"https:\\\/\\\/secure.gravatar.com\\\/avatar\\\/4978c5bb7295400e15bebf9881bc4db7866592bc59ffa2f62511214a10f68804?s=96&d=mm&r=g\",\"caption\":\"Alban Lavy\"},\"sameAs\":[\"http:\\\/\\\/bale.ch\\\/administration\\\/zeitung\\\/albanlavy\\\/\"],\"url\":\"https:\\\/\\\/bale.ch\\\/journal\\\/author\\\/lavy\\\/\"}]}<\/script>\n<!-- \/ Yoast SEO plugin. -->","yoast_head_json":{"title":"Le centre culturel de Thonon revisit\u00e9 - Journal de B\u00e2le et Gen\u00e8ve","robots":{"index":"index","follow":"follow","max-snippet":"max-snippet:-1","max-image-preview":"max-image-preview:large","max-video-preview":"max-video-preview:-1"},"canonical":"https:\/\/bale.ch\/journal\/inauguration-pole-visitation-thonon\/","og_locale":"fr_FR","og_type":"article","og_title":"Le centre culturel de Thonon revisit\u00e9 - Journal de B\u00e2le et Gen\u00e8ve","og_description":"Apr\u00e8s plus de deux ans de travaux, la ville de Thonon profite des journ\u00e9es du patrimoine pour inaugurer son nouveau P\u00f4le culturel dans l&rsquo;ancien couvent de la Visitation. La m\u00e9diath\u00e8que, Continuer la lecture","og_url":"https:\/\/bale.ch\/journal\/inauguration-pole-visitation-thonon\/","og_site_name":"Journal de B\u00e2le et Gen\u00e8ve","article_published_time":"2018-09-19T10:09:04+00:00","article_modified_time":"2021-09-11T09:55:30+00:00","og_image":[{"width":900,"height":484,"url":"https:\/\/bale.ch\/journal\/wp-content\/uploads\/2018\/09\/bibliotheque_mediatheque_pole_visitation_thonon.jpg","type":"image\/jpeg"}],"author":"Alban Lavy","twitter_card":"summary_large_image","twitter_misc":{"\u00c9crit par":"Alban Lavy","Dur\u00e9e de lecture estim\u00e9e":"3 minutes"},"schema":{"@context":"https:\/\/schema.org","@graph":[{"@type":"Article","@id":"https:\/\/bale.ch\/journal\/inauguration-pole-visitation-thonon\/#article","isPartOf":{"@id":"https:\/\/bale.ch\/journal\/inauguration-pole-visitation-thonon\/"},"author":{"name":"Alban Lavy","@id":"https:\/\/bale.ch\/journal\/#\/schema\/person\/41bc7f908af0ffea5e38b8c5702e5626"},"headline":"Le centre culturel de Thonon revisit\u00e9","datePublished":"2018-09-19T10:09:04+00:00","dateModified":"2021-09-11T09:55:30+00:00","mainEntityOfPage":{"@id":"https:\/\/bale.ch\/journal\/inauguration-pole-visitation-thonon\/"},"wordCount":526,"publisher":{"@id":"https:\/\/bale.ch\/journal\/#organization"},"image":{"@id":"https:\/\/bale.ch\/journal\/inauguration-pole-visitation-thonon\/#primaryimage"},"thumbnailUrl":"https:\/\/bale.ch\/journal\/wp-content\/uploads\/2018\/09\/bibliotheque_mediatheque_pole_visitation_thonon.jpg","keywords":["architecture","Chablais","culture","Thonon-les-Bains"],"articleSection":["Actualit\u00e9s","Culture","Grand Gen\u00e8ve"],"inLanguage":"fr-FR"},{"@type":"WebPage","@id":"https:\/\/bale.ch\/journal\/inauguration-pole-visitation-thonon\/","url":"https:\/\/bale.ch\/journal\/inauguration-pole-visitation-thonon\/","name":"Le centre culturel de Thonon revisit\u00e9 - Journal de B\u00e2le et Gen\u00e8ve","isPartOf":{"@id":"https:\/\/bale.ch\/journal\/#website"},"primaryImageOfPage":{"@id":"https:\/\/bale.ch\/journal\/inauguration-pole-visitation-thonon\/#primaryimage"},"image":{"@id":"https:\/\/bale.ch\/journal\/inauguration-pole-visitation-thonon\/#primaryimage"},"thumbnailUrl":"https:\/\/bale.ch\/journal\/wp-content\/uploads\/2018\/09\/bibliotheque_mediatheque_pole_visitation_thonon.jpg","datePublished":"2018-09-19T10:09:04+00:00","dateModified":"2021-09-11T09:55:30+00:00","breadcrumb":{"@id":"https:\/\/bale.ch\/journal\/inauguration-pole-visitation-thonon\/#breadcrumb"},"inLanguage":"fr-FR","potentialAction":[{"@type":"ReadAction","target":["https:\/\/bale.ch\/journal\/inauguration-pole-visitation-thonon\/"]}]},{"@type":"ImageObject","inLanguage":"fr-FR","@id":"https:\/\/bale.ch\/journal\/inauguration-pole-visitation-thonon\/#primaryimage","url":"https:\/\/bale.ch\/journal\/wp-content\/uploads\/2018\/09\/bibliotheque_mediatheque_pole_visitation_thonon.jpg","contentUrl":"https:\/\/bale.ch\/journal\/wp-content\/uploads\/2018\/09\/bibliotheque_mediatheque_pole_visitation_thonon.jpg","width":900,"height":484},{"@type":"BreadcrumbList","@id":"https:\/\/bale.ch\/journal\/inauguration-pole-visitation-thonon\/#breadcrumb","itemListElement":[{"@type":"ListItem","position":1,"name":"Accueil","item":"https:\/\/bale.ch\/journal\/"},{"@type":"ListItem","position":2,"name":"Le centre culturel de Thonon revisit\u00e9"}]},{"@type":"WebSite","@id":"https:\/\/bale.ch\/journal\/#website","url":"https:\/\/bale.ch\/journal\/","name":"Journal de B\u00e2le et Gen\u00e8ve","description":"M\u00e9dia transfrontalier d&#039;actualit\u00e9s - News","publisher":{"@id":"https:\/\/bale.ch\/journal\/#organization"},"potentialAction":[{"@type":"SearchAction","target":{"@type":"EntryPoint","urlTemplate":"https:\/\/bale.ch\/journal\/?s={search_term_string}"},"query-input":{"@type":"PropertyValueSpecification","valueRequired":true,"valueName":"search_term_string"}}],"inLanguage":"fr-FR"},{"@type":"Organization","@id":"https:\/\/bale.ch\/journal\/#organization","name":"Journal de B\u00e2le et Gen\u00e8ve","url":"https:\/\/bale.ch\/journal\/","logo":{"@type":"ImageObject","inLanguage":"fr-FR","@id":"https:\/\/bale.ch\/journal\/#\/schema\/logo\/image\/","url":"https:\/\/bale.ch\/journal\/wp-content\/uploads\/2023\/07\/journaldebale_logo_2023_nb.png","contentUrl":"https:\/\/bale.ch\/journal\/wp-content\/uploads\/2023\/07\/journaldebale_logo_2023_nb.png","width":371,"height":127,"caption":"Journal de B\u00e2le et Gen\u00e8ve"},"image":{"@id":"https:\/\/bale.ch\/journal\/#\/schema\/logo\/image\/"}},{"@type":"Person","@id":"https:\/\/bale.ch\/journal\/#\/schema\/person\/41bc7f908af0ffea5e38b8c5702e5626","name":"Alban Lavy","image":{"@type":"ImageObject","inLanguage":"fr-FR","@id":"https:\/\/secure.gravatar.com\/avatar\/4978c5bb7295400e15bebf9881bc4db7866592bc59ffa2f62511214a10f68804?s=96&d=mm&r=g","url":"https:\/\/secure.gravatar.com\/avatar\/4978c5bb7295400e15bebf9881bc4db7866592bc59ffa2f62511214a10f68804?s=96&d=mm&r=g","contentUrl":"https:\/\/secure.gravatar.com\/avatar\/4978c5bb7295400e15bebf9881bc4db7866592bc59ffa2f62511214a10f68804?s=96&d=mm&r=g","caption":"Alban Lavy"},"sameAs":["http:\/\/bale.ch\/administration\/zeitung\/albanlavy\/"],"url":"https:\/\/bale.ch\/journal\/author\/lavy\/"}]}},"_links":{"self":[{"href":"https:\/\/bale.ch\/journal\/wp-json\/wp\/v2\/posts\/1138","targetHints":{"allow":["GET"]}}],"collection":[{"href":"https:\/\/bale.ch\/journal\/wp-json\/wp\/v2\/posts"}],"about":[{"href":"https:\/\/bale.ch\/journal\/wp-json\/wp\/v2\/types\/post"}],"author":[{"embeddable":true,"href":"https:\/\/bale.ch\/journal\/wp-json\/wp\/v2\/users\/3"}],"replies":[{"embeddable":true,"href":"https:\/\/bale.ch\/journal\/wp-json\/wp\/v2\/comments?post=1138"}],"version-history":[{"count":18,"href":"https:\/\/bale.ch\/journal\/wp-json\/wp\/v2\/posts\/1138\/revisions"}],"predecessor-version":[{"id":2989,"href":"https:\/\/bale.ch\/journal\/wp-json\/wp\/v2\/posts\/1138\/revisions\/2989"}],"wp:featuredmedia":[{"embeddable":true,"href":"https:\/\/bale.ch\/journal\/wp-json\/wp\/v2\/media\/2931"}],"wp:attachment":[{"href":"https:\/\/bale.ch\/journal\/wp-json\/wp\/v2\/media?parent=1138"}],"wp:term":[{"taxonomy":"category","embeddable":true,"href":"https:\/\/bale.ch\/journal\/wp-json\/wp\/v2\/categories?post=1138"},{"taxonomy":"post_tag","embeddable":true,"href":"https:\/\/bale.ch\/journal\/wp-json\/wp\/v2\/tags?post=1138"}],"curies":[{"name":"wp","href":"https:\/\/api.w.org\/{rel}","templated":true}]}}