{"id":115,"date":"2015-06-22T20:46:08","date_gmt":"2015-06-22T20:46:08","guid":{"rendered":"http:\/\/bale.ch\/journal\/?p=115"},"modified":"2015-10-26T20:50:36","modified_gmt":"2015-10-26T20:50:36","slug":"bd-etoile-annemasse","status":"publish","type":"post","link":"https:\/\/bale.ch\/journal\/bd-etoile-annemasse\/","title":{"rendered":"Une bande dessin\u00e9e pour d\u00e9couvrir le quartier \u00c9toile Annemasse-Gen\u00e8ve"},"content":{"rendered":"<div style=\"left: 368.92px; top: 418.014px; font-size: 20px; font-family: serif;\" data-canvas-width=\"517.1379999999997\">Red\u00e9couvrir l\u2019histoire du quartier \u00c9toile Annemasse Gen\u00e8ve \u00e0 travers la bande dessin\u00e9e Racines cr\u00e9\u00e9e par le sc\u00e9nariste Fabrice Ravier, avec la participation de trois dessinateurs des <a href=\"https:\/\/fr.wikipedia.org\/wiki\/%C3%89ditions_Paquet\" target=\"_blank\">\u00c9ditions Paquet,<\/a> Tony Sandoval, Samuel Epi\u00e9 et Serge Annequin et la collaboration des habitants et des \u00e9l\u00e8ves de 3e du coll\u00e8ge Paul Langevin \u00e0 Annemasse.<br \/>\n<!--more--><\/p>\n<div style=\"left: 510.231px; top: 507.632px; font-size: 15px; font-family: serif;\" data-canvas-width=\"395.54999999999995\">\n<p>L\u2019op\u00e9ration d\u2019am\u00e9nagement Etoile Annemasse-Gen\u00e8ve est un projet d\u2019\u00e9coquartier de 19 hectares port\u00e9 par Annemasse Agglo, situ\u00e9 sur les communes d\u2019Ambilly, d\u2019Annemasse et de Ville-la-Grand. Il s\u2019agit d\u2019un projet de d\u00e9veloppement strat\u00e9gique envisag\u00e9 autour de la gare qui sera prochainement connect\u00e9e \u00e0 l\u2019ensemble du r\u00e9seau de transports en commun (dont CEVA, aujourd&rsquo;hui appel\u00e9 <a href=\"index.php\/component\/k2\/item\/20-le-reseau-express-ferroviaire-franco-valdo-genevois-s-appelle-leman-express\" target=\"_blank\"><span style=\"text-decoration: underline;\">L\u00e9man Express<\/span><\/a>) et modes doux de l\u2019agglom\u00e9ration.<\/p>\n<div style=\"left: 510.236px; top: 663px; font-size: 15px; font-family: serif;\" data-canvas-width=\"401.64149999999995\">Annemasse Agglo a choisi d\u2019impliquer la population par la collecte de m\u00e9moires sur ce quartier avant qu\u2019il ne se transforme. Le support de la bande dessin\u00e9e permettait<\/div>\n<div style=\"left: 510.236px; top: 921.39px; font-size: 15px; font-family: serif;\" data-canvas-width=\"352.5600000000001\">\n<p>une approche ludique tout en offrant une vision de ce que pourra \u00eatre ce nouvel espace dans l\u2019avenir. Une quarantaine d\u2019habitants a travaill\u00e9 avec Fabrice Ravier \u2013 sc\u00e9nariste \u2013 donnant vie \u00e0 trois histoires, se d\u00e9roulant \u00e0 trois \u00e9poques. Leurs souvenirs, anecdotes et id\u00e9es ont nourri son travail jusqu\u2019\u00e0 obtenir ces histoires originales ancr\u00e9es dans ce territoire. \u00bb Album publi\u00e9 en 2 versions: une version avec une couverture de Tony Sandoval, r\u00e9serv\u00e9s \u00e0 Annemasse Agglo et aux partenaires du projet, et une autre avec une couverture de Samuel \u00c9pi\u00e9, r\u00e9serv\u00e9s \u00e0 la vente via la librairie sp\u00e9cialis\u00e9e BD ComicStore \u00e0 Annemasse. Une BD \u201cutile\u201d assez r\u00e9ussie.<\/p>\n<\/div>\n<\/div>\n<\/div>\n<p>&nbsp;<\/p>\n<div id=\"crieu-3222821794\" class=\"crieu-apres-le-contenu crieu-entity-placement\" style=\"margin-left: auto;margin-right: auto;text-align: center;\"><script async src=\"\/\/pagead2.googlesyndication.com\/pagead\/js\/adsbygoogle.js?client=ca-pub-5271584769416742\" crossorigin=\"anonymous\"><\/script><ins class=\"adsbygoogle\" style=\"display:block;\" data-ad-client=\"ca-pub-5271584769416742\" \ndata-ad-slot=\"9321250718\" \ndata-ad-format=\"auto\"><\/ins>\n<script> \n(adsbygoogle = window.adsbygoogle || []).push({}); \n<\/script>\n<\/div>","protected":false},"excerpt":{"rendered":"<p>Red\u00e9couvrir l\u2019histoire du quartier \u00c9toile Annemasse Gen\u00e8ve \u00e0 travers la bande dessin\u00e9e Racines cr\u00e9\u00e9e par le sc\u00e9nariste Fabrice Ravier, avec la participation de trois dessinateurs des \u00c9ditions Paquet, Tony Sandoval, <a href=\"https:\/\/bale.ch\/journal\/bd-etoile-annemasse\/\" class=\"read-more button-fancy -red\"><span class=\"btn-arrow\"><\/span><span class=\"twp-read-more text\">Continuer la lecture<\/span><\/a><\/p>\n","protected":false},"author":2,"featured_media":116,"comment_status":"closed","ping_status":"closed","sticky":false,"template":"","format":"standard","meta":{"footnotes":""},"categories":[4],"tags":[33,20],"class_list":["post-115","post","type-post","status-publish","format-standard","has-post-thumbnail","hentry","category-grand-geneve","tag-annemasse","tag-bande-dessinee"],"yoast_head":"<!-- This site is optimized with the Yoast SEO plugin v28.3 - https:\/\/yoast.com\/product\/yoast-seo-wordpress\/ -->\n<title>Une bande dessin\u00e9e pour d\u00e9couvrir le quartier \u00c9toile Annemasse-Gen\u00e8ve - Journal de B\u00e2le et Gen\u00e8ve<\/title>\n<meta name=\"robots\" content=\"index, follow, max-snippet:-1, max-image-preview:large, max-video-preview:-1\" \/>\n<link rel=\"canonical\" href=\"https:\/\/bale.ch\/journal\/bd-etoile-annemasse\/\" \/>\n<meta property=\"og:locale\" content=\"fr_FR\" \/>\n<meta property=\"og:type\" content=\"article\" \/>\n<meta property=\"og:title\" content=\"Une bande dessin\u00e9e pour d\u00e9couvrir le quartier \u00c9toile Annemasse-Gen\u00e8ve - Journal de B\u00e2le et Gen\u00e8ve\" \/>\n<meta property=\"og:description\" content=\"Red\u00e9couvrir l\u2019histoire du quartier \u00c9toile Annemasse Gen\u00e8ve \u00e0 travers la bande dessin\u00e9e Racines cr\u00e9\u00e9e par le sc\u00e9nariste Fabrice Ravier, avec la participation de trois dessinateurs des \u00c9ditions Paquet, Tony Sandoval, Continuer la lecture\" \/>\n<meta property=\"og:url\" content=\"https:\/\/bale.ch\/journal\/bd-etoile-annemasse\/\" \/>\n<meta property=\"og:site_name\" content=\"Journal de B\u00e2le et Gen\u00e8ve\" \/>\n<meta property=\"article:published_time\" content=\"2015-06-22T20:46:08+00:00\" \/>\n<meta property=\"article:modified_time\" content=\"2015-10-26T20:50:36+00:00\" \/>\n<meta property=\"og:image\" content=\"https:\/\/bale.ch\/journal\/wp-content\/uploads\/2015\/10\/bd_etoile_annemasse.jpg\" \/>\n\t<meta property=\"og:image:width\" content=\"600\" \/>\n\t<meta property=\"og:image:height\" content=\"519\" \/>\n\t<meta property=\"og:image:type\" content=\"image\/jpeg\" \/>\n<meta name=\"author\" content=\"La R\u00e9daction\" \/>\n<meta name=\"twitter:card\" content=\"summary_large_image\" \/>\n<meta name=\"twitter:label1\" content=\"\u00c9crit par\" \/>\n\t<meta name=\"twitter:data1\" content=\"La R\u00e9daction\" \/>\n\t<meta name=\"twitter:label2\" content=\"Dur\u00e9e de lecture estim\u00e9e\" \/>\n\t<meta name=\"twitter:data2\" content=\"1 minute\" \/>\n<script type=\"application\/ld+json\" class=\"yoast-schema-graph\">{\"@context\":\"https:\\\/\\\/schema.org\",\"@graph\":[{\"@type\":\"Article\",\"@id\":\"https:\\\/\\\/bale.ch\\\/journal\\\/bd-etoile-annemasse\\\/#article\",\"isPartOf\":{\"@id\":\"https:\\\/\\\/bale.ch\\\/journal\\\/bd-etoile-annemasse\\\/\"},\"author\":{\"name\":\"La R\u00e9daction\",\"@id\":\"https:\\\/\\\/bale.ch\\\/journal\\\/#\\\/schema\\\/person\\\/03ced978db3b7a5274c5cef003f352f5\"},\"headline\":\"Une bande dessin\u00e9e pour d\u00e9couvrir le quartier \u00c9toile Annemasse-Gen\u00e8ve\",\"datePublished\":\"2015-06-22T20:46:08+00:00\",\"dateModified\":\"2015-10-26T20:50:36+00:00\",\"mainEntityOfPage\":{\"@id\":\"https:\\\/\\\/bale.ch\\\/journal\\\/bd-etoile-annemasse\\\/\"},\"wordCount\":287,\"publisher\":{\"@id\":\"https:\\\/\\\/bale.ch\\\/journal\\\/#organization\"},\"image\":{\"@id\":\"https:\\\/\\\/bale.ch\\\/journal\\\/bd-etoile-annemasse\\\/#primaryimage\"},\"thumbnailUrl\":\"https:\\\/\\\/bale.ch\\\/journal\\\/wp-content\\\/uploads\\\/2015\\\/10\\\/bd_etoile_annemasse.jpg\",\"keywords\":[\"Annemasse\",\"bande dessin\u00e9e\"],\"articleSection\":[\"Grand Gen\u00e8ve\"],\"inLanguage\":\"fr-FR\"},{\"@type\":\"WebPage\",\"@id\":\"https:\\\/\\\/bale.ch\\\/journal\\\/bd-etoile-annemasse\\\/\",\"url\":\"https:\\\/\\\/bale.ch\\\/journal\\\/bd-etoile-annemasse\\\/\",\"name\":\"Une bande dessin\u00e9e pour d\u00e9couvrir le quartier \u00c9toile Annemasse-Gen\u00e8ve - Journal de B\u00e2le et Gen\u00e8ve\",\"isPartOf\":{\"@id\":\"https:\\\/\\\/bale.ch\\\/journal\\\/#website\"},\"primaryImageOfPage\":{\"@id\":\"https:\\\/\\\/bale.ch\\\/journal\\\/bd-etoile-annemasse\\\/#primaryimage\"},\"image\":{\"@id\":\"https:\\\/\\\/bale.ch\\\/journal\\\/bd-etoile-annemasse\\\/#primaryimage\"},\"thumbnailUrl\":\"https:\\\/\\\/bale.ch\\\/journal\\\/wp-content\\\/uploads\\\/2015\\\/10\\\/bd_etoile_annemasse.jpg\",\"datePublished\":\"2015-06-22T20:46:08+00:00\",\"dateModified\":\"2015-10-26T20:50:36+00:00\",\"breadcrumb\":{\"@id\":\"https:\\\/\\\/bale.ch\\\/journal\\\/bd-etoile-annemasse\\\/#breadcrumb\"},\"inLanguage\":\"fr-FR\",\"potentialAction\":[{\"@type\":\"ReadAction\",\"target\":[\"https:\\\/\\\/bale.ch\\\/journal\\\/bd-etoile-annemasse\\\/\"]}]},{\"@type\":\"ImageObject\",\"inLanguage\":\"fr-FR\",\"@id\":\"https:\\\/\\\/bale.ch\\\/journal\\\/bd-etoile-annemasse\\\/#primaryimage\",\"url\":\"https:\\\/\\\/bale.ch\\\/journal\\\/wp-content\\\/uploads\\\/2015\\\/10\\\/bd_etoile_annemasse.jpg\",\"contentUrl\":\"https:\\\/\\\/bale.ch\\\/journal\\\/wp-content\\\/uploads\\\/2015\\\/10\\\/bd_etoile_annemasse.jpg\",\"width\":600,\"height\":519},{\"@type\":\"BreadcrumbList\",\"@id\":\"https:\\\/\\\/bale.ch\\\/journal\\\/bd-etoile-annemasse\\\/#breadcrumb\",\"itemListElement\":[{\"@type\":\"ListItem\",\"position\":1,\"name\":\"Accueil\",\"item\":\"https:\\\/\\\/bale.ch\\\/journal\\\/\"},{\"@type\":\"ListItem\",\"position\":2,\"name\":\"Une bande dessin\u00e9e pour d\u00e9couvrir le quartier \u00c9toile Annemasse-Gen\u00e8ve\"}]},{\"@type\":\"WebSite\",\"@id\":\"https:\\\/\\\/bale.ch\\\/journal\\\/#website\",\"url\":\"https:\\\/\\\/bale.ch\\\/journal\\\/\",\"name\":\"Journal de B\u00e2le et Gen\u00e8ve\",\"description\":\"M\u00e9dia transfrontalier d&#039;actualit\u00e9s - News\",\"publisher\":{\"@id\":\"https:\\\/\\\/bale.ch\\\/journal\\\/#organization\"},\"potentialAction\":[{\"@type\":\"SearchAction\",\"target\":{\"@type\":\"EntryPoint\",\"urlTemplate\":\"https:\\\/\\\/bale.ch\\\/journal\\\/?s={search_term_string}\"},\"query-input\":{\"@type\":\"PropertyValueSpecification\",\"valueRequired\":true,\"valueName\":\"search_term_string\"}}],\"inLanguage\":\"fr-FR\"},{\"@type\":\"Organization\",\"@id\":\"https:\\\/\\\/bale.ch\\\/journal\\\/#organization\",\"name\":\"Journal de B\u00e2le et Gen\u00e8ve\",\"url\":\"https:\\\/\\\/bale.ch\\\/journal\\\/\",\"logo\":{\"@type\":\"ImageObject\",\"inLanguage\":\"fr-FR\",\"@id\":\"https:\\\/\\\/bale.ch\\\/journal\\\/#\\\/schema\\\/logo\\\/image\\\/\",\"url\":\"https:\\\/\\\/bale.ch\\\/journal\\\/wp-content\\\/uploads\\\/2023\\\/07\\\/journaldebale_logo_2023_nb.png\",\"contentUrl\":\"https:\\\/\\\/bale.ch\\\/journal\\\/wp-content\\\/uploads\\\/2023\\\/07\\\/journaldebale_logo_2023_nb.png\",\"width\":371,\"height\":127,\"caption\":\"Journal de B\u00e2le et Gen\u00e8ve\"},\"image\":{\"@id\":\"https:\\\/\\\/bale.ch\\\/journal\\\/#\\\/schema\\\/logo\\\/image\\\/\"}},{\"@type\":\"Person\",\"@id\":\"https:\\\/\\\/bale.ch\\\/journal\\\/#\\\/schema\\\/person\\\/03ced978db3b7a5274c5cef003f352f5\",\"name\":\"La R\u00e9daction\",\"image\":{\"@type\":\"ImageObject\",\"inLanguage\":\"fr-FR\",\"@id\":\"https:\\\/\\\/secure.gravatar.com\\\/avatar\\\/d1327e2ce8d2b860112f968a3f34686c9bdda7a463a1502cdd1070ac9d88cf1e?s=96&d=mm&r=g\",\"url\":\"https:\\\/\\\/secure.gravatar.com\\\/avatar\\\/d1327e2ce8d2b860112f968a3f34686c9bdda7a463a1502cdd1070ac9d88cf1e?s=96&d=mm&r=g\",\"contentUrl\":\"https:\\\/\\\/secure.gravatar.com\\\/avatar\\\/d1327e2ce8d2b860112f968a3f34686c9bdda7a463a1502cdd1070ac9d88cf1e?s=96&d=mm&r=g\",\"caption\":\"La R\u00e9daction\"},\"url\":\"https:\\\/\\\/bale.ch\\\/journal\\\/author\\\/laredaction\\\/\"}]}<\/script>\n<!-- \/ Yoast SEO plugin. -->","yoast_head_json":{"title":"Une bande dessin\u00e9e pour d\u00e9couvrir le quartier \u00c9toile Annemasse-Gen\u00e8ve - Journal de B\u00e2le et Gen\u00e8ve","robots":{"index":"index","follow":"follow","max-snippet":"max-snippet:-1","max-image-preview":"max-image-preview:large","max-video-preview":"max-video-preview:-1"},"canonical":"https:\/\/bale.ch\/journal\/bd-etoile-annemasse\/","og_locale":"fr_FR","og_type":"article","og_title":"Une bande dessin\u00e9e pour d\u00e9couvrir le quartier \u00c9toile Annemasse-Gen\u00e8ve - Journal de B\u00e2le et Gen\u00e8ve","og_description":"Red\u00e9couvrir l\u2019histoire du quartier \u00c9toile Annemasse Gen\u00e8ve \u00e0 travers la bande dessin\u00e9e Racines cr\u00e9\u00e9e par le sc\u00e9nariste Fabrice Ravier, avec la participation de trois dessinateurs des \u00c9ditions Paquet, Tony Sandoval, Continuer la lecture","og_url":"https:\/\/bale.ch\/journal\/bd-etoile-annemasse\/","og_site_name":"Journal de B\u00e2le et Gen\u00e8ve","article_published_time":"2015-06-22T20:46:08+00:00","article_modified_time":"2015-10-26T20:50:36+00:00","og_image":[{"width":600,"height":519,"url":"https:\/\/bale.ch\/journal\/wp-content\/uploads\/2015\/10\/bd_etoile_annemasse.jpg","type":"image\/jpeg"}],"author":"La R\u00e9daction","twitter_card":"summary_large_image","twitter_misc":{"\u00c9crit par":"La R\u00e9daction","Dur\u00e9e de lecture estim\u00e9e":"1 minute"},"schema":{"@context":"https:\/\/schema.org","@graph":[{"@type":"Article","@id":"https:\/\/bale.ch\/journal\/bd-etoile-annemasse\/#article","isPartOf":{"@id":"https:\/\/bale.ch\/journal\/bd-etoile-annemasse\/"},"author":{"name":"La R\u00e9daction","@id":"https:\/\/bale.ch\/journal\/#\/schema\/person\/03ced978db3b7a5274c5cef003f352f5"},"headline":"Une bande dessin\u00e9e pour d\u00e9couvrir le quartier \u00c9toile Annemasse-Gen\u00e8ve","datePublished":"2015-06-22T20:46:08+00:00","dateModified":"2015-10-26T20:50:36+00:00","mainEntityOfPage":{"@id":"https:\/\/bale.ch\/journal\/bd-etoile-annemasse\/"},"wordCount":287,"publisher":{"@id":"https:\/\/bale.ch\/journal\/#organization"},"image":{"@id":"https:\/\/bale.ch\/journal\/bd-etoile-annemasse\/#primaryimage"},"thumbnailUrl":"https:\/\/bale.ch\/journal\/wp-content\/uploads\/2015\/10\/bd_etoile_annemasse.jpg","keywords":["Annemasse","bande dessin\u00e9e"],"articleSection":["Grand Gen\u00e8ve"],"inLanguage":"fr-FR"},{"@type":"WebPage","@id":"https:\/\/bale.ch\/journal\/bd-etoile-annemasse\/","url":"https:\/\/bale.ch\/journal\/bd-etoile-annemasse\/","name":"Une bande dessin\u00e9e pour d\u00e9couvrir le quartier \u00c9toile Annemasse-Gen\u00e8ve - Journal de B\u00e2le et Gen\u00e8ve","isPartOf":{"@id":"https:\/\/bale.ch\/journal\/#website"},"primaryImageOfPage":{"@id":"https:\/\/bale.ch\/journal\/bd-etoile-annemasse\/#primaryimage"},"image":{"@id":"https:\/\/bale.ch\/journal\/bd-etoile-annemasse\/#primaryimage"},"thumbnailUrl":"https:\/\/bale.ch\/journal\/wp-content\/uploads\/2015\/10\/bd_etoile_annemasse.jpg","datePublished":"2015-06-22T20:46:08+00:00","dateModified":"2015-10-26T20:50:36+00:00","breadcrumb":{"@id":"https:\/\/bale.ch\/journal\/bd-etoile-annemasse\/#breadcrumb"},"inLanguage":"fr-FR","potentialAction":[{"@type":"ReadAction","target":["https:\/\/bale.ch\/journal\/bd-etoile-annemasse\/"]}]},{"@type":"ImageObject","inLanguage":"fr-FR","@id":"https:\/\/bale.ch\/journal\/bd-etoile-annemasse\/#primaryimage","url":"https:\/\/bale.ch\/journal\/wp-content\/uploads\/2015\/10\/bd_etoile_annemasse.jpg","contentUrl":"https:\/\/bale.ch\/journal\/wp-content\/uploads\/2015\/10\/bd_etoile_annemasse.jpg","width":600,"height":519},{"@type":"BreadcrumbList","@id":"https:\/\/bale.ch\/journal\/bd-etoile-annemasse\/#breadcrumb","itemListElement":[{"@type":"ListItem","position":1,"name":"Accueil","item":"https:\/\/bale.ch\/journal\/"},{"@type":"ListItem","position":2,"name":"Une bande dessin\u00e9e pour d\u00e9couvrir le quartier \u00c9toile Annemasse-Gen\u00e8ve"}]},{"@type":"WebSite","@id":"https:\/\/bale.ch\/journal\/#website","url":"https:\/\/bale.ch\/journal\/","name":"Journal de B\u00e2le et Gen\u00e8ve","description":"M\u00e9dia transfrontalier d&#039;actualit\u00e9s - News","publisher":{"@id":"https:\/\/bale.ch\/journal\/#organization"},"potentialAction":[{"@type":"SearchAction","target":{"@type":"EntryPoint","urlTemplate":"https:\/\/bale.ch\/journal\/?s={search_term_string}"},"query-input":{"@type":"PropertyValueSpecification","valueRequired":true,"valueName":"search_term_string"}}],"inLanguage":"fr-FR"},{"@type":"Organization","@id":"https:\/\/bale.ch\/journal\/#organization","name":"Journal de B\u00e2le et Gen\u00e8ve","url":"https:\/\/bale.ch\/journal\/","logo":{"@type":"ImageObject","inLanguage":"fr-FR","@id":"https:\/\/bale.ch\/journal\/#\/schema\/logo\/image\/","url":"https:\/\/bale.ch\/journal\/wp-content\/uploads\/2023\/07\/journaldebale_logo_2023_nb.png","contentUrl":"https:\/\/bale.ch\/journal\/wp-content\/uploads\/2023\/07\/journaldebale_logo_2023_nb.png","width":371,"height":127,"caption":"Journal de B\u00e2le et Gen\u00e8ve"},"image":{"@id":"https:\/\/bale.ch\/journal\/#\/schema\/logo\/image\/"}},{"@type":"Person","@id":"https:\/\/bale.ch\/journal\/#\/schema\/person\/03ced978db3b7a5274c5cef003f352f5","name":"La R\u00e9daction","image":{"@type":"ImageObject","inLanguage":"fr-FR","@id":"https:\/\/secure.gravatar.com\/avatar\/d1327e2ce8d2b860112f968a3f34686c9bdda7a463a1502cdd1070ac9d88cf1e?s=96&d=mm&r=g","url":"https:\/\/secure.gravatar.com\/avatar\/d1327e2ce8d2b860112f968a3f34686c9bdda7a463a1502cdd1070ac9d88cf1e?s=96&d=mm&r=g","contentUrl":"https:\/\/secure.gravatar.com\/avatar\/d1327e2ce8d2b860112f968a3f34686c9bdda7a463a1502cdd1070ac9d88cf1e?s=96&d=mm&r=g","caption":"La R\u00e9daction"},"url":"https:\/\/bale.ch\/journal\/author\/laredaction\/"}]}},"_links":{"self":[{"href":"https:\/\/bale.ch\/journal\/wp-json\/wp\/v2\/posts\/115","targetHints":{"allow":["GET"]}}],"collection":[{"href":"https:\/\/bale.ch\/journal\/wp-json\/wp\/v2\/posts"}],"about":[{"href":"https:\/\/bale.ch\/journal\/wp-json\/wp\/v2\/types\/post"}],"author":[{"embeddable":true,"href":"https:\/\/bale.ch\/journal\/wp-json\/wp\/v2\/users\/2"}],"replies":[{"embeddable":true,"href":"https:\/\/bale.ch\/journal\/wp-json\/wp\/v2\/comments?post=115"}],"version-history":[{"count":3,"href":"https:\/\/bale.ch\/journal\/wp-json\/wp\/v2\/posts\/115\/revisions"}],"predecessor-version":[{"id":119,"href":"https:\/\/bale.ch\/journal\/wp-json\/wp\/v2\/posts\/115\/revisions\/119"}],"wp:featuredmedia":[{"embeddable":true,"href":"https:\/\/bale.ch\/journal\/wp-json\/wp\/v2\/media\/116"}],"wp:attachment":[{"href":"https:\/\/bale.ch\/journal\/wp-json\/wp\/v2\/media?parent=115"}],"wp:term":[{"taxonomy":"category","embeddable":true,"href":"https:\/\/bale.ch\/journal\/wp-json\/wp\/v2\/categories?post=115"},{"taxonomy":"post_tag","embeddable":true,"href":"https:\/\/bale.ch\/journal\/wp-json\/wp\/v2\/tags?post=115"}],"curies":[{"name":"wp","href":"https:\/\/api.w.org\/{rel}","templated":true}]}}