{"id":1155,"date":"2018-09-13T12:09:35","date_gmt":"2018-09-13T12:09:35","guid":{"rendered":"http:\/\/bale.ch\/journal\/?p=1155"},"modified":"2018-12-24T21:58:27","modified_gmt":"2018-12-24T21:58:27","slug":"liaison-ferroviaire-euroairport-basel-flughafen","status":"publish","type":"post","link":"https:\/\/bale.ch\/journal\/liaison-ferroviaire-euroairport-basel-flughafen\/","title":{"rendered":"Liaison ferroviaire vers l&rsquo;a\u00e9roport de B\u00e2le: concertation"},"content":{"rendered":"<p><strong>La concertation sur le projet de Nouvelle liaison ferroviaire de l\u2019EuroAirport Basel-Mulhouse-Freiburg a \u00e9t\u00e9 ouverte aujourd\u2019hui 13 septembre 2018 \u00e0 l\u2019EuroAirport par une conf\u00e9rence de presse. Elle se tiendra jusqu\u2019au 12 octobre 2018. Les questions, avis et contributions du public qui seront recueillis au cours de la concertation permettront d\u2019enrichir la suite des \u00e9tudes et de finaliser le projet en vue de sa pr\u00e9sentation \u00e0 l\u2019enqu\u00eate publique en 2020.<\/strong><br \/>\n<!--more--><\/p>\n<p style=\"text-align: left;\">Cette concertation se tient en France, en Suisse et en Allemagne. Elle est conduite par les ma\u00eetres d\u2019ouvrage SNCF R\u00e9seau et l\u2019A\u00e9roport de B\u00e2le-Mulhouse, associ\u00e9s \u00e0 la R\u00e9gion Grand Est, autorit\u00e9 organisatrice des transports ferroviaires r\u00e9gionaux de voyageurs (TER) et des transports routiers non urbains et l\u2019Office F\u00e9d\u00e9ral des Transports (OFT), charg\u00e9 de mettre en \u0153uvre la politique suisse en mati\u00e8re de transports publics.<\/p>\n<p><img loading=\"lazy\" decoding=\"async\" class=\"alignnone size-full wp-image-1159\" src=\"https:\/\/bale.ch\/journal\/wp-content\/uploads\/2018\/09\/schema-de-desserte.jpg\" alt=\"\" width=\"1000\" height=\"752\" srcset=\"https:\/\/bale.ch\/journal\/wp-content\/uploads\/2018\/09\/schema-de-desserte.jpg 1000w, https:\/\/bale.ch\/journal\/wp-content\/uploads\/2018\/09\/schema-de-desserte-300x226.jpg 300w, https:\/\/bale.ch\/journal\/wp-content\/uploads\/2018\/09\/schema-de-desserte-768x578.jpg 768w\" sizes=\"auto, (max-width: 1000px) 100vw, 1000px\" \/><\/p>\n<h2 class=\"heading-two\">LE PROJET DE NOUVELLE LIAISON FERROVIAIRE DE L\u2019EUROAIRPORT<\/h2>\n<p>Le projet de nouvelle liaison ferroviaire est actuellement en cours d\u2019avancement pour une mise en service \u00e0 l\u2019horizon 2028.<\/p><div id=\"crieu-2741788107\" class=\"crieu-content crieu-entity-placement\"><script async src=\"\/\/pagead2.googlesyndication.com\/pagead\/js\/adsbygoogle.js?client=ca-pub-5271584769416742\" crossorigin=\"anonymous\"><\/script><ins class=\"adsbygoogle\" style=\"display:block;\" data-ad-client=\"ca-pub-5271584769416742\" \ndata-ad-slot=\"9321250718\" \ndata-ad-format=\"auto\"><\/ins>\n<script> \n(adsbygoogle = window.adsbygoogle || []).push({}); \n<\/script>\n<\/div>\n<p>Il a pour objectif de garantir une desserte rapide et performante de l\u2019EuroAirport, tous les jours depuis t\u00f4t le matin jusqu\u2019\u00e0 tard le soir.<\/p>\n<p>Par une d\u00e9claration d\u2019intention sign\u00e9e le 15 d\u00e9cembre 2017, la R\u00e9gion Grand Est, les Cantons de B\u00e2le-Campagne, B\u00e2le-Ville et Soleure ont confirm\u00e9 qu\u2019ils mettront en \u0153uvre l\u2019offre de desserte suivante \u00e0 l\u2019horizon de r\u00e9alisation du projet :<\/p>\n<ul class=\"normal\">\n<li>Strasbourg-Mulhouse-B\u00e2le (TER 200) : 2 trains par heure et par sens (toutes les demi-heures)<\/li>\n<li>Mulhouse-B\u00e2le-Liestal : 2 trains par heure et par sens (toutes les demi-heures)<\/li>\n<li>EuroAirport-B\u00e2le-Laufon : 2 trains par heure et par sens (toutes les demi-heures)<\/li>\n<\/ul>\n<p>Les correspondances vers et \u00e0 partir de ces villes permettront de desservir un vaste territoire trinational couvrant le sud du pays de Bade, le nord-ouest de la Suisse, l\u2019Alsace et le nord de la Franche-Comt\u00e9.<\/p>\n<p><iframe loading=\"lazy\" src=\"https:\/\/www.youtube.com\/embed\/HZANWuqv6HY?rel=0\" width=\"560\" height=\"315\" frameborder=\"0\" allowfullscreen=\"allowfullscreen\"><\/iframe><\/p>\n<p>Les am\u00e9nagements n\u00e9cessaires \u00e0 la mise en \u0153uvre de cette desserte, dont le co\u00fbt est estim\u00e9 \u00e0 250 millions d\u2019euros hors taxes aux conditions \u00e9conomiques de juin 2017, consistent en :<\/p>\n<ul class=\"normal\">\n<li>la construction de 6 km de voie ferroviaire nouvelle en d\u00e9rivation de la ligne existante Strasbourg-Mulhouse-B\u00e2le ;<\/li>\n<li>la cr\u00e9ation d\u2019une halte ferroviaire implant\u00e9e au contact imm\u00e9diat de l\u2019a\u00e9rogare.<\/li>\n<\/ul>\n<p>Pr\u00e8s de 25 000 personnes, passagers a\u00e9riens, visiteurs de l\u2019a\u00e9roport et salari\u00e9s de la plate-forme a\u00e9roportuaire, se rendent ou quittent chaque jour l\u2019EuroAirport. Le projet de Nouvelle liaison ferroviaire leur offrira un acc\u00e8s direct en train, rapide et fiable, permettant ainsi un report modal significatif de la route vers le rail.<\/p>\n<p>De plus, le projet permettra de connecter les r\u00e9seaux ferroviaires fran\u00e7ais et suisses et de faciliter les d\u00e9placements quotidiens des habitants.<\/p>\n<p>Le financement des \u00e9tudes actuelles est bas\u00e9 sur une cl\u00e9 de r\u00e9partition transfrontali\u00e8re :<\/p>\n<p><a href=\"https:\/\/bale.ch\/journal\/wp-content\/uploads\/2018\/09\/Kostenschluessel.jpg\"><img loading=\"lazy\" decoding=\"async\" class=\"alignnone size-full wp-image-1153\" src=\"https:\/\/bale.ch\/journal\/wp-content\/uploads\/2018\/09\/Kostenschluessel.jpg\" alt=\"\" width=\"620\" height=\"427\" srcset=\"https:\/\/bale.ch\/journal\/wp-content\/uploads\/2018\/09\/Kostenschluessel.jpg 620w, https:\/\/bale.ch\/journal\/wp-content\/uploads\/2018\/09\/Kostenschluessel-300x207.jpg 300w\" sizes=\"auto, (max-width: 620px) 100vw, 620px\" \/><\/a><\/p>\n<h2 class=\"heading-two\">LA CONCERTATION : UNE \u00c9TAPE ESSENTIELLE DANS LA CONCEPTION DU PROJET<\/h2>\n<p>L\u2019objet de la concertation est le projet de desserte directe en train de l\u2019EuroAirport.<\/p>\n<p>La concertation repr\u00e9sente une \u00e9tape essentielle dans l\u2019avancement et la conception du projet. \u00c0 la suite d\u2019un premier temps fort de concertation en 2013, bas\u00e9 sur les \u00e9tudes pr\u00e9liminaires, un nouveau temps fort est propos\u00e9 du 13 septembre au 12 octobre 2018. Il permet au public de s\u2019informer et de s\u2019exprimer sur les r\u00e9sultats des \u00e9tudes pr\u00e9alables \u00e0 l\u2019enqu\u00eate publique, engag\u00e9es depuis 2016 et actuellement en cours. En particulier, l\u2019\u00e9tude d\u2019impact environnemental n\u2019est pas finalis\u00e9e \u00e0 ce jour et peut encore \u00eatre enrichie des remarques, avis et suggestions du public.<\/p>\n<p>Un bilan de ce nouveau temps fort de concertation sera \u00e9tabli et rendu public courant du premier trimestre 2019.<\/p>\n<p>Les porteurs du projet souhaitent une association large de tous en France, en Suisse et en Allemagne (acteurs du territoire, \u00e9lus, habitants, passagers a\u00e9riens, entreprises et employ\u00e9s de la plate-forme a\u00e9roportuaire, usagers des transports\u2026) et des contributions et \u00e9changes nombreux pour am\u00e9liorer encore le projet.<\/p>\n<h2 class=\"heading-two\">DU 13 SEPTEMBRE AU 12 OCTOBRE 2018 : COMMENT PARTICIPER \u00c0 LA CONCERTATION ?<\/h2>\n<p><span class=\"eapbleu\"><em>La concertation se tient dans les deux langues fran\u00e7aise et allemande.<\/em><\/span><\/p>\n<p>EN VENANT \u00c9CHANGER AVEC NOUS LORS DES REUNIONS PUBLIQUES OUVERTES \u00c0 TOUS :<\/p>\n<ul class=\"normal\">\n<li>\u00e0 Saint-Louis (France) : lundi 17 septembre 2018 \u00e0 18h30 au Forum (1 place du Forum)<\/li>\n<li>\u00e0 B\u00e2le (Suisse) : mardi 18 septembre 2018 \u00e0 19h00 au Parterre Rialto (Birsigstrasse 45)<\/li>\n<li>\u00e0 Mulhouse (France) : mardi 25 septembre 2018 \u00e0 18h30 au Campus Fonderie-Universit\u00e9 de Haute-Alsace (16 rue de la Fonderie)<\/li>\n<li>\u00e0 L\u00f6rrach (Allemagne) : mardi 9 octobre 2018 \u00e0 18h30 au Landratsamt (Palmstrasse 3)<\/li>\n<\/ul>\n<p><span class=\"eapbleu\">EN S\u2019INFORMANT :<\/span><\/p>\n<ul class=\"normal\">\n<li>sur le site internet\u00a0<a class=\"link popup\" title=\"\" href=\"http:\/\/www.eapbyrail.org\/\">www.eapbyrail.org<\/a><\/li>\n<li>au travers de la vid\u00e9o de pr\u00e9sentation du projet et du dossier de concertation (\u00e9galement en ligne sur\u00a0<a class=\"link popup\" title=\"\" href=\"http:\/\/www.eapbyrail.org\/\">www.eapbyrail.org<\/a>)<\/li>\n<li>avec l\u2019application pour d\u00e9couvrir la future desserte :\u00a0<a class=\"link popup\" title=\"\" href=\"http:\/\/www.app.eapbyrail.org\/\">www.app.eapbyrail.org<\/a><\/li>\n<\/ul>\n<p><span class=\"eapbleu\">EN DONNANT SON AVIS :<\/span><\/p>\n<ul class=\"normal\">\n<li>directement en ligne sur\u00a0<a class=\"link popup\" title=\"\" href=\"http:\/\/www.eapbyrail.org\/\">www.eapbyrail.org<\/a><\/li>\n<li>par courriel :\u00a0<a class=\"link\" href=\"mailto:concertation@eapbyrail.org\">concertation@eapbyrail.org<\/a><\/li>\n<li>ou par courrier \u00e0 : \u00ab Concertation Nouvelle liaison ferroviaire EuroAirport \u00bb \u2013 SNCF R\u00e9seau \u2013 15 rue des Francs-Bourgeois \u2013 67082 Strasbourg<\/li>\n<\/ul>\n<p>Un atelier sur les usages de la halte et les d\u00e9placements sur le site sera \u00e9galement organis\u00e9 au cours de la concertation \u00e0 l\u2019attention des entreprises et des salari\u00e9s de la plate-forme a\u00e9roportuaire.<\/p>\n<p>(Tribune de B\u00e2le &#8211; Crieur.ch)<\/p>\n<div id=\"crieu-2256312538\" class=\"crieu-apres-le-contenu crieu-entity-placement\" style=\"margin-left: auto;margin-right: auto;text-align: center;\"><script async src=\"\/\/pagead2.googlesyndication.com\/pagead\/js\/adsbygoogle.js?client=ca-pub-5271584769416742\" crossorigin=\"anonymous\"><\/script><ins class=\"adsbygoogle\" style=\"display:block;\" data-ad-client=\"ca-pub-5271584769416742\" \ndata-ad-slot=\"9321250718\" \ndata-ad-format=\"auto\"><\/ins>\n<script> \n(adsbygoogle = window.adsbygoogle || []).push({}); \n<\/script>\n<\/div>","protected":false},"excerpt":{"rendered":"<p>La concertation sur le projet de Nouvelle liaison ferroviaire de l\u2019EuroAirport Basel-Mulhouse-Freiburg a \u00e9t\u00e9 ouverte aujourd\u2019hui 13 septembre 2018 \u00e0 l\u2019EuroAirport par une conf\u00e9rence de presse. Elle se tiendra jusqu\u2019au <a href=\"https:\/\/bale.ch\/journal\/liaison-ferroviaire-euroairport-basel-flughafen\/\" class=\"read-more button-fancy -red\"><span class=\"btn-arrow\"><\/span><span class=\"twp-read-more text\">Continuer la lecture<\/span><\/a><\/p>\n","protected":false},"author":2,"featured_media":1591,"comment_status":"closed","ping_status":"closed","sticky":false,"template":"","format":"standard","meta":{"footnotes":""},"categories":[103,7],"tags":[72,60,35],"class_list":["post-1155","post","type-post","status-publish","format-standard","has-post-thumbnail","hentry","category-actu","category-bale","tag-aeroport","tag-bale","tag-transports"],"yoast_head":"<!-- This site is optimized with the Yoast SEO plugin v28.3 - https:\/\/yoast.com\/product\/yoast-seo-wordpress\/ -->\n<title>Liaison ferroviaire vers l&#039;a\u00e9roport de B\u00e2le: concertation - Journal de B\u00e2le et Gen\u00e8ve<\/title>\n<meta name=\"robots\" content=\"index, follow, max-snippet:-1, max-image-preview:large, max-video-preview:-1\" \/>\n<link rel=\"canonical\" href=\"https:\/\/bale.ch\/journal\/liaison-ferroviaire-euroairport-basel-flughafen\/\" \/>\n<meta property=\"og:locale\" content=\"fr_FR\" \/>\n<meta property=\"og:type\" content=\"article\" \/>\n<meta property=\"og:title\" content=\"Liaison ferroviaire vers l&#039;a\u00e9roport de B\u00e2le: concertation - Journal de B\u00e2le et Gen\u00e8ve\" \/>\n<meta property=\"og:description\" content=\"La concertation sur le projet de Nouvelle liaison ferroviaire de l\u2019EuroAirport Basel-Mulhouse-Freiburg a \u00e9t\u00e9 ouverte aujourd\u2019hui 13 septembre 2018 \u00e0 l\u2019EuroAirport par une conf\u00e9rence de presse. Elle se tiendra jusqu\u2019au Continuer la lecture\" \/>\n<meta property=\"og:url\" content=\"https:\/\/bale.ch\/journal\/liaison-ferroviaire-euroairport-basel-flughafen\/\" \/>\n<meta property=\"og:site_name\" content=\"Journal de B\u00e2le et Gen\u00e8ve\" \/>\n<meta property=\"article:published_time\" content=\"2018-09-13T12:09:35+00:00\" \/>\n<meta property=\"article:modified_time\" content=\"2018-12-24T21:58:27+00:00\" \/>\n<meta property=\"og:image\" content=\"https:\/\/bale.ch\/journal\/wp-content\/uploads\/2018\/12\/train_euroairport-3842110.jpg\" \/>\n\t<meta property=\"og:image:width\" content=\"1200\" \/>\n\t<meta property=\"og:image:height\" content=\"675\" \/>\n\t<meta property=\"og:image:type\" content=\"image\/jpeg\" \/>\n<meta name=\"author\" content=\"La R\u00e9daction\" \/>\n<meta name=\"twitter:card\" content=\"summary_large_image\" \/>\n<meta name=\"twitter:label1\" content=\"\u00c9crit par\" \/>\n\t<meta name=\"twitter:data1\" content=\"La R\u00e9daction\" \/>\n\t<meta name=\"twitter:label2\" content=\"Dur\u00e9e de lecture estim\u00e9e\" \/>\n\t<meta name=\"twitter:data2\" content=\"4 minutes\" \/>\n<script type=\"application\/ld+json\" class=\"yoast-schema-graph\">{\"@context\":\"https:\\\/\\\/schema.org\",\"@graph\":[{\"@type\":\"Article\",\"@id\":\"https:\\\/\\\/bale.ch\\\/journal\\\/liaison-ferroviaire-euroairport-basel-flughafen\\\/#article\",\"isPartOf\":{\"@id\":\"https:\\\/\\\/bale.ch\\\/journal\\\/liaison-ferroviaire-euroairport-basel-flughafen\\\/\"},\"author\":{\"name\":\"La R\u00e9daction\",\"@id\":\"https:\\\/\\\/bale.ch\\\/journal\\\/#\\\/schema\\\/person\\\/03ced978db3b7a5274c5cef003f352f5\"},\"headline\":\"Liaison ferroviaire vers l&rsquo;a\u00e9roport de B\u00e2le: concertation\",\"datePublished\":\"2018-09-13T12:09:35+00:00\",\"dateModified\":\"2018-12-24T21:58:27+00:00\",\"mainEntityOfPage\":{\"@id\":\"https:\\\/\\\/bale.ch\\\/journal\\\/liaison-ferroviaire-euroairport-basel-flughafen\\\/\"},\"wordCount\":868,\"publisher\":{\"@id\":\"https:\\\/\\\/bale.ch\\\/journal\\\/#organization\"},\"image\":{\"@id\":\"https:\\\/\\\/bale.ch\\\/journal\\\/liaison-ferroviaire-euroairport-basel-flughafen\\\/#primaryimage\"},\"thumbnailUrl\":\"https:\\\/\\\/bale.ch\\\/journal\\\/wp-content\\\/uploads\\\/2018\\\/12\\\/train_euroairport-3842110.jpg\",\"keywords\":[\"A\u00e9roport\",\"B\u00e2le\",\"Transports\"],\"articleSection\":[\"Actualit\u00e9s\",\"B\u00e2le Trinationale\"],\"inLanguage\":\"fr-FR\"},{\"@type\":\"WebPage\",\"@id\":\"https:\\\/\\\/bale.ch\\\/journal\\\/liaison-ferroviaire-euroairport-basel-flughafen\\\/\",\"url\":\"https:\\\/\\\/bale.ch\\\/journal\\\/liaison-ferroviaire-euroairport-basel-flughafen\\\/\",\"name\":\"Liaison ferroviaire vers l'a\u00e9roport de B\u00e2le: concertation - Journal de B\u00e2le et Gen\u00e8ve\",\"isPartOf\":{\"@id\":\"https:\\\/\\\/bale.ch\\\/journal\\\/#website\"},\"primaryImageOfPage\":{\"@id\":\"https:\\\/\\\/bale.ch\\\/journal\\\/liaison-ferroviaire-euroairport-basel-flughafen\\\/#primaryimage\"},\"image\":{\"@id\":\"https:\\\/\\\/bale.ch\\\/journal\\\/liaison-ferroviaire-euroairport-basel-flughafen\\\/#primaryimage\"},\"thumbnailUrl\":\"https:\\\/\\\/bale.ch\\\/journal\\\/wp-content\\\/uploads\\\/2018\\\/12\\\/train_euroairport-3842110.jpg\",\"datePublished\":\"2018-09-13T12:09:35+00:00\",\"dateModified\":\"2018-12-24T21:58:27+00:00\",\"breadcrumb\":{\"@id\":\"https:\\\/\\\/bale.ch\\\/journal\\\/liaison-ferroviaire-euroairport-basel-flughafen\\\/#breadcrumb\"},\"inLanguage\":\"fr-FR\",\"potentialAction\":[{\"@type\":\"ReadAction\",\"target\":[\"https:\\\/\\\/bale.ch\\\/journal\\\/liaison-ferroviaire-euroairport-basel-flughafen\\\/\"]}]},{\"@type\":\"ImageObject\",\"inLanguage\":\"fr-FR\",\"@id\":\"https:\\\/\\\/bale.ch\\\/journal\\\/liaison-ferroviaire-euroairport-basel-flughafen\\\/#primaryimage\",\"url\":\"https:\\\/\\\/bale.ch\\\/journal\\\/wp-content\\\/uploads\\\/2018\\\/12\\\/train_euroairport-3842110.jpg\",\"contentUrl\":\"https:\\\/\\\/bale.ch\\\/journal\\\/wp-content\\\/uploads\\\/2018\\\/12\\\/train_euroairport-3842110.jpg\",\"width\":1200,\"height\":675},{\"@type\":\"BreadcrumbList\",\"@id\":\"https:\\\/\\\/bale.ch\\\/journal\\\/liaison-ferroviaire-euroairport-basel-flughafen\\\/#breadcrumb\",\"itemListElement\":[{\"@type\":\"ListItem\",\"position\":1,\"name\":\"Accueil\",\"item\":\"https:\\\/\\\/bale.ch\\\/journal\\\/\"},{\"@type\":\"ListItem\",\"position\":2,\"name\":\"Liaison ferroviaire vers l&rsquo;a\u00e9roport de B\u00e2le: concertation\"}]},{\"@type\":\"WebSite\",\"@id\":\"https:\\\/\\\/bale.ch\\\/journal\\\/#website\",\"url\":\"https:\\\/\\\/bale.ch\\\/journal\\\/\",\"name\":\"Journal de B\u00e2le et Gen\u00e8ve\",\"description\":\"M\u00e9dia transfrontalier d&#039;actualit\u00e9s - News\",\"publisher\":{\"@id\":\"https:\\\/\\\/bale.ch\\\/journal\\\/#organization\"},\"potentialAction\":[{\"@type\":\"SearchAction\",\"target\":{\"@type\":\"EntryPoint\",\"urlTemplate\":\"https:\\\/\\\/bale.ch\\\/journal\\\/?s={search_term_string}\"},\"query-input\":{\"@type\":\"PropertyValueSpecification\",\"valueRequired\":true,\"valueName\":\"search_term_string\"}}],\"inLanguage\":\"fr-FR\"},{\"@type\":\"Organization\",\"@id\":\"https:\\\/\\\/bale.ch\\\/journal\\\/#organization\",\"name\":\"Journal de B\u00e2le et Gen\u00e8ve\",\"url\":\"https:\\\/\\\/bale.ch\\\/journal\\\/\",\"logo\":{\"@type\":\"ImageObject\",\"inLanguage\":\"fr-FR\",\"@id\":\"https:\\\/\\\/bale.ch\\\/journal\\\/#\\\/schema\\\/logo\\\/image\\\/\",\"url\":\"https:\\\/\\\/bale.ch\\\/journal\\\/wp-content\\\/uploads\\\/2023\\\/07\\\/journaldebale_logo_2023_nb.png\",\"contentUrl\":\"https:\\\/\\\/bale.ch\\\/journal\\\/wp-content\\\/uploads\\\/2023\\\/07\\\/journaldebale_logo_2023_nb.png\",\"width\":371,\"height\":127,\"caption\":\"Journal de B\u00e2le et Gen\u00e8ve\"},\"image\":{\"@id\":\"https:\\\/\\\/bale.ch\\\/journal\\\/#\\\/schema\\\/logo\\\/image\\\/\"}},{\"@type\":\"Person\",\"@id\":\"https:\\\/\\\/bale.ch\\\/journal\\\/#\\\/schema\\\/person\\\/03ced978db3b7a5274c5cef003f352f5\",\"name\":\"La R\u00e9daction\",\"image\":{\"@type\":\"ImageObject\",\"inLanguage\":\"fr-FR\",\"@id\":\"https:\\\/\\\/secure.gravatar.com\\\/avatar\\\/d1327e2ce8d2b860112f968a3f34686c9bdda7a463a1502cdd1070ac9d88cf1e?s=96&d=mm&r=g\",\"url\":\"https:\\\/\\\/secure.gravatar.com\\\/avatar\\\/d1327e2ce8d2b860112f968a3f34686c9bdda7a463a1502cdd1070ac9d88cf1e?s=96&d=mm&r=g\",\"contentUrl\":\"https:\\\/\\\/secure.gravatar.com\\\/avatar\\\/d1327e2ce8d2b860112f968a3f34686c9bdda7a463a1502cdd1070ac9d88cf1e?s=96&d=mm&r=g\",\"caption\":\"La R\u00e9daction\"},\"url\":\"https:\\\/\\\/bale.ch\\\/journal\\\/author\\\/laredaction\\\/\"}]}<\/script>\n<!-- \/ Yoast SEO plugin. -->","yoast_head_json":{"title":"Liaison ferroviaire vers l'a\u00e9roport de B\u00e2le: concertation - Journal de B\u00e2le et Gen\u00e8ve","robots":{"index":"index","follow":"follow","max-snippet":"max-snippet:-1","max-image-preview":"max-image-preview:large","max-video-preview":"max-video-preview:-1"},"canonical":"https:\/\/bale.ch\/journal\/liaison-ferroviaire-euroairport-basel-flughafen\/","og_locale":"fr_FR","og_type":"article","og_title":"Liaison ferroviaire vers l'a\u00e9roport de B\u00e2le: concertation - Journal de B\u00e2le et Gen\u00e8ve","og_description":"La concertation sur le projet de Nouvelle liaison ferroviaire de l\u2019EuroAirport Basel-Mulhouse-Freiburg a \u00e9t\u00e9 ouverte aujourd\u2019hui 13 septembre 2018 \u00e0 l\u2019EuroAirport par une conf\u00e9rence de presse. Elle se tiendra jusqu\u2019au Continuer la lecture","og_url":"https:\/\/bale.ch\/journal\/liaison-ferroviaire-euroairport-basel-flughafen\/","og_site_name":"Journal de B\u00e2le et Gen\u00e8ve","article_published_time":"2018-09-13T12:09:35+00:00","article_modified_time":"2018-12-24T21:58:27+00:00","og_image":[{"width":1200,"height":675,"url":"https:\/\/bale.ch\/journal\/wp-content\/uploads\/2018\/12\/train_euroairport-3842110.jpg","type":"image\/jpeg"}],"author":"La R\u00e9daction","twitter_card":"summary_large_image","twitter_misc":{"\u00c9crit par":"La R\u00e9daction","Dur\u00e9e de lecture estim\u00e9e":"4 minutes"},"schema":{"@context":"https:\/\/schema.org","@graph":[{"@type":"Article","@id":"https:\/\/bale.ch\/journal\/liaison-ferroviaire-euroairport-basel-flughafen\/#article","isPartOf":{"@id":"https:\/\/bale.ch\/journal\/liaison-ferroviaire-euroairport-basel-flughafen\/"},"author":{"name":"La R\u00e9daction","@id":"https:\/\/bale.ch\/journal\/#\/schema\/person\/03ced978db3b7a5274c5cef003f352f5"},"headline":"Liaison ferroviaire vers l&rsquo;a\u00e9roport de B\u00e2le: concertation","datePublished":"2018-09-13T12:09:35+00:00","dateModified":"2018-12-24T21:58:27+00:00","mainEntityOfPage":{"@id":"https:\/\/bale.ch\/journal\/liaison-ferroviaire-euroairport-basel-flughafen\/"},"wordCount":868,"publisher":{"@id":"https:\/\/bale.ch\/journal\/#organization"},"image":{"@id":"https:\/\/bale.ch\/journal\/liaison-ferroviaire-euroairport-basel-flughafen\/#primaryimage"},"thumbnailUrl":"https:\/\/bale.ch\/journal\/wp-content\/uploads\/2018\/12\/train_euroairport-3842110.jpg","keywords":["A\u00e9roport","B\u00e2le","Transports"],"articleSection":["Actualit\u00e9s","B\u00e2le Trinationale"],"inLanguage":"fr-FR"},{"@type":"WebPage","@id":"https:\/\/bale.ch\/journal\/liaison-ferroviaire-euroairport-basel-flughafen\/","url":"https:\/\/bale.ch\/journal\/liaison-ferroviaire-euroairport-basel-flughafen\/","name":"Liaison ferroviaire vers l'a\u00e9roport de B\u00e2le: concertation - Journal de B\u00e2le et Gen\u00e8ve","isPartOf":{"@id":"https:\/\/bale.ch\/journal\/#website"},"primaryImageOfPage":{"@id":"https:\/\/bale.ch\/journal\/liaison-ferroviaire-euroairport-basel-flughafen\/#primaryimage"},"image":{"@id":"https:\/\/bale.ch\/journal\/liaison-ferroviaire-euroairport-basel-flughafen\/#primaryimage"},"thumbnailUrl":"https:\/\/bale.ch\/journal\/wp-content\/uploads\/2018\/12\/train_euroairport-3842110.jpg","datePublished":"2018-09-13T12:09:35+00:00","dateModified":"2018-12-24T21:58:27+00:00","breadcrumb":{"@id":"https:\/\/bale.ch\/journal\/liaison-ferroviaire-euroairport-basel-flughafen\/#breadcrumb"},"inLanguage":"fr-FR","potentialAction":[{"@type":"ReadAction","target":["https:\/\/bale.ch\/journal\/liaison-ferroviaire-euroairport-basel-flughafen\/"]}]},{"@type":"ImageObject","inLanguage":"fr-FR","@id":"https:\/\/bale.ch\/journal\/liaison-ferroviaire-euroairport-basel-flughafen\/#primaryimage","url":"https:\/\/bale.ch\/journal\/wp-content\/uploads\/2018\/12\/train_euroairport-3842110.jpg","contentUrl":"https:\/\/bale.ch\/journal\/wp-content\/uploads\/2018\/12\/train_euroairport-3842110.jpg","width":1200,"height":675},{"@type":"BreadcrumbList","@id":"https:\/\/bale.ch\/journal\/liaison-ferroviaire-euroairport-basel-flughafen\/#breadcrumb","itemListElement":[{"@type":"ListItem","position":1,"name":"Accueil","item":"https:\/\/bale.ch\/journal\/"},{"@type":"ListItem","position":2,"name":"Liaison ferroviaire vers l&rsquo;a\u00e9roport de B\u00e2le: concertation"}]},{"@type":"WebSite","@id":"https:\/\/bale.ch\/journal\/#website","url":"https:\/\/bale.ch\/journal\/","name":"Journal de B\u00e2le et Gen\u00e8ve","description":"M\u00e9dia transfrontalier d&#039;actualit\u00e9s - News","publisher":{"@id":"https:\/\/bale.ch\/journal\/#organization"},"potentialAction":[{"@type":"SearchAction","target":{"@type":"EntryPoint","urlTemplate":"https:\/\/bale.ch\/journal\/?s={search_term_string}"},"query-input":{"@type":"PropertyValueSpecification","valueRequired":true,"valueName":"search_term_string"}}],"inLanguage":"fr-FR"},{"@type":"Organization","@id":"https:\/\/bale.ch\/journal\/#organization","name":"Journal de B\u00e2le et Gen\u00e8ve","url":"https:\/\/bale.ch\/journal\/","logo":{"@type":"ImageObject","inLanguage":"fr-FR","@id":"https:\/\/bale.ch\/journal\/#\/schema\/logo\/image\/","url":"https:\/\/bale.ch\/journal\/wp-content\/uploads\/2023\/07\/journaldebale_logo_2023_nb.png","contentUrl":"https:\/\/bale.ch\/journal\/wp-content\/uploads\/2023\/07\/journaldebale_logo_2023_nb.png","width":371,"height":127,"caption":"Journal de B\u00e2le et Gen\u00e8ve"},"image":{"@id":"https:\/\/bale.ch\/journal\/#\/schema\/logo\/image\/"}},{"@type":"Person","@id":"https:\/\/bale.ch\/journal\/#\/schema\/person\/03ced978db3b7a5274c5cef003f352f5","name":"La R\u00e9daction","image":{"@type":"ImageObject","inLanguage":"fr-FR","@id":"https:\/\/secure.gravatar.com\/avatar\/d1327e2ce8d2b860112f968a3f34686c9bdda7a463a1502cdd1070ac9d88cf1e?s=96&d=mm&r=g","url":"https:\/\/secure.gravatar.com\/avatar\/d1327e2ce8d2b860112f968a3f34686c9bdda7a463a1502cdd1070ac9d88cf1e?s=96&d=mm&r=g","contentUrl":"https:\/\/secure.gravatar.com\/avatar\/d1327e2ce8d2b860112f968a3f34686c9bdda7a463a1502cdd1070ac9d88cf1e?s=96&d=mm&r=g","caption":"La R\u00e9daction"},"url":"https:\/\/bale.ch\/journal\/author\/laredaction\/"}]}},"_links":{"self":[{"href":"https:\/\/bale.ch\/journal\/wp-json\/wp\/v2\/posts\/1155","targetHints":{"allow":["GET"]}}],"collection":[{"href":"https:\/\/bale.ch\/journal\/wp-json\/wp\/v2\/posts"}],"about":[{"href":"https:\/\/bale.ch\/journal\/wp-json\/wp\/v2\/types\/post"}],"author":[{"embeddable":true,"href":"https:\/\/bale.ch\/journal\/wp-json\/wp\/v2\/users\/2"}],"replies":[{"embeddable":true,"href":"https:\/\/bale.ch\/journal\/wp-json\/wp\/v2\/comments?post=1155"}],"version-history":[{"count":10,"href":"https:\/\/bale.ch\/journal\/wp-json\/wp\/v2\/posts\/1155\/revisions"}],"predecessor-version":[{"id":1592,"href":"https:\/\/bale.ch\/journal\/wp-json\/wp\/v2\/posts\/1155\/revisions\/1592"}],"wp:featuredmedia":[{"embeddable":true,"href":"https:\/\/bale.ch\/journal\/wp-json\/wp\/v2\/media\/1591"}],"wp:attachment":[{"href":"https:\/\/bale.ch\/journal\/wp-json\/wp\/v2\/media?parent=1155"}],"wp:term":[{"taxonomy":"category","embeddable":true,"href":"https:\/\/bale.ch\/journal\/wp-json\/wp\/v2\/categories?post=1155"},{"taxonomy":"post_tag","embeddable":true,"href":"https:\/\/bale.ch\/journal\/wp-json\/wp\/v2\/tags?post=1155"}],"curies":[{"name":"wp","href":"https:\/\/api.w.org\/{rel}","templated":true}]}}