{"id":1161,"date":"2018-08-30T12:22:54","date_gmt":"2018-08-30T12:22:54","guid":{"rendered":"http:\/\/bale.ch\/journal\/?p=1161"},"modified":"2018-11-28T01:38:54","modified_gmt":"2018-11-28T01:38:54","slug":"exposition-euroairport","status":"publish","type":"post","link":"https:\/\/bale.ch\/journal\/exposition-euroairport\/","title":{"rendered":"Exposition sur l&rsquo;a\u00e9roport de B\u00e2le-Mulhouse: \u201cDes avions et des hommes\u201d"},"content":{"rendered":"<p class=\"heading-two\"><strong>Avec la rentr\u00e9e, une exposition au Forum de l\u2019H\u00f4tel de Ville de Saint-Louis retrace l\u2019histoire de l\u2019aviation en R\u00e9gion des Trois Pays et en particulier celle de l\u2019A\u00e9roport de B\u00e2le-Mulhouse depuis 1946.<\/strong><\/p>\n<p><!--more--><\/p>\n<div class=\"normal event-contents\">\n<p>Organis\u00e9e par la Soci\u00e9t\u00e9 d\u2019Histoire de Saint-Louis, sous la pr\u00e9sidence de Jocelyne Straumann, adjointe au maire de Saint-Louis, l\u2019exposition \u00ab Des avions et des hommes : destination EuroAirport \u00bb a \u00e9t\u00e9 con\u00e7ue par Andr\u00e9 Goepfert, pr\u00e9sident de l\u2019Association Trinationale pour la promotion du mus\u00e9e de l\u2019EuroAirport et de l\u2019aviation (ATPMEA), en collaboration avec l\u2019EuroAirport et les Archives municipales de la Ville de Saint-Louis.<\/p>\n<p>Cette exposition, qui a lieu du 3 au 22 septembre 2018 au Forum de l\u2019H\u00f4tel de Ville de Saint-Louis, est constitu\u00e9e par de nombreuses photographies, de documents et d\u2019objets a\u00e9ronautiques historiques \u00e9manant en partie de la collection du pionnier de l&rsquo;aviation suisse Werner von Arx, situ\u00e9e dans la Zone Nord de l\u2019EuroAirport.<\/p>\n<p>L\u2019exposition d\u00e9montre clairement que les pionniers de la future aviation vivaient d\u00e9j\u00e0 dans la r\u00e9gion des trois pays au 18\u00e8me si\u00e8cle. Ainsi, en 1738, le B\u00e2lois Daniel Bernoulli jetait les bases scientifiques de l\u2019hydrodynamique, lequel permet encore aujourd\u2019hui \u00e0 tous les avions d\u2019\u00eatre port\u00e9s par l\u2019air. En 1788, le Fran\u00e7ais Jean-Pierre Blanchard est le premier \u00e0 d\u00e9coller depuis B\u00e2le en ballon \u00e0 hydrog\u00e8ne, avant d&rsquo;atterrir vingt minutes plus tard &#8230; \u00e0 H\u00e9genheim !<\/p>\n<p>Mulhouse joue \u00e9galement un r\u00f4le de pionnier important avec la cr\u00e9ation en 1910 de la fabrique \u201cAviatik\u201d \u00e0 Bourtzwiller, dont le terrain d\u2019essai n&rsquo;est autre que l\u2019a\u00e9rodrome de Habsheim, toujours en fonction.\u00a0 Tel n\u2019est pas le cas du premier a\u00e9rodrome de B\u00e2le, ouvert en 1920 au \u201cSternenfeld\u201d\u00e0 Birsfelden, c\u00e9dant son site plus tard \u00e0 des installations portuaires.<\/p>\n<p>Suite au rejet de plusieurs projets alternatifs sur le territoire suisse, des n\u00e9gociations avec la France aboutissent en 1939 \u00e0 un projet sur la fronti\u00e8re entre Allschwil et Bourgfelden. Sa r\u00e9alisation est interrompue par la guerre, mais les n\u00e9gociations franco-suisses reprennent imm\u00e9diatement au lendemain des hostilit\u00e9s.<\/p>\n<p>Les avions \u00e9tant devenus toujours plus imposants, il est d\u00e9cid\u00e9 d\u2019implanter un a\u00e9roport plus au nord, op\u00e9rationnel en moins d\u2019un an avec d\u2019importants travaux de terrassement et de construction. C\u2019est le \u201cMiracle de Blotzheim\u201d en 1946.<\/p>\n<p>L\u2019exposition retrace, ann\u00e9e apr\u00e8s ann\u00e9e, le d\u00e9veloppement de l\u2019A\u00e9roport de B\u00e2le-Mulhouse, seul a\u00e9roport binational au monde, dont la marque commerciale \u2013 \u00ab EuroAirport Basel-Mulhouse-Freiburg \u00bb &#8211; fut cr\u00e9\u00e9e en 1987.\u00a0 A travers le prisme de personnalit\u00e9s fran\u00e7aises et suisses qui ont activement promu le d\u00e9veloppement de l\u2019A\u00e9roport, l\u2019exposition pr\u00e9sente \u00e9galement les compagnies a\u00e9riennes et les soci\u00e9t\u00e9s de services a\u00e9ronautiques qui ont permis \u00e0 l\u2019EuroAirport de devenir ce qu\u2019iI est aujourd\u2019hui.<\/p>\n<p><em>L\u2019exposition est ouverte au public au Forum de l\u2019H\u00f4tel de Ville de Saint-Louis (rez-de-chauss\u00e9e de la Mairie) du 3 au 22 septembre:<br \/>\nDu lundi au jeudi de 8h -12h et de 13h30 &#8211; 17h30<br \/>\nVendredi de 8h -12h et de 13h30 \u2013 17h00<br \/>\nSamedi 10h \u2013 12h<\/em><\/p>\n<p>Entr\u00e9e libre<\/p>\n<p>Ville de Saint-Louis \u2013\u00a0<a class=\"link popup\" title=\"\" href=\"http:\/\/www.saint-louis.fr\/\"><em>www.saint-louis.fr<\/em><\/a><\/p>\n<p>(Tribune de B\u00e2le &#8211; Crieur.ch)<\/p>\n<\/div>\n<div id=\"crieu-2816287525\" class=\"crieu-apres-le-contenu crieu-entity-placement\" style=\"margin-left: auto;margin-right: auto;text-align: center;\"><script async src=\"\/\/pagead2.googlesyndication.com\/pagead\/js\/adsbygoogle.js?client=ca-pub-5271584769416742\" crossorigin=\"anonymous\"><\/script><ins class=\"adsbygoogle\" style=\"display:block;\" data-ad-client=\"ca-pub-5271584769416742\" \ndata-ad-slot=\"9321250718\" \ndata-ad-format=\"auto\"><\/ins>\n<script> \n(adsbygoogle = window.adsbygoogle || []).push({}); \n<\/script>\n<\/div>","protected":false},"excerpt":{"rendered":"<p>Avec la rentr\u00e9e, une exposition au Forum de l\u2019H\u00f4tel de Ville de Saint-Louis retrace l\u2019histoire de l\u2019aviation en R\u00e9gion des Trois Pays et en particulier celle de l\u2019A\u00e9roport de B\u00e2le-Mulhouse <a href=\"https:\/\/bale.ch\/journal\/exposition-euroairport\/\" class=\"read-more button-fancy -red\"><span class=\"btn-arrow\"><\/span><span class=\"twp-read-more text\">Continuer la lecture<\/span><\/a><\/p>\n","protected":false},"author":2,"featured_media":1162,"comment_status":"closed","ping_status":"closed","sticky":false,"template":"","format":"standard","meta":{"footnotes":""},"categories":[103,39,7,18],"tags":[72,60],"class_list":["post-1161","post","type-post","status-publish","format-standard","has-post-thumbnail","hentry","category-actu","category-bale-decouverte","category-bale","category-sortir","tag-aeroport","tag-bale"],"yoast_head":"<!-- This site is optimized with the Yoast SEO plugin v28.3 - https:\/\/yoast.com\/product\/yoast-seo-wordpress\/ -->\n<title>Exposition sur l&#039;a\u00e9roport de B\u00e2le-Mulhouse: \u201cDes avions et des hommes\u201d - Journal de B\u00e2le et Gen\u00e8ve<\/title>\n<meta name=\"robots\" content=\"index, follow, max-snippet:-1, max-image-preview:large, max-video-preview:-1\" \/>\n<link rel=\"canonical\" href=\"https:\/\/bale.ch\/journal\/exposition-euroairport\/\" \/>\n<meta property=\"og:locale\" content=\"fr_FR\" \/>\n<meta property=\"og:type\" content=\"article\" \/>\n<meta property=\"og:title\" content=\"Exposition sur l&#039;a\u00e9roport de B\u00e2le-Mulhouse: \u201cDes avions et des hommes\u201d - Journal de B\u00e2le et Gen\u00e8ve\" \/>\n<meta property=\"og:description\" content=\"Avec la rentr\u00e9e, une exposition au Forum de l\u2019H\u00f4tel de Ville de Saint-Louis retrace l\u2019histoire de l\u2019aviation en R\u00e9gion des Trois Pays et en particulier celle de l\u2019A\u00e9roport de B\u00e2le-Mulhouse Continuer la lecture\" \/>\n<meta property=\"og:url\" content=\"https:\/\/bale.ch\/journal\/exposition-euroairport\/\" \/>\n<meta property=\"og:site_name\" content=\"Journal de B\u00e2le et Gen\u00e8ve\" \/>\n<meta property=\"article:published_time\" content=\"2018-08-30T12:22:54+00:00\" \/>\n<meta property=\"article:modified_time\" content=\"2018-11-28T01:38:54+00:00\" \/>\n<meta property=\"og:image\" content=\"https:\/\/bale.ch\/journal\/wp-content\/uploads\/2018\/09\/basel_Ausstellung.jpg\" \/>\n\t<meta property=\"og:image:width\" content=\"1026\" \/>\n\t<meta property=\"og:image:height\" content=\"693\" \/>\n\t<meta property=\"og:image:type\" content=\"image\/jpeg\" \/>\n<meta name=\"author\" content=\"La R\u00e9daction\" \/>\n<meta name=\"twitter:card\" content=\"summary_large_image\" \/>\n<meta name=\"twitter:label1\" content=\"\u00c9crit par\" \/>\n\t<meta name=\"twitter:data1\" content=\"La R\u00e9daction\" \/>\n\t<meta name=\"twitter:label2\" content=\"Dur\u00e9e de lecture estim\u00e9e\" \/>\n\t<meta name=\"twitter:data2\" content=\"3 minutes\" \/>\n<script type=\"application\/ld+json\" class=\"yoast-schema-graph\">{\"@context\":\"https:\\\/\\\/schema.org\",\"@graph\":[{\"@type\":\"Article\",\"@id\":\"https:\\\/\\\/bale.ch\\\/journal\\\/exposition-euroairport\\\/#article\",\"isPartOf\":{\"@id\":\"https:\\\/\\\/bale.ch\\\/journal\\\/exposition-euroairport\\\/\"},\"author\":{\"name\":\"La R\u00e9daction\",\"@id\":\"https:\\\/\\\/bale.ch\\\/journal\\\/#\\\/schema\\\/person\\\/03ced978db3b7a5274c5cef003f352f5\"},\"headline\":\"Exposition sur l&rsquo;a\u00e9roport de B\u00e2le-Mulhouse: \u201cDes avions et des hommes\u201d\",\"datePublished\":\"2018-08-30T12:22:54+00:00\",\"dateModified\":\"2018-11-28T01:38:54+00:00\",\"mainEntityOfPage\":{\"@id\":\"https:\\\/\\\/bale.ch\\\/journal\\\/exposition-euroairport\\\/\"},\"wordCount\":573,\"publisher\":{\"@id\":\"https:\\\/\\\/bale.ch\\\/journal\\\/#organization\"},\"image\":{\"@id\":\"https:\\\/\\\/bale.ch\\\/journal\\\/exposition-euroairport\\\/#primaryimage\"},\"thumbnailUrl\":\"https:\\\/\\\/bale.ch\\\/journal\\\/wp-content\\\/uploads\\\/2018\\\/09\\\/basel_Ausstellung.jpg\",\"keywords\":[\"A\u00e9roport\",\"B\u00e2le\"],\"articleSection\":[\"Actualit\u00e9s\",\"B\u00e2le D\u00e9couverte\",\"B\u00e2le Trinationale\",\"Sortir\"],\"inLanguage\":\"fr-FR\"},{\"@type\":\"WebPage\",\"@id\":\"https:\\\/\\\/bale.ch\\\/journal\\\/exposition-euroairport\\\/\",\"url\":\"https:\\\/\\\/bale.ch\\\/journal\\\/exposition-euroairport\\\/\",\"name\":\"Exposition sur l'a\u00e9roport de B\u00e2le-Mulhouse: \u201cDes avions et des hommes\u201d - Journal de B\u00e2le et Gen\u00e8ve\",\"isPartOf\":{\"@id\":\"https:\\\/\\\/bale.ch\\\/journal\\\/#website\"},\"primaryImageOfPage\":{\"@id\":\"https:\\\/\\\/bale.ch\\\/journal\\\/exposition-euroairport\\\/#primaryimage\"},\"image\":{\"@id\":\"https:\\\/\\\/bale.ch\\\/journal\\\/exposition-euroairport\\\/#primaryimage\"},\"thumbnailUrl\":\"https:\\\/\\\/bale.ch\\\/journal\\\/wp-content\\\/uploads\\\/2018\\\/09\\\/basel_Ausstellung.jpg\",\"datePublished\":\"2018-08-30T12:22:54+00:00\",\"dateModified\":\"2018-11-28T01:38:54+00:00\",\"breadcrumb\":{\"@id\":\"https:\\\/\\\/bale.ch\\\/journal\\\/exposition-euroairport\\\/#breadcrumb\"},\"inLanguage\":\"fr-FR\",\"potentialAction\":[{\"@type\":\"ReadAction\",\"target\":[\"https:\\\/\\\/bale.ch\\\/journal\\\/exposition-euroairport\\\/\"]}]},{\"@type\":\"ImageObject\",\"inLanguage\":\"fr-FR\",\"@id\":\"https:\\\/\\\/bale.ch\\\/journal\\\/exposition-euroairport\\\/#primaryimage\",\"url\":\"https:\\\/\\\/bale.ch\\\/journal\\\/wp-content\\\/uploads\\\/2018\\\/09\\\/basel_Ausstellung.jpg\",\"contentUrl\":\"https:\\\/\\\/bale.ch\\\/journal\\\/wp-content\\\/uploads\\\/2018\\\/09\\\/basel_Ausstellung.jpg\",\"width\":1026,\"height\":693},{\"@type\":\"BreadcrumbList\",\"@id\":\"https:\\\/\\\/bale.ch\\\/journal\\\/exposition-euroairport\\\/#breadcrumb\",\"itemListElement\":[{\"@type\":\"ListItem\",\"position\":1,\"name\":\"Accueil\",\"item\":\"https:\\\/\\\/bale.ch\\\/journal\\\/\"},{\"@type\":\"ListItem\",\"position\":2,\"name\":\"Exposition sur l&rsquo;a\u00e9roport de B\u00e2le-Mulhouse: \u201cDes avions et des hommes\u201d\"}]},{\"@type\":\"WebSite\",\"@id\":\"https:\\\/\\\/bale.ch\\\/journal\\\/#website\",\"url\":\"https:\\\/\\\/bale.ch\\\/journal\\\/\",\"name\":\"Journal de B\u00e2le et Gen\u00e8ve\",\"description\":\"M\u00e9dia transfrontalier d&#039;actualit\u00e9s - News\",\"publisher\":{\"@id\":\"https:\\\/\\\/bale.ch\\\/journal\\\/#organization\"},\"potentialAction\":[{\"@type\":\"SearchAction\",\"target\":{\"@type\":\"EntryPoint\",\"urlTemplate\":\"https:\\\/\\\/bale.ch\\\/journal\\\/?s={search_term_string}\"},\"query-input\":{\"@type\":\"PropertyValueSpecification\",\"valueRequired\":true,\"valueName\":\"search_term_string\"}}],\"inLanguage\":\"fr-FR\"},{\"@type\":\"Organization\",\"@id\":\"https:\\\/\\\/bale.ch\\\/journal\\\/#organization\",\"name\":\"Journal de B\u00e2le et Gen\u00e8ve\",\"url\":\"https:\\\/\\\/bale.ch\\\/journal\\\/\",\"logo\":{\"@type\":\"ImageObject\",\"inLanguage\":\"fr-FR\",\"@id\":\"https:\\\/\\\/bale.ch\\\/journal\\\/#\\\/schema\\\/logo\\\/image\\\/\",\"url\":\"https:\\\/\\\/bale.ch\\\/journal\\\/wp-content\\\/uploads\\\/2023\\\/07\\\/journaldebale_logo_2023_nb.png\",\"contentUrl\":\"https:\\\/\\\/bale.ch\\\/journal\\\/wp-content\\\/uploads\\\/2023\\\/07\\\/journaldebale_logo_2023_nb.png\",\"width\":371,\"height\":127,\"caption\":\"Journal de B\u00e2le et Gen\u00e8ve\"},\"image\":{\"@id\":\"https:\\\/\\\/bale.ch\\\/journal\\\/#\\\/schema\\\/logo\\\/image\\\/\"}},{\"@type\":\"Person\",\"@id\":\"https:\\\/\\\/bale.ch\\\/journal\\\/#\\\/schema\\\/person\\\/03ced978db3b7a5274c5cef003f352f5\",\"name\":\"La R\u00e9daction\",\"image\":{\"@type\":\"ImageObject\",\"inLanguage\":\"fr-FR\",\"@id\":\"https:\\\/\\\/secure.gravatar.com\\\/avatar\\\/d1327e2ce8d2b860112f968a3f34686c9bdda7a463a1502cdd1070ac9d88cf1e?s=96&d=mm&r=g\",\"url\":\"https:\\\/\\\/secure.gravatar.com\\\/avatar\\\/d1327e2ce8d2b860112f968a3f34686c9bdda7a463a1502cdd1070ac9d88cf1e?s=96&d=mm&r=g\",\"contentUrl\":\"https:\\\/\\\/secure.gravatar.com\\\/avatar\\\/d1327e2ce8d2b860112f968a3f34686c9bdda7a463a1502cdd1070ac9d88cf1e?s=96&d=mm&r=g\",\"caption\":\"La R\u00e9daction\"},\"url\":\"https:\\\/\\\/bale.ch\\\/journal\\\/author\\\/laredaction\\\/\"}]}<\/script>\n<!-- \/ Yoast SEO plugin. -->","yoast_head_json":{"title":"Exposition sur l'a\u00e9roport de B\u00e2le-Mulhouse: \u201cDes avions et des hommes\u201d - Journal de B\u00e2le et Gen\u00e8ve","robots":{"index":"index","follow":"follow","max-snippet":"max-snippet:-1","max-image-preview":"max-image-preview:large","max-video-preview":"max-video-preview:-1"},"canonical":"https:\/\/bale.ch\/journal\/exposition-euroairport\/","og_locale":"fr_FR","og_type":"article","og_title":"Exposition sur l'a\u00e9roport de B\u00e2le-Mulhouse: \u201cDes avions et des hommes\u201d - Journal de B\u00e2le et Gen\u00e8ve","og_description":"Avec la rentr\u00e9e, une exposition au Forum de l\u2019H\u00f4tel de Ville de Saint-Louis retrace l\u2019histoire de l\u2019aviation en R\u00e9gion des Trois Pays et en particulier celle de l\u2019A\u00e9roport de B\u00e2le-Mulhouse Continuer la lecture","og_url":"https:\/\/bale.ch\/journal\/exposition-euroairport\/","og_site_name":"Journal de B\u00e2le et Gen\u00e8ve","article_published_time":"2018-08-30T12:22:54+00:00","article_modified_time":"2018-11-28T01:38:54+00:00","og_image":[{"width":1026,"height":693,"url":"https:\/\/bale.ch\/journal\/wp-content\/uploads\/2018\/09\/basel_Ausstellung.jpg","type":"image\/jpeg"}],"author":"La R\u00e9daction","twitter_card":"summary_large_image","twitter_misc":{"\u00c9crit par":"La R\u00e9daction","Dur\u00e9e de lecture estim\u00e9e":"3 minutes"},"schema":{"@context":"https:\/\/schema.org","@graph":[{"@type":"Article","@id":"https:\/\/bale.ch\/journal\/exposition-euroairport\/#article","isPartOf":{"@id":"https:\/\/bale.ch\/journal\/exposition-euroairport\/"},"author":{"name":"La R\u00e9daction","@id":"https:\/\/bale.ch\/journal\/#\/schema\/person\/03ced978db3b7a5274c5cef003f352f5"},"headline":"Exposition sur l&rsquo;a\u00e9roport de B\u00e2le-Mulhouse: \u201cDes avions et des hommes\u201d","datePublished":"2018-08-30T12:22:54+00:00","dateModified":"2018-11-28T01:38:54+00:00","mainEntityOfPage":{"@id":"https:\/\/bale.ch\/journal\/exposition-euroairport\/"},"wordCount":573,"publisher":{"@id":"https:\/\/bale.ch\/journal\/#organization"},"image":{"@id":"https:\/\/bale.ch\/journal\/exposition-euroairport\/#primaryimage"},"thumbnailUrl":"https:\/\/bale.ch\/journal\/wp-content\/uploads\/2018\/09\/basel_Ausstellung.jpg","keywords":["A\u00e9roport","B\u00e2le"],"articleSection":["Actualit\u00e9s","B\u00e2le D\u00e9couverte","B\u00e2le Trinationale","Sortir"],"inLanguage":"fr-FR"},{"@type":"WebPage","@id":"https:\/\/bale.ch\/journal\/exposition-euroairport\/","url":"https:\/\/bale.ch\/journal\/exposition-euroairport\/","name":"Exposition sur l'a\u00e9roport de B\u00e2le-Mulhouse: \u201cDes avions et des hommes\u201d - Journal de B\u00e2le et Gen\u00e8ve","isPartOf":{"@id":"https:\/\/bale.ch\/journal\/#website"},"primaryImageOfPage":{"@id":"https:\/\/bale.ch\/journal\/exposition-euroairport\/#primaryimage"},"image":{"@id":"https:\/\/bale.ch\/journal\/exposition-euroairport\/#primaryimage"},"thumbnailUrl":"https:\/\/bale.ch\/journal\/wp-content\/uploads\/2018\/09\/basel_Ausstellung.jpg","datePublished":"2018-08-30T12:22:54+00:00","dateModified":"2018-11-28T01:38:54+00:00","breadcrumb":{"@id":"https:\/\/bale.ch\/journal\/exposition-euroairport\/#breadcrumb"},"inLanguage":"fr-FR","potentialAction":[{"@type":"ReadAction","target":["https:\/\/bale.ch\/journal\/exposition-euroairport\/"]}]},{"@type":"ImageObject","inLanguage":"fr-FR","@id":"https:\/\/bale.ch\/journal\/exposition-euroairport\/#primaryimage","url":"https:\/\/bale.ch\/journal\/wp-content\/uploads\/2018\/09\/basel_Ausstellung.jpg","contentUrl":"https:\/\/bale.ch\/journal\/wp-content\/uploads\/2018\/09\/basel_Ausstellung.jpg","width":1026,"height":693},{"@type":"BreadcrumbList","@id":"https:\/\/bale.ch\/journal\/exposition-euroairport\/#breadcrumb","itemListElement":[{"@type":"ListItem","position":1,"name":"Accueil","item":"https:\/\/bale.ch\/journal\/"},{"@type":"ListItem","position":2,"name":"Exposition sur l&rsquo;a\u00e9roport de B\u00e2le-Mulhouse: \u201cDes avions et des hommes\u201d"}]},{"@type":"WebSite","@id":"https:\/\/bale.ch\/journal\/#website","url":"https:\/\/bale.ch\/journal\/","name":"Journal de B\u00e2le et Gen\u00e8ve","description":"M\u00e9dia transfrontalier d&#039;actualit\u00e9s - News","publisher":{"@id":"https:\/\/bale.ch\/journal\/#organization"},"potentialAction":[{"@type":"SearchAction","target":{"@type":"EntryPoint","urlTemplate":"https:\/\/bale.ch\/journal\/?s={search_term_string}"},"query-input":{"@type":"PropertyValueSpecification","valueRequired":true,"valueName":"search_term_string"}}],"inLanguage":"fr-FR"},{"@type":"Organization","@id":"https:\/\/bale.ch\/journal\/#organization","name":"Journal de B\u00e2le et Gen\u00e8ve","url":"https:\/\/bale.ch\/journal\/","logo":{"@type":"ImageObject","inLanguage":"fr-FR","@id":"https:\/\/bale.ch\/journal\/#\/schema\/logo\/image\/","url":"https:\/\/bale.ch\/journal\/wp-content\/uploads\/2023\/07\/journaldebale_logo_2023_nb.png","contentUrl":"https:\/\/bale.ch\/journal\/wp-content\/uploads\/2023\/07\/journaldebale_logo_2023_nb.png","width":371,"height":127,"caption":"Journal de B\u00e2le et Gen\u00e8ve"},"image":{"@id":"https:\/\/bale.ch\/journal\/#\/schema\/logo\/image\/"}},{"@type":"Person","@id":"https:\/\/bale.ch\/journal\/#\/schema\/person\/03ced978db3b7a5274c5cef003f352f5","name":"La R\u00e9daction","image":{"@type":"ImageObject","inLanguage":"fr-FR","@id":"https:\/\/secure.gravatar.com\/avatar\/d1327e2ce8d2b860112f968a3f34686c9bdda7a463a1502cdd1070ac9d88cf1e?s=96&d=mm&r=g","url":"https:\/\/secure.gravatar.com\/avatar\/d1327e2ce8d2b860112f968a3f34686c9bdda7a463a1502cdd1070ac9d88cf1e?s=96&d=mm&r=g","contentUrl":"https:\/\/secure.gravatar.com\/avatar\/d1327e2ce8d2b860112f968a3f34686c9bdda7a463a1502cdd1070ac9d88cf1e?s=96&d=mm&r=g","caption":"La R\u00e9daction"},"url":"https:\/\/bale.ch\/journal\/author\/laredaction\/"}]}},"_links":{"self":[{"href":"https:\/\/bale.ch\/journal\/wp-json\/wp\/v2\/posts\/1161","targetHints":{"allow":["GET"]}}],"collection":[{"href":"https:\/\/bale.ch\/journal\/wp-json\/wp\/v2\/posts"}],"about":[{"href":"https:\/\/bale.ch\/journal\/wp-json\/wp\/v2\/types\/post"}],"author":[{"embeddable":true,"href":"https:\/\/bale.ch\/journal\/wp-json\/wp\/v2\/users\/2"}],"replies":[{"embeddable":true,"href":"https:\/\/bale.ch\/journal\/wp-json\/wp\/v2\/comments?post=1161"}],"version-history":[{"count":7,"href":"https:\/\/bale.ch\/journal\/wp-json\/wp\/v2\/posts\/1161\/revisions"}],"predecessor-version":[{"id":1377,"href":"https:\/\/bale.ch\/journal\/wp-json\/wp\/v2\/posts\/1161\/revisions\/1377"}],"wp:featuredmedia":[{"embeddable":true,"href":"https:\/\/bale.ch\/journal\/wp-json\/wp\/v2\/media\/1162"}],"wp:attachment":[{"href":"https:\/\/bale.ch\/journal\/wp-json\/wp\/v2\/media?parent=1161"}],"wp:term":[{"taxonomy":"category","embeddable":true,"href":"https:\/\/bale.ch\/journal\/wp-json\/wp\/v2\/categories?post=1161"},{"taxonomy":"post_tag","embeddable":true,"href":"https:\/\/bale.ch\/journal\/wp-json\/wp\/v2\/tags?post=1161"}],"curies":[{"name":"wp","href":"https:\/\/api.w.org\/{rel}","templated":true}]}}