{"id":120,"date":"2015-06-19T20:52:39","date_gmt":"2015-06-19T20:52:39","guid":{"rendered":"http:\/\/bale.ch\/journal\/?p=120"},"modified":"2018-09-22T16:45:50","modified_gmt":"2018-09-22T16:45:50","slug":"choix-nom-leman-express","status":"publish","type":"post","link":"https:\/\/bale.ch\/journal\/choix-nom-leman-express\/","title":{"rendered":"Le r\u00e9seau ferroviaire transfrontalier s&rsquo;appelle L\u00e9man Express"},"content":{"rendered":"<p>Epine dorsale des transports publics d\u2019une agglom\u00e9ration de pr\u00e8s d\u2019un million d\u2019habitants, le r\u00e9seau express r\u00e9gional (RER) s\u2019appelle d\u00e9sormais L\u00c9MAN Express. R\u00e9unis vendredi matin \u00e0 la gare de Gen\u00e8ve-Cornavin, les repr\u00e9sentants des autorit\u00e9s organisatrices des transports \u2013 l\u2019Office f\u00e9d\u00e9ral des transports (OFT), la r\u00e9gion Rh\u00f4ne-Alpes, le canton de Gen\u00e8ve et le canton de Vaud \u2013 ainsi que ceux des op\u00e9rateurs ferroviaires CFF et SNCF ont pr\u00e9sent\u00e9 le nom retenu par le public, \u00e0 l\u2019issue d\u2019une vaste consultation.<br \/>\n<!--more--><br \/>\nParmi les quatre noms qui ont \u00e9t\u00e9 propos\u00e9s dans le cadre de la consultation ouverte sur Internet, le public a choisi. Ouvert lundi matin 1er juin, cl\u00f4tur\u00e9 lundi 15 juin peu avant minuit, le formulaire de vote a permis de recueillir 7884 votes d\u00e9clar\u00e9s valables sur un total de 9792, apr\u00e8s v\u00e9rification des conditions techniques de participation. Verdict de l&rsquo;urne \u00e9lectronique: L\u00c9MAN Express a obtenu le plus grand nombre de votes avec 40,7% des suffrages. Viennent ensuite : CEVA Express avec 25,7%,LEMANIS avec 17,8%,REFLEX avec 15,8%.<\/p>\n<p><span style=\"font-size: 12pt;\"><strong>L\u00e9man Express, la part ferroviaire des transports collectifs d&rsquo;agglom\u00e9ration<\/strong><\/span><\/p>\n<p>Aujourd&rsquo;hui, 15&rsquo;000 voyageurs prennent le train ou le bus entre la Suisse, la Savoie et la France et 60&rsquo;000 personnes prennent le train entre les cantons de Vaud etde Gen\u00e8ve. On compte 550&rsquo;000 d\u00e9placements quotidiens aux fronti\u00e8res du canton de Gen\u00e8ve, dont seulement 16% sont effectu\u00e9s en transports publics. Les frontaliers se rendant \u00e0 Gen\u00e8ve utilisent la voiture faute d\u2019avoir suffisamment de\u00a0 moyens de transports publics performants. Idem pour les Suisses se rendant en France. L\u00c9MAN Express, ce sont 230 kilom\u00e8tres de lignes, reliant 45 gares genevoises, vaudoises et rh\u00f4nalpines entre l&rsquo;Ain et la Savoie du Nord. Avec la mise en service de CEVA en 2019, L\u00c9MAN Express transportera pr\u00e8s de 50&rsquo;000 voyageurs par jour au c\u0153ur du r\u00e9seau. En moyenne un train toutes les 10 minutes entre les gares de Coppet, Gen\u00e8ve-Cornavin et Annemasse. Deux trains par heure dans tout le r\u00e9seau aux heures de pointe, 7 jours sur 7. Quelque 250&rsquo;000 personnes vivront \u00e0 moins de 500 m\u00e8tres d&rsquo;une gare du L\u00c9MAN Express. Le train, trait d&rsquo;union pour toute une r\u00e9gion, c&rsquo;est plus d&rsquo;accessibilit\u00e9 pour les bassins d&#8217;emploi, les centres d&rsquo;activit\u00e9s, les lieux touristiques, en ville et entre les villes. L\u00c9MAN Express, c&rsquo;est un engagement durable qui va conditionner la mobilit\u00e9 dans les territoires desservis. Une alternative valable \u00e0 la voiture, qui doit encore s\u2019ancrer dans les habitudes.<\/p><div id=\"crieu-290541125\" class=\"crieu-content crieu-entity-placement\"><script async src=\"\/\/pagead2.googlesyndication.com\/pagead\/js\/adsbygoogle.js?client=ca-pub-5271584769416742\" crossorigin=\"anonymous\"><\/script><ins class=\"adsbygoogle\" style=\"display:block;\" data-ad-client=\"ca-pub-5271584769416742\" \ndata-ad-slot=\"9321250718\" \ndata-ad-format=\"auto\"><\/ins>\n<script> \n(adsbygoogle = window.adsbygoogle || []).push({}); \n<\/script>\n<\/div>\n<p><strong><span style=\"font-size: 12pt;\">Prochain arr\u00eat: les journ\u00e9es portes ouvertes \u00abCEVA + de d\u00e9couvertes\u00bb<\/span> <\/strong><\/p>\n<p>Lors des journ\u00e9es portes ouvertes \u00abCEVA + de d\u00e9couvertes \u00bb, samedi 26 et dimanche 27 septembre 2015, le public sera invit\u00e9 \u00e0 en savoir plus sur l&rsquo;avancement des travaux du chantier CEVA, sur le d\u00e9veloppement urbain autour des gares CEVA et sur la future offre de transport ferroviaire.<\/p>\n<p><a href=\"http:\/\/lemanexpress.ch\" target=\"_blank\" rel=\"noopener\">Site officiel<\/a><\/p>\n<div id=\"crieu-1130317095\" class=\"crieu-apres-le-contenu crieu-entity-placement\" style=\"margin-left: auto;margin-right: auto;text-align: center;\"><script async src=\"\/\/pagead2.googlesyndication.com\/pagead\/js\/adsbygoogle.js?client=ca-pub-5271584769416742\" crossorigin=\"anonymous\"><\/script><ins class=\"adsbygoogle\" style=\"display:block;\" data-ad-client=\"ca-pub-5271584769416742\" \ndata-ad-slot=\"9321250718\" \ndata-ad-format=\"auto\"><\/ins>\n<script> \n(adsbygoogle = window.adsbygoogle || []).push({}); \n<\/script>\n<\/div>","protected":false},"excerpt":{"rendered":"<p>Epine dorsale des transports publics d\u2019une agglom\u00e9ration de pr\u00e8s d\u2019un million d\u2019habitants, le r\u00e9seau express r\u00e9gional (RER) s\u2019appelle d\u00e9sormais L\u00c9MAN Express. R\u00e9unis vendredi matin \u00e0 la gare de Gen\u00e8ve-Cornavin, les <a href=\"https:\/\/bale.ch\/journal\/choix-nom-leman-express\/\" class=\"read-more button-fancy -red\"><span class=\"btn-arrow\"><\/span><span class=\"twp-read-more text\">Continuer la lecture<\/span><\/a><\/p>\n","protected":false},"author":2,"featured_media":121,"comment_status":"closed","ping_status":"closed","sticky":false,"template":"","format":"standard","meta":{"footnotes":""},"categories":[4],"tags":[31,35,34],"class_list":["post-120","post","type-post","status-publish","format-standard","has-post-thumbnail","hentry","category-grand-geneve","tag-savoie","tag-transports","tag-vaud"],"yoast_head":"<!-- This site is optimized with the Yoast SEO plugin v28.3 - https:\/\/yoast.com\/product\/yoast-seo-wordpress\/ -->\n<title>Le r\u00e9seau ferroviaire transfrontalier s&#039;appelle L\u00e9man Express - Journal de B\u00e2le et Gen\u00e8ve<\/title>\n<meta name=\"robots\" content=\"index, follow, max-snippet:-1, max-image-preview:large, max-video-preview:-1\" \/>\n<link rel=\"canonical\" href=\"https:\/\/bale.ch\/journal\/choix-nom-leman-express\/\" \/>\n<meta property=\"og:locale\" content=\"fr_FR\" \/>\n<meta property=\"og:type\" content=\"article\" \/>\n<meta property=\"og:title\" content=\"Le r\u00e9seau ferroviaire transfrontalier s&#039;appelle L\u00e9man Express - Journal de B\u00e2le et Gen\u00e8ve\" \/>\n<meta property=\"og:description\" content=\"Epine dorsale des transports publics d\u2019une agglom\u00e9ration de pr\u00e8s d\u2019un million d\u2019habitants, le r\u00e9seau express r\u00e9gional (RER) s\u2019appelle d\u00e9sormais L\u00c9MAN Express. R\u00e9unis vendredi matin \u00e0 la gare de Gen\u00e8ve-Cornavin, les Continuer la lecture\" \/>\n<meta property=\"og:url\" content=\"https:\/\/bale.ch\/journal\/choix-nom-leman-express\/\" \/>\n<meta property=\"og:site_name\" content=\"Journal de B\u00e2le et Gen\u00e8ve\" \/>\n<meta property=\"article:published_time\" content=\"2015-06-19T20:52:39+00:00\" \/>\n<meta property=\"article:modified_time\" content=\"2018-09-22T16:45:50+00:00\" \/>\n<meta property=\"og:image\" content=\"https:\/\/bale.ch\/journal\/wp-content\/uploads\/2015\/10\/leman_express_rer_geneve_ceva_.jpg\" \/>\n\t<meta property=\"og:image:width\" content=\"1117\" \/>\n\t<meta property=\"og:image:height\" content=\"956\" \/>\n\t<meta property=\"og:image:type\" content=\"image\/jpeg\" \/>\n<meta name=\"author\" content=\"La R\u00e9daction\" \/>\n<meta name=\"twitter:card\" content=\"summary_large_image\" \/>\n<meta name=\"twitter:label1\" content=\"\u00c9crit par\" \/>\n\t<meta name=\"twitter:data1\" content=\"La R\u00e9daction\" \/>\n\t<meta name=\"twitter:label2\" content=\"Dur\u00e9e de lecture estim\u00e9e\" \/>\n\t<meta name=\"twitter:data2\" content=\"2 minutes\" \/>\n<script type=\"application\/ld+json\" class=\"yoast-schema-graph\">{\"@context\":\"https:\\\/\\\/schema.org\",\"@graph\":[{\"@type\":\"Article\",\"@id\":\"https:\\\/\\\/bale.ch\\\/journal\\\/choix-nom-leman-express\\\/#article\",\"isPartOf\":{\"@id\":\"https:\\\/\\\/bale.ch\\\/journal\\\/choix-nom-leman-express\\\/\"},\"author\":{\"name\":\"La R\u00e9daction\",\"@id\":\"https:\\\/\\\/bale.ch\\\/journal\\\/#\\\/schema\\\/person\\\/03ced978db3b7a5274c5cef003f352f5\"},\"headline\":\"Le r\u00e9seau ferroviaire transfrontalier s&rsquo;appelle L\u00e9man Express\",\"datePublished\":\"2015-06-19T20:52:39+00:00\",\"dateModified\":\"2018-09-22T16:45:50+00:00\",\"mainEntityOfPage\":{\"@id\":\"https:\\\/\\\/bale.ch\\\/journal\\\/choix-nom-leman-express\\\/\"},\"wordCount\":502,\"publisher\":{\"@id\":\"https:\\\/\\\/bale.ch\\\/journal\\\/#organization\"},\"image\":{\"@id\":\"https:\\\/\\\/bale.ch\\\/journal\\\/choix-nom-leman-express\\\/#primaryimage\"},\"thumbnailUrl\":\"https:\\\/\\\/bale.ch\\\/journal\\\/wp-content\\\/uploads\\\/2015\\\/10\\\/leman_express_rer_geneve_ceva_.jpg\",\"keywords\":[\"Savoie\",\"Transports\",\"Vaud\"],\"articleSection\":[\"Grand Gen\u00e8ve\"],\"inLanguage\":\"fr-FR\"},{\"@type\":\"WebPage\",\"@id\":\"https:\\\/\\\/bale.ch\\\/journal\\\/choix-nom-leman-express\\\/\",\"url\":\"https:\\\/\\\/bale.ch\\\/journal\\\/choix-nom-leman-express\\\/\",\"name\":\"Le r\u00e9seau ferroviaire transfrontalier s'appelle L\u00e9man Express - Journal de B\u00e2le et Gen\u00e8ve\",\"isPartOf\":{\"@id\":\"https:\\\/\\\/bale.ch\\\/journal\\\/#website\"},\"primaryImageOfPage\":{\"@id\":\"https:\\\/\\\/bale.ch\\\/journal\\\/choix-nom-leman-express\\\/#primaryimage\"},\"image\":{\"@id\":\"https:\\\/\\\/bale.ch\\\/journal\\\/choix-nom-leman-express\\\/#primaryimage\"},\"thumbnailUrl\":\"https:\\\/\\\/bale.ch\\\/journal\\\/wp-content\\\/uploads\\\/2015\\\/10\\\/leman_express_rer_geneve_ceva_.jpg\",\"datePublished\":\"2015-06-19T20:52:39+00:00\",\"dateModified\":\"2018-09-22T16:45:50+00:00\",\"breadcrumb\":{\"@id\":\"https:\\\/\\\/bale.ch\\\/journal\\\/choix-nom-leman-express\\\/#breadcrumb\"},\"inLanguage\":\"fr-FR\",\"potentialAction\":[{\"@type\":\"ReadAction\",\"target\":[\"https:\\\/\\\/bale.ch\\\/journal\\\/choix-nom-leman-express\\\/\"]}]},{\"@type\":\"ImageObject\",\"inLanguage\":\"fr-FR\",\"@id\":\"https:\\\/\\\/bale.ch\\\/journal\\\/choix-nom-leman-express\\\/#primaryimage\",\"url\":\"https:\\\/\\\/bale.ch\\\/journal\\\/wp-content\\\/uploads\\\/2015\\\/10\\\/leman_express_rer_geneve_ceva_.jpg\",\"contentUrl\":\"https:\\\/\\\/bale.ch\\\/journal\\\/wp-content\\\/uploads\\\/2015\\\/10\\\/leman_express_rer_geneve_ceva_.jpg\",\"width\":1117,\"height\":956},{\"@type\":\"BreadcrumbList\",\"@id\":\"https:\\\/\\\/bale.ch\\\/journal\\\/choix-nom-leman-express\\\/#breadcrumb\",\"itemListElement\":[{\"@type\":\"ListItem\",\"position\":1,\"name\":\"Accueil\",\"item\":\"https:\\\/\\\/bale.ch\\\/journal\\\/\"},{\"@type\":\"ListItem\",\"position\":2,\"name\":\"Le r\u00e9seau ferroviaire transfrontalier s&rsquo;appelle L\u00e9man Express\"}]},{\"@type\":\"WebSite\",\"@id\":\"https:\\\/\\\/bale.ch\\\/journal\\\/#website\",\"url\":\"https:\\\/\\\/bale.ch\\\/journal\\\/\",\"name\":\"Journal de B\u00e2le et Gen\u00e8ve\",\"description\":\"M\u00e9dia transfrontalier d&#039;actualit\u00e9s - News\",\"publisher\":{\"@id\":\"https:\\\/\\\/bale.ch\\\/journal\\\/#organization\"},\"potentialAction\":[{\"@type\":\"SearchAction\",\"target\":{\"@type\":\"EntryPoint\",\"urlTemplate\":\"https:\\\/\\\/bale.ch\\\/journal\\\/?s={search_term_string}\"},\"query-input\":{\"@type\":\"PropertyValueSpecification\",\"valueRequired\":true,\"valueName\":\"search_term_string\"}}],\"inLanguage\":\"fr-FR\"},{\"@type\":\"Organization\",\"@id\":\"https:\\\/\\\/bale.ch\\\/journal\\\/#organization\",\"name\":\"Journal de B\u00e2le et Gen\u00e8ve\",\"url\":\"https:\\\/\\\/bale.ch\\\/journal\\\/\",\"logo\":{\"@type\":\"ImageObject\",\"inLanguage\":\"fr-FR\",\"@id\":\"https:\\\/\\\/bale.ch\\\/journal\\\/#\\\/schema\\\/logo\\\/image\\\/\",\"url\":\"https:\\\/\\\/bale.ch\\\/journal\\\/wp-content\\\/uploads\\\/2023\\\/07\\\/journaldebale_logo_2023_nb.png\",\"contentUrl\":\"https:\\\/\\\/bale.ch\\\/journal\\\/wp-content\\\/uploads\\\/2023\\\/07\\\/journaldebale_logo_2023_nb.png\",\"width\":371,\"height\":127,\"caption\":\"Journal de B\u00e2le et Gen\u00e8ve\"},\"image\":{\"@id\":\"https:\\\/\\\/bale.ch\\\/journal\\\/#\\\/schema\\\/logo\\\/image\\\/\"}},{\"@type\":\"Person\",\"@id\":\"https:\\\/\\\/bale.ch\\\/journal\\\/#\\\/schema\\\/person\\\/03ced978db3b7a5274c5cef003f352f5\",\"name\":\"La R\u00e9daction\",\"image\":{\"@type\":\"ImageObject\",\"inLanguage\":\"fr-FR\",\"@id\":\"https:\\\/\\\/secure.gravatar.com\\\/avatar\\\/d1327e2ce8d2b860112f968a3f34686c9bdda7a463a1502cdd1070ac9d88cf1e?s=96&d=mm&r=g\",\"url\":\"https:\\\/\\\/secure.gravatar.com\\\/avatar\\\/d1327e2ce8d2b860112f968a3f34686c9bdda7a463a1502cdd1070ac9d88cf1e?s=96&d=mm&r=g\",\"contentUrl\":\"https:\\\/\\\/secure.gravatar.com\\\/avatar\\\/d1327e2ce8d2b860112f968a3f34686c9bdda7a463a1502cdd1070ac9d88cf1e?s=96&d=mm&r=g\",\"caption\":\"La R\u00e9daction\"},\"url\":\"https:\\\/\\\/bale.ch\\\/journal\\\/author\\\/laredaction\\\/\"}]}<\/script>\n<!-- \/ Yoast SEO plugin. -->","yoast_head_json":{"title":"Le r\u00e9seau ferroviaire transfrontalier s'appelle L\u00e9man Express - Journal de B\u00e2le et Gen\u00e8ve","robots":{"index":"index","follow":"follow","max-snippet":"max-snippet:-1","max-image-preview":"max-image-preview:large","max-video-preview":"max-video-preview:-1"},"canonical":"https:\/\/bale.ch\/journal\/choix-nom-leman-express\/","og_locale":"fr_FR","og_type":"article","og_title":"Le r\u00e9seau ferroviaire transfrontalier s'appelle L\u00e9man Express - Journal de B\u00e2le et Gen\u00e8ve","og_description":"Epine dorsale des transports publics d\u2019une agglom\u00e9ration de pr\u00e8s d\u2019un million d\u2019habitants, le r\u00e9seau express r\u00e9gional (RER) s\u2019appelle d\u00e9sormais L\u00c9MAN Express. R\u00e9unis vendredi matin \u00e0 la gare de Gen\u00e8ve-Cornavin, les Continuer la lecture","og_url":"https:\/\/bale.ch\/journal\/choix-nom-leman-express\/","og_site_name":"Journal de B\u00e2le et Gen\u00e8ve","article_published_time":"2015-06-19T20:52:39+00:00","article_modified_time":"2018-09-22T16:45:50+00:00","og_image":[{"width":1117,"height":956,"url":"https:\/\/bale.ch\/journal\/wp-content\/uploads\/2015\/10\/leman_express_rer_geneve_ceva_.jpg","type":"image\/jpeg"}],"author":"La R\u00e9daction","twitter_card":"summary_large_image","twitter_misc":{"\u00c9crit par":"La R\u00e9daction","Dur\u00e9e de lecture estim\u00e9e":"2 minutes"},"schema":{"@context":"https:\/\/schema.org","@graph":[{"@type":"Article","@id":"https:\/\/bale.ch\/journal\/choix-nom-leman-express\/#article","isPartOf":{"@id":"https:\/\/bale.ch\/journal\/choix-nom-leman-express\/"},"author":{"name":"La R\u00e9daction","@id":"https:\/\/bale.ch\/journal\/#\/schema\/person\/03ced978db3b7a5274c5cef003f352f5"},"headline":"Le r\u00e9seau ferroviaire transfrontalier s&rsquo;appelle L\u00e9man Express","datePublished":"2015-06-19T20:52:39+00:00","dateModified":"2018-09-22T16:45:50+00:00","mainEntityOfPage":{"@id":"https:\/\/bale.ch\/journal\/choix-nom-leman-express\/"},"wordCount":502,"publisher":{"@id":"https:\/\/bale.ch\/journal\/#organization"},"image":{"@id":"https:\/\/bale.ch\/journal\/choix-nom-leman-express\/#primaryimage"},"thumbnailUrl":"https:\/\/bale.ch\/journal\/wp-content\/uploads\/2015\/10\/leman_express_rer_geneve_ceva_.jpg","keywords":["Savoie","Transports","Vaud"],"articleSection":["Grand Gen\u00e8ve"],"inLanguage":"fr-FR"},{"@type":"WebPage","@id":"https:\/\/bale.ch\/journal\/choix-nom-leman-express\/","url":"https:\/\/bale.ch\/journal\/choix-nom-leman-express\/","name":"Le r\u00e9seau ferroviaire transfrontalier s'appelle L\u00e9man Express - Journal de B\u00e2le et Gen\u00e8ve","isPartOf":{"@id":"https:\/\/bale.ch\/journal\/#website"},"primaryImageOfPage":{"@id":"https:\/\/bale.ch\/journal\/choix-nom-leman-express\/#primaryimage"},"image":{"@id":"https:\/\/bale.ch\/journal\/choix-nom-leman-express\/#primaryimage"},"thumbnailUrl":"https:\/\/bale.ch\/journal\/wp-content\/uploads\/2015\/10\/leman_express_rer_geneve_ceva_.jpg","datePublished":"2015-06-19T20:52:39+00:00","dateModified":"2018-09-22T16:45:50+00:00","breadcrumb":{"@id":"https:\/\/bale.ch\/journal\/choix-nom-leman-express\/#breadcrumb"},"inLanguage":"fr-FR","potentialAction":[{"@type":"ReadAction","target":["https:\/\/bale.ch\/journal\/choix-nom-leman-express\/"]}]},{"@type":"ImageObject","inLanguage":"fr-FR","@id":"https:\/\/bale.ch\/journal\/choix-nom-leman-express\/#primaryimage","url":"https:\/\/bale.ch\/journal\/wp-content\/uploads\/2015\/10\/leman_express_rer_geneve_ceva_.jpg","contentUrl":"https:\/\/bale.ch\/journal\/wp-content\/uploads\/2015\/10\/leman_express_rer_geneve_ceva_.jpg","width":1117,"height":956},{"@type":"BreadcrumbList","@id":"https:\/\/bale.ch\/journal\/choix-nom-leman-express\/#breadcrumb","itemListElement":[{"@type":"ListItem","position":1,"name":"Accueil","item":"https:\/\/bale.ch\/journal\/"},{"@type":"ListItem","position":2,"name":"Le r\u00e9seau ferroviaire transfrontalier s&rsquo;appelle L\u00e9man Express"}]},{"@type":"WebSite","@id":"https:\/\/bale.ch\/journal\/#website","url":"https:\/\/bale.ch\/journal\/","name":"Journal de B\u00e2le et Gen\u00e8ve","description":"M\u00e9dia transfrontalier d&#039;actualit\u00e9s - News","publisher":{"@id":"https:\/\/bale.ch\/journal\/#organization"},"potentialAction":[{"@type":"SearchAction","target":{"@type":"EntryPoint","urlTemplate":"https:\/\/bale.ch\/journal\/?s={search_term_string}"},"query-input":{"@type":"PropertyValueSpecification","valueRequired":true,"valueName":"search_term_string"}}],"inLanguage":"fr-FR"},{"@type":"Organization","@id":"https:\/\/bale.ch\/journal\/#organization","name":"Journal de B\u00e2le et Gen\u00e8ve","url":"https:\/\/bale.ch\/journal\/","logo":{"@type":"ImageObject","inLanguage":"fr-FR","@id":"https:\/\/bale.ch\/journal\/#\/schema\/logo\/image\/","url":"https:\/\/bale.ch\/journal\/wp-content\/uploads\/2023\/07\/journaldebale_logo_2023_nb.png","contentUrl":"https:\/\/bale.ch\/journal\/wp-content\/uploads\/2023\/07\/journaldebale_logo_2023_nb.png","width":371,"height":127,"caption":"Journal de B\u00e2le et Gen\u00e8ve"},"image":{"@id":"https:\/\/bale.ch\/journal\/#\/schema\/logo\/image\/"}},{"@type":"Person","@id":"https:\/\/bale.ch\/journal\/#\/schema\/person\/03ced978db3b7a5274c5cef003f352f5","name":"La R\u00e9daction","image":{"@type":"ImageObject","inLanguage":"fr-FR","@id":"https:\/\/secure.gravatar.com\/avatar\/d1327e2ce8d2b860112f968a3f34686c9bdda7a463a1502cdd1070ac9d88cf1e?s=96&d=mm&r=g","url":"https:\/\/secure.gravatar.com\/avatar\/d1327e2ce8d2b860112f968a3f34686c9bdda7a463a1502cdd1070ac9d88cf1e?s=96&d=mm&r=g","contentUrl":"https:\/\/secure.gravatar.com\/avatar\/d1327e2ce8d2b860112f968a3f34686c9bdda7a463a1502cdd1070ac9d88cf1e?s=96&d=mm&r=g","caption":"La R\u00e9daction"},"url":"https:\/\/bale.ch\/journal\/author\/laredaction\/"}]}},"_links":{"self":[{"href":"https:\/\/bale.ch\/journal\/wp-json\/wp\/v2\/posts\/120","targetHints":{"allow":["GET"]}}],"collection":[{"href":"https:\/\/bale.ch\/journal\/wp-json\/wp\/v2\/posts"}],"about":[{"href":"https:\/\/bale.ch\/journal\/wp-json\/wp\/v2\/types\/post"}],"author":[{"embeddable":true,"href":"https:\/\/bale.ch\/journal\/wp-json\/wp\/v2\/users\/2"}],"replies":[{"embeddable":true,"href":"https:\/\/bale.ch\/journal\/wp-json\/wp\/v2\/comments?post=120"}],"version-history":[{"count":5,"href":"https:\/\/bale.ch\/journal\/wp-json\/wp\/v2\/posts\/120\/revisions"}],"predecessor-version":[{"id":1217,"href":"https:\/\/bale.ch\/journal\/wp-json\/wp\/v2\/posts\/120\/revisions\/1217"}],"wp:featuredmedia":[{"embeddable":true,"href":"https:\/\/bale.ch\/journal\/wp-json\/wp\/v2\/media\/121"}],"wp:attachment":[{"href":"https:\/\/bale.ch\/journal\/wp-json\/wp\/v2\/media?parent=120"}],"wp:term":[{"taxonomy":"category","embeddable":true,"href":"https:\/\/bale.ch\/journal\/wp-json\/wp\/v2\/categories?post=120"},{"taxonomy":"post_tag","embeddable":true,"href":"https:\/\/bale.ch\/journal\/wp-json\/wp\/v2\/tags?post=120"}],"curies":[{"name":"wp","href":"https:\/\/api.w.org\/{rel}","templated":true}]}}