{"id":1226,"date":"2018-09-08T07:39:28","date_gmt":"2018-09-08T07:39:28","guid":{"rendered":"http:\/\/bale.ch\/journal\/?p=1226"},"modified":"2018-09-23T08:04:14","modified_gmt":"2018-09-23T08:04:14","slug":"partenariat-region-grand-est-cantons-bale","status":"publish","type":"post","link":"https:\/\/bale.ch\/journal\/partenariat-region-grand-est-cantons-bale\/","title":{"rendered":"Un partenariat de longue date renforc\u00e9 entre la r\u00e9gion Grand Est et les Cantons de B\u00e2le-Ville et B\u00e2le-Campagne"},"content":{"rendered":"<p>B\u00e2le\/Liestal\/Strasbourg &#8211; Jean Rottner, Pr\u00e9sident de la R\u00e9gion Grand Est, Nicole Muller-Becker, Vice-Pr\u00e9sidente de la R\u00e9gion Grand Est en charge de la coop\u00e9ration transfrontali\u00e8re et du d\u00e9veloppement du multilinguisme, Fran\u00e7ois Werner, Vice-Pr\u00e9sident de la R\u00e9gion Grand Est en charge de la coordination des politiques europ\u00e9ennes, de l\u2019enseignement sup\u00e9rieur et de la recherche, et Claudine Ganter, Conseill\u00e8re r\u00e9gionale, Pr\u00e9sidente de la Commission Europe, relations internationales et transfrontali\u00e8res, ont accueilli Elisabeth Ackermann, Pr\u00e9sidente du Conseil d\u2019Etat du Canton de B\u00e2le-Ville, et Isaac Reber, Vice-Pr\u00e9sident du Conseil d\u2019Etat du Canton de B\u00e2le-Campagne, tous deux responsables des relations ext\u00e9rieures de leurs cantons, le vendredi 7 septembre 2018, \u00e0 la Maison de la R\u00e9gion, \u00e0 Strasbourg.<\/p>\n<div>En particulier, les th\u00e9matiques suivantes ont \u00e9t\u00e9 abord\u00e9es :<\/div>\n<ul>\n<li>Les priorit\u00e9s de la pr\u00e9sidence de la Conf\u00e9rence du Rhin sup\u00e9rieur en 2019, notamment l&rsquo;implication des jeunes g\u00e9n\u00e9rations dans la coop\u00e9ration transfrontali\u00e8re ;<\/li>\n<li>le raccordement ferroviaire de l&rsquo;EuroAirport B\u00e2le-Mulhouse ;<\/li>\n<li>le march\u00e9 du travail et la sant\u00e9 \u00e0 l\u2019\u00e9chelle du Rhin sup\u00e9rieur ;<\/li>\n<li>le projet de d\u00e9veloppement des consultations citoyennes au niveau transfrontalier ;<\/li>\n<li>et la grande importance du programme Interreg pour les relations de voisinage.<\/li>\n<\/ul>\n<h6><em>Photo: Alban Lavy<\/em><\/h6>\n<div id=\"crieu-2587310934\" class=\"crieu-apres-le-contenu crieu-entity-placement\" style=\"margin-left: auto;margin-right: auto;text-align: center;\"><script async src=\"\/\/pagead2.googlesyndication.com\/pagead\/js\/adsbygoogle.js?client=ca-pub-5271584769416742\" crossorigin=\"anonymous\"><\/script><ins class=\"adsbygoogle\" style=\"display:block;\" data-ad-client=\"ca-pub-5271584769416742\" \ndata-ad-slot=\"9321250718\" \ndata-ad-format=\"auto\"><\/ins>\n<script> \n(adsbygoogle = window.adsbygoogle || []).push({}); \n<\/script>\n<\/div>","protected":false},"excerpt":{"rendered":"<p>B\u00e2le\/Liestal\/Strasbourg &#8211; Jean Rottner, Pr\u00e9sident de la R\u00e9gion Grand Est, Nicole Muller-Becker, Vice-Pr\u00e9sidente de la R\u00e9gion Grand Est en charge de la coop\u00e9ration transfrontali\u00e8re et du d\u00e9veloppement du multilinguisme, Fran\u00e7ois <a href=\"https:\/\/bale.ch\/journal\/partenariat-region-grand-est-cantons-bale\/\" class=\"read-more button-fancy -red\"><span class=\"btn-arrow\"><\/span><span class=\"twp-read-more text\">Continuer la lecture<\/span><\/a><\/p>\n","protected":false},"author":2,"featured_media":1228,"comment_status":"closed","ping_status":"closed","sticky":false,"template":"","format":"standard","meta":{"footnotes":""},"categories":[7],"tags":[],"class_list":["post-1226","post","type-post","status-publish","format-standard","has-post-thumbnail","hentry","category-bale"],"yoast_head":"<!-- This site is optimized with the Yoast SEO plugin v28.3 - https:\/\/yoast.com\/product\/yoast-seo-wordpress\/ -->\n<title>Un partenariat de longue date renforc\u00e9 entre la r\u00e9gion Grand Est et les Cantons de B\u00e2le-Ville et B\u00e2le-Campagne - Journal de B\u00e2le et Gen\u00e8ve<\/title>\n<meta name=\"robots\" content=\"index, follow, max-snippet:-1, max-image-preview:large, max-video-preview:-1\" \/>\n<link rel=\"canonical\" href=\"https:\/\/bale.ch\/journal\/partenariat-region-grand-est-cantons-bale\/\" \/>\n<meta property=\"og:locale\" content=\"fr_FR\" \/>\n<meta property=\"og:type\" content=\"article\" \/>\n<meta property=\"og:title\" content=\"Un partenariat de longue date renforc\u00e9 entre la r\u00e9gion Grand Est et les Cantons de B\u00e2le-Ville et B\u00e2le-Campagne - Journal de B\u00e2le et Gen\u00e8ve\" \/>\n<meta property=\"og:description\" content=\"B\u00e2le\/Liestal\/Strasbourg &#8211; Jean Rottner, Pr\u00e9sident de la R\u00e9gion Grand Est, Nicole Muller-Becker, Vice-Pr\u00e9sidente de la R\u00e9gion Grand Est en charge de la coop\u00e9ration transfrontali\u00e8re et du d\u00e9veloppement du multilinguisme, Fran\u00e7ois Continuer la lecture\" \/>\n<meta property=\"og:url\" content=\"https:\/\/bale.ch\/journal\/partenariat-region-grand-est-cantons-bale\/\" \/>\n<meta property=\"og:site_name\" content=\"Journal de B\u00e2le et Gen\u00e8ve\" \/>\n<meta property=\"article:published_time\" content=\"2018-09-08T07:39:28+00:00\" \/>\n<meta property=\"article:modified_time\" content=\"2018-09-23T08:04:14+00:00\" \/>\n<meta property=\"og:image\" content=\"https:\/\/bale.ch\/journal\/wp-content\/uploads\/2018\/09\/gare_cff_bahnhof_sbb_basel-bale.jpg\" \/>\n\t<meta property=\"og:image:width\" content=\"1329\" \/>\n\t<meta property=\"og:image:height\" content=\"886\" \/>\n\t<meta property=\"og:image:type\" content=\"image\/jpeg\" \/>\n<meta name=\"author\" content=\"La R\u00e9daction\" \/>\n<meta name=\"twitter:card\" content=\"summary_large_image\" \/>\n<meta name=\"twitter:label1\" content=\"\u00c9crit par\" \/>\n\t<meta name=\"twitter:data1\" content=\"La R\u00e9daction\" \/>\n\t<meta name=\"twitter:label2\" content=\"Dur\u00e9e de lecture estim\u00e9e\" \/>\n\t<meta name=\"twitter:data2\" content=\"1 minute\" \/>\n<script type=\"application\/ld+json\" class=\"yoast-schema-graph\">{\"@context\":\"https:\\\/\\\/schema.org\",\"@graph\":[{\"@type\":\"Article\",\"@id\":\"https:\\\/\\\/bale.ch\\\/journal\\\/partenariat-region-grand-est-cantons-bale\\\/#article\",\"isPartOf\":{\"@id\":\"https:\\\/\\\/bale.ch\\\/journal\\\/partenariat-region-grand-est-cantons-bale\\\/\"},\"author\":{\"name\":\"La R\u00e9daction\",\"@id\":\"https:\\\/\\\/bale.ch\\\/journal\\\/#\\\/schema\\\/person\\\/03ced978db3b7a5274c5cef003f352f5\"},\"headline\":\"Un partenariat de longue date renforc\u00e9 entre la r\u00e9gion Grand Est et les Cantons de B\u00e2le-Ville et B\u00e2le-Campagne\",\"datePublished\":\"2018-09-08T07:39:28+00:00\",\"dateModified\":\"2018-09-23T08:04:14+00:00\",\"mainEntityOfPage\":{\"@id\":\"https:\\\/\\\/bale.ch\\\/journal\\\/partenariat-region-grand-est-cantons-bale\\\/\"},\"wordCount\":243,\"publisher\":{\"@id\":\"https:\\\/\\\/bale.ch\\\/journal\\\/#organization\"},\"image\":{\"@id\":\"https:\\\/\\\/bale.ch\\\/journal\\\/partenariat-region-grand-est-cantons-bale\\\/#primaryimage\"},\"thumbnailUrl\":\"https:\\\/\\\/bale.ch\\\/journal\\\/wp-content\\\/uploads\\\/2018\\\/09\\\/gare_cff_bahnhof_sbb_basel-bale.jpg\",\"articleSection\":[\"B\u00e2le Trinationale\"],\"inLanguage\":\"fr-FR\"},{\"@type\":\"WebPage\",\"@id\":\"https:\\\/\\\/bale.ch\\\/journal\\\/partenariat-region-grand-est-cantons-bale\\\/\",\"url\":\"https:\\\/\\\/bale.ch\\\/journal\\\/partenariat-region-grand-est-cantons-bale\\\/\",\"name\":\"Un partenariat de longue date renforc\u00e9 entre la r\u00e9gion Grand Est et les Cantons de B\u00e2le-Ville et B\u00e2le-Campagne - Journal de B\u00e2le et Gen\u00e8ve\",\"isPartOf\":{\"@id\":\"https:\\\/\\\/bale.ch\\\/journal\\\/#website\"},\"primaryImageOfPage\":{\"@id\":\"https:\\\/\\\/bale.ch\\\/journal\\\/partenariat-region-grand-est-cantons-bale\\\/#primaryimage\"},\"image\":{\"@id\":\"https:\\\/\\\/bale.ch\\\/journal\\\/partenariat-region-grand-est-cantons-bale\\\/#primaryimage\"},\"thumbnailUrl\":\"https:\\\/\\\/bale.ch\\\/journal\\\/wp-content\\\/uploads\\\/2018\\\/09\\\/gare_cff_bahnhof_sbb_basel-bale.jpg\",\"datePublished\":\"2018-09-08T07:39:28+00:00\",\"dateModified\":\"2018-09-23T08:04:14+00:00\",\"breadcrumb\":{\"@id\":\"https:\\\/\\\/bale.ch\\\/journal\\\/partenariat-region-grand-est-cantons-bale\\\/#breadcrumb\"},\"inLanguage\":\"fr-FR\",\"potentialAction\":[{\"@type\":\"ReadAction\",\"target\":[\"https:\\\/\\\/bale.ch\\\/journal\\\/partenariat-region-grand-est-cantons-bale\\\/\"]}]},{\"@type\":\"ImageObject\",\"inLanguage\":\"fr-FR\",\"@id\":\"https:\\\/\\\/bale.ch\\\/journal\\\/partenariat-region-grand-est-cantons-bale\\\/#primaryimage\",\"url\":\"https:\\\/\\\/bale.ch\\\/journal\\\/wp-content\\\/uploads\\\/2018\\\/09\\\/gare_cff_bahnhof_sbb_basel-bale.jpg\",\"contentUrl\":\"https:\\\/\\\/bale.ch\\\/journal\\\/wp-content\\\/uploads\\\/2018\\\/09\\\/gare_cff_bahnhof_sbb_basel-bale.jpg\",\"width\":1329,\"height\":886,\"caption\":\"Photo Alban Lavy\"},{\"@type\":\"BreadcrumbList\",\"@id\":\"https:\\\/\\\/bale.ch\\\/journal\\\/partenariat-region-grand-est-cantons-bale\\\/#breadcrumb\",\"itemListElement\":[{\"@type\":\"ListItem\",\"position\":1,\"name\":\"Accueil\",\"item\":\"https:\\\/\\\/bale.ch\\\/journal\\\/\"},{\"@type\":\"ListItem\",\"position\":2,\"name\":\"Un partenariat de longue date renforc\u00e9 entre la r\u00e9gion Grand Est et les Cantons de B\u00e2le-Ville et B\u00e2le-Campagne\"}]},{\"@type\":\"WebSite\",\"@id\":\"https:\\\/\\\/bale.ch\\\/journal\\\/#website\",\"url\":\"https:\\\/\\\/bale.ch\\\/journal\\\/\",\"name\":\"Journal de B\u00e2le et Gen\u00e8ve\",\"description\":\"M\u00e9dia transfrontalier d&#039;actualit\u00e9s - News\",\"publisher\":{\"@id\":\"https:\\\/\\\/bale.ch\\\/journal\\\/#organization\"},\"potentialAction\":[{\"@type\":\"SearchAction\",\"target\":{\"@type\":\"EntryPoint\",\"urlTemplate\":\"https:\\\/\\\/bale.ch\\\/journal\\\/?s={search_term_string}\"},\"query-input\":{\"@type\":\"PropertyValueSpecification\",\"valueRequired\":true,\"valueName\":\"search_term_string\"}}],\"inLanguage\":\"fr-FR\"},{\"@type\":\"Organization\",\"@id\":\"https:\\\/\\\/bale.ch\\\/journal\\\/#organization\",\"name\":\"Journal de B\u00e2le et Gen\u00e8ve\",\"url\":\"https:\\\/\\\/bale.ch\\\/journal\\\/\",\"logo\":{\"@type\":\"ImageObject\",\"inLanguage\":\"fr-FR\",\"@id\":\"https:\\\/\\\/bale.ch\\\/journal\\\/#\\\/schema\\\/logo\\\/image\\\/\",\"url\":\"https:\\\/\\\/bale.ch\\\/journal\\\/wp-content\\\/uploads\\\/2023\\\/07\\\/journaldebale_logo_2023_nb.png\",\"contentUrl\":\"https:\\\/\\\/bale.ch\\\/journal\\\/wp-content\\\/uploads\\\/2023\\\/07\\\/journaldebale_logo_2023_nb.png\",\"width\":371,\"height\":127,\"caption\":\"Journal de B\u00e2le et Gen\u00e8ve\"},\"image\":{\"@id\":\"https:\\\/\\\/bale.ch\\\/journal\\\/#\\\/schema\\\/logo\\\/image\\\/\"}},{\"@type\":\"Person\",\"@id\":\"https:\\\/\\\/bale.ch\\\/journal\\\/#\\\/schema\\\/person\\\/03ced978db3b7a5274c5cef003f352f5\",\"name\":\"La R\u00e9daction\",\"image\":{\"@type\":\"ImageObject\",\"inLanguage\":\"fr-FR\",\"@id\":\"https:\\\/\\\/secure.gravatar.com\\\/avatar\\\/d1327e2ce8d2b860112f968a3f34686c9bdda7a463a1502cdd1070ac9d88cf1e?s=96&d=mm&r=g\",\"url\":\"https:\\\/\\\/secure.gravatar.com\\\/avatar\\\/d1327e2ce8d2b860112f968a3f34686c9bdda7a463a1502cdd1070ac9d88cf1e?s=96&d=mm&r=g\",\"contentUrl\":\"https:\\\/\\\/secure.gravatar.com\\\/avatar\\\/d1327e2ce8d2b860112f968a3f34686c9bdda7a463a1502cdd1070ac9d88cf1e?s=96&d=mm&r=g\",\"caption\":\"La R\u00e9daction\"},\"url\":\"https:\\\/\\\/bale.ch\\\/journal\\\/author\\\/laredaction\\\/\"}]}<\/script>\n<!-- \/ Yoast SEO plugin. -->","yoast_head_json":{"title":"Un partenariat de longue date renforc\u00e9 entre la r\u00e9gion Grand Est et les Cantons de B\u00e2le-Ville et B\u00e2le-Campagne - Journal de B\u00e2le et Gen\u00e8ve","robots":{"index":"index","follow":"follow","max-snippet":"max-snippet:-1","max-image-preview":"max-image-preview:large","max-video-preview":"max-video-preview:-1"},"canonical":"https:\/\/bale.ch\/journal\/partenariat-region-grand-est-cantons-bale\/","og_locale":"fr_FR","og_type":"article","og_title":"Un partenariat de longue date renforc\u00e9 entre la r\u00e9gion Grand Est et les Cantons de B\u00e2le-Ville et B\u00e2le-Campagne - Journal de B\u00e2le et Gen\u00e8ve","og_description":"B\u00e2le\/Liestal\/Strasbourg &#8211; Jean Rottner, Pr\u00e9sident de la R\u00e9gion Grand Est, Nicole Muller-Becker, Vice-Pr\u00e9sidente de la R\u00e9gion Grand Est en charge de la coop\u00e9ration transfrontali\u00e8re et du d\u00e9veloppement du multilinguisme, Fran\u00e7ois Continuer la lecture","og_url":"https:\/\/bale.ch\/journal\/partenariat-region-grand-est-cantons-bale\/","og_site_name":"Journal de B\u00e2le et Gen\u00e8ve","article_published_time":"2018-09-08T07:39:28+00:00","article_modified_time":"2018-09-23T08:04:14+00:00","og_image":[{"width":1329,"height":886,"url":"https:\/\/bale.ch\/journal\/wp-content\/uploads\/2018\/09\/gare_cff_bahnhof_sbb_basel-bale.jpg","type":"image\/jpeg"}],"author":"La R\u00e9daction","twitter_card":"summary_large_image","twitter_misc":{"\u00c9crit par":"La R\u00e9daction","Dur\u00e9e de lecture estim\u00e9e":"1 minute"},"schema":{"@context":"https:\/\/schema.org","@graph":[{"@type":"Article","@id":"https:\/\/bale.ch\/journal\/partenariat-region-grand-est-cantons-bale\/#article","isPartOf":{"@id":"https:\/\/bale.ch\/journal\/partenariat-region-grand-est-cantons-bale\/"},"author":{"name":"La R\u00e9daction","@id":"https:\/\/bale.ch\/journal\/#\/schema\/person\/03ced978db3b7a5274c5cef003f352f5"},"headline":"Un partenariat de longue date renforc\u00e9 entre la r\u00e9gion Grand Est et les Cantons de B\u00e2le-Ville et B\u00e2le-Campagne","datePublished":"2018-09-08T07:39:28+00:00","dateModified":"2018-09-23T08:04:14+00:00","mainEntityOfPage":{"@id":"https:\/\/bale.ch\/journal\/partenariat-region-grand-est-cantons-bale\/"},"wordCount":243,"publisher":{"@id":"https:\/\/bale.ch\/journal\/#organization"},"image":{"@id":"https:\/\/bale.ch\/journal\/partenariat-region-grand-est-cantons-bale\/#primaryimage"},"thumbnailUrl":"https:\/\/bale.ch\/journal\/wp-content\/uploads\/2018\/09\/gare_cff_bahnhof_sbb_basel-bale.jpg","articleSection":["B\u00e2le Trinationale"],"inLanguage":"fr-FR"},{"@type":"WebPage","@id":"https:\/\/bale.ch\/journal\/partenariat-region-grand-est-cantons-bale\/","url":"https:\/\/bale.ch\/journal\/partenariat-region-grand-est-cantons-bale\/","name":"Un partenariat de longue date renforc\u00e9 entre la r\u00e9gion Grand Est et les Cantons de B\u00e2le-Ville et B\u00e2le-Campagne - Journal de B\u00e2le et Gen\u00e8ve","isPartOf":{"@id":"https:\/\/bale.ch\/journal\/#website"},"primaryImageOfPage":{"@id":"https:\/\/bale.ch\/journal\/partenariat-region-grand-est-cantons-bale\/#primaryimage"},"image":{"@id":"https:\/\/bale.ch\/journal\/partenariat-region-grand-est-cantons-bale\/#primaryimage"},"thumbnailUrl":"https:\/\/bale.ch\/journal\/wp-content\/uploads\/2018\/09\/gare_cff_bahnhof_sbb_basel-bale.jpg","datePublished":"2018-09-08T07:39:28+00:00","dateModified":"2018-09-23T08:04:14+00:00","breadcrumb":{"@id":"https:\/\/bale.ch\/journal\/partenariat-region-grand-est-cantons-bale\/#breadcrumb"},"inLanguage":"fr-FR","potentialAction":[{"@type":"ReadAction","target":["https:\/\/bale.ch\/journal\/partenariat-region-grand-est-cantons-bale\/"]}]},{"@type":"ImageObject","inLanguage":"fr-FR","@id":"https:\/\/bale.ch\/journal\/partenariat-region-grand-est-cantons-bale\/#primaryimage","url":"https:\/\/bale.ch\/journal\/wp-content\/uploads\/2018\/09\/gare_cff_bahnhof_sbb_basel-bale.jpg","contentUrl":"https:\/\/bale.ch\/journal\/wp-content\/uploads\/2018\/09\/gare_cff_bahnhof_sbb_basel-bale.jpg","width":1329,"height":886,"caption":"Photo Alban Lavy"},{"@type":"BreadcrumbList","@id":"https:\/\/bale.ch\/journal\/partenariat-region-grand-est-cantons-bale\/#breadcrumb","itemListElement":[{"@type":"ListItem","position":1,"name":"Accueil","item":"https:\/\/bale.ch\/journal\/"},{"@type":"ListItem","position":2,"name":"Un partenariat de longue date renforc\u00e9 entre la r\u00e9gion Grand Est et les Cantons de B\u00e2le-Ville et B\u00e2le-Campagne"}]},{"@type":"WebSite","@id":"https:\/\/bale.ch\/journal\/#website","url":"https:\/\/bale.ch\/journal\/","name":"Journal de B\u00e2le et Gen\u00e8ve","description":"M\u00e9dia transfrontalier d&#039;actualit\u00e9s - News","publisher":{"@id":"https:\/\/bale.ch\/journal\/#organization"},"potentialAction":[{"@type":"SearchAction","target":{"@type":"EntryPoint","urlTemplate":"https:\/\/bale.ch\/journal\/?s={search_term_string}"},"query-input":{"@type":"PropertyValueSpecification","valueRequired":true,"valueName":"search_term_string"}}],"inLanguage":"fr-FR"},{"@type":"Organization","@id":"https:\/\/bale.ch\/journal\/#organization","name":"Journal de B\u00e2le et Gen\u00e8ve","url":"https:\/\/bale.ch\/journal\/","logo":{"@type":"ImageObject","inLanguage":"fr-FR","@id":"https:\/\/bale.ch\/journal\/#\/schema\/logo\/image\/","url":"https:\/\/bale.ch\/journal\/wp-content\/uploads\/2023\/07\/journaldebale_logo_2023_nb.png","contentUrl":"https:\/\/bale.ch\/journal\/wp-content\/uploads\/2023\/07\/journaldebale_logo_2023_nb.png","width":371,"height":127,"caption":"Journal de B\u00e2le et Gen\u00e8ve"},"image":{"@id":"https:\/\/bale.ch\/journal\/#\/schema\/logo\/image\/"}},{"@type":"Person","@id":"https:\/\/bale.ch\/journal\/#\/schema\/person\/03ced978db3b7a5274c5cef003f352f5","name":"La R\u00e9daction","image":{"@type":"ImageObject","inLanguage":"fr-FR","@id":"https:\/\/secure.gravatar.com\/avatar\/d1327e2ce8d2b860112f968a3f34686c9bdda7a463a1502cdd1070ac9d88cf1e?s=96&d=mm&r=g","url":"https:\/\/secure.gravatar.com\/avatar\/d1327e2ce8d2b860112f968a3f34686c9bdda7a463a1502cdd1070ac9d88cf1e?s=96&d=mm&r=g","contentUrl":"https:\/\/secure.gravatar.com\/avatar\/d1327e2ce8d2b860112f968a3f34686c9bdda7a463a1502cdd1070ac9d88cf1e?s=96&d=mm&r=g","caption":"La R\u00e9daction"},"url":"https:\/\/bale.ch\/journal\/author\/laredaction\/"}]}},"_links":{"self":[{"href":"https:\/\/bale.ch\/journal\/wp-json\/wp\/v2\/posts\/1226","targetHints":{"allow":["GET"]}}],"collection":[{"href":"https:\/\/bale.ch\/journal\/wp-json\/wp\/v2\/posts"}],"about":[{"href":"https:\/\/bale.ch\/journal\/wp-json\/wp\/v2\/types\/post"}],"author":[{"embeddable":true,"href":"https:\/\/bale.ch\/journal\/wp-json\/wp\/v2\/users\/2"}],"replies":[{"embeddable":true,"href":"https:\/\/bale.ch\/journal\/wp-json\/wp\/v2\/comments?post=1226"}],"version-history":[{"count":4,"href":"https:\/\/bale.ch\/journal\/wp-json\/wp\/v2\/posts\/1226\/revisions"}],"predecessor-version":[{"id":1232,"href":"https:\/\/bale.ch\/journal\/wp-json\/wp\/v2\/posts\/1226\/revisions\/1232"}],"wp:featuredmedia":[{"embeddable":true,"href":"https:\/\/bale.ch\/journal\/wp-json\/wp\/v2\/media\/1228"}],"wp:attachment":[{"href":"https:\/\/bale.ch\/journal\/wp-json\/wp\/v2\/media?parent=1226"}],"wp:term":[{"taxonomy":"category","embeddable":true,"href":"https:\/\/bale.ch\/journal\/wp-json\/wp\/v2\/categories?post=1226"},{"taxonomy":"post_tag","embeddable":true,"href":"https:\/\/bale.ch\/journal\/wp-json\/wp\/v2\/tags?post=1226"}],"curies":[{"name":"wp","href":"https:\/\/api.w.org\/{rel}","templated":true}]}}