{"id":123,"date":"2015-10-26T21:12:25","date_gmt":"2015-10-26T21:12:25","guid":{"rendered":"http:\/\/bale.ch\/journal\/?p=123"},"modified":"2015-11-02T15:24:54","modified_gmt":"2015-11-02T15:24:54","slug":"1er-anniversaire-meg","status":"publish","type":"post","link":"https:\/\/bale.ch\/journal\/1er-anniversaire-meg\/","title":{"rendered":"Le MEG f\u00eate le premier anniversaire de son agrandissement"},"content":{"rendered":"<div class=\"lead\">\n<p class=\"base\">Le Mus\u00e9e d&rsquo;ethnographie de Gen\u00e8ve (<a href=\"http:\/\/www.ville-ge.ch\/meg\/index.php\" target=\"_blank\">MEG<\/a>) f\u00eatera le 31 octobre 2015 le premier anniversaire de sa r\u00e9ouverture apr\u00e8s son agrandissement. De nombreuses activit\u00e9s gratuites seront propos\u00e9es aux visiteurs, dans la mesure des places disponibles.<\/p>\n<\/div>\n<div class=\"par parsys\">\n<div class=\"paragraphtext section\">\n<p>Les 31 octobre et 1er novembre, l&rsquo;acc\u00e8s aux expositions, dont l&rsquo;exposition temporaire \u201cLe bouddhisme de Madame Butterfly. Le japonisme bouddhique\u201d sera gratuit. Une visite guid\u00e9e aura lieu le dimanche matin. En outre, des ateliers de confection de grues en origami, de maquillage et de costumes japonais sont pr\u00e9vus les deux jours.<\/p>\n<\/div>\n<div class=\"paragraphtext section\">\n<p>Plusieurs spectacles sont aussi programm\u00e9s: danses traditionnelles japonaises, tambours nippons et \u00e9veil musical des tout-petits par un tour du monde des rituels festifs. A noter \u00e9galement un concert de la chanteuse et compositrice libanaise Yasmine Hamdan, consid\u00e9r\u00e9e comme \u201cla voix moderne de la musique arabe\u201d.<\/p>\n<div class=\"paragraphtext section\">\n<p><iframe loading=\"lazy\" src=\"https:\/\/www.youtube.com\/embed\/XDepIDGKC2U\" width=\"560\" height=\"315\" frameborder=\"0\" allowfullscreen=\"allowfullscreen\"><\/iframe><\/p>\n<p>Le programme complet se trouve sur <a href=\"http:\/\/www.ville-ge.ch\/meg\/agenda.php\" target=\"_blank\">www.ville-ge.ch\/meg\/agenda.php<\/a><\/p>\n<\/div>\n<\/div>\n<\/div>\n<div id=\"crieu-3135473449\" class=\"crieu-apres-le-contenu crieu-entity-placement\" style=\"margin-left: auto;margin-right: auto;text-align: center;\"><script async src=\"\/\/pagead2.googlesyndication.com\/pagead\/js\/adsbygoogle.js?client=ca-pub-5271584769416742\" crossorigin=\"anonymous\"><\/script><ins class=\"adsbygoogle\" style=\"display:block;\" data-ad-client=\"ca-pub-5271584769416742\" \ndata-ad-slot=\"9321250718\" \ndata-ad-format=\"auto\"><\/ins>\n<script> \n(adsbygoogle = window.adsbygoogle || []).push({}); \n<\/script>\n<\/div>","protected":false},"excerpt":{"rendered":"<p>Le Mus\u00e9e d&rsquo;ethnographie de Gen\u00e8ve (MEG) f\u00eatera le 31 octobre 2015 le premier anniversaire de sa r\u00e9ouverture apr\u00e8s son agrandissement. De nombreuses activit\u00e9s gratuites seront propos\u00e9es aux visiteurs, dans la <a href=\"https:\/\/bale.ch\/journal\/1er-anniversaire-meg\/\" class=\"read-more button-fancy -red\"><span class=\"btn-arrow\"><\/span><span class=\"twp-read-more text\">Continuer la lecture<\/span><\/a><\/p>\n","protected":false},"author":2,"featured_media":222,"comment_status":"closed","ping_status":"closed","sticky":false,"template":"","format":"standard","meta":{"footnotes":""},"categories":[10,4,18],"tags":[37,36],"class_list":["post-123","post","type-post","status-publish","format-standard","has-post-thumbnail","hentry","category-culture","category-grand-geneve","category-sortir","tag-meg","tag-musee"],"yoast_head":"<!-- This site is optimized with the Yoast SEO plugin v28.3 - https:\/\/yoast.com\/product\/yoast-seo-wordpress\/ -->\n<title>Le MEG f\u00eate le premier anniversaire de son agrandissement - Journal de B\u00e2le et Gen\u00e8ve<\/title>\n<meta name=\"robots\" content=\"index, follow, max-snippet:-1, max-image-preview:large, max-video-preview:-1\" \/>\n<link rel=\"canonical\" href=\"https:\/\/bale.ch\/journal\/1er-anniversaire-meg\/\" \/>\n<meta property=\"og:locale\" content=\"fr_FR\" \/>\n<meta property=\"og:type\" content=\"article\" \/>\n<meta property=\"og:title\" content=\"Le MEG f\u00eate le premier anniversaire de son agrandissement - Journal de B\u00e2le et Gen\u00e8ve\" \/>\n<meta property=\"og:description\" content=\"Le Mus\u00e9e d&rsquo;ethnographie de Gen\u00e8ve (MEG) f\u00eatera le 31 octobre 2015 le premier anniversaire de sa r\u00e9ouverture apr\u00e8s son agrandissement. De nombreuses activit\u00e9s gratuites seront propos\u00e9es aux visiteurs, dans la Continuer la lecture\" \/>\n<meta property=\"og:url\" content=\"https:\/\/bale.ch\/journal\/1er-anniversaire-meg\/\" \/>\n<meta property=\"og:site_name\" content=\"Journal de B\u00e2le et Gen\u00e8ve\" \/>\n<meta property=\"article:published_time\" content=\"2015-10-26T21:12:25+00:00\" \/>\n<meta property=\"article:modified_time\" content=\"2015-11-02T15:24:54+00:00\" \/>\n<meta property=\"og:image\" content=\"https:\/\/bale.ch\/journal\/wp-content\/uploads\/2015\/10\/meg_geneve_2015-e1446477884612.jpg\" \/>\n\t<meta property=\"og:image:width\" content=\"1181\" \/>\n\t<meta property=\"og:image:height\" content=\"711\" \/>\n\t<meta property=\"og:image:type\" content=\"image\/jpeg\" \/>\n<meta name=\"author\" content=\"La R\u00e9daction\" \/>\n<meta name=\"twitter:card\" content=\"summary_large_image\" \/>\n<meta name=\"twitter:label1\" content=\"\u00c9crit par\" \/>\n\t<meta name=\"twitter:data1\" content=\"La R\u00e9daction\" \/>\n\t<meta name=\"twitter:label2\" content=\"Dur\u00e9e de lecture estim\u00e9e\" \/>\n\t<meta name=\"twitter:data2\" content=\"1 minute\" \/>\n<script type=\"application\/ld+json\" class=\"yoast-schema-graph\">{\"@context\":\"https:\\\/\\\/schema.org\",\"@graph\":[{\"@type\":\"Article\",\"@id\":\"https:\\\/\\\/bale.ch\\\/journal\\\/1er-anniversaire-meg\\\/#article\",\"isPartOf\":{\"@id\":\"https:\\\/\\\/bale.ch\\\/journal\\\/1er-anniversaire-meg\\\/\"},\"author\":{\"name\":\"La R\u00e9daction\",\"@id\":\"https:\\\/\\\/bale.ch\\\/journal\\\/#\\\/schema\\\/person\\\/03ced978db3b7a5274c5cef003f352f5\"},\"headline\":\"Le MEG f\u00eate le premier anniversaire de son agrandissement\",\"datePublished\":\"2015-10-26T21:12:25+00:00\",\"dateModified\":\"2015-11-02T15:24:54+00:00\",\"mainEntityOfPage\":{\"@id\":\"https:\\\/\\\/bale.ch\\\/journal\\\/1er-anniversaire-meg\\\/\"},\"wordCount\":165,\"publisher\":{\"@id\":\"https:\\\/\\\/bale.ch\\\/journal\\\/#organization\"},\"image\":{\"@id\":\"https:\\\/\\\/bale.ch\\\/journal\\\/1er-anniversaire-meg\\\/#primaryimage\"},\"thumbnailUrl\":\"https:\\\/\\\/bale.ch\\\/journal\\\/wp-content\\\/uploads\\\/2015\\\/10\\\/meg_geneve_2015-e1446477884612.jpg\",\"keywords\":[\"MEG\",\"Mus\u00e9e\"],\"articleSection\":[\"Culture\",\"Grand Gen\u00e8ve\",\"Sortir\"],\"inLanguage\":\"fr-FR\"},{\"@type\":\"WebPage\",\"@id\":\"https:\\\/\\\/bale.ch\\\/journal\\\/1er-anniversaire-meg\\\/\",\"url\":\"https:\\\/\\\/bale.ch\\\/journal\\\/1er-anniversaire-meg\\\/\",\"name\":\"Le MEG f\u00eate le premier anniversaire de son agrandissement - Journal de B\u00e2le et Gen\u00e8ve\",\"isPartOf\":{\"@id\":\"https:\\\/\\\/bale.ch\\\/journal\\\/#website\"},\"primaryImageOfPage\":{\"@id\":\"https:\\\/\\\/bale.ch\\\/journal\\\/1er-anniversaire-meg\\\/#primaryimage\"},\"image\":{\"@id\":\"https:\\\/\\\/bale.ch\\\/journal\\\/1er-anniversaire-meg\\\/#primaryimage\"},\"thumbnailUrl\":\"https:\\\/\\\/bale.ch\\\/journal\\\/wp-content\\\/uploads\\\/2015\\\/10\\\/meg_geneve_2015-e1446477884612.jpg\",\"datePublished\":\"2015-10-26T21:12:25+00:00\",\"dateModified\":\"2015-11-02T15:24:54+00:00\",\"breadcrumb\":{\"@id\":\"https:\\\/\\\/bale.ch\\\/journal\\\/1er-anniversaire-meg\\\/#breadcrumb\"},\"inLanguage\":\"fr-FR\",\"potentialAction\":[{\"@type\":\"ReadAction\",\"target\":[\"https:\\\/\\\/bale.ch\\\/journal\\\/1er-anniversaire-meg\\\/\"]}]},{\"@type\":\"ImageObject\",\"inLanguage\":\"fr-FR\",\"@id\":\"https:\\\/\\\/bale.ch\\\/journal\\\/1er-anniversaire-meg\\\/#primaryimage\",\"url\":\"https:\\\/\\\/bale.ch\\\/journal\\\/wp-content\\\/uploads\\\/2015\\\/10\\\/meg_geneve_2015-e1446477884612.jpg\",\"contentUrl\":\"https:\\\/\\\/bale.ch\\\/journal\\\/wp-content\\\/uploads\\\/2015\\\/10\\\/meg_geneve_2015-e1446477884612.jpg\",\"width\":1181,\"height\":711,\"caption\":\"Photo Alban Lavy\"},{\"@type\":\"BreadcrumbList\",\"@id\":\"https:\\\/\\\/bale.ch\\\/journal\\\/1er-anniversaire-meg\\\/#breadcrumb\",\"itemListElement\":[{\"@type\":\"ListItem\",\"position\":1,\"name\":\"Accueil\",\"item\":\"https:\\\/\\\/bale.ch\\\/journal\\\/\"},{\"@type\":\"ListItem\",\"position\":2,\"name\":\"Le MEG f\u00eate le premier anniversaire de son agrandissement\"}]},{\"@type\":\"WebSite\",\"@id\":\"https:\\\/\\\/bale.ch\\\/journal\\\/#website\",\"url\":\"https:\\\/\\\/bale.ch\\\/journal\\\/\",\"name\":\"Journal de B\u00e2le et Gen\u00e8ve\",\"description\":\"M\u00e9dia transfrontalier d&#039;actualit\u00e9s - News\",\"publisher\":{\"@id\":\"https:\\\/\\\/bale.ch\\\/journal\\\/#organization\"},\"potentialAction\":[{\"@type\":\"SearchAction\",\"target\":{\"@type\":\"EntryPoint\",\"urlTemplate\":\"https:\\\/\\\/bale.ch\\\/journal\\\/?s={search_term_string}\"},\"query-input\":{\"@type\":\"PropertyValueSpecification\",\"valueRequired\":true,\"valueName\":\"search_term_string\"}}],\"inLanguage\":\"fr-FR\"},{\"@type\":\"Organization\",\"@id\":\"https:\\\/\\\/bale.ch\\\/journal\\\/#organization\",\"name\":\"Journal de B\u00e2le et Gen\u00e8ve\",\"url\":\"https:\\\/\\\/bale.ch\\\/journal\\\/\",\"logo\":{\"@type\":\"ImageObject\",\"inLanguage\":\"fr-FR\",\"@id\":\"https:\\\/\\\/bale.ch\\\/journal\\\/#\\\/schema\\\/logo\\\/image\\\/\",\"url\":\"https:\\\/\\\/bale.ch\\\/journal\\\/wp-content\\\/uploads\\\/2023\\\/07\\\/journaldebale_logo_2023_nb.png\",\"contentUrl\":\"https:\\\/\\\/bale.ch\\\/journal\\\/wp-content\\\/uploads\\\/2023\\\/07\\\/journaldebale_logo_2023_nb.png\",\"width\":371,\"height\":127,\"caption\":\"Journal de B\u00e2le et Gen\u00e8ve\"},\"image\":{\"@id\":\"https:\\\/\\\/bale.ch\\\/journal\\\/#\\\/schema\\\/logo\\\/image\\\/\"}},{\"@type\":\"Person\",\"@id\":\"https:\\\/\\\/bale.ch\\\/journal\\\/#\\\/schema\\\/person\\\/03ced978db3b7a5274c5cef003f352f5\",\"name\":\"La R\u00e9daction\",\"image\":{\"@type\":\"ImageObject\",\"inLanguage\":\"fr-FR\",\"@id\":\"https:\\\/\\\/secure.gravatar.com\\\/avatar\\\/d1327e2ce8d2b860112f968a3f34686c9bdda7a463a1502cdd1070ac9d88cf1e?s=96&d=mm&r=g\",\"url\":\"https:\\\/\\\/secure.gravatar.com\\\/avatar\\\/d1327e2ce8d2b860112f968a3f34686c9bdda7a463a1502cdd1070ac9d88cf1e?s=96&d=mm&r=g\",\"contentUrl\":\"https:\\\/\\\/secure.gravatar.com\\\/avatar\\\/d1327e2ce8d2b860112f968a3f34686c9bdda7a463a1502cdd1070ac9d88cf1e?s=96&d=mm&r=g\",\"caption\":\"La R\u00e9daction\"},\"url\":\"https:\\\/\\\/bale.ch\\\/journal\\\/author\\\/laredaction\\\/\"}]}<\/script>\n<!-- \/ Yoast SEO plugin. -->","yoast_head_json":{"title":"Le MEG f\u00eate le premier anniversaire de son agrandissement - Journal de B\u00e2le et Gen\u00e8ve","robots":{"index":"index","follow":"follow","max-snippet":"max-snippet:-1","max-image-preview":"max-image-preview:large","max-video-preview":"max-video-preview:-1"},"canonical":"https:\/\/bale.ch\/journal\/1er-anniversaire-meg\/","og_locale":"fr_FR","og_type":"article","og_title":"Le MEG f\u00eate le premier anniversaire de son agrandissement - Journal de B\u00e2le et Gen\u00e8ve","og_description":"Le Mus\u00e9e d&rsquo;ethnographie de Gen\u00e8ve (MEG) f\u00eatera le 31 octobre 2015 le premier anniversaire de sa r\u00e9ouverture apr\u00e8s son agrandissement. De nombreuses activit\u00e9s gratuites seront propos\u00e9es aux visiteurs, dans la Continuer la lecture","og_url":"https:\/\/bale.ch\/journal\/1er-anniversaire-meg\/","og_site_name":"Journal de B\u00e2le et Gen\u00e8ve","article_published_time":"2015-10-26T21:12:25+00:00","article_modified_time":"2015-11-02T15:24:54+00:00","og_image":[{"width":1181,"height":711,"url":"https:\/\/bale.ch\/journal\/wp-content\/uploads\/2015\/10\/meg_geneve_2015-e1446477884612.jpg","type":"image\/jpeg"}],"author":"La R\u00e9daction","twitter_card":"summary_large_image","twitter_misc":{"\u00c9crit par":"La R\u00e9daction","Dur\u00e9e de lecture estim\u00e9e":"1 minute"},"schema":{"@context":"https:\/\/schema.org","@graph":[{"@type":"Article","@id":"https:\/\/bale.ch\/journal\/1er-anniversaire-meg\/#article","isPartOf":{"@id":"https:\/\/bale.ch\/journal\/1er-anniversaire-meg\/"},"author":{"name":"La R\u00e9daction","@id":"https:\/\/bale.ch\/journal\/#\/schema\/person\/03ced978db3b7a5274c5cef003f352f5"},"headline":"Le MEG f\u00eate le premier anniversaire de son agrandissement","datePublished":"2015-10-26T21:12:25+00:00","dateModified":"2015-11-02T15:24:54+00:00","mainEntityOfPage":{"@id":"https:\/\/bale.ch\/journal\/1er-anniversaire-meg\/"},"wordCount":165,"publisher":{"@id":"https:\/\/bale.ch\/journal\/#organization"},"image":{"@id":"https:\/\/bale.ch\/journal\/1er-anniversaire-meg\/#primaryimage"},"thumbnailUrl":"https:\/\/bale.ch\/journal\/wp-content\/uploads\/2015\/10\/meg_geneve_2015-e1446477884612.jpg","keywords":["MEG","Mus\u00e9e"],"articleSection":["Culture","Grand Gen\u00e8ve","Sortir"],"inLanguage":"fr-FR"},{"@type":"WebPage","@id":"https:\/\/bale.ch\/journal\/1er-anniversaire-meg\/","url":"https:\/\/bale.ch\/journal\/1er-anniversaire-meg\/","name":"Le MEG f\u00eate le premier anniversaire de son agrandissement - Journal de B\u00e2le et Gen\u00e8ve","isPartOf":{"@id":"https:\/\/bale.ch\/journal\/#website"},"primaryImageOfPage":{"@id":"https:\/\/bale.ch\/journal\/1er-anniversaire-meg\/#primaryimage"},"image":{"@id":"https:\/\/bale.ch\/journal\/1er-anniversaire-meg\/#primaryimage"},"thumbnailUrl":"https:\/\/bale.ch\/journal\/wp-content\/uploads\/2015\/10\/meg_geneve_2015-e1446477884612.jpg","datePublished":"2015-10-26T21:12:25+00:00","dateModified":"2015-11-02T15:24:54+00:00","breadcrumb":{"@id":"https:\/\/bale.ch\/journal\/1er-anniversaire-meg\/#breadcrumb"},"inLanguage":"fr-FR","potentialAction":[{"@type":"ReadAction","target":["https:\/\/bale.ch\/journal\/1er-anniversaire-meg\/"]}]},{"@type":"ImageObject","inLanguage":"fr-FR","@id":"https:\/\/bale.ch\/journal\/1er-anniversaire-meg\/#primaryimage","url":"https:\/\/bale.ch\/journal\/wp-content\/uploads\/2015\/10\/meg_geneve_2015-e1446477884612.jpg","contentUrl":"https:\/\/bale.ch\/journal\/wp-content\/uploads\/2015\/10\/meg_geneve_2015-e1446477884612.jpg","width":1181,"height":711,"caption":"Photo Alban Lavy"},{"@type":"BreadcrumbList","@id":"https:\/\/bale.ch\/journal\/1er-anniversaire-meg\/#breadcrumb","itemListElement":[{"@type":"ListItem","position":1,"name":"Accueil","item":"https:\/\/bale.ch\/journal\/"},{"@type":"ListItem","position":2,"name":"Le MEG f\u00eate le premier anniversaire de son agrandissement"}]},{"@type":"WebSite","@id":"https:\/\/bale.ch\/journal\/#website","url":"https:\/\/bale.ch\/journal\/","name":"Journal de B\u00e2le et Gen\u00e8ve","description":"M\u00e9dia transfrontalier d&#039;actualit\u00e9s - News","publisher":{"@id":"https:\/\/bale.ch\/journal\/#organization"},"potentialAction":[{"@type":"SearchAction","target":{"@type":"EntryPoint","urlTemplate":"https:\/\/bale.ch\/journal\/?s={search_term_string}"},"query-input":{"@type":"PropertyValueSpecification","valueRequired":true,"valueName":"search_term_string"}}],"inLanguage":"fr-FR"},{"@type":"Organization","@id":"https:\/\/bale.ch\/journal\/#organization","name":"Journal de B\u00e2le et Gen\u00e8ve","url":"https:\/\/bale.ch\/journal\/","logo":{"@type":"ImageObject","inLanguage":"fr-FR","@id":"https:\/\/bale.ch\/journal\/#\/schema\/logo\/image\/","url":"https:\/\/bale.ch\/journal\/wp-content\/uploads\/2023\/07\/journaldebale_logo_2023_nb.png","contentUrl":"https:\/\/bale.ch\/journal\/wp-content\/uploads\/2023\/07\/journaldebale_logo_2023_nb.png","width":371,"height":127,"caption":"Journal de B\u00e2le et Gen\u00e8ve"},"image":{"@id":"https:\/\/bale.ch\/journal\/#\/schema\/logo\/image\/"}},{"@type":"Person","@id":"https:\/\/bale.ch\/journal\/#\/schema\/person\/03ced978db3b7a5274c5cef003f352f5","name":"La R\u00e9daction","image":{"@type":"ImageObject","inLanguage":"fr-FR","@id":"https:\/\/secure.gravatar.com\/avatar\/d1327e2ce8d2b860112f968a3f34686c9bdda7a463a1502cdd1070ac9d88cf1e?s=96&d=mm&r=g","url":"https:\/\/secure.gravatar.com\/avatar\/d1327e2ce8d2b860112f968a3f34686c9bdda7a463a1502cdd1070ac9d88cf1e?s=96&d=mm&r=g","contentUrl":"https:\/\/secure.gravatar.com\/avatar\/d1327e2ce8d2b860112f968a3f34686c9bdda7a463a1502cdd1070ac9d88cf1e?s=96&d=mm&r=g","caption":"La R\u00e9daction"},"url":"https:\/\/bale.ch\/journal\/author\/laredaction\/"}]}},"_links":{"self":[{"href":"https:\/\/bale.ch\/journal\/wp-json\/wp\/v2\/posts\/123","targetHints":{"allow":["GET"]}}],"collection":[{"href":"https:\/\/bale.ch\/journal\/wp-json\/wp\/v2\/posts"}],"about":[{"href":"https:\/\/bale.ch\/journal\/wp-json\/wp\/v2\/types\/post"}],"author":[{"embeddable":true,"href":"https:\/\/bale.ch\/journal\/wp-json\/wp\/v2\/users\/2"}],"replies":[{"embeddable":true,"href":"https:\/\/bale.ch\/journal\/wp-json\/wp\/v2\/comments?post=123"}],"version-history":[{"count":5,"href":"https:\/\/bale.ch\/journal\/wp-json\/wp\/v2\/posts\/123\/revisions"}],"predecessor-version":[{"id":156,"href":"https:\/\/bale.ch\/journal\/wp-json\/wp\/v2\/posts\/123\/revisions\/156"}],"wp:featuredmedia":[{"embeddable":true,"href":"https:\/\/bale.ch\/journal\/wp-json\/wp\/v2\/media\/222"}],"wp:attachment":[{"href":"https:\/\/bale.ch\/journal\/wp-json\/wp\/v2\/media?parent=123"}],"wp:term":[{"taxonomy":"category","embeddable":true,"href":"https:\/\/bale.ch\/journal\/wp-json\/wp\/v2\/categories?post=123"},{"taxonomy":"post_tag","embeddable":true,"href":"https:\/\/bale.ch\/journal\/wp-json\/wp\/v2\/tags?post=123"}],"curies":[{"name":"wp","href":"https:\/\/api.w.org\/{rel}","templated":true}]}}