{"id":1241,"date":"2018-09-26T20:35:29","date_gmt":"2018-09-26T20:35:29","guid":{"rendered":"http:\/\/bale.ch\/journal\/?p=1241"},"modified":"2018-09-26T20:47:23","modified_gmt":"2018-09-26T20:47:23","slug":"musees-geneve-saison-2018-2019","status":"publish","type":"post","link":"https:\/\/bale.ch\/journal\/musees-geneve-saison-2018-2019\/","title":{"rendered":"Gen\u00e8ve-Ville: une saison mus\u00e9ale stimulante pour toutes les envies"},"content":{"rendered":"<p><strong>Ce 25 septembre, pour la quatri\u00e8me ann\u00e9e cons\u00e9cutive, les mus\u00e9es de Gen\u00e8ve se sont f\u00e9d\u00e9r\u00e9s pour pr\u00e9senter leur saison mus\u00e9ale 2018-2019. De grandes expositions invitent les publics \u00e0 franchir des fronti\u00e8res artistiques, scientifiques, sociales, g\u00e9ographiques ou historiques. Plusieurs hommages \u00e0 des personnalit\u00e9s genevoises au destin hors du commun viennent compl\u00e9ter ce large panorama de propositions. Enfin, les actions de m\u00e9diation sp\u00e9cifiques attestent d\u2019un engagement continu en faveur des publics.<\/strong><\/p>\n<p><!--more--><\/p>\n<p>Cr\u00e9er une saison mus\u00e9ale, c\u2019est faire \u00e9merger des lignes de forces, c\u2019est encourager la coop\u00e9ration entre les institutions, c\u2019est donner envie aux publics de s\u2019int\u00e9resser \u00e0 des mus\u00e9es qui leur sont moins connus, tout en favorisant la visibilit\u00e9 du travail effectu\u00e9.<\/p>\n<p>Les grandes expositions de la saison 2018-2019 attestent du multiculturalisme de Gen\u00e8ve, en invitant les publics \u00e0 franchir les fronti\u00e8res, qu\u2019elles soient artistiques, sociales, g\u00e9ographiques ou historiques. Ainsi, le MEG et le MIR s\u2019interrogent respectivement sur l\u2019h\u00e9ritage traditionnel et biblique. La Fondation Baur met en regard ses collections chinoises avec celles de Zhuyuetang ; la th\u00e9matique du monde carc\u00e9ral est abord\u00e9e de mani\u00e8re singuli\u00e8re par le MICR et le Mus\u00e9e des Suisses dans le monde. La Fondation Martin Bodmer r\u00e9v\u00e8le des originaux, alors que le MAMCO met en lumi\u00e8re le travail de l\u2019artiste genevoise, Mai-Thu Perret. Enfin la Fondation Barbier-Mueller nous emm\u00e8ne au B\u00e9nin et le Mus\u00e9e d\u2019art et d\u2019histoire sur les traces de chefs-d\u2019\u0153uvre antiques.<\/p><div id=\"crieu-1614209907\" class=\"crieu-content crieu-entity-placement\"><script async src=\"\/\/pagead2.googlesyndication.com\/pagead\/js\/adsbygoogle.js?client=ca-pub-5271584769416742\" crossorigin=\"anonymous\"><\/script><ins class=\"adsbygoogle\" style=\"display:block;\" data-ad-client=\"ca-pub-5271584769416742\" \ndata-ad-slot=\"9321250718\" \ndata-ad-format=\"auto\"><\/ins>\n<script> \n(adsbygoogle = window.adsbygoogle || []).push({}); \n<\/script>\n<\/div>\n<p>Gen\u00e8ve se distingue par ailleurs par un p\u00f4le scientifique particuli\u00e8rement actif. Les mus\u00e9es tourn\u00e9s vers la science ont \u00e0 c\u0153ur de se rapprocher des publics, par le biais de leurs expositions \u2013 Pr\u00e9dation au Mus\u00e9um d\u2019histoire naturelle ; Roulez les m\u00e9caniques. La loi du moindre effort au Mus\u00e9e d\u2019histoire des sciences \u2013, Symboles &amp; sentiments : secrets du monde v\u00e9g\u00e9tal aux Conservatoire et Jardin botaniques.<\/p>\n<p>Enfin, plusieurs mus\u00e9es rendent hommage \u00e0 des personnalit\u00e9s importantes qui ont marqu\u00e9 Gen\u00e8ve \u00e0 plus d\u2019un titre : Gustave Revilliod au Mus\u00e9e Ariana, Nicolas Bouvier \u00e0 la Biblioth\u00e8que de Gen\u00e8ve et Christa de Carouge au Mus\u00e9e de Carouge. Ce lancement de saison mus\u00e9ale est une initiative de la Conf\u00e9rence des Mus\u00e9es r\u00e9unissant les directeurs et directrices d\u2019une quinzaine de mus\u00e9es publics et priv\u00e9s. Sous l\u2019impulsion du D\u00e9partement de la culture et du sport, Mus\u00e9es de Gen\u00e8ve devient progressivement une v\u00e9ritable plateforme pour faire valoir l\u2019originalit\u00e9 et l\u2019attractivit\u00e9 de l\u2019offre mus\u00e9ale genevoise en Suisse et \u00e0 l\u2019\u00e9tranger. Sami Kanaan, Maire de Gen\u00e8ve se r\u00e9jouit des liens tiss\u00e9s au fil des ans : \u00ab F\u00e9d\u00e9rer les acteurs permet de r\u00e9affirmer le r\u00f4le central des mus\u00e9es dans la Cit\u00e9 et de mettre en \u0153uvre des mesures concr\u00e8tes tel le Pass Mus\u00e9es \u00bb. L\u2019\u00e9ventail de l\u2019offre mus\u00e9ale est disponible sur le site <a href=\"http:\/\/www.museesdegeneve.ch\" target=\"_blank\" rel=\"noopener\">www.museesdegeneve.ch<\/a> qui s\u2019\u00e9toffe et s\u2019enrichit d\u2019une version en anglais et en allemand. Les expositions phares 2018-2019 sont r\u00e9unies dans un d\u00e9pliant largement diffus\u00e9 et disponible \u00e0 l\u2019Espace Ville de Gen\u00e8ve. Le Pass Mus\u00e9es propose, gr\u00e2ce \u00e0 sa formule \u00e0 40 francs, une s\u00e9rie d\u2019avantages pour d\u00e9couvrir de nouvelles institutions ou b\u00e9n\u00e9ficier de conditions d\u2019acc\u00e8s et de tarifs pr\u00e9f\u00e9rentiels.<\/p>\n<p>&nbsp;<\/p>\n<div id=\"crieu-2145356473\" class=\"crieu-apres-le-contenu crieu-entity-placement\" style=\"margin-left: auto;margin-right: auto;text-align: center;\"><script async src=\"\/\/pagead2.googlesyndication.com\/pagead\/js\/adsbygoogle.js?client=ca-pub-5271584769416742\" crossorigin=\"anonymous\"><\/script><ins class=\"adsbygoogle\" style=\"display:block;\" data-ad-client=\"ca-pub-5271584769416742\" \ndata-ad-slot=\"9321250718\" \ndata-ad-format=\"auto\"><\/ins>\n<script> \n(adsbygoogle = window.adsbygoogle || []).push({}); \n<\/script>\n<\/div>","protected":false},"excerpt":{"rendered":"<p>Ce 25 septembre, pour la quatri\u00e8me ann\u00e9e cons\u00e9cutive, les mus\u00e9es de Gen\u00e8ve se sont f\u00e9d\u00e9r\u00e9s pour pr\u00e9senter leur saison mus\u00e9ale 2018-2019. De grandes expositions invitent les publics \u00e0 franchir des <a href=\"https:\/\/bale.ch\/journal\/musees-geneve-saison-2018-2019\/\" class=\"read-more button-fancy -red\"><span class=\"btn-arrow\"><\/span><span class=\"twp-read-more text\">Continuer la lecture<\/span><\/a><\/p>\n","protected":false},"author":2,"featured_media":222,"comment_status":"closed","ping_status":"closed","sticky":false,"template":"","format":"standard","meta":{"footnotes":""},"categories":[10,4,18],"tags":[5,36],"class_list":["post-1241","post","type-post","status-publish","format-standard","has-post-thumbnail","hentry","category-culture","category-grand-geneve","category-sortir","tag-geneve-ville","tag-musee"],"yoast_head":"<!-- This site is optimized with the Yoast SEO plugin v28.3 - https:\/\/yoast.com\/product\/yoast-seo-wordpress\/ -->\n<title>Gen\u00e8ve-Ville: une saison mus\u00e9ale stimulante pour toutes les envies - Journal de B\u00e2le et Gen\u00e8ve<\/title>\n<meta name=\"robots\" content=\"index, follow, max-snippet:-1, max-image-preview:large, max-video-preview:-1\" \/>\n<link rel=\"canonical\" href=\"https:\/\/bale.ch\/journal\/musees-geneve-saison-2018-2019\/\" \/>\n<meta property=\"og:locale\" content=\"fr_FR\" \/>\n<meta property=\"og:type\" content=\"article\" \/>\n<meta property=\"og:title\" content=\"Gen\u00e8ve-Ville: une saison mus\u00e9ale stimulante pour toutes les envies - Journal de B\u00e2le et Gen\u00e8ve\" \/>\n<meta property=\"og:description\" content=\"Ce 25 septembre, pour la quatri\u00e8me ann\u00e9e cons\u00e9cutive, les mus\u00e9es de Gen\u00e8ve se sont f\u00e9d\u00e9r\u00e9s pour pr\u00e9senter leur saison mus\u00e9ale 2018-2019. De grandes expositions invitent les publics \u00e0 franchir des Continuer la lecture\" \/>\n<meta property=\"og:url\" content=\"https:\/\/bale.ch\/journal\/musees-geneve-saison-2018-2019\/\" \/>\n<meta property=\"og:site_name\" content=\"Journal de B\u00e2le et Gen\u00e8ve\" \/>\n<meta property=\"article:published_time\" content=\"2018-09-26T20:35:29+00:00\" \/>\n<meta property=\"article:modified_time\" content=\"2018-09-26T20:47:23+00:00\" \/>\n<meta property=\"og:image\" content=\"https:\/\/bale.ch\/journal\/wp-content\/uploads\/2015\/10\/meg_geneve_2015-e1446477884612.jpg\" \/>\n\t<meta property=\"og:image:width\" content=\"1181\" \/>\n\t<meta property=\"og:image:height\" content=\"711\" \/>\n\t<meta property=\"og:image:type\" content=\"image\/jpeg\" \/>\n<meta name=\"author\" content=\"La R\u00e9daction\" \/>\n<meta name=\"twitter:card\" content=\"summary_large_image\" \/>\n<meta name=\"twitter:label1\" content=\"\u00c9crit par\" \/>\n\t<meta name=\"twitter:data1\" content=\"La R\u00e9daction\" \/>\n\t<meta name=\"twitter:label2\" content=\"Dur\u00e9e de lecture estim\u00e9e\" \/>\n\t<meta name=\"twitter:data2\" content=\"3 minutes\" \/>\n<script type=\"application\/ld+json\" class=\"yoast-schema-graph\">{\"@context\":\"https:\\\/\\\/schema.org\",\"@graph\":[{\"@type\":\"Article\",\"@id\":\"https:\\\/\\\/bale.ch\\\/journal\\\/musees-geneve-saison-2018-2019\\\/#article\",\"isPartOf\":{\"@id\":\"https:\\\/\\\/bale.ch\\\/journal\\\/musees-geneve-saison-2018-2019\\\/\"},\"author\":{\"name\":\"La R\u00e9daction\",\"@id\":\"https:\\\/\\\/bale.ch\\\/journal\\\/#\\\/schema\\\/person\\\/03ced978db3b7a5274c5cef003f352f5\"},\"headline\":\"Gen\u00e8ve-Ville: une saison mus\u00e9ale stimulante pour toutes les envies\",\"datePublished\":\"2018-09-26T20:35:29+00:00\",\"dateModified\":\"2018-09-26T20:47:23+00:00\",\"mainEntityOfPage\":{\"@id\":\"https:\\\/\\\/bale.ch\\\/journal\\\/musees-geneve-saison-2018-2019\\\/\"},\"wordCount\":607,\"publisher\":{\"@id\":\"https:\\\/\\\/bale.ch\\\/journal\\\/#organization\"},\"image\":{\"@id\":\"https:\\\/\\\/bale.ch\\\/journal\\\/musees-geneve-saison-2018-2019\\\/#primaryimage\"},\"thumbnailUrl\":\"https:\\\/\\\/bale.ch\\\/journal\\\/wp-content\\\/uploads\\\/2015\\\/10\\\/meg_geneve_2015-e1446477884612.jpg\",\"keywords\":[\"Gen\u00e8ve Ville\",\"Mus\u00e9e\"],\"articleSection\":[\"Culture\",\"Grand Gen\u00e8ve\",\"Sortir\"],\"inLanguage\":\"fr-FR\"},{\"@type\":\"WebPage\",\"@id\":\"https:\\\/\\\/bale.ch\\\/journal\\\/musees-geneve-saison-2018-2019\\\/\",\"url\":\"https:\\\/\\\/bale.ch\\\/journal\\\/musees-geneve-saison-2018-2019\\\/\",\"name\":\"Gen\u00e8ve-Ville: une saison mus\u00e9ale stimulante pour toutes les envies - Journal de B\u00e2le et Gen\u00e8ve\",\"isPartOf\":{\"@id\":\"https:\\\/\\\/bale.ch\\\/journal\\\/#website\"},\"primaryImageOfPage\":{\"@id\":\"https:\\\/\\\/bale.ch\\\/journal\\\/musees-geneve-saison-2018-2019\\\/#primaryimage\"},\"image\":{\"@id\":\"https:\\\/\\\/bale.ch\\\/journal\\\/musees-geneve-saison-2018-2019\\\/#primaryimage\"},\"thumbnailUrl\":\"https:\\\/\\\/bale.ch\\\/journal\\\/wp-content\\\/uploads\\\/2015\\\/10\\\/meg_geneve_2015-e1446477884612.jpg\",\"datePublished\":\"2018-09-26T20:35:29+00:00\",\"dateModified\":\"2018-09-26T20:47:23+00:00\",\"breadcrumb\":{\"@id\":\"https:\\\/\\\/bale.ch\\\/journal\\\/musees-geneve-saison-2018-2019\\\/#breadcrumb\"},\"inLanguage\":\"fr-FR\",\"potentialAction\":[{\"@type\":\"ReadAction\",\"target\":[\"https:\\\/\\\/bale.ch\\\/journal\\\/musees-geneve-saison-2018-2019\\\/\"]}]},{\"@type\":\"ImageObject\",\"inLanguage\":\"fr-FR\",\"@id\":\"https:\\\/\\\/bale.ch\\\/journal\\\/musees-geneve-saison-2018-2019\\\/#primaryimage\",\"url\":\"https:\\\/\\\/bale.ch\\\/journal\\\/wp-content\\\/uploads\\\/2015\\\/10\\\/meg_geneve_2015-e1446477884612.jpg\",\"contentUrl\":\"https:\\\/\\\/bale.ch\\\/journal\\\/wp-content\\\/uploads\\\/2015\\\/10\\\/meg_geneve_2015-e1446477884612.jpg\",\"width\":1181,\"height\":711,\"caption\":\"Photo Alban Lavy\"},{\"@type\":\"BreadcrumbList\",\"@id\":\"https:\\\/\\\/bale.ch\\\/journal\\\/musees-geneve-saison-2018-2019\\\/#breadcrumb\",\"itemListElement\":[{\"@type\":\"ListItem\",\"position\":1,\"name\":\"Accueil\",\"item\":\"https:\\\/\\\/bale.ch\\\/journal\\\/\"},{\"@type\":\"ListItem\",\"position\":2,\"name\":\"Gen\u00e8ve-Ville: une saison mus\u00e9ale stimulante pour toutes les envies\"}]},{\"@type\":\"WebSite\",\"@id\":\"https:\\\/\\\/bale.ch\\\/journal\\\/#website\",\"url\":\"https:\\\/\\\/bale.ch\\\/journal\\\/\",\"name\":\"Journal de B\u00e2le et Gen\u00e8ve\",\"description\":\"M\u00e9dia transfrontalier d&#039;actualit\u00e9s - News\",\"publisher\":{\"@id\":\"https:\\\/\\\/bale.ch\\\/journal\\\/#organization\"},\"potentialAction\":[{\"@type\":\"SearchAction\",\"target\":{\"@type\":\"EntryPoint\",\"urlTemplate\":\"https:\\\/\\\/bale.ch\\\/journal\\\/?s={search_term_string}\"},\"query-input\":{\"@type\":\"PropertyValueSpecification\",\"valueRequired\":true,\"valueName\":\"search_term_string\"}}],\"inLanguage\":\"fr-FR\"},{\"@type\":\"Organization\",\"@id\":\"https:\\\/\\\/bale.ch\\\/journal\\\/#organization\",\"name\":\"Journal de B\u00e2le et Gen\u00e8ve\",\"url\":\"https:\\\/\\\/bale.ch\\\/journal\\\/\",\"logo\":{\"@type\":\"ImageObject\",\"inLanguage\":\"fr-FR\",\"@id\":\"https:\\\/\\\/bale.ch\\\/journal\\\/#\\\/schema\\\/logo\\\/image\\\/\",\"url\":\"https:\\\/\\\/bale.ch\\\/journal\\\/wp-content\\\/uploads\\\/2023\\\/07\\\/journaldebale_logo_2023_nb.png\",\"contentUrl\":\"https:\\\/\\\/bale.ch\\\/journal\\\/wp-content\\\/uploads\\\/2023\\\/07\\\/journaldebale_logo_2023_nb.png\",\"width\":371,\"height\":127,\"caption\":\"Journal de B\u00e2le et Gen\u00e8ve\"},\"image\":{\"@id\":\"https:\\\/\\\/bale.ch\\\/journal\\\/#\\\/schema\\\/logo\\\/image\\\/\"}},{\"@type\":\"Person\",\"@id\":\"https:\\\/\\\/bale.ch\\\/journal\\\/#\\\/schema\\\/person\\\/03ced978db3b7a5274c5cef003f352f5\",\"name\":\"La R\u00e9daction\",\"image\":{\"@type\":\"ImageObject\",\"inLanguage\":\"fr-FR\",\"@id\":\"https:\\\/\\\/secure.gravatar.com\\\/avatar\\\/d1327e2ce8d2b860112f968a3f34686c9bdda7a463a1502cdd1070ac9d88cf1e?s=96&d=mm&r=g\",\"url\":\"https:\\\/\\\/secure.gravatar.com\\\/avatar\\\/d1327e2ce8d2b860112f968a3f34686c9bdda7a463a1502cdd1070ac9d88cf1e?s=96&d=mm&r=g\",\"contentUrl\":\"https:\\\/\\\/secure.gravatar.com\\\/avatar\\\/d1327e2ce8d2b860112f968a3f34686c9bdda7a463a1502cdd1070ac9d88cf1e?s=96&d=mm&r=g\",\"caption\":\"La R\u00e9daction\"},\"url\":\"https:\\\/\\\/bale.ch\\\/journal\\\/author\\\/laredaction\\\/\"}]}<\/script>\n<!-- \/ Yoast SEO plugin. -->","yoast_head_json":{"title":"Gen\u00e8ve-Ville: une saison mus\u00e9ale stimulante pour toutes les envies - Journal de B\u00e2le et Gen\u00e8ve","robots":{"index":"index","follow":"follow","max-snippet":"max-snippet:-1","max-image-preview":"max-image-preview:large","max-video-preview":"max-video-preview:-1"},"canonical":"https:\/\/bale.ch\/journal\/musees-geneve-saison-2018-2019\/","og_locale":"fr_FR","og_type":"article","og_title":"Gen\u00e8ve-Ville: une saison mus\u00e9ale stimulante pour toutes les envies - Journal de B\u00e2le et Gen\u00e8ve","og_description":"Ce 25 septembre, pour la quatri\u00e8me ann\u00e9e cons\u00e9cutive, les mus\u00e9es de Gen\u00e8ve se sont f\u00e9d\u00e9r\u00e9s pour pr\u00e9senter leur saison mus\u00e9ale 2018-2019. De grandes expositions invitent les publics \u00e0 franchir des Continuer la lecture","og_url":"https:\/\/bale.ch\/journal\/musees-geneve-saison-2018-2019\/","og_site_name":"Journal de B\u00e2le et Gen\u00e8ve","article_published_time":"2018-09-26T20:35:29+00:00","article_modified_time":"2018-09-26T20:47:23+00:00","og_image":[{"width":1181,"height":711,"url":"https:\/\/bale.ch\/journal\/wp-content\/uploads\/2015\/10\/meg_geneve_2015-e1446477884612.jpg","type":"image\/jpeg"}],"author":"La R\u00e9daction","twitter_card":"summary_large_image","twitter_misc":{"\u00c9crit par":"La R\u00e9daction","Dur\u00e9e de lecture estim\u00e9e":"3 minutes"},"schema":{"@context":"https:\/\/schema.org","@graph":[{"@type":"Article","@id":"https:\/\/bale.ch\/journal\/musees-geneve-saison-2018-2019\/#article","isPartOf":{"@id":"https:\/\/bale.ch\/journal\/musees-geneve-saison-2018-2019\/"},"author":{"name":"La R\u00e9daction","@id":"https:\/\/bale.ch\/journal\/#\/schema\/person\/03ced978db3b7a5274c5cef003f352f5"},"headline":"Gen\u00e8ve-Ville: une saison mus\u00e9ale stimulante pour toutes les envies","datePublished":"2018-09-26T20:35:29+00:00","dateModified":"2018-09-26T20:47:23+00:00","mainEntityOfPage":{"@id":"https:\/\/bale.ch\/journal\/musees-geneve-saison-2018-2019\/"},"wordCount":607,"publisher":{"@id":"https:\/\/bale.ch\/journal\/#organization"},"image":{"@id":"https:\/\/bale.ch\/journal\/musees-geneve-saison-2018-2019\/#primaryimage"},"thumbnailUrl":"https:\/\/bale.ch\/journal\/wp-content\/uploads\/2015\/10\/meg_geneve_2015-e1446477884612.jpg","keywords":["Gen\u00e8ve Ville","Mus\u00e9e"],"articleSection":["Culture","Grand Gen\u00e8ve","Sortir"],"inLanguage":"fr-FR"},{"@type":"WebPage","@id":"https:\/\/bale.ch\/journal\/musees-geneve-saison-2018-2019\/","url":"https:\/\/bale.ch\/journal\/musees-geneve-saison-2018-2019\/","name":"Gen\u00e8ve-Ville: une saison mus\u00e9ale stimulante pour toutes les envies - Journal de B\u00e2le et Gen\u00e8ve","isPartOf":{"@id":"https:\/\/bale.ch\/journal\/#website"},"primaryImageOfPage":{"@id":"https:\/\/bale.ch\/journal\/musees-geneve-saison-2018-2019\/#primaryimage"},"image":{"@id":"https:\/\/bale.ch\/journal\/musees-geneve-saison-2018-2019\/#primaryimage"},"thumbnailUrl":"https:\/\/bale.ch\/journal\/wp-content\/uploads\/2015\/10\/meg_geneve_2015-e1446477884612.jpg","datePublished":"2018-09-26T20:35:29+00:00","dateModified":"2018-09-26T20:47:23+00:00","breadcrumb":{"@id":"https:\/\/bale.ch\/journal\/musees-geneve-saison-2018-2019\/#breadcrumb"},"inLanguage":"fr-FR","potentialAction":[{"@type":"ReadAction","target":["https:\/\/bale.ch\/journal\/musees-geneve-saison-2018-2019\/"]}]},{"@type":"ImageObject","inLanguage":"fr-FR","@id":"https:\/\/bale.ch\/journal\/musees-geneve-saison-2018-2019\/#primaryimage","url":"https:\/\/bale.ch\/journal\/wp-content\/uploads\/2015\/10\/meg_geneve_2015-e1446477884612.jpg","contentUrl":"https:\/\/bale.ch\/journal\/wp-content\/uploads\/2015\/10\/meg_geneve_2015-e1446477884612.jpg","width":1181,"height":711,"caption":"Photo Alban Lavy"},{"@type":"BreadcrumbList","@id":"https:\/\/bale.ch\/journal\/musees-geneve-saison-2018-2019\/#breadcrumb","itemListElement":[{"@type":"ListItem","position":1,"name":"Accueil","item":"https:\/\/bale.ch\/journal\/"},{"@type":"ListItem","position":2,"name":"Gen\u00e8ve-Ville: une saison mus\u00e9ale stimulante pour toutes les envies"}]},{"@type":"WebSite","@id":"https:\/\/bale.ch\/journal\/#website","url":"https:\/\/bale.ch\/journal\/","name":"Journal de B\u00e2le et Gen\u00e8ve","description":"M\u00e9dia transfrontalier d&#039;actualit\u00e9s - News","publisher":{"@id":"https:\/\/bale.ch\/journal\/#organization"},"potentialAction":[{"@type":"SearchAction","target":{"@type":"EntryPoint","urlTemplate":"https:\/\/bale.ch\/journal\/?s={search_term_string}"},"query-input":{"@type":"PropertyValueSpecification","valueRequired":true,"valueName":"search_term_string"}}],"inLanguage":"fr-FR"},{"@type":"Organization","@id":"https:\/\/bale.ch\/journal\/#organization","name":"Journal de B\u00e2le et Gen\u00e8ve","url":"https:\/\/bale.ch\/journal\/","logo":{"@type":"ImageObject","inLanguage":"fr-FR","@id":"https:\/\/bale.ch\/journal\/#\/schema\/logo\/image\/","url":"https:\/\/bale.ch\/journal\/wp-content\/uploads\/2023\/07\/journaldebale_logo_2023_nb.png","contentUrl":"https:\/\/bale.ch\/journal\/wp-content\/uploads\/2023\/07\/journaldebale_logo_2023_nb.png","width":371,"height":127,"caption":"Journal de B\u00e2le et Gen\u00e8ve"},"image":{"@id":"https:\/\/bale.ch\/journal\/#\/schema\/logo\/image\/"}},{"@type":"Person","@id":"https:\/\/bale.ch\/journal\/#\/schema\/person\/03ced978db3b7a5274c5cef003f352f5","name":"La R\u00e9daction","image":{"@type":"ImageObject","inLanguage":"fr-FR","@id":"https:\/\/secure.gravatar.com\/avatar\/d1327e2ce8d2b860112f968a3f34686c9bdda7a463a1502cdd1070ac9d88cf1e?s=96&d=mm&r=g","url":"https:\/\/secure.gravatar.com\/avatar\/d1327e2ce8d2b860112f968a3f34686c9bdda7a463a1502cdd1070ac9d88cf1e?s=96&d=mm&r=g","contentUrl":"https:\/\/secure.gravatar.com\/avatar\/d1327e2ce8d2b860112f968a3f34686c9bdda7a463a1502cdd1070ac9d88cf1e?s=96&d=mm&r=g","caption":"La R\u00e9daction"},"url":"https:\/\/bale.ch\/journal\/author\/laredaction\/"}]}},"_links":{"self":[{"href":"https:\/\/bale.ch\/journal\/wp-json\/wp\/v2\/posts\/1241","targetHints":{"allow":["GET"]}}],"collection":[{"href":"https:\/\/bale.ch\/journal\/wp-json\/wp\/v2\/posts"}],"about":[{"href":"https:\/\/bale.ch\/journal\/wp-json\/wp\/v2\/types\/post"}],"author":[{"embeddable":true,"href":"https:\/\/bale.ch\/journal\/wp-json\/wp\/v2\/users\/2"}],"replies":[{"embeddable":true,"href":"https:\/\/bale.ch\/journal\/wp-json\/wp\/v2\/comments?post=1241"}],"version-history":[{"count":4,"href":"https:\/\/bale.ch\/journal\/wp-json\/wp\/v2\/posts\/1241\/revisions"}],"predecessor-version":[{"id":1245,"href":"https:\/\/bale.ch\/journal\/wp-json\/wp\/v2\/posts\/1241\/revisions\/1245"}],"wp:featuredmedia":[{"embeddable":true,"href":"https:\/\/bale.ch\/journal\/wp-json\/wp\/v2\/media\/222"}],"wp:attachment":[{"href":"https:\/\/bale.ch\/journal\/wp-json\/wp\/v2\/media?parent=1241"}],"wp:term":[{"taxonomy":"category","embeddable":true,"href":"https:\/\/bale.ch\/journal\/wp-json\/wp\/v2\/categories?post=1241"},{"taxonomy":"post_tag","embeddable":true,"href":"https:\/\/bale.ch\/journal\/wp-json\/wp\/v2\/tags?post=1241"}],"curies":[{"name":"wp","href":"https:\/\/api.w.org\/{rel}","templated":true}]}}