{"id":1248,"date":"2018-10-13T16:28:54","date_gmt":"2018-10-13T16:28:54","guid":{"rendered":"http:\/\/bale.ch\/journal\/?p=1248"},"modified":"2021-10-13T11:53:30","modified_gmt":"2021-10-13T11:53:30","slug":"projet-immobilier-urbanisation-sciez","status":"publish","type":"post","link":"https:\/\/bale.ch\/journal\/projet-immobilier-urbanisation-sciez\/","title":{"rendered":"Face \u00e0 la r\u00e9sistance de la maison Alv\u00e9ole, la ville de Sciez annonce \u00ab\u00a0une moindre urbanisation\u00a0\u00bb"},"content":{"rendered":"<p><strong>En juin 2018, le maire de Sciez-sur-L\u00e9man, commune du Grand Gen\u00e8ve savoyard, avait annonc\u00e9 qu&rsquo;un concours d&rsquo;urbanisme avait \u00e9t\u00e9 gagn\u00e9 par le promoteur ann\u00e9cien Priam&rsquo;s. Il s&rsquo;agissait de cr\u00e9er un nouveau quartier de cinq hectares au c\u0153ur de Bonnatrait, comprenant 180 logements dont 30% de logements aid\u00e9s, soit plus de 600 habitants, et 340 places de parking.<\/strong><!--more--><\/p>\n<p>Le hic, c&rsquo;est que la mairie a laiss\u00e9 croire au promoteur-laur\u00e9at qu&rsquo;il n&rsquo;y avait pas de constructions sur les terrains concern\u00e9s par l&rsquo;op\u00e9ration et que les propri\u00e9taires \u00e9taient a priori vendeurs, qu&rsquo;il ne restait plus qu&rsquo;\u00e0 n\u00e9gocier le prix du terrain.<\/p>\n<p>Mais lors de la pr\u00e9sentation du projet le 19 juillet, le promoteur s&rsquo;est retrouv\u00e9 face \u00e0 des habitants et commer\u00e7ants r\u00e9calcitrants, vivant ou travaillant dans des constructions bien r\u00e9elles, et pour cause: la commune n&rsquo;a pas jug\u00e9 bon de se concerter avec les propri\u00e9taires avant de se lancer dans ce m\u00e9ga-projet.<\/p><div id=\"crieu-901016220\" class=\"crieu-content crieu-entity-placement\"><script async src=\"\/\/pagead2.googlesyndication.com\/pagead\/js\/adsbygoogle.js?client=ca-pub-5271584769416742\" crossorigin=\"anonymous\"><\/script><ins class=\"adsbygoogle\" style=\"display:block;\" data-ad-client=\"ca-pub-5271584769416742\" \ndata-ad-slot=\"9321250718\" \ndata-ad-format=\"auto\"><\/ins>\n<script> \n(adsbygoogle = window.adsbygoogle || []).push({}); \n<\/script>\n<\/div>\n<figure id=\"attachment_1255\" aria-describedby=\"caption-attachment-1255\" style=\"width: 1024px\" class=\"wp-caption alignnone\"><img loading=\"lazy\" decoding=\"async\" class=\"wp-image-1255 size-large\" src=\"https:\/\/bale.ch\/journal\/wp-content\/uploads\/2018\/10\/urbanisation_bonnatrait_sciez-e1539448634799-1024x341.jpg\" alt=\"\" width=\"1024\" height=\"341\" srcset=\"https:\/\/bale.ch\/journal\/wp-content\/uploads\/2018\/10\/urbanisation_bonnatrait_sciez-e1539448634799-1024x341.jpg 1024w, https:\/\/bale.ch\/journal\/wp-content\/uploads\/2018\/10\/urbanisation_bonnatrait_sciez-e1539448634799-300x100.jpg 300w, https:\/\/bale.ch\/journal\/wp-content\/uploads\/2018\/10\/urbanisation_bonnatrait_sciez-e1539448634799-768x256.jpg 768w, https:\/\/bale.ch\/journal\/wp-content\/uploads\/2018\/10\/urbanisation_bonnatrait_sciez-e1539448634799.jpg 1625w\" sizes=\"auto, (max-width: 1024px) 100vw, 1024px\" \/><figcaption id=\"caption-attachment-1255\" class=\"wp-caption-text\">Le projet abandonn\u00e9 \u00ab\u00a0Les Jardins Suspendus de Bonnatrait\u00a0\u00bb. <em>Agence Van Den Driessche Architectes<\/em><\/figcaption><\/figure>\n<p>R\u00e9sultat des tentatives d&rsquo;intimidation: ce fiasco annonc\u00e9 a fait couler passablement d&rsquo;encre, a vu nombre de Sci\u00e9zois interpeller le maire et signer une p\u00e9tition pour la pr\u00e9servation de la maison Alv\u00e9ole.<\/p>\n<p>Conscient qu&rsquo;une tentative d&rsquo;expropriation pour int\u00e9r\u00eat public pourrait prendre plusieurs ann\u00e9es et se solderait tr\u00e8s probablement par une d\u00e9cision en d\u00e9faveur de la commune de Sciez, le promoteur a demand\u00e9 \u00e0 ce que la mairie accepte un plan B qui contournerait les deux parcelles r\u00e9sistantes: celle de la maison Alv\u00e9ole et celle des<strong> trois chalets savoyards<\/strong>.<\/p>\n<p>Dans un courrier envoy\u00e9 le 8 octobre, le maire Jean-Luc Bidal annonce officiellement que la municipalit\u00e9 recule:\u00a0<em>\u00ab\u00a0pour des causes diverses, au moins deux propri\u00e9taires sont compl\u00e8tement hostiles \u00e0 la vente de leurs biens, ce qui nous oblige \u00e0 \u00e9tudier toutes les autres alternatives conduisant \u00e0 une moindre urbanisation, de mani\u00e8re \u00e0 ce que celle-ci reste coh\u00e9rente\u00a0et harmonieuse. Pour ces raisons nous ne pouvons pas confirmer la moindre transaction avant la fin de l&rsquo;ann\u00e9e.\u00a0\u00bb<\/em><\/p>\n<p><img loading=\"lazy\" decoding=\"async\" class=\"alignnone size-full wp-image-1249\" src=\"https:\/\/bale.ch\/journal\/wp-content\/uploads\/2018\/10\/courrier_maire_Sciez_projet.jpg\" alt=\"\" width=\"899\" height=\"956\" srcset=\"https:\/\/bale.ch\/journal\/wp-content\/uploads\/2018\/10\/courrier_maire_Sciez_projet.jpg 899w, https:\/\/bale.ch\/journal\/wp-content\/uploads\/2018\/10\/courrier_maire_Sciez_projet-282x300.jpg 282w, https:\/\/bale.ch\/journal\/wp-content\/uploads\/2018\/10\/courrier_maire_Sciez_projet-768x817.jpg 768w\" sizes=\"auto, (max-width: 899px) 100vw, 899px\" \/><\/p>\n<p><em>\u00ab\u00a0Certains nous voyaient d\u00e9j\u00e0 perdants. La le\u00e7on \u00e0 en tirer, c&rsquo;est que cela vaut le coup de r\u00e9sister intelligemment\u00a0et solidairement \u00e0 l&rsquo;intimidation et l&rsquo;urbanisation \u00e0 coups de bulldozer! C&rsquo;est la commune de Sciez et le Grand Gen\u00e8ve qui en sortent gagnants\u00a0\u00bb <\/em>conclu Alban Lavy, propri\u00e9taire de l&rsquo;Alv\u00e9ole, tout en pr\u00e9cisant \u00e0 l&rsquo;attention de la municipalit\u00e9: <em>\u00ab\u00a0notre avocat, le comit\u00e9 de voisinage et l&rsquo;association de soutien resteront vigilants quant au d\u00e9veloppement du nouveau projet\u00a0\u00bb.<\/em><\/p>\n<p>Le devenir des deux commerces en bordure de l&rsquo;axe Gen\u00e8ve-Thonon est quant \u00e0 lui incertain, car aucun d&rsquo;eux n&rsquo;a \u00e9t\u00e9 contact\u00e9 et ils d\u00e9pendent des d\u00e9cisions des divers acteurs.<\/p>\n<blockquote>\n<p style=\"text-align: left;\">Lire aussi:<\/p>\n<h3 style=\"text-align: left;\"><a href=\"https:\/\/bale.ch\/journal\/maison-alveole-sciez-urbanisme-grand-geneve\/\">La Maison Alv\u00e9ole de Sciez, symbole de la r\u00e9sistance au tout-b\u00e9ton dans le Grand Gen\u00e8ve<\/a><\/h3>\n<\/blockquote>\n<div id=\"crieu-2304182513\" class=\"crieu-apres-le-contenu crieu-entity-placement\" style=\"margin-left: auto;margin-right: auto;text-align: center;\"><script async src=\"\/\/pagead2.googlesyndication.com\/pagead\/js\/adsbygoogle.js?client=ca-pub-5271584769416742\" crossorigin=\"anonymous\"><\/script><ins class=\"adsbygoogle\" style=\"display:block;\" data-ad-client=\"ca-pub-5271584769416742\" \ndata-ad-slot=\"9321250718\" \ndata-ad-format=\"auto\"><\/ins>\n<script> \n(adsbygoogle = window.adsbygoogle || []).push({}); \n<\/script>\n<\/div>","protected":false},"excerpt":{"rendered":"<p>En juin 2018, le maire de Sciez-sur-L\u00e9man, commune du Grand Gen\u00e8ve savoyard, avait annonc\u00e9 qu&rsquo;un concours d&rsquo;urbanisme avait \u00e9t\u00e9 gagn\u00e9 par le promoteur ann\u00e9cien Priam&rsquo;s. Il s&rsquo;agissait de cr\u00e9er un <a href=\"https:\/\/bale.ch\/journal\/projet-immobilier-urbanisation-sciez\/\" class=\"read-more button-fancy -red\"><span class=\"btn-arrow\"><\/span><span class=\"twp-read-more text\">Continuer la lecture<\/span><\/a><\/p>\n","protected":false},"author":2,"featured_media":1250,"comment_status":"closed","ping_status":"closed","sticky":false,"template":"","format":"standard","meta":{"footnotes":""},"categories":[4],"tags":[64,59,73,126,80,81],"class_list":["post-1248","post","type-post","status-publish","format-standard","has-post-thumbnail","hentry","category-grand-geneve","tag-chablais","tag-grand-geneve","tag-haute-savoie","tag-maison-alveole","tag-sciez","tag-urbanisme"],"yoast_head":"<!-- This site is optimized with the Yoast SEO plugin v28.3 - https:\/\/yoast.com\/product\/yoast-seo-wordpress\/ -->\n<title>Face \u00e0 la r\u00e9sistance de la maison Alv\u00e9ole, la ville de Sciez annonce &quot;une moindre urbanisation&quot; - Journal de B\u00e2le et Gen\u00e8ve<\/title>\n<meta name=\"robots\" content=\"index, follow, max-snippet:-1, max-image-preview:large, max-video-preview:-1\" \/>\n<link rel=\"canonical\" href=\"https:\/\/bale.ch\/journal\/projet-immobilier-urbanisation-sciez\/\" \/>\n<meta property=\"og:locale\" content=\"fr_FR\" \/>\n<meta property=\"og:type\" content=\"article\" \/>\n<meta property=\"og:title\" content=\"Face \u00e0 la r\u00e9sistance de la maison Alv\u00e9ole, la ville de Sciez annonce &quot;une moindre urbanisation&quot; - Journal de B\u00e2le et Gen\u00e8ve\" \/>\n<meta property=\"og:description\" content=\"En juin 2018, le maire de Sciez-sur-L\u00e9man, commune du Grand Gen\u00e8ve savoyard, avait annonc\u00e9 qu&rsquo;un concours d&rsquo;urbanisme avait \u00e9t\u00e9 gagn\u00e9 par le promoteur ann\u00e9cien Priam&rsquo;s. Il s&rsquo;agissait de cr\u00e9er un Continuer la lecture\" \/>\n<meta property=\"og:url\" content=\"https:\/\/bale.ch\/journal\/projet-immobilier-urbanisation-sciez\/\" \/>\n<meta property=\"og:site_name\" content=\"Journal de B\u00e2le et Gen\u00e8ve\" \/>\n<meta property=\"article:published_time\" content=\"2018-10-13T16:28:54+00:00\" \/>\n<meta property=\"article:modified_time\" content=\"2021-10-13T11:53:30+00:00\" \/>\n<meta property=\"og:image\" content=\"https:\/\/bale.ch\/journal\/wp-content\/uploads\/2018\/10\/chalets-savoyards-maison-alveole-e1539448249129.jpg\" \/>\n\t<meta property=\"og:image:width\" content=\"1227\" \/>\n\t<meta property=\"og:image:height\" content=\"693\" \/>\n\t<meta property=\"og:image:type\" content=\"image\/jpeg\" \/>\n<meta name=\"author\" content=\"La R\u00e9daction\" \/>\n<meta name=\"twitter:card\" content=\"summary_large_image\" \/>\n<meta name=\"twitter:label1\" content=\"\u00c9crit par\" \/>\n\t<meta name=\"twitter:data1\" content=\"La R\u00e9daction\" \/>\n\t<meta name=\"twitter:label2\" content=\"Dur\u00e9e de lecture estim\u00e9e\" \/>\n\t<meta name=\"twitter:data2\" content=\"2 minutes\" \/>\n<script type=\"application\/ld+json\" class=\"yoast-schema-graph\">{\"@context\":\"https:\\\/\\\/schema.org\",\"@graph\":[{\"@type\":\"Article\",\"@id\":\"https:\\\/\\\/bale.ch\\\/journal\\\/projet-immobilier-urbanisation-sciez\\\/#article\",\"isPartOf\":{\"@id\":\"https:\\\/\\\/bale.ch\\\/journal\\\/projet-immobilier-urbanisation-sciez\\\/\"},\"author\":{\"name\":\"La R\u00e9daction\",\"@id\":\"https:\\\/\\\/bale.ch\\\/journal\\\/#\\\/schema\\\/person\\\/03ced978db3b7a5274c5cef003f352f5\"},\"headline\":\"Face \u00e0 la r\u00e9sistance de la maison Alv\u00e9ole, la ville de Sciez annonce \u00ab\u00a0une moindre urbanisation\u00a0\u00bb\",\"datePublished\":\"2018-10-13T16:28:54+00:00\",\"dateModified\":\"2021-10-13T11:53:30+00:00\",\"mainEntityOfPage\":{\"@id\":\"https:\\\/\\\/bale.ch\\\/journal\\\/projet-immobilier-urbanisation-sciez\\\/\"},\"wordCount\":526,\"publisher\":{\"@id\":\"https:\\\/\\\/bale.ch\\\/journal\\\/#organization\"},\"image\":{\"@id\":\"https:\\\/\\\/bale.ch\\\/journal\\\/projet-immobilier-urbanisation-sciez\\\/#primaryimage\"},\"thumbnailUrl\":\"https:\\\/\\\/bale.ch\\\/journal\\\/wp-content\\\/uploads\\\/2018\\\/10\\\/chalets-savoyards-maison-alveole-e1539448249129.jpg\",\"keywords\":[\"Chablais\",\"Grand Gen\u00e8ve\",\"Haute-Savoie\",\"Maison Alv\u00e9ole\",\"Sciez\",\"urbanisme\"],\"articleSection\":[\"Grand Gen\u00e8ve\"],\"inLanguage\":\"fr-FR\"},{\"@type\":\"WebPage\",\"@id\":\"https:\\\/\\\/bale.ch\\\/journal\\\/projet-immobilier-urbanisation-sciez\\\/\",\"url\":\"https:\\\/\\\/bale.ch\\\/journal\\\/projet-immobilier-urbanisation-sciez\\\/\",\"name\":\"Face \u00e0 la r\u00e9sistance de la maison Alv\u00e9ole, la ville de Sciez annonce \\\"une moindre urbanisation\\\" - Journal de B\u00e2le et Gen\u00e8ve\",\"isPartOf\":{\"@id\":\"https:\\\/\\\/bale.ch\\\/journal\\\/#website\"},\"primaryImageOfPage\":{\"@id\":\"https:\\\/\\\/bale.ch\\\/journal\\\/projet-immobilier-urbanisation-sciez\\\/#primaryimage\"},\"image\":{\"@id\":\"https:\\\/\\\/bale.ch\\\/journal\\\/projet-immobilier-urbanisation-sciez\\\/#primaryimage\"},\"thumbnailUrl\":\"https:\\\/\\\/bale.ch\\\/journal\\\/wp-content\\\/uploads\\\/2018\\\/10\\\/chalets-savoyards-maison-alveole-e1539448249129.jpg\",\"datePublished\":\"2018-10-13T16:28:54+00:00\",\"dateModified\":\"2021-10-13T11:53:30+00:00\",\"breadcrumb\":{\"@id\":\"https:\\\/\\\/bale.ch\\\/journal\\\/projet-immobilier-urbanisation-sciez\\\/#breadcrumb\"},\"inLanguage\":\"fr-FR\",\"potentialAction\":[{\"@type\":\"ReadAction\",\"target\":[\"https:\\\/\\\/bale.ch\\\/journal\\\/projet-immobilier-urbanisation-sciez\\\/\"]}]},{\"@type\":\"ImageObject\",\"inLanguage\":\"fr-FR\",\"@id\":\"https:\\\/\\\/bale.ch\\\/journal\\\/projet-immobilier-urbanisation-sciez\\\/#primaryimage\",\"url\":\"https:\\\/\\\/bale.ch\\\/journal\\\/wp-content\\\/uploads\\\/2018\\\/10\\\/chalets-savoyards-maison-alveole-e1539448249129.jpg\",\"contentUrl\":\"https:\\\/\\\/bale.ch\\\/journal\\\/wp-content\\\/uploads\\\/2018\\\/10\\\/chalets-savoyards-maison-alveole-e1539448249129.jpg\",\"width\":1227,\"height\":693},{\"@type\":\"BreadcrumbList\",\"@id\":\"https:\\\/\\\/bale.ch\\\/journal\\\/projet-immobilier-urbanisation-sciez\\\/#breadcrumb\",\"itemListElement\":[{\"@type\":\"ListItem\",\"position\":1,\"name\":\"Accueil\",\"item\":\"https:\\\/\\\/bale.ch\\\/journal\\\/\"},{\"@type\":\"ListItem\",\"position\":2,\"name\":\"Face \u00e0 la r\u00e9sistance de la maison Alv\u00e9ole, la ville de Sciez annonce \u00ab\u00a0une moindre urbanisation\u00a0\u00bb\"}]},{\"@type\":\"WebSite\",\"@id\":\"https:\\\/\\\/bale.ch\\\/journal\\\/#website\",\"url\":\"https:\\\/\\\/bale.ch\\\/journal\\\/\",\"name\":\"Journal de B\u00e2le et Gen\u00e8ve\",\"description\":\"M\u00e9dia transfrontalier d&#039;actualit\u00e9s - News\",\"publisher\":{\"@id\":\"https:\\\/\\\/bale.ch\\\/journal\\\/#organization\"},\"potentialAction\":[{\"@type\":\"SearchAction\",\"target\":{\"@type\":\"EntryPoint\",\"urlTemplate\":\"https:\\\/\\\/bale.ch\\\/journal\\\/?s={search_term_string}\"},\"query-input\":{\"@type\":\"PropertyValueSpecification\",\"valueRequired\":true,\"valueName\":\"search_term_string\"}}],\"inLanguage\":\"fr-FR\"},{\"@type\":\"Organization\",\"@id\":\"https:\\\/\\\/bale.ch\\\/journal\\\/#organization\",\"name\":\"Journal de B\u00e2le et Gen\u00e8ve\",\"url\":\"https:\\\/\\\/bale.ch\\\/journal\\\/\",\"logo\":{\"@type\":\"ImageObject\",\"inLanguage\":\"fr-FR\",\"@id\":\"https:\\\/\\\/bale.ch\\\/journal\\\/#\\\/schema\\\/logo\\\/image\\\/\",\"url\":\"https:\\\/\\\/bale.ch\\\/journal\\\/wp-content\\\/uploads\\\/2023\\\/07\\\/journaldebale_logo_2023_nb.png\",\"contentUrl\":\"https:\\\/\\\/bale.ch\\\/journal\\\/wp-content\\\/uploads\\\/2023\\\/07\\\/journaldebale_logo_2023_nb.png\",\"width\":371,\"height\":127,\"caption\":\"Journal de B\u00e2le et Gen\u00e8ve\"},\"image\":{\"@id\":\"https:\\\/\\\/bale.ch\\\/journal\\\/#\\\/schema\\\/logo\\\/image\\\/\"}},{\"@type\":\"Person\",\"@id\":\"https:\\\/\\\/bale.ch\\\/journal\\\/#\\\/schema\\\/person\\\/03ced978db3b7a5274c5cef003f352f5\",\"name\":\"La R\u00e9daction\",\"image\":{\"@type\":\"ImageObject\",\"inLanguage\":\"fr-FR\",\"@id\":\"https:\\\/\\\/secure.gravatar.com\\\/avatar\\\/d1327e2ce8d2b860112f968a3f34686c9bdda7a463a1502cdd1070ac9d88cf1e?s=96&d=mm&r=g\",\"url\":\"https:\\\/\\\/secure.gravatar.com\\\/avatar\\\/d1327e2ce8d2b860112f968a3f34686c9bdda7a463a1502cdd1070ac9d88cf1e?s=96&d=mm&r=g\",\"contentUrl\":\"https:\\\/\\\/secure.gravatar.com\\\/avatar\\\/d1327e2ce8d2b860112f968a3f34686c9bdda7a463a1502cdd1070ac9d88cf1e?s=96&d=mm&r=g\",\"caption\":\"La R\u00e9daction\"},\"url\":\"https:\\\/\\\/bale.ch\\\/journal\\\/author\\\/laredaction\\\/\"}]}<\/script>\n<!-- \/ Yoast SEO plugin. -->","yoast_head_json":{"title":"Face \u00e0 la r\u00e9sistance de la maison Alv\u00e9ole, la ville de Sciez annonce \"une moindre urbanisation\" - Journal de B\u00e2le et Gen\u00e8ve","robots":{"index":"index","follow":"follow","max-snippet":"max-snippet:-1","max-image-preview":"max-image-preview:large","max-video-preview":"max-video-preview:-1"},"canonical":"https:\/\/bale.ch\/journal\/projet-immobilier-urbanisation-sciez\/","og_locale":"fr_FR","og_type":"article","og_title":"Face \u00e0 la r\u00e9sistance de la maison Alv\u00e9ole, la ville de Sciez annonce \"une moindre urbanisation\" - Journal de B\u00e2le et Gen\u00e8ve","og_description":"En juin 2018, le maire de Sciez-sur-L\u00e9man, commune du Grand Gen\u00e8ve savoyard, avait annonc\u00e9 qu&rsquo;un concours d&rsquo;urbanisme avait \u00e9t\u00e9 gagn\u00e9 par le promoteur ann\u00e9cien Priam&rsquo;s. Il s&rsquo;agissait de cr\u00e9er un Continuer la lecture","og_url":"https:\/\/bale.ch\/journal\/projet-immobilier-urbanisation-sciez\/","og_site_name":"Journal de B\u00e2le et Gen\u00e8ve","article_published_time":"2018-10-13T16:28:54+00:00","article_modified_time":"2021-10-13T11:53:30+00:00","og_image":[{"width":1227,"height":693,"url":"https:\/\/bale.ch\/journal\/wp-content\/uploads\/2018\/10\/chalets-savoyards-maison-alveole-e1539448249129.jpg","type":"image\/jpeg"}],"author":"La R\u00e9daction","twitter_card":"summary_large_image","twitter_misc":{"\u00c9crit par":"La R\u00e9daction","Dur\u00e9e de lecture estim\u00e9e":"2 minutes"},"schema":{"@context":"https:\/\/schema.org","@graph":[{"@type":"Article","@id":"https:\/\/bale.ch\/journal\/projet-immobilier-urbanisation-sciez\/#article","isPartOf":{"@id":"https:\/\/bale.ch\/journal\/projet-immobilier-urbanisation-sciez\/"},"author":{"name":"La R\u00e9daction","@id":"https:\/\/bale.ch\/journal\/#\/schema\/person\/03ced978db3b7a5274c5cef003f352f5"},"headline":"Face \u00e0 la r\u00e9sistance de la maison Alv\u00e9ole, la ville de Sciez annonce \u00ab\u00a0une moindre urbanisation\u00a0\u00bb","datePublished":"2018-10-13T16:28:54+00:00","dateModified":"2021-10-13T11:53:30+00:00","mainEntityOfPage":{"@id":"https:\/\/bale.ch\/journal\/projet-immobilier-urbanisation-sciez\/"},"wordCount":526,"publisher":{"@id":"https:\/\/bale.ch\/journal\/#organization"},"image":{"@id":"https:\/\/bale.ch\/journal\/projet-immobilier-urbanisation-sciez\/#primaryimage"},"thumbnailUrl":"https:\/\/bale.ch\/journal\/wp-content\/uploads\/2018\/10\/chalets-savoyards-maison-alveole-e1539448249129.jpg","keywords":["Chablais","Grand Gen\u00e8ve","Haute-Savoie","Maison Alv\u00e9ole","Sciez","urbanisme"],"articleSection":["Grand Gen\u00e8ve"],"inLanguage":"fr-FR"},{"@type":"WebPage","@id":"https:\/\/bale.ch\/journal\/projet-immobilier-urbanisation-sciez\/","url":"https:\/\/bale.ch\/journal\/projet-immobilier-urbanisation-sciez\/","name":"Face \u00e0 la r\u00e9sistance de la maison Alv\u00e9ole, la ville de Sciez annonce \"une moindre urbanisation\" - Journal de B\u00e2le et Gen\u00e8ve","isPartOf":{"@id":"https:\/\/bale.ch\/journal\/#website"},"primaryImageOfPage":{"@id":"https:\/\/bale.ch\/journal\/projet-immobilier-urbanisation-sciez\/#primaryimage"},"image":{"@id":"https:\/\/bale.ch\/journal\/projet-immobilier-urbanisation-sciez\/#primaryimage"},"thumbnailUrl":"https:\/\/bale.ch\/journal\/wp-content\/uploads\/2018\/10\/chalets-savoyards-maison-alveole-e1539448249129.jpg","datePublished":"2018-10-13T16:28:54+00:00","dateModified":"2021-10-13T11:53:30+00:00","breadcrumb":{"@id":"https:\/\/bale.ch\/journal\/projet-immobilier-urbanisation-sciez\/#breadcrumb"},"inLanguage":"fr-FR","potentialAction":[{"@type":"ReadAction","target":["https:\/\/bale.ch\/journal\/projet-immobilier-urbanisation-sciez\/"]}]},{"@type":"ImageObject","inLanguage":"fr-FR","@id":"https:\/\/bale.ch\/journal\/projet-immobilier-urbanisation-sciez\/#primaryimage","url":"https:\/\/bale.ch\/journal\/wp-content\/uploads\/2018\/10\/chalets-savoyards-maison-alveole-e1539448249129.jpg","contentUrl":"https:\/\/bale.ch\/journal\/wp-content\/uploads\/2018\/10\/chalets-savoyards-maison-alveole-e1539448249129.jpg","width":1227,"height":693},{"@type":"BreadcrumbList","@id":"https:\/\/bale.ch\/journal\/projet-immobilier-urbanisation-sciez\/#breadcrumb","itemListElement":[{"@type":"ListItem","position":1,"name":"Accueil","item":"https:\/\/bale.ch\/journal\/"},{"@type":"ListItem","position":2,"name":"Face \u00e0 la r\u00e9sistance de la maison Alv\u00e9ole, la ville de Sciez annonce \u00ab\u00a0une moindre urbanisation\u00a0\u00bb"}]},{"@type":"WebSite","@id":"https:\/\/bale.ch\/journal\/#website","url":"https:\/\/bale.ch\/journal\/","name":"Journal de B\u00e2le et Gen\u00e8ve","description":"M\u00e9dia transfrontalier d&#039;actualit\u00e9s - News","publisher":{"@id":"https:\/\/bale.ch\/journal\/#organization"},"potentialAction":[{"@type":"SearchAction","target":{"@type":"EntryPoint","urlTemplate":"https:\/\/bale.ch\/journal\/?s={search_term_string}"},"query-input":{"@type":"PropertyValueSpecification","valueRequired":true,"valueName":"search_term_string"}}],"inLanguage":"fr-FR"},{"@type":"Organization","@id":"https:\/\/bale.ch\/journal\/#organization","name":"Journal de B\u00e2le et Gen\u00e8ve","url":"https:\/\/bale.ch\/journal\/","logo":{"@type":"ImageObject","inLanguage":"fr-FR","@id":"https:\/\/bale.ch\/journal\/#\/schema\/logo\/image\/","url":"https:\/\/bale.ch\/journal\/wp-content\/uploads\/2023\/07\/journaldebale_logo_2023_nb.png","contentUrl":"https:\/\/bale.ch\/journal\/wp-content\/uploads\/2023\/07\/journaldebale_logo_2023_nb.png","width":371,"height":127,"caption":"Journal de B\u00e2le et Gen\u00e8ve"},"image":{"@id":"https:\/\/bale.ch\/journal\/#\/schema\/logo\/image\/"}},{"@type":"Person","@id":"https:\/\/bale.ch\/journal\/#\/schema\/person\/03ced978db3b7a5274c5cef003f352f5","name":"La R\u00e9daction","image":{"@type":"ImageObject","inLanguage":"fr-FR","@id":"https:\/\/secure.gravatar.com\/avatar\/d1327e2ce8d2b860112f968a3f34686c9bdda7a463a1502cdd1070ac9d88cf1e?s=96&d=mm&r=g","url":"https:\/\/secure.gravatar.com\/avatar\/d1327e2ce8d2b860112f968a3f34686c9bdda7a463a1502cdd1070ac9d88cf1e?s=96&d=mm&r=g","contentUrl":"https:\/\/secure.gravatar.com\/avatar\/d1327e2ce8d2b860112f968a3f34686c9bdda7a463a1502cdd1070ac9d88cf1e?s=96&d=mm&r=g","caption":"La R\u00e9daction"},"url":"https:\/\/bale.ch\/journal\/author\/laredaction\/"}]}},"_links":{"self":[{"href":"https:\/\/bale.ch\/journal\/wp-json\/wp\/v2\/posts\/1248","targetHints":{"allow":["GET"]}}],"collection":[{"href":"https:\/\/bale.ch\/journal\/wp-json\/wp\/v2\/posts"}],"about":[{"href":"https:\/\/bale.ch\/journal\/wp-json\/wp\/v2\/types\/post"}],"author":[{"embeddable":true,"href":"https:\/\/bale.ch\/journal\/wp-json\/wp\/v2\/users\/2"}],"replies":[{"embeddable":true,"href":"https:\/\/bale.ch\/journal\/wp-json\/wp\/v2\/comments?post=1248"}],"version-history":[{"count":15,"href":"https:\/\/bale.ch\/journal\/wp-json\/wp\/v2\/posts\/1248\/revisions"}],"predecessor-version":[{"id":3013,"href":"https:\/\/bale.ch\/journal\/wp-json\/wp\/v2\/posts\/1248\/revisions\/3013"}],"wp:featuredmedia":[{"embeddable":true,"href":"https:\/\/bale.ch\/journal\/wp-json\/wp\/v2\/media\/1250"}],"wp:attachment":[{"href":"https:\/\/bale.ch\/journal\/wp-json\/wp\/v2\/media?parent=1248"}],"wp:term":[{"taxonomy":"category","embeddable":true,"href":"https:\/\/bale.ch\/journal\/wp-json\/wp\/v2\/categories?post=1248"},{"taxonomy":"post_tag","embeddable":true,"href":"https:\/\/bale.ch\/journal\/wp-json\/wp\/v2\/tags?post=1248"}],"curies":[{"name":"wp","href":"https:\/\/api.w.org\/{rel}","templated":true}]}}