{"id":1270,"date":"2018-10-21T21:31:43","date_gmt":"2018-10-21T21:31:43","guid":{"rendered":"http:\/\/bale.ch\/journal\/?p=1270"},"modified":"2018-10-21T21:35:21","modified_gmt":"2018-10-21T21:35:21","slug":"concours-fumetto-2019-velo","status":"publish","type":"post","link":"https:\/\/bale.ch\/journal\/concours-fumetto-2019-velo\/","title":{"rendered":"Concours de BD: le v\u00e9lo, meilleur v\u00e9hicule du monde!"},"content":{"rendered":"<p><strong>Le festival lucernois Fumetto a choisi pour son vingt-huit\u00e8me concours international de bande dessin\u00e9e le th\u00e8me du v\u00e9lo.<\/strong><br \/>\n<!--more-->Le Festival International de la BD de Lucerne \u00ab\u00a0Fumetto\u00a0\u00bb organise chaque ann\u00e9e un concours de bande dessin\u00e9e. Ce concours permet aux jeunes dessinateurs et dessinatrices de soumettre leurs \u0153uvres \u00e0 un jury de professionnels. Leurs travaux seront ensuite pr\u00e9sent\u00e9s au grand public dans une exposition qui se tiendra lors du festival.<\/p>\n<blockquote><p><em>\u00ab\u00a0Nous aimons notre bicyclette, notre v\u00e9lo ou notre b\u00e9cane. Parce que peu importe comment vous l&rsquo;appelez, faire du v\u00e9lo c\u2019est la meilleure fa\u00e7on d\u2019\u00eatre mobile : rapide et maniable, on fait la vitesse avec le nez dans le vent \u2013 avec plein d\u2019\u00e9nergie mais sans d\u2019\u00e9chappements. Comment voyez-vous cela? Est-ce que vous voyagez au paradis du v\u00e9lo ou est-ce que vous vous frayez un chemin \u00e0 travers la jungle urbaine, vers le Kilimandjaro ou vers la boulangerie? Dessinez votre BD du v\u00e9lo!\u00a0\u00bb<\/em><\/p><\/blockquote>\n<p>Le v\u00e9lo est un th\u00e8me qui est li\u00e9 \u00e0 la br\u00fblante actualit\u00e9: alors que la transition \u00e9cologique est urgente, le v\u00e9lo appara\u00eet comme un mode de transport de l&rsquo;avenir.<\/p>\n<p>Les partenaires du Fumetto projettent d&rsquo;utiliser l&rsquo;oeuvre laur\u00e9ate pour faire la promotion de la bicyclette apr\u00e8s le festival qui aura lieu du <strong>6 au 14 avril 2019<\/strong>.<\/p><div id=\"crieu-1787546850\" class=\"crieu-content crieu-entity-placement\"><script async src=\"\/\/pagead2.googlesyndication.com\/pagead\/js\/adsbygoogle.js?client=ca-pub-5271584769416742\" crossorigin=\"anonymous\"><\/script><ins class=\"adsbygoogle\" style=\"display:block;\" data-ad-client=\"ca-pub-5271584769416742\" \ndata-ad-slot=\"9321250718\" \ndata-ad-format=\"auto\"><\/ins>\n<script> \n(adsbygoogle = window.adsbygoogle || []).push({}); \n<\/script>\n<\/div>\n<p>Chaque ann\u00e9e environ de 1300 personnes \u00e0 travers le monde participent au cours.<\/p>\n<p>Les planches sont \u00e0 envoyer avant le 4 janvier 2019. Le nom des gagnants sera communiqu\u00e9 le samedi 6 avril 2019.<br \/>\nPlus d&rsquo;infos sur <a href=\"https:\/\/www.fumetto.ch\/fr\/wettbewerbe\/fumetto-wettbewerb\/\" target=\"_blank\" rel=\"noopener\">fumetto.ch<\/a>.<\/p>\n<div id=\"crieu-777542040\" class=\"crieu-apres-le-contenu crieu-entity-placement\" style=\"margin-left: auto;margin-right: auto;text-align: center;\"><script async src=\"\/\/pagead2.googlesyndication.com\/pagead\/js\/adsbygoogle.js?client=ca-pub-5271584769416742\" crossorigin=\"anonymous\"><\/script><ins class=\"adsbygoogle\" style=\"display:block;\" data-ad-client=\"ca-pub-5271584769416742\" \ndata-ad-slot=\"9321250718\" \ndata-ad-format=\"auto\"><\/ins>\n<script> \n(adsbygoogle = window.adsbygoogle || []).push({}); \n<\/script>\n<\/div>","protected":false},"excerpt":{"rendered":"<p>Le festival lucernois Fumetto a choisi pour son vingt-huit\u00e8me concours international de bande dessin\u00e9e le th\u00e8me du v\u00e9lo.<\/p>\n","protected":false},"author":2,"featured_media":1271,"comment_status":"closed","ping_status":"closed","sticky":false,"template":"","format":"standard","meta":{"footnotes":""},"categories":[11,8],"tags":[20,93],"class_list":["post-1270","post","type-post","status-publish","format-standard","has-post-thumbnail","hentry","category-art","category-suisse","tag-bande-dessinee","tag-festival"],"yoast_head":"<!-- This site is optimized with the Yoast SEO plugin v28.3 - https:\/\/yoast.com\/product\/yoast-seo-wordpress\/ -->\n<title>Concours de BD: le v\u00e9lo, meilleur v\u00e9hicule du monde! - Journal de B\u00e2le et Gen\u00e8ve<\/title>\n<meta name=\"robots\" content=\"index, follow, max-snippet:-1, max-image-preview:large, max-video-preview:-1\" \/>\n<link rel=\"canonical\" href=\"https:\/\/bale.ch\/journal\/concours-fumetto-2019-velo\/\" \/>\n<meta property=\"og:locale\" content=\"fr_FR\" \/>\n<meta property=\"og:type\" content=\"article\" \/>\n<meta property=\"og:title\" content=\"Concours de BD: le v\u00e9lo, meilleur v\u00e9hicule du monde! - Journal de B\u00e2le et Gen\u00e8ve\" \/>\n<meta property=\"og:description\" content=\"Le festival lucernois Fumetto a choisi pour son vingt-huit\u00e8me concours international de bande dessin\u00e9e le th\u00e8me du v\u00e9lo.\" \/>\n<meta property=\"og:url\" content=\"https:\/\/bale.ch\/journal\/concours-fumetto-2019-velo\/\" \/>\n<meta property=\"og:site_name\" content=\"Journal de B\u00e2le et Gen\u00e8ve\" \/>\n<meta property=\"article:published_time\" content=\"2018-10-21T21:31:43+00:00\" \/>\n<meta property=\"article:modified_time\" content=\"2018-10-21T21:35:21+00:00\" \/>\n<meta property=\"og:image\" content=\"https:\/\/bale.ch\/journal\/wp-content\/uploads\/2018\/10\/fumetto_wettbewerb_2019.2048x1200-1024x600.jpg\" \/>\n\t<meta property=\"og:image:width\" content=\"1024\" \/>\n\t<meta property=\"og:image:height\" content=\"600\" \/>\n\t<meta property=\"og:image:type\" content=\"image\/jpeg\" \/>\n<meta name=\"author\" content=\"La R\u00e9daction\" \/>\n<meta name=\"twitter:card\" content=\"summary_large_image\" \/>\n<meta name=\"twitter:label1\" content=\"\u00c9crit par\" \/>\n\t<meta name=\"twitter:data1\" content=\"La R\u00e9daction\" \/>\n\t<meta name=\"twitter:label2\" content=\"Dur\u00e9e de lecture estim\u00e9e\" \/>\n\t<meta name=\"twitter:data2\" content=\"1 minute\" \/>\n<script type=\"application\/ld+json\" class=\"yoast-schema-graph\">{\"@context\":\"https:\\\/\\\/schema.org\",\"@graph\":[{\"@type\":\"Article\",\"@id\":\"https:\\\/\\\/bale.ch\\\/journal\\\/concours-fumetto-2019-velo\\\/#article\",\"isPartOf\":{\"@id\":\"https:\\\/\\\/bale.ch\\\/journal\\\/concours-fumetto-2019-velo\\\/\"},\"author\":{\"name\":\"La R\u00e9daction\",\"@id\":\"https:\\\/\\\/bale.ch\\\/journal\\\/#\\\/schema\\\/person\\\/03ced978db3b7a5274c5cef003f352f5\"},\"headline\":\"Concours de BD: le v\u00e9lo, meilleur v\u00e9hicule du monde!\",\"datePublished\":\"2018-10-21T21:31:43+00:00\",\"dateModified\":\"2018-10-21T21:35:21+00:00\",\"mainEntityOfPage\":{\"@id\":\"https:\\\/\\\/bale.ch\\\/journal\\\/concours-fumetto-2019-velo\\\/\"},\"wordCount\":273,\"publisher\":{\"@id\":\"https:\\\/\\\/bale.ch\\\/journal\\\/#organization\"},\"image\":{\"@id\":\"https:\\\/\\\/bale.ch\\\/journal\\\/concours-fumetto-2019-velo\\\/#primaryimage\"},\"thumbnailUrl\":\"https:\\\/\\\/bale.ch\\\/journal\\\/wp-content\\\/uploads\\\/2018\\\/10\\\/fumetto_wettbewerb_2019.2048x1200.jpg\",\"keywords\":[\"bande dessin\u00e9e\",\"festival\"],\"articleSection\":[\"Art\",\"Suisse\"],\"inLanguage\":\"fr-FR\"},{\"@type\":\"WebPage\",\"@id\":\"https:\\\/\\\/bale.ch\\\/journal\\\/concours-fumetto-2019-velo\\\/\",\"url\":\"https:\\\/\\\/bale.ch\\\/journal\\\/concours-fumetto-2019-velo\\\/\",\"name\":\"Concours de BD: le v\u00e9lo, meilleur v\u00e9hicule du monde! - Journal de B\u00e2le et Gen\u00e8ve\",\"isPartOf\":{\"@id\":\"https:\\\/\\\/bale.ch\\\/journal\\\/#website\"},\"primaryImageOfPage\":{\"@id\":\"https:\\\/\\\/bale.ch\\\/journal\\\/concours-fumetto-2019-velo\\\/#primaryimage\"},\"image\":{\"@id\":\"https:\\\/\\\/bale.ch\\\/journal\\\/concours-fumetto-2019-velo\\\/#primaryimage\"},\"thumbnailUrl\":\"https:\\\/\\\/bale.ch\\\/journal\\\/wp-content\\\/uploads\\\/2018\\\/10\\\/fumetto_wettbewerb_2019.2048x1200.jpg\",\"datePublished\":\"2018-10-21T21:31:43+00:00\",\"dateModified\":\"2018-10-21T21:35:21+00:00\",\"breadcrumb\":{\"@id\":\"https:\\\/\\\/bale.ch\\\/journal\\\/concours-fumetto-2019-velo\\\/#breadcrumb\"},\"inLanguage\":\"fr-FR\",\"potentialAction\":[{\"@type\":\"ReadAction\",\"target\":[\"https:\\\/\\\/bale.ch\\\/journal\\\/concours-fumetto-2019-velo\\\/\"]}]},{\"@type\":\"ImageObject\",\"inLanguage\":\"fr-FR\",\"@id\":\"https:\\\/\\\/bale.ch\\\/journal\\\/concours-fumetto-2019-velo\\\/#primaryimage\",\"url\":\"https:\\\/\\\/bale.ch\\\/journal\\\/wp-content\\\/uploads\\\/2018\\\/10\\\/fumetto_wettbewerb_2019.2048x1200.jpg\",\"contentUrl\":\"https:\\\/\\\/bale.ch\\\/journal\\\/wp-content\\\/uploads\\\/2018\\\/10\\\/fumetto_wettbewerb_2019.2048x1200.jpg\",\"width\":2048,\"height\":1200},{\"@type\":\"BreadcrumbList\",\"@id\":\"https:\\\/\\\/bale.ch\\\/journal\\\/concours-fumetto-2019-velo\\\/#breadcrumb\",\"itemListElement\":[{\"@type\":\"ListItem\",\"position\":1,\"name\":\"Accueil\",\"item\":\"https:\\\/\\\/bale.ch\\\/journal\\\/\"},{\"@type\":\"ListItem\",\"position\":2,\"name\":\"Concours de BD: le v\u00e9lo, meilleur v\u00e9hicule du monde!\"}]},{\"@type\":\"WebSite\",\"@id\":\"https:\\\/\\\/bale.ch\\\/journal\\\/#website\",\"url\":\"https:\\\/\\\/bale.ch\\\/journal\\\/\",\"name\":\"Journal de B\u00e2le et Gen\u00e8ve\",\"description\":\"M\u00e9dia transfrontalier d&#039;actualit\u00e9s - News\",\"publisher\":{\"@id\":\"https:\\\/\\\/bale.ch\\\/journal\\\/#organization\"},\"potentialAction\":[{\"@type\":\"SearchAction\",\"target\":{\"@type\":\"EntryPoint\",\"urlTemplate\":\"https:\\\/\\\/bale.ch\\\/journal\\\/?s={search_term_string}\"},\"query-input\":{\"@type\":\"PropertyValueSpecification\",\"valueRequired\":true,\"valueName\":\"search_term_string\"}}],\"inLanguage\":\"fr-FR\"},{\"@type\":\"Organization\",\"@id\":\"https:\\\/\\\/bale.ch\\\/journal\\\/#organization\",\"name\":\"Journal de B\u00e2le et Gen\u00e8ve\",\"url\":\"https:\\\/\\\/bale.ch\\\/journal\\\/\",\"logo\":{\"@type\":\"ImageObject\",\"inLanguage\":\"fr-FR\",\"@id\":\"https:\\\/\\\/bale.ch\\\/journal\\\/#\\\/schema\\\/logo\\\/image\\\/\",\"url\":\"https:\\\/\\\/bale.ch\\\/journal\\\/wp-content\\\/uploads\\\/2023\\\/07\\\/journaldebale_logo_2023_nb.png\",\"contentUrl\":\"https:\\\/\\\/bale.ch\\\/journal\\\/wp-content\\\/uploads\\\/2023\\\/07\\\/journaldebale_logo_2023_nb.png\",\"width\":371,\"height\":127,\"caption\":\"Journal de B\u00e2le et Gen\u00e8ve\"},\"image\":{\"@id\":\"https:\\\/\\\/bale.ch\\\/journal\\\/#\\\/schema\\\/logo\\\/image\\\/\"}},{\"@type\":\"Person\",\"@id\":\"https:\\\/\\\/bale.ch\\\/journal\\\/#\\\/schema\\\/person\\\/03ced978db3b7a5274c5cef003f352f5\",\"name\":\"La R\u00e9daction\",\"image\":{\"@type\":\"ImageObject\",\"inLanguage\":\"fr-FR\",\"@id\":\"https:\\\/\\\/secure.gravatar.com\\\/avatar\\\/d1327e2ce8d2b860112f968a3f34686c9bdda7a463a1502cdd1070ac9d88cf1e?s=96&d=mm&r=g\",\"url\":\"https:\\\/\\\/secure.gravatar.com\\\/avatar\\\/d1327e2ce8d2b860112f968a3f34686c9bdda7a463a1502cdd1070ac9d88cf1e?s=96&d=mm&r=g\",\"contentUrl\":\"https:\\\/\\\/secure.gravatar.com\\\/avatar\\\/d1327e2ce8d2b860112f968a3f34686c9bdda7a463a1502cdd1070ac9d88cf1e?s=96&d=mm&r=g\",\"caption\":\"La R\u00e9daction\"},\"url\":\"https:\\\/\\\/bale.ch\\\/journal\\\/author\\\/laredaction\\\/\"}]}<\/script>\n<!-- \/ Yoast SEO plugin. -->","yoast_head_json":{"title":"Concours de BD: le v\u00e9lo, meilleur v\u00e9hicule du monde! - Journal de B\u00e2le et Gen\u00e8ve","robots":{"index":"index","follow":"follow","max-snippet":"max-snippet:-1","max-image-preview":"max-image-preview:large","max-video-preview":"max-video-preview:-1"},"canonical":"https:\/\/bale.ch\/journal\/concours-fumetto-2019-velo\/","og_locale":"fr_FR","og_type":"article","og_title":"Concours de BD: le v\u00e9lo, meilleur v\u00e9hicule du monde! - Journal de B\u00e2le et Gen\u00e8ve","og_description":"Le festival lucernois Fumetto a choisi pour son vingt-huit\u00e8me concours international de bande dessin\u00e9e le th\u00e8me du v\u00e9lo.","og_url":"https:\/\/bale.ch\/journal\/concours-fumetto-2019-velo\/","og_site_name":"Journal de B\u00e2le et Gen\u00e8ve","article_published_time":"2018-10-21T21:31:43+00:00","article_modified_time":"2018-10-21T21:35:21+00:00","og_image":[{"width":1024,"height":600,"url":"https:\/\/bale.ch\/journal\/wp-content\/uploads\/2018\/10\/fumetto_wettbewerb_2019.2048x1200-1024x600.jpg","type":"image\/jpeg"}],"author":"La R\u00e9daction","twitter_card":"summary_large_image","twitter_misc":{"\u00c9crit par":"La R\u00e9daction","Dur\u00e9e de lecture estim\u00e9e":"1 minute"},"schema":{"@context":"https:\/\/schema.org","@graph":[{"@type":"Article","@id":"https:\/\/bale.ch\/journal\/concours-fumetto-2019-velo\/#article","isPartOf":{"@id":"https:\/\/bale.ch\/journal\/concours-fumetto-2019-velo\/"},"author":{"name":"La R\u00e9daction","@id":"https:\/\/bale.ch\/journal\/#\/schema\/person\/03ced978db3b7a5274c5cef003f352f5"},"headline":"Concours de BD: le v\u00e9lo, meilleur v\u00e9hicule du monde!","datePublished":"2018-10-21T21:31:43+00:00","dateModified":"2018-10-21T21:35:21+00:00","mainEntityOfPage":{"@id":"https:\/\/bale.ch\/journal\/concours-fumetto-2019-velo\/"},"wordCount":273,"publisher":{"@id":"https:\/\/bale.ch\/journal\/#organization"},"image":{"@id":"https:\/\/bale.ch\/journal\/concours-fumetto-2019-velo\/#primaryimage"},"thumbnailUrl":"https:\/\/bale.ch\/journal\/wp-content\/uploads\/2018\/10\/fumetto_wettbewerb_2019.2048x1200.jpg","keywords":["bande dessin\u00e9e","festival"],"articleSection":["Art","Suisse"],"inLanguage":"fr-FR"},{"@type":"WebPage","@id":"https:\/\/bale.ch\/journal\/concours-fumetto-2019-velo\/","url":"https:\/\/bale.ch\/journal\/concours-fumetto-2019-velo\/","name":"Concours de BD: le v\u00e9lo, meilleur v\u00e9hicule du monde! - Journal de B\u00e2le et Gen\u00e8ve","isPartOf":{"@id":"https:\/\/bale.ch\/journal\/#website"},"primaryImageOfPage":{"@id":"https:\/\/bale.ch\/journal\/concours-fumetto-2019-velo\/#primaryimage"},"image":{"@id":"https:\/\/bale.ch\/journal\/concours-fumetto-2019-velo\/#primaryimage"},"thumbnailUrl":"https:\/\/bale.ch\/journal\/wp-content\/uploads\/2018\/10\/fumetto_wettbewerb_2019.2048x1200.jpg","datePublished":"2018-10-21T21:31:43+00:00","dateModified":"2018-10-21T21:35:21+00:00","breadcrumb":{"@id":"https:\/\/bale.ch\/journal\/concours-fumetto-2019-velo\/#breadcrumb"},"inLanguage":"fr-FR","potentialAction":[{"@type":"ReadAction","target":["https:\/\/bale.ch\/journal\/concours-fumetto-2019-velo\/"]}]},{"@type":"ImageObject","inLanguage":"fr-FR","@id":"https:\/\/bale.ch\/journal\/concours-fumetto-2019-velo\/#primaryimage","url":"https:\/\/bale.ch\/journal\/wp-content\/uploads\/2018\/10\/fumetto_wettbewerb_2019.2048x1200.jpg","contentUrl":"https:\/\/bale.ch\/journal\/wp-content\/uploads\/2018\/10\/fumetto_wettbewerb_2019.2048x1200.jpg","width":2048,"height":1200},{"@type":"BreadcrumbList","@id":"https:\/\/bale.ch\/journal\/concours-fumetto-2019-velo\/#breadcrumb","itemListElement":[{"@type":"ListItem","position":1,"name":"Accueil","item":"https:\/\/bale.ch\/journal\/"},{"@type":"ListItem","position":2,"name":"Concours de BD: le v\u00e9lo, meilleur v\u00e9hicule du monde!"}]},{"@type":"WebSite","@id":"https:\/\/bale.ch\/journal\/#website","url":"https:\/\/bale.ch\/journal\/","name":"Journal de B\u00e2le et Gen\u00e8ve","description":"M\u00e9dia transfrontalier d&#039;actualit\u00e9s - News","publisher":{"@id":"https:\/\/bale.ch\/journal\/#organization"},"potentialAction":[{"@type":"SearchAction","target":{"@type":"EntryPoint","urlTemplate":"https:\/\/bale.ch\/journal\/?s={search_term_string}"},"query-input":{"@type":"PropertyValueSpecification","valueRequired":true,"valueName":"search_term_string"}}],"inLanguage":"fr-FR"},{"@type":"Organization","@id":"https:\/\/bale.ch\/journal\/#organization","name":"Journal de B\u00e2le et Gen\u00e8ve","url":"https:\/\/bale.ch\/journal\/","logo":{"@type":"ImageObject","inLanguage":"fr-FR","@id":"https:\/\/bale.ch\/journal\/#\/schema\/logo\/image\/","url":"https:\/\/bale.ch\/journal\/wp-content\/uploads\/2023\/07\/journaldebale_logo_2023_nb.png","contentUrl":"https:\/\/bale.ch\/journal\/wp-content\/uploads\/2023\/07\/journaldebale_logo_2023_nb.png","width":371,"height":127,"caption":"Journal de B\u00e2le et Gen\u00e8ve"},"image":{"@id":"https:\/\/bale.ch\/journal\/#\/schema\/logo\/image\/"}},{"@type":"Person","@id":"https:\/\/bale.ch\/journal\/#\/schema\/person\/03ced978db3b7a5274c5cef003f352f5","name":"La R\u00e9daction","image":{"@type":"ImageObject","inLanguage":"fr-FR","@id":"https:\/\/secure.gravatar.com\/avatar\/d1327e2ce8d2b860112f968a3f34686c9bdda7a463a1502cdd1070ac9d88cf1e?s=96&d=mm&r=g","url":"https:\/\/secure.gravatar.com\/avatar\/d1327e2ce8d2b860112f968a3f34686c9bdda7a463a1502cdd1070ac9d88cf1e?s=96&d=mm&r=g","contentUrl":"https:\/\/secure.gravatar.com\/avatar\/d1327e2ce8d2b860112f968a3f34686c9bdda7a463a1502cdd1070ac9d88cf1e?s=96&d=mm&r=g","caption":"La R\u00e9daction"},"url":"https:\/\/bale.ch\/journal\/author\/laredaction\/"}]}},"_links":{"self":[{"href":"https:\/\/bale.ch\/journal\/wp-json\/wp\/v2\/posts\/1270","targetHints":{"allow":["GET"]}}],"collection":[{"href":"https:\/\/bale.ch\/journal\/wp-json\/wp\/v2\/posts"}],"about":[{"href":"https:\/\/bale.ch\/journal\/wp-json\/wp\/v2\/types\/post"}],"author":[{"embeddable":true,"href":"https:\/\/bale.ch\/journal\/wp-json\/wp\/v2\/users\/2"}],"replies":[{"embeddable":true,"href":"https:\/\/bale.ch\/journal\/wp-json\/wp\/v2\/comments?post=1270"}],"version-history":[{"count":5,"href":"https:\/\/bale.ch\/journal\/wp-json\/wp\/v2\/posts\/1270\/revisions"}],"predecessor-version":[{"id":1276,"href":"https:\/\/bale.ch\/journal\/wp-json\/wp\/v2\/posts\/1270\/revisions\/1276"}],"wp:featuredmedia":[{"embeddable":true,"href":"https:\/\/bale.ch\/journal\/wp-json\/wp\/v2\/media\/1271"}],"wp:attachment":[{"href":"https:\/\/bale.ch\/journal\/wp-json\/wp\/v2\/media?parent=1270"}],"wp:term":[{"taxonomy":"category","embeddable":true,"href":"https:\/\/bale.ch\/journal\/wp-json\/wp\/v2\/categories?post=1270"},{"taxonomy":"post_tag","embeddable":true,"href":"https:\/\/bale.ch\/journal\/wp-json\/wp\/v2\/tags?post=1270"}],"curies":[{"name":"wp","href":"https:\/\/api.w.org\/{rel}","templated":true}]}}