{"id":1277,"date":"2018-09-26T22:02:27","date_gmt":"2018-09-26T22:02:27","guid":{"rendered":"http:\/\/bale.ch\/journal\/?p=1277"},"modified":"2018-10-21T22:14:24","modified_gmt":"2018-10-21T22:14:24","slug":"geneve-ville-cinephile-confirme-son-soutien-au-cinema","status":"publish","type":"post","link":"https:\/\/bale.ch\/journal\/geneve-ville-cinephile-confirme-son-soutien-au-cinema\/","title":{"rendered":"Gen\u00e8ve, ville cin\u00e9phile, confirme son soutien au cin\u00e9ma"},"content":{"rendered":"<p><strong>La Ville de Gen\u00e8ve d\u00e9veloppe depuis de nombreuses ann\u00e9es une politique dynamique\u00a0<\/strong><strong>dans le domaine des festivals de cin\u00e9ma. Le D\u00e9partement de la culture et du sport\u00a0<\/strong><strong>souhaite se donner les moyens de continuer \u00e0 la soutenir de mani\u00e8re ad\u00e9quate en\u00a0<\/strong><strong>red\u00e9ployant ses mesures de soutien aux festivals de cin\u00e9ma pour les ann\u00e9es \u00e0 venir.<br \/>\n<\/strong><!--more--><br \/>\nGen\u00e8ve a la r\u00e9putation \u2013 justifi\u00e9e \u2013 d\u2019\u00eatre une ville cin\u00e9phile. La fr\u00e9quentation des salles obscures y a toujours \u00e9t\u00e9 \u00e9lev\u00e9e et concerne toutes les couches socio-professionnelles. Cet engouement pour le septi\u00e8me art a d\u2019ailleurs largement contribu\u00e9 \u00e0 faire na\u00eetre des festivals qui permettent aux Genevoises et aux Genevois de d\u00e9couvrir des \u0153uvres du monde entier et \u00e0 \u00ab utiliser \u00bb souvent le 7\u00e8me art comme outil au service d\u2019un engagement sp\u00e9cifique. Cr\u00e9\u00e9s dans l\u2019ordre chronologique suivant : Black Movie (1991), Festival Tous Ecrans (1995, devenu aujourd\u2019hui le \u00ab Geneva International Film Festival \u00bb GIFF), Filmar in America Latina (1999), FIFDH (2003), FIFOG (2005), Animatou (2006), ont<br \/>\nb\u00e9n\u00e9fici\u00e9 d\u2019un soutien financier des collectivit\u00e9s publiques. Avec une enveloppe financi\u00e8re constante et au regard de la situation et des enjeux \u00e0 venir, le d\u00e9partement de la culture et du sport (DCS) a d\u00e9cid\u00e9 de prioriser ses mesures de soutien sur la base de crit\u00e8res visant \u00e0 renforcer le positionnement et le rayonnement des festivals, tout en garantissant la diversit\u00e9 des propositions culturelles de mani\u00e8re p\u00e9renne.<\/p>\n<p><strong>Renforcer le positionnement et le rayonnement des festivals<\/strong><br \/>\nCette r\u00e9allocation des moyens actuellement disponibles a pour objectif d\u2019accro\u00eetre le soutien au 26 et au GIFF. Ces deux festivals se distinguent par leur caract\u00e8re unique au niveau national et leur ancrage dans des dimensions strat\u00e9giques essentielles pour Gen\u00e8ve, bien au-del\u00e0 de leur dimension culturelle propre, la Gen\u00e8ve internationale pour l\u2019un, la Gen\u00e8ve de l\u2019innovation artistique et technologique pour l\u2019autre. Il s\u2019agit de consolider leur statut en confortant leur reconnaissance nationale et leur dimension internationale, marqu\u00e9e par l\u2019int\u00e9r\u00eat croissant des milieux professionnels et des m\u00e9dias suisses et \u00e9trangers, ainsi que la mise en place de collaborations et de partenariats avec des festivals reconnus, en Europe, au Canada et aux Etats-Unis notamment.<\/p>\n<p>Les montants du soutien \u00e0 Black Movie et \u00e0 FILMAR demeurent inchang\u00e9s ces prochaines ann\u00e9es avec comme objectif principal, la consolidation des actions engag\u00e9es. Les conventions de ces quatre festivals seront renouvel\u00e9es pour une p\u00e9riode de quatre ans (2019 \u2013 2022).<\/p><div id=\"crieu-2025054531\" class=\"crieu-content crieu-entity-placement\"><script async src=\"\/\/pagead2.googlesyndication.com\/pagead\/js\/adsbygoogle.js?client=ca-pub-5271584769416742\" crossorigin=\"anonymous\"><\/script><ins class=\"adsbygoogle\" style=\"display:block;\" data-ad-client=\"ca-pub-5271584769416742\" \ndata-ad-slot=\"9321250718\" \ndata-ad-format=\"auto\"><\/ins>\n<script> \n(adsbygoogle = window.adsbygoogle || []).push({}); \n<\/script>\n<\/div>\n<p>La subvention annuelle au FIFOG ne sera pas reconduite au terme de l\u2019\u00e9dition 2019 ; les organisateurs en ont \u00e9t\u00e9 inform\u00e9s et en ont pris acte. Une nouvelle formule permettant de valoriser la diffusion des films du monde oriental sera examin\u00e9e dans le cadre des festivals existants.<\/p>\n<p>Enfin, une r\u00e9flexion sur l\u2019avenir du festival ANIMATOU qui joue un r\u00f4le essentiel dans un secteur de niche ayant une forte tradition \u00e0 Gen\u00e8ve, notamment aupr\u00e8s d\u2019un public jeune, sera engag\u00e9e d\u00e8s l\u2019an prochain par le DCS, en concertation avec la direction de la manifestation. La Ville continuera \u00e9galement \u00e0 soutenir de cas en cas, des \u00e9v\u00e9nements cin\u00e9matographiques plus modestes, porteurs de propositions culturelles uniques, comme par exemple \u00ab Palestine, filmer c\u2019est exister \u00bb et \u00ab Everybody\u2019s perfect \u00bb.<\/p>\n<div id=\"crieu-1257046988\" class=\"crieu-apres-le-contenu crieu-entity-placement\" style=\"margin-left: auto;margin-right: auto;text-align: center;\"><script async src=\"\/\/pagead2.googlesyndication.com\/pagead\/js\/adsbygoogle.js?client=ca-pub-5271584769416742\" crossorigin=\"anonymous\"><\/script><ins class=\"adsbygoogle\" style=\"display:block;\" data-ad-client=\"ca-pub-5271584769416742\" \ndata-ad-slot=\"9321250718\" \ndata-ad-format=\"auto\"><\/ins>\n<script> \n(adsbygoogle = window.adsbygoogle || []).push({}); \n<\/script>\n<\/div>","protected":false},"excerpt":{"rendered":"<p>La Ville de Gen\u00e8ve d\u00e9veloppe depuis de nombreuses ann\u00e9es une politique dynamique\u00a0dans le domaine des festivals de cin\u00e9ma. Le D\u00e9partement de la culture et du sport\u00a0souhaite se donner les moyens <a href=\"https:\/\/bale.ch\/journal\/geneve-ville-cinephile-confirme-son-soutien-au-cinema\/\" class=\"read-more button-fancy -red\"><span class=\"btn-arrow\"><\/span><span class=\"twp-read-more text\">Continuer la lecture<\/span><\/a><\/p>\n","protected":false},"author":2,"featured_media":1278,"comment_status":"closed","ping_status":"closed","sticky":false,"template":"","format":"standard","meta":{"footnotes":""},"categories":[10,4],"tags":[23,5],"class_list":["post-1277","post","type-post","status-publish","format-standard","has-post-thumbnail","hentry","category-culture","category-grand-geneve","tag-cinema","tag-geneve-ville"],"yoast_head":"<!-- This site is optimized with the Yoast SEO plugin v28.3 - https:\/\/yoast.com\/product\/yoast-seo-wordpress\/ -->\n<title>Gen\u00e8ve, ville cin\u00e9phile, confirme son soutien au cin\u00e9ma - Journal de B\u00e2le et Gen\u00e8ve<\/title>\n<meta name=\"robots\" content=\"index, follow, max-snippet:-1, max-image-preview:large, max-video-preview:-1\" \/>\n<link rel=\"canonical\" href=\"https:\/\/bale.ch\/journal\/geneve-ville-cinephile-confirme-son-soutien-au-cinema\/\" \/>\n<meta property=\"og:locale\" content=\"fr_FR\" \/>\n<meta property=\"og:type\" content=\"article\" \/>\n<meta property=\"og:title\" content=\"Gen\u00e8ve, ville cin\u00e9phile, confirme son soutien au cin\u00e9ma - Journal de B\u00e2le et Gen\u00e8ve\" \/>\n<meta property=\"og:description\" content=\"La Ville de Gen\u00e8ve d\u00e9veloppe depuis de nombreuses ann\u00e9es une politique dynamique\u00a0dans le domaine des festivals de cin\u00e9ma. Le D\u00e9partement de la culture et du sport\u00a0souhaite se donner les moyens Continuer la lecture\" \/>\n<meta property=\"og:url\" content=\"https:\/\/bale.ch\/journal\/geneve-ville-cinephile-confirme-son-soutien-au-cinema\/\" \/>\n<meta property=\"og:site_name\" content=\"Journal de B\u00e2le et Gen\u00e8ve\" \/>\n<meta property=\"article:published_time\" content=\"2018-09-26T22:02:27+00:00\" \/>\n<meta property=\"article:modified_time\" content=\"2018-10-21T22:14:24+00:00\" \/>\n<meta property=\"og:image\" content=\"https:\/\/bale.ch\/journal\/wp-content\/uploads\/2018\/10\/fifdh.jpg\" \/>\n\t<meta property=\"og:image:width\" content=\"750\" \/>\n\t<meta property=\"og:image:height\" content=\"410\" \/>\n\t<meta property=\"og:image:type\" content=\"image\/jpeg\" \/>\n<meta name=\"author\" content=\"La R\u00e9daction\" \/>\n<meta name=\"twitter:card\" content=\"summary_large_image\" \/>\n<meta name=\"twitter:label1\" content=\"\u00c9crit par\" \/>\n\t<meta name=\"twitter:data1\" content=\"La R\u00e9daction\" \/>\n\t<meta name=\"twitter:label2\" content=\"Dur\u00e9e de lecture estim\u00e9e\" \/>\n\t<meta name=\"twitter:data2\" content=\"3 minutes\" \/>\n<script type=\"application\/ld+json\" class=\"yoast-schema-graph\">{\"@context\":\"https:\\\/\\\/schema.org\",\"@graph\":[{\"@type\":\"Article\",\"@id\":\"https:\\\/\\\/bale.ch\\\/journal\\\/geneve-ville-cinephile-confirme-son-soutien-au-cinema\\\/#article\",\"isPartOf\":{\"@id\":\"https:\\\/\\\/bale.ch\\\/journal\\\/geneve-ville-cinephile-confirme-son-soutien-au-cinema\\\/\"},\"author\":{\"name\":\"La R\u00e9daction\",\"@id\":\"https:\\\/\\\/bale.ch\\\/journal\\\/#\\\/schema\\\/person\\\/03ced978db3b7a5274c5cef003f352f5\"},\"headline\":\"Gen\u00e8ve, ville cin\u00e9phile, confirme son soutien au cin\u00e9ma\",\"datePublished\":\"2018-09-26T22:02:27+00:00\",\"dateModified\":\"2018-10-21T22:14:24+00:00\",\"mainEntityOfPage\":{\"@id\":\"https:\\\/\\\/bale.ch\\\/journal\\\/geneve-ville-cinephile-confirme-son-soutien-au-cinema\\\/\"},\"wordCount\":566,\"publisher\":{\"@id\":\"https:\\\/\\\/bale.ch\\\/journal\\\/#organization\"},\"image\":{\"@id\":\"https:\\\/\\\/bale.ch\\\/journal\\\/geneve-ville-cinephile-confirme-son-soutien-au-cinema\\\/#primaryimage\"},\"thumbnailUrl\":\"https:\\\/\\\/bale.ch\\\/journal\\\/wp-content\\\/uploads\\\/2018\\\/10\\\/fifdh.jpg\",\"keywords\":[\"Cin\u00e9ma\",\"Gen\u00e8ve Ville\"],\"articleSection\":[\"Culture\",\"Grand Gen\u00e8ve\"],\"inLanguage\":\"fr-FR\"},{\"@type\":\"WebPage\",\"@id\":\"https:\\\/\\\/bale.ch\\\/journal\\\/geneve-ville-cinephile-confirme-son-soutien-au-cinema\\\/\",\"url\":\"https:\\\/\\\/bale.ch\\\/journal\\\/geneve-ville-cinephile-confirme-son-soutien-au-cinema\\\/\",\"name\":\"Gen\u00e8ve, ville cin\u00e9phile, confirme son soutien au cin\u00e9ma - Journal de B\u00e2le et Gen\u00e8ve\",\"isPartOf\":{\"@id\":\"https:\\\/\\\/bale.ch\\\/journal\\\/#website\"},\"primaryImageOfPage\":{\"@id\":\"https:\\\/\\\/bale.ch\\\/journal\\\/geneve-ville-cinephile-confirme-son-soutien-au-cinema\\\/#primaryimage\"},\"image\":{\"@id\":\"https:\\\/\\\/bale.ch\\\/journal\\\/geneve-ville-cinephile-confirme-son-soutien-au-cinema\\\/#primaryimage\"},\"thumbnailUrl\":\"https:\\\/\\\/bale.ch\\\/journal\\\/wp-content\\\/uploads\\\/2018\\\/10\\\/fifdh.jpg\",\"datePublished\":\"2018-09-26T22:02:27+00:00\",\"dateModified\":\"2018-10-21T22:14:24+00:00\",\"breadcrumb\":{\"@id\":\"https:\\\/\\\/bale.ch\\\/journal\\\/geneve-ville-cinephile-confirme-son-soutien-au-cinema\\\/#breadcrumb\"},\"inLanguage\":\"fr-FR\",\"potentialAction\":[{\"@type\":\"ReadAction\",\"target\":[\"https:\\\/\\\/bale.ch\\\/journal\\\/geneve-ville-cinephile-confirme-son-soutien-au-cinema\\\/\"]}]},{\"@type\":\"ImageObject\",\"inLanguage\":\"fr-FR\",\"@id\":\"https:\\\/\\\/bale.ch\\\/journal\\\/geneve-ville-cinephile-confirme-son-soutien-au-cinema\\\/#primaryimage\",\"url\":\"https:\\\/\\\/bale.ch\\\/journal\\\/wp-content\\\/uploads\\\/2018\\\/10\\\/fifdh.jpg\",\"contentUrl\":\"https:\\\/\\\/bale.ch\\\/journal\\\/wp-content\\\/uploads\\\/2018\\\/10\\\/fifdh.jpg\",\"width\":750,\"height\":410},{\"@type\":\"BreadcrumbList\",\"@id\":\"https:\\\/\\\/bale.ch\\\/journal\\\/geneve-ville-cinephile-confirme-son-soutien-au-cinema\\\/#breadcrumb\",\"itemListElement\":[{\"@type\":\"ListItem\",\"position\":1,\"name\":\"Accueil\",\"item\":\"https:\\\/\\\/bale.ch\\\/journal\\\/\"},{\"@type\":\"ListItem\",\"position\":2,\"name\":\"Gen\u00e8ve, ville cin\u00e9phile, confirme son soutien au cin\u00e9ma\"}]},{\"@type\":\"WebSite\",\"@id\":\"https:\\\/\\\/bale.ch\\\/journal\\\/#website\",\"url\":\"https:\\\/\\\/bale.ch\\\/journal\\\/\",\"name\":\"Journal de B\u00e2le et Gen\u00e8ve\",\"description\":\"M\u00e9dia transfrontalier d&#039;actualit\u00e9s - News\",\"publisher\":{\"@id\":\"https:\\\/\\\/bale.ch\\\/journal\\\/#organization\"},\"potentialAction\":[{\"@type\":\"SearchAction\",\"target\":{\"@type\":\"EntryPoint\",\"urlTemplate\":\"https:\\\/\\\/bale.ch\\\/journal\\\/?s={search_term_string}\"},\"query-input\":{\"@type\":\"PropertyValueSpecification\",\"valueRequired\":true,\"valueName\":\"search_term_string\"}}],\"inLanguage\":\"fr-FR\"},{\"@type\":\"Organization\",\"@id\":\"https:\\\/\\\/bale.ch\\\/journal\\\/#organization\",\"name\":\"Journal de B\u00e2le et Gen\u00e8ve\",\"url\":\"https:\\\/\\\/bale.ch\\\/journal\\\/\",\"logo\":{\"@type\":\"ImageObject\",\"inLanguage\":\"fr-FR\",\"@id\":\"https:\\\/\\\/bale.ch\\\/journal\\\/#\\\/schema\\\/logo\\\/image\\\/\",\"url\":\"https:\\\/\\\/bale.ch\\\/journal\\\/wp-content\\\/uploads\\\/2023\\\/07\\\/journaldebale_logo_2023_nb.png\",\"contentUrl\":\"https:\\\/\\\/bale.ch\\\/journal\\\/wp-content\\\/uploads\\\/2023\\\/07\\\/journaldebale_logo_2023_nb.png\",\"width\":371,\"height\":127,\"caption\":\"Journal de B\u00e2le et Gen\u00e8ve\"},\"image\":{\"@id\":\"https:\\\/\\\/bale.ch\\\/journal\\\/#\\\/schema\\\/logo\\\/image\\\/\"}},{\"@type\":\"Person\",\"@id\":\"https:\\\/\\\/bale.ch\\\/journal\\\/#\\\/schema\\\/person\\\/03ced978db3b7a5274c5cef003f352f5\",\"name\":\"La R\u00e9daction\",\"image\":{\"@type\":\"ImageObject\",\"inLanguage\":\"fr-FR\",\"@id\":\"https:\\\/\\\/secure.gravatar.com\\\/avatar\\\/d1327e2ce8d2b860112f968a3f34686c9bdda7a463a1502cdd1070ac9d88cf1e?s=96&d=mm&r=g\",\"url\":\"https:\\\/\\\/secure.gravatar.com\\\/avatar\\\/d1327e2ce8d2b860112f968a3f34686c9bdda7a463a1502cdd1070ac9d88cf1e?s=96&d=mm&r=g\",\"contentUrl\":\"https:\\\/\\\/secure.gravatar.com\\\/avatar\\\/d1327e2ce8d2b860112f968a3f34686c9bdda7a463a1502cdd1070ac9d88cf1e?s=96&d=mm&r=g\",\"caption\":\"La R\u00e9daction\"},\"url\":\"https:\\\/\\\/bale.ch\\\/journal\\\/author\\\/laredaction\\\/\"}]}<\/script>\n<!-- \/ Yoast SEO plugin. -->","yoast_head_json":{"title":"Gen\u00e8ve, ville cin\u00e9phile, confirme son soutien au cin\u00e9ma - Journal de B\u00e2le et Gen\u00e8ve","robots":{"index":"index","follow":"follow","max-snippet":"max-snippet:-1","max-image-preview":"max-image-preview:large","max-video-preview":"max-video-preview:-1"},"canonical":"https:\/\/bale.ch\/journal\/geneve-ville-cinephile-confirme-son-soutien-au-cinema\/","og_locale":"fr_FR","og_type":"article","og_title":"Gen\u00e8ve, ville cin\u00e9phile, confirme son soutien au cin\u00e9ma - Journal de B\u00e2le et Gen\u00e8ve","og_description":"La Ville de Gen\u00e8ve d\u00e9veloppe depuis de nombreuses ann\u00e9es une politique dynamique\u00a0dans le domaine des festivals de cin\u00e9ma. Le D\u00e9partement de la culture et du sport\u00a0souhaite se donner les moyens Continuer la lecture","og_url":"https:\/\/bale.ch\/journal\/geneve-ville-cinephile-confirme-son-soutien-au-cinema\/","og_site_name":"Journal de B\u00e2le et Gen\u00e8ve","article_published_time":"2018-09-26T22:02:27+00:00","article_modified_time":"2018-10-21T22:14:24+00:00","og_image":[{"width":750,"height":410,"url":"https:\/\/bale.ch\/journal\/wp-content\/uploads\/2018\/10\/fifdh.jpg","type":"image\/jpeg"}],"author":"La R\u00e9daction","twitter_card":"summary_large_image","twitter_misc":{"\u00c9crit par":"La R\u00e9daction","Dur\u00e9e de lecture estim\u00e9e":"3 minutes"},"schema":{"@context":"https:\/\/schema.org","@graph":[{"@type":"Article","@id":"https:\/\/bale.ch\/journal\/geneve-ville-cinephile-confirme-son-soutien-au-cinema\/#article","isPartOf":{"@id":"https:\/\/bale.ch\/journal\/geneve-ville-cinephile-confirme-son-soutien-au-cinema\/"},"author":{"name":"La R\u00e9daction","@id":"https:\/\/bale.ch\/journal\/#\/schema\/person\/03ced978db3b7a5274c5cef003f352f5"},"headline":"Gen\u00e8ve, ville cin\u00e9phile, confirme son soutien au cin\u00e9ma","datePublished":"2018-09-26T22:02:27+00:00","dateModified":"2018-10-21T22:14:24+00:00","mainEntityOfPage":{"@id":"https:\/\/bale.ch\/journal\/geneve-ville-cinephile-confirme-son-soutien-au-cinema\/"},"wordCount":566,"publisher":{"@id":"https:\/\/bale.ch\/journal\/#organization"},"image":{"@id":"https:\/\/bale.ch\/journal\/geneve-ville-cinephile-confirme-son-soutien-au-cinema\/#primaryimage"},"thumbnailUrl":"https:\/\/bale.ch\/journal\/wp-content\/uploads\/2018\/10\/fifdh.jpg","keywords":["Cin\u00e9ma","Gen\u00e8ve Ville"],"articleSection":["Culture","Grand Gen\u00e8ve"],"inLanguage":"fr-FR"},{"@type":"WebPage","@id":"https:\/\/bale.ch\/journal\/geneve-ville-cinephile-confirme-son-soutien-au-cinema\/","url":"https:\/\/bale.ch\/journal\/geneve-ville-cinephile-confirme-son-soutien-au-cinema\/","name":"Gen\u00e8ve, ville cin\u00e9phile, confirme son soutien au cin\u00e9ma - Journal de B\u00e2le et Gen\u00e8ve","isPartOf":{"@id":"https:\/\/bale.ch\/journal\/#website"},"primaryImageOfPage":{"@id":"https:\/\/bale.ch\/journal\/geneve-ville-cinephile-confirme-son-soutien-au-cinema\/#primaryimage"},"image":{"@id":"https:\/\/bale.ch\/journal\/geneve-ville-cinephile-confirme-son-soutien-au-cinema\/#primaryimage"},"thumbnailUrl":"https:\/\/bale.ch\/journal\/wp-content\/uploads\/2018\/10\/fifdh.jpg","datePublished":"2018-09-26T22:02:27+00:00","dateModified":"2018-10-21T22:14:24+00:00","breadcrumb":{"@id":"https:\/\/bale.ch\/journal\/geneve-ville-cinephile-confirme-son-soutien-au-cinema\/#breadcrumb"},"inLanguage":"fr-FR","potentialAction":[{"@type":"ReadAction","target":["https:\/\/bale.ch\/journal\/geneve-ville-cinephile-confirme-son-soutien-au-cinema\/"]}]},{"@type":"ImageObject","inLanguage":"fr-FR","@id":"https:\/\/bale.ch\/journal\/geneve-ville-cinephile-confirme-son-soutien-au-cinema\/#primaryimage","url":"https:\/\/bale.ch\/journal\/wp-content\/uploads\/2018\/10\/fifdh.jpg","contentUrl":"https:\/\/bale.ch\/journal\/wp-content\/uploads\/2018\/10\/fifdh.jpg","width":750,"height":410},{"@type":"BreadcrumbList","@id":"https:\/\/bale.ch\/journal\/geneve-ville-cinephile-confirme-son-soutien-au-cinema\/#breadcrumb","itemListElement":[{"@type":"ListItem","position":1,"name":"Accueil","item":"https:\/\/bale.ch\/journal\/"},{"@type":"ListItem","position":2,"name":"Gen\u00e8ve, ville cin\u00e9phile, confirme son soutien au cin\u00e9ma"}]},{"@type":"WebSite","@id":"https:\/\/bale.ch\/journal\/#website","url":"https:\/\/bale.ch\/journal\/","name":"Journal de B\u00e2le et Gen\u00e8ve","description":"M\u00e9dia transfrontalier d&#039;actualit\u00e9s - News","publisher":{"@id":"https:\/\/bale.ch\/journal\/#organization"},"potentialAction":[{"@type":"SearchAction","target":{"@type":"EntryPoint","urlTemplate":"https:\/\/bale.ch\/journal\/?s={search_term_string}"},"query-input":{"@type":"PropertyValueSpecification","valueRequired":true,"valueName":"search_term_string"}}],"inLanguage":"fr-FR"},{"@type":"Organization","@id":"https:\/\/bale.ch\/journal\/#organization","name":"Journal de B\u00e2le et Gen\u00e8ve","url":"https:\/\/bale.ch\/journal\/","logo":{"@type":"ImageObject","inLanguage":"fr-FR","@id":"https:\/\/bale.ch\/journal\/#\/schema\/logo\/image\/","url":"https:\/\/bale.ch\/journal\/wp-content\/uploads\/2023\/07\/journaldebale_logo_2023_nb.png","contentUrl":"https:\/\/bale.ch\/journal\/wp-content\/uploads\/2023\/07\/journaldebale_logo_2023_nb.png","width":371,"height":127,"caption":"Journal de B\u00e2le et Gen\u00e8ve"},"image":{"@id":"https:\/\/bale.ch\/journal\/#\/schema\/logo\/image\/"}},{"@type":"Person","@id":"https:\/\/bale.ch\/journal\/#\/schema\/person\/03ced978db3b7a5274c5cef003f352f5","name":"La R\u00e9daction","image":{"@type":"ImageObject","inLanguage":"fr-FR","@id":"https:\/\/secure.gravatar.com\/avatar\/d1327e2ce8d2b860112f968a3f34686c9bdda7a463a1502cdd1070ac9d88cf1e?s=96&d=mm&r=g","url":"https:\/\/secure.gravatar.com\/avatar\/d1327e2ce8d2b860112f968a3f34686c9bdda7a463a1502cdd1070ac9d88cf1e?s=96&d=mm&r=g","contentUrl":"https:\/\/secure.gravatar.com\/avatar\/d1327e2ce8d2b860112f968a3f34686c9bdda7a463a1502cdd1070ac9d88cf1e?s=96&d=mm&r=g","caption":"La R\u00e9daction"},"url":"https:\/\/bale.ch\/journal\/author\/laredaction\/"}]}},"_links":{"self":[{"href":"https:\/\/bale.ch\/journal\/wp-json\/wp\/v2\/posts\/1277","targetHints":{"allow":["GET"]}}],"collection":[{"href":"https:\/\/bale.ch\/journal\/wp-json\/wp\/v2\/posts"}],"about":[{"href":"https:\/\/bale.ch\/journal\/wp-json\/wp\/v2\/types\/post"}],"author":[{"embeddable":true,"href":"https:\/\/bale.ch\/journal\/wp-json\/wp\/v2\/users\/2"}],"replies":[{"embeddable":true,"href":"https:\/\/bale.ch\/journal\/wp-json\/wp\/v2\/comments?post=1277"}],"version-history":[{"count":5,"href":"https:\/\/bale.ch\/journal\/wp-json\/wp\/v2\/posts\/1277\/revisions"}],"predecessor-version":[{"id":1283,"href":"https:\/\/bale.ch\/journal\/wp-json\/wp\/v2\/posts\/1277\/revisions\/1283"}],"wp:featuredmedia":[{"embeddable":true,"href":"https:\/\/bale.ch\/journal\/wp-json\/wp\/v2\/media\/1278"}],"wp:attachment":[{"href":"https:\/\/bale.ch\/journal\/wp-json\/wp\/v2\/media?parent=1277"}],"wp:term":[{"taxonomy":"category","embeddable":true,"href":"https:\/\/bale.ch\/journal\/wp-json\/wp\/v2\/categories?post=1277"},{"taxonomy":"post_tag","embeddable":true,"href":"https:\/\/bale.ch\/journal\/wp-json\/wp\/v2\/tags?post=1277"}],"curies":[{"name":"wp","href":"https:\/\/api.w.org\/{rel}","templated":true}]}}