{"id":1290,"date":"2018-10-25T21:07:08","date_gmt":"2018-10-25T21:07:08","guid":{"rendered":"http:\/\/bale.ch\/journal\/?p=1290"},"modified":"2018-11-28T01:38:15","modified_gmt":"2018-11-28T01:38:15","slug":"expo-picasso-a-bale-un-dense-eventail-des-periodes-bleue-et-rose","status":"publish","type":"post","link":"https:\/\/bale.ch\/journal\/expo-picasso-a-bale-un-dense-eventail-des-periodes-bleue-et-rose\/","title":{"rendered":"Importante expo Picasso: les p\u00e9riodes bleue et rose \u00e0 B\u00e2le en 2019"},"content":{"rendered":"<p><strong>Dans ce qui sera \u00e0 ce jour sa plus prestigieuse exposition, la Fondation Beyeler se consacre au jeune<\/strong><br \/>\n<strong>Pablo Picasso et \u00e0 ses peintures et sculptures des p\u00e9riodes dites bleue et rose de 1901 \u00e0 1906. Ce<\/strong><br \/>\n<strong>sera la toute premi\u00e8re fois en Europe que sera donn\u00e9 \u00e0 voir un \u00e9ventail d\u2019une telle densit\u00e9 et d\u2019une telle<\/strong><br \/>\n<strong>qualit\u00e9 des chefs-d\u2019\u0153uvre de cette p\u00e9riode importante, tous des jalons marquants de la trajectoire de<\/strong><br \/>\n<strong>Picasso en marche vers son statut d\u2019artiste le plus c\u00e9l\u00e8bre du 20\u00e8me si\u00e8cle.<\/strong><!--more--><\/p>\n<p>Les \u0153uvres de cette p\u00e9riode sont parmi les plus belles et les plus \u00e9mouvantes de l\u2019art moderne et font partie des \u0153uvres d\u2019art les plus pr\u00e9cieuses et inestimables. Il est fort probable qu\u2019elles ne seront plus amen\u00e9es \u00e0 se retrouver ainsi r\u00e9unies en un lieu unique.<\/p>\n<p>Ag\u00e9 d\u2019\u00e0 peine 20 ans, Picasso (1881\u20131973) entre en qu\u00eate de nouveaux th\u00e8mes picturaux et formes d\u2019expression, qu\u2019il m\u00e8ne dans la foul\u00e9e \u00e0 leur plein accomplissement. Les styles et les univers picturaux se succ\u00e8dent \u00e0 un rythme effr\u00e9n\u00e9 \u2013 une \u00ab r\u00e9volution \u00bb artistique chasse l\u2019autre. L\u2019exposition se concentre sur les p\u00e9riodes bleue et rose et donc sur six ann\u00e9es de cr\u00e9ation du jeune Picasso, qui joueront un r\u00f4le central pour son \u0153uvre. Elle ouvre par ailleurs la perspective \u00e0 la naissance historique du cubisme vers 1907, qui \u00e9merge des phases de cr\u00e9ation pr\u00e9c\u00e9dentes. L\u2019exposition op\u00e8re ainsi la jonction avec la collection de la Fondation Beyeler, dont l\u2019\u0153uvre la plus ancienne de Picasso, une \u00e9tude importante pour les Demoiselles d\u2019Avignon, date pr\u00e9cis\u00e9ment de cette ann\u00e9e.<\/p><div id=\"crieu-1555535999\" class=\"crieu-content crieu-entity-placement\"><script async src=\"\/\/pagead2.googlesyndication.com\/pagead\/js\/adsbygoogle.js?client=ca-pub-5271584769416742\" crossorigin=\"anonymous\"><\/script><ins class=\"adsbygoogle\" style=\"display:block;\" data-ad-client=\"ca-pub-5271584769416742\" \ndata-ad-slot=\"9321250718\" \ndata-ad-format=\"auto\"><\/ins>\n<script> \n(adsbygoogle = window.adsbygoogle || []).push({}); \n<\/script>\n<\/div>\n<p>L\u2019exposition, articul\u00e9e de mani\u00e8re chronologique, pr\u00e9sente les d\u00e9buts de la trajectoire de Picasso en prenant pour point de r\u00e9f\u00e9rence l\u2019image humaine. Reprenant encore et encore son \u00e9lan, l\u2019artiste qui vit alors entre Paris et Barcelone gravite autour de la figure humaine. Dans la phase qui d\u00e9bute en 1901, domin\u00e9e par la couleur bleu, il porte son regard sur la mis\u00e8re et les ab\u00eemes psychiques des personnes en marge de la soci\u00e9t\u00e9. Vers 1905, dor\u00e9navant \u00e9tabli \u00e0 Paris, sa p\u00e9riode dite rose \u00e9l\u00e8ve au rang de digne motif pictural les espoirs et les d\u00e9sirs des artistes de cirque \u2013 jongleurs, acrobates et arlequins.<\/p>\n<p>En qu\u00eate d\u2019une nouvelle authenticit\u00e9 artistique, vers le milieu de l\u2019ann\u00e9e 1906 Picasso passe plusieurs semaines dans le village de G\u00f3sol dans les Pyr\u00e9n\u00e9es espagnoles, o\u00f9 il cr\u00e9e de nombreux tableaux et sculptures qui unissent des id\u00e9aux corporels classiques et archa\u00efques. La d\u00e9formation et le morcellement toujours plus pouss\u00e9s de la figure, tels qu\u2019ils apparaissent dans les repr\u00e9sentations \u00ab primitivistes \u00bb en particulier de nus f\u00e9minins cr\u00e9\u00e9s \u00e0 son retour \u00e0 Paris, annoncent finalement le langage pictural cubiste, qui se d\u00e9ploie \u00e0 partir de 1907.<\/p>\n<p>Dans les \u0153uvres bouleversantes et envo\u00fbtantes des p\u00e9riodes bleue et rose r\u00e9alis\u00e9es en Espagne et en France, le jeune peintre \u00e9mergent qu\u2019est alors Picasso cr\u00e9e des \u0153uvres d\u2019une signification universelle. Des th\u00e8mes existentiels et universels tels la vie, l\u2019amour, la sexualit\u00e9, le destin et la mort s\u2019incarnent dans des jeunes femmes et des jeunes hommes d\u2019une beaut\u00e9 d\u00e9licate comme dans des enfants et des vieillards marqu\u00e9s par la vie qui portent en eux des sensations telles le bonheur et la joie mais aussi la solitude et la m\u00e9lancolie.<\/p>\n<p>Cette exposition d\u2019envergure pr\u00e9sente environ 80 tableaux et sculptures, parmi les chefs-d\u2019\u0153uvre les plus c\u00e9l\u00e8bres au monde et pour la plupart rarement pr\u00eat\u00e9s, en provenance de mus\u00e9es majeurs en Europe, aux Etats-Unis, au Canada, en Russie, en Chine et au Japon. Les pr\u00eats ont \u00e9t\u00e9 accord\u00e9s par des mus\u00e9es de renom tels le Mus\u00e9e national Picasso de Paris, le Metropolitan Museum of Art de New York, la Tate de Londres, la National Gallery de Washington, D. C., le Mus\u00e9e des beaux-arts Pouchkine de Moscou, le National Museum of Art d\u2019Osaka, le Centre Pompidou et le Mus\u00e9e de l\u2019Orangerie \u00e0 Paris, le Museu Picasso \u00e0 Barcelone, le Centro de Arte Reina Sof\u00eda \u00e0 Madrid, la Art Gallery of Ontario de Toronto et beaucoup d\u2019autres. De nombreuses autres \u0153uvres proviennent d\u2019importantes collections priv\u00e9es et sont pour certaines d\u2019entre elles \u00e0 nouveau pr\u00e9sent\u00e9es au public pour la premi\u00e8re fois depuis des d\u00e9cennies.<\/p>\n<p><strong>L&rsquo;un des \u00e9v\u00e9nements culturels majeurs de l\u2019ann\u00e9e 2019 en Europe<\/strong><br \/>\nFruit de nombreuses ann\u00e9es de pr\u00e9paration, il s\u2019agit \u00e0 ce jour du projet d\u2019exposition le plus complexe et le plus co\u00fbteux de l\u2019histoire de la Fondation Beyeler. L\u2019exposition figurera tr\u00e8s certainement parmi les \u00e9v\u00e9nements culturels majeurs de l\u2019ann\u00e9e 2019 en Europe. Les \u0153uvres attendues sont toutes des pi\u00e8ces ma\u00eetresses et vedettes des collections de leurs mus\u00e9es d\u2019origine. L\u2019exposition est r\u00e9alis\u00e9e en coop\u00e9ration avec le Mus\u00e9e national Picasso et le Mus\u00e9e d\u2019Orsay \u00e0 Paris, o\u00f9 elle fera une premi\u00e8re \u00e9tape sous forme l\u00e9g\u00e8rement modifi\u00e9e. L\u2019exposition \u00e0 la Fondation Beyeler est plac\u00e9e sous le commissariat de Dr. Rapha\u00ebl Bouvier, commissaire d\u2019exposition \u00e0 la Fondation Beyeler.<\/p>\n<p><em>Photo:\u00a0PABLO PICASSO, FEMME (EPOQUE DES \u00abDEMOISELLES D\u2019AVIGNON\u00bb), 1907 FRAU (EPOCHE DER \u00abDEMOISELLES D\u2019AVIGNON\u00bb). Huile sur toile, 119 x 93,5 cm . Fondation Beyeler, Riehen\/Basel. \u00a9 2017, Succession Picasso\/ProLitteris, Z\u00fcrich. Foto: Robert Bayer, Basel<\/em><\/p>\n<div id=\"crieu-283671805\" class=\"crieu-apres-le-contenu crieu-entity-placement\" style=\"margin-left: auto;margin-right: auto;text-align: center;\"><script async src=\"\/\/pagead2.googlesyndication.com\/pagead\/js\/adsbygoogle.js?client=ca-pub-5271584769416742\" crossorigin=\"anonymous\"><\/script><ins class=\"adsbygoogle\" style=\"display:block;\" data-ad-client=\"ca-pub-5271584769416742\" \ndata-ad-slot=\"9321250718\" \ndata-ad-format=\"auto\"><\/ins>\n<script> \n(adsbygoogle = window.adsbygoogle || []).push({}); \n<\/script>\n<\/div>","protected":false},"excerpt":{"rendered":"<p>Dans ce qui sera \u00e0 ce jour sa plus prestigieuse exposition, la Fondation Beyeler se consacre au jeune Pablo Picasso et \u00e0 ses peintures et sculptures des p\u00e9riodes dites bleue <a href=\"https:\/\/bale.ch\/journal\/expo-picasso-a-bale-un-dense-eventail-des-periodes-bleue-et-rose\/\" class=\"read-more button-fancy -red\"><span class=\"btn-arrow\"><\/span><span class=\"twp-read-more text\">Continuer la lecture<\/span><\/a><\/p>\n","protected":false},"author":2,"featured_media":1291,"comment_status":"closed","ping_status":"closed","sticky":false,"template":"","format":"standard","meta":{"footnotes":""},"categories":[103,11,7],"tags":[60,48,98],"class_list":["post-1290","post","type-post","status-publish","format-standard","has-post-thumbnail","hentry","category-actu","category-art","category-bale","tag-bale","tag-exposition","tag-fondation-beyeler"],"yoast_head":"<!-- This site is optimized with the Yoast SEO plugin v28.3 - https:\/\/yoast.com\/product\/yoast-seo-wordpress\/ -->\n<title>Importante expo Picasso: les p\u00e9riodes bleue et rose \u00e0 B\u00e2le en 2019 - Journal de B\u00e2le et Gen\u00e8ve<\/title>\n<meta name=\"robots\" content=\"index, follow, max-snippet:-1, max-image-preview:large, max-video-preview:-1\" \/>\n<link rel=\"canonical\" href=\"https:\/\/bale.ch\/journal\/expo-picasso-a-bale-un-dense-eventail-des-periodes-bleue-et-rose\/\" \/>\n<meta property=\"og:locale\" content=\"fr_FR\" \/>\n<meta property=\"og:type\" content=\"article\" \/>\n<meta property=\"og:title\" content=\"Importante expo Picasso: les p\u00e9riodes bleue et rose \u00e0 B\u00e2le en 2019 - Journal de B\u00e2le et Gen\u00e8ve\" \/>\n<meta property=\"og:description\" content=\"Dans ce qui sera \u00e0 ce jour sa plus prestigieuse exposition, la Fondation Beyeler se consacre au jeune Pablo Picasso et \u00e0 ses peintures et sculptures des p\u00e9riodes dites bleue Continuer la lecture\" \/>\n<meta property=\"og:url\" content=\"https:\/\/bale.ch\/journal\/expo-picasso-a-bale-un-dense-eventail-des-periodes-bleue-et-rose\/\" \/>\n<meta property=\"og:site_name\" content=\"Journal de B\u00e2le et Gen\u00e8ve\" \/>\n<meta property=\"article:published_time\" content=\"2018-10-25T21:07:08+00:00\" \/>\n<meta property=\"article:modified_time\" content=\"2018-11-28T01:38:15+00:00\" \/>\n<meta property=\"og:image\" content=\"https:\/\/bale.ch\/journal\/wp-content\/uploads\/2018\/10\/picasso_beyeler_b\u00e2le.jpg\" \/>\n\t<meta property=\"og:image:width\" content=\"600\" \/>\n\t<meta property=\"og:image:height\" content=\"778\" \/>\n\t<meta property=\"og:image:type\" content=\"image\/jpeg\" \/>\n<meta name=\"author\" content=\"La R\u00e9daction\" \/>\n<meta name=\"twitter:card\" content=\"summary_large_image\" \/>\n<meta name=\"twitter:label1\" content=\"\u00c9crit par\" \/>\n\t<meta name=\"twitter:data1\" content=\"La R\u00e9daction\" \/>\n\t<meta name=\"twitter:label2\" content=\"Dur\u00e9e de lecture estim\u00e9e\" \/>\n\t<meta name=\"twitter:data2\" content=\"5 minutes\" \/>\n<script type=\"application\/ld+json\" class=\"yoast-schema-graph\">{\"@context\":\"https:\\\/\\\/schema.org\",\"@graph\":[{\"@type\":\"Article\",\"@id\":\"https:\\\/\\\/bale.ch\\\/journal\\\/expo-picasso-a-bale-un-dense-eventail-des-periodes-bleue-et-rose\\\/#article\",\"isPartOf\":{\"@id\":\"https:\\\/\\\/bale.ch\\\/journal\\\/expo-picasso-a-bale-un-dense-eventail-des-periodes-bleue-et-rose\\\/\"},\"author\":{\"name\":\"La R\u00e9daction\",\"@id\":\"https:\\\/\\\/bale.ch\\\/journal\\\/#\\\/schema\\\/person\\\/03ced978db3b7a5274c5cef003f352f5\"},\"headline\":\"Importante expo Picasso: les p\u00e9riodes bleue et rose \u00e0 B\u00e2le en 2019\",\"datePublished\":\"2018-10-25T21:07:08+00:00\",\"dateModified\":\"2018-11-28T01:38:15+00:00\",\"mainEntityOfPage\":{\"@id\":\"https:\\\/\\\/bale.ch\\\/journal\\\/expo-picasso-a-bale-un-dense-eventail-des-periodes-bleue-et-rose\\\/\"},\"wordCount\":950,\"publisher\":{\"@id\":\"https:\\\/\\\/bale.ch\\\/journal\\\/#organization\"},\"image\":{\"@id\":\"https:\\\/\\\/bale.ch\\\/journal\\\/expo-picasso-a-bale-un-dense-eventail-des-periodes-bleue-et-rose\\\/#primaryimage\"},\"thumbnailUrl\":\"https:\\\/\\\/bale.ch\\\/journal\\\/wp-content\\\/uploads\\\/2018\\\/10\\\/picasso_beyeler_b\u00e2le.jpg\",\"keywords\":[\"B\u00e2le\",\"Exposition\",\"fondation beyeler\"],\"articleSection\":[\"Actualit\u00e9s\",\"Art\",\"B\u00e2le Trinationale\"],\"inLanguage\":\"fr-FR\"},{\"@type\":\"WebPage\",\"@id\":\"https:\\\/\\\/bale.ch\\\/journal\\\/expo-picasso-a-bale-un-dense-eventail-des-periodes-bleue-et-rose\\\/\",\"url\":\"https:\\\/\\\/bale.ch\\\/journal\\\/expo-picasso-a-bale-un-dense-eventail-des-periodes-bleue-et-rose\\\/\",\"name\":\"Importante expo Picasso: les p\u00e9riodes bleue et rose \u00e0 B\u00e2le en 2019 - Journal de B\u00e2le et Gen\u00e8ve\",\"isPartOf\":{\"@id\":\"https:\\\/\\\/bale.ch\\\/journal\\\/#website\"},\"primaryImageOfPage\":{\"@id\":\"https:\\\/\\\/bale.ch\\\/journal\\\/expo-picasso-a-bale-un-dense-eventail-des-periodes-bleue-et-rose\\\/#primaryimage\"},\"image\":{\"@id\":\"https:\\\/\\\/bale.ch\\\/journal\\\/expo-picasso-a-bale-un-dense-eventail-des-periodes-bleue-et-rose\\\/#primaryimage\"},\"thumbnailUrl\":\"https:\\\/\\\/bale.ch\\\/journal\\\/wp-content\\\/uploads\\\/2018\\\/10\\\/picasso_beyeler_b\u00e2le.jpg\",\"datePublished\":\"2018-10-25T21:07:08+00:00\",\"dateModified\":\"2018-11-28T01:38:15+00:00\",\"breadcrumb\":{\"@id\":\"https:\\\/\\\/bale.ch\\\/journal\\\/expo-picasso-a-bale-un-dense-eventail-des-periodes-bleue-et-rose\\\/#breadcrumb\"},\"inLanguage\":\"fr-FR\",\"potentialAction\":[{\"@type\":\"ReadAction\",\"target\":[\"https:\\\/\\\/bale.ch\\\/journal\\\/expo-picasso-a-bale-un-dense-eventail-des-periodes-bleue-et-rose\\\/\"]}]},{\"@type\":\"ImageObject\",\"inLanguage\":\"fr-FR\",\"@id\":\"https:\\\/\\\/bale.ch\\\/journal\\\/expo-picasso-a-bale-un-dense-eventail-des-periodes-bleue-et-rose\\\/#primaryimage\",\"url\":\"https:\\\/\\\/bale.ch\\\/journal\\\/wp-content\\\/uploads\\\/2018\\\/10\\\/picasso_beyeler_b\u00e2le.jpg\",\"contentUrl\":\"https:\\\/\\\/bale.ch\\\/journal\\\/wp-content\\\/uploads\\\/2018\\\/10\\\/picasso_beyeler_b\u00e2le.jpg\",\"width\":600,\"height\":778,\"caption\":\"PABLO PICASSO, FEMME (EPOQUE DES \u00abDEMOISELLES D\u2019AVIGNON\u00bb), 1907 FRAU (EPOCHE DER \u00abDEMOISELLES D\u2019AVIGNON\u00bb) Huile sur toile, 119 x 93,5 cm Fondation Beyeler, Riehen\\\/Basel \u00a9 2017, Succession Picasso\\\/ProLitteris, Z\u00fcrich Foto: Robert Bayer, Basel\"},{\"@type\":\"BreadcrumbList\",\"@id\":\"https:\\\/\\\/bale.ch\\\/journal\\\/expo-picasso-a-bale-un-dense-eventail-des-periodes-bleue-et-rose\\\/#breadcrumb\",\"itemListElement\":[{\"@type\":\"ListItem\",\"position\":1,\"name\":\"Accueil\",\"item\":\"https:\\\/\\\/bale.ch\\\/journal\\\/\"},{\"@type\":\"ListItem\",\"position\":2,\"name\":\"Importante expo Picasso: les p\u00e9riodes bleue et rose \u00e0 B\u00e2le en 2019\"}]},{\"@type\":\"WebSite\",\"@id\":\"https:\\\/\\\/bale.ch\\\/journal\\\/#website\",\"url\":\"https:\\\/\\\/bale.ch\\\/journal\\\/\",\"name\":\"Journal de B\u00e2le et Gen\u00e8ve\",\"description\":\"M\u00e9dia transfrontalier d&#039;actualit\u00e9s - News\",\"publisher\":{\"@id\":\"https:\\\/\\\/bale.ch\\\/journal\\\/#organization\"},\"potentialAction\":[{\"@type\":\"SearchAction\",\"target\":{\"@type\":\"EntryPoint\",\"urlTemplate\":\"https:\\\/\\\/bale.ch\\\/journal\\\/?s={search_term_string}\"},\"query-input\":{\"@type\":\"PropertyValueSpecification\",\"valueRequired\":true,\"valueName\":\"search_term_string\"}}],\"inLanguage\":\"fr-FR\"},{\"@type\":\"Organization\",\"@id\":\"https:\\\/\\\/bale.ch\\\/journal\\\/#organization\",\"name\":\"Journal de B\u00e2le et Gen\u00e8ve\",\"url\":\"https:\\\/\\\/bale.ch\\\/journal\\\/\",\"logo\":{\"@type\":\"ImageObject\",\"inLanguage\":\"fr-FR\",\"@id\":\"https:\\\/\\\/bale.ch\\\/journal\\\/#\\\/schema\\\/logo\\\/image\\\/\",\"url\":\"https:\\\/\\\/bale.ch\\\/journal\\\/wp-content\\\/uploads\\\/2023\\\/07\\\/journaldebale_logo_2023_nb.png\",\"contentUrl\":\"https:\\\/\\\/bale.ch\\\/journal\\\/wp-content\\\/uploads\\\/2023\\\/07\\\/journaldebale_logo_2023_nb.png\",\"width\":371,\"height\":127,\"caption\":\"Journal de B\u00e2le et Gen\u00e8ve\"},\"image\":{\"@id\":\"https:\\\/\\\/bale.ch\\\/journal\\\/#\\\/schema\\\/logo\\\/image\\\/\"}},{\"@type\":\"Person\",\"@id\":\"https:\\\/\\\/bale.ch\\\/journal\\\/#\\\/schema\\\/person\\\/03ced978db3b7a5274c5cef003f352f5\",\"name\":\"La R\u00e9daction\",\"image\":{\"@type\":\"ImageObject\",\"inLanguage\":\"fr-FR\",\"@id\":\"https:\\\/\\\/secure.gravatar.com\\\/avatar\\\/d1327e2ce8d2b860112f968a3f34686c9bdda7a463a1502cdd1070ac9d88cf1e?s=96&d=mm&r=g\",\"url\":\"https:\\\/\\\/secure.gravatar.com\\\/avatar\\\/d1327e2ce8d2b860112f968a3f34686c9bdda7a463a1502cdd1070ac9d88cf1e?s=96&d=mm&r=g\",\"contentUrl\":\"https:\\\/\\\/secure.gravatar.com\\\/avatar\\\/d1327e2ce8d2b860112f968a3f34686c9bdda7a463a1502cdd1070ac9d88cf1e?s=96&d=mm&r=g\",\"caption\":\"La R\u00e9daction\"},\"url\":\"https:\\\/\\\/bale.ch\\\/journal\\\/author\\\/laredaction\\\/\"}]}<\/script>\n<!-- \/ Yoast SEO plugin. -->","yoast_head_json":{"title":"Importante expo Picasso: les p\u00e9riodes bleue et rose \u00e0 B\u00e2le en 2019 - Journal de B\u00e2le et Gen\u00e8ve","robots":{"index":"index","follow":"follow","max-snippet":"max-snippet:-1","max-image-preview":"max-image-preview:large","max-video-preview":"max-video-preview:-1"},"canonical":"https:\/\/bale.ch\/journal\/expo-picasso-a-bale-un-dense-eventail-des-periodes-bleue-et-rose\/","og_locale":"fr_FR","og_type":"article","og_title":"Importante expo Picasso: les p\u00e9riodes bleue et rose \u00e0 B\u00e2le en 2019 - Journal de B\u00e2le et Gen\u00e8ve","og_description":"Dans ce qui sera \u00e0 ce jour sa plus prestigieuse exposition, la Fondation Beyeler se consacre au jeune Pablo Picasso et \u00e0 ses peintures et sculptures des p\u00e9riodes dites bleue Continuer la lecture","og_url":"https:\/\/bale.ch\/journal\/expo-picasso-a-bale-un-dense-eventail-des-periodes-bleue-et-rose\/","og_site_name":"Journal de B\u00e2le et Gen\u00e8ve","article_published_time":"2018-10-25T21:07:08+00:00","article_modified_time":"2018-11-28T01:38:15+00:00","og_image":[{"width":600,"height":778,"url":"https:\/\/bale.ch\/journal\/wp-content\/uploads\/2018\/10\/picasso_beyeler_b\u00e2le.jpg","type":"image\/jpeg"}],"author":"La R\u00e9daction","twitter_card":"summary_large_image","twitter_misc":{"\u00c9crit par":"La R\u00e9daction","Dur\u00e9e de lecture estim\u00e9e":"5 minutes"},"schema":{"@context":"https:\/\/schema.org","@graph":[{"@type":"Article","@id":"https:\/\/bale.ch\/journal\/expo-picasso-a-bale-un-dense-eventail-des-periodes-bleue-et-rose\/#article","isPartOf":{"@id":"https:\/\/bale.ch\/journal\/expo-picasso-a-bale-un-dense-eventail-des-periodes-bleue-et-rose\/"},"author":{"name":"La R\u00e9daction","@id":"https:\/\/bale.ch\/journal\/#\/schema\/person\/03ced978db3b7a5274c5cef003f352f5"},"headline":"Importante expo Picasso: les p\u00e9riodes bleue et rose \u00e0 B\u00e2le en 2019","datePublished":"2018-10-25T21:07:08+00:00","dateModified":"2018-11-28T01:38:15+00:00","mainEntityOfPage":{"@id":"https:\/\/bale.ch\/journal\/expo-picasso-a-bale-un-dense-eventail-des-periodes-bleue-et-rose\/"},"wordCount":950,"publisher":{"@id":"https:\/\/bale.ch\/journal\/#organization"},"image":{"@id":"https:\/\/bale.ch\/journal\/expo-picasso-a-bale-un-dense-eventail-des-periodes-bleue-et-rose\/#primaryimage"},"thumbnailUrl":"https:\/\/bale.ch\/journal\/wp-content\/uploads\/2018\/10\/picasso_beyeler_b\u00e2le.jpg","keywords":["B\u00e2le","Exposition","fondation beyeler"],"articleSection":["Actualit\u00e9s","Art","B\u00e2le Trinationale"],"inLanguage":"fr-FR"},{"@type":"WebPage","@id":"https:\/\/bale.ch\/journal\/expo-picasso-a-bale-un-dense-eventail-des-periodes-bleue-et-rose\/","url":"https:\/\/bale.ch\/journal\/expo-picasso-a-bale-un-dense-eventail-des-periodes-bleue-et-rose\/","name":"Importante expo Picasso: les p\u00e9riodes bleue et rose \u00e0 B\u00e2le en 2019 - Journal de B\u00e2le et Gen\u00e8ve","isPartOf":{"@id":"https:\/\/bale.ch\/journal\/#website"},"primaryImageOfPage":{"@id":"https:\/\/bale.ch\/journal\/expo-picasso-a-bale-un-dense-eventail-des-periodes-bleue-et-rose\/#primaryimage"},"image":{"@id":"https:\/\/bale.ch\/journal\/expo-picasso-a-bale-un-dense-eventail-des-periodes-bleue-et-rose\/#primaryimage"},"thumbnailUrl":"https:\/\/bale.ch\/journal\/wp-content\/uploads\/2018\/10\/picasso_beyeler_b\u00e2le.jpg","datePublished":"2018-10-25T21:07:08+00:00","dateModified":"2018-11-28T01:38:15+00:00","breadcrumb":{"@id":"https:\/\/bale.ch\/journal\/expo-picasso-a-bale-un-dense-eventail-des-periodes-bleue-et-rose\/#breadcrumb"},"inLanguage":"fr-FR","potentialAction":[{"@type":"ReadAction","target":["https:\/\/bale.ch\/journal\/expo-picasso-a-bale-un-dense-eventail-des-periodes-bleue-et-rose\/"]}]},{"@type":"ImageObject","inLanguage":"fr-FR","@id":"https:\/\/bale.ch\/journal\/expo-picasso-a-bale-un-dense-eventail-des-periodes-bleue-et-rose\/#primaryimage","url":"https:\/\/bale.ch\/journal\/wp-content\/uploads\/2018\/10\/picasso_beyeler_b\u00e2le.jpg","contentUrl":"https:\/\/bale.ch\/journal\/wp-content\/uploads\/2018\/10\/picasso_beyeler_b\u00e2le.jpg","width":600,"height":778,"caption":"PABLO PICASSO, FEMME (EPOQUE DES \u00abDEMOISELLES D\u2019AVIGNON\u00bb), 1907 FRAU (EPOCHE DER \u00abDEMOISELLES D\u2019AVIGNON\u00bb) Huile sur toile, 119 x 93,5 cm Fondation Beyeler, Riehen\/Basel \u00a9 2017, Succession Picasso\/ProLitteris, Z\u00fcrich Foto: Robert Bayer, Basel"},{"@type":"BreadcrumbList","@id":"https:\/\/bale.ch\/journal\/expo-picasso-a-bale-un-dense-eventail-des-periodes-bleue-et-rose\/#breadcrumb","itemListElement":[{"@type":"ListItem","position":1,"name":"Accueil","item":"https:\/\/bale.ch\/journal\/"},{"@type":"ListItem","position":2,"name":"Importante expo Picasso: les p\u00e9riodes bleue et rose \u00e0 B\u00e2le en 2019"}]},{"@type":"WebSite","@id":"https:\/\/bale.ch\/journal\/#website","url":"https:\/\/bale.ch\/journal\/","name":"Journal de B\u00e2le et Gen\u00e8ve","description":"M\u00e9dia transfrontalier d&#039;actualit\u00e9s - News","publisher":{"@id":"https:\/\/bale.ch\/journal\/#organization"},"potentialAction":[{"@type":"SearchAction","target":{"@type":"EntryPoint","urlTemplate":"https:\/\/bale.ch\/journal\/?s={search_term_string}"},"query-input":{"@type":"PropertyValueSpecification","valueRequired":true,"valueName":"search_term_string"}}],"inLanguage":"fr-FR"},{"@type":"Organization","@id":"https:\/\/bale.ch\/journal\/#organization","name":"Journal de B\u00e2le et Gen\u00e8ve","url":"https:\/\/bale.ch\/journal\/","logo":{"@type":"ImageObject","inLanguage":"fr-FR","@id":"https:\/\/bale.ch\/journal\/#\/schema\/logo\/image\/","url":"https:\/\/bale.ch\/journal\/wp-content\/uploads\/2023\/07\/journaldebale_logo_2023_nb.png","contentUrl":"https:\/\/bale.ch\/journal\/wp-content\/uploads\/2023\/07\/journaldebale_logo_2023_nb.png","width":371,"height":127,"caption":"Journal de B\u00e2le et Gen\u00e8ve"},"image":{"@id":"https:\/\/bale.ch\/journal\/#\/schema\/logo\/image\/"}},{"@type":"Person","@id":"https:\/\/bale.ch\/journal\/#\/schema\/person\/03ced978db3b7a5274c5cef003f352f5","name":"La R\u00e9daction","image":{"@type":"ImageObject","inLanguage":"fr-FR","@id":"https:\/\/secure.gravatar.com\/avatar\/d1327e2ce8d2b860112f968a3f34686c9bdda7a463a1502cdd1070ac9d88cf1e?s=96&d=mm&r=g","url":"https:\/\/secure.gravatar.com\/avatar\/d1327e2ce8d2b860112f968a3f34686c9bdda7a463a1502cdd1070ac9d88cf1e?s=96&d=mm&r=g","contentUrl":"https:\/\/secure.gravatar.com\/avatar\/d1327e2ce8d2b860112f968a3f34686c9bdda7a463a1502cdd1070ac9d88cf1e?s=96&d=mm&r=g","caption":"La R\u00e9daction"},"url":"https:\/\/bale.ch\/journal\/author\/laredaction\/"}]}},"_links":{"self":[{"href":"https:\/\/bale.ch\/journal\/wp-json\/wp\/v2\/posts\/1290","targetHints":{"allow":["GET"]}}],"collection":[{"href":"https:\/\/bale.ch\/journal\/wp-json\/wp\/v2\/posts"}],"about":[{"href":"https:\/\/bale.ch\/journal\/wp-json\/wp\/v2\/types\/post"}],"author":[{"embeddable":true,"href":"https:\/\/bale.ch\/journal\/wp-json\/wp\/v2\/users\/2"}],"replies":[{"embeddable":true,"href":"https:\/\/bale.ch\/journal\/wp-json\/wp\/v2\/comments?post=1290"}],"version-history":[{"count":6,"href":"https:\/\/bale.ch\/journal\/wp-json\/wp\/v2\/posts\/1290\/revisions"}],"predecessor-version":[{"id":1313,"href":"https:\/\/bale.ch\/journal\/wp-json\/wp\/v2\/posts\/1290\/revisions\/1313"}],"wp:featuredmedia":[{"embeddable":true,"href":"https:\/\/bale.ch\/journal\/wp-json\/wp\/v2\/media\/1291"}],"wp:attachment":[{"href":"https:\/\/bale.ch\/journal\/wp-json\/wp\/v2\/media?parent=1290"}],"wp:term":[{"taxonomy":"category","embeddable":true,"href":"https:\/\/bale.ch\/journal\/wp-json\/wp\/v2\/categories?post=1290"},{"taxonomy":"post_tag","embeddable":true,"href":"https:\/\/bale.ch\/journal\/wp-json\/wp\/v2\/tags?post=1290"}],"curies":[{"name":"wp","href":"https:\/\/api.w.org\/{rel}","templated":true}]}}