{"id":1296,"date":"2018-10-28T21:20:18","date_gmt":"2018-10-28T21:20:18","guid":{"rendered":"http:\/\/bale.ch\/journal\/?p=1296"},"modified":"2018-11-28T01:38:05","modified_gmt":"2018-11-28T01:38:05","slug":"art-contemporain-expo-sophie-jung-kunstmuseum","status":"publish","type":"post","link":"https:\/\/bale.ch\/journal\/art-contemporain-expo-sophie-jung-kunstmuseum\/","title":{"rendered":"Art contemporain: Sophie Jung, The Bigger Sleep au Kunstmuseum de B\u00e2le"},"content":{"rendered":"<p><strong>Laur\u00e9ate du Prix culturel Manor, Sophie Jung (n\u00e9e en 1982) pr\u00e9sente son travail The Bigger Sleep con\u00e7u sp\u00e9cialement pour l\u2019exposition au Kunstmuseum Basel | Gegenwart (Contemporain).<\/strong><!--more--><\/p>\n<p>Dans son \u0153uvre, Jung associe performance, sculpture et texte. La plupart du temps, l\u2019artiste \u00e9labore ses sculptures \u00e0 partir de mat\u00e9riaux trouv\u00e9s dans son quotidien qu\u2019elle assemble en de nouveaux objets auxquels elle attribue un nouvel horizon d\u2019interpr\u00e9tation. Ainsi, une fontaine grotte, des cravates militaires et des chats en peluche prennent la forme de sculptures surr\u00e9elles dont les r\u00e9p\u00e9titions et les r\u00e9f\u00e9rences crois\u00e9es interrogent les concepts d\u2019original et de copie, de r\u00e9alit\u00e9 et de fiction. Ces objets constituent la base et la source d\u2019inspiration des performances de Jung dans lesquelles elle aborde des aspects philosophiques et des probl\u00e9matiques sociales actuelles. Au c\u0153ur de son travail figure le rapport \u00e0 la fois ludique et complexe au langage.<\/p>\n<p>Le titre de l\u2019exposition au Kunstmuseum Basel | Gegenwart renvoie au roman \u00ab The Big Sleep \u00bb de Raymond Chandler paru en 1939, dont l\u2019adaptation cin\u00e9matographique de Howard Hawks en 1946, d\u00e9sormais un classique du film noir, d\u00e9crit les (d\u00e9s)illusions d\u2019une Am\u00e9rique plong\u00e9e dans la d\u00e9pression \u00e0 la veille de la guerre. Dans sa performance, Jung emprunte l\u2019atmosph\u00e8re dissonante et d\u00e9sesp\u00e9r\u00e9e du roman au moyen de fragments de textes et d\u2019ambiances qu\u2019elle arrange progressivement en des r\u00e9cits burlesques ne semblant ob\u00e9ir \u00e0 aucune logique. En pointant les sensibilit\u00e9s de la soci\u00e9t\u00e9 contemporaine, ses histoires mettent en lumi\u00e8re la dimension th\u00e9\u00e2trale du r\u00e9el et l\u2019authenticit\u00e9 du jeu. Dans le m\u00eame temps, elle s\u2019approprie la nature complexe du langage et propose de nouvelles dimensions de signification gr\u00e2ce \u00e0 de subtiles variations.<\/p><div id=\"crieu-3887594878\" class=\"crieu-content crieu-entity-placement\"><script async src=\"\/\/pagead2.googlesyndication.com\/pagead\/js\/adsbygoogle.js?client=ca-pub-5271584769416742\" crossorigin=\"anonymous\"><\/script><ins class=\"adsbygoogle\" style=\"display:block;\" data-ad-client=\"ca-pub-5271584769416742\" \ndata-ad-slot=\"9321250718\" \ndata-ad-format=\"auto\"><\/ins>\n<script> \n(adsbygoogle = window.adsbygoogle || []).push({}); \n<\/script>\n<\/div>\n<p>The Bigger Sleep est une \u00e9nigme impassible qui ne demande pas \u00e0 \u00eatre r\u00e9solue. Toutefois, son caract\u00e8re insoluble ne figure pas pour autant une impasse, mais indique plut\u00f4t des issues personnalis\u00e9es et porteuses d\u2019espoir qui \u2013 d\u2019apr\u00e8s l\u2019artiste \u2013 permettent de donner un sens \u00e0 l\u2019existence dans un monde de miroirs \u00e9tincelants et fragiles o\u00f9 les apparences sont trompeuses.<\/p>\n<p>Sophie Jung a \u00e9tudi\u00e9 \u00e0 la Gerrit Rietveld Academy \u00e0 Amsterdam et a obtenu un Master of Fine Arts \u00e0 la Goldsmiths University \u00e0 Londres. Elle a r\u00e9alis\u00e9 des expositions et des projets en Suisse, en Angleterre et aux \u00c9tats-Unis. En 2016, elle a re\u00e7u le Swiss Art Award.<\/p>\n<p>Vernissage: Vendredi 30 novembre 2018 \u00e0 18h30<br \/>\nExpo du 1er d\u00e9cembre 2018 au 3 f\u00e9vrier 2019<br \/>\n<a href=\"http:\/\/kunstmuseum.ch\" target=\"_blank\" rel=\"noopener\">Kunstmuseum Basel<\/a> | Gegenwart, St. Alban-Rheinweg 60, 4052 Basel<\/p>\n<div id=\"crieu-3661704064\" class=\"crieu-apres-le-contenu crieu-entity-placement\" style=\"margin-left: auto;margin-right: auto;text-align: center;\"><script async src=\"\/\/pagead2.googlesyndication.com\/pagead\/js\/adsbygoogle.js?client=ca-pub-5271584769416742\" crossorigin=\"anonymous\"><\/script><ins class=\"adsbygoogle\" style=\"display:block;\" data-ad-client=\"ca-pub-5271584769416742\" \ndata-ad-slot=\"9321250718\" \ndata-ad-format=\"auto\"><\/ins>\n<script> \n(adsbygoogle = window.adsbygoogle || []).push({}); \n<\/script>\n<\/div>","protected":false},"excerpt":{"rendered":"<p>Laur\u00e9ate du Prix culturel Manor, Sophie Jung (n\u00e9e en 1982) pr\u00e9sente son travail The Bigger Sleep con\u00e7u sp\u00e9cialement pour l\u2019exposition au Kunstmuseum Basel | Gegenwart (Contemporain).<\/p>\n","protected":false},"author":2,"featured_media":1297,"comment_status":"closed","ping_status":"closed","sticky":false,"template":"","format":"standard","meta":{"footnotes":""},"categories":[103,11,7],"tags":[61,60,62,36],"class_list":["post-1296","post","type-post","status-publish","format-standard","has-post-thumbnail","hentry","category-actu","category-art","category-bale","tag-art-contemporain","tag-bale","tag-kunstmuseum-basel","tag-musee"],"yoast_head":"<!-- This site is optimized with the Yoast SEO plugin v28.3 - https:\/\/yoast.com\/product\/yoast-seo-wordpress\/ -->\n<title>Art contemporain: Sophie Jung, The Bigger Sleep au Kunstmuseum de B\u00e2le - Journal de B\u00e2le et Gen\u00e8ve<\/title>\n<meta name=\"robots\" content=\"index, follow, max-snippet:-1, max-image-preview:large, max-video-preview:-1\" \/>\n<link rel=\"canonical\" href=\"https:\/\/bale.ch\/journal\/art-contemporain-expo-sophie-jung-kunstmuseum\/\" \/>\n<meta property=\"og:locale\" content=\"fr_FR\" \/>\n<meta property=\"og:type\" content=\"article\" \/>\n<meta property=\"og:title\" content=\"Art contemporain: Sophie Jung, The Bigger Sleep au Kunstmuseum de B\u00e2le - Journal de B\u00e2le et Gen\u00e8ve\" \/>\n<meta property=\"og:description\" content=\"Laur\u00e9ate du Prix culturel Manor, Sophie Jung (n\u00e9e en 1982) pr\u00e9sente son travail The Bigger Sleep con\u00e7u sp\u00e9cialement pour l\u2019exposition au Kunstmuseum Basel | Gegenwart (Contemporain).\" \/>\n<meta property=\"og:url\" content=\"https:\/\/bale.ch\/journal\/art-contemporain-expo-sophie-jung-kunstmuseum\/\" \/>\n<meta property=\"og:site_name\" content=\"Journal de B\u00e2le et Gen\u00e8ve\" \/>\n<meta property=\"article:published_time\" content=\"2018-10-28T21:20:18+00:00\" \/>\n<meta property=\"article:modified_time\" content=\"2018-11-28T01:38:05+00:00\" \/>\n<meta property=\"og:image\" content=\"https:\/\/bale.ch\/journal\/wp-content\/uploads\/2018\/10\/ComeFreshHellOrFreshHighWater_Sophie-Jung-_Photo-courtesy-BlainSouthern.jpg\" \/>\n\t<meta property=\"og:image:width\" content=\"2500\" \/>\n\t<meta property=\"og:image:height\" content=\"1669\" \/>\n\t<meta property=\"og:image:type\" content=\"image\/jpeg\" \/>\n<meta name=\"author\" content=\"La R\u00e9daction\" \/>\n<meta name=\"twitter:card\" content=\"summary_large_image\" \/>\n<meta name=\"twitter:label1\" content=\"\u00c9crit par\" \/>\n\t<meta name=\"twitter:data1\" content=\"La R\u00e9daction\" \/>\n\t<meta name=\"twitter:label2\" content=\"Dur\u00e9e de lecture estim\u00e9e\" \/>\n\t<meta name=\"twitter:data2\" content=\"2 minutes\" \/>\n<script type=\"application\/ld+json\" class=\"yoast-schema-graph\">{\"@context\":\"https:\\\/\\\/schema.org\",\"@graph\":[{\"@type\":\"Article\",\"@id\":\"https:\\\/\\\/bale.ch\\\/journal\\\/art-contemporain-expo-sophie-jung-kunstmuseum\\\/#article\",\"isPartOf\":{\"@id\":\"https:\\\/\\\/bale.ch\\\/journal\\\/art-contemporain-expo-sophie-jung-kunstmuseum\\\/\"},\"author\":{\"name\":\"La R\u00e9daction\",\"@id\":\"https:\\\/\\\/bale.ch\\\/journal\\\/#\\\/schema\\\/person\\\/03ced978db3b7a5274c5cef003f352f5\"},\"headline\":\"Art contemporain: Sophie Jung, The Bigger Sleep au Kunstmuseum de B\u00e2le\",\"datePublished\":\"2018-10-28T21:20:18+00:00\",\"dateModified\":\"2018-11-28T01:38:05+00:00\",\"mainEntityOfPage\":{\"@id\":\"https:\\\/\\\/bale.ch\\\/journal\\\/art-contemporain-expo-sophie-jung-kunstmuseum\\\/\"},\"wordCount\":451,\"publisher\":{\"@id\":\"https:\\\/\\\/bale.ch\\\/journal\\\/#organization\"},\"image\":{\"@id\":\"https:\\\/\\\/bale.ch\\\/journal\\\/art-contemporain-expo-sophie-jung-kunstmuseum\\\/#primaryimage\"},\"thumbnailUrl\":\"https:\\\/\\\/bale.ch\\\/journal\\\/wp-content\\\/uploads\\\/2018\\\/10\\\/ComeFreshHellOrFreshHighWater_Sophie-Jung-_Photo-courtesy-BlainSouthern.jpg\",\"keywords\":[\"Art contemporain\",\"B\u00e2le\",\"Kunstmuseum Basel\",\"Mus\u00e9e\"],\"articleSection\":[\"Actualit\u00e9s\",\"Art\",\"B\u00e2le Trinationale\"],\"inLanguage\":\"fr-FR\"},{\"@type\":\"WebPage\",\"@id\":\"https:\\\/\\\/bale.ch\\\/journal\\\/art-contemporain-expo-sophie-jung-kunstmuseum\\\/\",\"url\":\"https:\\\/\\\/bale.ch\\\/journal\\\/art-contemporain-expo-sophie-jung-kunstmuseum\\\/\",\"name\":\"Art contemporain: Sophie Jung, The Bigger Sleep au Kunstmuseum de B\u00e2le - Journal de B\u00e2le et Gen\u00e8ve\",\"isPartOf\":{\"@id\":\"https:\\\/\\\/bale.ch\\\/journal\\\/#website\"},\"primaryImageOfPage\":{\"@id\":\"https:\\\/\\\/bale.ch\\\/journal\\\/art-contemporain-expo-sophie-jung-kunstmuseum\\\/#primaryimage\"},\"image\":{\"@id\":\"https:\\\/\\\/bale.ch\\\/journal\\\/art-contemporain-expo-sophie-jung-kunstmuseum\\\/#primaryimage\"},\"thumbnailUrl\":\"https:\\\/\\\/bale.ch\\\/journal\\\/wp-content\\\/uploads\\\/2018\\\/10\\\/ComeFreshHellOrFreshHighWater_Sophie-Jung-_Photo-courtesy-BlainSouthern.jpg\",\"datePublished\":\"2018-10-28T21:20:18+00:00\",\"dateModified\":\"2018-11-28T01:38:05+00:00\",\"breadcrumb\":{\"@id\":\"https:\\\/\\\/bale.ch\\\/journal\\\/art-contemporain-expo-sophie-jung-kunstmuseum\\\/#breadcrumb\"},\"inLanguage\":\"fr-FR\",\"potentialAction\":[{\"@type\":\"ReadAction\",\"target\":[\"https:\\\/\\\/bale.ch\\\/journal\\\/art-contemporain-expo-sophie-jung-kunstmuseum\\\/\"]}]},{\"@type\":\"ImageObject\",\"inLanguage\":\"fr-FR\",\"@id\":\"https:\\\/\\\/bale.ch\\\/journal\\\/art-contemporain-expo-sophie-jung-kunstmuseum\\\/#primaryimage\",\"url\":\"https:\\\/\\\/bale.ch\\\/journal\\\/wp-content\\\/uploads\\\/2018\\\/10\\\/ComeFreshHellOrFreshHighWater_Sophie-Jung-_Photo-courtesy-BlainSouthern.jpg\",\"contentUrl\":\"https:\\\/\\\/bale.ch\\\/journal\\\/wp-content\\\/uploads\\\/2018\\\/10\\\/ComeFreshHellOrFreshHighWater_Sophie-Jung-_Photo-courtesy-BlainSouthern.jpg\",\"width\":2500,\"height\":1669},{\"@type\":\"BreadcrumbList\",\"@id\":\"https:\\\/\\\/bale.ch\\\/journal\\\/art-contemporain-expo-sophie-jung-kunstmuseum\\\/#breadcrumb\",\"itemListElement\":[{\"@type\":\"ListItem\",\"position\":1,\"name\":\"Accueil\",\"item\":\"https:\\\/\\\/bale.ch\\\/journal\\\/\"},{\"@type\":\"ListItem\",\"position\":2,\"name\":\"Art contemporain: Sophie Jung, The Bigger Sleep au Kunstmuseum de B\u00e2le\"}]},{\"@type\":\"WebSite\",\"@id\":\"https:\\\/\\\/bale.ch\\\/journal\\\/#website\",\"url\":\"https:\\\/\\\/bale.ch\\\/journal\\\/\",\"name\":\"Journal de B\u00e2le et Gen\u00e8ve\",\"description\":\"M\u00e9dia transfrontalier d&#039;actualit\u00e9s - News\",\"publisher\":{\"@id\":\"https:\\\/\\\/bale.ch\\\/journal\\\/#organization\"},\"potentialAction\":[{\"@type\":\"SearchAction\",\"target\":{\"@type\":\"EntryPoint\",\"urlTemplate\":\"https:\\\/\\\/bale.ch\\\/journal\\\/?s={search_term_string}\"},\"query-input\":{\"@type\":\"PropertyValueSpecification\",\"valueRequired\":true,\"valueName\":\"search_term_string\"}}],\"inLanguage\":\"fr-FR\"},{\"@type\":\"Organization\",\"@id\":\"https:\\\/\\\/bale.ch\\\/journal\\\/#organization\",\"name\":\"Journal de B\u00e2le et Gen\u00e8ve\",\"url\":\"https:\\\/\\\/bale.ch\\\/journal\\\/\",\"logo\":{\"@type\":\"ImageObject\",\"inLanguage\":\"fr-FR\",\"@id\":\"https:\\\/\\\/bale.ch\\\/journal\\\/#\\\/schema\\\/logo\\\/image\\\/\",\"url\":\"https:\\\/\\\/bale.ch\\\/journal\\\/wp-content\\\/uploads\\\/2023\\\/07\\\/journaldebale_logo_2023_nb.png\",\"contentUrl\":\"https:\\\/\\\/bale.ch\\\/journal\\\/wp-content\\\/uploads\\\/2023\\\/07\\\/journaldebale_logo_2023_nb.png\",\"width\":371,\"height\":127,\"caption\":\"Journal de B\u00e2le et Gen\u00e8ve\"},\"image\":{\"@id\":\"https:\\\/\\\/bale.ch\\\/journal\\\/#\\\/schema\\\/logo\\\/image\\\/\"}},{\"@type\":\"Person\",\"@id\":\"https:\\\/\\\/bale.ch\\\/journal\\\/#\\\/schema\\\/person\\\/03ced978db3b7a5274c5cef003f352f5\",\"name\":\"La R\u00e9daction\",\"image\":{\"@type\":\"ImageObject\",\"inLanguage\":\"fr-FR\",\"@id\":\"https:\\\/\\\/secure.gravatar.com\\\/avatar\\\/d1327e2ce8d2b860112f968a3f34686c9bdda7a463a1502cdd1070ac9d88cf1e?s=96&d=mm&r=g\",\"url\":\"https:\\\/\\\/secure.gravatar.com\\\/avatar\\\/d1327e2ce8d2b860112f968a3f34686c9bdda7a463a1502cdd1070ac9d88cf1e?s=96&d=mm&r=g\",\"contentUrl\":\"https:\\\/\\\/secure.gravatar.com\\\/avatar\\\/d1327e2ce8d2b860112f968a3f34686c9bdda7a463a1502cdd1070ac9d88cf1e?s=96&d=mm&r=g\",\"caption\":\"La R\u00e9daction\"},\"url\":\"https:\\\/\\\/bale.ch\\\/journal\\\/author\\\/laredaction\\\/\"}]}<\/script>\n<!-- \/ Yoast SEO plugin. -->","yoast_head_json":{"title":"Art contemporain: Sophie Jung, The Bigger Sleep au Kunstmuseum de B\u00e2le - Journal de B\u00e2le et Gen\u00e8ve","robots":{"index":"index","follow":"follow","max-snippet":"max-snippet:-1","max-image-preview":"max-image-preview:large","max-video-preview":"max-video-preview:-1"},"canonical":"https:\/\/bale.ch\/journal\/art-contemporain-expo-sophie-jung-kunstmuseum\/","og_locale":"fr_FR","og_type":"article","og_title":"Art contemporain: Sophie Jung, The Bigger Sleep au Kunstmuseum de B\u00e2le - Journal de B\u00e2le et Gen\u00e8ve","og_description":"Laur\u00e9ate du Prix culturel Manor, Sophie Jung (n\u00e9e en 1982) pr\u00e9sente son travail The Bigger Sleep con\u00e7u sp\u00e9cialement pour l\u2019exposition au Kunstmuseum Basel | Gegenwart (Contemporain).","og_url":"https:\/\/bale.ch\/journal\/art-contemporain-expo-sophie-jung-kunstmuseum\/","og_site_name":"Journal de B\u00e2le et Gen\u00e8ve","article_published_time":"2018-10-28T21:20:18+00:00","article_modified_time":"2018-11-28T01:38:05+00:00","og_image":[{"width":2500,"height":1669,"url":"https:\/\/bale.ch\/journal\/wp-content\/uploads\/2018\/10\/ComeFreshHellOrFreshHighWater_Sophie-Jung-_Photo-courtesy-BlainSouthern.jpg","type":"image\/jpeg"}],"author":"La R\u00e9daction","twitter_card":"summary_large_image","twitter_misc":{"\u00c9crit par":"La R\u00e9daction","Dur\u00e9e de lecture estim\u00e9e":"2 minutes"},"schema":{"@context":"https:\/\/schema.org","@graph":[{"@type":"Article","@id":"https:\/\/bale.ch\/journal\/art-contemporain-expo-sophie-jung-kunstmuseum\/#article","isPartOf":{"@id":"https:\/\/bale.ch\/journal\/art-contemporain-expo-sophie-jung-kunstmuseum\/"},"author":{"name":"La R\u00e9daction","@id":"https:\/\/bale.ch\/journal\/#\/schema\/person\/03ced978db3b7a5274c5cef003f352f5"},"headline":"Art contemporain: Sophie Jung, The Bigger Sleep au Kunstmuseum de B\u00e2le","datePublished":"2018-10-28T21:20:18+00:00","dateModified":"2018-11-28T01:38:05+00:00","mainEntityOfPage":{"@id":"https:\/\/bale.ch\/journal\/art-contemporain-expo-sophie-jung-kunstmuseum\/"},"wordCount":451,"publisher":{"@id":"https:\/\/bale.ch\/journal\/#organization"},"image":{"@id":"https:\/\/bale.ch\/journal\/art-contemporain-expo-sophie-jung-kunstmuseum\/#primaryimage"},"thumbnailUrl":"https:\/\/bale.ch\/journal\/wp-content\/uploads\/2018\/10\/ComeFreshHellOrFreshHighWater_Sophie-Jung-_Photo-courtesy-BlainSouthern.jpg","keywords":["Art contemporain","B\u00e2le","Kunstmuseum Basel","Mus\u00e9e"],"articleSection":["Actualit\u00e9s","Art","B\u00e2le Trinationale"],"inLanguage":"fr-FR"},{"@type":"WebPage","@id":"https:\/\/bale.ch\/journal\/art-contemporain-expo-sophie-jung-kunstmuseum\/","url":"https:\/\/bale.ch\/journal\/art-contemporain-expo-sophie-jung-kunstmuseum\/","name":"Art contemporain: Sophie Jung, The Bigger Sleep au Kunstmuseum de B\u00e2le - Journal de B\u00e2le et Gen\u00e8ve","isPartOf":{"@id":"https:\/\/bale.ch\/journal\/#website"},"primaryImageOfPage":{"@id":"https:\/\/bale.ch\/journal\/art-contemporain-expo-sophie-jung-kunstmuseum\/#primaryimage"},"image":{"@id":"https:\/\/bale.ch\/journal\/art-contemporain-expo-sophie-jung-kunstmuseum\/#primaryimage"},"thumbnailUrl":"https:\/\/bale.ch\/journal\/wp-content\/uploads\/2018\/10\/ComeFreshHellOrFreshHighWater_Sophie-Jung-_Photo-courtesy-BlainSouthern.jpg","datePublished":"2018-10-28T21:20:18+00:00","dateModified":"2018-11-28T01:38:05+00:00","breadcrumb":{"@id":"https:\/\/bale.ch\/journal\/art-contemporain-expo-sophie-jung-kunstmuseum\/#breadcrumb"},"inLanguage":"fr-FR","potentialAction":[{"@type":"ReadAction","target":["https:\/\/bale.ch\/journal\/art-contemporain-expo-sophie-jung-kunstmuseum\/"]}]},{"@type":"ImageObject","inLanguage":"fr-FR","@id":"https:\/\/bale.ch\/journal\/art-contemporain-expo-sophie-jung-kunstmuseum\/#primaryimage","url":"https:\/\/bale.ch\/journal\/wp-content\/uploads\/2018\/10\/ComeFreshHellOrFreshHighWater_Sophie-Jung-_Photo-courtesy-BlainSouthern.jpg","contentUrl":"https:\/\/bale.ch\/journal\/wp-content\/uploads\/2018\/10\/ComeFreshHellOrFreshHighWater_Sophie-Jung-_Photo-courtesy-BlainSouthern.jpg","width":2500,"height":1669},{"@type":"BreadcrumbList","@id":"https:\/\/bale.ch\/journal\/art-contemporain-expo-sophie-jung-kunstmuseum\/#breadcrumb","itemListElement":[{"@type":"ListItem","position":1,"name":"Accueil","item":"https:\/\/bale.ch\/journal\/"},{"@type":"ListItem","position":2,"name":"Art contemporain: Sophie Jung, The Bigger Sleep au Kunstmuseum de B\u00e2le"}]},{"@type":"WebSite","@id":"https:\/\/bale.ch\/journal\/#website","url":"https:\/\/bale.ch\/journal\/","name":"Journal de B\u00e2le et Gen\u00e8ve","description":"M\u00e9dia transfrontalier d&#039;actualit\u00e9s - News","publisher":{"@id":"https:\/\/bale.ch\/journal\/#organization"},"potentialAction":[{"@type":"SearchAction","target":{"@type":"EntryPoint","urlTemplate":"https:\/\/bale.ch\/journal\/?s={search_term_string}"},"query-input":{"@type":"PropertyValueSpecification","valueRequired":true,"valueName":"search_term_string"}}],"inLanguage":"fr-FR"},{"@type":"Organization","@id":"https:\/\/bale.ch\/journal\/#organization","name":"Journal de B\u00e2le et Gen\u00e8ve","url":"https:\/\/bale.ch\/journal\/","logo":{"@type":"ImageObject","inLanguage":"fr-FR","@id":"https:\/\/bale.ch\/journal\/#\/schema\/logo\/image\/","url":"https:\/\/bale.ch\/journal\/wp-content\/uploads\/2023\/07\/journaldebale_logo_2023_nb.png","contentUrl":"https:\/\/bale.ch\/journal\/wp-content\/uploads\/2023\/07\/journaldebale_logo_2023_nb.png","width":371,"height":127,"caption":"Journal de B\u00e2le et Gen\u00e8ve"},"image":{"@id":"https:\/\/bale.ch\/journal\/#\/schema\/logo\/image\/"}},{"@type":"Person","@id":"https:\/\/bale.ch\/journal\/#\/schema\/person\/03ced978db3b7a5274c5cef003f352f5","name":"La R\u00e9daction","image":{"@type":"ImageObject","inLanguage":"fr-FR","@id":"https:\/\/secure.gravatar.com\/avatar\/d1327e2ce8d2b860112f968a3f34686c9bdda7a463a1502cdd1070ac9d88cf1e?s=96&d=mm&r=g","url":"https:\/\/secure.gravatar.com\/avatar\/d1327e2ce8d2b860112f968a3f34686c9bdda7a463a1502cdd1070ac9d88cf1e?s=96&d=mm&r=g","contentUrl":"https:\/\/secure.gravatar.com\/avatar\/d1327e2ce8d2b860112f968a3f34686c9bdda7a463a1502cdd1070ac9d88cf1e?s=96&d=mm&r=g","caption":"La R\u00e9daction"},"url":"https:\/\/bale.ch\/journal\/author\/laredaction\/"}]}},"_links":{"self":[{"href":"https:\/\/bale.ch\/journal\/wp-json\/wp\/v2\/posts\/1296","targetHints":{"allow":["GET"]}}],"collection":[{"href":"https:\/\/bale.ch\/journal\/wp-json\/wp\/v2\/posts"}],"about":[{"href":"https:\/\/bale.ch\/journal\/wp-json\/wp\/v2\/types\/post"}],"author":[{"embeddable":true,"href":"https:\/\/bale.ch\/journal\/wp-json\/wp\/v2\/users\/2"}],"replies":[{"embeddable":true,"href":"https:\/\/bale.ch\/journal\/wp-json\/wp\/v2\/comments?post=1296"}],"version-history":[{"count":3,"href":"https:\/\/bale.ch\/journal\/wp-json\/wp\/v2\/posts\/1296\/revisions"}],"predecessor-version":[{"id":1300,"href":"https:\/\/bale.ch\/journal\/wp-json\/wp\/v2\/posts\/1296\/revisions\/1300"}],"wp:featuredmedia":[{"embeddable":true,"href":"https:\/\/bale.ch\/journal\/wp-json\/wp\/v2\/media\/1297"}],"wp:attachment":[{"href":"https:\/\/bale.ch\/journal\/wp-json\/wp\/v2\/media?parent=1296"}],"wp:term":[{"taxonomy":"category","embeddable":true,"href":"https:\/\/bale.ch\/journal\/wp-json\/wp\/v2\/categories?post=1296"},{"taxonomy":"post_tag","embeddable":true,"href":"https:\/\/bale.ch\/journal\/wp-json\/wp\/v2\/tags?post=1296"}],"curies":[{"name":"wp","href":"https:\/\/api.w.org\/{rel}","templated":true}]}}