{"id":1303,"date":"2018-10-31T22:26:51","date_gmt":"2018-10-31T22:26:51","guid":{"rendered":"http:\/\/bale.ch\/journal\/?p=1303"},"modified":"2018-11-28T01:37:48","modified_gmt":"2018-11-28T01:37:48","slug":"2e-salon-du-livre-du-grand-geneve-presilly","status":"publish","type":"post","link":"https:\/\/bale.ch\/journal\/2e-salon-du-livre-du-grand-geneve-presilly\/","title":{"rendered":"Le 2e Salon du livre du Grand Gen\u00e8ve savoyard annonc\u00e9 pour le 18 novembre"},"content":{"rendered":"<p class=\"font_8\"><strong>Le\u00a0 premier\u00a0Salon du livre du Grand Gen\u00e8ve, en 2016, r\u00e9unissait 50 exposants et attirait\u00a0pr\u00e8s de 1000 visiteurs.\u00a0La soci\u00e9t\u00e9 savante savoyarde La Sal\u00e9vienne\u00a0organise\u00a0la seconde \u00e9dition de cet \u00e9v\u00e8nement le 18 novembre 2018.<\/strong><br \/>\n<!--more-->Le salon a pour but de promouvoir les acteurs de la cr\u00e9ation et de la publication d\u2019ouvrages ayant trait au Grand Gen\u00e8ve. Editeurs, auteurs et associations s&rsquo;y retrouveront autour des th\u00e9matiques\u00a0historique, patrimoniale, touristique, \u00e9conomique, p\u00e9dagogique, po\u00e9tique,\u00a0artistique et litt\u00e9raire.<br \/>\nL&rsquo;invit\u00e9 d&rsquo;honneur est encore tenu secret.<br \/>\nSoutenu par le P\u00f4le m\u00e9tropolitain du Genevois fran\u00e7ais ou le Conseil Savoie Mont Blanc, le salon n\u00a0\u00bbaffiche \u00e9tonnamment aucun partenaire c\u00f4t\u00e9 genevois ou vaudois. La construction du Grand Gen\u00e8ve reste difficile, surtout si les collectivit\u00e9s de part et d&rsquo;autre de cette fronti\u00e8re politique n&rsquo;avancent pas main dans la main pour soutenir ce type de manifestation bienvenue, qui se tient tout les deux ans en alternance avec le Salon du livre savoyard \u00e0 Thonon-les-Bains.<br \/>\nRendez-vous de\u00a0 \u00a0La Chartreuse de Pomier\u00a0\u00e0 Pr\u00e9silly, \u00e0 15 km de Gen\u00e8ve sur la route d\u2019Annecy. Plus d&rsquo;infos sur <a href=\"https:\/\/www.salonlgg.org\" target=\"_blank\" rel=\"noopener\">salonlgg.org<\/a><\/p>\n<div id=\"crieu-1269261284\" class=\"crieu-apres-le-contenu crieu-entity-placement\" style=\"margin-left: auto;margin-right: auto;text-align: center;\"><script async src=\"\/\/pagead2.googlesyndication.com\/pagead\/js\/adsbygoogle.js?client=ca-pub-5271584769416742\" crossorigin=\"anonymous\"><\/script><ins class=\"adsbygoogle\" style=\"display:block;\" data-ad-client=\"ca-pub-5271584769416742\" \ndata-ad-slot=\"9321250718\" \ndata-ad-format=\"auto\"><\/ins>\n<script> \n(adsbygoogle = window.adsbygoogle || []).push({}); \n<\/script>\n<\/div>","protected":false},"excerpt":{"rendered":"<p>Le\u00a0 premier\u00a0Salon du livre du Grand Gen\u00e8ve, en 2016, r\u00e9unissait 50 exposants et attirait\u00a0pr\u00e8s de 1000 visiteurs.\u00a0La soci\u00e9t\u00e9 savante savoyarde La Sal\u00e9vienne\u00a0organise\u00a0la seconde \u00e9dition de cet \u00e9v\u00e8nement le 18 novembre <a href=\"https:\/\/bale.ch\/journal\/2e-salon-du-livre-du-grand-geneve-presilly\/\" class=\"read-more button-fancy -red\"><span class=\"btn-arrow\"><\/span><span class=\"twp-read-more text\">Continuer la lecture<\/span><\/a><\/p>\n","protected":false},"author":3,"featured_media":1309,"comment_status":"closed","ping_status":"closed","sticky":false,"template":"","format":"standard","meta":{"footnotes":""},"categories":[103,10,4],"tags":[59,99,31],"class_list":["post-1303","post","type-post","status-publish","format-standard","has-post-thumbnail","hentry","category-actu","category-culture","category-grand-geneve","tag-grand-geneve","tag-salon-du-livre","tag-savoie"],"yoast_head":"<!-- This site is optimized with the Yoast SEO plugin v28.3 - https:\/\/yoast.com\/product\/yoast-seo-wordpress\/ -->\n<title>Le 2e Salon du livre du Grand Gen\u00e8ve savoyard annonc\u00e9 pour le 18 novembre - Journal de B\u00e2le et Gen\u00e8ve<\/title>\n<meta name=\"robots\" content=\"index, follow, max-snippet:-1, max-image-preview:large, max-video-preview:-1\" \/>\n<link rel=\"canonical\" href=\"https:\/\/bale.ch\/journal\/2e-salon-du-livre-du-grand-geneve-presilly\/\" \/>\n<meta property=\"og:locale\" content=\"fr_FR\" \/>\n<meta property=\"og:type\" content=\"article\" \/>\n<meta property=\"og:title\" content=\"Le 2e Salon du livre du Grand Gen\u00e8ve savoyard annonc\u00e9 pour le 18 novembre - Journal de B\u00e2le et Gen\u00e8ve\" \/>\n<meta property=\"og:description\" content=\"Le\u00a0 premier\u00a0Salon du livre du Grand Gen\u00e8ve, en 2016, r\u00e9unissait 50 exposants et attirait\u00a0pr\u00e8s de 1000 visiteurs.\u00a0La soci\u00e9t\u00e9 savante savoyarde La Sal\u00e9vienne\u00a0organise\u00a0la seconde \u00e9dition de cet \u00e9v\u00e8nement le 18 novembre Continuer la lecture\" \/>\n<meta property=\"og:url\" content=\"https:\/\/bale.ch\/journal\/2e-salon-du-livre-du-grand-geneve-presilly\/\" \/>\n<meta property=\"og:site_name\" content=\"Journal de B\u00e2le et Gen\u00e8ve\" \/>\n<meta property=\"article:published_time\" content=\"2018-10-31T22:26:51+00:00\" \/>\n<meta property=\"article:modified_time\" content=\"2018-11-28T01:37:48+00:00\" \/>\n<meta property=\"og:image\" content=\"https:\/\/bale.ch\/journal\/wp-content\/uploads\/2018\/10\/salon_livre_grand_geneve_detail.jpg\" \/>\n\t<meta property=\"og:image:width\" content=\"1041\" \/>\n\t<meta property=\"og:image:height\" content=\"664\" \/>\n\t<meta property=\"og:image:type\" content=\"image\/jpeg\" \/>\n<meta name=\"author\" content=\"Alban Lavy\" \/>\n<meta name=\"twitter:card\" content=\"summary_large_image\" \/>\n<meta name=\"twitter:label1\" content=\"\u00c9crit par\" \/>\n\t<meta name=\"twitter:data1\" content=\"Alban Lavy\" \/>\n\t<meta name=\"twitter:label2\" content=\"Dur\u00e9e de lecture estim\u00e9e\" \/>\n\t<meta name=\"twitter:data2\" content=\"1 minute\" \/>\n<script type=\"application\/ld+json\" class=\"yoast-schema-graph\">{\"@context\":\"https:\\\/\\\/schema.org\",\"@graph\":[{\"@type\":\"Article\",\"@id\":\"https:\\\/\\\/bale.ch\\\/journal\\\/2e-salon-du-livre-du-grand-geneve-presilly\\\/#article\",\"isPartOf\":{\"@id\":\"https:\\\/\\\/bale.ch\\\/journal\\\/2e-salon-du-livre-du-grand-geneve-presilly\\\/\"},\"author\":{\"name\":\"Alban Lavy\",\"@id\":\"https:\\\/\\\/bale.ch\\\/journal\\\/#\\\/schema\\\/person\\\/41bc7f908af0ffea5e38b8c5702e5626\"},\"headline\":\"Le 2e Salon du livre du Grand Gen\u00e8ve savoyard annonc\u00e9 pour le 18 novembre\",\"datePublished\":\"2018-10-31T22:26:51+00:00\",\"dateModified\":\"2018-11-28T01:37:48+00:00\",\"mainEntityOfPage\":{\"@id\":\"https:\\\/\\\/bale.ch\\\/journal\\\/2e-salon-du-livre-du-grand-geneve-presilly\\\/\"},\"wordCount\":212,\"publisher\":{\"@id\":\"https:\\\/\\\/bale.ch\\\/journal\\\/#organization\"},\"image\":{\"@id\":\"https:\\\/\\\/bale.ch\\\/journal\\\/2e-salon-du-livre-du-grand-geneve-presilly\\\/#primaryimage\"},\"thumbnailUrl\":\"https:\\\/\\\/bale.ch\\\/journal\\\/wp-content\\\/uploads\\\/2018\\\/10\\\/salon_livre_grand_geneve_detail.jpg\",\"keywords\":[\"Grand Gen\u00e8ve\",\"salon du livre\",\"Savoie\"],\"articleSection\":[\"Actualit\u00e9s\",\"Culture\",\"Grand Gen\u00e8ve\"],\"inLanguage\":\"fr-FR\"},{\"@type\":\"WebPage\",\"@id\":\"https:\\\/\\\/bale.ch\\\/journal\\\/2e-salon-du-livre-du-grand-geneve-presilly\\\/\",\"url\":\"https:\\\/\\\/bale.ch\\\/journal\\\/2e-salon-du-livre-du-grand-geneve-presilly\\\/\",\"name\":\"Le 2e Salon du livre du Grand Gen\u00e8ve savoyard annonc\u00e9 pour le 18 novembre - Journal de B\u00e2le et Gen\u00e8ve\",\"isPartOf\":{\"@id\":\"https:\\\/\\\/bale.ch\\\/journal\\\/#website\"},\"primaryImageOfPage\":{\"@id\":\"https:\\\/\\\/bale.ch\\\/journal\\\/2e-salon-du-livre-du-grand-geneve-presilly\\\/#primaryimage\"},\"image\":{\"@id\":\"https:\\\/\\\/bale.ch\\\/journal\\\/2e-salon-du-livre-du-grand-geneve-presilly\\\/#primaryimage\"},\"thumbnailUrl\":\"https:\\\/\\\/bale.ch\\\/journal\\\/wp-content\\\/uploads\\\/2018\\\/10\\\/salon_livre_grand_geneve_detail.jpg\",\"datePublished\":\"2018-10-31T22:26:51+00:00\",\"dateModified\":\"2018-11-28T01:37:48+00:00\",\"breadcrumb\":{\"@id\":\"https:\\\/\\\/bale.ch\\\/journal\\\/2e-salon-du-livre-du-grand-geneve-presilly\\\/#breadcrumb\"},\"inLanguage\":\"fr-FR\",\"potentialAction\":[{\"@type\":\"ReadAction\",\"target\":[\"https:\\\/\\\/bale.ch\\\/journal\\\/2e-salon-du-livre-du-grand-geneve-presilly\\\/\"]}]},{\"@type\":\"ImageObject\",\"inLanguage\":\"fr-FR\",\"@id\":\"https:\\\/\\\/bale.ch\\\/journal\\\/2e-salon-du-livre-du-grand-geneve-presilly\\\/#primaryimage\",\"url\":\"https:\\\/\\\/bale.ch\\\/journal\\\/wp-content\\\/uploads\\\/2018\\\/10\\\/salon_livre_grand_geneve_detail.jpg\",\"contentUrl\":\"https:\\\/\\\/bale.ch\\\/journal\\\/wp-content\\\/uploads\\\/2018\\\/10\\\/salon_livre_grand_geneve_detail.jpg\",\"width\":1041,\"height\":664},{\"@type\":\"BreadcrumbList\",\"@id\":\"https:\\\/\\\/bale.ch\\\/journal\\\/2e-salon-du-livre-du-grand-geneve-presilly\\\/#breadcrumb\",\"itemListElement\":[{\"@type\":\"ListItem\",\"position\":1,\"name\":\"Accueil\",\"item\":\"https:\\\/\\\/bale.ch\\\/journal\\\/\"},{\"@type\":\"ListItem\",\"position\":2,\"name\":\"Le 2e Salon du livre du Grand Gen\u00e8ve savoyard annonc\u00e9 pour le 18 novembre\"}]},{\"@type\":\"WebSite\",\"@id\":\"https:\\\/\\\/bale.ch\\\/journal\\\/#website\",\"url\":\"https:\\\/\\\/bale.ch\\\/journal\\\/\",\"name\":\"Journal de B\u00e2le et Gen\u00e8ve\",\"description\":\"M\u00e9dia transfrontalier d&#039;actualit\u00e9s - News\",\"publisher\":{\"@id\":\"https:\\\/\\\/bale.ch\\\/journal\\\/#organization\"},\"potentialAction\":[{\"@type\":\"SearchAction\",\"target\":{\"@type\":\"EntryPoint\",\"urlTemplate\":\"https:\\\/\\\/bale.ch\\\/journal\\\/?s={search_term_string}\"},\"query-input\":{\"@type\":\"PropertyValueSpecification\",\"valueRequired\":true,\"valueName\":\"search_term_string\"}}],\"inLanguage\":\"fr-FR\"},{\"@type\":\"Organization\",\"@id\":\"https:\\\/\\\/bale.ch\\\/journal\\\/#organization\",\"name\":\"Journal de B\u00e2le et Gen\u00e8ve\",\"url\":\"https:\\\/\\\/bale.ch\\\/journal\\\/\",\"logo\":{\"@type\":\"ImageObject\",\"inLanguage\":\"fr-FR\",\"@id\":\"https:\\\/\\\/bale.ch\\\/journal\\\/#\\\/schema\\\/logo\\\/image\\\/\",\"url\":\"https:\\\/\\\/bale.ch\\\/journal\\\/wp-content\\\/uploads\\\/2023\\\/07\\\/journaldebale_logo_2023_nb.png\",\"contentUrl\":\"https:\\\/\\\/bale.ch\\\/journal\\\/wp-content\\\/uploads\\\/2023\\\/07\\\/journaldebale_logo_2023_nb.png\",\"width\":371,\"height\":127,\"caption\":\"Journal de B\u00e2le et Gen\u00e8ve\"},\"image\":{\"@id\":\"https:\\\/\\\/bale.ch\\\/journal\\\/#\\\/schema\\\/logo\\\/image\\\/\"}},{\"@type\":\"Person\",\"@id\":\"https:\\\/\\\/bale.ch\\\/journal\\\/#\\\/schema\\\/person\\\/41bc7f908af0ffea5e38b8c5702e5626\",\"name\":\"Alban Lavy\",\"image\":{\"@type\":\"ImageObject\",\"inLanguage\":\"fr-FR\",\"@id\":\"https:\\\/\\\/secure.gravatar.com\\\/avatar\\\/4978c5bb7295400e15bebf9881bc4db7866592bc59ffa2f62511214a10f68804?s=96&d=mm&r=g\",\"url\":\"https:\\\/\\\/secure.gravatar.com\\\/avatar\\\/4978c5bb7295400e15bebf9881bc4db7866592bc59ffa2f62511214a10f68804?s=96&d=mm&r=g\",\"contentUrl\":\"https:\\\/\\\/secure.gravatar.com\\\/avatar\\\/4978c5bb7295400e15bebf9881bc4db7866592bc59ffa2f62511214a10f68804?s=96&d=mm&r=g\",\"caption\":\"Alban Lavy\"},\"sameAs\":[\"http:\\\/\\\/bale.ch\\\/administration\\\/zeitung\\\/albanlavy\\\/\"],\"url\":\"https:\\\/\\\/bale.ch\\\/journal\\\/author\\\/lavy\\\/\"}]}<\/script>\n<!-- \/ Yoast SEO plugin. -->","yoast_head_json":{"title":"Le 2e Salon du livre du Grand Gen\u00e8ve savoyard annonc\u00e9 pour le 18 novembre - Journal de B\u00e2le et Gen\u00e8ve","robots":{"index":"index","follow":"follow","max-snippet":"max-snippet:-1","max-image-preview":"max-image-preview:large","max-video-preview":"max-video-preview:-1"},"canonical":"https:\/\/bale.ch\/journal\/2e-salon-du-livre-du-grand-geneve-presilly\/","og_locale":"fr_FR","og_type":"article","og_title":"Le 2e Salon du livre du Grand Gen\u00e8ve savoyard annonc\u00e9 pour le 18 novembre - Journal de B\u00e2le et Gen\u00e8ve","og_description":"Le\u00a0 premier\u00a0Salon du livre du Grand Gen\u00e8ve, en 2016, r\u00e9unissait 50 exposants et attirait\u00a0pr\u00e8s de 1000 visiteurs.\u00a0La soci\u00e9t\u00e9 savante savoyarde La Sal\u00e9vienne\u00a0organise\u00a0la seconde \u00e9dition de cet \u00e9v\u00e8nement le 18 novembre Continuer la lecture","og_url":"https:\/\/bale.ch\/journal\/2e-salon-du-livre-du-grand-geneve-presilly\/","og_site_name":"Journal de B\u00e2le et Gen\u00e8ve","article_published_time":"2018-10-31T22:26:51+00:00","article_modified_time":"2018-11-28T01:37:48+00:00","og_image":[{"width":1041,"height":664,"url":"https:\/\/bale.ch\/journal\/wp-content\/uploads\/2018\/10\/salon_livre_grand_geneve_detail.jpg","type":"image\/jpeg"}],"author":"Alban Lavy","twitter_card":"summary_large_image","twitter_misc":{"\u00c9crit par":"Alban Lavy","Dur\u00e9e de lecture estim\u00e9e":"1 minute"},"schema":{"@context":"https:\/\/schema.org","@graph":[{"@type":"Article","@id":"https:\/\/bale.ch\/journal\/2e-salon-du-livre-du-grand-geneve-presilly\/#article","isPartOf":{"@id":"https:\/\/bale.ch\/journal\/2e-salon-du-livre-du-grand-geneve-presilly\/"},"author":{"name":"Alban Lavy","@id":"https:\/\/bale.ch\/journal\/#\/schema\/person\/41bc7f908af0ffea5e38b8c5702e5626"},"headline":"Le 2e Salon du livre du Grand Gen\u00e8ve savoyard annonc\u00e9 pour le 18 novembre","datePublished":"2018-10-31T22:26:51+00:00","dateModified":"2018-11-28T01:37:48+00:00","mainEntityOfPage":{"@id":"https:\/\/bale.ch\/journal\/2e-salon-du-livre-du-grand-geneve-presilly\/"},"wordCount":212,"publisher":{"@id":"https:\/\/bale.ch\/journal\/#organization"},"image":{"@id":"https:\/\/bale.ch\/journal\/2e-salon-du-livre-du-grand-geneve-presilly\/#primaryimage"},"thumbnailUrl":"https:\/\/bale.ch\/journal\/wp-content\/uploads\/2018\/10\/salon_livre_grand_geneve_detail.jpg","keywords":["Grand Gen\u00e8ve","salon du livre","Savoie"],"articleSection":["Actualit\u00e9s","Culture","Grand Gen\u00e8ve"],"inLanguage":"fr-FR"},{"@type":"WebPage","@id":"https:\/\/bale.ch\/journal\/2e-salon-du-livre-du-grand-geneve-presilly\/","url":"https:\/\/bale.ch\/journal\/2e-salon-du-livre-du-grand-geneve-presilly\/","name":"Le 2e Salon du livre du Grand Gen\u00e8ve savoyard annonc\u00e9 pour le 18 novembre - Journal de B\u00e2le et Gen\u00e8ve","isPartOf":{"@id":"https:\/\/bale.ch\/journal\/#website"},"primaryImageOfPage":{"@id":"https:\/\/bale.ch\/journal\/2e-salon-du-livre-du-grand-geneve-presilly\/#primaryimage"},"image":{"@id":"https:\/\/bale.ch\/journal\/2e-salon-du-livre-du-grand-geneve-presilly\/#primaryimage"},"thumbnailUrl":"https:\/\/bale.ch\/journal\/wp-content\/uploads\/2018\/10\/salon_livre_grand_geneve_detail.jpg","datePublished":"2018-10-31T22:26:51+00:00","dateModified":"2018-11-28T01:37:48+00:00","breadcrumb":{"@id":"https:\/\/bale.ch\/journal\/2e-salon-du-livre-du-grand-geneve-presilly\/#breadcrumb"},"inLanguage":"fr-FR","potentialAction":[{"@type":"ReadAction","target":["https:\/\/bale.ch\/journal\/2e-salon-du-livre-du-grand-geneve-presilly\/"]}]},{"@type":"ImageObject","inLanguage":"fr-FR","@id":"https:\/\/bale.ch\/journal\/2e-salon-du-livre-du-grand-geneve-presilly\/#primaryimage","url":"https:\/\/bale.ch\/journal\/wp-content\/uploads\/2018\/10\/salon_livre_grand_geneve_detail.jpg","contentUrl":"https:\/\/bale.ch\/journal\/wp-content\/uploads\/2018\/10\/salon_livre_grand_geneve_detail.jpg","width":1041,"height":664},{"@type":"BreadcrumbList","@id":"https:\/\/bale.ch\/journal\/2e-salon-du-livre-du-grand-geneve-presilly\/#breadcrumb","itemListElement":[{"@type":"ListItem","position":1,"name":"Accueil","item":"https:\/\/bale.ch\/journal\/"},{"@type":"ListItem","position":2,"name":"Le 2e Salon du livre du Grand Gen\u00e8ve savoyard annonc\u00e9 pour le 18 novembre"}]},{"@type":"WebSite","@id":"https:\/\/bale.ch\/journal\/#website","url":"https:\/\/bale.ch\/journal\/","name":"Journal de B\u00e2le et Gen\u00e8ve","description":"M\u00e9dia transfrontalier d&#039;actualit\u00e9s - News","publisher":{"@id":"https:\/\/bale.ch\/journal\/#organization"},"potentialAction":[{"@type":"SearchAction","target":{"@type":"EntryPoint","urlTemplate":"https:\/\/bale.ch\/journal\/?s={search_term_string}"},"query-input":{"@type":"PropertyValueSpecification","valueRequired":true,"valueName":"search_term_string"}}],"inLanguage":"fr-FR"},{"@type":"Organization","@id":"https:\/\/bale.ch\/journal\/#organization","name":"Journal de B\u00e2le et Gen\u00e8ve","url":"https:\/\/bale.ch\/journal\/","logo":{"@type":"ImageObject","inLanguage":"fr-FR","@id":"https:\/\/bale.ch\/journal\/#\/schema\/logo\/image\/","url":"https:\/\/bale.ch\/journal\/wp-content\/uploads\/2023\/07\/journaldebale_logo_2023_nb.png","contentUrl":"https:\/\/bale.ch\/journal\/wp-content\/uploads\/2023\/07\/journaldebale_logo_2023_nb.png","width":371,"height":127,"caption":"Journal de B\u00e2le et Gen\u00e8ve"},"image":{"@id":"https:\/\/bale.ch\/journal\/#\/schema\/logo\/image\/"}},{"@type":"Person","@id":"https:\/\/bale.ch\/journal\/#\/schema\/person\/41bc7f908af0ffea5e38b8c5702e5626","name":"Alban Lavy","image":{"@type":"ImageObject","inLanguage":"fr-FR","@id":"https:\/\/secure.gravatar.com\/avatar\/4978c5bb7295400e15bebf9881bc4db7866592bc59ffa2f62511214a10f68804?s=96&d=mm&r=g","url":"https:\/\/secure.gravatar.com\/avatar\/4978c5bb7295400e15bebf9881bc4db7866592bc59ffa2f62511214a10f68804?s=96&d=mm&r=g","contentUrl":"https:\/\/secure.gravatar.com\/avatar\/4978c5bb7295400e15bebf9881bc4db7866592bc59ffa2f62511214a10f68804?s=96&d=mm&r=g","caption":"Alban Lavy"},"sameAs":["http:\/\/bale.ch\/administration\/zeitung\/albanlavy\/"],"url":"https:\/\/bale.ch\/journal\/author\/lavy\/"}]}},"_links":{"self":[{"href":"https:\/\/bale.ch\/journal\/wp-json\/wp\/v2\/posts\/1303","targetHints":{"allow":["GET"]}}],"collection":[{"href":"https:\/\/bale.ch\/journal\/wp-json\/wp\/v2\/posts"}],"about":[{"href":"https:\/\/bale.ch\/journal\/wp-json\/wp\/v2\/types\/post"}],"author":[{"embeddable":true,"href":"https:\/\/bale.ch\/journal\/wp-json\/wp\/v2\/users\/3"}],"replies":[{"embeddable":true,"href":"https:\/\/bale.ch\/journal\/wp-json\/wp\/v2\/comments?post=1303"}],"version-history":[{"count":7,"href":"https:\/\/bale.ch\/journal\/wp-json\/wp\/v2\/posts\/1303\/revisions"}],"predecessor-version":[{"id":1312,"href":"https:\/\/bale.ch\/journal\/wp-json\/wp\/v2\/posts\/1303\/revisions\/1312"}],"wp:featuredmedia":[{"embeddable":true,"href":"https:\/\/bale.ch\/journal\/wp-json\/wp\/v2\/media\/1309"}],"wp:attachment":[{"href":"https:\/\/bale.ch\/journal\/wp-json\/wp\/v2\/media?parent=1303"}],"wp:term":[{"taxonomy":"category","embeddable":true,"href":"https:\/\/bale.ch\/journal\/wp-json\/wp\/v2\/categories?post=1303"},{"taxonomy":"post_tag","embeddable":true,"href":"https:\/\/bale.ch\/journal\/wp-json\/wp\/v2\/tags?post=1303"}],"curies":[{"name":"wp","href":"https:\/\/api.w.org\/{rel}","templated":true}]}}