{"id":1386,"date":"2018-12-07T01:04:40","date_gmt":"2018-12-07T01:04:40","guid":{"rendered":"http:\/\/bale.ch\/journal\/?p=1386"},"modified":"2018-12-07T05:05:44","modified_gmt":"2018-12-07T05:05:44","slug":"le-luxembourg-va-devenir-le-premier-pays-a-proposer-la-gratuite-de-tous-les-transports-publics","status":"publish","type":"post","link":"https:\/\/bale.ch\/journal\/le-luxembourg-va-devenir-le-premier-pays-a-proposer-la-gratuite-de-tous-les-transports-publics\/","title":{"rendered":"Le Luxembourg va devenir le premier pays \u00e0 proposer la gratuit\u00e9 de tous les transports publics"},"content":{"rendered":"<p><strong>Selon le ministre Xavier Bettel,\u00a0\u00abla gratuit\u00e9 des transports publics sera introduite sur le territoire du Grand-Duch\u00e9 de Luxembourg durant le premier trimestre 2020\u00bb. C&rsquo;est en tout cas le plan pr\u00e9par\u00e9 par la coalition gouvernementale, qui r\u00e9unit le Parti D\u00e9mocrate alli\u00e9 avec le Parti Socialiste des travailleurs et les Verts, avec comme objectif de donner la priorit\u00e9 aux questions environnementales.\u00a0<\/strong><\/p>\n<p><!--more--><\/p>\n<p>En 2016, plus de 100 millions de passagers ont utilis\u00e9 les transports publics dans ce pays europ\u00e9en d&rsquo;\u00e0 peine plus de 600&rsquo;000 habitants.<\/p>\n<p>Selon le minist\u00e8re des Transports, le co\u00fbt d&rsquo;exploitation des transports publics s&rsquo;\u00e9l\u00e8ve \u00e0 491 millions d\u2019euros au Luxembourg et les ventes de tickets et d&rsquo;abonnements rapportent 40 millions d\u2019euros par an.<\/p><div id=\"crieu-79087559\" class=\"crieu-content crieu-entity-placement\"><script async src=\"\/\/pagead2.googlesyndication.com\/pagead\/js\/adsbygoogle.js?client=ca-pub-5271584769416742\" crossorigin=\"anonymous\"><\/script><ins class=\"adsbygoogle\" style=\"display:block;\" data-ad-client=\"ca-pub-5271584769416742\" \ndata-ad-slot=\"9321250718\" \ndata-ad-format=\"auto\"><\/ins>\n<script> \n(adsbygoogle = window.adsbygoogle || []).push({}); \n<\/script>\n<\/div>\n<h3>Plus de contr\u00f4les ni d&rsquo;amendes dans les trains, bus et le tram<\/h3>\n<p>Il reste cependant quelques obstacle sur le chemin de la gratuit\u00e9: <strong>la vente de billets g\u00e9n\u00e8re des emplois<\/strong>, celui des guichetier, qui se retrouveraient pour le coup au ch\u00f4mage. \u00abTant que ce n&rsquo;est pas clarifi\u00e9, on ne peut pas accepter cela\u00bb, a d\u00e9clar\u00e9 \u00e0 l&rsquo;AFP Georges Merenz, pr\u00e9sident du FNCTTFEL-Landesverband, l&rsquo;un des syndicats de transports au Luxembourg.<\/p>\n<p>Ce dernier souligne \u00e9galement que la mesure ne profitera pas aux habitants des zones rurales, et s&rsquo;interroge sur l&rsquo;effet qu&rsquo;elle aura sur les pendulaires frontaliers, au nombre de 190&rsquo;000, qui viennent pour moit\u00e9 de France, et pour un quart d&rsquo;Allemagne et un autre quart de Belgique.<\/p>\n<p>La gratuit\u00e9 semble pourtant \u00eatre une solution souhaitable pour d&rsquo;autres pays europ\u00e9ens: en juillet 2018, <strong>l\u2019Estonie a mis en place un\u00a0programme national de transports publics gratuits<\/strong>. En Allemagne, 5 villes du pays, <strong>dont l\u2019ancienne capitale occidentale Bonn\u00a0<\/strong>et la m\u00e9tropole industrielle de la Ruhr, Essen, qui compte pr\u00e8s de 600&rsquo;000 habitants, envisagent d\u2019instaurer la gratuit\u00e9 des transports en commun.<\/p>\n<p>Selon une \u00e9tude, les automobilistes au Luxembourg ont pass\u00e9 en moyenne trente-trois heures dans les embouteillages en 2016.<\/p>\n<p><em>Photo:\u00a0Metrophil\u00a0WikiCommons.<\/em><\/p>\n<div id=\"crieu-3511144076\" class=\"crieu-apres-le-contenu crieu-entity-placement\" style=\"margin-left: auto;margin-right: auto;text-align: center;\"><script async src=\"\/\/pagead2.googlesyndication.com\/pagead\/js\/adsbygoogle.js?client=ca-pub-5271584769416742\" crossorigin=\"anonymous\"><\/script><ins class=\"adsbygoogle\" style=\"display:block;\" data-ad-client=\"ca-pub-5271584769416742\" \ndata-ad-slot=\"9321250718\" \ndata-ad-format=\"auto\"><\/ins>\n<script> \n(adsbygoogle = window.adsbygoogle || []).push({}); \n<\/script>\n<\/div>","protected":false},"excerpt":{"rendered":"<p>Selon le ministre Xavier Bettel,\u00a0\u00abla gratuit\u00e9 des transports publics sera introduite sur le territoire du Grand-Duch\u00e9 de Luxembourg durant le premier trimestre 2020\u00bb. C&rsquo;est en tout cas le plan pr\u00e9par\u00e9 <a href=\"https:\/\/bale.ch\/journal\/le-luxembourg-va-devenir-le-premier-pays-a-proposer-la-gratuite-de-tous-les-transports-publics\/\" class=\"read-more button-fancy -red\"><span class=\"btn-arrow\"><\/span><span class=\"twp-read-more text\">Continuer la lecture<\/span><\/a><\/p>\n","protected":false},"author":2,"featured_media":1387,"comment_status":"closed","ping_status":"closed","sticky":false,"template":"","format":"standard","meta":{"footnotes":""},"categories":[103,9],"tags":[105,35],"class_list":["post-1386","post","type-post","status-publish","format-standard","has-post-thumbnail","hentry","category-actu","category-monde","tag-europe","tag-transports"],"yoast_head":"<!-- This site is optimized with the Yoast SEO plugin v28.3 - https:\/\/yoast.com\/product\/yoast-seo-wordpress\/ -->\n<title>Le Luxembourg va devenir le premier pays \u00e0 proposer la gratuit\u00e9 de tous les transports publics - Journal de B\u00e2le et Gen\u00e8ve<\/title>\n<meta name=\"robots\" content=\"index, follow, max-snippet:-1, max-image-preview:large, max-video-preview:-1\" \/>\n<link rel=\"canonical\" href=\"https:\/\/bale.ch\/journal\/le-luxembourg-va-devenir-le-premier-pays-a-proposer-la-gratuite-de-tous-les-transports-publics\/\" \/>\n<meta property=\"og:locale\" content=\"fr_FR\" \/>\n<meta property=\"og:type\" content=\"article\" \/>\n<meta property=\"og:title\" content=\"Le Luxembourg va devenir le premier pays \u00e0 proposer la gratuit\u00e9 de tous les transports publics - Journal de B\u00e2le et Gen\u00e8ve\" \/>\n<meta property=\"og:description\" content=\"Selon le ministre Xavier Bettel,\u00a0\u00abla gratuit\u00e9 des transports publics sera introduite sur le territoire du Grand-Duch\u00e9 de Luxembourg durant le premier trimestre 2020\u00bb. C&rsquo;est en tout cas le plan pr\u00e9par\u00e9 Continuer la lecture\" \/>\n<meta property=\"og:url\" content=\"https:\/\/bale.ch\/journal\/le-luxembourg-va-devenir-le-premier-pays-a-proposer-la-gratuite-de-tous-les-transports-publics\/\" \/>\n<meta property=\"og:site_name\" content=\"Journal de B\u00e2le et Gen\u00e8ve\" \/>\n<meta property=\"article:published_time\" content=\"2018-12-07T01:04:40+00:00\" \/>\n<meta property=\"article:modified_time\" content=\"2018-12-07T05:05:44+00:00\" \/>\n<meta property=\"og:image\" content=\"https:\/\/bale.ch\/journal\/wp-content\/uploads\/2018\/12\/1280px-Luxembourg_tram_at_Luxexpo.jpg\" \/>\n\t<meta property=\"og:image:width\" content=\"1280\" \/>\n\t<meta property=\"og:image:height\" content=\"961\" \/>\n\t<meta property=\"og:image:type\" content=\"image\/jpeg\" \/>\n<meta name=\"author\" content=\"La R\u00e9daction\" \/>\n<meta name=\"twitter:card\" content=\"summary_large_image\" \/>\n<meta name=\"twitter:label1\" content=\"\u00c9crit par\" \/>\n\t<meta name=\"twitter:data1\" content=\"La R\u00e9daction\" \/>\n\t<meta name=\"twitter:label2\" content=\"Dur\u00e9e de lecture estim\u00e9e\" \/>\n\t<meta name=\"twitter:data2\" content=\"2 minutes\" \/>\n<script type=\"application\/ld+json\" class=\"yoast-schema-graph\">{\"@context\":\"https:\\\/\\\/schema.org\",\"@graph\":[{\"@type\":\"Article\",\"@id\":\"https:\\\/\\\/bale.ch\\\/journal\\\/le-luxembourg-va-devenir-le-premier-pays-a-proposer-la-gratuite-de-tous-les-transports-publics\\\/#article\",\"isPartOf\":{\"@id\":\"https:\\\/\\\/bale.ch\\\/journal\\\/le-luxembourg-va-devenir-le-premier-pays-a-proposer-la-gratuite-de-tous-les-transports-publics\\\/\"},\"author\":{\"name\":\"La R\u00e9daction\",\"@id\":\"https:\\\/\\\/bale.ch\\\/journal\\\/#\\\/schema\\\/person\\\/03ced978db3b7a5274c5cef003f352f5\"},\"headline\":\"Le Luxembourg va devenir le premier pays \u00e0 proposer la gratuit\u00e9 de tous les transports publics\",\"datePublished\":\"2018-12-07T01:04:40+00:00\",\"dateModified\":\"2018-12-07T05:05:44+00:00\",\"mainEntityOfPage\":{\"@id\":\"https:\\\/\\\/bale.ch\\\/journal\\\/le-luxembourg-va-devenir-le-premier-pays-a-proposer-la-gratuite-de-tous-les-transports-publics\\\/\"},\"wordCount\":346,\"publisher\":{\"@id\":\"https:\\\/\\\/bale.ch\\\/journal\\\/#organization\"},\"image\":{\"@id\":\"https:\\\/\\\/bale.ch\\\/journal\\\/le-luxembourg-va-devenir-le-premier-pays-a-proposer-la-gratuite-de-tous-les-transports-publics\\\/#primaryimage\"},\"thumbnailUrl\":\"https:\\\/\\\/bale.ch\\\/journal\\\/wp-content\\\/uploads\\\/2018\\\/12\\\/1280px-Luxembourg_tram_at_Luxexpo.jpg\",\"keywords\":[\"Europe\",\"Transports\"],\"articleSection\":[\"Actualit\u00e9s\",\"Monde\"],\"inLanguage\":\"fr-FR\"},{\"@type\":\"WebPage\",\"@id\":\"https:\\\/\\\/bale.ch\\\/journal\\\/le-luxembourg-va-devenir-le-premier-pays-a-proposer-la-gratuite-de-tous-les-transports-publics\\\/\",\"url\":\"https:\\\/\\\/bale.ch\\\/journal\\\/le-luxembourg-va-devenir-le-premier-pays-a-proposer-la-gratuite-de-tous-les-transports-publics\\\/\",\"name\":\"Le Luxembourg va devenir le premier pays \u00e0 proposer la gratuit\u00e9 de tous les transports publics - Journal de B\u00e2le et Gen\u00e8ve\",\"isPartOf\":{\"@id\":\"https:\\\/\\\/bale.ch\\\/journal\\\/#website\"},\"primaryImageOfPage\":{\"@id\":\"https:\\\/\\\/bale.ch\\\/journal\\\/le-luxembourg-va-devenir-le-premier-pays-a-proposer-la-gratuite-de-tous-les-transports-publics\\\/#primaryimage\"},\"image\":{\"@id\":\"https:\\\/\\\/bale.ch\\\/journal\\\/le-luxembourg-va-devenir-le-premier-pays-a-proposer-la-gratuite-de-tous-les-transports-publics\\\/#primaryimage\"},\"thumbnailUrl\":\"https:\\\/\\\/bale.ch\\\/journal\\\/wp-content\\\/uploads\\\/2018\\\/12\\\/1280px-Luxembourg_tram_at_Luxexpo.jpg\",\"datePublished\":\"2018-12-07T01:04:40+00:00\",\"dateModified\":\"2018-12-07T05:05:44+00:00\",\"breadcrumb\":{\"@id\":\"https:\\\/\\\/bale.ch\\\/journal\\\/le-luxembourg-va-devenir-le-premier-pays-a-proposer-la-gratuite-de-tous-les-transports-publics\\\/#breadcrumb\"},\"inLanguage\":\"fr-FR\",\"potentialAction\":[{\"@type\":\"ReadAction\",\"target\":[\"https:\\\/\\\/bale.ch\\\/journal\\\/le-luxembourg-va-devenir-le-premier-pays-a-proposer-la-gratuite-de-tous-les-transports-publics\\\/\"]}]},{\"@type\":\"ImageObject\",\"inLanguage\":\"fr-FR\",\"@id\":\"https:\\\/\\\/bale.ch\\\/journal\\\/le-luxembourg-va-devenir-le-premier-pays-a-proposer-la-gratuite-de-tous-les-transports-publics\\\/#primaryimage\",\"url\":\"https:\\\/\\\/bale.ch\\\/journal\\\/wp-content\\\/uploads\\\/2018\\\/12\\\/1280px-Luxembourg_tram_at_Luxexpo.jpg\",\"contentUrl\":\"https:\\\/\\\/bale.ch\\\/journal\\\/wp-content\\\/uploads\\\/2018\\\/12\\\/1280px-Luxembourg_tram_at_Luxexpo.jpg\",\"width\":1280,\"height\":961},{\"@type\":\"BreadcrumbList\",\"@id\":\"https:\\\/\\\/bale.ch\\\/journal\\\/le-luxembourg-va-devenir-le-premier-pays-a-proposer-la-gratuite-de-tous-les-transports-publics\\\/#breadcrumb\",\"itemListElement\":[{\"@type\":\"ListItem\",\"position\":1,\"name\":\"Accueil\",\"item\":\"https:\\\/\\\/bale.ch\\\/journal\\\/\"},{\"@type\":\"ListItem\",\"position\":2,\"name\":\"Le Luxembourg va devenir le premier pays \u00e0 proposer la gratuit\u00e9 de tous les transports publics\"}]},{\"@type\":\"WebSite\",\"@id\":\"https:\\\/\\\/bale.ch\\\/journal\\\/#website\",\"url\":\"https:\\\/\\\/bale.ch\\\/journal\\\/\",\"name\":\"Journal de B\u00e2le et Gen\u00e8ve\",\"description\":\"M\u00e9dia transfrontalier d&#039;actualit\u00e9s - News\",\"publisher\":{\"@id\":\"https:\\\/\\\/bale.ch\\\/journal\\\/#organization\"},\"potentialAction\":[{\"@type\":\"SearchAction\",\"target\":{\"@type\":\"EntryPoint\",\"urlTemplate\":\"https:\\\/\\\/bale.ch\\\/journal\\\/?s={search_term_string}\"},\"query-input\":{\"@type\":\"PropertyValueSpecification\",\"valueRequired\":true,\"valueName\":\"search_term_string\"}}],\"inLanguage\":\"fr-FR\"},{\"@type\":\"Organization\",\"@id\":\"https:\\\/\\\/bale.ch\\\/journal\\\/#organization\",\"name\":\"Journal de B\u00e2le et Gen\u00e8ve\",\"url\":\"https:\\\/\\\/bale.ch\\\/journal\\\/\",\"logo\":{\"@type\":\"ImageObject\",\"inLanguage\":\"fr-FR\",\"@id\":\"https:\\\/\\\/bale.ch\\\/journal\\\/#\\\/schema\\\/logo\\\/image\\\/\",\"url\":\"https:\\\/\\\/bale.ch\\\/journal\\\/wp-content\\\/uploads\\\/2023\\\/07\\\/journaldebale_logo_2023_nb.png\",\"contentUrl\":\"https:\\\/\\\/bale.ch\\\/journal\\\/wp-content\\\/uploads\\\/2023\\\/07\\\/journaldebale_logo_2023_nb.png\",\"width\":371,\"height\":127,\"caption\":\"Journal de B\u00e2le et Gen\u00e8ve\"},\"image\":{\"@id\":\"https:\\\/\\\/bale.ch\\\/journal\\\/#\\\/schema\\\/logo\\\/image\\\/\"}},{\"@type\":\"Person\",\"@id\":\"https:\\\/\\\/bale.ch\\\/journal\\\/#\\\/schema\\\/person\\\/03ced978db3b7a5274c5cef003f352f5\",\"name\":\"La R\u00e9daction\",\"image\":{\"@type\":\"ImageObject\",\"inLanguage\":\"fr-FR\",\"@id\":\"https:\\\/\\\/secure.gravatar.com\\\/avatar\\\/d1327e2ce8d2b860112f968a3f34686c9bdda7a463a1502cdd1070ac9d88cf1e?s=96&d=mm&r=g\",\"url\":\"https:\\\/\\\/secure.gravatar.com\\\/avatar\\\/d1327e2ce8d2b860112f968a3f34686c9bdda7a463a1502cdd1070ac9d88cf1e?s=96&d=mm&r=g\",\"contentUrl\":\"https:\\\/\\\/secure.gravatar.com\\\/avatar\\\/d1327e2ce8d2b860112f968a3f34686c9bdda7a463a1502cdd1070ac9d88cf1e?s=96&d=mm&r=g\",\"caption\":\"La R\u00e9daction\"},\"url\":\"https:\\\/\\\/bale.ch\\\/journal\\\/author\\\/laredaction\\\/\"}]}<\/script>\n<!-- \/ Yoast SEO plugin. -->","yoast_head_json":{"title":"Le Luxembourg va devenir le premier pays \u00e0 proposer la gratuit\u00e9 de tous les transports publics - Journal de B\u00e2le et Gen\u00e8ve","robots":{"index":"index","follow":"follow","max-snippet":"max-snippet:-1","max-image-preview":"max-image-preview:large","max-video-preview":"max-video-preview:-1"},"canonical":"https:\/\/bale.ch\/journal\/le-luxembourg-va-devenir-le-premier-pays-a-proposer-la-gratuite-de-tous-les-transports-publics\/","og_locale":"fr_FR","og_type":"article","og_title":"Le Luxembourg va devenir le premier pays \u00e0 proposer la gratuit\u00e9 de tous les transports publics - Journal de B\u00e2le et Gen\u00e8ve","og_description":"Selon le ministre Xavier Bettel,\u00a0\u00abla gratuit\u00e9 des transports publics sera introduite sur le territoire du Grand-Duch\u00e9 de Luxembourg durant le premier trimestre 2020\u00bb. C&rsquo;est en tout cas le plan pr\u00e9par\u00e9 Continuer la lecture","og_url":"https:\/\/bale.ch\/journal\/le-luxembourg-va-devenir-le-premier-pays-a-proposer-la-gratuite-de-tous-les-transports-publics\/","og_site_name":"Journal de B\u00e2le et Gen\u00e8ve","article_published_time":"2018-12-07T01:04:40+00:00","article_modified_time":"2018-12-07T05:05:44+00:00","og_image":[{"width":1280,"height":961,"url":"https:\/\/bale.ch\/journal\/wp-content\/uploads\/2018\/12\/1280px-Luxembourg_tram_at_Luxexpo.jpg","type":"image\/jpeg"}],"author":"La R\u00e9daction","twitter_card":"summary_large_image","twitter_misc":{"\u00c9crit par":"La R\u00e9daction","Dur\u00e9e de lecture estim\u00e9e":"2 minutes"},"schema":{"@context":"https:\/\/schema.org","@graph":[{"@type":"Article","@id":"https:\/\/bale.ch\/journal\/le-luxembourg-va-devenir-le-premier-pays-a-proposer-la-gratuite-de-tous-les-transports-publics\/#article","isPartOf":{"@id":"https:\/\/bale.ch\/journal\/le-luxembourg-va-devenir-le-premier-pays-a-proposer-la-gratuite-de-tous-les-transports-publics\/"},"author":{"name":"La R\u00e9daction","@id":"https:\/\/bale.ch\/journal\/#\/schema\/person\/03ced978db3b7a5274c5cef003f352f5"},"headline":"Le Luxembourg va devenir le premier pays \u00e0 proposer la gratuit\u00e9 de tous les transports publics","datePublished":"2018-12-07T01:04:40+00:00","dateModified":"2018-12-07T05:05:44+00:00","mainEntityOfPage":{"@id":"https:\/\/bale.ch\/journal\/le-luxembourg-va-devenir-le-premier-pays-a-proposer-la-gratuite-de-tous-les-transports-publics\/"},"wordCount":346,"publisher":{"@id":"https:\/\/bale.ch\/journal\/#organization"},"image":{"@id":"https:\/\/bale.ch\/journal\/le-luxembourg-va-devenir-le-premier-pays-a-proposer-la-gratuite-de-tous-les-transports-publics\/#primaryimage"},"thumbnailUrl":"https:\/\/bale.ch\/journal\/wp-content\/uploads\/2018\/12\/1280px-Luxembourg_tram_at_Luxexpo.jpg","keywords":["Europe","Transports"],"articleSection":["Actualit\u00e9s","Monde"],"inLanguage":"fr-FR"},{"@type":"WebPage","@id":"https:\/\/bale.ch\/journal\/le-luxembourg-va-devenir-le-premier-pays-a-proposer-la-gratuite-de-tous-les-transports-publics\/","url":"https:\/\/bale.ch\/journal\/le-luxembourg-va-devenir-le-premier-pays-a-proposer-la-gratuite-de-tous-les-transports-publics\/","name":"Le Luxembourg va devenir le premier pays \u00e0 proposer la gratuit\u00e9 de tous les transports publics - Journal de B\u00e2le et Gen\u00e8ve","isPartOf":{"@id":"https:\/\/bale.ch\/journal\/#website"},"primaryImageOfPage":{"@id":"https:\/\/bale.ch\/journal\/le-luxembourg-va-devenir-le-premier-pays-a-proposer-la-gratuite-de-tous-les-transports-publics\/#primaryimage"},"image":{"@id":"https:\/\/bale.ch\/journal\/le-luxembourg-va-devenir-le-premier-pays-a-proposer-la-gratuite-de-tous-les-transports-publics\/#primaryimage"},"thumbnailUrl":"https:\/\/bale.ch\/journal\/wp-content\/uploads\/2018\/12\/1280px-Luxembourg_tram_at_Luxexpo.jpg","datePublished":"2018-12-07T01:04:40+00:00","dateModified":"2018-12-07T05:05:44+00:00","breadcrumb":{"@id":"https:\/\/bale.ch\/journal\/le-luxembourg-va-devenir-le-premier-pays-a-proposer-la-gratuite-de-tous-les-transports-publics\/#breadcrumb"},"inLanguage":"fr-FR","potentialAction":[{"@type":"ReadAction","target":["https:\/\/bale.ch\/journal\/le-luxembourg-va-devenir-le-premier-pays-a-proposer-la-gratuite-de-tous-les-transports-publics\/"]}]},{"@type":"ImageObject","inLanguage":"fr-FR","@id":"https:\/\/bale.ch\/journal\/le-luxembourg-va-devenir-le-premier-pays-a-proposer-la-gratuite-de-tous-les-transports-publics\/#primaryimage","url":"https:\/\/bale.ch\/journal\/wp-content\/uploads\/2018\/12\/1280px-Luxembourg_tram_at_Luxexpo.jpg","contentUrl":"https:\/\/bale.ch\/journal\/wp-content\/uploads\/2018\/12\/1280px-Luxembourg_tram_at_Luxexpo.jpg","width":1280,"height":961},{"@type":"BreadcrumbList","@id":"https:\/\/bale.ch\/journal\/le-luxembourg-va-devenir-le-premier-pays-a-proposer-la-gratuite-de-tous-les-transports-publics\/#breadcrumb","itemListElement":[{"@type":"ListItem","position":1,"name":"Accueil","item":"https:\/\/bale.ch\/journal\/"},{"@type":"ListItem","position":2,"name":"Le Luxembourg va devenir le premier pays \u00e0 proposer la gratuit\u00e9 de tous les transports publics"}]},{"@type":"WebSite","@id":"https:\/\/bale.ch\/journal\/#website","url":"https:\/\/bale.ch\/journal\/","name":"Journal de B\u00e2le et Gen\u00e8ve","description":"M\u00e9dia transfrontalier d&#039;actualit\u00e9s - News","publisher":{"@id":"https:\/\/bale.ch\/journal\/#organization"},"potentialAction":[{"@type":"SearchAction","target":{"@type":"EntryPoint","urlTemplate":"https:\/\/bale.ch\/journal\/?s={search_term_string}"},"query-input":{"@type":"PropertyValueSpecification","valueRequired":true,"valueName":"search_term_string"}}],"inLanguage":"fr-FR"},{"@type":"Organization","@id":"https:\/\/bale.ch\/journal\/#organization","name":"Journal de B\u00e2le et Gen\u00e8ve","url":"https:\/\/bale.ch\/journal\/","logo":{"@type":"ImageObject","inLanguage":"fr-FR","@id":"https:\/\/bale.ch\/journal\/#\/schema\/logo\/image\/","url":"https:\/\/bale.ch\/journal\/wp-content\/uploads\/2023\/07\/journaldebale_logo_2023_nb.png","contentUrl":"https:\/\/bale.ch\/journal\/wp-content\/uploads\/2023\/07\/journaldebale_logo_2023_nb.png","width":371,"height":127,"caption":"Journal de B\u00e2le et Gen\u00e8ve"},"image":{"@id":"https:\/\/bale.ch\/journal\/#\/schema\/logo\/image\/"}},{"@type":"Person","@id":"https:\/\/bale.ch\/journal\/#\/schema\/person\/03ced978db3b7a5274c5cef003f352f5","name":"La R\u00e9daction","image":{"@type":"ImageObject","inLanguage":"fr-FR","@id":"https:\/\/secure.gravatar.com\/avatar\/d1327e2ce8d2b860112f968a3f34686c9bdda7a463a1502cdd1070ac9d88cf1e?s=96&d=mm&r=g","url":"https:\/\/secure.gravatar.com\/avatar\/d1327e2ce8d2b860112f968a3f34686c9bdda7a463a1502cdd1070ac9d88cf1e?s=96&d=mm&r=g","contentUrl":"https:\/\/secure.gravatar.com\/avatar\/d1327e2ce8d2b860112f968a3f34686c9bdda7a463a1502cdd1070ac9d88cf1e?s=96&d=mm&r=g","caption":"La R\u00e9daction"},"url":"https:\/\/bale.ch\/journal\/author\/laredaction\/"}]}},"_links":{"self":[{"href":"https:\/\/bale.ch\/journal\/wp-json\/wp\/v2\/posts\/1386","targetHints":{"allow":["GET"]}}],"collection":[{"href":"https:\/\/bale.ch\/journal\/wp-json\/wp\/v2\/posts"}],"about":[{"href":"https:\/\/bale.ch\/journal\/wp-json\/wp\/v2\/types\/post"}],"author":[{"embeddable":true,"href":"https:\/\/bale.ch\/journal\/wp-json\/wp\/v2\/users\/2"}],"replies":[{"embeddable":true,"href":"https:\/\/bale.ch\/journal\/wp-json\/wp\/v2\/comments?post=1386"}],"version-history":[{"count":4,"href":"https:\/\/bale.ch\/journal\/wp-json\/wp\/v2\/posts\/1386\/revisions"}],"predecessor-version":[{"id":1392,"href":"https:\/\/bale.ch\/journal\/wp-json\/wp\/v2\/posts\/1386\/revisions\/1392"}],"wp:featuredmedia":[{"embeddable":true,"href":"https:\/\/bale.ch\/journal\/wp-json\/wp\/v2\/media\/1387"}],"wp:attachment":[{"href":"https:\/\/bale.ch\/journal\/wp-json\/wp\/v2\/media?parent=1386"}],"wp:term":[{"taxonomy":"category","embeddable":true,"href":"https:\/\/bale.ch\/journal\/wp-json\/wp\/v2\/categories?post=1386"},{"taxonomy":"post_tag","embeddable":true,"href":"https:\/\/bale.ch\/journal\/wp-json\/wp\/v2\/tags?post=1386"}],"curies":[{"name":"wp","href":"https:\/\/api.w.org\/{rel}","templated":true}]}}