{"id":1393,"date":"2018-12-13T17:57:03","date_gmt":"2018-12-13T17:57:03","guid":{"rendered":"http:\/\/bale.ch\/journal\/?p=1393"},"modified":"2018-12-24T21:59:59","modified_gmt":"2018-12-24T21:59:59","slug":"bale-aeroport-record-frequentation-passagers","status":"publish","type":"post","link":"https:\/\/bale.ch\/journal\/bale-aeroport-record-frequentation-passagers\/","title":{"rendered":"Huit millions de passagers: record de fr\u00e9quentation pour B\u00e2le A\u00e9roport"},"content":{"rendered":"<p><strong>Ce mardi 4 d\u00e9cembre 2018, dans l\u2019apr\u00e8s-midi, l\u2019EuroAirport a accueilli son 8 millioni\u00e8me passager. Il a enregistr\u00e9 ainsi son plus important volume de passagers depuis sa cr\u00e9ation en 1946.\u00a0<\/strong><!--more--><\/p>\n<p>Il s\u2019agissait d\u2019un passager de la r\u00e9gion qui avait r\u00e9serv\u00e9 un billet avec British Airways sur le vol de 15h20 \u00e0 destination de Londres Heathrow (BA 755). Le passager a re\u00e7u plusieurs cadeaux, dont un certificat et un billet d\u2019avion gratuit avec British Airways. L\u2019heureux gagnant a \u00e9t\u00e9 tir\u00e9 au sort et repr\u00e9sente ainsi tous les passagers utilisant l\u2019EuroAirport en ce jour historique.<\/p>\n<p>La compagnie a\u00e9rienne British Airways a \u00e9t\u00e9 fond\u00e9e en 1919 et f\u00eatera l\u2019ann\u00e9e prochaine en ao\u00fbt ses 100 ans d\u2019existence.\u00a0 Aujourd\u2019hui, British Airways relie l\u2019EuroAirport et Londres Heathrow cinq fois par jour et propose des vols vers des destinations dans toutes les r\u00e9gions \u00e9conomiques du monde via cette plaque tournante.<\/p><div id=\"crieu-146152187\" class=\"crieu-content crieu-entity-placement\"><script async src=\"\/\/pagead2.googlesyndication.com\/pagead\/js\/adsbygoogle.js?client=ca-pub-5271584769416742\" crossorigin=\"anonymous\"><\/script><ins class=\"adsbygoogle\" style=\"display:block;\" data-ad-client=\"ca-pub-5271584769416742\" \ndata-ad-slot=\"9321250718\" \ndata-ad-format=\"auto\"><\/ins>\n<script> \n(adsbygoogle = window.adsbygoogle || []).push({}); \n<\/script>\n<\/div>\n<h3>Record battu<\/h3>\n<p>En accueillant son huit millioni\u00e8me passager, l&rsquo;A\u00e9roport de B\u00e2le-Mulhouse-Fribourg bat le r\u00e9sultat record de l\u2019ann\u00e9e 2017 (7,9 millions). Il\u00a0se r\u00e9jouit de l\u2019\u00e9volution positive du trafic au cours des derniers mois. Fin octobre 2018, le volume de passagers enregistrait une hausse cumul\u00e9e de 8%. Pendant le m\u00eame laps de temps (de janvier \u00e0 octobre), le nombre de mouvements commerciaux (d\u00e9collages et atterrissages des vols r\u00e9guliers et charters) a augment\u00e9 deux fois moins vite que le nombre de passagers avec une hausse de 4%. Cela s\u2019explique par l\u2019utilisation d\u2019avions de plus grande capacit\u00e9 et un meilleur taux de remplissage des avions. L\u2019A\u00e9roport pr\u00e9voit de terminer l\u2019ann\u00e9e 2018 sur une hausse de 8%, soit 8,5 millions de passagers.<\/p>\n<p>L\u2019EuroAirport est desservi par plus de 20 compagnies a\u00e9riennes et offre plus de 100 destinations dans plus de 30 pays par des vols directs. Gr\u00e2ce \u00e0 la pr\u00e9sence de compagnies a\u00e9riennes proposant des liaisons avec leurs hubs (Londres, Paris, Francfort, Munich, Amsterdam, Bruxelles, Madrid, Istanbul et Barcelone), les passagers disposent de multiples possibilit\u00e9s pour se rendre dans des destinations du monde entier.<\/p>\n<pre><em>Photo Alban Lavy<\/em><\/pre>\n<div id=\"crieu-2291240905\" class=\"crieu-apres-le-contenu crieu-entity-placement\" style=\"margin-left: auto;margin-right: auto;text-align: center;\"><script async src=\"\/\/pagead2.googlesyndication.com\/pagead\/js\/adsbygoogle.js?client=ca-pub-5271584769416742\" crossorigin=\"anonymous\"><\/script><ins class=\"adsbygoogle\" style=\"display:block;\" data-ad-client=\"ca-pub-5271584769416742\" \ndata-ad-slot=\"9321250718\" \ndata-ad-format=\"auto\"><\/ins>\n<script> \n(adsbygoogle = window.adsbygoogle || []).push({}); \n<\/script>\n<\/div>","protected":false},"excerpt":{"rendered":"<p>Ce mardi 4 d\u00e9cembre 2018, dans l\u2019apr\u00e8s-midi, l\u2019EuroAirport a accueilli son 8 millioni\u00e8me passager. Il a enregistr\u00e9 ainsi son plus important volume de passagers depuis sa cr\u00e9ation en 1946.\u00a0<\/p>\n","protected":false},"author":2,"featured_media":795,"comment_status":"closed","ping_status":"closed","sticky":false,"template":"","format":"standard","meta":{"footnotes":""},"categories":[103,7,13],"tags":[72,60],"class_list":["post-1393","post","type-post","status-publish","format-standard","has-post-thumbnail","hentry","category-actu","category-bale","category-economie","tag-aeroport","tag-bale"],"yoast_head":"<!-- This site is optimized with the Yoast SEO plugin v28.3 - https:\/\/yoast.com\/product\/yoast-seo-wordpress\/ -->\n<title>Huit millions de passagers: record de fr\u00e9quentation pour B\u00e2le A\u00e9roport - Journal de B\u00e2le et Gen\u00e8ve<\/title>\n<meta name=\"robots\" content=\"index, follow, max-snippet:-1, max-image-preview:large, max-video-preview:-1\" \/>\n<link rel=\"canonical\" href=\"https:\/\/bale.ch\/journal\/bale-aeroport-record-frequentation-passagers\/\" \/>\n<meta property=\"og:locale\" content=\"fr_FR\" \/>\n<meta property=\"og:type\" content=\"article\" \/>\n<meta property=\"og:title\" content=\"Huit millions de passagers: record de fr\u00e9quentation pour B\u00e2le A\u00e9roport - Journal de B\u00e2le et Gen\u00e8ve\" \/>\n<meta property=\"og:description\" content=\"Ce mardi 4 d\u00e9cembre 2018, dans l\u2019apr\u00e8s-midi, l\u2019EuroAirport a accueilli son 8 millioni\u00e8me passager. Il a enregistr\u00e9 ainsi son plus important volume de passagers depuis sa cr\u00e9ation en 1946.\u00a0\" \/>\n<meta property=\"og:url\" content=\"https:\/\/bale.ch\/journal\/bale-aeroport-record-frequentation-passagers\/\" \/>\n<meta property=\"og:site_name\" content=\"Journal de B\u00e2le et Gen\u00e8ve\" \/>\n<meta property=\"article:published_time\" content=\"2018-12-13T17:57:03+00:00\" \/>\n<meta property=\"article:modified_time\" content=\"2018-12-24T21:59:59+00:00\" \/>\n<meta property=\"og:image\" content=\"https:\/\/bale.ch\/journal\/wp-content\/uploads\/2017\/08\/euroairport_basel_bale_mulhouse_aeroport.jpg\" \/>\n\t<meta property=\"og:image:width\" content=\"1329\" \/>\n\t<meta property=\"og:image:height\" content=\"886\" \/>\n\t<meta property=\"og:image:type\" content=\"image\/jpeg\" \/>\n<meta name=\"author\" content=\"La R\u00e9daction\" \/>\n<meta name=\"twitter:card\" content=\"summary_large_image\" \/>\n<meta name=\"twitter:label1\" content=\"\u00c9crit par\" \/>\n\t<meta name=\"twitter:data1\" content=\"La R\u00e9daction\" \/>\n\t<meta name=\"twitter:label2\" content=\"Dur\u00e9e de lecture estim\u00e9e\" \/>\n\t<meta name=\"twitter:data2\" content=\"2 minutes\" \/>\n<script type=\"application\/ld+json\" class=\"yoast-schema-graph\">{\"@context\":\"https:\\\/\\\/schema.org\",\"@graph\":[{\"@type\":\"Article\",\"@id\":\"https:\\\/\\\/bale.ch\\\/journal\\\/bale-aeroport-record-frequentation-passagers\\\/#article\",\"isPartOf\":{\"@id\":\"https:\\\/\\\/bale.ch\\\/journal\\\/bale-aeroport-record-frequentation-passagers\\\/\"},\"author\":{\"name\":\"La R\u00e9daction\",\"@id\":\"https:\\\/\\\/bale.ch\\\/journal\\\/#\\\/schema\\\/person\\\/03ced978db3b7a5274c5cef003f352f5\"},\"headline\":\"Huit millions de passagers: record de fr\u00e9quentation pour B\u00e2le A\u00e9roport\",\"datePublished\":\"2018-12-13T17:57:03+00:00\",\"dateModified\":\"2018-12-24T21:59:59+00:00\",\"mainEntityOfPage\":{\"@id\":\"https:\\\/\\\/bale.ch\\\/journal\\\/bale-aeroport-record-frequentation-passagers\\\/\"},\"wordCount\":366,\"publisher\":{\"@id\":\"https:\\\/\\\/bale.ch\\\/journal\\\/#organization\"},\"image\":{\"@id\":\"https:\\\/\\\/bale.ch\\\/journal\\\/bale-aeroport-record-frequentation-passagers\\\/#primaryimage\"},\"thumbnailUrl\":\"https:\\\/\\\/bale.ch\\\/journal\\\/wp-content\\\/uploads\\\/2017\\\/08\\\/euroairport_basel_bale_mulhouse_aeroport.jpg\",\"keywords\":[\"A\u00e9roport\",\"B\u00e2le\"],\"articleSection\":[\"Actualit\u00e9s\",\"B\u00e2le Trinationale\",\"Economie\"],\"inLanguage\":\"fr-FR\"},{\"@type\":\"WebPage\",\"@id\":\"https:\\\/\\\/bale.ch\\\/journal\\\/bale-aeroport-record-frequentation-passagers\\\/\",\"url\":\"https:\\\/\\\/bale.ch\\\/journal\\\/bale-aeroport-record-frequentation-passagers\\\/\",\"name\":\"Huit millions de passagers: record de fr\u00e9quentation pour B\u00e2le A\u00e9roport - Journal de B\u00e2le et Gen\u00e8ve\",\"isPartOf\":{\"@id\":\"https:\\\/\\\/bale.ch\\\/journal\\\/#website\"},\"primaryImageOfPage\":{\"@id\":\"https:\\\/\\\/bale.ch\\\/journal\\\/bale-aeroport-record-frequentation-passagers\\\/#primaryimage\"},\"image\":{\"@id\":\"https:\\\/\\\/bale.ch\\\/journal\\\/bale-aeroport-record-frequentation-passagers\\\/#primaryimage\"},\"thumbnailUrl\":\"https:\\\/\\\/bale.ch\\\/journal\\\/wp-content\\\/uploads\\\/2017\\\/08\\\/euroairport_basel_bale_mulhouse_aeroport.jpg\",\"datePublished\":\"2018-12-13T17:57:03+00:00\",\"dateModified\":\"2018-12-24T21:59:59+00:00\",\"breadcrumb\":{\"@id\":\"https:\\\/\\\/bale.ch\\\/journal\\\/bale-aeroport-record-frequentation-passagers\\\/#breadcrumb\"},\"inLanguage\":\"fr-FR\",\"potentialAction\":[{\"@type\":\"ReadAction\",\"target\":[\"https:\\\/\\\/bale.ch\\\/journal\\\/bale-aeroport-record-frequentation-passagers\\\/\"]}]},{\"@type\":\"ImageObject\",\"inLanguage\":\"fr-FR\",\"@id\":\"https:\\\/\\\/bale.ch\\\/journal\\\/bale-aeroport-record-frequentation-passagers\\\/#primaryimage\",\"url\":\"https:\\\/\\\/bale.ch\\\/journal\\\/wp-content\\\/uploads\\\/2017\\\/08\\\/euroairport_basel_bale_mulhouse_aeroport.jpg\",\"contentUrl\":\"https:\\\/\\\/bale.ch\\\/journal\\\/wp-content\\\/uploads\\\/2017\\\/08\\\/euroairport_basel_bale_mulhouse_aeroport.jpg\",\"width\":1329,\"height\":886,\"caption\":\"L'a\u00e9roport binational de B\u00e2le-Mulhouse. Photo Alban Lavy\"},{\"@type\":\"BreadcrumbList\",\"@id\":\"https:\\\/\\\/bale.ch\\\/journal\\\/bale-aeroport-record-frequentation-passagers\\\/#breadcrumb\",\"itemListElement\":[{\"@type\":\"ListItem\",\"position\":1,\"name\":\"Accueil\",\"item\":\"https:\\\/\\\/bale.ch\\\/journal\\\/\"},{\"@type\":\"ListItem\",\"position\":2,\"name\":\"Huit millions de passagers: record de fr\u00e9quentation pour B\u00e2le A\u00e9roport\"}]},{\"@type\":\"WebSite\",\"@id\":\"https:\\\/\\\/bale.ch\\\/journal\\\/#website\",\"url\":\"https:\\\/\\\/bale.ch\\\/journal\\\/\",\"name\":\"Journal de B\u00e2le et Gen\u00e8ve\",\"description\":\"M\u00e9dia transfrontalier d&#039;actualit\u00e9s - News\",\"publisher\":{\"@id\":\"https:\\\/\\\/bale.ch\\\/journal\\\/#organization\"},\"potentialAction\":[{\"@type\":\"SearchAction\",\"target\":{\"@type\":\"EntryPoint\",\"urlTemplate\":\"https:\\\/\\\/bale.ch\\\/journal\\\/?s={search_term_string}\"},\"query-input\":{\"@type\":\"PropertyValueSpecification\",\"valueRequired\":true,\"valueName\":\"search_term_string\"}}],\"inLanguage\":\"fr-FR\"},{\"@type\":\"Organization\",\"@id\":\"https:\\\/\\\/bale.ch\\\/journal\\\/#organization\",\"name\":\"Journal de B\u00e2le et Gen\u00e8ve\",\"url\":\"https:\\\/\\\/bale.ch\\\/journal\\\/\",\"logo\":{\"@type\":\"ImageObject\",\"inLanguage\":\"fr-FR\",\"@id\":\"https:\\\/\\\/bale.ch\\\/journal\\\/#\\\/schema\\\/logo\\\/image\\\/\",\"url\":\"https:\\\/\\\/bale.ch\\\/journal\\\/wp-content\\\/uploads\\\/2023\\\/07\\\/journaldebale_logo_2023_nb.png\",\"contentUrl\":\"https:\\\/\\\/bale.ch\\\/journal\\\/wp-content\\\/uploads\\\/2023\\\/07\\\/journaldebale_logo_2023_nb.png\",\"width\":371,\"height\":127,\"caption\":\"Journal de B\u00e2le et Gen\u00e8ve\"},\"image\":{\"@id\":\"https:\\\/\\\/bale.ch\\\/journal\\\/#\\\/schema\\\/logo\\\/image\\\/\"}},{\"@type\":\"Person\",\"@id\":\"https:\\\/\\\/bale.ch\\\/journal\\\/#\\\/schema\\\/person\\\/03ced978db3b7a5274c5cef003f352f5\",\"name\":\"La R\u00e9daction\",\"image\":{\"@type\":\"ImageObject\",\"inLanguage\":\"fr-FR\",\"@id\":\"https:\\\/\\\/secure.gravatar.com\\\/avatar\\\/d1327e2ce8d2b860112f968a3f34686c9bdda7a463a1502cdd1070ac9d88cf1e?s=96&d=mm&r=g\",\"url\":\"https:\\\/\\\/secure.gravatar.com\\\/avatar\\\/d1327e2ce8d2b860112f968a3f34686c9bdda7a463a1502cdd1070ac9d88cf1e?s=96&d=mm&r=g\",\"contentUrl\":\"https:\\\/\\\/secure.gravatar.com\\\/avatar\\\/d1327e2ce8d2b860112f968a3f34686c9bdda7a463a1502cdd1070ac9d88cf1e?s=96&d=mm&r=g\",\"caption\":\"La R\u00e9daction\"},\"url\":\"https:\\\/\\\/bale.ch\\\/journal\\\/author\\\/laredaction\\\/\"}]}<\/script>\n<!-- \/ Yoast SEO plugin. -->","yoast_head_json":{"title":"Huit millions de passagers: record de fr\u00e9quentation pour B\u00e2le A\u00e9roport - Journal de B\u00e2le et Gen\u00e8ve","robots":{"index":"index","follow":"follow","max-snippet":"max-snippet:-1","max-image-preview":"max-image-preview:large","max-video-preview":"max-video-preview:-1"},"canonical":"https:\/\/bale.ch\/journal\/bale-aeroport-record-frequentation-passagers\/","og_locale":"fr_FR","og_type":"article","og_title":"Huit millions de passagers: record de fr\u00e9quentation pour B\u00e2le A\u00e9roport - Journal de B\u00e2le et Gen\u00e8ve","og_description":"Ce mardi 4 d\u00e9cembre 2018, dans l\u2019apr\u00e8s-midi, l\u2019EuroAirport a accueilli son 8 millioni\u00e8me passager. Il a enregistr\u00e9 ainsi son plus important volume de passagers depuis sa cr\u00e9ation en 1946.\u00a0","og_url":"https:\/\/bale.ch\/journal\/bale-aeroport-record-frequentation-passagers\/","og_site_name":"Journal de B\u00e2le et Gen\u00e8ve","article_published_time":"2018-12-13T17:57:03+00:00","article_modified_time":"2018-12-24T21:59:59+00:00","og_image":[{"width":1329,"height":886,"url":"https:\/\/bale.ch\/journal\/wp-content\/uploads\/2017\/08\/euroairport_basel_bale_mulhouse_aeroport.jpg","type":"image\/jpeg"}],"author":"La R\u00e9daction","twitter_card":"summary_large_image","twitter_misc":{"\u00c9crit par":"La R\u00e9daction","Dur\u00e9e de lecture estim\u00e9e":"2 minutes"},"schema":{"@context":"https:\/\/schema.org","@graph":[{"@type":"Article","@id":"https:\/\/bale.ch\/journal\/bale-aeroport-record-frequentation-passagers\/#article","isPartOf":{"@id":"https:\/\/bale.ch\/journal\/bale-aeroport-record-frequentation-passagers\/"},"author":{"name":"La R\u00e9daction","@id":"https:\/\/bale.ch\/journal\/#\/schema\/person\/03ced978db3b7a5274c5cef003f352f5"},"headline":"Huit millions de passagers: record de fr\u00e9quentation pour B\u00e2le A\u00e9roport","datePublished":"2018-12-13T17:57:03+00:00","dateModified":"2018-12-24T21:59:59+00:00","mainEntityOfPage":{"@id":"https:\/\/bale.ch\/journal\/bale-aeroport-record-frequentation-passagers\/"},"wordCount":366,"publisher":{"@id":"https:\/\/bale.ch\/journal\/#organization"},"image":{"@id":"https:\/\/bale.ch\/journal\/bale-aeroport-record-frequentation-passagers\/#primaryimage"},"thumbnailUrl":"https:\/\/bale.ch\/journal\/wp-content\/uploads\/2017\/08\/euroairport_basel_bale_mulhouse_aeroport.jpg","keywords":["A\u00e9roport","B\u00e2le"],"articleSection":["Actualit\u00e9s","B\u00e2le Trinationale","Economie"],"inLanguage":"fr-FR"},{"@type":"WebPage","@id":"https:\/\/bale.ch\/journal\/bale-aeroport-record-frequentation-passagers\/","url":"https:\/\/bale.ch\/journal\/bale-aeroport-record-frequentation-passagers\/","name":"Huit millions de passagers: record de fr\u00e9quentation pour B\u00e2le A\u00e9roport - Journal de B\u00e2le et Gen\u00e8ve","isPartOf":{"@id":"https:\/\/bale.ch\/journal\/#website"},"primaryImageOfPage":{"@id":"https:\/\/bale.ch\/journal\/bale-aeroport-record-frequentation-passagers\/#primaryimage"},"image":{"@id":"https:\/\/bale.ch\/journal\/bale-aeroport-record-frequentation-passagers\/#primaryimage"},"thumbnailUrl":"https:\/\/bale.ch\/journal\/wp-content\/uploads\/2017\/08\/euroairport_basel_bale_mulhouse_aeroport.jpg","datePublished":"2018-12-13T17:57:03+00:00","dateModified":"2018-12-24T21:59:59+00:00","breadcrumb":{"@id":"https:\/\/bale.ch\/journal\/bale-aeroport-record-frequentation-passagers\/#breadcrumb"},"inLanguage":"fr-FR","potentialAction":[{"@type":"ReadAction","target":["https:\/\/bale.ch\/journal\/bale-aeroport-record-frequentation-passagers\/"]}]},{"@type":"ImageObject","inLanguage":"fr-FR","@id":"https:\/\/bale.ch\/journal\/bale-aeroport-record-frequentation-passagers\/#primaryimage","url":"https:\/\/bale.ch\/journal\/wp-content\/uploads\/2017\/08\/euroairport_basel_bale_mulhouse_aeroport.jpg","contentUrl":"https:\/\/bale.ch\/journal\/wp-content\/uploads\/2017\/08\/euroairport_basel_bale_mulhouse_aeroport.jpg","width":1329,"height":886,"caption":"L'a\u00e9roport binational de B\u00e2le-Mulhouse. Photo Alban Lavy"},{"@type":"BreadcrumbList","@id":"https:\/\/bale.ch\/journal\/bale-aeroport-record-frequentation-passagers\/#breadcrumb","itemListElement":[{"@type":"ListItem","position":1,"name":"Accueil","item":"https:\/\/bale.ch\/journal\/"},{"@type":"ListItem","position":2,"name":"Huit millions de passagers: record de fr\u00e9quentation pour B\u00e2le A\u00e9roport"}]},{"@type":"WebSite","@id":"https:\/\/bale.ch\/journal\/#website","url":"https:\/\/bale.ch\/journal\/","name":"Journal de B\u00e2le et Gen\u00e8ve","description":"M\u00e9dia transfrontalier d&#039;actualit\u00e9s - News","publisher":{"@id":"https:\/\/bale.ch\/journal\/#organization"},"potentialAction":[{"@type":"SearchAction","target":{"@type":"EntryPoint","urlTemplate":"https:\/\/bale.ch\/journal\/?s={search_term_string}"},"query-input":{"@type":"PropertyValueSpecification","valueRequired":true,"valueName":"search_term_string"}}],"inLanguage":"fr-FR"},{"@type":"Organization","@id":"https:\/\/bale.ch\/journal\/#organization","name":"Journal de B\u00e2le et Gen\u00e8ve","url":"https:\/\/bale.ch\/journal\/","logo":{"@type":"ImageObject","inLanguage":"fr-FR","@id":"https:\/\/bale.ch\/journal\/#\/schema\/logo\/image\/","url":"https:\/\/bale.ch\/journal\/wp-content\/uploads\/2023\/07\/journaldebale_logo_2023_nb.png","contentUrl":"https:\/\/bale.ch\/journal\/wp-content\/uploads\/2023\/07\/journaldebale_logo_2023_nb.png","width":371,"height":127,"caption":"Journal de B\u00e2le et Gen\u00e8ve"},"image":{"@id":"https:\/\/bale.ch\/journal\/#\/schema\/logo\/image\/"}},{"@type":"Person","@id":"https:\/\/bale.ch\/journal\/#\/schema\/person\/03ced978db3b7a5274c5cef003f352f5","name":"La R\u00e9daction","image":{"@type":"ImageObject","inLanguage":"fr-FR","@id":"https:\/\/secure.gravatar.com\/avatar\/d1327e2ce8d2b860112f968a3f34686c9bdda7a463a1502cdd1070ac9d88cf1e?s=96&d=mm&r=g","url":"https:\/\/secure.gravatar.com\/avatar\/d1327e2ce8d2b860112f968a3f34686c9bdda7a463a1502cdd1070ac9d88cf1e?s=96&d=mm&r=g","contentUrl":"https:\/\/secure.gravatar.com\/avatar\/d1327e2ce8d2b860112f968a3f34686c9bdda7a463a1502cdd1070ac9d88cf1e?s=96&d=mm&r=g","caption":"La R\u00e9daction"},"url":"https:\/\/bale.ch\/journal\/author\/laredaction\/"}]}},"_links":{"self":[{"href":"https:\/\/bale.ch\/journal\/wp-json\/wp\/v2\/posts\/1393","targetHints":{"allow":["GET"]}}],"collection":[{"href":"https:\/\/bale.ch\/journal\/wp-json\/wp\/v2\/posts"}],"about":[{"href":"https:\/\/bale.ch\/journal\/wp-json\/wp\/v2\/types\/post"}],"author":[{"embeddable":true,"href":"https:\/\/bale.ch\/journal\/wp-json\/wp\/v2\/users\/2"}],"replies":[{"embeddable":true,"href":"https:\/\/bale.ch\/journal\/wp-json\/wp\/v2\/comments?post=1393"}],"version-history":[{"count":6,"href":"https:\/\/bale.ch\/journal\/wp-json\/wp\/v2\/posts\/1393\/revisions"}],"predecessor-version":[{"id":1594,"href":"https:\/\/bale.ch\/journal\/wp-json\/wp\/v2\/posts\/1393\/revisions\/1594"}],"wp:featuredmedia":[{"embeddable":true,"href":"https:\/\/bale.ch\/journal\/wp-json\/wp\/v2\/media\/795"}],"wp:attachment":[{"href":"https:\/\/bale.ch\/journal\/wp-json\/wp\/v2\/media?parent=1393"}],"wp:term":[{"taxonomy":"category","embeddable":true,"href":"https:\/\/bale.ch\/journal\/wp-json\/wp\/v2\/categories?post=1393"},{"taxonomy":"post_tag","embeddable":true,"href":"https:\/\/bale.ch\/journal\/wp-json\/wp\/v2\/tags?post=1393"}],"curies":[{"name":"wp","href":"https:\/\/api.w.org\/{rel}","templated":true}]}}