{"id":1546,"date":"2018-12-23T23:26:31","date_gmt":"2018-12-23T23:26:31","guid":{"rendered":"http:\/\/bale.ch\/journal\/?p=1546"},"modified":"2026-09-01T19:07:26","modified_gmt":"2026-09-01T19:07:26","slug":"reportage-nouveau-president-amlo-communautes-mexicaines-autodetermination","status":"publish","type":"post","link":"https:\/\/bale.ch\/journal\/reportage-nouveau-president-amlo-communautes-mexicaines-autodetermination\/","title":{"rendered":"Face \u00e0 la violence et malgr\u00e9 le nouveau pr\u00e9sident, des communaut\u00e9s mexicaines choisissent l&rsquo;autod\u00e9termination"},"content":{"rendered":"<p><strong>Face au d\u00e9ni de d\u00e9mocratie et aux attaques paramilitaires, une communaut\u00e9 indig\u00e8ne du Chiapas, l&rsquo;Etat le plus pauvre du Mexique, a d\u00e9clar\u00e9 son autonomie et demande au gouvernement f\u00e9d\u00e9ral fra\u00eechement \u00e9lu de la reconna\u00eetre officiellement.<\/strong><br \/>\n<!--more--><\/p>\n<p>Les habitants de diff\u00e9rents hameaux d&rsquo;Amat\u00e1n, Chiapas, ont mis en place un Conseil Populaire de Gouvernance L\u00e9gitime, une\u00a0mani\u00e8re d\u2019exercer leur droit \u00e0 l&rsquo;autod\u00e9termination. Ils le justifient par le fait que leur commune ait \u00e9t\u00e9 transform\u00e9 en \u00ab\u00a0caciquat\u00a0\u00bb (territoire contr\u00f4l\u00e9 par un \u00ab\u00a0souverain absolu\u00a0\u00bb) par deux fr\u00e8res originaires de la communaut\u00e9, les Carpio Mayorga: <strong>enrichissement ill\u00e9gal de ces derniers, actes de corruption<\/strong>, maintien de la population dans la pauvret\u00e9 et menaces contre les habitants sont devenus chose habituelle.<\/p>\n<p>En effet, Manuel de Jes\u00fas Carpio Mayorga fut pr\u00e9sident municipal d&rsquo;Amat\u00e1n de 2001 \u00e0 2004 sous l&rsquo;\u00e9tiquette du Parti Action Nationale (PAN). Son cousin Orbelin Garc\u00eda lui succ\u00e9da de 2004 \u00e0 2007 pour le PAN \u00e9galement. Manuel de Jes\u00fas s&rsquo;est \u00e0 nouveau pr\u00e9sent\u00e9, mais cette fois sous la banni\u00e8re du <strong>Parti Vert \u00c9cologiste, faux-nez du Parti \u00e9volutionnaire Institutionnel<\/strong> (n\u00e9olib\u00e9ral) et \u00e0 dirig\u00e9 la commune de 2012 \u00e0 2015. Ensuite, c&rsquo;est son fr\u00e8re Wilbert, sous les couleurs du m\u00eame parti \u00ab\u00a0vert\u00a0\u00bb qui le remplacera de 2015 \u00e0 2018. Finalement, lors des derni\u00e8res \u00e9lections, Manuel de Jes\u00fas <strong>s&rsquo;est drap\u00e9 des habits Morena<\/strong>, le parti du nouveau pr\u00e9sident f\u00e9d\u00e9ral pour r\u00e9gner jusqu&rsquo;en 2021.<\/p><div id=\"crieu-883490128\" class=\"crieu-content crieu-entity-placement\"><script async src=\"\/\/pagead2.googlesyndication.com\/pagead\/js\/adsbygoogle.js?client=ca-pub-5271584769416742\" crossorigin=\"anonymous\"><\/script><ins class=\"adsbygoogle\" style=\"display:block;\" data-ad-client=\"ca-pub-5271584769416742\" \ndata-ad-slot=\"9321250718\" \ndata-ad-format=\"auto\"><\/ins>\n<script> \n(adsbygoogle = window.adsbygoogle || []).push({}); \n<\/script>\n<\/div>\n<figure id=\"attachment_224\" aria-describedby=\"caption-attachment-224\" style=\"width: 989px\" class=\"wp-caption alignnone\"><img loading=\"lazy\" decoding=\"async\" class=\"wp-image-224 size-full\" src=\"http:\/\/bxl.news\/wp-content\/uploads\/2018\/12\/20181130-DSC_0634.jpg\" alt=\"\" width=\"989\" height=\"654\" \/><figcaption id=\"caption-attachment-224\" class=\"wp-caption-text\">Affiche de la derni\u00e8re campagne \u00e9lectorale, la figure du maire arrach\u00e9e y appara\u00eet aux c\u00f4t\u00e9s du pr\u00e9sident \u00e9lu AMLO.<\/figcaption><\/figure>\n<p>Eric Bautista G\u00f3mez, pr\u00e9sident estatal du Mouvement Paysan R\u00e9gional Ind\u00e9pendant (MOCRI),\u00a0explique que le processus \u00e9lectoral qui a port\u00e9 Manuel de J\u00e9sus \u00e0 diriger de nouveau la commune avait \u00e9t\u00e9 <em>\u00ab\u00a0t\u00e2ch\u00e9 d&rsquo;irr\u00e9gularit\u00e9s\u00a0\u00bb<\/em>, et, bien que reconnu officiellement par les autorit\u00e9s, la c\u00e9r\u00e9monie de passation des pouvoirs <strong><em>\u00ab\u00a0s&rsquo;est d\u00e9roul\u00e9e \u00e0 huis clos dans une commune voisine\u00a0\u00bb<\/em><\/strong>.<\/p>\n<p>Cela fait depuis plus d&rsquo;une ann\u00e9e que le MOCRI, organisation membre de la Coordination Nationale plan Ayala (CNPA-MN), avec l&rsquo;Assembl\u00e9e Populaire, ont organis\u00e9 des marches de protestation, indiqu\u00e9 leurs revendications et<strong> utilis\u00e9s les recours l\u00e9gaux pour en finir avec le \u00ab\u00a0caciquat\u00a0\u00bb des fr\u00e8res Carpio Mayorga<\/strong>.<\/p>\n<figure id=\"attachment_1552\" aria-describedby=\"caption-attachment-1552\" style=\"width: 1000px\" class=\"wp-caption alignnone\"><img loading=\"lazy\" decoding=\"async\" class=\"wp-image-1552 size-full\" src=\"https:\/\/bale.ch\/journal\/wp-content\/uploads\/2018\/12\/amatan_5.jpg\" alt=\"\" width=\"1000\" height=\"666\" srcset=\"https:\/\/bale.ch\/journal\/wp-content\/uploads\/2018\/12\/amatan_5.jpg 1000w, https:\/\/bale.ch\/journal\/wp-content\/uploads\/2018\/12\/amatan_5-300x200.jpg 300w, https:\/\/bale.ch\/journal\/wp-content\/uploads\/2018\/12\/amatan_5-768x511.jpg 768w, https:\/\/bale.ch\/journal\/wp-content\/uploads\/2018\/12\/amatan_5-900x600.jpg 900w\" sizes=\"auto, (max-width: 1000px) 100vw, 1000px\" \/><figcaption id=\"caption-attachment-1552\" class=\"wp-caption-text\">Le Mouvement pour la Paix, la Justice et le Bien Commun d&rsquo;Amat\u00e1n, repr\u00e9sent\u00e9 notamment par le pasteur du village, en compagnie d&rsquo;associations de d\u00e9fense des droits humains et d&rsquo;autres mouvements sociaux mexicains.<\/figcaption><\/figure>\n<p>Face \u00e0 la fronde populaire et \u00e0 la m\u00e9diatisation nationale, <strong>des organisation de d\u00e9fense des droits de l&rsquo;homme<\/strong> et de repr\u00e9sentants d&rsquo;autres organisations communautaires et politiques se sont solidaris\u00e9s avec le <strong>Mouvement pour la Paix, la Justice et le Bien Vivre d&rsquo;Amat\u00e1n<\/strong>, qui est \u00e0 l&rsquo;origine du projet et du processus. <strong>L&rsquo;un des leurs a \u00e9t\u00e9 tortur\u00e9 et assassin\u00e9 dans sa maison la semaine pass\u00e9e<\/strong> par des paramilitaires de Morena (<strong><a href=\"https:\/\/utopia21.info\/meurtre-amatan-chiapas-cnpa\/\" target=\"_blank\" rel=\"noopener\">lire ici<\/a><\/strong>). En raison de la violence et de l&rsquo;impunit\u00e9 qui r\u00e8gnent dans la r\u00e9gion, \u00ab\u00a0seulement\u00a0\u00bb une cinquantaine de soutiens et d&rsquo;observateurs se sont d\u00e9plac\u00e9s.<\/p>\n<figure id=\"attachment_228\" aria-describedby=\"caption-attachment-228\" style=\"width: 1183px\" class=\"wp-caption alignnone\"><img loading=\"lazy\" decoding=\"async\" class=\"wp-image-228 size-full\" src=\"http:\/\/bxl.news\/wp-content\/uploads\/2018\/12\/20181130-DSC_0621.jpg\" alt=\"\" width=\"1183\" height=\"783\" \/><figcaption id=\"caption-attachment-228\" class=\"wp-caption-text\">Des villageois assistent \u00e0 la c\u00e9r\u00e9monie depuis le balcon de la mairie.<\/figcaption><\/figure>\n<p>En leur pr\u00e9sence, il a \u00e9t\u00e9 d\u00e9cid\u00e9 de cr\u00e9er le <strong>Conseil Populaire de Gouvernance L\u00e9gitime<\/strong>, qui a donc pr\u00eat\u00e9 serment en pr\u00e9sence notamment du Front des Peuples en D\u00e9fense de la Terre d&rsquo;Atenco (sur la zone du controvers\u00e9 nouvel a\u00e9roport de la ville de Mexico) et d&rsquo;Arturo Campos, ancien prisonnier politique de la Coordination R\u00e9gionale des Autorit\u00e9s Communautaire de l&rsquo;Etat de Guerrero. Le Conseil entrera en fonction d\u00e8s le vendredi 1er d\u00e9cembre 2018 et agira en accord avec le peuple d&rsquo;Amat\u00e1n, majoritairement d&rsquo;<strong>ethnie\u00a0<a href=\"https:\/\/es.wikipedia.org\/wiki\/Zoque_(etnia)\" target=\"_blank\" rel=\"noopener\">zoque<\/a><\/strong>.<\/p>\n<figure id=\"attachment_225\" aria-describedby=\"caption-attachment-225\" style=\"width: 1183px\" class=\"wp-caption alignnone\"><img loading=\"lazy\" decoding=\"async\" class=\"size-full wp-image-225\" src=\"http:\/\/bxl.news\/wp-content\/uploads\/2018\/12\/20181130-DSC_0390.jpg\" alt=\"\" width=\"1183\" height=\"783\" \/><figcaption id=\"caption-attachment-225\" class=\"wp-caption-text\">L\u2019acc\u00e8s au village est restreint.<\/figcaption><\/figure>\n<p>Aujourd&rsquo;hui, bien qu&rsquo;ayant \u00e9lu ses repr\u00e9sentants, <strong>Amat\u00e1n est un village retranch\u00e9<\/strong>, prot\u00e9g\u00e9 par des barricades et des habitants arm\u00e9s de fusils faisant<strong> face aux paramilitaires du parti du pr\u00e9sident mexicain, Morena<\/strong>. Ils demandent aux autorit\u00e9s d&rsquo;intervenir pour r\u00e9tablir la paix dans cette r\u00e9gion tr\u00e8s convoit\u00e9e par les compagnies mini\u00e8res qui s&rsquo;approprient les terres, ne laissant apr\u00e8s quelques ann\u00e9es que de l&rsquo;eau durablement contamin\u00e9e, des terres inutilisables, des paysages d\u00e9vast\u00e9s et des d\u00e9fenseurs des droits de l&rsquo;homme et de l&rsquo;environnement assassin\u00e9s.<\/p>\n<p><img loading=\"lazy\" decoding=\"async\" class=\"alignnone size-full wp-image-1550\" src=\"https:\/\/bale.ch\/journal\/wp-content\/uploads\/2018\/12\/amatan_3.jpg\" alt=\"\" width=\"1000\" height=\"667\" srcset=\"https:\/\/bale.ch\/journal\/wp-content\/uploads\/2018\/12\/amatan_3.jpg 1000w, https:\/\/bale.ch\/journal\/wp-content\/uploads\/2018\/12\/amatan_3-300x200.jpg 300w, https:\/\/bale.ch\/journal\/wp-content\/uploads\/2018\/12\/amatan_3-768x512.jpg 768w, https:\/\/bale.ch\/journal\/wp-content\/uploads\/2018\/12\/amatan_3-900x600.jpg 900w\" sizes=\"auto, (max-width: 1000px) 100vw, 1000px\" \/><\/p>\n<h3>\/ \/ \/ \/ \/ \/ \/<\/h3>\n<h2>Le Mexique vire \u00ab\u00a0\u00e0 gauche\u00a0\u00bb: un espoir d\u00e9j\u00e0 trahi?<\/h2>\n<p><strong><br \/>\nApr\u00e8s environ nonante ans de gestion par deux partis de droite,<\/strong>\u00a0 dont l&rsquo;un a gouvern\u00e9 sans discontinuer durant environ septante ans (\u00e9poque qualifi\u00e9e de\u00a0<em>\u00ab\u00a0dictature parfaite\u00a0\u00bb<\/em>), les Mexicains qui se sont d\u00e9plac\u00e9s pour aller voter ont plac\u00e9 leur espoir en la personne de\u00a0<strong>Andr\u00e9s Manuel L\u00f3pez Obrador, dit AMLO<\/strong>. Ce dernier a cr\u00e9\u00e9 un nouveau parti &#8211; Morena, pour \u00ab\u00a0Mouvement R\u00e9g\u00e9n\u00e9ration Nationale &#8211; pour se lib\u00e9rer des mouvements politiques corrompus. A quelques mois de l&rsquo;\u00e9lection pr\u00e9sidentielle, les sondages donnant AMLO gagnant, des membres des partis politiques corrompus ont adh\u00e9r\u00e9 \u00e0 Morena, ce qui ne pr\u00e9sage rien de bon, m\u00eame si AMLO ne tra\u00eene vraisemblablement, lui, aucune casserole. \u00c0 seulement trois semaines de son accession au pouvoir, pour les organisations de d\u00e9fense des droits humains,\u00a0<strong>c&rsquo;est malheureusement la m\u00eame politique n\u00e9olib\u00e9rale qui se profile<\/strong>, toujours coloniale et d\u00e9vastatrice pour les nombreuses communaut\u00e9s indig\u00e8nes du pays.<\/p>\n<p>Amat\u00e1n n&rsquo;est pas un cas isol\u00e9 de communaut\u00e9 indig\u00e8ne qui choisit d&rsquo;imposer son autonomie. Le cas le plus connu, en dehors des communaut\u00e9s zapatistes du Chiapas avec la figure du sous-commandant Marcos, est celle de la <strong>communaut\u00e9 de Cher\u00e1n, Michoac\u00e1n<\/strong>:\u00a0 u<span id=\"s2_1\">n matin d&rsquo;avril 2011, un groupe d&rsquo;une dizaine de femmes ont arr\u00eat\u00e9 l&rsquo;un des nombreux camions &#8211; une centaine quotidiennement &#8211; qui traversait le village en transportant du bois coup\u00e9 ill\u00e9galement dans la for\u00eat qui approvisionne en eau la communaut\u00e9.<\/span>\u00a0<strong>C<\/strong><span id=\"s2_2\"><strong>es femmes n&rsquo;ont utilis\u00e9 ni v\u00e9hicules, ni armes pour couper la route aux b\u00fbcherons ill\u00e9gaux: elle se sont oppos\u00e9 frontalement, faisant barrage de leur corps<\/strong>.<\/span><\/p>\n<p><span id=\"s2_2\">Le m\u00eame jour, les 18&rsquo;000 habitants de Ch\u00e9ran ont mis en application unilat\u00e9ralement<strong> leur droit \u00e0 une autod\u00e9termination<\/strong>, par ailleurs l\u00e9galement pr\u00e9vue par la Constitution mexicaine, et ont commenc\u00e9 \u00e0 gouverner selon les us et coutumes. Durant les semaines qui ont suivi, ils ont expuls\u00e9 non seulement les b\u00fbcherons ill\u00e9gaux, la police li\u00e9e au crime organis\u00e9 et notamment les narcotraficants, le maire et tous les partis politiques.<\/span><\/p>\n<p><iframe loading=\"lazy\" style=\"border: none; overflow: hidden;\" src=\"https:\/\/www.facebook.com\/plugins\/video.php?href=https%3A%2F%2Fwww.facebook.com%2Finfobyarte%2Fvideos%2F1049437605234696%2F&amp;show_text=0&amp;width=476\" width=\"476\" height=\"476\" frameborder=\"0\" scrolling=\"no\" allowfullscreen=\"allowfullscreen\"><\/iframe><\/p>\n<blockquote>\n<p style=\"text-align: left;\">Lire aussi:<\/p>\n<h3 style=\"text-align: left;\"><a href=\"https:\/\/bale.ch\/journal\/50-personnes-sont-portees-disparues-a-amatan-village-mexicain-du-chiapas\/\">50 personnes sont port\u00e9es disparues \u00e0 Amat\u00e1n, village mexicain du Chiapas, suite \u00e0 une attaque paramilitaire<\/a><\/h3>\n<\/blockquote>\n<div id=\"crieu-1765012349\" class=\"crieu-apres-le-contenu crieu-entity-placement\" style=\"margin-left: auto;margin-right: auto;text-align: center;\"><script async src=\"\/\/pagead2.googlesyndication.com\/pagead\/js\/adsbygoogle.js?client=ca-pub-5271584769416742\" crossorigin=\"anonymous\"><\/script><ins class=\"adsbygoogle\" style=\"display:block;\" data-ad-client=\"ca-pub-5271584769416742\" \ndata-ad-slot=\"9321250718\" \ndata-ad-format=\"auto\"><\/ins>\n<script> \n(adsbygoogle = window.adsbygoogle || []).push({}); \n<\/script>\n<\/div>","protected":false},"excerpt":{"rendered":"<p>Face au d\u00e9ni de d\u00e9mocratie et aux attaques paramilitaires, une communaut\u00e9 indig\u00e8ne du Chiapas, l&rsquo;Etat le plus pauvre du Mexique, a d\u00e9clar\u00e9 son autonomie et demande au gouvernement f\u00e9d\u00e9ral fra\u00eechement <a href=\"https:\/\/bale.ch\/journal\/reportage-nouveau-president-amlo-communautes-mexicaines-autodetermination\/\" class=\"read-more button-fancy -red\"><span class=\"btn-arrow\"><\/span><span class=\"twp-read-more text\">Continuer la lecture<\/span><\/a><\/p>\n","protected":false},"author":3,"featured_media":1567,"comment_status":"closed","ping_status":"closed","sticky":false,"template":"","format":"standard","meta":{"footnotes":""},"categories":[307,103,9,12],"tags":[130,107,129,131,108],"class_list":["post-1546","post","type-post","status-publish","format-standard","has-post-thumbnail","hentry","category-abya-yala","category-actu","category-monde","category-societe","tag-amatan","tag-amerique","tag-chiapas","tag-droits-humains","tag-mexique"],"yoast_head":"<!-- This site is optimized with the Yoast SEO plugin v28.3 - https:\/\/yoast.com\/product\/yoast-seo-wordpress\/ -->\n<title>Face \u00e0 la violence et malgr\u00e9 le nouveau pr\u00e9sident, des communaut\u00e9s mexicaines choisissent l&#039;autod\u00e9termination - Journal de B\u00e2le et Gen\u00e8ve<\/title>\n<meta name=\"robots\" content=\"index, follow, max-snippet:-1, max-image-preview:large, max-video-preview:-1\" \/>\n<link rel=\"canonical\" href=\"https:\/\/bale.ch\/journal\/reportage-nouveau-president-amlo-communautes-mexicaines-autodetermination\/\" \/>\n<meta property=\"og:locale\" content=\"fr_FR\" \/>\n<meta property=\"og:type\" content=\"article\" \/>\n<meta property=\"og:title\" content=\"Face \u00e0 la violence et malgr\u00e9 le nouveau pr\u00e9sident, des communaut\u00e9s mexicaines choisissent l&#039;autod\u00e9termination - Journal de B\u00e2le et Gen\u00e8ve\" \/>\n<meta property=\"og:description\" content=\"Face au d\u00e9ni de d\u00e9mocratie et aux attaques paramilitaires, une communaut\u00e9 indig\u00e8ne du Chiapas, l&rsquo;Etat le plus pauvre du Mexique, a d\u00e9clar\u00e9 son autonomie et demande au gouvernement f\u00e9d\u00e9ral fra\u00eechement Continuer la lecture\" \/>\n<meta property=\"og:url\" content=\"https:\/\/bale.ch\/journal\/reportage-nouveau-president-amlo-communautes-mexicaines-autodetermination\/\" \/>\n<meta property=\"og:site_name\" content=\"Journal de B\u00e2le et Gen\u00e8ve\" \/>\n<meta property=\"article:published_time\" content=\"2018-12-23T23:26:31+00:00\" \/>\n<meta property=\"article:modified_time\" content=\"2026-09-01T19:07:26+00:00\" \/>\n<meta property=\"og:image\" content=\"https:\/\/bale.ch\/journal\/wp-content\/uploads\/2018\/12\/amatan_journal_de_bale_geneve.jpg\" \/>\n\t<meta property=\"og:image:width\" content=\"830\" \/>\n\t<meta property=\"og:image:height\" content=\"446\" \/>\n\t<meta property=\"og:image:type\" content=\"image\/jpeg\" \/>\n<meta name=\"author\" content=\"Alban Lavy\" \/>\n<meta name=\"twitter:card\" content=\"summary_large_image\" \/>\n<meta name=\"twitter:label1\" content=\"\u00c9crit par\" \/>\n\t<meta name=\"twitter:data1\" content=\"Alban Lavy\" \/>\n\t<meta name=\"twitter:label2\" content=\"Dur\u00e9e de lecture estim\u00e9e\" \/>\n\t<meta name=\"twitter:data2\" content=\"7 minutes\" \/>\n<script type=\"application\/ld+json\" class=\"yoast-schema-graph\">{\"@context\":\"https:\\\/\\\/schema.org\",\"@graph\":[{\"@type\":\"Article\",\"@id\":\"https:\\\/\\\/bale.ch\\\/journal\\\/reportage-nouveau-president-amlo-communautes-mexicaines-autodetermination\\\/#article\",\"isPartOf\":{\"@id\":\"https:\\\/\\\/bale.ch\\\/journal\\\/reportage-nouveau-president-amlo-communautes-mexicaines-autodetermination\\\/\"},\"author\":{\"name\":\"Alban Lavy\",\"@id\":\"https:\\\/\\\/bale.ch\\\/journal\\\/#\\\/schema\\\/person\\\/41bc7f908af0ffea5e38b8c5702e5626\"},\"headline\":\"Face \u00e0 la violence et malgr\u00e9 le nouveau pr\u00e9sident, des communaut\u00e9s mexicaines choisissent l&rsquo;autod\u00e9termination\",\"datePublished\":\"2018-12-23T23:26:31+00:00\",\"dateModified\":\"2026-09-01T19:07:26+00:00\",\"mainEntityOfPage\":{\"@id\":\"https:\\\/\\\/bale.ch\\\/journal\\\/reportage-nouveau-president-amlo-communautes-mexicaines-autodetermination\\\/\"},\"wordCount\":1202,\"publisher\":{\"@id\":\"https:\\\/\\\/bale.ch\\\/journal\\\/#organization\"},\"image\":{\"@id\":\"https:\\\/\\\/bale.ch\\\/journal\\\/reportage-nouveau-president-amlo-communautes-mexicaines-autodetermination\\\/#primaryimage\"},\"thumbnailUrl\":\"https:\\\/\\\/bale.ch\\\/journal\\\/wp-content\\\/uploads\\\/2018\\\/12\\\/amatan_journal_de_bale_geneve.jpg\",\"keywords\":[\"Amat\u00e1n\",\"Am\u00e9rique\",\"Chiapas\",\"Droits humains\",\"Mexique\"],\"articleSection\":[\"Abya Yala \\\/ Am\u00e9riques\",\"Actualit\u00e9s\",\"Monde\",\"Soci\u00e9t\u00e9\"],\"inLanguage\":\"fr-FR\"},{\"@type\":\"WebPage\",\"@id\":\"https:\\\/\\\/bale.ch\\\/journal\\\/reportage-nouveau-president-amlo-communautes-mexicaines-autodetermination\\\/\",\"url\":\"https:\\\/\\\/bale.ch\\\/journal\\\/reportage-nouveau-president-amlo-communautes-mexicaines-autodetermination\\\/\",\"name\":\"Face \u00e0 la violence et malgr\u00e9 le nouveau pr\u00e9sident, des communaut\u00e9s mexicaines choisissent l'autod\u00e9termination - Journal de B\u00e2le et Gen\u00e8ve\",\"isPartOf\":{\"@id\":\"https:\\\/\\\/bale.ch\\\/journal\\\/#website\"},\"primaryImageOfPage\":{\"@id\":\"https:\\\/\\\/bale.ch\\\/journal\\\/reportage-nouveau-president-amlo-communautes-mexicaines-autodetermination\\\/#primaryimage\"},\"image\":{\"@id\":\"https:\\\/\\\/bale.ch\\\/journal\\\/reportage-nouveau-president-amlo-communautes-mexicaines-autodetermination\\\/#primaryimage\"},\"thumbnailUrl\":\"https:\\\/\\\/bale.ch\\\/journal\\\/wp-content\\\/uploads\\\/2018\\\/12\\\/amatan_journal_de_bale_geneve.jpg\",\"datePublished\":\"2018-12-23T23:26:31+00:00\",\"dateModified\":\"2026-09-01T19:07:26+00:00\",\"breadcrumb\":{\"@id\":\"https:\\\/\\\/bale.ch\\\/journal\\\/reportage-nouveau-president-amlo-communautes-mexicaines-autodetermination\\\/#breadcrumb\"},\"inLanguage\":\"fr-FR\",\"potentialAction\":[{\"@type\":\"ReadAction\",\"target\":[\"https:\\\/\\\/bale.ch\\\/journal\\\/reportage-nouveau-president-amlo-communautes-mexicaines-autodetermination\\\/\"]}]},{\"@type\":\"ImageObject\",\"inLanguage\":\"fr-FR\",\"@id\":\"https:\\\/\\\/bale.ch\\\/journal\\\/reportage-nouveau-president-amlo-communautes-mexicaines-autodetermination\\\/#primaryimage\",\"url\":\"https:\\\/\\\/bale.ch\\\/journal\\\/wp-content\\\/uploads\\\/2018\\\/12\\\/amatan_journal_de_bale_geneve.jpg\",\"contentUrl\":\"https:\\\/\\\/bale.ch\\\/journal\\\/wp-content\\\/uploads\\\/2018\\\/12\\\/amatan_journal_de_bale_geneve.jpg\",\"width\":830,\"height\":446},{\"@type\":\"BreadcrumbList\",\"@id\":\"https:\\\/\\\/bale.ch\\\/journal\\\/reportage-nouveau-president-amlo-communautes-mexicaines-autodetermination\\\/#breadcrumb\",\"itemListElement\":[{\"@type\":\"ListItem\",\"position\":1,\"name\":\"Accueil\",\"item\":\"https:\\\/\\\/bale.ch\\\/journal\\\/\"},{\"@type\":\"ListItem\",\"position\":2,\"name\":\"Face \u00e0 la violence et malgr\u00e9 le nouveau pr\u00e9sident, des communaut\u00e9s mexicaines choisissent l&rsquo;autod\u00e9termination\"}]},{\"@type\":\"WebSite\",\"@id\":\"https:\\\/\\\/bale.ch\\\/journal\\\/#website\",\"url\":\"https:\\\/\\\/bale.ch\\\/journal\\\/\",\"name\":\"Journal de B\u00e2le et Gen\u00e8ve\",\"description\":\"M\u00e9dia transfrontalier d&#039;actualit\u00e9s - News\",\"publisher\":{\"@id\":\"https:\\\/\\\/bale.ch\\\/journal\\\/#organization\"},\"potentialAction\":[{\"@type\":\"SearchAction\",\"target\":{\"@type\":\"EntryPoint\",\"urlTemplate\":\"https:\\\/\\\/bale.ch\\\/journal\\\/?s={search_term_string}\"},\"query-input\":{\"@type\":\"PropertyValueSpecification\",\"valueRequired\":true,\"valueName\":\"search_term_string\"}}],\"inLanguage\":\"fr-FR\"},{\"@type\":\"Organization\",\"@id\":\"https:\\\/\\\/bale.ch\\\/journal\\\/#organization\",\"name\":\"Journal de B\u00e2le et Gen\u00e8ve\",\"url\":\"https:\\\/\\\/bale.ch\\\/journal\\\/\",\"logo\":{\"@type\":\"ImageObject\",\"inLanguage\":\"fr-FR\",\"@id\":\"https:\\\/\\\/bale.ch\\\/journal\\\/#\\\/schema\\\/logo\\\/image\\\/\",\"url\":\"https:\\\/\\\/bale.ch\\\/journal\\\/wp-content\\\/uploads\\\/2023\\\/07\\\/journaldebale_logo_2023_nb.png\",\"contentUrl\":\"https:\\\/\\\/bale.ch\\\/journal\\\/wp-content\\\/uploads\\\/2023\\\/07\\\/journaldebale_logo_2023_nb.png\",\"width\":371,\"height\":127,\"caption\":\"Journal de B\u00e2le et Gen\u00e8ve\"},\"image\":{\"@id\":\"https:\\\/\\\/bale.ch\\\/journal\\\/#\\\/schema\\\/logo\\\/image\\\/\"}},{\"@type\":\"Person\",\"@id\":\"https:\\\/\\\/bale.ch\\\/journal\\\/#\\\/schema\\\/person\\\/41bc7f908af0ffea5e38b8c5702e5626\",\"name\":\"Alban Lavy\",\"image\":{\"@type\":\"ImageObject\",\"inLanguage\":\"fr-FR\",\"@id\":\"https:\\\/\\\/secure.gravatar.com\\\/avatar\\\/4978c5bb7295400e15bebf9881bc4db7866592bc59ffa2f62511214a10f68804?s=96&d=mm&r=g\",\"url\":\"https:\\\/\\\/secure.gravatar.com\\\/avatar\\\/4978c5bb7295400e15bebf9881bc4db7866592bc59ffa2f62511214a10f68804?s=96&d=mm&r=g\",\"contentUrl\":\"https:\\\/\\\/secure.gravatar.com\\\/avatar\\\/4978c5bb7295400e15bebf9881bc4db7866592bc59ffa2f62511214a10f68804?s=96&d=mm&r=g\",\"caption\":\"Alban Lavy\"},\"sameAs\":[\"http:\\\/\\\/bale.ch\\\/administration\\\/zeitung\\\/albanlavy\\\/\"],\"url\":\"https:\\\/\\\/bale.ch\\\/journal\\\/author\\\/lavy\\\/\"}]}<\/script>\n<!-- \/ Yoast SEO plugin. -->","yoast_head_json":{"title":"Face \u00e0 la violence et malgr\u00e9 le nouveau pr\u00e9sident, des communaut\u00e9s mexicaines choisissent l'autod\u00e9termination - Journal de B\u00e2le et Gen\u00e8ve","robots":{"index":"index","follow":"follow","max-snippet":"max-snippet:-1","max-image-preview":"max-image-preview:large","max-video-preview":"max-video-preview:-1"},"canonical":"https:\/\/bale.ch\/journal\/reportage-nouveau-president-amlo-communautes-mexicaines-autodetermination\/","og_locale":"fr_FR","og_type":"article","og_title":"Face \u00e0 la violence et malgr\u00e9 le nouveau pr\u00e9sident, des communaut\u00e9s mexicaines choisissent l'autod\u00e9termination - Journal de B\u00e2le et Gen\u00e8ve","og_description":"Face au d\u00e9ni de d\u00e9mocratie et aux attaques paramilitaires, une communaut\u00e9 indig\u00e8ne du Chiapas, l&rsquo;Etat le plus pauvre du Mexique, a d\u00e9clar\u00e9 son autonomie et demande au gouvernement f\u00e9d\u00e9ral fra\u00eechement Continuer la lecture","og_url":"https:\/\/bale.ch\/journal\/reportage-nouveau-president-amlo-communautes-mexicaines-autodetermination\/","og_site_name":"Journal de B\u00e2le et Gen\u00e8ve","article_published_time":"2018-12-23T23:26:31+00:00","article_modified_time":"2026-09-01T19:07:26+00:00","og_image":[{"width":830,"height":446,"url":"https:\/\/bale.ch\/journal\/wp-content\/uploads\/2018\/12\/amatan_journal_de_bale_geneve.jpg","type":"image\/jpeg"}],"author":"Alban Lavy","twitter_card":"summary_large_image","twitter_misc":{"\u00c9crit par":"Alban Lavy","Dur\u00e9e de lecture estim\u00e9e":"7 minutes"},"schema":{"@context":"https:\/\/schema.org","@graph":[{"@type":"Article","@id":"https:\/\/bale.ch\/journal\/reportage-nouveau-president-amlo-communautes-mexicaines-autodetermination\/#article","isPartOf":{"@id":"https:\/\/bale.ch\/journal\/reportage-nouveau-president-amlo-communautes-mexicaines-autodetermination\/"},"author":{"name":"Alban Lavy","@id":"https:\/\/bale.ch\/journal\/#\/schema\/person\/41bc7f908af0ffea5e38b8c5702e5626"},"headline":"Face \u00e0 la violence et malgr\u00e9 le nouveau pr\u00e9sident, des communaut\u00e9s mexicaines choisissent l&rsquo;autod\u00e9termination","datePublished":"2018-12-23T23:26:31+00:00","dateModified":"2026-09-01T19:07:26+00:00","mainEntityOfPage":{"@id":"https:\/\/bale.ch\/journal\/reportage-nouveau-president-amlo-communautes-mexicaines-autodetermination\/"},"wordCount":1202,"publisher":{"@id":"https:\/\/bale.ch\/journal\/#organization"},"image":{"@id":"https:\/\/bale.ch\/journal\/reportage-nouveau-president-amlo-communautes-mexicaines-autodetermination\/#primaryimage"},"thumbnailUrl":"https:\/\/bale.ch\/journal\/wp-content\/uploads\/2018\/12\/amatan_journal_de_bale_geneve.jpg","keywords":["Amat\u00e1n","Am\u00e9rique","Chiapas","Droits humains","Mexique"],"articleSection":["Abya Yala \/ Am\u00e9riques","Actualit\u00e9s","Monde","Soci\u00e9t\u00e9"],"inLanguage":"fr-FR"},{"@type":"WebPage","@id":"https:\/\/bale.ch\/journal\/reportage-nouveau-president-amlo-communautes-mexicaines-autodetermination\/","url":"https:\/\/bale.ch\/journal\/reportage-nouveau-president-amlo-communautes-mexicaines-autodetermination\/","name":"Face \u00e0 la violence et malgr\u00e9 le nouveau pr\u00e9sident, des communaut\u00e9s mexicaines choisissent l'autod\u00e9termination - Journal de B\u00e2le et Gen\u00e8ve","isPartOf":{"@id":"https:\/\/bale.ch\/journal\/#website"},"primaryImageOfPage":{"@id":"https:\/\/bale.ch\/journal\/reportage-nouveau-president-amlo-communautes-mexicaines-autodetermination\/#primaryimage"},"image":{"@id":"https:\/\/bale.ch\/journal\/reportage-nouveau-president-amlo-communautes-mexicaines-autodetermination\/#primaryimage"},"thumbnailUrl":"https:\/\/bale.ch\/journal\/wp-content\/uploads\/2018\/12\/amatan_journal_de_bale_geneve.jpg","datePublished":"2018-12-23T23:26:31+00:00","dateModified":"2026-09-01T19:07:26+00:00","breadcrumb":{"@id":"https:\/\/bale.ch\/journal\/reportage-nouveau-president-amlo-communautes-mexicaines-autodetermination\/#breadcrumb"},"inLanguage":"fr-FR","potentialAction":[{"@type":"ReadAction","target":["https:\/\/bale.ch\/journal\/reportage-nouveau-president-amlo-communautes-mexicaines-autodetermination\/"]}]},{"@type":"ImageObject","inLanguage":"fr-FR","@id":"https:\/\/bale.ch\/journal\/reportage-nouveau-president-amlo-communautes-mexicaines-autodetermination\/#primaryimage","url":"https:\/\/bale.ch\/journal\/wp-content\/uploads\/2018\/12\/amatan_journal_de_bale_geneve.jpg","contentUrl":"https:\/\/bale.ch\/journal\/wp-content\/uploads\/2018\/12\/amatan_journal_de_bale_geneve.jpg","width":830,"height":446},{"@type":"BreadcrumbList","@id":"https:\/\/bale.ch\/journal\/reportage-nouveau-president-amlo-communautes-mexicaines-autodetermination\/#breadcrumb","itemListElement":[{"@type":"ListItem","position":1,"name":"Accueil","item":"https:\/\/bale.ch\/journal\/"},{"@type":"ListItem","position":2,"name":"Face \u00e0 la violence et malgr\u00e9 le nouveau pr\u00e9sident, des communaut\u00e9s mexicaines choisissent l&rsquo;autod\u00e9termination"}]},{"@type":"WebSite","@id":"https:\/\/bale.ch\/journal\/#website","url":"https:\/\/bale.ch\/journal\/","name":"Journal de B\u00e2le et Gen\u00e8ve","description":"M\u00e9dia transfrontalier d&#039;actualit\u00e9s - News","publisher":{"@id":"https:\/\/bale.ch\/journal\/#organization"},"potentialAction":[{"@type":"SearchAction","target":{"@type":"EntryPoint","urlTemplate":"https:\/\/bale.ch\/journal\/?s={search_term_string}"},"query-input":{"@type":"PropertyValueSpecification","valueRequired":true,"valueName":"search_term_string"}}],"inLanguage":"fr-FR"},{"@type":"Organization","@id":"https:\/\/bale.ch\/journal\/#organization","name":"Journal de B\u00e2le et Gen\u00e8ve","url":"https:\/\/bale.ch\/journal\/","logo":{"@type":"ImageObject","inLanguage":"fr-FR","@id":"https:\/\/bale.ch\/journal\/#\/schema\/logo\/image\/","url":"https:\/\/bale.ch\/journal\/wp-content\/uploads\/2023\/07\/journaldebale_logo_2023_nb.png","contentUrl":"https:\/\/bale.ch\/journal\/wp-content\/uploads\/2023\/07\/journaldebale_logo_2023_nb.png","width":371,"height":127,"caption":"Journal de B\u00e2le et Gen\u00e8ve"},"image":{"@id":"https:\/\/bale.ch\/journal\/#\/schema\/logo\/image\/"}},{"@type":"Person","@id":"https:\/\/bale.ch\/journal\/#\/schema\/person\/41bc7f908af0ffea5e38b8c5702e5626","name":"Alban Lavy","image":{"@type":"ImageObject","inLanguage":"fr-FR","@id":"https:\/\/secure.gravatar.com\/avatar\/4978c5bb7295400e15bebf9881bc4db7866592bc59ffa2f62511214a10f68804?s=96&d=mm&r=g","url":"https:\/\/secure.gravatar.com\/avatar\/4978c5bb7295400e15bebf9881bc4db7866592bc59ffa2f62511214a10f68804?s=96&d=mm&r=g","contentUrl":"https:\/\/secure.gravatar.com\/avatar\/4978c5bb7295400e15bebf9881bc4db7866592bc59ffa2f62511214a10f68804?s=96&d=mm&r=g","caption":"Alban Lavy"},"sameAs":["http:\/\/bale.ch\/administration\/zeitung\/albanlavy\/"],"url":"https:\/\/bale.ch\/journal\/author\/lavy\/"}]}},"_links":{"self":[{"href":"https:\/\/bale.ch\/journal\/wp-json\/wp\/v2\/posts\/1546","targetHints":{"allow":["GET"]}}],"collection":[{"href":"https:\/\/bale.ch\/journal\/wp-json\/wp\/v2\/posts"}],"about":[{"href":"https:\/\/bale.ch\/journal\/wp-json\/wp\/v2\/types\/post"}],"author":[{"embeddable":true,"href":"https:\/\/bale.ch\/journal\/wp-json\/wp\/v2\/users\/3"}],"replies":[{"embeddable":true,"href":"https:\/\/bale.ch\/journal\/wp-json\/wp\/v2\/comments?post=1546"}],"version-history":[{"count":21,"href":"https:\/\/bale.ch\/journal\/wp-json\/wp\/v2\/posts\/1546\/revisions"}],"predecessor-version":[{"id":1892,"href":"https:\/\/bale.ch\/journal\/wp-json\/wp\/v2\/posts\/1546\/revisions\/1892"}],"wp:featuredmedia":[{"embeddable":true,"href":"https:\/\/bale.ch\/journal\/wp-json\/wp\/v2\/media\/1567"}],"wp:attachment":[{"href":"https:\/\/bale.ch\/journal\/wp-json\/wp\/v2\/media?parent=1546"}],"wp:term":[{"taxonomy":"category","embeddable":true,"href":"https:\/\/bale.ch\/journal\/wp-json\/wp\/v2\/categories?post=1546"},{"taxonomy":"post_tag","embeddable":true,"href":"https:\/\/bale.ch\/journal\/wp-json\/wp\/v2\/tags?post=1546"}],"curies":[{"name":"wp","href":"https:\/\/api.w.org\/{rel}","templated":true}]}}