{"id":1614,"date":"2018-12-27T23:55:55","date_gmt":"2018-12-27T23:55:55","guid":{"rendered":"http:\/\/bale.ch\/journal\/?p=1614"},"modified":"2026-09-01T19:09:29","modified_gmt":"2026-09-01T19:09:29","slug":"accident-helicoptere-gouverneur-puebla-mexique","status":"publish","type":"post","link":"https:\/\/bale.ch\/journal\/accident-helicoptere-gouverneur-puebla-mexique\/","title":{"rendered":"Accident d&rsquo;h\u00e9licopt\u00e8re mortel pour une gouverneure controvers\u00e9e au Mexique"},"content":{"rendered":"<p><strong>Martha \u00c9rika Alonso, gouverneure de l&rsquo;Etat mexicain de Puebla, et son mari, le s\u00e9nateur Rafael Moreno Valle, sont morts ce 24 d\u00e9cembre dans un accident d&rsquo;h\u00e9licopt\u00e8re alors qu&rsquo;ils se rendaient \u00e0 un souper dans la capitale du pays.<\/strong><\/p>\n<p><!--more--><\/p>\n<p>Le pilote et le copilote de l\u2019h\u00e9licopt\u00e8re ainsi que l&rsquo;assistant du s\u00e9nateur ont \u00e9galement p\u00e9ri lorsque l\u2019appareil s\u2019est ab\u00eem\u00e9 pour des raisons encore inconnues, \u00e0 peine dix minutes apr\u00e8s le d\u00e9collage, dans une milpa de la commune de Santa Maria Coronango, pr\u00e8s de la ville de Puebla.<\/p>\n<p>Mme Alonso s&rsquo;\u00e9tait pr\u00e9sent\u00e9e aux \u00e9lections g\u00e9n\u00e9rales de juillet\u00a0 pour prendre la succession de son mari\u00a0Rafael Moreno Valle, qui fut lui-m\u00eame le tr\u00e8s controvers\u00e9 gouverneur de 2011 \u00e0 2017, r\u00e9guli\u00e8rement accus\u00e9 de corruption.<\/p><div id=\"crieu-3095052650\" class=\"crieu-content crieu-entity-placement\"><script async src=\"\/\/pagead2.googlesyndication.com\/pagead\/js\/adsbygoogle.js?client=ca-pub-5271584769416742\" crossorigin=\"anonymous\"><\/script><ins class=\"adsbygoogle\" style=\"display:block;\" data-ad-client=\"ca-pub-5271584769416742\" \ndata-ad-slot=\"9321250718\" \ndata-ad-format=\"auto\"><\/ins>\n<script> \n(adsbygoogle = window.adsbygoogle || []).push({}); \n<\/script>\n<\/div>\n<p>R\u00e9cemment, le s\u00e9rieux hebdomadaire Proceso a r\u00e9v\u00e9l\u00e9 qu&rsquo;un r\u00e9seau secret <em>\u00ab\u00a0dirig\u00e9 par un d\u00e9put\u00e9 f\u00e9d\u00e9ral\u00a0non seulement enregistrait les conversations t\u00e9l\u00e9phoniques d&rsquo;opposants citoyens ou politiques, mais en plus les localisait pour les mettre en prison ou les ex\u00e9cuter\u00a0\u00bb<\/em>.<\/p>\n<p>La journaliste et d\u00e9fenseure des Droits humains Zvezda Ninel Castillo, rappelle que des dizaines de personnes ont \u00e9t\u00e9 forc\u00e9es\u00a0<em>\u00ab\u00a0de passer plus d&rsquo;un matin de No\u00ebl derri\u00e8re les barreaux alors qu&rsquo;ils ne m\u00e9ritaient pas d&rsquo;\u00eatre des prisonniers politiques: des gens comme Delfino Flores Melga, un militant social \u00e2g\u00e9 de nonante ans, et qui a construit des quartiers populaires, est d\u00e9c\u00e9d\u00e9 pour avoir chut\u00e9 de son lit dans une prison o\u00f9 Moreno Valle l\u2019avait fait enfermer pendant plus d\u2019un an pour une affaire fabriqu\u00e9e de toutes pi\u00e8ces. Une peine de mort lente qu&rsquo;il souhaitait \u00e9galement appliquer \u00e0 Francisco Castillo Montemayor, \u00e2g\u00e9 de septante-cinq, ans pour avoir critiqu\u00e9 la destruction d&rsquo;un parc naturel, Flor del Bosque. Ou a Enedina Rosas V\u00e9lez, de soixante-neuf ans, parce qu&rsquo;il s&rsquo;\u00e9tait oppos\u00e9 \u00e0 la construction d&rsquo;un gazoduc. Citons encore Rub\u00e9n Sarabia dit Simitrio, de huitante-quatre ans, dont la fille Meztli Sarabia a \u00e9t\u00e9 assassin\u00e9e de quatre balles pour l&rsquo;exemple alors qu&rsquo;il \u00e9tait encore en prison.\u00a0\u00bb<\/em><em><br \/>\n<\/em><\/p>\n<p>Martha \u00c9rika Alonso, membre du Parti conservateur Action Nationale (PAN), apr\u00e8s une \u00e9lection entach\u00e9e par deux homicides, le vol de bulletins de vote et le bourrage et le vol d&rsquo;urnes, ainsi que par des fusillades, a \u00e9t\u00e9 d\u00e9sign\u00e9e par les juges du Tribunal \u00e9lectoral f\u00e9d\u00e9ral par 4 voix contre 3, consid\u00e9rant que les faits cit\u00e9s n&rsquo;\u00e9taient pas suffisants pour remettre en cause la bonne tenue du scrutin.<\/p>\n<p>Premi\u00e8re femme \u00e0 occuper la fonction de gouverneure dans cet Etat, Martha \u00c9rika Alonso a donc pr\u00eat\u00e9 serment le 14 d\u00e9cembre lors d&rsquo;une c\u00e9r\u00e9monie qui s&rsquo;est d\u00e9roul\u00e9e sans la pr\u00e9sence du Pr\u00e9sident de la R\u00e9publique, Andr\u00e9s Manuel L\u00f3pez Obrador, dit AMLO, \u00e9lu d&rsquo;un parti social-d\u00e9mocrate.<\/p>\n<p>Il n&rsquo;en fallait pas plus pour \u00e9veiller la suspicion d&rsquo;un certain nombre d&rsquo;\u00e9lecteurs de droite qui y voient une ex\u00e9cution orchestr\u00e9 par le chef d&rsquo;Etat. Celui-ci a assur\u00e9 : <em>\u00ab\u00a0Je m\u2019engage \u00e0 enqu\u00eater sur les causes\u00a0\u00bb<\/em> de cet accident, et <em>\u00ab\u00a0dire la v\u00e9rit\u00e9 sur ce qui s\u2019est pass\u00e9\u00a0\u00bb<\/em>. Dans le cadre de cette enqu\u00eate, le Mexique demandera l\u2019appuis des agences sp\u00e9cialis\u00e9es am\u00e9ricaines, comme le FBI ou l\u2019agence f\u00e9d\u00e9rale am\u00e9ricaine pour la s\u00e9curit\u00e9 dans les transports (NTSB), a annonc\u00e9 un procureur-adjoint du parquet g\u00e9n\u00e9ral du Mexique, Roberto Ochoa, au cours d\u2019une conf\u00e9rence de presse.<\/p>\n<p>D&rsquo;autres versions circulent comme l&rsquo;id\u00e9e que l&rsquo;accident aurait \u00e9t\u00e9 orchestr\u00e9 par le propre parti des deux \u00e9poux, le PAN. Face \u00e0 la confusion g\u00e9n\u00e9rale, des militants des droits de l&rsquo;hommes du collectifs Hermanos Serd\u00e1n ont demand\u00e9 dans un communiqu\u00e9 \u00e0 ce que non seulement toute la lumi\u00e8re soit faite dans cette affaire notamment en r\u00e9alisant des test ADN, mais \u00e9galement que le gouverneur par int\u00e9rim qui sera choisi soit totalement ind\u00e9pendant des partis politiques et avec une r\u00e9putation \u00e9thique, politique et morale indiscutable. Face au discr\u00e9dit dont font l&rsquo;objet le Tribunal et l&rsquo;Institut estatal \u00e9lectoral, le collectif propose que, dans un souci de transparence, le Tribunal f\u00e9d\u00e9ral \u00e9lectoral se charge de l&rsquo;organisation de la future \u00e9lection.<\/p>\n<p>Enfin, Hermanos Serd\u00e1n demande \u00e0 ce que <em>\u00ab\u00a0les citoyens se mobilisent pour l&rsquo;assainissement, le renouvellement et la d\u00e9mocratisation de la vie politique, sociale, \u00e9conomique et culturelle de notre \u00c9tat et de ne pas laisser son avenir entre les seules mains des partis.\u00a0\u00bb<\/em><\/p>\n<div id=\"crieu-860201468\" class=\"crieu-apres-le-contenu crieu-entity-placement\" style=\"margin-left: auto;margin-right: auto;text-align: center;\"><script async src=\"\/\/pagead2.googlesyndication.com\/pagead\/js\/adsbygoogle.js?client=ca-pub-5271584769416742\" crossorigin=\"anonymous\"><\/script><ins class=\"adsbygoogle\" style=\"display:block;\" data-ad-client=\"ca-pub-5271584769416742\" \ndata-ad-slot=\"9321250718\" \ndata-ad-format=\"auto\"><\/ins>\n<script> \n(adsbygoogle = window.adsbygoogle || []).push({}); \n<\/script>\n<\/div>","protected":false},"excerpt":{"rendered":"<p>Martha \u00c9rika Alonso, gouverneure de l&rsquo;Etat mexicain de Puebla, et son mari, le s\u00e9nateur Rafael Moreno Valle, sont morts ce 24 d\u00e9cembre dans un accident d&rsquo;h\u00e9licopt\u00e8re alors qu&rsquo;ils se rendaient <a href=\"https:\/\/bale.ch\/journal\/accident-helicoptere-gouverneur-puebla-mexique\/\" class=\"read-more button-fancy -red\"><span class=\"btn-arrow\"><\/span><span class=\"twp-read-more text\">Continuer la lecture<\/span><\/a><\/p>\n","protected":false},"author":3,"featured_media":1618,"comment_status":"closed","ping_status":"closed","sticky":false,"template":"","format":"standard","meta":{"footnotes":""},"categories":[307,103,9],"tags":[108,109],"class_list":["post-1614","post","type-post","status-publish","format-standard","has-post-thumbnail","hentry","category-abya-yala","category-actu","category-monde","tag-mexique","tag-politique"],"yoast_head":"<!-- This site is optimized with the Yoast SEO plugin v28.3 - https:\/\/yoast.com\/product\/yoast-seo-wordpress\/ -->\n<title>Accident d&#039;h\u00e9licopt\u00e8re mortel pour une gouverneure controvers\u00e9e au Mexique - Journal de B\u00e2le et Gen\u00e8ve<\/title>\n<meta name=\"robots\" content=\"index, follow, max-snippet:-1, max-image-preview:large, max-video-preview:-1\" \/>\n<link rel=\"canonical\" href=\"https:\/\/bale.ch\/journal\/accident-helicoptere-gouverneur-puebla-mexique\/\" \/>\n<meta property=\"og:locale\" content=\"fr_FR\" \/>\n<meta property=\"og:type\" content=\"article\" \/>\n<meta property=\"og:title\" content=\"Accident d&#039;h\u00e9licopt\u00e8re mortel pour une gouverneure controvers\u00e9e au Mexique - Journal de B\u00e2le et Gen\u00e8ve\" \/>\n<meta property=\"og:description\" content=\"Martha \u00c9rika Alonso, gouverneure de l&rsquo;Etat mexicain de Puebla, et son mari, le s\u00e9nateur Rafael Moreno Valle, sont morts ce 24 d\u00e9cembre dans un accident d&rsquo;h\u00e9licopt\u00e8re alors qu&rsquo;ils se rendaient Continuer la lecture\" \/>\n<meta property=\"og:url\" content=\"https:\/\/bale.ch\/journal\/accident-helicoptere-gouverneur-puebla-mexique\/\" \/>\n<meta property=\"og:site_name\" content=\"Journal de B\u00e2le et Gen\u00e8ve\" \/>\n<meta property=\"article:published_time\" content=\"2018-12-27T23:55:55+00:00\" \/>\n<meta property=\"article:modified_time\" content=\"2026-09-01T19:09:29+00:00\" \/>\n<meta property=\"og:image\" content=\"https:\/\/bale.ch\/journal\/wp-content\/uploads\/2018\/12\/martha_erika_alonso_rafael_moreno_valle_accidente_puebla.jpg\" \/>\n\t<meta property=\"og:image:width\" content=\"830\" \/>\n\t<meta property=\"og:image:height\" content=\"446\" \/>\n\t<meta property=\"og:image:type\" content=\"image\/jpeg\" \/>\n<meta name=\"author\" content=\"Alban Lavy\" \/>\n<meta name=\"twitter:card\" content=\"summary_large_image\" \/>\n<meta name=\"twitter:label1\" content=\"\u00c9crit par\" \/>\n\t<meta name=\"twitter:data1\" content=\"Alban Lavy\" \/>\n\t<meta name=\"twitter:label2\" content=\"Dur\u00e9e de lecture estim\u00e9e\" \/>\n\t<meta name=\"twitter:data2\" content=\"4 minutes\" \/>\n<script type=\"application\/ld+json\" class=\"yoast-schema-graph\">{\"@context\":\"https:\\\/\\\/schema.org\",\"@graph\":[{\"@type\":\"Article\",\"@id\":\"https:\\\/\\\/bale.ch\\\/journal\\\/accident-helicoptere-gouverneur-puebla-mexique\\\/#article\",\"isPartOf\":{\"@id\":\"https:\\\/\\\/bale.ch\\\/journal\\\/accident-helicoptere-gouverneur-puebla-mexique\\\/\"},\"author\":{\"name\":\"Alban Lavy\",\"@id\":\"https:\\\/\\\/bale.ch\\\/journal\\\/#\\\/schema\\\/person\\\/41bc7f908af0ffea5e38b8c5702e5626\"},\"headline\":\"Accident d&rsquo;h\u00e9licopt\u00e8re mortel pour une gouverneure controvers\u00e9e au Mexique\",\"datePublished\":\"2018-12-27T23:55:55+00:00\",\"dateModified\":\"2026-09-01T19:09:29+00:00\",\"mainEntityOfPage\":{\"@id\":\"https:\\\/\\\/bale.ch\\\/journal\\\/accident-helicoptere-gouverneur-puebla-mexique\\\/\"},\"wordCount\":811,\"publisher\":{\"@id\":\"https:\\\/\\\/bale.ch\\\/journal\\\/#organization\"},\"image\":{\"@id\":\"https:\\\/\\\/bale.ch\\\/journal\\\/accident-helicoptere-gouverneur-puebla-mexique\\\/#primaryimage\"},\"thumbnailUrl\":\"https:\\\/\\\/bale.ch\\\/journal\\\/wp-content\\\/uploads\\\/2018\\\/12\\\/martha_erika_alonso_rafael_moreno_valle_accidente_puebla.jpg\",\"keywords\":[\"Mexique\",\"Politique\"],\"articleSection\":[\"Abya Yala \\\/ Am\u00e9riques\",\"Actualit\u00e9s\",\"Monde\"],\"inLanguage\":\"fr-FR\"},{\"@type\":\"WebPage\",\"@id\":\"https:\\\/\\\/bale.ch\\\/journal\\\/accident-helicoptere-gouverneur-puebla-mexique\\\/\",\"url\":\"https:\\\/\\\/bale.ch\\\/journal\\\/accident-helicoptere-gouverneur-puebla-mexique\\\/\",\"name\":\"Accident d'h\u00e9licopt\u00e8re mortel pour une gouverneure controvers\u00e9e au Mexique - Journal de B\u00e2le et Gen\u00e8ve\",\"isPartOf\":{\"@id\":\"https:\\\/\\\/bale.ch\\\/journal\\\/#website\"},\"primaryImageOfPage\":{\"@id\":\"https:\\\/\\\/bale.ch\\\/journal\\\/accident-helicoptere-gouverneur-puebla-mexique\\\/#primaryimage\"},\"image\":{\"@id\":\"https:\\\/\\\/bale.ch\\\/journal\\\/accident-helicoptere-gouverneur-puebla-mexique\\\/#primaryimage\"},\"thumbnailUrl\":\"https:\\\/\\\/bale.ch\\\/journal\\\/wp-content\\\/uploads\\\/2018\\\/12\\\/martha_erika_alonso_rafael_moreno_valle_accidente_puebla.jpg\",\"datePublished\":\"2018-12-27T23:55:55+00:00\",\"dateModified\":\"2026-09-01T19:09:29+00:00\",\"breadcrumb\":{\"@id\":\"https:\\\/\\\/bale.ch\\\/journal\\\/accident-helicoptere-gouverneur-puebla-mexique\\\/#breadcrumb\"},\"inLanguage\":\"fr-FR\",\"potentialAction\":[{\"@type\":\"ReadAction\",\"target\":[\"https:\\\/\\\/bale.ch\\\/journal\\\/accident-helicoptere-gouverneur-puebla-mexique\\\/\"]}]},{\"@type\":\"ImageObject\",\"inLanguage\":\"fr-FR\",\"@id\":\"https:\\\/\\\/bale.ch\\\/journal\\\/accident-helicoptere-gouverneur-puebla-mexique\\\/#primaryimage\",\"url\":\"https:\\\/\\\/bale.ch\\\/journal\\\/wp-content\\\/uploads\\\/2018\\\/12\\\/martha_erika_alonso_rafael_moreno_valle_accidente_puebla.jpg\",\"contentUrl\":\"https:\\\/\\\/bale.ch\\\/journal\\\/wp-content\\\/uploads\\\/2018\\\/12\\\/martha_erika_alonso_rafael_moreno_valle_accidente_puebla.jpg\",\"width\":830,\"height\":446},{\"@type\":\"BreadcrumbList\",\"@id\":\"https:\\\/\\\/bale.ch\\\/journal\\\/accident-helicoptere-gouverneur-puebla-mexique\\\/#breadcrumb\",\"itemListElement\":[{\"@type\":\"ListItem\",\"position\":1,\"name\":\"Accueil\",\"item\":\"https:\\\/\\\/bale.ch\\\/journal\\\/\"},{\"@type\":\"ListItem\",\"position\":2,\"name\":\"Accident d&rsquo;h\u00e9licopt\u00e8re mortel pour une gouverneure controvers\u00e9e au Mexique\"}]},{\"@type\":\"WebSite\",\"@id\":\"https:\\\/\\\/bale.ch\\\/journal\\\/#website\",\"url\":\"https:\\\/\\\/bale.ch\\\/journal\\\/\",\"name\":\"Journal de B\u00e2le et Gen\u00e8ve\",\"description\":\"M\u00e9dia transfrontalier d&#039;actualit\u00e9s - News\",\"publisher\":{\"@id\":\"https:\\\/\\\/bale.ch\\\/journal\\\/#organization\"},\"potentialAction\":[{\"@type\":\"SearchAction\",\"target\":{\"@type\":\"EntryPoint\",\"urlTemplate\":\"https:\\\/\\\/bale.ch\\\/journal\\\/?s={search_term_string}\"},\"query-input\":{\"@type\":\"PropertyValueSpecification\",\"valueRequired\":true,\"valueName\":\"search_term_string\"}}],\"inLanguage\":\"fr-FR\"},{\"@type\":\"Organization\",\"@id\":\"https:\\\/\\\/bale.ch\\\/journal\\\/#organization\",\"name\":\"Journal de B\u00e2le et Gen\u00e8ve\",\"url\":\"https:\\\/\\\/bale.ch\\\/journal\\\/\",\"logo\":{\"@type\":\"ImageObject\",\"inLanguage\":\"fr-FR\",\"@id\":\"https:\\\/\\\/bale.ch\\\/journal\\\/#\\\/schema\\\/logo\\\/image\\\/\",\"url\":\"https:\\\/\\\/bale.ch\\\/journal\\\/wp-content\\\/uploads\\\/2023\\\/07\\\/journaldebale_logo_2023_nb.png\",\"contentUrl\":\"https:\\\/\\\/bale.ch\\\/journal\\\/wp-content\\\/uploads\\\/2023\\\/07\\\/journaldebale_logo_2023_nb.png\",\"width\":371,\"height\":127,\"caption\":\"Journal de B\u00e2le et Gen\u00e8ve\"},\"image\":{\"@id\":\"https:\\\/\\\/bale.ch\\\/journal\\\/#\\\/schema\\\/logo\\\/image\\\/\"}},{\"@type\":\"Person\",\"@id\":\"https:\\\/\\\/bale.ch\\\/journal\\\/#\\\/schema\\\/person\\\/41bc7f908af0ffea5e38b8c5702e5626\",\"name\":\"Alban Lavy\",\"image\":{\"@type\":\"ImageObject\",\"inLanguage\":\"fr-FR\",\"@id\":\"https:\\\/\\\/secure.gravatar.com\\\/avatar\\\/4978c5bb7295400e15bebf9881bc4db7866592bc59ffa2f62511214a10f68804?s=96&d=mm&r=g\",\"url\":\"https:\\\/\\\/secure.gravatar.com\\\/avatar\\\/4978c5bb7295400e15bebf9881bc4db7866592bc59ffa2f62511214a10f68804?s=96&d=mm&r=g\",\"contentUrl\":\"https:\\\/\\\/secure.gravatar.com\\\/avatar\\\/4978c5bb7295400e15bebf9881bc4db7866592bc59ffa2f62511214a10f68804?s=96&d=mm&r=g\",\"caption\":\"Alban Lavy\"},\"sameAs\":[\"http:\\\/\\\/bale.ch\\\/administration\\\/zeitung\\\/albanlavy\\\/\"],\"url\":\"https:\\\/\\\/bale.ch\\\/journal\\\/author\\\/lavy\\\/\"}]}<\/script>\n<!-- \/ Yoast SEO plugin. -->","yoast_head_json":{"title":"Accident d'h\u00e9licopt\u00e8re mortel pour une gouverneure controvers\u00e9e au Mexique - Journal de B\u00e2le et Gen\u00e8ve","robots":{"index":"index","follow":"follow","max-snippet":"max-snippet:-1","max-image-preview":"max-image-preview:large","max-video-preview":"max-video-preview:-1"},"canonical":"https:\/\/bale.ch\/journal\/accident-helicoptere-gouverneur-puebla-mexique\/","og_locale":"fr_FR","og_type":"article","og_title":"Accident d'h\u00e9licopt\u00e8re mortel pour une gouverneure controvers\u00e9e au Mexique - Journal de B\u00e2le et Gen\u00e8ve","og_description":"Martha \u00c9rika Alonso, gouverneure de l&rsquo;Etat mexicain de Puebla, et son mari, le s\u00e9nateur Rafael Moreno Valle, sont morts ce 24 d\u00e9cembre dans un accident d&rsquo;h\u00e9licopt\u00e8re alors qu&rsquo;ils se rendaient Continuer la lecture","og_url":"https:\/\/bale.ch\/journal\/accident-helicoptere-gouverneur-puebla-mexique\/","og_site_name":"Journal de B\u00e2le et Gen\u00e8ve","article_published_time":"2018-12-27T23:55:55+00:00","article_modified_time":"2026-09-01T19:09:29+00:00","og_image":[{"width":830,"height":446,"url":"https:\/\/bale.ch\/journal\/wp-content\/uploads\/2018\/12\/martha_erika_alonso_rafael_moreno_valle_accidente_puebla.jpg","type":"image\/jpeg"}],"author":"Alban Lavy","twitter_card":"summary_large_image","twitter_misc":{"\u00c9crit par":"Alban Lavy","Dur\u00e9e de lecture estim\u00e9e":"4 minutes"},"schema":{"@context":"https:\/\/schema.org","@graph":[{"@type":"Article","@id":"https:\/\/bale.ch\/journal\/accident-helicoptere-gouverneur-puebla-mexique\/#article","isPartOf":{"@id":"https:\/\/bale.ch\/journal\/accident-helicoptere-gouverneur-puebla-mexique\/"},"author":{"name":"Alban Lavy","@id":"https:\/\/bale.ch\/journal\/#\/schema\/person\/41bc7f908af0ffea5e38b8c5702e5626"},"headline":"Accident d&rsquo;h\u00e9licopt\u00e8re mortel pour une gouverneure controvers\u00e9e au Mexique","datePublished":"2018-12-27T23:55:55+00:00","dateModified":"2026-09-01T19:09:29+00:00","mainEntityOfPage":{"@id":"https:\/\/bale.ch\/journal\/accident-helicoptere-gouverneur-puebla-mexique\/"},"wordCount":811,"publisher":{"@id":"https:\/\/bale.ch\/journal\/#organization"},"image":{"@id":"https:\/\/bale.ch\/journal\/accident-helicoptere-gouverneur-puebla-mexique\/#primaryimage"},"thumbnailUrl":"https:\/\/bale.ch\/journal\/wp-content\/uploads\/2018\/12\/martha_erika_alonso_rafael_moreno_valle_accidente_puebla.jpg","keywords":["Mexique","Politique"],"articleSection":["Abya Yala \/ Am\u00e9riques","Actualit\u00e9s","Monde"],"inLanguage":"fr-FR"},{"@type":"WebPage","@id":"https:\/\/bale.ch\/journal\/accident-helicoptere-gouverneur-puebla-mexique\/","url":"https:\/\/bale.ch\/journal\/accident-helicoptere-gouverneur-puebla-mexique\/","name":"Accident d'h\u00e9licopt\u00e8re mortel pour une gouverneure controvers\u00e9e au Mexique - Journal de B\u00e2le et Gen\u00e8ve","isPartOf":{"@id":"https:\/\/bale.ch\/journal\/#website"},"primaryImageOfPage":{"@id":"https:\/\/bale.ch\/journal\/accident-helicoptere-gouverneur-puebla-mexique\/#primaryimage"},"image":{"@id":"https:\/\/bale.ch\/journal\/accident-helicoptere-gouverneur-puebla-mexique\/#primaryimage"},"thumbnailUrl":"https:\/\/bale.ch\/journal\/wp-content\/uploads\/2018\/12\/martha_erika_alonso_rafael_moreno_valle_accidente_puebla.jpg","datePublished":"2018-12-27T23:55:55+00:00","dateModified":"2026-09-01T19:09:29+00:00","breadcrumb":{"@id":"https:\/\/bale.ch\/journal\/accident-helicoptere-gouverneur-puebla-mexique\/#breadcrumb"},"inLanguage":"fr-FR","potentialAction":[{"@type":"ReadAction","target":["https:\/\/bale.ch\/journal\/accident-helicoptere-gouverneur-puebla-mexique\/"]}]},{"@type":"ImageObject","inLanguage":"fr-FR","@id":"https:\/\/bale.ch\/journal\/accident-helicoptere-gouverneur-puebla-mexique\/#primaryimage","url":"https:\/\/bale.ch\/journal\/wp-content\/uploads\/2018\/12\/martha_erika_alonso_rafael_moreno_valle_accidente_puebla.jpg","contentUrl":"https:\/\/bale.ch\/journal\/wp-content\/uploads\/2018\/12\/martha_erika_alonso_rafael_moreno_valle_accidente_puebla.jpg","width":830,"height":446},{"@type":"BreadcrumbList","@id":"https:\/\/bale.ch\/journal\/accident-helicoptere-gouverneur-puebla-mexique\/#breadcrumb","itemListElement":[{"@type":"ListItem","position":1,"name":"Accueil","item":"https:\/\/bale.ch\/journal\/"},{"@type":"ListItem","position":2,"name":"Accident d&rsquo;h\u00e9licopt\u00e8re mortel pour une gouverneure controvers\u00e9e au Mexique"}]},{"@type":"WebSite","@id":"https:\/\/bale.ch\/journal\/#website","url":"https:\/\/bale.ch\/journal\/","name":"Journal de B\u00e2le et Gen\u00e8ve","description":"M\u00e9dia transfrontalier d&#039;actualit\u00e9s - News","publisher":{"@id":"https:\/\/bale.ch\/journal\/#organization"},"potentialAction":[{"@type":"SearchAction","target":{"@type":"EntryPoint","urlTemplate":"https:\/\/bale.ch\/journal\/?s={search_term_string}"},"query-input":{"@type":"PropertyValueSpecification","valueRequired":true,"valueName":"search_term_string"}}],"inLanguage":"fr-FR"},{"@type":"Organization","@id":"https:\/\/bale.ch\/journal\/#organization","name":"Journal de B\u00e2le et Gen\u00e8ve","url":"https:\/\/bale.ch\/journal\/","logo":{"@type":"ImageObject","inLanguage":"fr-FR","@id":"https:\/\/bale.ch\/journal\/#\/schema\/logo\/image\/","url":"https:\/\/bale.ch\/journal\/wp-content\/uploads\/2023\/07\/journaldebale_logo_2023_nb.png","contentUrl":"https:\/\/bale.ch\/journal\/wp-content\/uploads\/2023\/07\/journaldebale_logo_2023_nb.png","width":371,"height":127,"caption":"Journal de B\u00e2le et Gen\u00e8ve"},"image":{"@id":"https:\/\/bale.ch\/journal\/#\/schema\/logo\/image\/"}},{"@type":"Person","@id":"https:\/\/bale.ch\/journal\/#\/schema\/person\/41bc7f908af0ffea5e38b8c5702e5626","name":"Alban Lavy","image":{"@type":"ImageObject","inLanguage":"fr-FR","@id":"https:\/\/secure.gravatar.com\/avatar\/4978c5bb7295400e15bebf9881bc4db7866592bc59ffa2f62511214a10f68804?s=96&d=mm&r=g","url":"https:\/\/secure.gravatar.com\/avatar\/4978c5bb7295400e15bebf9881bc4db7866592bc59ffa2f62511214a10f68804?s=96&d=mm&r=g","contentUrl":"https:\/\/secure.gravatar.com\/avatar\/4978c5bb7295400e15bebf9881bc4db7866592bc59ffa2f62511214a10f68804?s=96&d=mm&r=g","caption":"Alban Lavy"},"sameAs":["http:\/\/bale.ch\/administration\/zeitung\/albanlavy\/"],"url":"https:\/\/bale.ch\/journal\/author\/lavy\/"}]}},"_links":{"self":[{"href":"https:\/\/bale.ch\/journal\/wp-json\/wp\/v2\/posts\/1614","targetHints":{"allow":["GET"]}}],"collection":[{"href":"https:\/\/bale.ch\/journal\/wp-json\/wp\/v2\/posts"}],"about":[{"href":"https:\/\/bale.ch\/journal\/wp-json\/wp\/v2\/types\/post"}],"author":[{"embeddable":true,"href":"https:\/\/bale.ch\/journal\/wp-json\/wp\/v2\/users\/3"}],"replies":[{"embeddable":true,"href":"https:\/\/bale.ch\/journal\/wp-json\/wp\/v2\/comments?post=1614"}],"version-history":[{"count":14,"href":"https:\/\/bale.ch\/journal\/wp-json\/wp\/v2\/posts\/1614\/revisions"}],"predecessor-version":[{"id":1630,"href":"https:\/\/bale.ch\/journal\/wp-json\/wp\/v2\/posts\/1614\/revisions\/1630"}],"wp:featuredmedia":[{"embeddable":true,"href":"https:\/\/bale.ch\/journal\/wp-json\/wp\/v2\/media\/1618"}],"wp:attachment":[{"href":"https:\/\/bale.ch\/journal\/wp-json\/wp\/v2\/media?parent=1614"}],"wp:term":[{"taxonomy":"category","embeddable":true,"href":"https:\/\/bale.ch\/journal\/wp-json\/wp\/v2\/categories?post=1614"},{"taxonomy":"post_tag","embeddable":true,"href":"https:\/\/bale.ch\/journal\/wp-json\/wp\/v2\/tags?post=1614"}],"curies":[{"name":"wp","href":"https:\/\/api.w.org\/{rel}","templated":true}]}}