{"id":1679,"date":"2019-01-07T03:43:19","date_gmt":"2019-01-07T03:43:19","guid":{"rendered":"http:\/\/bale.ch\/journal\/?p=1679"},"modified":"2019-01-07T20:55:18","modified_gmt":"2019-01-07T20:55:18","slug":"le-monde-de-tardi-au-cartoon-museum-de-bale","status":"publish","type":"post","link":"https:\/\/bale.ch\/journal\/le-monde-de-tardi-au-cartoon-museum-de-bale\/","title":{"rendered":"Exposition \u00ab\u00a0Le monde de Tardi\u00a0\u00bb au Cartoon Museum de B\u00e2le"},"content":{"rendered":"<p><strong>Le Cartoonmuseum de B\u00e2le consacre une r\u00e9trospective \u00e0 Jacques Tardi, l\u2019un des dessinateurs de BD actuels les plus influents, cr\u00e9ateur de\u00a0l\u2019aventuri\u00e8re intr\u00e9pide Ad\u00e8le Blanc-Sec et qui a traduit en BD les polars de L\u00e9o Malet autour du d\u00e9tective priv\u00e9 Nestor Burma et \u00e9voqu\u00e9 les ravages des deux guerres mondiales dans plusieurs remarquables albums.<\/strong><br \/>\n<!--more--><\/p>\n<p><img loading=\"lazy\" decoding=\"async\" class=\"alignleft size-medium wp-image-1681\" src=\"https:\/\/bale.ch\/journal\/wp-content\/uploads\/2019\/01\/Tardi_cartoonmuseum_bale_basel_1-260x300.jpg\" alt=\"\" width=\"260\" height=\"300\" srcset=\"https:\/\/bale.ch\/journal\/wp-content\/uploads\/2019\/01\/Tardi_cartoonmuseum_bale_basel_1-260x300.jpg 260w, https:\/\/bale.ch\/journal\/wp-content\/uploads\/2019\/01\/Tardi_cartoonmuseum_bale_basel_1.jpg 600w\" sizes=\"auto, (max-width: 260px) 100vw, 260px\" \/>L\u2019exposition pr\u00e9sente un large \u00e9ventail de plus de 200 dessins originaux et montrera \u00e9galement des \u0153uvres moins connues comme les dessins politiques et les affiches de Tardi. Un temps fort de l\u2019exposition sera la pr\u00e9sentation de plusieurs pages originales r\u00e9cemment \u00e9dites du troisi\u00e8me tome de la s\u00e9rie actuelle sur le p\u00e8re de Tardi durant la Seconde Guerre mondiale.<\/p>\n<p>Le dessinateur de BD fran\u00e7ais Tardi est un <strong>classique de la bande dessin\u00e9e contemporaine<\/strong>. Son style a influenc\u00e9 toute une g\u00e9n\u00e9ration de dessinateurs et de lecteurs. Il forge sa r\u00e9putation artistique gr\u00e2ce aux \u00abAventures extraordinaires d\u2019Ad\u00e8le Blanc-Sec\u00bb, s\u00e9rie BD en dix tomes parue dans les ann\u00e9es 1970 qui joue dans une Belle \u00c9poque charg\u00e9e d\u2019\u00e9l\u00e9ments surr\u00e9els. Un grand succ\u00e8s aussi <strong>ses adaptations g\u00e9niales des polars de L\u00e9o Malet mettant en sc\u00e8ne Nestor Burma<\/strong>, le d\u00e9tective \u00e0 la pipe, qui se d\u00e9roulent chaque fois dans un autre quartier de Paris des ann\u00e9es 1950 d\u00e9crit avec charme et force d\u00e9tails.<\/p><div id=\"crieu-2296283755\" class=\"crieu-content crieu-entity-placement\"><script async src=\"\/\/pagead2.googlesyndication.com\/pagead\/js\/adsbygoogle.js?client=ca-pub-5271584769416742\" crossorigin=\"anonymous\"><\/script><ins class=\"adsbygoogle\" style=\"display:block;\" data-ad-client=\"ca-pub-5271584769416742\" \ndata-ad-slot=\"9321250718\" \ndata-ad-format=\"auto\"><\/ins>\n<script> \n(adsbygoogle = window.adsbygoogle || []).push({}); \n<\/script>\n<\/div>\n<h3>Putain de guerre<\/h3>\n<p>Les \u0153uvres cl\u00e9 de Tardi suivent une orientation semi-documentaire et d\u00e9crivent <strong>les souffrances des simples soldats des deux guerres mondiales<\/strong>, chair \u00e0 canon, sacrifi\u00e9s absurdement et sans scrupule. Les albums \u00abC&rsquo;\u00e9tait la guerre des tranch\u00e9es\u00bb, \u00abVarlot soldat\u00bb, \u00abPutain de guerre\u00bb et \u00abLe dernier assaut\u00bb comptent parmi les bandes dessin\u00e9es les plus hallucinantes et troublantes jamais dessin\u00e9es sur la guerre. Ils ont suscit\u00e9 un \u00e9norme \u00e9cho international, <strong>rencontrant un public de plusieurs millions de lecteurs<\/strong>.<\/p>\n<p>Dans \u00abC&rsquo;\u00e9tait la guerre des tranch\u00e9es\u00bb et \u00abPutain de guerre\u00bb, Tardi cr\u00e9e, \u00e0 partir des exp\u00e9riences de guerre r\u00e9ellement v\u00e9cues par son grand-p\u00e8re traumatis\u00e9 et de nombreux autres r\u00e9cits, un collage historique des atrocit\u00e9s de la Premi\u00e8re Guerre mondiale. En 2012, il lance sa s\u00e9rie actuelle d\u2019albums au sujet de la Deuxi\u00e8me Guerre mondiale avec \u00abMoi, Ren\u00e9 Tardi, prisonnier au Stalag II B\u00bb. Cette s\u00e9rie <strong>se consacre aux exp\u00e9riences de son p\u00e8re v\u00e9cues en captivit\u00e9 durant la guerre dans l\u2019actuelle Pologne<\/strong>. Tardi, qui entreprend des recherches consid\u00e9rables pour conf\u00e9rer un maximum d\u2019authenticit\u00e9 \u00e0 ses ouvrages, a visit\u00e9 pour ce livre tous les lieux d\u00e9crits par son p\u00e8re dans son journal.<\/p>\n<p><img loading=\"lazy\" decoding=\"async\" class=\"size-medium wp-image-1682 alignleft\" src=\"https:\/\/bale.ch\/journal\/wp-content\/uploads\/2019\/01\/Tardi_cartoonmuseum_basel_portrait-200x300.jpg\" alt=\"\" width=\"200\" height=\"300\" srcset=\"https:\/\/bale.ch\/journal\/wp-content\/uploads\/2019\/01\/Tardi_cartoonmuseum_basel_portrait-200x300.jpg 200w, https:\/\/bale.ch\/journal\/wp-content\/uploads\/2019\/01\/Tardi_cartoonmuseum_basel_portrait.jpg 378w\" sizes=\"auto, (max-width: 200px) 100vw, 200px\" \/><\/p>\n<p>L\u2019artiste se consacre \u00e9galement avec beaucoup de minutie et un grand amour du d\u00e9tail \u00e0 d\u2019autres sujets historiques comme l\u2019\u00e9chec de <strong>la Commune de Paris en 1871<\/strong>, \u00e9v\u00e9nement auquel il rend hommage dans son adaptation en quatre tomes du roman \u00abLe Cri du peuple\u00bb de Jean Vautrin.<\/p>\n<p>La continuelle r\u00e9flexion de Tardi sur l&rsquo;actualit\u00e9 politique et sociale et sa position de pacifiste et de militant de gauche, se manifestent dans ses <strong>illustrations politiques, ses caricatures et ses strips corrosifs<\/strong> qu\u2019il publie dans diff\u00e9rents journaux satiriques et magazines.<\/p>\n<h3>Ma\u00eetre du contour<\/h3>\n<p>Jacques Tardi a cr\u00e9\u00e9 un vocabulaire tr\u00e8s personnel qui en fait un dessinateur unique en son genre. Il est un ma\u00eetre du dessin contrast\u00e9 en noir et blanc aux ombres dures, souvent sans nuances de gris.<strong> Son trait puissant, assur\u00e9 et clair stylise surtout les individus, mais reste extr\u00eamement r\u00e9aliste<\/strong>, en particulier dans les arri\u00e8re-plans. Il na\u00eet toujours du geste et a une rondeur rel\u00e2ch\u00e9e et d\u00e9sinvolte qui est devenue sa marque de fabrique. Il travaille inlassablement depuis 50 ans, et son \u0153uvre a depuis d\u00e9pass\u00e9 les 50 livres.<\/p>\n<p>Reconnu sur le plan international, l\u2019artiste, auteur et dessinateur a obtenu en 1985 le Grand Prix de la ville d\u2019Angoul\u00eame pour son \u0153uvre. En 2016, il a \u00e9t\u00e9 honor\u00e9 par le prix Eisner Hall of Fame (Eisner Award). Il a remport\u00e9 toutes les distinctions possibles dans le domaine de la BD, <strong>refusant cependant \u00abavec la plus grande fermet\u00e9\u00bb la L\u00e9gion d\u2019honneur<\/strong>.<\/p>\n<p>L\u2019exposition au Cartoonmuseum de B\u00e2le pr\u00e9sentera plusieurs temps forts, dont des affiches grand format originales, des pages in\u00e9dites originales du troisi\u00e8me tome de la s\u00e9rie \u00abStalag II B\u00bb publi\u00e9e \u00e0 l\u2019automne 2018, ainsi qu\u2019une production musicale et graphique de chansons des soldats de la Premi\u00e8re Guerre mondiale.<\/p>\n<p>&nbsp;<\/p>\n<p><iframe loading=\"lazy\" src=\"https:\/\/www.youtube.com\/embed\/z5HDs7MHZas\" width=\"560\" height=\"315\" frameborder=\"0\" allowfullscreen=\"allowfullscreen\"><\/iframe><\/p>\n<p>Jusqu&rsquo;au 24 mars 2019.<\/p>\n<p>Cartoonmuseum<br \/>\nSt. Alban\u2013Vorstadt 28<br \/>\nCH-4052 Basel<br \/>\nPlus d&rsquo;infos: <strong><a href=\"https:\/\/cartoonmuseum.ch\/\" target=\"_blank\" rel=\"noopener\">cartoonmuseum.ch<\/a><\/strong><\/p>\n<div id=\"crieu-2519774570\" class=\"crieu-apres-le-contenu crieu-entity-placement\" style=\"margin-left: auto;margin-right: auto;text-align: center;\"><script async src=\"\/\/pagead2.googlesyndication.com\/pagead\/js\/adsbygoogle.js?client=ca-pub-5271584769416742\" crossorigin=\"anonymous\"><\/script><ins class=\"adsbygoogle\" style=\"display:block;\" data-ad-client=\"ca-pub-5271584769416742\" \ndata-ad-slot=\"9321250718\" \ndata-ad-format=\"auto\"><\/ins>\n<script> \n(adsbygoogle = window.adsbygoogle || []).push({}); \n<\/script>\n<\/div>","protected":false},"excerpt":{"rendered":"<p>Le Cartoonmuseum de B\u00e2le consacre une r\u00e9trospective \u00e0 Jacques Tardi, l\u2019un des dessinateurs de BD actuels les plus influents, cr\u00e9ateur de\u00a0l\u2019aventuri\u00e8re intr\u00e9pide Ad\u00e8le Blanc-Sec et qui a traduit en BD <a href=\"https:\/\/bale.ch\/journal\/le-monde-de-tardi-au-cartoon-museum-de-bale\/\" class=\"read-more button-fancy -red\"><span class=\"btn-arrow\"><\/span><span class=\"twp-read-more text\">Continuer la lecture<\/span><\/a><\/p>\n","protected":false},"author":2,"featured_media":1680,"comment_status":"closed","ping_status":"closed","sticky":false,"template":"","format":"standard","meta":{"footnotes":""},"categories":[103,7,10],"tags":[60,20,36],"class_list":["post-1679","post","type-post","status-publish","format-standard","has-post-thumbnail","hentry","category-actu","category-bale","category-culture","tag-bale","tag-bande-dessinee","tag-musee"],"yoast_head":"<!-- This site is optimized with the Yoast SEO plugin v28.3 - https:\/\/yoast.com\/product\/yoast-seo-wordpress\/ -->\n<title>Exposition &quot;Le monde de Tardi&quot; au Cartoon Museum de B\u00e2le - Journal de B\u00e2le et Gen\u00e8ve<\/title>\n<meta name=\"robots\" content=\"index, follow, max-snippet:-1, max-image-preview:large, max-video-preview:-1\" \/>\n<link rel=\"canonical\" href=\"https:\/\/bale.ch\/journal\/le-monde-de-tardi-au-cartoon-museum-de-bale\/\" \/>\n<meta property=\"og:locale\" content=\"fr_FR\" \/>\n<meta property=\"og:type\" content=\"article\" \/>\n<meta property=\"og:title\" content=\"Exposition &quot;Le monde de Tardi&quot; au Cartoon Museum de B\u00e2le - Journal de B\u00e2le et Gen\u00e8ve\" \/>\n<meta property=\"og:description\" content=\"Le Cartoonmuseum de B\u00e2le consacre une r\u00e9trospective \u00e0 Jacques Tardi, l\u2019un des dessinateurs de BD actuels les plus influents, cr\u00e9ateur de\u00a0l\u2019aventuri\u00e8re intr\u00e9pide Ad\u00e8le Blanc-Sec et qui a traduit en BD Continuer la lecture\" \/>\n<meta property=\"og:url\" content=\"https:\/\/bale.ch\/journal\/le-monde-de-tardi-au-cartoon-museum-de-bale\/\" \/>\n<meta property=\"og:site_name\" content=\"Journal de B\u00e2le et Gen\u00e8ve\" \/>\n<meta property=\"article:published_time\" content=\"2019-01-07T03:43:19+00:00\" \/>\n<meta property=\"article:modified_time\" content=\"2019-01-07T20:55:18+00:00\" \/>\n<meta property=\"og:image\" content=\"https:\/\/bale.ch\/journal\/wp-content\/uploads\/2019\/01\/jacques_tardi_cartoonmuseum_basel.jpg\" \/>\n\t<meta property=\"og:image:width\" content=\"830\" \/>\n\t<meta property=\"og:image:height\" content=\"446\" \/>\n\t<meta property=\"og:image:type\" content=\"image\/jpeg\" \/>\n<meta name=\"author\" content=\"La R\u00e9daction\" \/>\n<meta name=\"twitter:card\" content=\"summary_large_image\" \/>\n<meta name=\"twitter:label1\" content=\"\u00c9crit par\" \/>\n\t<meta name=\"twitter:data1\" content=\"La R\u00e9daction\" \/>\n\t<meta name=\"twitter:label2\" content=\"Dur\u00e9e de lecture estim\u00e9e\" \/>\n\t<meta name=\"twitter:data2\" content=\"4 minutes\" \/>\n<script type=\"application\/ld+json\" class=\"yoast-schema-graph\">{\"@context\":\"https:\\\/\\\/schema.org\",\"@graph\":[{\"@type\":\"Article\",\"@id\":\"https:\\\/\\\/bale.ch\\\/journal\\\/le-monde-de-tardi-au-cartoon-museum-de-bale\\\/#article\",\"isPartOf\":{\"@id\":\"https:\\\/\\\/bale.ch\\\/journal\\\/le-monde-de-tardi-au-cartoon-museum-de-bale\\\/\"},\"author\":{\"name\":\"La R\u00e9daction\",\"@id\":\"https:\\\/\\\/bale.ch\\\/journal\\\/#\\\/schema\\\/person\\\/03ced978db3b7a5274c5cef003f352f5\"},\"headline\":\"Exposition \u00ab\u00a0Le monde de Tardi\u00a0\u00bb au Cartoon Museum de B\u00e2le\",\"datePublished\":\"2019-01-07T03:43:19+00:00\",\"dateModified\":\"2019-01-07T20:55:18+00:00\",\"mainEntityOfPage\":{\"@id\":\"https:\\\/\\\/bale.ch\\\/journal\\\/le-monde-de-tardi-au-cartoon-museum-de-bale\\\/\"},\"wordCount\":798,\"publisher\":{\"@id\":\"https:\\\/\\\/bale.ch\\\/journal\\\/#organization\"},\"image\":{\"@id\":\"https:\\\/\\\/bale.ch\\\/journal\\\/le-monde-de-tardi-au-cartoon-museum-de-bale\\\/#primaryimage\"},\"thumbnailUrl\":\"https:\\\/\\\/bale.ch\\\/journal\\\/wp-content\\\/uploads\\\/2019\\\/01\\\/jacques_tardi_cartoonmuseum_basel.jpg\",\"keywords\":[\"B\u00e2le\",\"bande dessin\u00e9e\",\"Mus\u00e9e\"],\"articleSection\":[\"Actualit\u00e9s\",\"B\u00e2le Trinationale\",\"Culture\"],\"inLanguage\":\"fr-FR\"},{\"@type\":\"WebPage\",\"@id\":\"https:\\\/\\\/bale.ch\\\/journal\\\/le-monde-de-tardi-au-cartoon-museum-de-bale\\\/\",\"url\":\"https:\\\/\\\/bale.ch\\\/journal\\\/le-monde-de-tardi-au-cartoon-museum-de-bale\\\/\",\"name\":\"Exposition \\\"Le monde de Tardi\\\" au Cartoon Museum de B\u00e2le - Journal de B\u00e2le et Gen\u00e8ve\",\"isPartOf\":{\"@id\":\"https:\\\/\\\/bale.ch\\\/journal\\\/#website\"},\"primaryImageOfPage\":{\"@id\":\"https:\\\/\\\/bale.ch\\\/journal\\\/le-monde-de-tardi-au-cartoon-museum-de-bale\\\/#primaryimage\"},\"image\":{\"@id\":\"https:\\\/\\\/bale.ch\\\/journal\\\/le-monde-de-tardi-au-cartoon-museum-de-bale\\\/#primaryimage\"},\"thumbnailUrl\":\"https:\\\/\\\/bale.ch\\\/journal\\\/wp-content\\\/uploads\\\/2019\\\/01\\\/jacques_tardi_cartoonmuseum_basel.jpg\",\"datePublished\":\"2019-01-07T03:43:19+00:00\",\"dateModified\":\"2019-01-07T20:55:18+00:00\",\"breadcrumb\":{\"@id\":\"https:\\\/\\\/bale.ch\\\/journal\\\/le-monde-de-tardi-au-cartoon-museum-de-bale\\\/#breadcrumb\"},\"inLanguage\":\"fr-FR\",\"potentialAction\":[{\"@type\":\"ReadAction\",\"target\":[\"https:\\\/\\\/bale.ch\\\/journal\\\/le-monde-de-tardi-au-cartoon-museum-de-bale\\\/\"]}]},{\"@type\":\"ImageObject\",\"inLanguage\":\"fr-FR\",\"@id\":\"https:\\\/\\\/bale.ch\\\/journal\\\/le-monde-de-tardi-au-cartoon-museum-de-bale\\\/#primaryimage\",\"url\":\"https:\\\/\\\/bale.ch\\\/journal\\\/wp-content\\\/uploads\\\/2019\\\/01\\\/jacques_tardi_cartoonmuseum_basel.jpg\",\"contentUrl\":\"https:\\\/\\\/bale.ch\\\/journal\\\/wp-content\\\/uploads\\\/2019\\\/01\\\/jacques_tardi_cartoonmuseum_basel.jpg\",\"width\":830,\"height\":446},{\"@type\":\"BreadcrumbList\",\"@id\":\"https:\\\/\\\/bale.ch\\\/journal\\\/le-monde-de-tardi-au-cartoon-museum-de-bale\\\/#breadcrumb\",\"itemListElement\":[{\"@type\":\"ListItem\",\"position\":1,\"name\":\"Accueil\",\"item\":\"https:\\\/\\\/bale.ch\\\/journal\\\/\"},{\"@type\":\"ListItem\",\"position\":2,\"name\":\"Exposition \u00ab\u00a0Le monde de Tardi\u00a0\u00bb au Cartoon Museum de B\u00e2le\"}]},{\"@type\":\"WebSite\",\"@id\":\"https:\\\/\\\/bale.ch\\\/journal\\\/#website\",\"url\":\"https:\\\/\\\/bale.ch\\\/journal\\\/\",\"name\":\"Journal de B\u00e2le et Gen\u00e8ve\",\"description\":\"M\u00e9dia transfrontalier d&#039;actualit\u00e9s - News\",\"publisher\":{\"@id\":\"https:\\\/\\\/bale.ch\\\/journal\\\/#organization\"},\"potentialAction\":[{\"@type\":\"SearchAction\",\"target\":{\"@type\":\"EntryPoint\",\"urlTemplate\":\"https:\\\/\\\/bale.ch\\\/journal\\\/?s={search_term_string}\"},\"query-input\":{\"@type\":\"PropertyValueSpecification\",\"valueRequired\":true,\"valueName\":\"search_term_string\"}}],\"inLanguage\":\"fr-FR\"},{\"@type\":\"Organization\",\"@id\":\"https:\\\/\\\/bale.ch\\\/journal\\\/#organization\",\"name\":\"Journal de B\u00e2le et Gen\u00e8ve\",\"url\":\"https:\\\/\\\/bale.ch\\\/journal\\\/\",\"logo\":{\"@type\":\"ImageObject\",\"inLanguage\":\"fr-FR\",\"@id\":\"https:\\\/\\\/bale.ch\\\/journal\\\/#\\\/schema\\\/logo\\\/image\\\/\",\"url\":\"https:\\\/\\\/bale.ch\\\/journal\\\/wp-content\\\/uploads\\\/2023\\\/07\\\/journaldebale_logo_2023_nb.png\",\"contentUrl\":\"https:\\\/\\\/bale.ch\\\/journal\\\/wp-content\\\/uploads\\\/2023\\\/07\\\/journaldebale_logo_2023_nb.png\",\"width\":371,\"height\":127,\"caption\":\"Journal de B\u00e2le et Gen\u00e8ve\"},\"image\":{\"@id\":\"https:\\\/\\\/bale.ch\\\/journal\\\/#\\\/schema\\\/logo\\\/image\\\/\"}},{\"@type\":\"Person\",\"@id\":\"https:\\\/\\\/bale.ch\\\/journal\\\/#\\\/schema\\\/person\\\/03ced978db3b7a5274c5cef003f352f5\",\"name\":\"La R\u00e9daction\",\"image\":{\"@type\":\"ImageObject\",\"inLanguage\":\"fr-FR\",\"@id\":\"https:\\\/\\\/secure.gravatar.com\\\/avatar\\\/d1327e2ce8d2b860112f968a3f34686c9bdda7a463a1502cdd1070ac9d88cf1e?s=96&d=mm&r=g\",\"url\":\"https:\\\/\\\/secure.gravatar.com\\\/avatar\\\/d1327e2ce8d2b860112f968a3f34686c9bdda7a463a1502cdd1070ac9d88cf1e?s=96&d=mm&r=g\",\"contentUrl\":\"https:\\\/\\\/secure.gravatar.com\\\/avatar\\\/d1327e2ce8d2b860112f968a3f34686c9bdda7a463a1502cdd1070ac9d88cf1e?s=96&d=mm&r=g\",\"caption\":\"La R\u00e9daction\"},\"url\":\"https:\\\/\\\/bale.ch\\\/journal\\\/author\\\/laredaction\\\/\"}]}<\/script>\n<!-- \/ Yoast SEO plugin. -->","yoast_head_json":{"title":"Exposition \"Le monde de Tardi\" au Cartoon Museum de B\u00e2le - Journal de B\u00e2le et Gen\u00e8ve","robots":{"index":"index","follow":"follow","max-snippet":"max-snippet:-1","max-image-preview":"max-image-preview:large","max-video-preview":"max-video-preview:-1"},"canonical":"https:\/\/bale.ch\/journal\/le-monde-de-tardi-au-cartoon-museum-de-bale\/","og_locale":"fr_FR","og_type":"article","og_title":"Exposition \"Le monde de Tardi\" au Cartoon Museum de B\u00e2le - Journal de B\u00e2le et Gen\u00e8ve","og_description":"Le Cartoonmuseum de B\u00e2le consacre une r\u00e9trospective \u00e0 Jacques Tardi, l\u2019un des dessinateurs de BD actuels les plus influents, cr\u00e9ateur de\u00a0l\u2019aventuri\u00e8re intr\u00e9pide Ad\u00e8le Blanc-Sec et qui a traduit en BD Continuer la lecture","og_url":"https:\/\/bale.ch\/journal\/le-monde-de-tardi-au-cartoon-museum-de-bale\/","og_site_name":"Journal de B\u00e2le et Gen\u00e8ve","article_published_time":"2019-01-07T03:43:19+00:00","article_modified_time":"2019-01-07T20:55:18+00:00","og_image":[{"width":830,"height":446,"url":"https:\/\/bale.ch\/journal\/wp-content\/uploads\/2019\/01\/jacques_tardi_cartoonmuseum_basel.jpg","type":"image\/jpeg"}],"author":"La R\u00e9daction","twitter_card":"summary_large_image","twitter_misc":{"\u00c9crit par":"La R\u00e9daction","Dur\u00e9e de lecture estim\u00e9e":"4 minutes"},"schema":{"@context":"https:\/\/schema.org","@graph":[{"@type":"Article","@id":"https:\/\/bale.ch\/journal\/le-monde-de-tardi-au-cartoon-museum-de-bale\/#article","isPartOf":{"@id":"https:\/\/bale.ch\/journal\/le-monde-de-tardi-au-cartoon-museum-de-bale\/"},"author":{"name":"La R\u00e9daction","@id":"https:\/\/bale.ch\/journal\/#\/schema\/person\/03ced978db3b7a5274c5cef003f352f5"},"headline":"Exposition \u00ab\u00a0Le monde de Tardi\u00a0\u00bb au Cartoon Museum de B\u00e2le","datePublished":"2019-01-07T03:43:19+00:00","dateModified":"2019-01-07T20:55:18+00:00","mainEntityOfPage":{"@id":"https:\/\/bale.ch\/journal\/le-monde-de-tardi-au-cartoon-museum-de-bale\/"},"wordCount":798,"publisher":{"@id":"https:\/\/bale.ch\/journal\/#organization"},"image":{"@id":"https:\/\/bale.ch\/journal\/le-monde-de-tardi-au-cartoon-museum-de-bale\/#primaryimage"},"thumbnailUrl":"https:\/\/bale.ch\/journal\/wp-content\/uploads\/2019\/01\/jacques_tardi_cartoonmuseum_basel.jpg","keywords":["B\u00e2le","bande dessin\u00e9e","Mus\u00e9e"],"articleSection":["Actualit\u00e9s","B\u00e2le Trinationale","Culture"],"inLanguage":"fr-FR"},{"@type":"WebPage","@id":"https:\/\/bale.ch\/journal\/le-monde-de-tardi-au-cartoon-museum-de-bale\/","url":"https:\/\/bale.ch\/journal\/le-monde-de-tardi-au-cartoon-museum-de-bale\/","name":"Exposition \"Le monde de Tardi\" au Cartoon Museum de B\u00e2le - Journal de B\u00e2le et Gen\u00e8ve","isPartOf":{"@id":"https:\/\/bale.ch\/journal\/#website"},"primaryImageOfPage":{"@id":"https:\/\/bale.ch\/journal\/le-monde-de-tardi-au-cartoon-museum-de-bale\/#primaryimage"},"image":{"@id":"https:\/\/bale.ch\/journal\/le-monde-de-tardi-au-cartoon-museum-de-bale\/#primaryimage"},"thumbnailUrl":"https:\/\/bale.ch\/journal\/wp-content\/uploads\/2019\/01\/jacques_tardi_cartoonmuseum_basel.jpg","datePublished":"2019-01-07T03:43:19+00:00","dateModified":"2019-01-07T20:55:18+00:00","breadcrumb":{"@id":"https:\/\/bale.ch\/journal\/le-monde-de-tardi-au-cartoon-museum-de-bale\/#breadcrumb"},"inLanguage":"fr-FR","potentialAction":[{"@type":"ReadAction","target":["https:\/\/bale.ch\/journal\/le-monde-de-tardi-au-cartoon-museum-de-bale\/"]}]},{"@type":"ImageObject","inLanguage":"fr-FR","@id":"https:\/\/bale.ch\/journal\/le-monde-de-tardi-au-cartoon-museum-de-bale\/#primaryimage","url":"https:\/\/bale.ch\/journal\/wp-content\/uploads\/2019\/01\/jacques_tardi_cartoonmuseum_basel.jpg","contentUrl":"https:\/\/bale.ch\/journal\/wp-content\/uploads\/2019\/01\/jacques_tardi_cartoonmuseum_basel.jpg","width":830,"height":446},{"@type":"BreadcrumbList","@id":"https:\/\/bale.ch\/journal\/le-monde-de-tardi-au-cartoon-museum-de-bale\/#breadcrumb","itemListElement":[{"@type":"ListItem","position":1,"name":"Accueil","item":"https:\/\/bale.ch\/journal\/"},{"@type":"ListItem","position":2,"name":"Exposition \u00ab\u00a0Le monde de Tardi\u00a0\u00bb au Cartoon Museum de B\u00e2le"}]},{"@type":"WebSite","@id":"https:\/\/bale.ch\/journal\/#website","url":"https:\/\/bale.ch\/journal\/","name":"Journal de B\u00e2le et Gen\u00e8ve","description":"M\u00e9dia transfrontalier d&#039;actualit\u00e9s - News","publisher":{"@id":"https:\/\/bale.ch\/journal\/#organization"},"potentialAction":[{"@type":"SearchAction","target":{"@type":"EntryPoint","urlTemplate":"https:\/\/bale.ch\/journal\/?s={search_term_string}"},"query-input":{"@type":"PropertyValueSpecification","valueRequired":true,"valueName":"search_term_string"}}],"inLanguage":"fr-FR"},{"@type":"Organization","@id":"https:\/\/bale.ch\/journal\/#organization","name":"Journal de B\u00e2le et Gen\u00e8ve","url":"https:\/\/bale.ch\/journal\/","logo":{"@type":"ImageObject","inLanguage":"fr-FR","@id":"https:\/\/bale.ch\/journal\/#\/schema\/logo\/image\/","url":"https:\/\/bale.ch\/journal\/wp-content\/uploads\/2023\/07\/journaldebale_logo_2023_nb.png","contentUrl":"https:\/\/bale.ch\/journal\/wp-content\/uploads\/2023\/07\/journaldebale_logo_2023_nb.png","width":371,"height":127,"caption":"Journal de B\u00e2le et Gen\u00e8ve"},"image":{"@id":"https:\/\/bale.ch\/journal\/#\/schema\/logo\/image\/"}},{"@type":"Person","@id":"https:\/\/bale.ch\/journal\/#\/schema\/person\/03ced978db3b7a5274c5cef003f352f5","name":"La R\u00e9daction","image":{"@type":"ImageObject","inLanguage":"fr-FR","@id":"https:\/\/secure.gravatar.com\/avatar\/d1327e2ce8d2b860112f968a3f34686c9bdda7a463a1502cdd1070ac9d88cf1e?s=96&d=mm&r=g","url":"https:\/\/secure.gravatar.com\/avatar\/d1327e2ce8d2b860112f968a3f34686c9bdda7a463a1502cdd1070ac9d88cf1e?s=96&d=mm&r=g","contentUrl":"https:\/\/secure.gravatar.com\/avatar\/d1327e2ce8d2b860112f968a3f34686c9bdda7a463a1502cdd1070ac9d88cf1e?s=96&d=mm&r=g","caption":"La R\u00e9daction"},"url":"https:\/\/bale.ch\/journal\/author\/laredaction\/"}]}},"_links":{"self":[{"href":"https:\/\/bale.ch\/journal\/wp-json\/wp\/v2\/posts\/1679","targetHints":{"allow":["GET"]}}],"collection":[{"href":"https:\/\/bale.ch\/journal\/wp-json\/wp\/v2\/posts"}],"about":[{"href":"https:\/\/bale.ch\/journal\/wp-json\/wp\/v2\/types\/post"}],"author":[{"embeddable":true,"href":"https:\/\/bale.ch\/journal\/wp-json\/wp\/v2\/users\/2"}],"replies":[{"embeddable":true,"href":"https:\/\/bale.ch\/journal\/wp-json\/wp\/v2\/comments?post=1679"}],"version-history":[{"count":10,"href":"https:\/\/bale.ch\/journal\/wp-json\/wp\/v2\/posts\/1679\/revisions"}],"predecessor-version":[{"id":1695,"href":"https:\/\/bale.ch\/journal\/wp-json\/wp\/v2\/posts\/1679\/revisions\/1695"}],"wp:featuredmedia":[{"embeddable":true,"href":"https:\/\/bale.ch\/journal\/wp-json\/wp\/v2\/media\/1680"}],"wp:attachment":[{"href":"https:\/\/bale.ch\/journal\/wp-json\/wp\/v2\/media?parent=1679"}],"wp:term":[{"taxonomy":"category","embeddable":true,"href":"https:\/\/bale.ch\/journal\/wp-json\/wp\/v2\/categories?post=1679"},{"taxonomy":"post_tag","embeddable":true,"href":"https:\/\/bale.ch\/journal\/wp-json\/wp\/v2\/tags?post=1679"}],"curies":[{"name":"wp","href":"https:\/\/api.w.org\/{rel}","templated":true}]}}