{"id":169,"date":"2015-10-10T18:14:49","date_gmt":"2015-10-10T18:14:49","guid":{"rendered":"http:\/\/bale.ch\/journal\/?p=169"},"modified":"2018-12-24T00:35:11","modified_gmt":"2018-12-24T00:35:11","slug":"revanche-amerindiens-christophe-colomb","status":"publish","type":"post","link":"https:\/\/bale.ch\/journal\/revanche-amerindiens-christophe-colomb\/","title":{"rendered":"Une revanche symbolique des Am\u00e9rindiens sur Christophe Colomb"},"content":{"rendered":"<div class=\"article__summary summary \">\n<p>Neuf villes des Etats-Unis ont aboli le \u00ab\u00a0Jour de Christophe Colomb\u00a0\u00bb du 12 octobre pour le remplacer par \u00ab\u00a0Jour des Peuples Indig\u00e8nes\u00a0\u00bb. Huit de ces villes ont pris des d\u00e9cisions au cours des deux derniers mois et trois on adopt\u00e9 une r\u00e9solution ce week-end seulement.<\/p>\n<p>Le Conseil de ville d&rsquo;Albuquerque, dans l&rsquo;\u00e9tat du Nouveau Mexique, a vot\u00e9 \u00e0 six contre trois ce jeudi pour reconnaitre le 12 octobre comme le Jour des Peuples Indig\u00e8nes dans une nouvelle <span style=\"text-decoration: underline;\"><a href=\"https:\/\/therednationdotorg.files.wordpress.com\/2015\/10\/indigenous-peoples-day-proc.pdf\" target=\"_blank\" rel=\"noopener\">d\u00e9claration<\/a><\/span>:<\/p>\n<\/div>\n<p>\u201c<em>Albuquerque reconnait l&rsquo;occupation de la patrie du Nouveau Mexique pour construire notre ville et reconnait que des nations indig\u00e8nes ont habit\u00e9 cette terre depuis des temps imm\u00e9morables et reconnait que le d\u00e9veloppement de notre soci\u00e9t\u00e9 s&rsquo;est faite gr\u00e2ce \u00e0 la pens\u00e9e, la culture et la technologie am\u00e9rindiennes.\u201d<\/em><\/p>\n<p>La d\u00e9claration met en avant 500 ans de r\u00e9sistance qui ont suivi l&rsquo;arriv\u00e9e de Christophe Colomb et inscrit le jour \u201c<em>dans un effort de diffusion d&rsquo;un r\u00e9cit historique plus pr\u00e9cis sur \u00ab\u00a0la d\u00e9couverte\u00a0\u00bb des Etats-Unis d&rsquo;Am\u00e9rique et reconna\u00eetre la contribution des indig\u00e8nes et les \u00e9normes difficult\u00e9s qu&rsquo;ils ont surmont\u00e9. <\/em><span id=\"tran0\" style=\"background-color: #efefef;\"><\/span><\/p>\n<p>&nbsp;<\/p>\n<blockquote class=\"twitter-tweet\" lang=\"en\">\n<p dir=\"ltr\" lang=\"en\">Victory\u2014Albuquerque Declares Indigenous People\u2019s Day <a href=\"http:\/\/t.co\/VzcUO0lGg2\">http:\/\/t.co\/VzcUO0lGg2<\/a> via <a href=\"https:\/\/twitter.com\/PopResistance\">@popresistance<\/a> <a href=\"http:\/\/t.co\/HurM9eR6Ee\">pic.twitter.com\/HurM9eR6Ee<\/a><\/p>\n<p>\u2014 Civil Rights News (@StruggleNewsBot) <a href=\"https:\/\/twitter.com\/StruggleNewsBot\/status\/652618837032960000\">October 9, 2015<\/a><\/p><\/blockquote>\n<blockquote class=\"twitter-tweet\" lang=\"en\">\n<p dir=\"ltr\" lang=\"en\">Monday is &lsquo;Indigenous Peoples Day&rsquo; in Portland <a href=\"http:\/\/t.co\/g1H2Gs1iqA\">http:\/\/t.co\/g1H2Gs1iqA<\/a><\/p>\n<p>\u2014 Jacqueline Keeler (@jfkeeler) <a href=\"https:\/\/twitter.com\/jfkeeler\/status\/652698987250618368\">October 10, 2015<\/a><\/p><\/blockquote>\n<p>&nbsp;<\/p>\n<p><iframe loading=\"lazy\" src=\"https:\/\/www.youtube.com\/embed\/fYTXRDtYzYc\" width=\"560\" height=\"315\" frameborder=\"0\" allowfullscreen=\"allowfullscreen\"><\/iframe><\/p>\n<div id=\"crieu-3124410774\" class=\"crieu-apres-le-contenu crieu-entity-placement\" style=\"margin-left: auto;margin-right: auto;text-align: center;\"><script async src=\"\/\/pagead2.googlesyndication.com\/pagead\/js\/adsbygoogle.js?client=ca-pub-5271584769416742\" crossorigin=\"anonymous\"><\/script><ins class=\"adsbygoogle\" style=\"display:block;\" data-ad-client=\"ca-pub-5271584769416742\" \ndata-ad-slot=\"9321250718\" \ndata-ad-format=\"auto\"><\/ins>\n<script> \n(adsbygoogle = window.adsbygoogle || []).push({}); \n<\/script>\n<\/div>","protected":false},"excerpt":{"rendered":"<p>Neuf villes des Etats-Unis ont aboli le \u00ab\u00a0Jour de Christophe Colomb\u00a0\u00bb du 12 octobre pour le remplacer par \u00ab\u00a0Jour des Peuples Indig\u00e8nes\u00a0\u00bb. Huit de ces villes ont pris des d\u00e9cisions <a href=\"https:\/\/bale.ch\/journal\/revanche-amerindiens-christophe-colomb\/\" class=\"read-more button-fancy -red\"><span class=\"btn-arrow\"><\/span><span class=\"twp-read-more text\">Continuer la lecture<\/span><\/a><\/p>\n","protected":false},"author":2,"featured_media":170,"comment_status":"closed","ping_status":"closed","sticky":false,"template":"","format":"standard","meta":{"footnotes":""},"categories":[9,12],"tags":[65,43],"class_list":["post-169","post","type-post","status-publish","format-standard","has-post-thumbnail","hentry","category-monde","category-societe","tag-droits-de-lhomme","tag-etats-unis-damerique"],"yoast_head":"<!-- This site is optimized with the Yoast SEO plugin v28.3 - https:\/\/yoast.com\/product\/yoast-seo-wordpress\/ -->\n<title>Une revanche symbolique des Am\u00e9rindiens sur Christophe Colomb - Journal de B\u00e2le et Gen\u00e8ve<\/title>\n<meta name=\"robots\" content=\"index, follow, max-snippet:-1, max-image-preview:large, max-video-preview:-1\" \/>\n<link rel=\"canonical\" href=\"https:\/\/bale.ch\/journal\/revanche-amerindiens-christophe-colomb\/\" \/>\n<meta property=\"og:locale\" content=\"fr_FR\" \/>\n<meta property=\"og:type\" content=\"article\" \/>\n<meta property=\"og:title\" content=\"Une revanche symbolique des Am\u00e9rindiens sur Christophe Colomb - Journal de B\u00e2le et Gen\u00e8ve\" \/>\n<meta property=\"og:description\" content=\"Neuf villes des Etats-Unis ont aboli le \u00ab\u00a0Jour de Christophe Colomb\u00a0\u00bb du 12 octobre pour le remplacer par \u00ab\u00a0Jour des Peuples Indig\u00e8nes\u00a0\u00bb. Huit de ces villes ont pris des d\u00e9cisions Continuer la lecture\" \/>\n<meta property=\"og:url\" content=\"https:\/\/bale.ch\/journal\/revanche-amerindiens-christophe-colomb\/\" \/>\n<meta property=\"og:site_name\" content=\"Journal de B\u00e2le et Gen\u00e8ve\" \/>\n<meta property=\"article:published_time\" content=\"2015-10-10T18:14:49+00:00\" \/>\n<meta property=\"article:modified_time\" content=\"2018-12-24T00:35:11+00:00\" \/>\n<meta property=\"og:image\" content=\"https:\/\/bale.ch\/journal\/wp-content\/uploads\/2015\/10\/colombs-amerique.jpg\" \/>\n\t<meta property=\"og:image:width\" content=\"900\" \/>\n\t<meta property=\"og:image:height\" content=\"510\" \/>\n\t<meta property=\"og:image:type\" content=\"image\/jpeg\" \/>\n<meta name=\"author\" content=\"La R\u00e9daction\" \/>\n<meta name=\"twitter:card\" content=\"summary_large_image\" \/>\n<meta name=\"twitter:label1\" content=\"\u00c9crit par\" \/>\n\t<meta name=\"twitter:data1\" content=\"La R\u00e9daction\" \/>\n\t<meta name=\"twitter:label2\" content=\"Dur\u00e9e de lecture estim\u00e9e\" \/>\n\t<meta name=\"twitter:data2\" content=\"1 minute\" \/>\n<script type=\"application\/ld+json\" class=\"yoast-schema-graph\">{\"@context\":\"https:\\\/\\\/schema.org\",\"@graph\":[{\"@type\":\"Article\",\"@id\":\"https:\\\/\\\/bale.ch\\\/journal\\\/revanche-amerindiens-christophe-colomb\\\/#article\",\"isPartOf\":{\"@id\":\"https:\\\/\\\/bale.ch\\\/journal\\\/revanche-amerindiens-christophe-colomb\\\/\"},\"author\":{\"name\":\"La R\u00e9daction\",\"@id\":\"https:\\\/\\\/bale.ch\\\/journal\\\/#\\\/schema\\\/person\\\/03ced978db3b7a5274c5cef003f352f5\"},\"headline\":\"Une revanche symbolique des Am\u00e9rindiens sur Christophe Colomb\",\"datePublished\":\"2015-10-10T18:14:49+00:00\",\"dateModified\":\"2018-12-24T00:35:11+00:00\",\"mainEntityOfPage\":{\"@id\":\"https:\\\/\\\/bale.ch\\\/journal\\\/revanche-amerindiens-christophe-colomb\\\/\"},\"wordCount\":253,\"publisher\":{\"@id\":\"https:\\\/\\\/bale.ch\\\/journal\\\/#organization\"},\"image\":{\"@id\":\"https:\\\/\\\/bale.ch\\\/journal\\\/revanche-amerindiens-christophe-colomb\\\/#primaryimage\"},\"thumbnailUrl\":\"https:\\\/\\\/bale.ch\\\/journal\\\/wp-content\\\/uploads\\\/2015\\\/10\\\/colombs-amerique.jpg\",\"keywords\":[\"Droits de l'homme\",\"Etats-Unis d'Am\u00e9rique\"],\"articleSection\":[\"Monde\",\"Soci\u00e9t\u00e9\"],\"inLanguage\":\"fr-FR\"},{\"@type\":\"WebPage\",\"@id\":\"https:\\\/\\\/bale.ch\\\/journal\\\/revanche-amerindiens-christophe-colomb\\\/\",\"url\":\"https:\\\/\\\/bale.ch\\\/journal\\\/revanche-amerindiens-christophe-colomb\\\/\",\"name\":\"Une revanche symbolique des Am\u00e9rindiens sur Christophe Colomb - Journal de B\u00e2le et Gen\u00e8ve\",\"isPartOf\":{\"@id\":\"https:\\\/\\\/bale.ch\\\/journal\\\/#website\"},\"primaryImageOfPage\":{\"@id\":\"https:\\\/\\\/bale.ch\\\/journal\\\/revanche-amerindiens-christophe-colomb\\\/#primaryimage\"},\"image\":{\"@id\":\"https:\\\/\\\/bale.ch\\\/journal\\\/revanche-amerindiens-christophe-colomb\\\/#primaryimage\"},\"thumbnailUrl\":\"https:\\\/\\\/bale.ch\\\/journal\\\/wp-content\\\/uploads\\\/2015\\\/10\\\/colombs-amerique.jpg\",\"datePublished\":\"2015-10-10T18:14:49+00:00\",\"dateModified\":\"2018-12-24T00:35:11+00:00\",\"breadcrumb\":{\"@id\":\"https:\\\/\\\/bale.ch\\\/journal\\\/revanche-amerindiens-christophe-colomb\\\/#breadcrumb\"},\"inLanguage\":\"fr-FR\",\"potentialAction\":[{\"@type\":\"ReadAction\",\"target\":[\"https:\\\/\\\/bale.ch\\\/journal\\\/revanche-amerindiens-christophe-colomb\\\/\"]}]},{\"@type\":\"ImageObject\",\"inLanguage\":\"fr-FR\",\"@id\":\"https:\\\/\\\/bale.ch\\\/journal\\\/revanche-amerindiens-christophe-colomb\\\/#primaryimage\",\"url\":\"https:\\\/\\\/bale.ch\\\/journal\\\/wp-content\\\/uploads\\\/2015\\\/10\\\/colombs-amerique.jpg\",\"contentUrl\":\"https:\\\/\\\/bale.ch\\\/journal\\\/wp-content\\\/uploads\\\/2015\\\/10\\\/colombs-amerique.jpg\",\"width\":900,\"height\":510,\"caption\":\"Par quel mot remplieriez-vous l'espace vide?\"},{\"@type\":\"BreadcrumbList\",\"@id\":\"https:\\\/\\\/bale.ch\\\/journal\\\/revanche-amerindiens-christophe-colomb\\\/#breadcrumb\",\"itemListElement\":[{\"@type\":\"ListItem\",\"position\":1,\"name\":\"Accueil\",\"item\":\"https:\\\/\\\/bale.ch\\\/journal\\\/\"},{\"@type\":\"ListItem\",\"position\":2,\"name\":\"Une revanche symbolique des Am\u00e9rindiens sur Christophe Colomb\"}]},{\"@type\":\"WebSite\",\"@id\":\"https:\\\/\\\/bale.ch\\\/journal\\\/#website\",\"url\":\"https:\\\/\\\/bale.ch\\\/journal\\\/\",\"name\":\"Journal de B\u00e2le et Gen\u00e8ve\",\"description\":\"M\u00e9dia transfrontalier d&#039;actualit\u00e9s - News\",\"publisher\":{\"@id\":\"https:\\\/\\\/bale.ch\\\/journal\\\/#organization\"},\"potentialAction\":[{\"@type\":\"SearchAction\",\"target\":{\"@type\":\"EntryPoint\",\"urlTemplate\":\"https:\\\/\\\/bale.ch\\\/journal\\\/?s={search_term_string}\"},\"query-input\":{\"@type\":\"PropertyValueSpecification\",\"valueRequired\":true,\"valueName\":\"search_term_string\"}}],\"inLanguage\":\"fr-FR\"},{\"@type\":\"Organization\",\"@id\":\"https:\\\/\\\/bale.ch\\\/journal\\\/#organization\",\"name\":\"Journal de B\u00e2le et Gen\u00e8ve\",\"url\":\"https:\\\/\\\/bale.ch\\\/journal\\\/\",\"logo\":{\"@type\":\"ImageObject\",\"inLanguage\":\"fr-FR\",\"@id\":\"https:\\\/\\\/bale.ch\\\/journal\\\/#\\\/schema\\\/logo\\\/image\\\/\",\"url\":\"https:\\\/\\\/bale.ch\\\/journal\\\/wp-content\\\/uploads\\\/2023\\\/07\\\/journaldebale_logo_2023_nb.png\",\"contentUrl\":\"https:\\\/\\\/bale.ch\\\/journal\\\/wp-content\\\/uploads\\\/2023\\\/07\\\/journaldebale_logo_2023_nb.png\",\"width\":371,\"height\":127,\"caption\":\"Journal de B\u00e2le et Gen\u00e8ve\"},\"image\":{\"@id\":\"https:\\\/\\\/bale.ch\\\/journal\\\/#\\\/schema\\\/logo\\\/image\\\/\"}},{\"@type\":\"Person\",\"@id\":\"https:\\\/\\\/bale.ch\\\/journal\\\/#\\\/schema\\\/person\\\/03ced978db3b7a5274c5cef003f352f5\",\"name\":\"La R\u00e9daction\",\"image\":{\"@type\":\"ImageObject\",\"inLanguage\":\"fr-FR\",\"@id\":\"https:\\\/\\\/secure.gravatar.com\\\/avatar\\\/d1327e2ce8d2b860112f968a3f34686c9bdda7a463a1502cdd1070ac9d88cf1e?s=96&d=mm&r=g\",\"url\":\"https:\\\/\\\/secure.gravatar.com\\\/avatar\\\/d1327e2ce8d2b860112f968a3f34686c9bdda7a463a1502cdd1070ac9d88cf1e?s=96&d=mm&r=g\",\"contentUrl\":\"https:\\\/\\\/secure.gravatar.com\\\/avatar\\\/d1327e2ce8d2b860112f968a3f34686c9bdda7a463a1502cdd1070ac9d88cf1e?s=96&d=mm&r=g\",\"caption\":\"La R\u00e9daction\"},\"url\":\"https:\\\/\\\/bale.ch\\\/journal\\\/author\\\/laredaction\\\/\"}]}<\/script>\n<!-- \/ Yoast SEO plugin. -->","yoast_head_json":{"title":"Une revanche symbolique des Am\u00e9rindiens sur Christophe Colomb - Journal de B\u00e2le et Gen\u00e8ve","robots":{"index":"index","follow":"follow","max-snippet":"max-snippet:-1","max-image-preview":"max-image-preview:large","max-video-preview":"max-video-preview:-1"},"canonical":"https:\/\/bale.ch\/journal\/revanche-amerindiens-christophe-colomb\/","og_locale":"fr_FR","og_type":"article","og_title":"Une revanche symbolique des Am\u00e9rindiens sur Christophe Colomb - Journal de B\u00e2le et Gen\u00e8ve","og_description":"Neuf villes des Etats-Unis ont aboli le \u00ab\u00a0Jour de Christophe Colomb\u00a0\u00bb du 12 octobre pour le remplacer par \u00ab\u00a0Jour des Peuples Indig\u00e8nes\u00a0\u00bb. Huit de ces villes ont pris des d\u00e9cisions Continuer la lecture","og_url":"https:\/\/bale.ch\/journal\/revanche-amerindiens-christophe-colomb\/","og_site_name":"Journal de B\u00e2le et Gen\u00e8ve","article_published_time":"2015-10-10T18:14:49+00:00","article_modified_time":"2018-12-24T00:35:11+00:00","og_image":[{"width":900,"height":510,"url":"https:\/\/bale.ch\/journal\/wp-content\/uploads\/2015\/10\/colombs-amerique.jpg","type":"image\/jpeg"}],"author":"La R\u00e9daction","twitter_card":"summary_large_image","twitter_misc":{"\u00c9crit par":"La R\u00e9daction","Dur\u00e9e de lecture estim\u00e9e":"1 minute"},"schema":{"@context":"https:\/\/schema.org","@graph":[{"@type":"Article","@id":"https:\/\/bale.ch\/journal\/revanche-amerindiens-christophe-colomb\/#article","isPartOf":{"@id":"https:\/\/bale.ch\/journal\/revanche-amerindiens-christophe-colomb\/"},"author":{"name":"La R\u00e9daction","@id":"https:\/\/bale.ch\/journal\/#\/schema\/person\/03ced978db3b7a5274c5cef003f352f5"},"headline":"Une revanche symbolique des Am\u00e9rindiens sur Christophe Colomb","datePublished":"2015-10-10T18:14:49+00:00","dateModified":"2018-12-24T00:35:11+00:00","mainEntityOfPage":{"@id":"https:\/\/bale.ch\/journal\/revanche-amerindiens-christophe-colomb\/"},"wordCount":253,"publisher":{"@id":"https:\/\/bale.ch\/journal\/#organization"},"image":{"@id":"https:\/\/bale.ch\/journal\/revanche-amerindiens-christophe-colomb\/#primaryimage"},"thumbnailUrl":"https:\/\/bale.ch\/journal\/wp-content\/uploads\/2015\/10\/colombs-amerique.jpg","keywords":["Droits de l'homme","Etats-Unis d'Am\u00e9rique"],"articleSection":["Monde","Soci\u00e9t\u00e9"],"inLanguage":"fr-FR"},{"@type":"WebPage","@id":"https:\/\/bale.ch\/journal\/revanche-amerindiens-christophe-colomb\/","url":"https:\/\/bale.ch\/journal\/revanche-amerindiens-christophe-colomb\/","name":"Une revanche symbolique des Am\u00e9rindiens sur Christophe Colomb - Journal de B\u00e2le et Gen\u00e8ve","isPartOf":{"@id":"https:\/\/bale.ch\/journal\/#website"},"primaryImageOfPage":{"@id":"https:\/\/bale.ch\/journal\/revanche-amerindiens-christophe-colomb\/#primaryimage"},"image":{"@id":"https:\/\/bale.ch\/journal\/revanche-amerindiens-christophe-colomb\/#primaryimage"},"thumbnailUrl":"https:\/\/bale.ch\/journal\/wp-content\/uploads\/2015\/10\/colombs-amerique.jpg","datePublished":"2015-10-10T18:14:49+00:00","dateModified":"2018-12-24T00:35:11+00:00","breadcrumb":{"@id":"https:\/\/bale.ch\/journal\/revanche-amerindiens-christophe-colomb\/#breadcrumb"},"inLanguage":"fr-FR","potentialAction":[{"@type":"ReadAction","target":["https:\/\/bale.ch\/journal\/revanche-amerindiens-christophe-colomb\/"]}]},{"@type":"ImageObject","inLanguage":"fr-FR","@id":"https:\/\/bale.ch\/journal\/revanche-amerindiens-christophe-colomb\/#primaryimage","url":"https:\/\/bale.ch\/journal\/wp-content\/uploads\/2015\/10\/colombs-amerique.jpg","contentUrl":"https:\/\/bale.ch\/journal\/wp-content\/uploads\/2015\/10\/colombs-amerique.jpg","width":900,"height":510,"caption":"Par quel mot remplieriez-vous l'espace vide?"},{"@type":"BreadcrumbList","@id":"https:\/\/bale.ch\/journal\/revanche-amerindiens-christophe-colomb\/#breadcrumb","itemListElement":[{"@type":"ListItem","position":1,"name":"Accueil","item":"https:\/\/bale.ch\/journal\/"},{"@type":"ListItem","position":2,"name":"Une revanche symbolique des Am\u00e9rindiens sur Christophe Colomb"}]},{"@type":"WebSite","@id":"https:\/\/bale.ch\/journal\/#website","url":"https:\/\/bale.ch\/journal\/","name":"Journal de B\u00e2le et Gen\u00e8ve","description":"M\u00e9dia transfrontalier d&#039;actualit\u00e9s - News","publisher":{"@id":"https:\/\/bale.ch\/journal\/#organization"},"potentialAction":[{"@type":"SearchAction","target":{"@type":"EntryPoint","urlTemplate":"https:\/\/bale.ch\/journal\/?s={search_term_string}"},"query-input":{"@type":"PropertyValueSpecification","valueRequired":true,"valueName":"search_term_string"}}],"inLanguage":"fr-FR"},{"@type":"Organization","@id":"https:\/\/bale.ch\/journal\/#organization","name":"Journal de B\u00e2le et Gen\u00e8ve","url":"https:\/\/bale.ch\/journal\/","logo":{"@type":"ImageObject","inLanguage":"fr-FR","@id":"https:\/\/bale.ch\/journal\/#\/schema\/logo\/image\/","url":"https:\/\/bale.ch\/journal\/wp-content\/uploads\/2023\/07\/journaldebale_logo_2023_nb.png","contentUrl":"https:\/\/bale.ch\/journal\/wp-content\/uploads\/2023\/07\/journaldebale_logo_2023_nb.png","width":371,"height":127,"caption":"Journal de B\u00e2le et Gen\u00e8ve"},"image":{"@id":"https:\/\/bale.ch\/journal\/#\/schema\/logo\/image\/"}},{"@type":"Person","@id":"https:\/\/bale.ch\/journal\/#\/schema\/person\/03ced978db3b7a5274c5cef003f352f5","name":"La R\u00e9daction","image":{"@type":"ImageObject","inLanguage":"fr-FR","@id":"https:\/\/secure.gravatar.com\/avatar\/d1327e2ce8d2b860112f968a3f34686c9bdda7a463a1502cdd1070ac9d88cf1e?s=96&d=mm&r=g","url":"https:\/\/secure.gravatar.com\/avatar\/d1327e2ce8d2b860112f968a3f34686c9bdda7a463a1502cdd1070ac9d88cf1e?s=96&d=mm&r=g","contentUrl":"https:\/\/secure.gravatar.com\/avatar\/d1327e2ce8d2b860112f968a3f34686c9bdda7a463a1502cdd1070ac9d88cf1e?s=96&d=mm&r=g","caption":"La R\u00e9daction"},"url":"https:\/\/bale.ch\/journal\/author\/laredaction\/"}]}},"_links":{"self":[{"href":"https:\/\/bale.ch\/journal\/wp-json\/wp\/v2\/posts\/169","targetHints":{"allow":["GET"]}}],"collection":[{"href":"https:\/\/bale.ch\/journal\/wp-json\/wp\/v2\/posts"}],"about":[{"href":"https:\/\/bale.ch\/journal\/wp-json\/wp\/v2\/types\/post"}],"author":[{"embeddable":true,"href":"https:\/\/bale.ch\/journal\/wp-json\/wp\/v2\/users\/2"}],"replies":[{"embeddable":true,"href":"https:\/\/bale.ch\/journal\/wp-json\/wp\/v2\/comments?post=169"}],"version-history":[{"count":5,"href":"https:\/\/bale.ch\/journal\/wp-json\/wp\/v2\/posts\/169\/revisions"}],"predecessor-version":[{"id":1566,"href":"https:\/\/bale.ch\/journal\/wp-json\/wp\/v2\/posts\/169\/revisions\/1566"}],"wp:featuredmedia":[{"embeddable":true,"href":"https:\/\/bale.ch\/journal\/wp-json\/wp\/v2\/media\/170"}],"wp:attachment":[{"href":"https:\/\/bale.ch\/journal\/wp-json\/wp\/v2\/media?parent=169"}],"wp:term":[{"taxonomy":"category","embeddable":true,"href":"https:\/\/bale.ch\/journal\/wp-json\/wp\/v2\/categories?post=169"},{"taxonomy":"post_tag","embeddable":true,"href":"https:\/\/bale.ch\/journal\/wp-json\/wp\/v2\/tags?post=169"}],"curies":[{"name":"wp","href":"https:\/\/api.w.org\/{rel}","templated":true}]}}