{"id":1711,"date":"2019-01-08T22:17:53","date_gmt":"2019-01-08T22:17:53","guid":{"rendered":"http:\/\/bale.ch\/journal\/?p=1711"},"modified":"2019-01-08T22:38:56","modified_gmt":"2019-01-08T22:38:56","slug":"imagotv-le-netflix-ecolo-et-engage-veut-lancer-la-1ere-chaine-tv-faite-par-et-pour-les-citoyens","status":"publish","type":"post","link":"https:\/\/bale.ch\/journal\/imagotv-le-netflix-ecolo-et-engage-veut-lancer-la-1ere-chaine-tv-faite-par-et-pour-les-citoyens\/","title":{"rendered":"ImagoTV, le Netflix \u00e9colo et engag\u00e9 veut lancer la 1\u00e8re chaine TV \u00ab\u00a0faite par et pour les citoyens\u00a0\u00bb"},"content":{"rendered":"<p><strong>Lanc\u00e9e par deux jeunes Fran\u00e7ais, la plateforme internet Imago TV a vu le jour il y a quelques semaines.\u00a0Elle regroupe des s\u00e9lections aux th\u00e9matiques diverses touchant \u00e0 l&rsquo;\u00e9cologie et autres contenus d\u2019\u00e9veil des consciences.<\/strong> <!--more--><br \/>\nCette vid\u00e9oth\u00e8que compte d\u00e9j\u00e0 pr\u00e8s de 2 000 entr\u00e9es regroup\u00e9es en huit grandes th\u00e9matiques, \u00e9conomie, alternatives, conscience, soci\u00e9t\u00e9, esprit critique, sant\u00e9, \u00e9cologie, connaissance, et ce sous diff\u00e9rents format:\u00a0<strong>documentaires<\/strong>, des\u00a0<strong>\u00e9missions<\/strong>, des\u00a0<strong>podcasts<\/strong>\u00a0et\u00a0<strong>musiques<\/strong><strong>.<br \/>\n<\/strong><br \/>\n<em>\u00ab\u00a0Sans inscription ni abonnement, l&rsquo;utilisateur a aussi l\u2019occasion de participer \u00e0 l\u2019activit\u00e9 de la plateforme\u00a0\u00bb<\/em>, explique l&rsquo;\u00e9quipe d&rsquo;ImagoTV.\u00a0Celle-ci a r\u00e9v\u00e9l\u00e9 lors d\u2019une interview donn\u00e9e au m\u00e9dia L\u2019info durable, qu\u2019elle souhaite que cette plateforme <em>\u00ab\u00a0sans pub, libre d\u2019acc\u00e8s pour tous et dans le respect des ayants droits\u00a0\u00bb<\/em> soit<em> \u00ab\u00a0autog\u00e9r\u00e9e\u00a0\u00bb<\/em> d&rsquo;ici quelques mois avec pour objectif de\u00a0<em>\u00ab\u00a0lancer la 1\u00e8re chaine TV faite par et pour les citoyens.\u00a0\u00bb<\/em><\/p>\n<p>Conscients du gouffre \u00e9nerg\u00e9tique que repr\u00e9sentent les data-centers, cr\u00e9ateurs souhaitent \u00e9galement que les vid\u00e9os et podcasts propos\u00e9s par Imago soient h\u00e9berg\u00e9s sur une plateforme\u00a0pair-\u00e0-pair (P2P) bas\u00e9e sur des serveurs locaux d\u00e9centralis\u00e9s, qui ne n\u00e9cessitent pas de lourd refroidissement.<em><br \/>\n<\/em><\/p>\n<div id=\"crieu-3391873989\" class=\"crieu-apres-le-contenu crieu-entity-placement\" style=\"margin-left: auto;margin-right: auto;text-align: center;\"><script async src=\"\/\/pagead2.googlesyndication.com\/pagead\/js\/adsbygoogle.js?client=ca-pub-5271584769416742\" crossorigin=\"anonymous\"><\/script><ins class=\"adsbygoogle\" style=\"display:block;\" data-ad-client=\"ca-pub-5271584769416742\" \ndata-ad-slot=\"9321250718\" \ndata-ad-format=\"auto\"><\/ins>\n<script> \n(adsbygoogle = window.adsbygoogle || []).push({}); \n<\/script>\n<\/div>","protected":false},"excerpt":{"rendered":"<p>Lanc\u00e9e par deux jeunes Fran\u00e7ais, la plateforme internet Imago TV a vu le jour il y a quelques semaines.\u00a0Elle regroupe des s\u00e9lections aux th\u00e9matiques diverses touchant \u00e0 l&rsquo;\u00e9cologie et autres <a href=\"https:\/\/bale.ch\/journal\/imagotv-le-netflix-ecolo-et-engage-veut-lancer-la-1ere-chaine-tv-faite-par-et-pour-les-citoyens\/\" class=\"read-more button-fancy -red\"><span class=\"btn-arrow\"><\/span><span class=\"twp-read-more text\">Continuer la lecture<\/span><\/a><\/p>\n","protected":false},"author":2,"featured_media":1713,"comment_status":"closed","ping_status":"closed","sticky":false,"template":"","format":"standard","meta":{"footnotes":""},"categories":[103,10],"tags":[110],"class_list":["post-1711","post","type-post","status-publish","format-standard","has-post-thumbnail","hentry","category-actu","category-culture","tag-medias"],"yoast_head":"<!-- This site is optimized with the Yoast SEO plugin v28.3 - https:\/\/yoast.com\/product\/yoast-seo-wordpress\/ -->\n<title>ImagoTV, le Netflix \u00e9colo et engag\u00e9 veut lancer la 1\u00e8re chaine TV &quot;faite par et pour les citoyens&quot; - Journal de B\u00e2le et Gen\u00e8ve<\/title>\n<meta name=\"robots\" content=\"index, follow, max-snippet:-1, max-image-preview:large, max-video-preview:-1\" \/>\n<link rel=\"canonical\" href=\"https:\/\/bale.ch\/journal\/imagotv-le-netflix-ecolo-et-engage-veut-lancer-la-1ere-chaine-tv-faite-par-et-pour-les-citoyens\/\" \/>\n<meta property=\"og:locale\" content=\"fr_FR\" \/>\n<meta property=\"og:type\" content=\"article\" \/>\n<meta property=\"og:title\" content=\"ImagoTV, le Netflix \u00e9colo et engag\u00e9 veut lancer la 1\u00e8re chaine TV &quot;faite par et pour les citoyens&quot; - Journal de B\u00e2le et Gen\u00e8ve\" \/>\n<meta property=\"og:description\" content=\"Lanc\u00e9e par deux jeunes Fran\u00e7ais, la plateforme internet Imago TV a vu le jour il y a quelques semaines.\u00a0Elle regroupe des s\u00e9lections aux th\u00e9matiques diverses touchant \u00e0 l&rsquo;\u00e9cologie et autres Continuer la lecture\" \/>\n<meta property=\"og:url\" content=\"https:\/\/bale.ch\/journal\/imagotv-le-netflix-ecolo-et-engage-veut-lancer-la-1ere-chaine-tv-faite-par-et-pour-les-citoyens\/\" \/>\n<meta property=\"og:site_name\" content=\"Journal de B\u00e2le et Gen\u00e8ve\" \/>\n<meta property=\"article:published_time\" content=\"2019-01-08T22:17:53+00:00\" \/>\n<meta property=\"article:modified_time\" content=\"2019-01-08T22:38:56+00:00\" \/>\n<meta property=\"og:image\" content=\"https:\/\/bale.ch\/journal\/wp-content\/uploads\/2019\/01\/imagotv_documentaires.jpg\" \/>\n\t<meta property=\"og:image:width\" content=\"830\" \/>\n\t<meta property=\"og:image:height\" content=\"446\" \/>\n\t<meta property=\"og:image:type\" content=\"image\/jpeg\" \/>\n<meta name=\"author\" content=\"La R\u00e9daction\" \/>\n<meta name=\"twitter:card\" content=\"summary_large_image\" \/>\n<meta name=\"twitter:label1\" content=\"\u00c9crit par\" \/>\n\t<meta name=\"twitter:data1\" content=\"La R\u00e9daction\" \/>\n\t<meta name=\"twitter:label2\" content=\"Dur\u00e9e de lecture estim\u00e9e\" \/>\n\t<meta name=\"twitter:data2\" content=\"1 minute\" \/>\n<script type=\"application\/ld+json\" class=\"yoast-schema-graph\">{\"@context\":\"https:\\\/\\\/schema.org\",\"@graph\":[{\"@type\":\"Article\",\"@id\":\"https:\\\/\\\/bale.ch\\\/journal\\\/imagotv-le-netflix-ecolo-et-engage-veut-lancer-la-1ere-chaine-tv-faite-par-et-pour-les-citoyens\\\/#article\",\"isPartOf\":{\"@id\":\"https:\\\/\\\/bale.ch\\\/journal\\\/imagotv-le-netflix-ecolo-et-engage-veut-lancer-la-1ere-chaine-tv-faite-par-et-pour-les-citoyens\\\/\"},\"author\":{\"name\":\"La R\u00e9daction\",\"@id\":\"https:\\\/\\\/bale.ch\\\/journal\\\/#\\\/schema\\\/person\\\/03ced978db3b7a5274c5cef003f352f5\"},\"headline\":\"ImagoTV, le Netflix \u00e9colo et engag\u00e9 veut lancer la 1\u00e8re chaine TV \u00ab\u00a0faite par et pour les citoyens\u00a0\u00bb\",\"datePublished\":\"2019-01-08T22:17:53+00:00\",\"dateModified\":\"2019-01-08T22:38:56+00:00\",\"mainEntityOfPage\":{\"@id\":\"https:\\\/\\\/bale.ch\\\/journal\\\/imagotv-le-netflix-ecolo-et-engage-veut-lancer-la-1ere-chaine-tv-faite-par-et-pour-les-citoyens\\\/\"},\"wordCount\":235,\"publisher\":{\"@id\":\"https:\\\/\\\/bale.ch\\\/journal\\\/#organization\"},\"image\":{\"@id\":\"https:\\\/\\\/bale.ch\\\/journal\\\/imagotv-le-netflix-ecolo-et-engage-veut-lancer-la-1ere-chaine-tv-faite-par-et-pour-les-citoyens\\\/#primaryimage\"},\"thumbnailUrl\":\"https:\\\/\\\/bale.ch\\\/journal\\\/wp-content\\\/uploads\\\/2019\\\/01\\\/imagotv_documentaires.jpg\",\"keywords\":[\"medias\"],\"articleSection\":[\"Actualit\u00e9s\",\"Culture\"],\"inLanguage\":\"fr-FR\"},{\"@type\":\"WebPage\",\"@id\":\"https:\\\/\\\/bale.ch\\\/journal\\\/imagotv-le-netflix-ecolo-et-engage-veut-lancer-la-1ere-chaine-tv-faite-par-et-pour-les-citoyens\\\/\",\"url\":\"https:\\\/\\\/bale.ch\\\/journal\\\/imagotv-le-netflix-ecolo-et-engage-veut-lancer-la-1ere-chaine-tv-faite-par-et-pour-les-citoyens\\\/\",\"name\":\"ImagoTV, le Netflix \u00e9colo et engag\u00e9 veut lancer la 1\u00e8re chaine TV \\\"faite par et pour les citoyens\\\" - Journal de B\u00e2le et Gen\u00e8ve\",\"isPartOf\":{\"@id\":\"https:\\\/\\\/bale.ch\\\/journal\\\/#website\"},\"primaryImageOfPage\":{\"@id\":\"https:\\\/\\\/bale.ch\\\/journal\\\/imagotv-le-netflix-ecolo-et-engage-veut-lancer-la-1ere-chaine-tv-faite-par-et-pour-les-citoyens\\\/#primaryimage\"},\"image\":{\"@id\":\"https:\\\/\\\/bale.ch\\\/journal\\\/imagotv-le-netflix-ecolo-et-engage-veut-lancer-la-1ere-chaine-tv-faite-par-et-pour-les-citoyens\\\/#primaryimage\"},\"thumbnailUrl\":\"https:\\\/\\\/bale.ch\\\/journal\\\/wp-content\\\/uploads\\\/2019\\\/01\\\/imagotv_documentaires.jpg\",\"datePublished\":\"2019-01-08T22:17:53+00:00\",\"dateModified\":\"2019-01-08T22:38:56+00:00\",\"breadcrumb\":{\"@id\":\"https:\\\/\\\/bale.ch\\\/journal\\\/imagotv-le-netflix-ecolo-et-engage-veut-lancer-la-1ere-chaine-tv-faite-par-et-pour-les-citoyens\\\/#breadcrumb\"},\"inLanguage\":\"fr-FR\",\"potentialAction\":[{\"@type\":\"ReadAction\",\"target\":[\"https:\\\/\\\/bale.ch\\\/journal\\\/imagotv-le-netflix-ecolo-et-engage-veut-lancer-la-1ere-chaine-tv-faite-par-et-pour-les-citoyens\\\/\"]}]},{\"@type\":\"ImageObject\",\"inLanguage\":\"fr-FR\",\"@id\":\"https:\\\/\\\/bale.ch\\\/journal\\\/imagotv-le-netflix-ecolo-et-engage-veut-lancer-la-1ere-chaine-tv-faite-par-et-pour-les-citoyens\\\/#primaryimage\",\"url\":\"https:\\\/\\\/bale.ch\\\/journal\\\/wp-content\\\/uploads\\\/2019\\\/01\\\/imagotv_documentaires.jpg\",\"contentUrl\":\"https:\\\/\\\/bale.ch\\\/journal\\\/wp-content\\\/uploads\\\/2019\\\/01\\\/imagotv_documentaires.jpg\",\"width\":830,\"height\":446},{\"@type\":\"BreadcrumbList\",\"@id\":\"https:\\\/\\\/bale.ch\\\/journal\\\/imagotv-le-netflix-ecolo-et-engage-veut-lancer-la-1ere-chaine-tv-faite-par-et-pour-les-citoyens\\\/#breadcrumb\",\"itemListElement\":[{\"@type\":\"ListItem\",\"position\":1,\"name\":\"Accueil\",\"item\":\"https:\\\/\\\/bale.ch\\\/journal\\\/\"},{\"@type\":\"ListItem\",\"position\":2,\"name\":\"ImagoTV, le Netflix \u00e9colo et engag\u00e9 veut lancer la 1\u00e8re chaine TV \u00ab\u00a0faite par et pour les citoyens\u00a0\u00bb\"}]},{\"@type\":\"WebSite\",\"@id\":\"https:\\\/\\\/bale.ch\\\/journal\\\/#website\",\"url\":\"https:\\\/\\\/bale.ch\\\/journal\\\/\",\"name\":\"Journal de B\u00e2le et Gen\u00e8ve\",\"description\":\"M\u00e9dia transfrontalier d&#039;actualit\u00e9s - News\",\"publisher\":{\"@id\":\"https:\\\/\\\/bale.ch\\\/journal\\\/#organization\"},\"potentialAction\":[{\"@type\":\"SearchAction\",\"target\":{\"@type\":\"EntryPoint\",\"urlTemplate\":\"https:\\\/\\\/bale.ch\\\/journal\\\/?s={search_term_string}\"},\"query-input\":{\"@type\":\"PropertyValueSpecification\",\"valueRequired\":true,\"valueName\":\"search_term_string\"}}],\"inLanguage\":\"fr-FR\"},{\"@type\":\"Organization\",\"@id\":\"https:\\\/\\\/bale.ch\\\/journal\\\/#organization\",\"name\":\"Journal de B\u00e2le et Gen\u00e8ve\",\"url\":\"https:\\\/\\\/bale.ch\\\/journal\\\/\",\"logo\":{\"@type\":\"ImageObject\",\"inLanguage\":\"fr-FR\",\"@id\":\"https:\\\/\\\/bale.ch\\\/journal\\\/#\\\/schema\\\/logo\\\/image\\\/\",\"url\":\"https:\\\/\\\/bale.ch\\\/journal\\\/wp-content\\\/uploads\\\/2023\\\/07\\\/journaldebale_logo_2023_nb.png\",\"contentUrl\":\"https:\\\/\\\/bale.ch\\\/journal\\\/wp-content\\\/uploads\\\/2023\\\/07\\\/journaldebale_logo_2023_nb.png\",\"width\":371,\"height\":127,\"caption\":\"Journal de B\u00e2le et Gen\u00e8ve\"},\"image\":{\"@id\":\"https:\\\/\\\/bale.ch\\\/journal\\\/#\\\/schema\\\/logo\\\/image\\\/\"}},{\"@type\":\"Person\",\"@id\":\"https:\\\/\\\/bale.ch\\\/journal\\\/#\\\/schema\\\/person\\\/03ced978db3b7a5274c5cef003f352f5\",\"name\":\"La R\u00e9daction\",\"image\":{\"@type\":\"ImageObject\",\"inLanguage\":\"fr-FR\",\"@id\":\"https:\\\/\\\/secure.gravatar.com\\\/avatar\\\/d1327e2ce8d2b860112f968a3f34686c9bdda7a463a1502cdd1070ac9d88cf1e?s=96&d=mm&r=g\",\"url\":\"https:\\\/\\\/secure.gravatar.com\\\/avatar\\\/d1327e2ce8d2b860112f968a3f34686c9bdda7a463a1502cdd1070ac9d88cf1e?s=96&d=mm&r=g\",\"contentUrl\":\"https:\\\/\\\/secure.gravatar.com\\\/avatar\\\/d1327e2ce8d2b860112f968a3f34686c9bdda7a463a1502cdd1070ac9d88cf1e?s=96&d=mm&r=g\",\"caption\":\"La R\u00e9daction\"},\"url\":\"https:\\\/\\\/bale.ch\\\/journal\\\/author\\\/laredaction\\\/\"}]}<\/script>\n<!-- \/ Yoast SEO plugin. -->","yoast_head_json":{"title":"ImagoTV, le Netflix \u00e9colo et engag\u00e9 veut lancer la 1\u00e8re chaine TV \"faite par et pour les citoyens\" - Journal de B\u00e2le et Gen\u00e8ve","robots":{"index":"index","follow":"follow","max-snippet":"max-snippet:-1","max-image-preview":"max-image-preview:large","max-video-preview":"max-video-preview:-1"},"canonical":"https:\/\/bale.ch\/journal\/imagotv-le-netflix-ecolo-et-engage-veut-lancer-la-1ere-chaine-tv-faite-par-et-pour-les-citoyens\/","og_locale":"fr_FR","og_type":"article","og_title":"ImagoTV, le Netflix \u00e9colo et engag\u00e9 veut lancer la 1\u00e8re chaine TV \"faite par et pour les citoyens\" - Journal de B\u00e2le et Gen\u00e8ve","og_description":"Lanc\u00e9e par deux jeunes Fran\u00e7ais, la plateforme internet Imago TV a vu le jour il y a quelques semaines.\u00a0Elle regroupe des s\u00e9lections aux th\u00e9matiques diverses touchant \u00e0 l&rsquo;\u00e9cologie et autres Continuer la lecture","og_url":"https:\/\/bale.ch\/journal\/imagotv-le-netflix-ecolo-et-engage-veut-lancer-la-1ere-chaine-tv-faite-par-et-pour-les-citoyens\/","og_site_name":"Journal de B\u00e2le et Gen\u00e8ve","article_published_time":"2019-01-08T22:17:53+00:00","article_modified_time":"2019-01-08T22:38:56+00:00","og_image":[{"width":830,"height":446,"url":"https:\/\/bale.ch\/journal\/wp-content\/uploads\/2019\/01\/imagotv_documentaires.jpg","type":"image\/jpeg"}],"author":"La R\u00e9daction","twitter_card":"summary_large_image","twitter_misc":{"\u00c9crit par":"La R\u00e9daction","Dur\u00e9e de lecture estim\u00e9e":"1 minute"},"schema":{"@context":"https:\/\/schema.org","@graph":[{"@type":"Article","@id":"https:\/\/bale.ch\/journal\/imagotv-le-netflix-ecolo-et-engage-veut-lancer-la-1ere-chaine-tv-faite-par-et-pour-les-citoyens\/#article","isPartOf":{"@id":"https:\/\/bale.ch\/journal\/imagotv-le-netflix-ecolo-et-engage-veut-lancer-la-1ere-chaine-tv-faite-par-et-pour-les-citoyens\/"},"author":{"name":"La R\u00e9daction","@id":"https:\/\/bale.ch\/journal\/#\/schema\/person\/03ced978db3b7a5274c5cef003f352f5"},"headline":"ImagoTV, le Netflix \u00e9colo et engag\u00e9 veut lancer la 1\u00e8re chaine TV \u00ab\u00a0faite par et pour les citoyens\u00a0\u00bb","datePublished":"2019-01-08T22:17:53+00:00","dateModified":"2019-01-08T22:38:56+00:00","mainEntityOfPage":{"@id":"https:\/\/bale.ch\/journal\/imagotv-le-netflix-ecolo-et-engage-veut-lancer-la-1ere-chaine-tv-faite-par-et-pour-les-citoyens\/"},"wordCount":235,"publisher":{"@id":"https:\/\/bale.ch\/journal\/#organization"},"image":{"@id":"https:\/\/bale.ch\/journal\/imagotv-le-netflix-ecolo-et-engage-veut-lancer-la-1ere-chaine-tv-faite-par-et-pour-les-citoyens\/#primaryimage"},"thumbnailUrl":"https:\/\/bale.ch\/journal\/wp-content\/uploads\/2019\/01\/imagotv_documentaires.jpg","keywords":["medias"],"articleSection":["Actualit\u00e9s","Culture"],"inLanguage":"fr-FR"},{"@type":"WebPage","@id":"https:\/\/bale.ch\/journal\/imagotv-le-netflix-ecolo-et-engage-veut-lancer-la-1ere-chaine-tv-faite-par-et-pour-les-citoyens\/","url":"https:\/\/bale.ch\/journal\/imagotv-le-netflix-ecolo-et-engage-veut-lancer-la-1ere-chaine-tv-faite-par-et-pour-les-citoyens\/","name":"ImagoTV, le Netflix \u00e9colo et engag\u00e9 veut lancer la 1\u00e8re chaine TV \"faite par et pour les citoyens\" - Journal de B\u00e2le et Gen\u00e8ve","isPartOf":{"@id":"https:\/\/bale.ch\/journal\/#website"},"primaryImageOfPage":{"@id":"https:\/\/bale.ch\/journal\/imagotv-le-netflix-ecolo-et-engage-veut-lancer-la-1ere-chaine-tv-faite-par-et-pour-les-citoyens\/#primaryimage"},"image":{"@id":"https:\/\/bale.ch\/journal\/imagotv-le-netflix-ecolo-et-engage-veut-lancer-la-1ere-chaine-tv-faite-par-et-pour-les-citoyens\/#primaryimage"},"thumbnailUrl":"https:\/\/bale.ch\/journal\/wp-content\/uploads\/2019\/01\/imagotv_documentaires.jpg","datePublished":"2019-01-08T22:17:53+00:00","dateModified":"2019-01-08T22:38:56+00:00","breadcrumb":{"@id":"https:\/\/bale.ch\/journal\/imagotv-le-netflix-ecolo-et-engage-veut-lancer-la-1ere-chaine-tv-faite-par-et-pour-les-citoyens\/#breadcrumb"},"inLanguage":"fr-FR","potentialAction":[{"@type":"ReadAction","target":["https:\/\/bale.ch\/journal\/imagotv-le-netflix-ecolo-et-engage-veut-lancer-la-1ere-chaine-tv-faite-par-et-pour-les-citoyens\/"]}]},{"@type":"ImageObject","inLanguage":"fr-FR","@id":"https:\/\/bale.ch\/journal\/imagotv-le-netflix-ecolo-et-engage-veut-lancer-la-1ere-chaine-tv-faite-par-et-pour-les-citoyens\/#primaryimage","url":"https:\/\/bale.ch\/journal\/wp-content\/uploads\/2019\/01\/imagotv_documentaires.jpg","contentUrl":"https:\/\/bale.ch\/journal\/wp-content\/uploads\/2019\/01\/imagotv_documentaires.jpg","width":830,"height":446},{"@type":"BreadcrumbList","@id":"https:\/\/bale.ch\/journal\/imagotv-le-netflix-ecolo-et-engage-veut-lancer-la-1ere-chaine-tv-faite-par-et-pour-les-citoyens\/#breadcrumb","itemListElement":[{"@type":"ListItem","position":1,"name":"Accueil","item":"https:\/\/bale.ch\/journal\/"},{"@type":"ListItem","position":2,"name":"ImagoTV, le Netflix \u00e9colo et engag\u00e9 veut lancer la 1\u00e8re chaine TV \u00ab\u00a0faite par et pour les citoyens\u00a0\u00bb"}]},{"@type":"WebSite","@id":"https:\/\/bale.ch\/journal\/#website","url":"https:\/\/bale.ch\/journal\/","name":"Journal de B\u00e2le et Gen\u00e8ve","description":"M\u00e9dia transfrontalier d&#039;actualit\u00e9s - News","publisher":{"@id":"https:\/\/bale.ch\/journal\/#organization"},"potentialAction":[{"@type":"SearchAction","target":{"@type":"EntryPoint","urlTemplate":"https:\/\/bale.ch\/journal\/?s={search_term_string}"},"query-input":{"@type":"PropertyValueSpecification","valueRequired":true,"valueName":"search_term_string"}}],"inLanguage":"fr-FR"},{"@type":"Organization","@id":"https:\/\/bale.ch\/journal\/#organization","name":"Journal de B\u00e2le et Gen\u00e8ve","url":"https:\/\/bale.ch\/journal\/","logo":{"@type":"ImageObject","inLanguage":"fr-FR","@id":"https:\/\/bale.ch\/journal\/#\/schema\/logo\/image\/","url":"https:\/\/bale.ch\/journal\/wp-content\/uploads\/2023\/07\/journaldebale_logo_2023_nb.png","contentUrl":"https:\/\/bale.ch\/journal\/wp-content\/uploads\/2023\/07\/journaldebale_logo_2023_nb.png","width":371,"height":127,"caption":"Journal de B\u00e2le et Gen\u00e8ve"},"image":{"@id":"https:\/\/bale.ch\/journal\/#\/schema\/logo\/image\/"}},{"@type":"Person","@id":"https:\/\/bale.ch\/journal\/#\/schema\/person\/03ced978db3b7a5274c5cef003f352f5","name":"La R\u00e9daction","image":{"@type":"ImageObject","inLanguage":"fr-FR","@id":"https:\/\/secure.gravatar.com\/avatar\/d1327e2ce8d2b860112f968a3f34686c9bdda7a463a1502cdd1070ac9d88cf1e?s=96&d=mm&r=g","url":"https:\/\/secure.gravatar.com\/avatar\/d1327e2ce8d2b860112f968a3f34686c9bdda7a463a1502cdd1070ac9d88cf1e?s=96&d=mm&r=g","contentUrl":"https:\/\/secure.gravatar.com\/avatar\/d1327e2ce8d2b860112f968a3f34686c9bdda7a463a1502cdd1070ac9d88cf1e?s=96&d=mm&r=g","caption":"La R\u00e9daction"},"url":"https:\/\/bale.ch\/journal\/author\/laredaction\/"}]}},"_links":{"self":[{"href":"https:\/\/bale.ch\/journal\/wp-json\/wp\/v2\/posts\/1711","targetHints":{"allow":["GET"]}}],"collection":[{"href":"https:\/\/bale.ch\/journal\/wp-json\/wp\/v2\/posts"}],"about":[{"href":"https:\/\/bale.ch\/journal\/wp-json\/wp\/v2\/types\/post"}],"author":[{"embeddable":true,"href":"https:\/\/bale.ch\/journal\/wp-json\/wp\/v2\/users\/2"}],"replies":[{"embeddable":true,"href":"https:\/\/bale.ch\/journal\/wp-json\/wp\/v2\/comments?post=1711"}],"version-history":[{"count":6,"href":"https:\/\/bale.ch\/journal\/wp-json\/wp\/v2\/posts\/1711\/revisions"}],"predecessor-version":[{"id":1718,"href":"https:\/\/bale.ch\/journal\/wp-json\/wp\/v2\/posts\/1711\/revisions\/1718"}],"wp:featuredmedia":[{"embeddable":true,"href":"https:\/\/bale.ch\/journal\/wp-json\/wp\/v2\/media\/1713"}],"wp:attachment":[{"href":"https:\/\/bale.ch\/journal\/wp-json\/wp\/v2\/media?parent=1711"}],"wp:term":[{"taxonomy":"category","embeddable":true,"href":"https:\/\/bale.ch\/journal\/wp-json\/wp\/v2\/categories?post=1711"},{"taxonomy":"post_tag","embeddable":true,"href":"https:\/\/bale.ch\/journal\/wp-json\/wp\/v2\/tags?post=1711"}],"curies":[{"name":"wp","href":"https:\/\/api.w.org\/{rel}","templated":true}]}}