{"id":1719,"date":"2019-01-09T20:33:32","date_gmt":"2019-01-09T20:33:32","guid":{"rendered":"http:\/\/bale.ch\/journal\/?p=1719"},"modified":"2019-01-09T20:38:06","modified_gmt":"2019-01-09T20:38:06","slug":"cafe-debat-sur-lamenagement-du-territoire-des-communes-savoyardes-a-lagglomeration-du-grand-geneve","status":"publish","type":"post","link":"https:\/\/bale.ch\/journal\/cafe-debat-sur-lamenagement-du-territoire-des-communes-savoyardes-a-lagglomeration-du-grand-geneve\/","title":{"rendered":"Caf\u00e9-d\u00e9bat sur l&rsquo;am\u00e9nagement du territoire: \u00ab\u00a0Des communes savoyardes \u00e0 l&rsquo;Agglom\u00e9ration du Grand Gen\u00e8ve\u00a0\u00bb"},"content":{"rendered":"<p><strong>En septante ans, le d\u00e9partement de la Haute-Savoie est pass\u00e9 de 250&rsquo;000 \u00e0 800&rsquo;000 habitants, non sans cons\u00e9quences sur son urbanisme et son environnement. Le canton de Gen\u00e8ve concentre les emplois, laissant aux d\u00e9partements voisins le soin de construire les logements destin\u00e9s \u00e0 accueillir sa main d&rsquo;\u0153uvre, en contrepartie du reversement d&rsquo;une contribution financi\u00e8re imagin\u00e9e en 1973.<\/strong><\/p>\n<p><!--more--><\/p>\n<p>Les communes savoyardes se sont lentement organis\u00e9es en syndicats intercommunaux, puis, le l\u00e9gislateur a mis en place de nouvelles intercommunalit\u00e9s, communaut\u00e9s de communes ou d&rsquo;agglom\u00e9ration, comp\u00e9tentes en mati\u00e8re d&rsquo;am\u00e9nagement du territoire, en liaison avec le d\u00e9partement de la Haute-Savoie et la R\u00e9gion. R\u00e9cemment, le Grand Gen\u00e8ve a enfin vu le jour apr\u00e8s une longue et difficile gestation. Cet organisme politique, financier et administratif, unique en son genre, est-il un atout pour la Savoie du Nord?<\/p>\n<p>Avec la participaton de Jean-Fran\u00e7ois Tanghe, guide-conf\u00e9rencier du minist\u00e8re de la culture; qui a travaill\u00e9 plus de quatre d\u00e9cennies au service des collectivit\u00e9s territoriales savoyardes.<\/p><div id=\"crieu-680696594\" class=\"crieu-content crieu-entity-placement\"><script async src=\"\/\/pagead2.googlesyndication.com\/pagead\/js\/adsbygoogle.js?client=ca-pub-5271584769416742\" crossorigin=\"anonymous\"><\/script><ins class=\"adsbygoogle\" style=\"display:block;\" data-ad-client=\"ca-pub-5271584769416742\" \ndata-ad-slot=\"9321250718\" \ndata-ad-format=\"auto\"><\/ins>\n<script> \n(adsbygoogle = window.adsbygoogle || []).push({}); \n<\/script>\n<\/div>\n<p>Nombre de place limit\u00e9, consommation \u00e0 r\u00e9gler sur place.<br \/>\n<strong>Mercredi 13 mars 2019 \u00e0 18h30<\/strong><br \/>\nL&rsquo;Aimant<br \/>\nAvenue de la Gare\u00a0263<br \/>\n74130 Bonneville<\/p>\n<div id=\"crieu-2138924705\" class=\"crieu-apres-le-contenu crieu-entity-placement\" style=\"margin-left: auto;margin-right: auto;text-align: center;\"><script async src=\"\/\/pagead2.googlesyndication.com\/pagead\/js\/adsbygoogle.js?client=ca-pub-5271584769416742\" crossorigin=\"anonymous\"><\/script><ins class=\"adsbygoogle\" style=\"display:block;\" data-ad-client=\"ca-pub-5271584769416742\" \ndata-ad-slot=\"9321250718\" \ndata-ad-format=\"auto\"><\/ins>\n<script> \n(adsbygoogle = window.adsbygoogle || []).push({}); \n<\/script>\n<\/div>","protected":false},"excerpt":{"rendered":"<p>En septante ans, le d\u00e9partement de la Haute-Savoie est pass\u00e9 de 250&rsquo;000 \u00e0 800&rsquo;000 habitants, non sans cons\u00e9quences sur son urbanisme et son environnement. Le canton de Gen\u00e8ve concentre les <a href=\"https:\/\/bale.ch\/journal\/cafe-debat-sur-lamenagement-du-territoire-des-communes-savoyardes-a-lagglomeration-du-grand-geneve\/\" class=\"read-more button-fancy -red\"><span class=\"btn-arrow\"><\/span><span class=\"twp-read-more text\">Continuer la lecture<\/span><\/a><\/p>\n","protected":false},"author":2,"featured_media":1720,"comment_status":"closed","ping_status":"closed","sticky":false,"template":"","format":"standard","meta":{"footnotes":""},"categories":[4,18],"tags":[111,59],"class_list":["post-1719","post","type-post","status-publish","format-standard","has-post-thumbnail","hentry","category-grand-geneve","category-sortir","tag-debats","tag-grand-geneve"],"yoast_head":"<!-- This site is optimized with the Yoast SEO plugin v28.3 - https:\/\/yoast.com\/product\/yoast-seo-wordpress\/ -->\n<title>Caf\u00e9-d\u00e9bat sur l&#039;am\u00e9nagement du territoire: &quot;Des communes savoyardes \u00e0 l&#039;Agglom\u00e9ration du Grand Gen\u00e8ve&quot; - Journal de B\u00e2le et Gen\u00e8ve<\/title>\n<meta name=\"robots\" content=\"index, follow, max-snippet:-1, max-image-preview:large, max-video-preview:-1\" \/>\n<link rel=\"canonical\" href=\"https:\/\/bale.ch\/journal\/cafe-debat-sur-lamenagement-du-territoire-des-communes-savoyardes-a-lagglomeration-du-grand-geneve\/\" \/>\n<meta property=\"og:locale\" content=\"fr_FR\" \/>\n<meta property=\"og:type\" content=\"article\" \/>\n<meta property=\"og:title\" content=\"Caf\u00e9-d\u00e9bat sur l&#039;am\u00e9nagement du territoire: &quot;Des communes savoyardes \u00e0 l&#039;Agglom\u00e9ration du Grand Gen\u00e8ve&quot; - Journal de B\u00e2le et Gen\u00e8ve\" \/>\n<meta property=\"og:description\" content=\"En septante ans, le d\u00e9partement de la Haute-Savoie est pass\u00e9 de 250&rsquo;000 \u00e0 800&rsquo;000 habitants, non sans cons\u00e9quences sur son urbanisme et son environnement. Le canton de Gen\u00e8ve concentre les Continuer la lecture\" \/>\n<meta property=\"og:url\" content=\"https:\/\/bale.ch\/journal\/cafe-debat-sur-lamenagement-du-territoire-des-communes-savoyardes-a-lagglomeration-du-grand-geneve\/\" \/>\n<meta property=\"og:site_name\" content=\"Journal de B\u00e2le et Gen\u00e8ve\" \/>\n<meta property=\"article:published_time\" content=\"2019-01-09T20:33:32+00:00\" \/>\n<meta property=\"article:modified_time\" content=\"2019-01-09T20:38:06+00:00\" \/>\n<meta property=\"og:image\" content=\"https:\/\/bale.ch\/journal\/wp-content\/uploads\/2019\/01\/grand_geneve_carte.jpg\" \/>\n\t<meta property=\"og:image:width\" content=\"830\" \/>\n\t<meta property=\"og:image:height\" content=\"446\" \/>\n\t<meta property=\"og:image:type\" content=\"image\/jpeg\" \/>\n<meta name=\"author\" content=\"La R\u00e9daction\" \/>\n<meta name=\"twitter:card\" content=\"summary_large_image\" \/>\n<meta name=\"twitter:label1\" content=\"\u00c9crit par\" \/>\n\t<meta name=\"twitter:data1\" content=\"La R\u00e9daction\" \/>\n\t<meta name=\"twitter:label2\" content=\"Dur\u00e9e de lecture estim\u00e9e\" \/>\n\t<meta name=\"twitter:data2\" content=\"1 minute\" \/>\n<script type=\"application\/ld+json\" class=\"yoast-schema-graph\">{\"@context\":\"https:\\\/\\\/schema.org\",\"@graph\":[{\"@type\":\"Article\",\"@id\":\"https:\\\/\\\/bale.ch\\\/journal\\\/cafe-debat-sur-lamenagement-du-territoire-des-communes-savoyardes-a-lagglomeration-du-grand-geneve\\\/#article\",\"isPartOf\":{\"@id\":\"https:\\\/\\\/bale.ch\\\/journal\\\/cafe-debat-sur-lamenagement-du-territoire-des-communes-savoyardes-a-lagglomeration-du-grand-geneve\\\/\"},\"author\":{\"name\":\"La R\u00e9daction\",\"@id\":\"https:\\\/\\\/bale.ch\\\/journal\\\/#\\\/schema\\\/person\\\/03ced978db3b7a5274c5cef003f352f5\"},\"headline\":\"Caf\u00e9-d\u00e9bat sur l&rsquo;am\u00e9nagement du territoire: \u00ab\u00a0Des communes savoyardes \u00e0 l&rsquo;Agglom\u00e9ration du Grand Gen\u00e8ve\u00a0\u00bb\",\"datePublished\":\"2019-01-09T20:33:32+00:00\",\"dateModified\":\"2019-01-09T20:38:06+00:00\",\"mainEntityOfPage\":{\"@id\":\"https:\\\/\\\/bale.ch\\\/journal\\\/cafe-debat-sur-lamenagement-du-territoire-des-communes-savoyardes-a-lagglomeration-du-grand-geneve\\\/\"},\"wordCount\":219,\"publisher\":{\"@id\":\"https:\\\/\\\/bale.ch\\\/journal\\\/#organization\"},\"image\":{\"@id\":\"https:\\\/\\\/bale.ch\\\/journal\\\/cafe-debat-sur-lamenagement-du-territoire-des-communes-savoyardes-a-lagglomeration-du-grand-geneve\\\/#primaryimage\"},\"thumbnailUrl\":\"https:\\\/\\\/bale.ch\\\/journal\\\/wp-content\\\/uploads\\\/2019\\\/01\\\/grand_geneve_carte.jpg\",\"keywords\":[\"D\u00e9bats\",\"Grand Gen\u00e8ve\"],\"articleSection\":[\"Grand Gen\u00e8ve\",\"Sortir\"],\"inLanguage\":\"fr-FR\"},{\"@type\":\"WebPage\",\"@id\":\"https:\\\/\\\/bale.ch\\\/journal\\\/cafe-debat-sur-lamenagement-du-territoire-des-communes-savoyardes-a-lagglomeration-du-grand-geneve\\\/\",\"url\":\"https:\\\/\\\/bale.ch\\\/journal\\\/cafe-debat-sur-lamenagement-du-territoire-des-communes-savoyardes-a-lagglomeration-du-grand-geneve\\\/\",\"name\":\"Caf\u00e9-d\u00e9bat sur l'am\u00e9nagement du territoire: \\\"Des communes savoyardes \u00e0 l'Agglom\u00e9ration du Grand Gen\u00e8ve\\\" - Journal de B\u00e2le et Gen\u00e8ve\",\"isPartOf\":{\"@id\":\"https:\\\/\\\/bale.ch\\\/journal\\\/#website\"},\"primaryImageOfPage\":{\"@id\":\"https:\\\/\\\/bale.ch\\\/journal\\\/cafe-debat-sur-lamenagement-du-territoire-des-communes-savoyardes-a-lagglomeration-du-grand-geneve\\\/#primaryimage\"},\"image\":{\"@id\":\"https:\\\/\\\/bale.ch\\\/journal\\\/cafe-debat-sur-lamenagement-du-territoire-des-communes-savoyardes-a-lagglomeration-du-grand-geneve\\\/#primaryimage\"},\"thumbnailUrl\":\"https:\\\/\\\/bale.ch\\\/journal\\\/wp-content\\\/uploads\\\/2019\\\/01\\\/grand_geneve_carte.jpg\",\"datePublished\":\"2019-01-09T20:33:32+00:00\",\"dateModified\":\"2019-01-09T20:38:06+00:00\",\"breadcrumb\":{\"@id\":\"https:\\\/\\\/bale.ch\\\/journal\\\/cafe-debat-sur-lamenagement-du-territoire-des-communes-savoyardes-a-lagglomeration-du-grand-geneve\\\/#breadcrumb\"},\"inLanguage\":\"fr-FR\",\"potentialAction\":[{\"@type\":\"ReadAction\",\"target\":[\"https:\\\/\\\/bale.ch\\\/journal\\\/cafe-debat-sur-lamenagement-du-territoire-des-communes-savoyardes-a-lagglomeration-du-grand-geneve\\\/\"]}]},{\"@type\":\"ImageObject\",\"inLanguage\":\"fr-FR\",\"@id\":\"https:\\\/\\\/bale.ch\\\/journal\\\/cafe-debat-sur-lamenagement-du-territoire-des-communes-savoyardes-a-lagglomeration-du-grand-geneve\\\/#primaryimage\",\"url\":\"https:\\\/\\\/bale.ch\\\/journal\\\/wp-content\\\/uploads\\\/2019\\\/01\\\/grand_geneve_carte.jpg\",\"contentUrl\":\"https:\\\/\\\/bale.ch\\\/journal\\\/wp-content\\\/uploads\\\/2019\\\/01\\\/grand_geneve_carte.jpg\",\"width\":830,\"height\":446},{\"@type\":\"BreadcrumbList\",\"@id\":\"https:\\\/\\\/bale.ch\\\/journal\\\/cafe-debat-sur-lamenagement-du-territoire-des-communes-savoyardes-a-lagglomeration-du-grand-geneve\\\/#breadcrumb\",\"itemListElement\":[{\"@type\":\"ListItem\",\"position\":1,\"name\":\"Accueil\",\"item\":\"https:\\\/\\\/bale.ch\\\/journal\\\/\"},{\"@type\":\"ListItem\",\"position\":2,\"name\":\"Caf\u00e9-d\u00e9bat sur l&rsquo;am\u00e9nagement du territoire: \u00ab\u00a0Des communes savoyardes \u00e0 l&rsquo;Agglom\u00e9ration du Grand Gen\u00e8ve\u00a0\u00bb\"}]},{\"@type\":\"WebSite\",\"@id\":\"https:\\\/\\\/bale.ch\\\/journal\\\/#website\",\"url\":\"https:\\\/\\\/bale.ch\\\/journal\\\/\",\"name\":\"Journal de B\u00e2le et Gen\u00e8ve\",\"description\":\"M\u00e9dia transfrontalier d&#039;actualit\u00e9s - News\",\"publisher\":{\"@id\":\"https:\\\/\\\/bale.ch\\\/journal\\\/#organization\"},\"potentialAction\":[{\"@type\":\"SearchAction\",\"target\":{\"@type\":\"EntryPoint\",\"urlTemplate\":\"https:\\\/\\\/bale.ch\\\/journal\\\/?s={search_term_string}\"},\"query-input\":{\"@type\":\"PropertyValueSpecification\",\"valueRequired\":true,\"valueName\":\"search_term_string\"}}],\"inLanguage\":\"fr-FR\"},{\"@type\":\"Organization\",\"@id\":\"https:\\\/\\\/bale.ch\\\/journal\\\/#organization\",\"name\":\"Journal de B\u00e2le et Gen\u00e8ve\",\"url\":\"https:\\\/\\\/bale.ch\\\/journal\\\/\",\"logo\":{\"@type\":\"ImageObject\",\"inLanguage\":\"fr-FR\",\"@id\":\"https:\\\/\\\/bale.ch\\\/journal\\\/#\\\/schema\\\/logo\\\/image\\\/\",\"url\":\"https:\\\/\\\/bale.ch\\\/journal\\\/wp-content\\\/uploads\\\/2023\\\/07\\\/journaldebale_logo_2023_nb.png\",\"contentUrl\":\"https:\\\/\\\/bale.ch\\\/journal\\\/wp-content\\\/uploads\\\/2023\\\/07\\\/journaldebale_logo_2023_nb.png\",\"width\":371,\"height\":127,\"caption\":\"Journal de B\u00e2le et Gen\u00e8ve\"},\"image\":{\"@id\":\"https:\\\/\\\/bale.ch\\\/journal\\\/#\\\/schema\\\/logo\\\/image\\\/\"}},{\"@type\":\"Person\",\"@id\":\"https:\\\/\\\/bale.ch\\\/journal\\\/#\\\/schema\\\/person\\\/03ced978db3b7a5274c5cef003f352f5\",\"name\":\"La R\u00e9daction\",\"image\":{\"@type\":\"ImageObject\",\"inLanguage\":\"fr-FR\",\"@id\":\"https:\\\/\\\/secure.gravatar.com\\\/avatar\\\/d1327e2ce8d2b860112f968a3f34686c9bdda7a463a1502cdd1070ac9d88cf1e?s=96&d=mm&r=g\",\"url\":\"https:\\\/\\\/secure.gravatar.com\\\/avatar\\\/d1327e2ce8d2b860112f968a3f34686c9bdda7a463a1502cdd1070ac9d88cf1e?s=96&d=mm&r=g\",\"contentUrl\":\"https:\\\/\\\/secure.gravatar.com\\\/avatar\\\/d1327e2ce8d2b860112f968a3f34686c9bdda7a463a1502cdd1070ac9d88cf1e?s=96&d=mm&r=g\",\"caption\":\"La R\u00e9daction\"},\"url\":\"https:\\\/\\\/bale.ch\\\/journal\\\/author\\\/laredaction\\\/\"}]}<\/script>\n<!-- \/ Yoast SEO plugin. -->","yoast_head_json":{"title":"Caf\u00e9-d\u00e9bat sur l'am\u00e9nagement du territoire: \"Des communes savoyardes \u00e0 l'Agglom\u00e9ration du Grand Gen\u00e8ve\" - Journal de B\u00e2le et Gen\u00e8ve","robots":{"index":"index","follow":"follow","max-snippet":"max-snippet:-1","max-image-preview":"max-image-preview:large","max-video-preview":"max-video-preview:-1"},"canonical":"https:\/\/bale.ch\/journal\/cafe-debat-sur-lamenagement-du-territoire-des-communes-savoyardes-a-lagglomeration-du-grand-geneve\/","og_locale":"fr_FR","og_type":"article","og_title":"Caf\u00e9-d\u00e9bat sur l'am\u00e9nagement du territoire: \"Des communes savoyardes \u00e0 l'Agglom\u00e9ration du Grand Gen\u00e8ve\" - Journal de B\u00e2le et Gen\u00e8ve","og_description":"En septante ans, le d\u00e9partement de la Haute-Savoie est pass\u00e9 de 250&rsquo;000 \u00e0 800&rsquo;000 habitants, non sans cons\u00e9quences sur son urbanisme et son environnement. Le canton de Gen\u00e8ve concentre les Continuer la lecture","og_url":"https:\/\/bale.ch\/journal\/cafe-debat-sur-lamenagement-du-territoire-des-communes-savoyardes-a-lagglomeration-du-grand-geneve\/","og_site_name":"Journal de B\u00e2le et Gen\u00e8ve","article_published_time":"2019-01-09T20:33:32+00:00","article_modified_time":"2019-01-09T20:38:06+00:00","og_image":[{"width":830,"height":446,"url":"https:\/\/bale.ch\/journal\/wp-content\/uploads\/2019\/01\/grand_geneve_carte.jpg","type":"image\/jpeg"}],"author":"La R\u00e9daction","twitter_card":"summary_large_image","twitter_misc":{"\u00c9crit par":"La R\u00e9daction","Dur\u00e9e de lecture estim\u00e9e":"1 minute"},"schema":{"@context":"https:\/\/schema.org","@graph":[{"@type":"Article","@id":"https:\/\/bale.ch\/journal\/cafe-debat-sur-lamenagement-du-territoire-des-communes-savoyardes-a-lagglomeration-du-grand-geneve\/#article","isPartOf":{"@id":"https:\/\/bale.ch\/journal\/cafe-debat-sur-lamenagement-du-territoire-des-communes-savoyardes-a-lagglomeration-du-grand-geneve\/"},"author":{"name":"La R\u00e9daction","@id":"https:\/\/bale.ch\/journal\/#\/schema\/person\/03ced978db3b7a5274c5cef003f352f5"},"headline":"Caf\u00e9-d\u00e9bat sur l&rsquo;am\u00e9nagement du territoire: \u00ab\u00a0Des communes savoyardes \u00e0 l&rsquo;Agglom\u00e9ration du Grand Gen\u00e8ve\u00a0\u00bb","datePublished":"2019-01-09T20:33:32+00:00","dateModified":"2019-01-09T20:38:06+00:00","mainEntityOfPage":{"@id":"https:\/\/bale.ch\/journal\/cafe-debat-sur-lamenagement-du-territoire-des-communes-savoyardes-a-lagglomeration-du-grand-geneve\/"},"wordCount":219,"publisher":{"@id":"https:\/\/bale.ch\/journal\/#organization"},"image":{"@id":"https:\/\/bale.ch\/journal\/cafe-debat-sur-lamenagement-du-territoire-des-communes-savoyardes-a-lagglomeration-du-grand-geneve\/#primaryimage"},"thumbnailUrl":"https:\/\/bale.ch\/journal\/wp-content\/uploads\/2019\/01\/grand_geneve_carte.jpg","keywords":["D\u00e9bats","Grand Gen\u00e8ve"],"articleSection":["Grand Gen\u00e8ve","Sortir"],"inLanguage":"fr-FR"},{"@type":"WebPage","@id":"https:\/\/bale.ch\/journal\/cafe-debat-sur-lamenagement-du-territoire-des-communes-savoyardes-a-lagglomeration-du-grand-geneve\/","url":"https:\/\/bale.ch\/journal\/cafe-debat-sur-lamenagement-du-territoire-des-communes-savoyardes-a-lagglomeration-du-grand-geneve\/","name":"Caf\u00e9-d\u00e9bat sur l'am\u00e9nagement du territoire: \"Des communes savoyardes \u00e0 l'Agglom\u00e9ration du Grand Gen\u00e8ve\" - Journal de B\u00e2le et Gen\u00e8ve","isPartOf":{"@id":"https:\/\/bale.ch\/journal\/#website"},"primaryImageOfPage":{"@id":"https:\/\/bale.ch\/journal\/cafe-debat-sur-lamenagement-du-territoire-des-communes-savoyardes-a-lagglomeration-du-grand-geneve\/#primaryimage"},"image":{"@id":"https:\/\/bale.ch\/journal\/cafe-debat-sur-lamenagement-du-territoire-des-communes-savoyardes-a-lagglomeration-du-grand-geneve\/#primaryimage"},"thumbnailUrl":"https:\/\/bale.ch\/journal\/wp-content\/uploads\/2019\/01\/grand_geneve_carte.jpg","datePublished":"2019-01-09T20:33:32+00:00","dateModified":"2019-01-09T20:38:06+00:00","breadcrumb":{"@id":"https:\/\/bale.ch\/journal\/cafe-debat-sur-lamenagement-du-territoire-des-communes-savoyardes-a-lagglomeration-du-grand-geneve\/#breadcrumb"},"inLanguage":"fr-FR","potentialAction":[{"@type":"ReadAction","target":["https:\/\/bale.ch\/journal\/cafe-debat-sur-lamenagement-du-territoire-des-communes-savoyardes-a-lagglomeration-du-grand-geneve\/"]}]},{"@type":"ImageObject","inLanguage":"fr-FR","@id":"https:\/\/bale.ch\/journal\/cafe-debat-sur-lamenagement-du-territoire-des-communes-savoyardes-a-lagglomeration-du-grand-geneve\/#primaryimage","url":"https:\/\/bale.ch\/journal\/wp-content\/uploads\/2019\/01\/grand_geneve_carte.jpg","contentUrl":"https:\/\/bale.ch\/journal\/wp-content\/uploads\/2019\/01\/grand_geneve_carte.jpg","width":830,"height":446},{"@type":"BreadcrumbList","@id":"https:\/\/bale.ch\/journal\/cafe-debat-sur-lamenagement-du-territoire-des-communes-savoyardes-a-lagglomeration-du-grand-geneve\/#breadcrumb","itemListElement":[{"@type":"ListItem","position":1,"name":"Accueil","item":"https:\/\/bale.ch\/journal\/"},{"@type":"ListItem","position":2,"name":"Caf\u00e9-d\u00e9bat sur l&rsquo;am\u00e9nagement du territoire: \u00ab\u00a0Des communes savoyardes \u00e0 l&rsquo;Agglom\u00e9ration du Grand Gen\u00e8ve\u00a0\u00bb"}]},{"@type":"WebSite","@id":"https:\/\/bale.ch\/journal\/#website","url":"https:\/\/bale.ch\/journal\/","name":"Journal de B\u00e2le et Gen\u00e8ve","description":"M\u00e9dia transfrontalier d&#039;actualit\u00e9s - News","publisher":{"@id":"https:\/\/bale.ch\/journal\/#organization"},"potentialAction":[{"@type":"SearchAction","target":{"@type":"EntryPoint","urlTemplate":"https:\/\/bale.ch\/journal\/?s={search_term_string}"},"query-input":{"@type":"PropertyValueSpecification","valueRequired":true,"valueName":"search_term_string"}}],"inLanguage":"fr-FR"},{"@type":"Organization","@id":"https:\/\/bale.ch\/journal\/#organization","name":"Journal de B\u00e2le et Gen\u00e8ve","url":"https:\/\/bale.ch\/journal\/","logo":{"@type":"ImageObject","inLanguage":"fr-FR","@id":"https:\/\/bale.ch\/journal\/#\/schema\/logo\/image\/","url":"https:\/\/bale.ch\/journal\/wp-content\/uploads\/2023\/07\/journaldebale_logo_2023_nb.png","contentUrl":"https:\/\/bale.ch\/journal\/wp-content\/uploads\/2023\/07\/journaldebale_logo_2023_nb.png","width":371,"height":127,"caption":"Journal de B\u00e2le et Gen\u00e8ve"},"image":{"@id":"https:\/\/bale.ch\/journal\/#\/schema\/logo\/image\/"}},{"@type":"Person","@id":"https:\/\/bale.ch\/journal\/#\/schema\/person\/03ced978db3b7a5274c5cef003f352f5","name":"La R\u00e9daction","image":{"@type":"ImageObject","inLanguage":"fr-FR","@id":"https:\/\/secure.gravatar.com\/avatar\/d1327e2ce8d2b860112f968a3f34686c9bdda7a463a1502cdd1070ac9d88cf1e?s=96&d=mm&r=g","url":"https:\/\/secure.gravatar.com\/avatar\/d1327e2ce8d2b860112f968a3f34686c9bdda7a463a1502cdd1070ac9d88cf1e?s=96&d=mm&r=g","contentUrl":"https:\/\/secure.gravatar.com\/avatar\/d1327e2ce8d2b860112f968a3f34686c9bdda7a463a1502cdd1070ac9d88cf1e?s=96&d=mm&r=g","caption":"La R\u00e9daction"},"url":"https:\/\/bale.ch\/journal\/author\/laredaction\/"}]}},"_links":{"self":[{"href":"https:\/\/bale.ch\/journal\/wp-json\/wp\/v2\/posts\/1719","targetHints":{"allow":["GET"]}}],"collection":[{"href":"https:\/\/bale.ch\/journal\/wp-json\/wp\/v2\/posts"}],"about":[{"href":"https:\/\/bale.ch\/journal\/wp-json\/wp\/v2\/types\/post"}],"author":[{"embeddable":true,"href":"https:\/\/bale.ch\/journal\/wp-json\/wp\/v2\/users\/2"}],"replies":[{"embeddable":true,"href":"https:\/\/bale.ch\/journal\/wp-json\/wp\/v2\/comments?post=1719"}],"version-history":[{"count":4,"href":"https:\/\/bale.ch\/journal\/wp-json\/wp\/v2\/posts\/1719\/revisions"}],"predecessor-version":[{"id":1724,"href":"https:\/\/bale.ch\/journal\/wp-json\/wp\/v2\/posts\/1719\/revisions\/1724"}],"wp:featuredmedia":[{"embeddable":true,"href":"https:\/\/bale.ch\/journal\/wp-json\/wp\/v2\/media\/1720"}],"wp:attachment":[{"href":"https:\/\/bale.ch\/journal\/wp-json\/wp\/v2\/media?parent=1719"}],"wp:term":[{"taxonomy":"category","embeddable":true,"href":"https:\/\/bale.ch\/journal\/wp-json\/wp\/v2\/categories?post=1719"},{"taxonomy":"post_tag","embeddable":true,"href":"https:\/\/bale.ch\/journal\/wp-json\/wp\/v2\/tags?post=1719"}],"curies":[{"name":"wp","href":"https:\/\/api.w.org\/{rel}","templated":true}]}}