{"id":172,"date":"2015-09-24T18:16:11","date_gmt":"2015-09-24T18:16:11","guid":{"rendered":"http:\/\/bale.ch\/journal\/?p=172"},"modified":"2016-06-13T20:28:41","modified_gmt":"2016-06-13T20:28:41","slug":"ces-romands-qui-ont-fait-lhistoire-de-france","status":"publish","type":"post","link":"https:\/\/bale.ch\/journal\/ces-romands-qui-ont-fait-lhistoire-de-france\/","title":{"rendered":"Ces Romands qui ont fait l&rsquo;histoire de France"},"content":{"rendered":"<div class=\"crayon article-chapo-496 chapo\">\n<p><span class=\"spip_in\">Conf\u00e9rence: ces Romands qui ont fait l\u2019Histoire de France<\/span><br \/>\nC&rsquo;est par accident que Calvin se fixe \u00e0 Gen\u00e8ve&#8230; Napol\u00e9on III a \u00e9t\u00e9 suisse&#8230; ou l\u2019histoire de cette population qui parlait l\u2019<a href=\"http:\/\/francoprovencal.org\">arpitan<\/a>.<\/p>\n<p><img decoding=\"async\" style=\"margin: 5px; float: left;\" src=\"images\/images_articles\/Histoire\/ces_romands_qui_ont_fait_l_histoire_de_france_philippe_souaille.png\" alt=\"\" \/><\/p>\n<\/div>\n<div class=\"crayon article-texte-496 texte\">\n<p><img loading=\"lazy\" decoding=\"async\" class=\"puce\" src=\"http:\/\/www.universitepourtous.net\/local\/cache-vignettes\/L16xH14\/puce-811ba.gif\" alt=\"-\" width=\"16\" height=\"14\" \/>\u00a0<strong>12 octobre 2015 &#8211; Philippe Souaille, journaliste, cin\u00e9aste et politologue franco-suisse<\/strong><\/p>\n<p><strong><img loading=\"lazy\" decoding=\"async\" class=\"puce\" src=\"http:\/\/www.universitepourtous.net\/local\/cache-vignettes\/L16xH14\/puce-811ba.gif\" alt=\"-\" width=\"16\" height=\"14\" \/><\/strong>\u00a0 20H &#8211; l\u2019esplanade du lac &#8211; <strong><strong class=\"caractencadre-spip spip\">Divonne les Bains <\/strong><\/strong><\/p><div id=\"crieu-2876459869\" class=\"crieu-content crieu-entity-placement\"><script async src=\"\/\/pagead2.googlesyndication.com\/pagead\/js\/adsbygoogle.js?client=ca-pub-5271584769416742\" crossorigin=\"anonymous\"><\/script><ins class=\"adsbygoogle\" style=\"display:block;\" data-ad-client=\"ca-pub-5271584769416742\" \ndata-ad-slot=\"9321250718\" \ndata-ad-format=\"auto\"><\/ins>\n<script> \n(adsbygoogle = window.adsbygoogle || []).push({}); \n<\/script>\n<\/div>\n<p><img loading=\"lazy\" decoding=\"async\" class=\"puce\" src=\"http:\/\/www.universitepourtous.net\/local\/cache-vignettes\/L16xH14\/puce-811ba.gif\" alt=\"-\" width=\"16\" height=\"14\" \/>\u00a0<strong><strong class=\"caractencadre-spip spip\"> Billets \u00e0 l\u2019entr\u00e9e\u00a0: 7 \u20ac &#8211; 5 \u20ac pour les membres abonn\u00e9s-adh\u00e9rents <\/strong><\/strong><\/p>\n<p><strong>Depuis l\u2019Antiquit\u00e9, Gen\u00e8ve est un carrefour, seul point de passage sur le Rh\u00f4ne \u00e0 des centaines de kilom\u00e8tres \u00e0 la ronde.<\/strong><\/p>\n<p>Au V\u00e8me si\u00e8cle, elle se voit d\u00e9j\u00e0 rivale de Rome. A la fin du Moyen \u00e2ge, ses foires sont les plus importantes d\u2019Europe et deux des quatre antipapes la consid\u00e8rent comme leur capitale, le premier lui ayant accord\u00e9 le droit de pr\u00eater \u00e0 int\u00e9r\u00eat, base de sa prosp\u00e9rit\u00e9. <br class=\"autobr\" \/>Le second y fait n\u00e9gocier la fin de la guerre de Cent ans.<\/p>\n<p>La R\u00e9forme et Jean Calvin vont l\u2019isoler de son arri\u00e8re pays, apr\u00e8s bien des p\u00e9rip\u00e9ties.<\/p>\n<p>Le Si\u00e8cle des Lumi\u00e8res la voit \u00e9clairer l\u2019Europe, gr\u00e2ce \u00e0 la libert\u00e9 de presse et d\u2019impression qu\u2019elle ch\u00e9rit.<\/p>\n<p>Au XIX\u00e8me, on y invente la Croix-Rouge et l\u2019Internationale des Travailleurs.<\/p>\n<p>A la fois ville de commerce et centre de n\u00e9gociations internationales, elle fourbit sa double image depuis des si\u00e8cles, de finances et de paix, symbole de lib\u00e9ralisme.<\/p>\n<p><strong><strong class=\"caractencadre-spip spip\">\u2019Ces Romands qui ont fait l\u2019Histoire de France\u2019<\/strong>, genevois d\u2019origine, d\u2019adoption ou de c\u0153ur, ont ,en fait, fait que c\u2019est bel et bien \u00e0 Gen\u00e8ve, et dans aucune autre ville fran\u00e7aise hormis Paris, qu\u2019eurent lieu bon nombre d\u2019\u00e9v\u00e9nements fondamentaux pour l\u2019histoire de France et m\u00eame l\u2019histoire du monde. <\/strong><\/p>\n<p>Texte de Philippe Souaille<\/p>\n<p><img loading=\"lazy\" decoding=\"async\" class=\"puce\" src=\"http:\/\/www.universitepourtous.net\/local\/cache-vignettes\/L16xH14\/puce-811ba.gif\" alt=\"-\" width=\"16\" height=\"14\" \/>\u00a0<strong>\u00e0 l\u2019issue de la pr\u00e9sentation et discussion, le conf\u00e9rencier proposera son livre \u2019Ces Romands qui ont fait l\u2019Histoire de France\u2019 &#8211; 24 \u20ac &#8211; et le d\u00e9dicacera. <\/strong><\/p>\n<h3 class=\"spip\">&#8230; quelques r\u00e9f\u00e9rences<\/h3>\n<p><img loading=\"lazy\" decoding=\"async\" class=\"puce\" src=\"http:\/\/www.universitepourtous.net\/local\/cache-vignettes\/L16xH14\/puce-811ba.gif\" alt=\"-\" width=\"16\" height=\"14\" \/>\u00a0<strong><a class=\"spip_out\" href=\"http:\/\/www.filmsdocumentaires.com\/auteurs\/256-philippe-souaille\" rel=\"external\">Philippe Souaille<\/a><\/strong><\/p>\n<p><img loading=\"lazy\" decoding=\"async\" class=\"puce\" src=\"http:\/\/www.universitepourtous.net\/local\/cache-vignettes\/L16xH14\/puce-811ba.gif\" alt=\"-\" width=\"16\" height=\"14\" \/>\u00a0<strong><a class=\"spip_in\" href=\"http:\/\/www.universitepourtous.net\/IMG\/pdf\/refesouailleconfoct2015.pdf\" type=\"application\/pdf\">&#8230; le livre<\/a><\/strong><\/p>\n<p><img loading=\"lazy\" decoding=\"async\" class=\"puce\" src=\"http:\/\/www.universitepourtous.net\/local\/cache-vignettes\/L16xH14\/puce-811ba.gif\" alt=\"-\" width=\"16\" height=\"14\" \/>\u00a0<strong><a class=\"spip_in\" href=\"http:\/\/www.universitepourtous.net\/IMG\/pdf\/arpitan.pdf\" type=\"application\/pdf\">&#8230; apprenez l\u2019arpitan<\/a><\/strong><\/p>\n<\/div>\n<div id=\"crieu-405370884\" class=\"crieu-apres-le-contenu crieu-entity-placement\" style=\"margin-left: auto;margin-right: auto;text-align: center;\"><script async src=\"\/\/pagead2.googlesyndication.com\/pagead\/js\/adsbygoogle.js?client=ca-pub-5271584769416742\" crossorigin=\"anonymous\"><\/script><ins class=\"adsbygoogle\" style=\"display:block;\" data-ad-client=\"ca-pub-5271584769416742\" \ndata-ad-slot=\"9321250718\" \ndata-ad-format=\"auto\"><\/ins>\n<script> \n(adsbygoogle = window.adsbygoogle || []).push({}); \n<\/script>\n<\/div>","protected":false},"excerpt":{"rendered":"<p>Conf\u00e9rence: ces Romands qui ont fait l\u2019Histoire de France C&rsquo;est par accident que Calvin se fixe \u00e0 Gen\u00e8ve&#8230; Napol\u00e9on III a \u00e9t\u00e9 suisse&#8230; ou l\u2019histoire de cette population qui parlait <a href=\"https:\/\/bale.ch\/journal\/ces-romands-qui-ont-fait-lhistoire-de-france\/\" class=\"read-more button-fancy -red\"><span class=\"btn-arrow\"><\/span><span class=\"twp-read-more text\">Continuer la lecture<\/span><\/a><\/p>\n","protected":false},"author":2,"featured_media":173,"comment_status":"closed","ping_status":"closed","sticky":false,"template":"","format":"standard","meta":{"footnotes":""},"categories":[4,18,8],"tags":[45,46],"class_list":["post-172","post","type-post","status-publish","format-standard","has-post-thumbnail","hentry","category-grand-geneve","category-sortir","category-suisse","tag-conference","tag-histoire"],"yoast_head":"<!-- This site is optimized with the Yoast SEO plugin v28.3 - https:\/\/yoast.com\/product\/yoast-seo-wordpress\/ -->\n<title>Ces Romands qui ont fait l&#039;histoire de France - Journal de B\u00e2le et Gen\u00e8ve<\/title>\n<meta name=\"robots\" content=\"index, follow, max-snippet:-1, max-image-preview:large, max-video-preview:-1\" \/>\n<link rel=\"canonical\" href=\"https:\/\/bale.ch\/journal\/ces-romands-qui-ont-fait-lhistoire-de-france\/\" \/>\n<meta property=\"og:locale\" content=\"fr_FR\" \/>\n<meta property=\"og:type\" content=\"article\" \/>\n<meta property=\"og:title\" content=\"Ces Romands qui ont fait l&#039;histoire de France - Journal de B\u00e2le et Gen\u00e8ve\" \/>\n<meta property=\"og:description\" content=\"Conf\u00e9rence: ces Romands qui ont fait l\u2019Histoire de France C&rsquo;est par accident que Calvin se fixe \u00e0 Gen\u00e8ve&#8230; Napol\u00e9on III a \u00e9t\u00e9 suisse&#8230; ou l\u2019histoire de cette population qui parlait Continuer la lecture\" \/>\n<meta property=\"og:url\" content=\"https:\/\/bale.ch\/journal\/ces-romands-qui-ont-fait-lhistoire-de-france\/\" \/>\n<meta property=\"og:site_name\" content=\"Journal de B\u00e2le et Gen\u00e8ve\" \/>\n<meta property=\"article:published_time\" content=\"2015-09-24T18:16:11+00:00\" \/>\n<meta property=\"article:modified_time\" content=\"2016-06-13T20:28:41+00:00\" \/>\n<meta property=\"og:image\" content=\"https:\/\/bale.ch\/journal\/wp-content\/uploads\/2015\/10\/philippe_Souaille.jpg\" \/>\n\t<meta property=\"og:image:width\" content=\"720\" \/>\n\t<meta property=\"og:image:height\" content=\"960\" \/>\n\t<meta property=\"og:image:type\" content=\"image\/jpeg\" \/>\n<meta name=\"author\" content=\"La R\u00e9daction\" \/>\n<meta name=\"twitter:card\" content=\"summary_large_image\" \/>\n<meta name=\"twitter:label1\" content=\"\u00c9crit par\" \/>\n\t<meta name=\"twitter:data1\" content=\"La R\u00e9daction\" \/>\n\t<meta name=\"twitter:label2\" content=\"Dur\u00e9e de lecture estim\u00e9e\" \/>\n\t<meta name=\"twitter:data2\" content=\"2 minutes\" \/>\n<script type=\"application\/ld+json\" class=\"yoast-schema-graph\">{\"@context\":\"https:\\\/\\\/schema.org\",\"@graph\":[{\"@type\":\"Article\",\"@id\":\"https:\\\/\\\/bale.ch\\\/journal\\\/ces-romands-qui-ont-fait-lhistoire-de-france\\\/#article\",\"isPartOf\":{\"@id\":\"https:\\\/\\\/bale.ch\\\/journal\\\/ces-romands-qui-ont-fait-lhistoire-de-france\\\/\"},\"author\":{\"name\":\"La R\u00e9daction\",\"@id\":\"https:\\\/\\\/bale.ch\\\/journal\\\/#\\\/schema\\\/person\\\/03ced978db3b7a5274c5cef003f352f5\"},\"headline\":\"Ces Romands qui ont fait l&rsquo;histoire de France\",\"datePublished\":\"2015-09-24T18:16:11+00:00\",\"dateModified\":\"2016-06-13T20:28:41+00:00\",\"mainEntityOfPage\":{\"@id\":\"https:\\\/\\\/bale.ch\\\/journal\\\/ces-romands-qui-ont-fait-lhistoire-de-france\\\/\"},\"wordCount\":362,\"publisher\":{\"@id\":\"https:\\\/\\\/bale.ch\\\/journal\\\/#organization\"},\"image\":{\"@id\":\"https:\\\/\\\/bale.ch\\\/journal\\\/ces-romands-qui-ont-fait-lhistoire-de-france\\\/#primaryimage\"},\"thumbnailUrl\":\"https:\\\/\\\/bale.ch\\\/journal\\\/wp-content\\\/uploads\\\/2015\\\/10\\\/philippe_Souaille.jpg\",\"keywords\":[\"Conf\u00e9rence\",\"Histoire\"],\"articleSection\":[\"Grand Gen\u00e8ve\",\"Sortir\",\"Suisse\"],\"inLanguage\":\"fr-FR\"},{\"@type\":\"WebPage\",\"@id\":\"https:\\\/\\\/bale.ch\\\/journal\\\/ces-romands-qui-ont-fait-lhistoire-de-france\\\/\",\"url\":\"https:\\\/\\\/bale.ch\\\/journal\\\/ces-romands-qui-ont-fait-lhistoire-de-france\\\/\",\"name\":\"Ces Romands qui ont fait l'histoire de France - Journal de B\u00e2le et Gen\u00e8ve\",\"isPartOf\":{\"@id\":\"https:\\\/\\\/bale.ch\\\/journal\\\/#website\"},\"primaryImageOfPage\":{\"@id\":\"https:\\\/\\\/bale.ch\\\/journal\\\/ces-romands-qui-ont-fait-lhistoire-de-france\\\/#primaryimage\"},\"image\":{\"@id\":\"https:\\\/\\\/bale.ch\\\/journal\\\/ces-romands-qui-ont-fait-lhistoire-de-france\\\/#primaryimage\"},\"thumbnailUrl\":\"https:\\\/\\\/bale.ch\\\/journal\\\/wp-content\\\/uploads\\\/2015\\\/10\\\/philippe_Souaille.jpg\",\"datePublished\":\"2015-09-24T18:16:11+00:00\",\"dateModified\":\"2016-06-13T20:28:41+00:00\",\"breadcrumb\":{\"@id\":\"https:\\\/\\\/bale.ch\\\/journal\\\/ces-romands-qui-ont-fait-lhistoire-de-france\\\/#breadcrumb\"},\"inLanguage\":\"fr-FR\",\"potentialAction\":[{\"@type\":\"ReadAction\",\"target\":[\"https:\\\/\\\/bale.ch\\\/journal\\\/ces-romands-qui-ont-fait-lhistoire-de-france\\\/\"]}]},{\"@type\":\"ImageObject\",\"inLanguage\":\"fr-FR\",\"@id\":\"https:\\\/\\\/bale.ch\\\/journal\\\/ces-romands-qui-ont-fait-lhistoire-de-france\\\/#primaryimage\",\"url\":\"https:\\\/\\\/bale.ch\\\/journal\\\/wp-content\\\/uploads\\\/2015\\\/10\\\/philippe_Souaille.jpg\",\"contentUrl\":\"https:\\\/\\\/bale.ch\\\/journal\\\/wp-content\\\/uploads\\\/2015\\\/10\\\/philippe_Souaille.jpg\",\"width\":720,\"height\":960,\"caption\":\"Philippe Souaille\"},{\"@type\":\"BreadcrumbList\",\"@id\":\"https:\\\/\\\/bale.ch\\\/journal\\\/ces-romands-qui-ont-fait-lhistoire-de-france\\\/#breadcrumb\",\"itemListElement\":[{\"@type\":\"ListItem\",\"position\":1,\"name\":\"Accueil\",\"item\":\"https:\\\/\\\/bale.ch\\\/journal\\\/\"},{\"@type\":\"ListItem\",\"position\":2,\"name\":\"Ces Romands qui ont fait l&rsquo;histoire de France\"}]},{\"@type\":\"WebSite\",\"@id\":\"https:\\\/\\\/bale.ch\\\/journal\\\/#website\",\"url\":\"https:\\\/\\\/bale.ch\\\/journal\\\/\",\"name\":\"Journal de B\u00e2le et Gen\u00e8ve\",\"description\":\"M\u00e9dia transfrontalier d&#039;actualit\u00e9s - News\",\"publisher\":{\"@id\":\"https:\\\/\\\/bale.ch\\\/journal\\\/#organization\"},\"potentialAction\":[{\"@type\":\"SearchAction\",\"target\":{\"@type\":\"EntryPoint\",\"urlTemplate\":\"https:\\\/\\\/bale.ch\\\/journal\\\/?s={search_term_string}\"},\"query-input\":{\"@type\":\"PropertyValueSpecification\",\"valueRequired\":true,\"valueName\":\"search_term_string\"}}],\"inLanguage\":\"fr-FR\"},{\"@type\":\"Organization\",\"@id\":\"https:\\\/\\\/bale.ch\\\/journal\\\/#organization\",\"name\":\"Journal de B\u00e2le et Gen\u00e8ve\",\"url\":\"https:\\\/\\\/bale.ch\\\/journal\\\/\",\"logo\":{\"@type\":\"ImageObject\",\"inLanguage\":\"fr-FR\",\"@id\":\"https:\\\/\\\/bale.ch\\\/journal\\\/#\\\/schema\\\/logo\\\/image\\\/\",\"url\":\"https:\\\/\\\/bale.ch\\\/journal\\\/wp-content\\\/uploads\\\/2023\\\/07\\\/journaldebale_logo_2023_nb.png\",\"contentUrl\":\"https:\\\/\\\/bale.ch\\\/journal\\\/wp-content\\\/uploads\\\/2023\\\/07\\\/journaldebale_logo_2023_nb.png\",\"width\":371,\"height\":127,\"caption\":\"Journal de B\u00e2le et Gen\u00e8ve\"},\"image\":{\"@id\":\"https:\\\/\\\/bale.ch\\\/journal\\\/#\\\/schema\\\/logo\\\/image\\\/\"}},{\"@type\":\"Person\",\"@id\":\"https:\\\/\\\/bale.ch\\\/journal\\\/#\\\/schema\\\/person\\\/03ced978db3b7a5274c5cef003f352f5\",\"name\":\"La R\u00e9daction\",\"image\":{\"@type\":\"ImageObject\",\"inLanguage\":\"fr-FR\",\"@id\":\"https:\\\/\\\/secure.gravatar.com\\\/avatar\\\/d1327e2ce8d2b860112f968a3f34686c9bdda7a463a1502cdd1070ac9d88cf1e?s=96&d=mm&r=g\",\"url\":\"https:\\\/\\\/secure.gravatar.com\\\/avatar\\\/d1327e2ce8d2b860112f968a3f34686c9bdda7a463a1502cdd1070ac9d88cf1e?s=96&d=mm&r=g\",\"contentUrl\":\"https:\\\/\\\/secure.gravatar.com\\\/avatar\\\/d1327e2ce8d2b860112f968a3f34686c9bdda7a463a1502cdd1070ac9d88cf1e?s=96&d=mm&r=g\",\"caption\":\"La R\u00e9daction\"},\"url\":\"https:\\\/\\\/bale.ch\\\/journal\\\/author\\\/laredaction\\\/\"}]}<\/script>\n<!-- \/ Yoast SEO plugin. -->","yoast_head_json":{"title":"Ces Romands qui ont fait l'histoire de France - Journal de B\u00e2le et Gen\u00e8ve","robots":{"index":"index","follow":"follow","max-snippet":"max-snippet:-1","max-image-preview":"max-image-preview:large","max-video-preview":"max-video-preview:-1"},"canonical":"https:\/\/bale.ch\/journal\/ces-romands-qui-ont-fait-lhistoire-de-france\/","og_locale":"fr_FR","og_type":"article","og_title":"Ces Romands qui ont fait l'histoire de France - Journal de B\u00e2le et Gen\u00e8ve","og_description":"Conf\u00e9rence: ces Romands qui ont fait l\u2019Histoire de France C&rsquo;est par accident que Calvin se fixe \u00e0 Gen\u00e8ve&#8230; Napol\u00e9on III a \u00e9t\u00e9 suisse&#8230; ou l\u2019histoire de cette population qui parlait Continuer la lecture","og_url":"https:\/\/bale.ch\/journal\/ces-romands-qui-ont-fait-lhistoire-de-france\/","og_site_name":"Journal de B\u00e2le et Gen\u00e8ve","article_published_time":"2015-09-24T18:16:11+00:00","article_modified_time":"2016-06-13T20:28:41+00:00","og_image":[{"width":720,"height":960,"url":"https:\/\/bale.ch\/journal\/wp-content\/uploads\/2015\/10\/philippe_Souaille.jpg","type":"image\/jpeg"}],"author":"La R\u00e9daction","twitter_card":"summary_large_image","twitter_misc":{"\u00c9crit par":"La R\u00e9daction","Dur\u00e9e de lecture estim\u00e9e":"2 minutes"},"schema":{"@context":"https:\/\/schema.org","@graph":[{"@type":"Article","@id":"https:\/\/bale.ch\/journal\/ces-romands-qui-ont-fait-lhistoire-de-france\/#article","isPartOf":{"@id":"https:\/\/bale.ch\/journal\/ces-romands-qui-ont-fait-lhistoire-de-france\/"},"author":{"name":"La R\u00e9daction","@id":"https:\/\/bale.ch\/journal\/#\/schema\/person\/03ced978db3b7a5274c5cef003f352f5"},"headline":"Ces Romands qui ont fait l&rsquo;histoire de France","datePublished":"2015-09-24T18:16:11+00:00","dateModified":"2016-06-13T20:28:41+00:00","mainEntityOfPage":{"@id":"https:\/\/bale.ch\/journal\/ces-romands-qui-ont-fait-lhistoire-de-france\/"},"wordCount":362,"publisher":{"@id":"https:\/\/bale.ch\/journal\/#organization"},"image":{"@id":"https:\/\/bale.ch\/journal\/ces-romands-qui-ont-fait-lhistoire-de-france\/#primaryimage"},"thumbnailUrl":"https:\/\/bale.ch\/journal\/wp-content\/uploads\/2015\/10\/philippe_Souaille.jpg","keywords":["Conf\u00e9rence","Histoire"],"articleSection":["Grand Gen\u00e8ve","Sortir","Suisse"],"inLanguage":"fr-FR"},{"@type":"WebPage","@id":"https:\/\/bale.ch\/journal\/ces-romands-qui-ont-fait-lhistoire-de-france\/","url":"https:\/\/bale.ch\/journal\/ces-romands-qui-ont-fait-lhistoire-de-france\/","name":"Ces Romands qui ont fait l'histoire de France - Journal de B\u00e2le et Gen\u00e8ve","isPartOf":{"@id":"https:\/\/bale.ch\/journal\/#website"},"primaryImageOfPage":{"@id":"https:\/\/bale.ch\/journal\/ces-romands-qui-ont-fait-lhistoire-de-france\/#primaryimage"},"image":{"@id":"https:\/\/bale.ch\/journal\/ces-romands-qui-ont-fait-lhistoire-de-france\/#primaryimage"},"thumbnailUrl":"https:\/\/bale.ch\/journal\/wp-content\/uploads\/2015\/10\/philippe_Souaille.jpg","datePublished":"2015-09-24T18:16:11+00:00","dateModified":"2016-06-13T20:28:41+00:00","breadcrumb":{"@id":"https:\/\/bale.ch\/journal\/ces-romands-qui-ont-fait-lhistoire-de-france\/#breadcrumb"},"inLanguage":"fr-FR","potentialAction":[{"@type":"ReadAction","target":["https:\/\/bale.ch\/journal\/ces-romands-qui-ont-fait-lhistoire-de-france\/"]}]},{"@type":"ImageObject","inLanguage":"fr-FR","@id":"https:\/\/bale.ch\/journal\/ces-romands-qui-ont-fait-lhistoire-de-france\/#primaryimage","url":"https:\/\/bale.ch\/journal\/wp-content\/uploads\/2015\/10\/philippe_Souaille.jpg","contentUrl":"https:\/\/bale.ch\/journal\/wp-content\/uploads\/2015\/10\/philippe_Souaille.jpg","width":720,"height":960,"caption":"Philippe Souaille"},{"@type":"BreadcrumbList","@id":"https:\/\/bale.ch\/journal\/ces-romands-qui-ont-fait-lhistoire-de-france\/#breadcrumb","itemListElement":[{"@type":"ListItem","position":1,"name":"Accueil","item":"https:\/\/bale.ch\/journal\/"},{"@type":"ListItem","position":2,"name":"Ces Romands qui ont fait l&rsquo;histoire de France"}]},{"@type":"WebSite","@id":"https:\/\/bale.ch\/journal\/#website","url":"https:\/\/bale.ch\/journal\/","name":"Journal de B\u00e2le et Gen\u00e8ve","description":"M\u00e9dia transfrontalier d&#039;actualit\u00e9s - News","publisher":{"@id":"https:\/\/bale.ch\/journal\/#organization"},"potentialAction":[{"@type":"SearchAction","target":{"@type":"EntryPoint","urlTemplate":"https:\/\/bale.ch\/journal\/?s={search_term_string}"},"query-input":{"@type":"PropertyValueSpecification","valueRequired":true,"valueName":"search_term_string"}}],"inLanguage":"fr-FR"},{"@type":"Organization","@id":"https:\/\/bale.ch\/journal\/#organization","name":"Journal de B\u00e2le et Gen\u00e8ve","url":"https:\/\/bale.ch\/journal\/","logo":{"@type":"ImageObject","inLanguage":"fr-FR","@id":"https:\/\/bale.ch\/journal\/#\/schema\/logo\/image\/","url":"https:\/\/bale.ch\/journal\/wp-content\/uploads\/2023\/07\/journaldebale_logo_2023_nb.png","contentUrl":"https:\/\/bale.ch\/journal\/wp-content\/uploads\/2023\/07\/journaldebale_logo_2023_nb.png","width":371,"height":127,"caption":"Journal de B\u00e2le et Gen\u00e8ve"},"image":{"@id":"https:\/\/bale.ch\/journal\/#\/schema\/logo\/image\/"}},{"@type":"Person","@id":"https:\/\/bale.ch\/journal\/#\/schema\/person\/03ced978db3b7a5274c5cef003f352f5","name":"La R\u00e9daction","image":{"@type":"ImageObject","inLanguage":"fr-FR","@id":"https:\/\/secure.gravatar.com\/avatar\/d1327e2ce8d2b860112f968a3f34686c9bdda7a463a1502cdd1070ac9d88cf1e?s=96&d=mm&r=g","url":"https:\/\/secure.gravatar.com\/avatar\/d1327e2ce8d2b860112f968a3f34686c9bdda7a463a1502cdd1070ac9d88cf1e?s=96&d=mm&r=g","contentUrl":"https:\/\/secure.gravatar.com\/avatar\/d1327e2ce8d2b860112f968a3f34686c9bdda7a463a1502cdd1070ac9d88cf1e?s=96&d=mm&r=g","caption":"La R\u00e9daction"},"url":"https:\/\/bale.ch\/journal\/author\/laredaction\/"}]}},"_links":{"self":[{"href":"https:\/\/bale.ch\/journal\/wp-json\/wp\/v2\/posts\/172","targetHints":{"allow":["GET"]}}],"collection":[{"href":"https:\/\/bale.ch\/journal\/wp-json\/wp\/v2\/posts"}],"about":[{"href":"https:\/\/bale.ch\/journal\/wp-json\/wp\/v2\/types\/post"}],"author":[{"embeddable":true,"href":"https:\/\/bale.ch\/journal\/wp-json\/wp\/v2\/users\/2"}],"replies":[{"embeddable":true,"href":"https:\/\/bale.ch\/journal\/wp-json\/wp\/v2\/comments?post=172"}],"version-history":[{"count":2,"href":"https:\/\/bale.ch\/journal\/wp-json\/wp\/v2\/posts\/172\/revisions"}],"predecessor-version":[{"id":532,"href":"https:\/\/bale.ch\/journal\/wp-json\/wp\/v2\/posts\/172\/revisions\/532"}],"wp:featuredmedia":[{"embeddable":true,"href":"https:\/\/bale.ch\/journal\/wp-json\/wp\/v2\/media\/173"}],"wp:attachment":[{"href":"https:\/\/bale.ch\/journal\/wp-json\/wp\/v2\/media?parent=172"}],"wp:term":[{"taxonomy":"category","embeddable":true,"href":"https:\/\/bale.ch\/journal\/wp-json\/wp\/v2\/categories?post=172"},{"taxonomy":"post_tag","embeddable":true,"href":"https:\/\/bale.ch\/journal\/wp-json\/wp\/v2\/tags?post=172"}],"curies":[{"name":"wp","href":"https:\/\/api.w.org\/{rel}","templated":true}]}}