{"id":1725,"date":"2019-01-09T22:49:18","date_gmt":"2019-01-09T22:49:18","guid":{"rendered":"http:\/\/bale.ch\/journal\/?p=1725"},"modified":"2019-01-09T22:49:18","modified_gmt":"2019-01-09T22:49:18","slug":"theatre-pitoeff-creation-locale","status":"publish","type":"post","link":"https:\/\/bale.ch\/journal\/theatre-pitoeff-creation-locale\/","title":{"rendered":"Le th\u00e9\u00e2tre Pito\u00ebff sera mis \u00e0 disposition des compagnies ind\u00e9pendantes pour favoriser la diversit\u00e9 de la cr\u00e9ation locale"},"content":{"rendered":"<p><strong>D\u00e8s cette ann\u00e9e, le Th\u00e9\u00e2tre Pito\u00ebff sera ouvert aux compagnies ind\u00e9pendantes actives \u00e0 Gen\u00e8ve pour des r\u00e9sidences de cr\u00e9ation. Objectif : favoriser la diversit\u00e9 de la cr\u00e9ation locale.<\/strong><\/p>\n<p><!--more--><br \/>\nLa r\u00e9sidence de la Compagnie UTOPIA au Th\u00e9\u00e2tre Pito\u00ebff a pris fin en d\u00e9cembre 2018. D\u00e8s cette ann\u00e9e, la gestion du Th\u00e9\u00e2tre Pito\u00ebff est plac\u00e9e sous la responsabilit\u00e9 du Service culturel, au m\u00eame titre que le Casino Th\u00e9\u00e2tre.<\/p>\n<p>En instaurant ces nouvelles dispositions, Sami Kanaan, magistrat en charge du D\u00e9partement de la culture et du sport, tient \u00ab \u00e0 favoriser la diversit\u00e9 de la cr\u00e9ation locale dans le domaine du th\u00e9\u00e2tre et des arts du r\u00e9cit, en r\u00e9pondant aux besoins de r\u00e9sidences des compagnies ind\u00e9pendantes actives \u00e0 Gen\u00e8ve \u00bb. Celles-ci pourront b\u00e9n\u00e9ficier d\u2019un soutien financier pour la r\u00e9alisation de leur cr\u00e9ation.<\/p><div id=\"crieu-84640559\" class=\"crieu-content crieu-entity-placement\"><script async src=\"\/\/pagead2.googlesyndication.com\/pagead\/js\/adsbygoogle.js?client=ca-pub-5271584769416742\" crossorigin=\"anonymous\"><\/script><ins class=\"adsbygoogle\" style=\"display:block;\" data-ad-client=\"ca-pub-5271584769416742\" \ndata-ad-slot=\"9321250718\" \ndata-ad-format=\"auto\"><\/ins>\n<script> \n(adsbygoogle = window.adsbygoogle || []).push({}); \n<\/script>\n<\/div>\n<p>Ainsi, en automne 2019, deux p\u00e9riodes seront consacr\u00e9es \u00e0 des projets de cr\u00e9ation. Le Th\u00e9\u00e2tre Pito\u00ebff sera mis \u00e0 disposition pendant six semaines au maximum par projet. D\u00e8s 2020, ces p\u00e9riodes de mise \u00e0 disposition seront au nombre de quatre, soit deux au printemps et deux en automne. Les dates des p\u00e9riodes sont fix\u00e9es par le Service culturel, en tenant compte des diff\u00e9rents festivals soutenus par la Ville de Gen\u00e8ve.<\/p>\n<p>Rappelons que le Th\u00e9\u00e2tre Pito\u00ebff est situ\u00e9 dans la Maison communale de Plainpalais (MCPl) dont les salles du rez-de-chauss\u00e9e sont sollicit\u00e9es pour l\u2019organisation de nombreuses manifestations. Cette situation implique des contraintes li\u00e9es \u00e0 l\u2019exploitation simultan\u00e9e de la MCPl et du Th\u00e9\u00e2tre Pito\u00ebff qui occupe le premier \u00e9tage du b\u00e2timent.<\/p>\n<p>Les dates des p\u00e9riodes de r\u00e9sidence et les conditions d\u2019attribution sont disponibles sur le <a href=\"http:\/\/www.ville-geneve.ch\/demarches-administratives\/aide-financiere-projetculturel-theatre\/\" target=\"_blank\" rel=\"noopener\"><strong>site de la ville de Gen\u00e8ve<\/strong><\/a>.<\/p>\n<pre>Photo Gfuerst - Wiki Commons.<\/pre>\n<div id=\"crieu-3313794962\" class=\"crieu-apres-le-contenu crieu-entity-placement\" style=\"margin-left: auto;margin-right: auto;text-align: center;\"><script async src=\"\/\/pagead2.googlesyndication.com\/pagead\/js\/adsbygoogle.js?client=ca-pub-5271584769416742\" crossorigin=\"anonymous\"><\/script><ins class=\"adsbygoogle\" style=\"display:block;\" data-ad-client=\"ca-pub-5271584769416742\" \ndata-ad-slot=\"9321250718\" \ndata-ad-format=\"auto\"><\/ins>\n<script> \n(adsbygoogle = window.adsbygoogle || []).push({}); \n<\/script>\n<\/div>","protected":false},"excerpt":{"rendered":"<p>D\u00e8s cette ann\u00e9e, le Th\u00e9\u00e2tre Pito\u00ebff sera ouvert aux compagnies ind\u00e9pendantes actives \u00e0 Gen\u00e8ve pour des r\u00e9sidences de cr\u00e9ation. Objectif : favoriser la diversit\u00e9 de la cr\u00e9ation locale.<\/p>\n","protected":false},"author":2,"featured_media":1726,"comment_status":"closed","ping_status":"closed","sticky":false,"template":"","format":"standard","meta":{"footnotes":""},"categories":[10,4],"tags":[5,102],"class_list":["post-1725","post","type-post","status-publish","format-standard","has-post-thumbnail","hentry","category-culture","category-grand-geneve","tag-geneve-ville","tag-theatre"],"yoast_head":"<!-- This site is optimized with the Yoast SEO plugin v28.3 - https:\/\/yoast.com\/product\/yoast-seo-wordpress\/ -->\n<title>Le th\u00e9\u00e2tre Pito\u00ebff sera mis \u00e0 disposition des compagnies ind\u00e9pendantes pour favoriser la diversit\u00e9 de la cr\u00e9ation locale - Journal de B\u00e2le et Gen\u00e8ve<\/title>\n<meta name=\"robots\" content=\"index, follow, max-snippet:-1, max-image-preview:large, max-video-preview:-1\" \/>\n<link rel=\"canonical\" href=\"https:\/\/bale.ch\/journal\/theatre-pitoeff-creation-locale\/\" \/>\n<meta property=\"og:locale\" content=\"fr_FR\" \/>\n<meta property=\"og:type\" content=\"article\" \/>\n<meta property=\"og:title\" content=\"Le th\u00e9\u00e2tre Pito\u00ebff sera mis \u00e0 disposition des compagnies ind\u00e9pendantes pour favoriser la diversit\u00e9 de la cr\u00e9ation locale - Journal de B\u00e2le et Gen\u00e8ve\" \/>\n<meta property=\"og:description\" content=\"D\u00e8s cette ann\u00e9e, le Th\u00e9\u00e2tre Pito\u00ebff sera ouvert aux compagnies ind\u00e9pendantes actives \u00e0 Gen\u00e8ve pour des r\u00e9sidences de cr\u00e9ation. Objectif : favoriser la diversit\u00e9 de la cr\u00e9ation locale.\" \/>\n<meta property=\"og:url\" content=\"https:\/\/bale.ch\/journal\/theatre-pitoeff-creation-locale\/\" \/>\n<meta property=\"og:site_name\" content=\"Journal de B\u00e2le et Gen\u00e8ve\" \/>\n<meta property=\"article:published_time\" content=\"2019-01-09T22:49:18+00:00\" \/>\n<meta property=\"og:image\" content=\"https:\/\/bale.ch\/journal\/wp-content\/uploads\/2019\/01\/Theatre_Pitoeff_Geneve.jpg\" \/>\n\t<meta property=\"og:image:width\" content=\"830\" \/>\n\t<meta property=\"og:image:height\" content=\"446\" \/>\n\t<meta property=\"og:image:type\" content=\"image\/jpeg\" \/>\n<meta name=\"author\" content=\"La R\u00e9daction\" \/>\n<meta name=\"twitter:card\" content=\"summary_large_image\" \/>\n<meta name=\"twitter:label1\" content=\"\u00c9crit par\" \/>\n\t<meta name=\"twitter:data1\" content=\"La R\u00e9daction\" \/>\n\t<meta name=\"twitter:label2\" content=\"Dur\u00e9e de lecture estim\u00e9e\" \/>\n\t<meta name=\"twitter:data2\" content=\"2 minutes\" \/>\n<script type=\"application\/ld+json\" class=\"yoast-schema-graph\">{\"@context\":\"https:\\\/\\\/schema.org\",\"@graph\":[{\"@type\":\"Article\",\"@id\":\"https:\\\/\\\/bale.ch\\\/journal\\\/theatre-pitoeff-creation-locale\\\/#article\",\"isPartOf\":{\"@id\":\"https:\\\/\\\/bale.ch\\\/journal\\\/theatre-pitoeff-creation-locale\\\/\"},\"author\":{\"name\":\"La R\u00e9daction\",\"@id\":\"https:\\\/\\\/bale.ch\\\/journal\\\/#\\\/schema\\\/person\\\/03ced978db3b7a5274c5cef003f352f5\"},\"headline\":\"Le th\u00e9\u00e2tre Pito\u00ebff sera mis \u00e0 disposition des compagnies ind\u00e9pendantes pour favoriser la diversit\u00e9 de la cr\u00e9ation locale\",\"datePublished\":\"2019-01-09T22:49:18+00:00\",\"mainEntityOfPage\":{\"@id\":\"https:\\\/\\\/bale.ch\\\/journal\\\/theatre-pitoeff-creation-locale\\\/\"},\"wordCount\":335,\"publisher\":{\"@id\":\"https:\\\/\\\/bale.ch\\\/journal\\\/#organization\"},\"image\":{\"@id\":\"https:\\\/\\\/bale.ch\\\/journal\\\/theatre-pitoeff-creation-locale\\\/#primaryimage\"},\"thumbnailUrl\":\"https:\\\/\\\/bale.ch\\\/journal\\\/wp-content\\\/uploads\\\/2019\\\/01\\\/Theatre_Pitoeff_Geneve.jpg\",\"keywords\":[\"Gen\u00e8ve Ville\",\"th\u00e9\u00e2tre\"],\"articleSection\":[\"Culture\",\"Grand Gen\u00e8ve\"],\"inLanguage\":\"fr-FR\"},{\"@type\":\"WebPage\",\"@id\":\"https:\\\/\\\/bale.ch\\\/journal\\\/theatre-pitoeff-creation-locale\\\/\",\"url\":\"https:\\\/\\\/bale.ch\\\/journal\\\/theatre-pitoeff-creation-locale\\\/\",\"name\":\"Le th\u00e9\u00e2tre Pito\u00ebff sera mis \u00e0 disposition des compagnies ind\u00e9pendantes pour favoriser la diversit\u00e9 de la cr\u00e9ation locale - Journal de B\u00e2le et Gen\u00e8ve\",\"isPartOf\":{\"@id\":\"https:\\\/\\\/bale.ch\\\/journal\\\/#website\"},\"primaryImageOfPage\":{\"@id\":\"https:\\\/\\\/bale.ch\\\/journal\\\/theatre-pitoeff-creation-locale\\\/#primaryimage\"},\"image\":{\"@id\":\"https:\\\/\\\/bale.ch\\\/journal\\\/theatre-pitoeff-creation-locale\\\/#primaryimage\"},\"thumbnailUrl\":\"https:\\\/\\\/bale.ch\\\/journal\\\/wp-content\\\/uploads\\\/2019\\\/01\\\/Theatre_Pitoeff_Geneve.jpg\",\"datePublished\":\"2019-01-09T22:49:18+00:00\",\"breadcrumb\":{\"@id\":\"https:\\\/\\\/bale.ch\\\/journal\\\/theatre-pitoeff-creation-locale\\\/#breadcrumb\"},\"inLanguage\":\"fr-FR\",\"potentialAction\":[{\"@type\":\"ReadAction\",\"target\":[\"https:\\\/\\\/bale.ch\\\/journal\\\/theatre-pitoeff-creation-locale\\\/\"]}]},{\"@type\":\"ImageObject\",\"inLanguage\":\"fr-FR\",\"@id\":\"https:\\\/\\\/bale.ch\\\/journal\\\/theatre-pitoeff-creation-locale\\\/#primaryimage\",\"url\":\"https:\\\/\\\/bale.ch\\\/journal\\\/wp-content\\\/uploads\\\/2019\\\/01\\\/Theatre_Pitoeff_Geneve.jpg\",\"contentUrl\":\"https:\\\/\\\/bale.ch\\\/journal\\\/wp-content\\\/uploads\\\/2019\\\/01\\\/Theatre_Pitoeff_Geneve.jpg\",\"width\":830,\"height\":446,\"caption\":\"Photo Gfuerst - Wiki Commons\"},{\"@type\":\"BreadcrumbList\",\"@id\":\"https:\\\/\\\/bale.ch\\\/journal\\\/theatre-pitoeff-creation-locale\\\/#breadcrumb\",\"itemListElement\":[{\"@type\":\"ListItem\",\"position\":1,\"name\":\"Accueil\",\"item\":\"https:\\\/\\\/bale.ch\\\/journal\\\/\"},{\"@type\":\"ListItem\",\"position\":2,\"name\":\"Le th\u00e9\u00e2tre Pito\u00ebff sera mis \u00e0 disposition des compagnies ind\u00e9pendantes pour favoriser la diversit\u00e9 de la cr\u00e9ation locale\"}]},{\"@type\":\"WebSite\",\"@id\":\"https:\\\/\\\/bale.ch\\\/journal\\\/#website\",\"url\":\"https:\\\/\\\/bale.ch\\\/journal\\\/\",\"name\":\"Journal de B\u00e2le et Gen\u00e8ve\",\"description\":\"M\u00e9dia transfrontalier d&#039;actualit\u00e9s - News\",\"publisher\":{\"@id\":\"https:\\\/\\\/bale.ch\\\/journal\\\/#organization\"},\"potentialAction\":[{\"@type\":\"SearchAction\",\"target\":{\"@type\":\"EntryPoint\",\"urlTemplate\":\"https:\\\/\\\/bale.ch\\\/journal\\\/?s={search_term_string}\"},\"query-input\":{\"@type\":\"PropertyValueSpecification\",\"valueRequired\":true,\"valueName\":\"search_term_string\"}}],\"inLanguage\":\"fr-FR\"},{\"@type\":\"Organization\",\"@id\":\"https:\\\/\\\/bale.ch\\\/journal\\\/#organization\",\"name\":\"Journal de B\u00e2le et Gen\u00e8ve\",\"url\":\"https:\\\/\\\/bale.ch\\\/journal\\\/\",\"logo\":{\"@type\":\"ImageObject\",\"inLanguage\":\"fr-FR\",\"@id\":\"https:\\\/\\\/bale.ch\\\/journal\\\/#\\\/schema\\\/logo\\\/image\\\/\",\"url\":\"https:\\\/\\\/bale.ch\\\/journal\\\/wp-content\\\/uploads\\\/2023\\\/07\\\/journaldebale_logo_2023_nb.png\",\"contentUrl\":\"https:\\\/\\\/bale.ch\\\/journal\\\/wp-content\\\/uploads\\\/2023\\\/07\\\/journaldebale_logo_2023_nb.png\",\"width\":371,\"height\":127,\"caption\":\"Journal de B\u00e2le et Gen\u00e8ve\"},\"image\":{\"@id\":\"https:\\\/\\\/bale.ch\\\/journal\\\/#\\\/schema\\\/logo\\\/image\\\/\"}},{\"@type\":\"Person\",\"@id\":\"https:\\\/\\\/bale.ch\\\/journal\\\/#\\\/schema\\\/person\\\/03ced978db3b7a5274c5cef003f352f5\",\"name\":\"La R\u00e9daction\",\"image\":{\"@type\":\"ImageObject\",\"inLanguage\":\"fr-FR\",\"@id\":\"https:\\\/\\\/secure.gravatar.com\\\/avatar\\\/d1327e2ce8d2b860112f968a3f34686c9bdda7a463a1502cdd1070ac9d88cf1e?s=96&d=mm&r=g\",\"url\":\"https:\\\/\\\/secure.gravatar.com\\\/avatar\\\/d1327e2ce8d2b860112f968a3f34686c9bdda7a463a1502cdd1070ac9d88cf1e?s=96&d=mm&r=g\",\"contentUrl\":\"https:\\\/\\\/secure.gravatar.com\\\/avatar\\\/d1327e2ce8d2b860112f968a3f34686c9bdda7a463a1502cdd1070ac9d88cf1e?s=96&d=mm&r=g\",\"caption\":\"La R\u00e9daction\"},\"url\":\"https:\\\/\\\/bale.ch\\\/journal\\\/author\\\/laredaction\\\/\"}]}<\/script>\n<!-- \/ Yoast SEO plugin. -->","yoast_head_json":{"title":"Le th\u00e9\u00e2tre Pito\u00ebff sera mis \u00e0 disposition des compagnies ind\u00e9pendantes pour favoriser la diversit\u00e9 de la cr\u00e9ation locale - Journal de B\u00e2le et Gen\u00e8ve","robots":{"index":"index","follow":"follow","max-snippet":"max-snippet:-1","max-image-preview":"max-image-preview:large","max-video-preview":"max-video-preview:-1"},"canonical":"https:\/\/bale.ch\/journal\/theatre-pitoeff-creation-locale\/","og_locale":"fr_FR","og_type":"article","og_title":"Le th\u00e9\u00e2tre Pito\u00ebff sera mis \u00e0 disposition des compagnies ind\u00e9pendantes pour favoriser la diversit\u00e9 de la cr\u00e9ation locale - Journal de B\u00e2le et Gen\u00e8ve","og_description":"D\u00e8s cette ann\u00e9e, le Th\u00e9\u00e2tre Pito\u00ebff sera ouvert aux compagnies ind\u00e9pendantes actives \u00e0 Gen\u00e8ve pour des r\u00e9sidences de cr\u00e9ation. Objectif : favoriser la diversit\u00e9 de la cr\u00e9ation locale.","og_url":"https:\/\/bale.ch\/journal\/theatre-pitoeff-creation-locale\/","og_site_name":"Journal de B\u00e2le et Gen\u00e8ve","article_published_time":"2019-01-09T22:49:18+00:00","og_image":[{"width":830,"height":446,"url":"https:\/\/bale.ch\/journal\/wp-content\/uploads\/2019\/01\/Theatre_Pitoeff_Geneve.jpg","type":"image\/jpeg"}],"author":"La R\u00e9daction","twitter_card":"summary_large_image","twitter_misc":{"\u00c9crit par":"La R\u00e9daction","Dur\u00e9e de lecture estim\u00e9e":"2 minutes"},"schema":{"@context":"https:\/\/schema.org","@graph":[{"@type":"Article","@id":"https:\/\/bale.ch\/journal\/theatre-pitoeff-creation-locale\/#article","isPartOf":{"@id":"https:\/\/bale.ch\/journal\/theatre-pitoeff-creation-locale\/"},"author":{"name":"La R\u00e9daction","@id":"https:\/\/bale.ch\/journal\/#\/schema\/person\/03ced978db3b7a5274c5cef003f352f5"},"headline":"Le th\u00e9\u00e2tre Pito\u00ebff sera mis \u00e0 disposition des compagnies ind\u00e9pendantes pour favoriser la diversit\u00e9 de la cr\u00e9ation locale","datePublished":"2019-01-09T22:49:18+00:00","mainEntityOfPage":{"@id":"https:\/\/bale.ch\/journal\/theatre-pitoeff-creation-locale\/"},"wordCount":335,"publisher":{"@id":"https:\/\/bale.ch\/journal\/#organization"},"image":{"@id":"https:\/\/bale.ch\/journal\/theatre-pitoeff-creation-locale\/#primaryimage"},"thumbnailUrl":"https:\/\/bale.ch\/journal\/wp-content\/uploads\/2019\/01\/Theatre_Pitoeff_Geneve.jpg","keywords":["Gen\u00e8ve Ville","th\u00e9\u00e2tre"],"articleSection":["Culture","Grand Gen\u00e8ve"],"inLanguage":"fr-FR"},{"@type":"WebPage","@id":"https:\/\/bale.ch\/journal\/theatre-pitoeff-creation-locale\/","url":"https:\/\/bale.ch\/journal\/theatre-pitoeff-creation-locale\/","name":"Le th\u00e9\u00e2tre Pito\u00ebff sera mis \u00e0 disposition des compagnies ind\u00e9pendantes pour favoriser la diversit\u00e9 de la cr\u00e9ation locale - Journal de B\u00e2le et Gen\u00e8ve","isPartOf":{"@id":"https:\/\/bale.ch\/journal\/#website"},"primaryImageOfPage":{"@id":"https:\/\/bale.ch\/journal\/theatre-pitoeff-creation-locale\/#primaryimage"},"image":{"@id":"https:\/\/bale.ch\/journal\/theatre-pitoeff-creation-locale\/#primaryimage"},"thumbnailUrl":"https:\/\/bale.ch\/journal\/wp-content\/uploads\/2019\/01\/Theatre_Pitoeff_Geneve.jpg","datePublished":"2019-01-09T22:49:18+00:00","breadcrumb":{"@id":"https:\/\/bale.ch\/journal\/theatre-pitoeff-creation-locale\/#breadcrumb"},"inLanguage":"fr-FR","potentialAction":[{"@type":"ReadAction","target":["https:\/\/bale.ch\/journal\/theatre-pitoeff-creation-locale\/"]}]},{"@type":"ImageObject","inLanguage":"fr-FR","@id":"https:\/\/bale.ch\/journal\/theatre-pitoeff-creation-locale\/#primaryimage","url":"https:\/\/bale.ch\/journal\/wp-content\/uploads\/2019\/01\/Theatre_Pitoeff_Geneve.jpg","contentUrl":"https:\/\/bale.ch\/journal\/wp-content\/uploads\/2019\/01\/Theatre_Pitoeff_Geneve.jpg","width":830,"height":446,"caption":"Photo Gfuerst - Wiki Commons"},{"@type":"BreadcrumbList","@id":"https:\/\/bale.ch\/journal\/theatre-pitoeff-creation-locale\/#breadcrumb","itemListElement":[{"@type":"ListItem","position":1,"name":"Accueil","item":"https:\/\/bale.ch\/journal\/"},{"@type":"ListItem","position":2,"name":"Le th\u00e9\u00e2tre Pito\u00ebff sera mis \u00e0 disposition des compagnies ind\u00e9pendantes pour favoriser la diversit\u00e9 de la cr\u00e9ation locale"}]},{"@type":"WebSite","@id":"https:\/\/bale.ch\/journal\/#website","url":"https:\/\/bale.ch\/journal\/","name":"Journal de B\u00e2le et Gen\u00e8ve","description":"M\u00e9dia transfrontalier d&#039;actualit\u00e9s - News","publisher":{"@id":"https:\/\/bale.ch\/journal\/#organization"},"potentialAction":[{"@type":"SearchAction","target":{"@type":"EntryPoint","urlTemplate":"https:\/\/bale.ch\/journal\/?s={search_term_string}"},"query-input":{"@type":"PropertyValueSpecification","valueRequired":true,"valueName":"search_term_string"}}],"inLanguage":"fr-FR"},{"@type":"Organization","@id":"https:\/\/bale.ch\/journal\/#organization","name":"Journal de B\u00e2le et Gen\u00e8ve","url":"https:\/\/bale.ch\/journal\/","logo":{"@type":"ImageObject","inLanguage":"fr-FR","@id":"https:\/\/bale.ch\/journal\/#\/schema\/logo\/image\/","url":"https:\/\/bale.ch\/journal\/wp-content\/uploads\/2023\/07\/journaldebale_logo_2023_nb.png","contentUrl":"https:\/\/bale.ch\/journal\/wp-content\/uploads\/2023\/07\/journaldebale_logo_2023_nb.png","width":371,"height":127,"caption":"Journal de B\u00e2le et Gen\u00e8ve"},"image":{"@id":"https:\/\/bale.ch\/journal\/#\/schema\/logo\/image\/"}},{"@type":"Person","@id":"https:\/\/bale.ch\/journal\/#\/schema\/person\/03ced978db3b7a5274c5cef003f352f5","name":"La R\u00e9daction","image":{"@type":"ImageObject","inLanguage":"fr-FR","@id":"https:\/\/secure.gravatar.com\/avatar\/d1327e2ce8d2b860112f968a3f34686c9bdda7a463a1502cdd1070ac9d88cf1e?s=96&d=mm&r=g","url":"https:\/\/secure.gravatar.com\/avatar\/d1327e2ce8d2b860112f968a3f34686c9bdda7a463a1502cdd1070ac9d88cf1e?s=96&d=mm&r=g","contentUrl":"https:\/\/secure.gravatar.com\/avatar\/d1327e2ce8d2b860112f968a3f34686c9bdda7a463a1502cdd1070ac9d88cf1e?s=96&d=mm&r=g","caption":"La R\u00e9daction"},"url":"https:\/\/bale.ch\/journal\/author\/laredaction\/"}]}},"_links":{"self":[{"href":"https:\/\/bale.ch\/journal\/wp-json\/wp\/v2\/posts\/1725","targetHints":{"allow":["GET"]}}],"collection":[{"href":"https:\/\/bale.ch\/journal\/wp-json\/wp\/v2\/posts"}],"about":[{"href":"https:\/\/bale.ch\/journal\/wp-json\/wp\/v2\/types\/post"}],"author":[{"embeddable":true,"href":"https:\/\/bale.ch\/journal\/wp-json\/wp\/v2\/users\/2"}],"replies":[{"embeddable":true,"href":"https:\/\/bale.ch\/journal\/wp-json\/wp\/v2\/comments?post=1725"}],"version-history":[{"count":1,"href":"https:\/\/bale.ch\/journal\/wp-json\/wp\/v2\/posts\/1725\/revisions"}],"predecessor-version":[{"id":1727,"href":"https:\/\/bale.ch\/journal\/wp-json\/wp\/v2\/posts\/1725\/revisions\/1727"}],"wp:featuredmedia":[{"embeddable":true,"href":"https:\/\/bale.ch\/journal\/wp-json\/wp\/v2\/media\/1726"}],"wp:attachment":[{"href":"https:\/\/bale.ch\/journal\/wp-json\/wp\/v2\/media?parent=1725"}],"wp:term":[{"taxonomy":"category","embeddable":true,"href":"https:\/\/bale.ch\/journal\/wp-json\/wp\/v2\/categories?post=1725"},{"taxonomy":"post_tag","embeddable":true,"href":"https:\/\/bale.ch\/journal\/wp-json\/wp\/v2\/tags?post=1725"}],"curies":[{"name":"wp","href":"https:\/\/api.w.org\/{rel}","templated":true}]}}