{"id":1741,"date":"2019-01-10T00:16:06","date_gmt":"2019-01-10T00:16:06","guid":{"rendered":"http:\/\/bale.ch\/journal\/?p=1741"},"modified":"2019-01-10T05:23:20","modified_gmt":"2019-01-10T05:23:20","slug":"monolinguisme-francais-frontaliers-bale-alsace","status":"publish","type":"post","link":"https:\/\/bale.ch\/journal\/monolinguisme-francais-frontaliers-bale-alsace\/","title":{"rendered":"Frontaliers: le monolinguisme ferme les portes de la Suisse aux Alsaciens"},"content":{"rendered":"<p><strong>Le nombre de travailleurs frontaliers fran\u00e7ais et allemands dans la r\u00e9gion de B\u00e2le a diminu\u00e9 pour la premi\u00e8re fois depuis la crise financi\u00e8re de 2009. L&rsquo;essor \u00e9conomique allemand et le monolinguisme fran\u00e7ais explique en partie ce ph\u00e9nom\u00e8ne. Une initiative pour encourager le bilinguisme fran\u00e7ais-alsacien a \u00e9t\u00e9 prise.<\/strong><\/p>\n<p><!--more--><\/p>\n<p>L&rsquo;augmentation l\u00e9g\u00e8re mais r\u00e9guli\u00e8re de travailleurs frontaliers dans la r\u00e9gion a atteint un sommet en 2017 avec pr\u00e8s de 36&rsquo;000 personnes. Au troisi\u00e8me trimestre de 2018, ce chiffre \u00e9tait tomb\u00e9 \u00e0 environ 34&rsquo;500 personnes.<\/p>\n<p>Cela s&rsquo;explique tout d&rsquo;abord par la diminution du nombre de travailleurs frontaliers allemands due \u00e0 une reprise sur le march\u00e9 du travail dans le sud de l&rsquo;Allemagne, qui a maintenant du mal \u00e0 trouver suffisamment de travailleurs pour soutenir ce retour \u00e0 l&#8217;emploi. La Suisse attire moins les Allemands m\u00e9ridionaux.<\/p><div id=\"crieu-105371918\" class=\"crieu-content crieu-entity-placement\"><script async src=\"\/\/pagead2.googlesyndication.com\/pagead\/js\/adsbygoogle.js?client=ca-pub-5271584769416742\" crossorigin=\"anonymous\"><\/script><ins class=\"adsbygoogle\" style=\"display:block;\" data-ad-client=\"ca-pub-5271584769416742\" \ndata-ad-slot=\"9321250718\" \ndata-ad-format=\"auto\"><\/ins>\n<script> \n(adsbygoogle = window.adsbygoogle || []).push({}); \n<\/script>\n<\/div>\n<h3>Le bilinguisme ou trilinguisme se perd en Alsace<\/h3>\n<p>En ce qui concerne les travailleurs habitants en Alsace voisine, ils sont moins de 18&rsquo;000 fin 2018 \u00e0 franchir la fronti\u00e8re, une tendance \u00e0 la baisse due au net d\u00e9clin de l\u2019utilisation de l&rsquo;alsacien (proche du dialecte b\u00e2lois) et de l\u2019allemand dans la r\u00e9gion. La barri\u00e8re linguistique les emp\u00eache de travailler dans les cantons de B\u00e2le-Ville et de B\u00e2le-Campagne.\u00a0L\u2019\u00e9conomie b\u00e2loise a besoin de moins de travailleurs dans les secteurs de la vente et du secondaire, mais davantage dans la recherche et les professions hautement qualifi\u00e9es, telles que la recherche sur les drogues, o\u00f9 les langues, notamment l\u2019anglais et l\u2019allemand, sont essentielles.<\/p>\n<p>Les frontaliers alsaciens, du<strong> fait de ce handicap linguistique<\/strong>, sont plus susceptibles d&rsquo;\u00eatre embauch\u00e9s dans l&rsquo;industrie de la construction &#8211; en tant que pl\u00e2triers, \u00e9lectriciens ou chauffagistes &#8211; en cas de p\u00e9nurie de main-d&rsquo;\u0153uvre locale.<\/p>\n<h3>Exp\u00e9rimentation pour encourager le bilinguisme<\/h3>\n<p>La perte des nombreuses langues minoritaires de France (occitan, arpitan, breton, alsacien, basque&#8230;) au profit de l&rsquo;unique langue fran\u00e7aise montre ses effets n\u00e9gatifs. Dans le cas de l&rsquo;Alsace, cela a pour effet d&rsquo;\u00e9loigner les Alsaciens des B\u00e2lois et donc de limiter l&rsquo;acc\u00e8s \u00e0 l&#8217;emploi.<\/p>\n<p>Pour tenter d&rsquo;endiguer le ph\u00e9nom\u00e8ne, Jean Rottner, le pr\u00e9sident de la R\u00e9gion Grand Est et ancien maire de Mulhouse a demand\u00e9 aux chemins de fer fran\u00e7ais <strong>\u00e0 ce que les\u00a0annonces \u00e0 bord des trains r\u00e9gionaux de la ligne express Strasbourg-B\u00e2le, soient compl\u00e9t\u00e9es par des salutations en alsacien<\/strong>. Ainsi l\u2019annonce apr\u00e8s d\u00e9part <em>\u00ab\u00a0Mesdames, Messieurs, bienvenue \u00e0 bord, nous vous souhaitons \u00e0 tous bon voyage\u00a0\u00bb<\/em> est suivie d\u00e9sormais par: <em>\u00ab\u00a0Liewi Dame un Herre, Willkumme an Bord, mir winsche in alle a scheeni Reis\u00a0\u00bb.<\/em><\/p>\n<div class=\"richContentComponent textComponent\">\n<p>Les annonces avant l&rsquo;arriv\u00e9e en gare interm\u00e9diaire ou en gare terminus ont droit aussi aux annonces bilingues, soit prononc\u00e9es au micro par un contr\u00f4leur, soit par un message audio pr\u00e9enregistr\u00e9 et d\u00e9clench\u00e9 \u00e0 l&rsquo;aide d&rsquo;un natel: <em>\u00ab\u00a0Liewi Dame un Herre, mir hoffe, ass-n-ihr e g\u00fceti Fahrt han g\u2019hett, d\u2019Region Grand Est un d\u2019SNCF winsche Ejch e angenahmer D\u00e0\u00e0\u00a0\u00bb<\/em> (Mesdames, Messieurs, nous esp\u00e9rons que vous avez effectu\u00e9 un bon trajet, la R\u00e9gion Grand Est et la SNCF vous souhaitent une bonne journ\u00e9e).<\/p>\n<p><em>\u00ab\u00a0\u00c7a met les voyageurs, qu\u2019ils soient habitants du territoire ou visiteurs, <strong>en contact avec la langue r\u00e9gionale dans l\u2019espace public<\/strong>. Nous avons pris cette initiative pour encourager le bilinguisme et promouvoir l\u2019apprentissage de l\u2019alsacien tout en injectant une dose de convivialit\u00e9\u00a0\u00bb<\/em>, explique encore Jean Rottner.<\/p>\n<\/div>\n<div class=\"richContentComponent textComponent\">\n<p>B\u00e9n\u00e9dicte Keck, charg\u00e9e de mission \u00e0 l\u2019Office pour la langue et la culture d\u2019Alsace-Moselle (OLCA) a organis\u00e9 des s\u00e9ances de formation \u00e0 la prononciation \u00e0 l\u2019attention de 40 agents de contr\u00f4le, dont 36 n&rsquo;avaient aucune connaissance de la langue alsaciennne. Cela s&rsquo;est fait sur la base du volontariat. <em>\u00ab\u00a0Un bilan sera effectu\u00e9 apr\u00e8s six mois. <strong>En cas d\u2019engouement on l\u2019\u00e9tendra \u00e0 d\u2019autres lignes alsaciennes<\/strong>\u00a0\u00bb\u00a0<\/em>, conclu Jean Rottner.<\/p>\n<\/div>\n<div id=\"crieu-419817777\" class=\"crieu-apres-le-contenu crieu-entity-placement\" style=\"margin-left: auto;margin-right: auto;text-align: center;\"><script async src=\"\/\/pagead2.googlesyndication.com\/pagead\/js\/adsbygoogle.js?client=ca-pub-5271584769416742\" crossorigin=\"anonymous\"><\/script><ins class=\"adsbygoogle\" style=\"display:block;\" data-ad-client=\"ca-pub-5271584769416742\" \ndata-ad-slot=\"9321250718\" \ndata-ad-format=\"auto\"><\/ins>\n<script> \n(adsbygoogle = window.adsbygoogle || []).push({}); \n<\/script>\n<\/div>","protected":false},"excerpt":{"rendered":"<p>Le nombre de travailleurs frontaliers fran\u00e7ais et allemands dans la r\u00e9gion de B\u00e2le a diminu\u00e9 pour la premi\u00e8re fois depuis la crise financi\u00e8re de 2009. L&rsquo;essor \u00e9conomique allemand et le <a href=\"https:\/\/bale.ch\/journal\/monolinguisme-francais-frontaliers-bale-alsace\/\" class=\"read-more button-fancy -red\"><span class=\"btn-arrow\"><\/span><span class=\"twp-read-more text\">Continuer la lecture<\/span><\/a><\/p>\n","protected":false},"author":3,"featured_media":1729,"comment_status":"closed","ping_status":"closed","sticky":false,"template":"","format":"standard","meta":{"footnotes":""},"categories":[103,7,13],"tags":[60,52,77,106],"class_list":["post-1741","post","type-post","status-publish","format-standard","has-post-thumbnail","hentry","category-actu","category-bale","category-economie","tag-bale","tag-france","tag-frontaliers","tag-suisse"],"yoast_head":"<!-- This site is optimized with the Yoast SEO plugin v28.3 - https:\/\/yoast.com\/product\/yoast-seo-wordpress\/ -->\n<title>Frontaliers: le monolinguisme ferme les portes de la Suisse aux Alsaciens - Journal de B\u00e2le et Gen\u00e8ve<\/title>\n<meta name=\"robots\" content=\"index, follow, max-snippet:-1, max-image-preview:large, max-video-preview:-1\" \/>\n<link rel=\"canonical\" href=\"https:\/\/bale.ch\/journal\/monolinguisme-francais-frontaliers-bale-alsace\/\" \/>\n<meta property=\"og:locale\" content=\"fr_FR\" \/>\n<meta property=\"og:type\" content=\"article\" \/>\n<meta property=\"og:title\" content=\"Frontaliers: le monolinguisme ferme les portes de la Suisse aux Alsaciens - Journal de B\u00e2le et Gen\u00e8ve\" \/>\n<meta property=\"og:description\" content=\"Le nombre de travailleurs frontaliers fran\u00e7ais et allemands dans la r\u00e9gion de B\u00e2le a diminu\u00e9 pour la premi\u00e8re fois depuis la crise financi\u00e8re de 2009. L&rsquo;essor \u00e9conomique allemand et le Continuer la lecture\" \/>\n<meta property=\"og:url\" content=\"https:\/\/bale.ch\/journal\/monolinguisme-francais-frontaliers-bale-alsace\/\" \/>\n<meta property=\"og:site_name\" content=\"Journal de B\u00e2le et Gen\u00e8ve\" \/>\n<meta property=\"article:published_time\" content=\"2019-01-10T00:16:06+00:00\" \/>\n<meta property=\"article:modified_time\" content=\"2019-01-10T05:23:20+00:00\" \/>\n<meta property=\"og:image\" content=\"https:\/\/bale.ch\/journal\/wp-content\/uploads\/2019\/01\/gare_cff_bale_bahnhof_sbb_basel.jpg\" \/>\n\t<meta property=\"og:image:width\" content=\"830\" \/>\n\t<meta property=\"og:image:height\" content=\"446\" \/>\n\t<meta property=\"og:image:type\" content=\"image\/jpeg\" \/>\n<meta name=\"author\" content=\"Alban Lavy\" \/>\n<meta name=\"twitter:card\" content=\"summary_large_image\" \/>\n<meta name=\"twitter:label1\" content=\"\u00c9crit par\" \/>\n\t<meta name=\"twitter:data1\" content=\"Alban Lavy\" \/>\n\t<meta name=\"twitter:label2\" content=\"Dur\u00e9e de lecture estim\u00e9e\" \/>\n\t<meta name=\"twitter:data2\" content=\"3 minutes\" \/>\n<script type=\"application\/ld+json\" class=\"yoast-schema-graph\">{\"@context\":\"https:\\\/\\\/schema.org\",\"@graph\":[{\"@type\":\"Article\",\"@id\":\"https:\\\/\\\/bale.ch\\\/journal\\\/monolinguisme-francais-frontaliers-bale-alsace\\\/#article\",\"isPartOf\":{\"@id\":\"https:\\\/\\\/bale.ch\\\/journal\\\/monolinguisme-francais-frontaliers-bale-alsace\\\/\"},\"author\":{\"name\":\"Alban Lavy\",\"@id\":\"https:\\\/\\\/bale.ch\\\/journal\\\/#\\\/schema\\\/person\\\/41bc7f908af0ffea5e38b8c5702e5626\"},\"headline\":\"Frontaliers: le monolinguisme ferme les portes de la Suisse aux Alsaciens\",\"datePublished\":\"2019-01-10T00:16:06+00:00\",\"dateModified\":\"2019-01-10T05:23:20+00:00\",\"mainEntityOfPage\":{\"@id\":\"https:\\\/\\\/bale.ch\\\/journal\\\/monolinguisme-francais-frontaliers-bale-alsace\\\/\"},\"wordCount\":690,\"publisher\":{\"@id\":\"https:\\\/\\\/bale.ch\\\/journal\\\/#organization\"},\"image\":{\"@id\":\"https:\\\/\\\/bale.ch\\\/journal\\\/monolinguisme-francais-frontaliers-bale-alsace\\\/#primaryimage\"},\"thumbnailUrl\":\"https:\\\/\\\/bale.ch\\\/journal\\\/wp-content\\\/uploads\\\/2019\\\/01\\\/gare_cff_bale_bahnhof_sbb_basel.jpg\",\"keywords\":[\"B\u00e2le\",\"France\",\"Frontaliers\",\"Suisse\"],\"articleSection\":[\"Actualit\u00e9s\",\"B\u00e2le Trinationale\",\"Economie\"],\"inLanguage\":\"fr-FR\"},{\"@type\":\"WebPage\",\"@id\":\"https:\\\/\\\/bale.ch\\\/journal\\\/monolinguisme-francais-frontaliers-bale-alsace\\\/\",\"url\":\"https:\\\/\\\/bale.ch\\\/journal\\\/monolinguisme-francais-frontaliers-bale-alsace\\\/\",\"name\":\"Frontaliers: le monolinguisme ferme les portes de la Suisse aux Alsaciens - Journal de B\u00e2le et Gen\u00e8ve\",\"isPartOf\":{\"@id\":\"https:\\\/\\\/bale.ch\\\/journal\\\/#website\"},\"primaryImageOfPage\":{\"@id\":\"https:\\\/\\\/bale.ch\\\/journal\\\/monolinguisme-francais-frontaliers-bale-alsace\\\/#primaryimage\"},\"image\":{\"@id\":\"https:\\\/\\\/bale.ch\\\/journal\\\/monolinguisme-francais-frontaliers-bale-alsace\\\/#primaryimage\"},\"thumbnailUrl\":\"https:\\\/\\\/bale.ch\\\/journal\\\/wp-content\\\/uploads\\\/2019\\\/01\\\/gare_cff_bale_bahnhof_sbb_basel.jpg\",\"datePublished\":\"2019-01-10T00:16:06+00:00\",\"dateModified\":\"2019-01-10T05:23:20+00:00\",\"breadcrumb\":{\"@id\":\"https:\\\/\\\/bale.ch\\\/journal\\\/monolinguisme-francais-frontaliers-bale-alsace\\\/#breadcrumb\"},\"inLanguage\":\"fr-FR\",\"potentialAction\":[{\"@type\":\"ReadAction\",\"target\":[\"https:\\\/\\\/bale.ch\\\/journal\\\/monolinguisme-francais-frontaliers-bale-alsace\\\/\"]}]},{\"@type\":\"ImageObject\",\"inLanguage\":\"fr-FR\",\"@id\":\"https:\\\/\\\/bale.ch\\\/journal\\\/monolinguisme-francais-frontaliers-bale-alsace\\\/#primaryimage\",\"url\":\"https:\\\/\\\/bale.ch\\\/journal\\\/wp-content\\\/uploads\\\/2019\\\/01\\\/gare_cff_bale_bahnhof_sbb_basel.jpg\",\"contentUrl\":\"https:\\\/\\\/bale.ch\\\/journal\\\/wp-content\\\/uploads\\\/2019\\\/01\\\/gare_cff_bale_bahnhof_sbb_basel.jpg\",\"width\":830,\"height\":446,\"caption\":\"photo Alban Lavy\"},{\"@type\":\"BreadcrumbList\",\"@id\":\"https:\\\/\\\/bale.ch\\\/journal\\\/monolinguisme-francais-frontaliers-bale-alsace\\\/#breadcrumb\",\"itemListElement\":[{\"@type\":\"ListItem\",\"position\":1,\"name\":\"Accueil\",\"item\":\"https:\\\/\\\/bale.ch\\\/journal\\\/\"},{\"@type\":\"ListItem\",\"position\":2,\"name\":\"Frontaliers: le monolinguisme ferme les portes de la Suisse aux Alsaciens\"}]},{\"@type\":\"WebSite\",\"@id\":\"https:\\\/\\\/bale.ch\\\/journal\\\/#website\",\"url\":\"https:\\\/\\\/bale.ch\\\/journal\\\/\",\"name\":\"Journal de B\u00e2le et Gen\u00e8ve\",\"description\":\"M\u00e9dia transfrontalier d&#039;actualit\u00e9s - News\",\"publisher\":{\"@id\":\"https:\\\/\\\/bale.ch\\\/journal\\\/#organization\"},\"potentialAction\":[{\"@type\":\"SearchAction\",\"target\":{\"@type\":\"EntryPoint\",\"urlTemplate\":\"https:\\\/\\\/bale.ch\\\/journal\\\/?s={search_term_string}\"},\"query-input\":{\"@type\":\"PropertyValueSpecification\",\"valueRequired\":true,\"valueName\":\"search_term_string\"}}],\"inLanguage\":\"fr-FR\"},{\"@type\":\"Organization\",\"@id\":\"https:\\\/\\\/bale.ch\\\/journal\\\/#organization\",\"name\":\"Journal de B\u00e2le et Gen\u00e8ve\",\"url\":\"https:\\\/\\\/bale.ch\\\/journal\\\/\",\"logo\":{\"@type\":\"ImageObject\",\"inLanguage\":\"fr-FR\",\"@id\":\"https:\\\/\\\/bale.ch\\\/journal\\\/#\\\/schema\\\/logo\\\/image\\\/\",\"url\":\"https:\\\/\\\/bale.ch\\\/journal\\\/wp-content\\\/uploads\\\/2023\\\/07\\\/journaldebale_logo_2023_nb.png\",\"contentUrl\":\"https:\\\/\\\/bale.ch\\\/journal\\\/wp-content\\\/uploads\\\/2023\\\/07\\\/journaldebale_logo_2023_nb.png\",\"width\":371,\"height\":127,\"caption\":\"Journal de B\u00e2le et Gen\u00e8ve\"},\"image\":{\"@id\":\"https:\\\/\\\/bale.ch\\\/journal\\\/#\\\/schema\\\/logo\\\/image\\\/\"}},{\"@type\":\"Person\",\"@id\":\"https:\\\/\\\/bale.ch\\\/journal\\\/#\\\/schema\\\/person\\\/41bc7f908af0ffea5e38b8c5702e5626\",\"name\":\"Alban Lavy\",\"image\":{\"@type\":\"ImageObject\",\"inLanguage\":\"fr-FR\",\"@id\":\"https:\\\/\\\/secure.gravatar.com\\\/avatar\\\/4978c5bb7295400e15bebf9881bc4db7866592bc59ffa2f62511214a10f68804?s=96&d=mm&r=g\",\"url\":\"https:\\\/\\\/secure.gravatar.com\\\/avatar\\\/4978c5bb7295400e15bebf9881bc4db7866592bc59ffa2f62511214a10f68804?s=96&d=mm&r=g\",\"contentUrl\":\"https:\\\/\\\/secure.gravatar.com\\\/avatar\\\/4978c5bb7295400e15bebf9881bc4db7866592bc59ffa2f62511214a10f68804?s=96&d=mm&r=g\",\"caption\":\"Alban Lavy\"},\"sameAs\":[\"http:\\\/\\\/bale.ch\\\/administration\\\/zeitung\\\/albanlavy\\\/\"],\"url\":\"https:\\\/\\\/bale.ch\\\/journal\\\/author\\\/lavy\\\/\"}]}<\/script>\n<!-- \/ Yoast SEO plugin. -->","yoast_head_json":{"title":"Frontaliers: le monolinguisme ferme les portes de la Suisse aux Alsaciens - Journal de B\u00e2le et Gen\u00e8ve","robots":{"index":"index","follow":"follow","max-snippet":"max-snippet:-1","max-image-preview":"max-image-preview:large","max-video-preview":"max-video-preview:-1"},"canonical":"https:\/\/bale.ch\/journal\/monolinguisme-francais-frontaliers-bale-alsace\/","og_locale":"fr_FR","og_type":"article","og_title":"Frontaliers: le monolinguisme ferme les portes de la Suisse aux Alsaciens - Journal de B\u00e2le et Gen\u00e8ve","og_description":"Le nombre de travailleurs frontaliers fran\u00e7ais et allemands dans la r\u00e9gion de B\u00e2le a diminu\u00e9 pour la premi\u00e8re fois depuis la crise financi\u00e8re de 2009. L&rsquo;essor \u00e9conomique allemand et le Continuer la lecture","og_url":"https:\/\/bale.ch\/journal\/monolinguisme-francais-frontaliers-bale-alsace\/","og_site_name":"Journal de B\u00e2le et Gen\u00e8ve","article_published_time":"2019-01-10T00:16:06+00:00","article_modified_time":"2019-01-10T05:23:20+00:00","og_image":[{"width":830,"height":446,"url":"https:\/\/bale.ch\/journal\/wp-content\/uploads\/2019\/01\/gare_cff_bale_bahnhof_sbb_basel.jpg","type":"image\/jpeg"}],"author":"Alban Lavy","twitter_card":"summary_large_image","twitter_misc":{"\u00c9crit par":"Alban Lavy","Dur\u00e9e de lecture estim\u00e9e":"3 minutes"},"schema":{"@context":"https:\/\/schema.org","@graph":[{"@type":"Article","@id":"https:\/\/bale.ch\/journal\/monolinguisme-francais-frontaliers-bale-alsace\/#article","isPartOf":{"@id":"https:\/\/bale.ch\/journal\/monolinguisme-francais-frontaliers-bale-alsace\/"},"author":{"name":"Alban Lavy","@id":"https:\/\/bale.ch\/journal\/#\/schema\/person\/41bc7f908af0ffea5e38b8c5702e5626"},"headline":"Frontaliers: le monolinguisme ferme les portes de la Suisse aux Alsaciens","datePublished":"2019-01-10T00:16:06+00:00","dateModified":"2019-01-10T05:23:20+00:00","mainEntityOfPage":{"@id":"https:\/\/bale.ch\/journal\/monolinguisme-francais-frontaliers-bale-alsace\/"},"wordCount":690,"publisher":{"@id":"https:\/\/bale.ch\/journal\/#organization"},"image":{"@id":"https:\/\/bale.ch\/journal\/monolinguisme-francais-frontaliers-bale-alsace\/#primaryimage"},"thumbnailUrl":"https:\/\/bale.ch\/journal\/wp-content\/uploads\/2019\/01\/gare_cff_bale_bahnhof_sbb_basel.jpg","keywords":["B\u00e2le","France","Frontaliers","Suisse"],"articleSection":["Actualit\u00e9s","B\u00e2le Trinationale","Economie"],"inLanguage":"fr-FR"},{"@type":"WebPage","@id":"https:\/\/bale.ch\/journal\/monolinguisme-francais-frontaliers-bale-alsace\/","url":"https:\/\/bale.ch\/journal\/monolinguisme-francais-frontaliers-bale-alsace\/","name":"Frontaliers: le monolinguisme ferme les portes de la Suisse aux Alsaciens - Journal de B\u00e2le et Gen\u00e8ve","isPartOf":{"@id":"https:\/\/bale.ch\/journal\/#website"},"primaryImageOfPage":{"@id":"https:\/\/bale.ch\/journal\/monolinguisme-francais-frontaliers-bale-alsace\/#primaryimage"},"image":{"@id":"https:\/\/bale.ch\/journal\/monolinguisme-francais-frontaliers-bale-alsace\/#primaryimage"},"thumbnailUrl":"https:\/\/bale.ch\/journal\/wp-content\/uploads\/2019\/01\/gare_cff_bale_bahnhof_sbb_basel.jpg","datePublished":"2019-01-10T00:16:06+00:00","dateModified":"2019-01-10T05:23:20+00:00","breadcrumb":{"@id":"https:\/\/bale.ch\/journal\/monolinguisme-francais-frontaliers-bale-alsace\/#breadcrumb"},"inLanguage":"fr-FR","potentialAction":[{"@type":"ReadAction","target":["https:\/\/bale.ch\/journal\/monolinguisme-francais-frontaliers-bale-alsace\/"]}]},{"@type":"ImageObject","inLanguage":"fr-FR","@id":"https:\/\/bale.ch\/journal\/monolinguisme-francais-frontaliers-bale-alsace\/#primaryimage","url":"https:\/\/bale.ch\/journal\/wp-content\/uploads\/2019\/01\/gare_cff_bale_bahnhof_sbb_basel.jpg","contentUrl":"https:\/\/bale.ch\/journal\/wp-content\/uploads\/2019\/01\/gare_cff_bale_bahnhof_sbb_basel.jpg","width":830,"height":446,"caption":"photo Alban Lavy"},{"@type":"BreadcrumbList","@id":"https:\/\/bale.ch\/journal\/monolinguisme-francais-frontaliers-bale-alsace\/#breadcrumb","itemListElement":[{"@type":"ListItem","position":1,"name":"Accueil","item":"https:\/\/bale.ch\/journal\/"},{"@type":"ListItem","position":2,"name":"Frontaliers: le monolinguisme ferme les portes de la Suisse aux Alsaciens"}]},{"@type":"WebSite","@id":"https:\/\/bale.ch\/journal\/#website","url":"https:\/\/bale.ch\/journal\/","name":"Journal de B\u00e2le et Gen\u00e8ve","description":"M\u00e9dia transfrontalier d&#039;actualit\u00e9s - News","publisher":{"@id":"https:\/\/bale.ch\/journal\/#organization"},"potentialAction":[{"@type":"SearchAction","target":{"@type":"EntryPoint","urlTemplate":"https:\/\/bale.ch\/journal\/?s={search_term_string}"},"query-input":{"@type":"PropertyValueSpecification","valueRequired":true,"valueName":"search_term_string"}}],"inLanguage":"fr-FR"},{"@type":"Organization","@id":"https:\/\/bale.ch\/journal\/#organization","name":"Journal de B\u00e2le et Gen\u00e8ve","url":"https:\/\/bale.ch\/journal\/","logo":{"@type":"ImageObject","inLanguage":"fr-FR","@id":"https:\/\/bale.ch\/journal\/#\/schema\/logo\/image\/","url":"https:\/\/bale.ch\/journal\/wp-content\/uploads\/2023\/07\/journaldebale_logo_2023_nb.png","contentUrl":"https:\/\/bale.ch\/journal\/wp-content\/uploads\/2023\/07\/journaldebale_logo_2023_nb.png","width":371,"height":127,"caption":"Journal de B\u00e2le et Gen\u00e8ve"},"image":{"@id":"https:\/\/bale.ch\/journal\/#\/schema\/logo\/image\/"}},{"@type":"Person","@id":"https:\/\/bale.ch\/journal\/#\/schema\/person\/41bc7f908af0ffea5e38b8c5702e5626","name":"Alban Lavy","image":{"@type":"ImageObject","inLanguage":"fr-FR","@id":"https:\/\/secure.gravatar.com\/avatar\/4978c5bb7295400e15bebf9881bc4db7866592bc59ffa2f62511214a10f68804?s=96&d=mm&r=g","url":"https:\/\/secure.gravatar.com\/avatar\/4978c5bb7295400e15bebf9881bc4db7866592bc59ffa2f62511214a10f68804?s=96&d=mm&r=g","contentUrl":"https:\/\/secure.gravatar.com\/avatar\/4978c5bb7295400e15bebf9881bc4db7866592bc59ffa2f62511214a10f68804?s=96&d=mm&r=g","caption":"Alban Lavy"},"sameAs":["http:\/\/bale.ch\/administration\/zeitung\/albanlavy\/"],"url":"https:\/\/bale.ch\/journal\/author\/lavy\/"}]}},"_links":{"self":[{"href":"https:\/\/bale.ch\/journal\/wp-json\/wp\/v2\/posts\/1741","targetHints":{"allow":["GET"]}}],"collection":[{"href":"https:\/\/bale.ch\/journal\/wp-json\/wp\/v2\/posts"}],"about":[{"href":"https:\/\/bale.ch\/journal\/wp-json\/wp\/v2\/types\/post"}],"author":[{"embeddable":true,"href":"https:\/\/bale.ch\/journal\/wp-json\/wp\/v2\/users\/3"}],"replies":[{"embeddable":true,"href":"https:\/\/bale.ch\/journal\/wp-json\/wp\/v2\/comments?post=1741"}],"version-history":[{"count":9,"href":"https:\/\/bale.ch\/journal\/wp-json\/wp\/v2\/posts\/1741\/revisions"}],"predecessor-version":[{"id":1754,"href":"https:\/\/bale.ch\/journal\/wp-json\/wp\/v2\/posts\/1741\/revisions\/1754"}],"wp:featuredmedia":[{"embeddable":true,"href":"https:\/\/bale.ch\/journal\/wp-json\/wp\/v2\/media\/1729"}],"wp:attachment":[{"href":"https:\/\/bale.ch\/journal\/wp-json\/wp\/v2\/media?parent=1741"}],"wp:term":[{"taxonomy":"category","embeddable":true,"href":"https:\/\/bale.ch\/journal\/wp-json\/wp\/v2\/categories?post=1741"},{"taxonomy":"post_tag","embeddable":true,"href":"https:\/\/bale.ch\/journal\/wp-json\/wp\/v2\/tags?post=1741"}],"curies":[{"name":"wp","href":"https:\/\/api.w.org\/{rel}","templated":true}]}}