{"id":1748,"date":"2019-01-10T00:36:38","date_gmt":"2019-01-10T00:36:38","guid":{"rendered":"http:\/\/bale.ch\/journal\/?p=1748"},"modified":"2019-01-10T00:36:49","modified_gmt":"2019-01-10T00:36:49","slug":"des-annonces-en-langue-alsacienne-dans-les-trains-de-la-ligne-bale-strasbourg","status":"publish","type":"post","link":"https:\/\/bale.ch\/journal\/des-annonces-en-langue-alsacienne-dans-les-trains-de-la-ligne-bale-strasbourg\/","title":{"rendered":"Des annonces en langue alsacienne dans les trains de la ligne B\u00e2le-Strasbourg"},"content":{"rendered":"<p><strong>La perte des nombreuses langues minoritaires de France (occitan, arpitan, breton, alsacien, basque&#8230;) au profit de l&rsquo;unique langue fran\u00e7aise montre dans le cas de l&rsquo;Alsace ses effets pervers quant \u00e0 l&rsquo;acc\u00e8s \u00e0 l&#8217;emploi. Pour tenter d&rsquo;endiguer le ph\u00e9nom\u00e8ne, Jean Rottner, le pr\u00e9sident de la R\u00e9gion Grand Est et ancien maire de Mulhouse a demand\u00e9 aux chemins de fer fran\u00e7ais \u00e0 ce que les\u00a0annonces \u00e0 bord des trains r\u00e9gionaux de la ligne express Strasbourg-B\u00e2le, soient compl\u00e9t\u00e9es par des salutations en alsacien.<\/strong><\/p>\n<p><!--more--><\/p>\n<p>Ainsi l\u2019annonce apr\u00e8s d\u00e9part <em>\u00ab\u00a0Mesdames, Messieurs, bienvenue \u00e0 bord, nous vous souhaitons \u00e0 tous bon voyage\u00a0\u00bb<\/em> est suivie d\u00e9sormais par: <em>\u00ab\u00a0Liewi Dame un Herre, Willkumme an Bord, mir winsche in alle a scheeni Reis\u00a0\u00bb.<\/em><\/p>\n<div class=\"richContentComponent textComponent\">\n<p>Les annonces avant l&rsquo;arriv\u00e9e en gare interm\u00e9diaire ou en gare terminus ont droit aussi aux annonces bilingues, soit prononc\u00e9es au micro par un contr\u00f4leur, soit par un message audio pr\u00e9enregistr\u00e9 et d\u00e9clench\u00e9 \u00e0 l&rsquo;aide d&rsquo;un natel: <em>\u00ab\u00a0Liewi Dame un Herre, mir hoffe, ass-n-ihr e g\u00fceti Fahrt han g\u2019hett, d\u2019Region Grand Est un d\u2019SNCF winsche Ejch e angenahmer D\u00e0\u00e0\u00a0\u00bb<\/em> (Mesdames, Messieurs, nous esp\u00e9rons que vous avez effectu\u00e9 un bon trajet, la R\u00e9gion Grand Est et la SNCF vous souhaitent une bonne journ\u00e9e).<\/p>\n<p><em>\u00ab\u00a0\u00c7a met les voyageurs, qu\u2019ils soient habitants du territoire ou visiteurs, <strong>en contact avec la langue r\u00e9gionale dans l\u2019espace public<\/strong>. Nous avons pris cette initiative pour encourager le bilinguisme et promouvoir l\u2019apprentissage de l\u2019alsacien tout en injectant une dose de convivialit\u00e9\u00a0\u00bb<\/em>, explique encore Jean Rottner.<\/p>\n<\/div>\n<div class=\"richContentComponent textComponent\">\n<p>B\u00e9n\u00e9dicte Keck, charg\u00e9e de mission \u00e0 l\u2019Office pour la langue et la culture d\u2019Alsace-Moselle (OLCA) a organis\u00e9 des s\u00e9ances de formation \u00e0 la prononciation \u00e0 l\u2019attention de 40 agents de contr\u00f4le, dont 36 n&rsquo;avaient aucune connaissance de la langue alsaciennne. Cela s&rsquo;est fait sur la base du volontariat. <em>\u00ab\u00a0Un bilan sera effectu\u00e9 apr\u00e8s six mois. <strong>En cas d\u2019engouement on l\u2019\u00e9tendra \u00e0 d\u2019autres lignes alsaciennes<\/strong>\u00a0\u00bb\u00a0<\/em>, conclu Jean Rottner.<\/p>\n<blockquote><p>Lire \u00e9galement:<\/p>\n<h3><a href=\"https:\/\/bale.ch\/journal\/monolinguisme-francais-frontaliers-bale-alsace\/\">Le monolinguisme des frontaliers Alsaciens leur ferme les portes de la Suisse<\/a><\/h3>\n<\/blockquote>\n<\/div>\n<div id=\"crieu-945968595\" class=\"crieu-apres-le-contenu crieu-entity-placement\" style=\"margin-left: auto;margin-right: auto;text-align: center;\"><script async src=\"\/\/pagead2.googlesyndication.com\/pagead\/js\/adsbygoogle.js?client=ca-pub-5271584769416742\" crossorigin=\"anonymous\"><\/script><ins class=\"adsbygoogle\" style=\"display:block;\" data-ad-client=\"ca-pub-5271584769416742\" \ndata-ad-slot=\"9321250718\" \ndata-ad-format=\"auto\"><\/ins>\n<script> \n(adsbygoogle = window.adsbygoogle || []).push({}); \n<\/script>\n<\/div>","protected":false},"excerpt":{"rendered":"<p>La perte des nombreuses langues minoritaires de France (occitan, arpitan, breton, alsacien, basque&#8230;) au profit de l&rsquo;unique langue fran\u00e7aise montre dans le cas de l&rsquo;Alsace ses effets pervers quant \u00e0 <a href=\"https:\/\/bale.ch\/journal\/des-annonces-en-langue-alsacienne-dans-les-trains-de-la-ligne-bale-strasbourg\/\" class=\"read-more button-fancy -red\"><span class=\"btn-arrow\"><\/span><span class=\"twp-read-more text\">Continuer la lecture<\/span><\/a><\/p>\n","protected":false},"author":2,"featured_media":1750,"comment_status":"closed","ping_status":"closed","sticky":false,"template":"","format":"standard","meta":{"footnotes":""},"categories":[103,7],"tags":[112,60,52,30],"class_list":["post-1748","post","type-post","status-publish","format-standard","has-post-thumbnail","hentry","category-actu","category-bale","tag-alsace","tag-bale","tag-france","tag-langues"],"yoast_head":"<!-- This site is optimized with the Yoast SEO plugin v28.3 - https:\/\/yoast.com\/product\/yoast-seo-wordpress\/ -->\n<title>Des annonces en langue alsacienne dans les trains de la ligne B\u00e2le-Strasbourg - Journal de B\u00e2le et Gen\u00e8ve<\/title>\n<meta name=\"robots\" content=\"index, follow, max-snippet:-1, max-image-preview:large, max-video-preview:-1\" \/>\n<link rel=\"canonical\" href=\"https:\/\/bale.ch\/journal\/des-annonces-en-langue-alsacienne-dans-les-trains-de-la-ligne-bale-strasbourg\/\" \/>\n<meta property=\"og:locale\" content=\"fr_FR\" \/>\n<meta property=\"og:type\" content=\"article\" \/>\n<meta property=\"og:title\" content=\"Des annonces en langue alsacienne dans les trains de la ligne B\u00e2le-Strasbourg - Journal de B\u00e2le et Gen\u00e8ve\" \/>\n<meta property=\"og:description\" content=\"La perte des nombreuses langues minoritaires de France (occitan, arpitan, breton, alsacien, basque&#8230;) au profit de l&rsquo;unique langue fran\u00e7aise montre dans le cas de l&rsquo;Alsace ses effets pervers quant \u00e0 Continuer la lecture\" \/>\n<meta property=\"og:url\" content=\"https:\/\/bale.ch\/journal\/des-annonces-en-langue-alsacienne-dans-les-trains-de-la-ligne-bale-strasbourg\/\" \/>\n<meta property=\"og:site_name\" content=\"Journal de B\u00e2le et Gen\u00e8ve\" \/>\n<meta property=\"article:published_time\" content=\"2019-01-10T00:36:38+00:00\" \/>\n<meta property=\"article:modified_time\" content=\"2019-01-10T00:36:49+00:00\" \/>\n<meta property=\"og:image\" content=\"https:\/\/bale.ch\/journal\/wp-content\/uploads\/2019\/01\/alsace_bale_basel_train_sncf_ter_gare.jpg\" \/>\n\t<meta property=\"og:image:width\" content=\"830\" \/>\n\t<meta property=\"og:image:height\" content=\"446\" \/>\n\t<meta property=\"og:image:type\" content=\"image\/jpeg\" \/>\n<meta name=\"author\" content=\"La R\u00e9daction\" \/>\n<meta name=\"twitter:card\" content=\"summary_large_image\" \/>\n<meta name=\"twitter:label1\" content=\"\u00c9crit par\" \/>\n\t<meta name=\"twitter:data1\" content=\"La R\u00e9daction\" \/>\n\t<meta name=\"twitter:label2\" content=\"Dur\u00e9e de lecture estim\u00e9e\" \/>\n\t<meta name=\"twitter:data2\" content=\"2 minutes\" \/>\n<script type=\"application\/ld+json\" class=\"yoast-schema-graph\">{\"@context\":\"https:\\\/\\\/schema.org\",\"@graph\":[{\"@type\":\"Article\",\"@id\":\"https:\\\/\\\/bale.ch\\\/journal\\\/des-annonces-en-langue-alsacienne-dans-les-trains-de-la-ligne-bale-strasbourg\\\/#article\",\"isPartOf\":{\"@id\":\"https:\\\/\\\/bale.ch\\\/journal\\\/des-annonces-en-langue-alsacienne-dans-les-trains-de-la-ligne-bale-strasbourg\\\/\"},\"author\":{\"name\":\"La R\u00e9daction\",\"@id\":\"https:\\\/\\\/bale.ch\\\/journal\\\/#\\\/schema\\\/person\\\/03ced978db3b7a5274c5cef003f352f5\"},\"headline\":\"Des annonces en langue alsacienne dans les trains de la ligne B\u00e2le-Strasbourg\",\"datePublished\":\"2019-01-10T00:36:38+00:00\",\"dateModified\":\"2019-01-10T00:36:49+00:00\",\"mainEntityOfPage\":{\"@id\":\"https:\\\/\\\/bale.ch\\\/journal\\\/des-annonces-en-langue-alsacienne-dans-les-trains-de-la-ligne-bale-strasbourg\\\/\"},\"wordCount\":377,\"publisher\":{\"@id\":\"https:\\\/\\\/bale.ch\\\/journal\\\/#organization\"},\"image\":{\"@id\":\"https:\\\/\\\/bale.ch\\\/journal\\\/des-annonces-en-langue-alsacienne-dans-les-trains-de-la-ligne-bale-strasbourg\\\/#primaryimage\"},\"thumbnailUrl\":\"https:\\\/\\\/bale.ch\\\/journal\\\/wp-content\\\/uploads\\\/2019\\\/01\\\/alsace_bale_basel_train_sncf_ter_gare.jpg\",\"keywords\":[\"Alsace\",\"B\u00e2le\",\"France\",\"Langues\"],\"articleSection\":[\"Actualit\u00e9s\",\"B\u00e2le Trinationale\"],\"inLanguage\":\"fr-FR\"},{\"@type\":\"WebPage\",\"@id\":\"https:\\\/\\\/bale.ch\\\/journal\\\/des-annonces-en-langue-alsacienne-dans-les-trains-de-la-ligne-bale-strasbourg\\\/\",\"url\":\"https:\\\/\\\/bale.ch\\\/journal\\\/des-annonces-en-langue-alsacienne-dans-les-trains-de-la-ligne-bale-strasbourg\\\/\",\"name\":\"Des annonces en langue alsacienne dans les trains de la ligne B\u00e2le-Strasbourg - Journal de B\u00e2le et Gen\u00e8ve\",\"isPartOf\":{\"@id\":\"https:\\\/\\\/bale.ch\\\/journal\\\/#website\"},\"primaryImageOfPage\":{\"@id\":\"https:\\\/\\\/bale.ch\\\/journal\\\/des-annonces-en-langue-alsacienne-dans-les-trains-de-la-ligne-bale-strasbourg\\\/#primaryimage\"},\"image\":{\"@id\":\"https:\\\/\\\/bale.ch\\\/journal\\\/des-annonces-en-langue-alsacienne-dans-les-trains-de-la-ligne-bale-strasbourg\\\/#primaryimage\"},\"thumbnailUrl\":\"https:\\\/\\\/bale.ch\\\/journal\\\/wp-content\\\/uploads\\\/2019\\\/01\\\/alsace_bale_basel_train_sncf_ter_gare.jpg\",\"datePublished\":\"2019-01-10T00:36:38+00:00\",\"dateModified\":\"2019-01-10T00:36:49+00:00\",\"breadcrumb\":{\"@id\":\"https:\\\/\\\/bale.ch\\\/journal\\\/des-annonces-en-langue-alsacienne-dans-les-trains-de-la-ligne-bale-strasbourg\\\/#breadcrumb\"},\"inLanguage\":\"fr-FR\",\"potentialAction\":[{\"@type\":\"ReadAction\",\"target\":[\"https:\\\/\\\/bale.ch\\\/journal\\\/des-annonces-en-langue-alsacienne-dans-les-trains-de-la-ligne-bale-strasbourg\\\/\"]}]},{\"@type\":\"ImageObject\",\"inLanguage\":\"fr-FR\",\"@id\":\"https:\\\/\\\/bale.ch\\\/journal\\\/des-annonces-en-langue-alsacienne-dans-les-trains-de-la-ligne-bale-strasbourg\\\/#primaryimage\",\"url\":\"https:\\\/\\\/bale.ch\\\/journal\\\/wp-content\\\/uploads\\\/2019\\\/01\\\/alsace_bale_basel_train_sncf_ter_gare.jpg\",\"contentUrl\":\"https:\\\/\\\/bale.ch\\\/journal\\\/wp-content\\\/uploads\\\/2019\\\/01\\\/alsace_bale_basel_train_sncf_ter_gare.jpg\",\"width\":830,\"height\":446},{\"@type\":\"BreadcrumbList\",\"@id\":\"https:\\\/\\\/bale.ch\\\/journal\\\/des-annonces-en-langue-alsacienne-dans-les-trains-de-la-ligne-bale-strasbourg\\\/#breadcrumb\",\"itemListElement\":[{\"@type\":\"ListItem\",\"position\":1,\"name\":\"Accueil\",\"item\":\"https:\\\/\\\/bale.ch\\\/journal\\\/\"},{\"@type\":\"ListItem\",\"position\":2,\"name\":\"Des annonces en langue alsacienne dans les trains de la ligne B\u00e2le-Strasbourg\"}]},{\"@type\":\"WebSite\",\"@id\":\"https:\\\/\\\/bale.ch\\\/journal\\\/#website\",\"url\":\"https:\\\/\\\/bale.ch\\\/journal\\\/\",\"name\":\"Journal de B\u00e2le et Gen\u00e8ve\",\"description\":\"M\u00e9dia transfrontalier d&#039;actualit\u00e9s - News\",\"publisher\":{\"@id\":\"https:\\\/\\\/bale.ch\\\/journal\\\/#organization\"},\"potentialAction\":[{\"@type\":\"SearchAction\",\"target\":{\"@type\":\"EntryPoint\",\"urlTemplate\":\"https:\\\/\\\/bale.ch\\\/journal\\\/?s={search_term_string}\"},\"query-input\":{\"@type\":\"PropertyValueSpecification\",\"valueRequired\":true,\"valueName\":\"search_term_string\"}}],\"inLanguage\":\"fr-FR\"},{\"@type\":\"Organization\",\"@id\":\"https:\\\/\\\/bale.ch\\\/journal\\\/#organization\",\"name\":\"Journal de B\u00e2le et Gen\u00e8ve\",\"url\":\"https:\\\/\\\/bale.ch\\\/journal\\\/\",\"logo\":{\"@type\":\"ImageObject\",\"inLanguage\":\"fr-FR\",\"@id\":\"https:\\\/\\\/bale.ch\\\/journal\\\/#\\\/schema\\\/logo\\\/image\\\/\",\"url\":\"https:\\\/\\\/bale.ch\\\/journal\\\/wp-content\\\/uploads\\\/2023\\\/07\\\/journaldebale_logo_2023_nb.png\",\"contentUrl\":\"https:\\\/\\\/bale.ch\\\/journal\\\/wp-content\\\/uploads\\\/2023\\\/07\\\/journaldebale_logo_2023_nb.png\",\"width\":371,\"height\":127,\"caption\":\"Journal de B\u00e2le et Gen\u00e8ve\"},\"image\":{\"@id\":\"https:\\\/\\\/bale.ch\\\/journal\\\/#\\\/schema\\\/logo\\\/image\\\/\"}},{\"@type\":\"Person\",\"@id\":\"https:\\\/\\\/bale.ch\\\/journal\\\/#\\\/schema\\\/person\\\/03ced978db3b7a5274c5cef003f352f5\",\"name\":\"La R\u00e9daction\",\"image\":{\"@type\":\"ImageObject\",\"inLanguage\":\"fr-FR\",\"@id\":\"https:\\\/\\\/secure.gravatar.com\\\/avatar\\\/d1327e2ce8d2b860112f968a3f34686c9bdda7a463a1502cdd1070ac9d88cf1e?s=96&d=mm&r=g\",\"url\":\"https:\\\/\\\/secure.gravatar.com\\\/avatar\\\/d1327e2ce8d2b860112f968a3f34686c9bdda7a463a1502cdd1070ac9d88cf1e?s=96&d=mm&r=g\",\"contentUrl\":\"https:\\\/\\\/secure.gravatar.com\\\/avatar\\\/d1327e2ce8d2b860112f968a3f34686c9bdda7a463a1502cdd1070ac9d88cf1e?s=96&d=mm&r=g\",\"caption\":\"La R\u00e9daction\"},\"url\":\"https:\\\/\\\/bale.ch\\\/journal\\\/author\\\/laredaction\\\/\"}]}<\/script>\n<!-- \/ Yoast SEO plugin. -->","yoast_head_json":{"title":"Des annonces en langue alsacienne dans les trains de la ligne B\u00e2le-Strasbourg - Journal de B\u00e2le et Gen\u00e8ve","robots":{"index":"index","follow":"follow","max-snippet":"max-snippet:-1","max-image-preview":"max-image-preview:large","max-video-preview":"max-video-preview:-1"},"canonical":"https:\/\/bale.ch\/journal\/des-annonces-en-langue-alsacienne-dans-les-trains-de-la-ligne-bale-strasbourg\/","og_locale":"fr_FR","og_type":"article","og_title":"Des annonces en langue alsacienne dans les trains de la ligne B\u00e2le-Strasbourg - Journal de B\u00e2le et Gen\u00e8ve","og_description":"La perte des nombreuses langues minoritaires de France (occitan, arpitan, breton, alsacien, basque&#8230;) au profit de l&rsquo;unique langue fran\u00e7aise montre dans le cas de l&rsquo;Alsace ses effets pervers quant \u00e0 Continuer la lecture","og_url":"https:\/\/bale.ch\/journal\/des-annonces-en-langue-alsacienne-dans-les-trains-de-la-ligne-bale-strasbourg\/","og_site_name":"Journal de B\u00e2le et Gen\u00e8ve","article_published_time":"2019-01-10T00:36:38+00:00","article_modified_time":"2019-01-10T00:36:49+00:00","og_image":[{"width":830,"height":446,"url":"https:\/\/bale.ch\/journal\/wp-content\/uploads\/2019\/01\/alsace_bale_basel_train_sncf_ter_gare.jpg","type":"image\/jpeg"}],"author":"La R\u00e9daction","twitter_card":"summary_large_image","twitter_misc":{"\u00c9crit par":"La R\u00e9daction","Dur\u00e9e de lecture estim\u00e9e":"2 minutes"},"schema":{"@context":"https:\/\/schema.org","@graph":[{"@type":"Article","@id":"https:\/\/bale.ch\/journal\/des-annonces-en-langue-alsacienne-dans-les-trains-de-la-ligne-bale-strasbourg\/#article","isPartOf":{"@id":"https:\/\/bale.ch\/journal\/des-annonces-en-langue-alsacienne-dans-les-trains-de-la-ligne-bale-strasbourg\/"},"author":{"name":"La R\u00e9daction","@id":"https:\/\/bale.ch\/journal\/#\/schema\/person\/03ced978db3b7a5274c5cef003f352f5"},"headline":"Des annonces en langue alsacienne dans les trains de la ligne B\u00e2le-Strasbourg","datePublished":"2019-01-10T00:36:38+00:00","dateModified":"2019-01-10T00:36:49+00:00","mainEntityOfPage":{"@id":"https:\/\/bale.ch\/journal\/des-annonces-en-langue-alsacienne-dans-les-trains-de-la-ligne-bale-strasbourg\/"},"wordCount":377,"publisher":{"@id":"https:\/\/bale.ch\/journal\/#organization"},"image":{"@id":"https:\/\/bale.ch\/journal\/des-annonces-en-langue-alsacienne-dans-les-trains-de-la-ligne-bale-strasbourg\/#primaryimage"},"thumbnailUrl":"https:\/\/bale.ch\/journal\/wp-content\/uploads\/2019\/01\/alsace_bale_basel_train_sncf_ter_gare.jpg","keywords":["Alsace","B\u00e2le","France","Langues"],"articleSection":["Actualit\u00e9s","B\u00e2le Trinationale"],"inLanguage":"fr-FR"},{"@type":"WebPage","@id":"https:\/\/bale.ch\/journal\/des-annonces-en-langue-alsacienne-dans-les-trains-de-la-ligne-bale-strasbourg\/","url":"https:\/\/bale.ch\/journal\/des-annonces-en-langue-alsacienne-dans-les-trains-de-la-ligne-bale-strasbourg\/","name":"Des annonces en langue alsacienne dans les trains de la ligne B\u00e2le-Strasbourg - Journal de B\u00e2le et Gen\u00e8ve","isPartOf":{"@id":"https:\/\/bale.ch\/journal\/#website"},"primaryImageOfPage":{"@id":"https:\/\/bale.ch\/journal\/des-annonces-en-langue-alsacienne-dans-les-trains-de-la-ligne-bale-strasbourg\/#primaryimage"},"image":{"@id":"https:\/\/bale.ch\/journal\/des-annonces-en-langue-alsacienne-dans-les-trains-de-la-ligne-bale-strasbourg\/#primaryimage"},"thumbnailUrl":"https:\/\/bale.ch\/journal\/wp-content\/uploads\/2019\/01\/alsace_bale_basel_train_sncf_ter_gare.jpg","datePublished":"2019-01-10T00:36:38+00:00","dateModified":"2019-01-10T00:36:49+00:00","breadcrumb":{"@id":"https:\/\/bale.ch\/journal\/des-annonces-en-langue-alsacienne-dans-les-trains-de-la-ligne-bale-strasbourg\/#breadcrumb"},"inLanguage":"fr-FR","potentialAction":[{"@type":"ReadAction","target":["https:\/\/bale.ch\/journal\/des-annonces-en-langue-alsacienne-dans-les-trains-de-la-ligne-bale-strasbourg\/"]}]},{"@type":"ImageObject","inLanguage":"fr-FR","@id":"https:\/\/bale.ch\/journal\/des-annonces-en-langue-alsacienne-dans-les-trains-de-la-ligne-bale-strasbourg\/#primaryimage","url":"https:\/\/bale.ch\/journal\/wp-content\/uploads\/2019\/01\/alsace_bale_basel_train_sncf_ter_gare.jpg","contentUrl":"https:\/\/bale.ch\/journal\/wp-content\/uploads\/2019\/01\/alsace_bale_basel_train_sncf_ter_gare.jpg","width":830,"height":446},{"@type":"BreadcrumbList","@id":"https:\/\/bale.ch\/journal\/des-annonces-en-langue-alsacienne-dans-les-trains-de-la-ligne-bale-strasbourg\/#breadcrumb","itemListElement":[{"@type":"ListItem","position":1,"name":"Accueil","item":"https:\/\/bale.ch\/journal\/"},{"@type":"ListItem","position":2,"name":"Des annonces en langue alsacienne dans les trains de la ligne B\u00e2le-Strasbourg"}]},{"@type":"WebSite","@id":"https:\/\/bale.ch\/journal\/#website","url":"https:\/\/bale.ch\/journal\/","name":"Journal de B\u00e2le et Gen\u00e8ve","description":"M\u00e9dia transfrontalier d&#039;actualit\u00e9s - News","publisher":{"@id":"https:\/\/bale.ch\/journal\/#organization"},"potentialAction":[{"@type":"SearchAction","target":{"@type":"EntryPoint","urlTemplate":"https:\/\/bale.ch\/journal\/?s={search_term_string}"},"query-input":{"@type":"PropertyValueSpecification","valueRequired":true,"valueName":"search_term_string"}}],"inLanguage":"fr-FR"},{"@type":"Organization","@id":"https:\/\/bale.ch\/journal\/#organization","name":"Journal de B\u00e2le et Gen\u00e8ve","url":"https:\/\/bale.ch\/journal\/","logo":{"@type":"ImageObject","inLanguage":"fr-FR","@id":"https:\/\/bale.ch\/journal\/#\/schema\/logo\/image\/","url":"https:\/\/bale.ch\/journal\/wp-content\/uploads\/2023\/07\/journaldebale_logo_2023_nb.png","contentUrl":"https:\/\/bale.ch\/journal\/wp-content\/uploads\/2023\/07\/journaldebale_logo_2023_nb.png","width":371,"height":127,"caption":"Journal de B\u00e2le et Gen\u00e8ve"},"image":{"@id":"https:\/\/bale.ch\/journal\/#\/schema\/logo\/image\/"}},{"@type":"Person","@id":"https:\/\/bale.ch\/journal\/#\/schema\/person\/03ced978db3b7a5274c5cef003f352f5","name":"La R\u00e9daction","image":{"@type":"ImageObject","inLanguage":"fr-FR","@id":"https:\/\/secure.gravatar.com\/avatar\/d1327e2ce8d2b860112f968a3f34686c9bdda7a463a1502cdd1070ac9d88cf1e?s=96&d=mm&r=g","url":"https:\/\/secure.gravatar.com\/avatar\/d1327e2ce8d2b860112f968a3f34686c9bdda7a463a1502cdd1070ac9d88cf1e?s=96&d=mm&r=g","contentUrl":"https:\/\/secure.gravatar.com\/avatar\/d1327e2ce8d2b860112f968a3f34686c9bdda7a463a1502cdd1070ac9d88cf1e?s=96&d=mm&r=g","caption":"La R\u00e9daction"},"url":"https:\/\/bale.ch\/journal\/author\/laredaction\/"}]}},"_links":{"self":[{"href":"https:\/\/bale.ch\/journal\/wp-json\/wp\/v2\/posts\/1748","targetHints":{"allow":["GET"]}}],"collection":[{"href":"https:\/\/bale.ch\/journal\/wp-json\/wp\/v2\/posts"}],"about":[{"href":"https:\/\/bale.ch\/journal\/wp-json\/wp\/v2\/types\/post"}],"author":[{"embeddable":true,"href":"https:\/\/bale.ch\/journal\/wp-json\/wp\/v2\/users\/2"}],"replies":[{"embeddable":true,"href":"https:\/\/bale.ch\/journal\/wp-json\/wp\/v2\/comments?post=1748"}],"version-history":[{"count":2,"href":"https:\/\/bale.ch\/journal\/wp-json\/wp\/v2\/posts\/1748\/revisions"}],"predecessor-version":[{"id":1751,"href":"https:\/\/bale.ch\/journal\/wp-json\/wp\/v2\/posts\/1748\/revisions\/1751"}],"wp:featuredmedia":[{"embeddable":true,"href":"https:\/\/bale.ch\/journal\/wp-json\/wp\/v2\/media\/1750"}],"wp:attachment":[{"href":"https:\/\/bale.ch\/journal\/wp-json\/wp\/v2\/media?parent=1748"}],"wp:term":[{"taxonomy":"category","embeddable":true,"href":"https:\/\/bale.ch\/journal\/wp-json\/wp\/v2\/categories?post=1748"},{"taxonomy":"post_tag","embeddable":true,"href":"https:\/\/bale.ch\/journal\/wp-json\/wp\/v2\/tags?post=1748"}],"curies":[{"name":"wp","href":"https:\/\/api.w.org\/{rel}","templated":true}]}}