{"id":1765,"date":"2019-01-10T21:47:31","date_gmt":"2019-01-10T21:47:31","guid":{"rendered":"http:\/\/bale.ch\/journal\/?p=1765"},"modified":"2019-01-11T03:10:21","modified_gmt":"2019-01-11T03:10:21","slug":"train-leman-express-le-prix-du-billet-geneve-annemasse-a-460-e","status":"publish","type":"post","link":"https:\/\/bale.ch\/journal\/train-leman-express-le-prix-du-billet-geneve-annemasse-a-460-e\/","title":{"rendered":"Train L\u00e9man Express: le prix du billet Gen\u00e8ve-Annemasse \u00e0 \u20ac4,60 \/ CHF4.80"},"content":{"rendered":"<div class=\"et_pb_module et_pb_text et_pb_text_15 et_pb_bg_layout_light et_pb_text_align_left\">\n<div class=\"et_pb_text_inner\">\n<p><strong>Le L\u00e9man Express circulera sur la nouvelle ligne CEVA (Cornavin\u2013Eaux-Vives\u2013Annemasse). Il reliera 45 gares sur 230 km de lignes et simplifiera la mobilit\u00e9 de plus d\u2019un million d\u2019habitants. Voyager en Auvergne Rh\u00f4ne-Alpes et dans le Canton de Vaud, travailler et habiter dans le Grand Gen\u00e8ve, rimeront avec simplicit\u00e9, confort et connexions.<\/strong><\/p>\n<\/div>\n<\/div>\n<p><!--more--><\/p>\n<p class=\"et_pb_module et_pb_image et_pb_image_4 et_always_center_on_mobile\">Le L\u00e9man Express, le plus grand r\u00e9seau ferroviaire r\u00e9gional transfrontalier d\u2019Europe. V\u00e9ritable trait d\u2019union franco-suisse, il accueillera chaque jour, selon les pr\u00e9visions, 50\u2019000 voyageurs sur les 240 trains qui circuleront dans les cantons de Vaud et de Gen\u00e8ve ainsi qu\u2019en R\u00e9gion Auvergne Rh\u00f4ne-Alpes, dans l\u2019Ain et la Savoie du Nord. Historique et unique, le L\u00e9man Express sera le plus grand r\u00e9seau ferroviaire r\u00e9gional transfrontalier d\u2019Europe entre Coppet, Gen\u00e8ve, Bellegarde, Saint-Gervais-les-Bains-le-Fayet, Annecy et Evian-les Bains.\u00a0L\u2019objectif est qu\u2019il y ait par heure un Gen\u00e8ve-Chablais direct, plus un avec correspondance TER imm\u00e9diate \u00e0 Annemasse .\u00a0M\u00eame concept en direction de La Roche-sur-Foron.<\/p>\n<p>Le prix du billet sera cal\u00e9 sur les tarifs de la communaut\u00e9 tarifaire franco-valdo-genevoise <a href=\"https:\/\/www.unireso.com\/\" target=\"_blank\" rel=\"noopener\"><strong>Unireso<\/strong><\/a>, soit \u00e0 ce jour 4,60\u20ac le voyage pour Gen\u00e8ve Cornavin-Annemasse.\u00a0Les autres trajets seront bas\u00e9s sur les tarifs CFF\u00a0et SNCF, avec une d\u00e9cote.<\/p>\n<blockquote><p>Lire aussi:<\/p>\n<h3><a href=\"https:\/\/bale.ch\/journal\/leman-express-mise-en-service-geneve\/\">L\u00e9man Express en service dans 365 jours: plan et lignes d\u00e9voil\u00e9s<\/a><\/h3>\n<\/blockquote>\n<div id=\"crieu-2342609736\" class=\"crieu-apres-le-contenu crieu-entity-placement\" style=\"margin-left: auto;margin-right: auto;text-align: center;\"><script async src=\"\/\/pagead2.googlesyndication.com\/pagead\/js\/adsbygoogle.js?client=ca-pub-5271584769416742\" crossorigin=\"anonymous\"><\/script><ins class=\"adsbygoogle\" style=\"display:block;\" data-ad-client=\"ca-pub-5271584769416742\" \ndata-ad-slot=\"9321250718\" \ndata-ad-format=\"auto\"><\/ins>\n<script> \n(adsbygoogle = window.adsbygoogle || []).push({}); \n<\/script>\n<\/div>","protected":false},"excerpt":{"rendered":"<p>Le L\u00e9man Express circulera sur la nouvelle ligne CEVA (Cornavin\u2013Eaux-Vives\u2013Annemasse). Il reliera 45 gares sur 230 km de lignes et simplifiera la mobilit\u00e9 de plus d\u2019un million d\u2019habitants. Voyager en <a href=\"https:\/\/bale.ch\/journal\/train-leman-express-le-prix-du-billet-geneve-annemasse-a-460-e\/\" class=\"read-more button-fancy -red\"><span class=\"btn-arrow\"><\/span><span class=\"twp-read-more text\">Continuer la lecture<\/span><\/a><\/p>\n","protected":false},"author":2,"featured_media":1766,"comment_status":"closed","ping_status":"closed","sticky":false,"template":"","format":"standard","meta":{"footnotes":""},"categories":[103,4],"tags":[33,115,59,73,86,35],"class_list":["post-1765","post","type-post","status-publish","format-standard","has-post-thumbnail","hentry","category-actu","category-grand-geneve","tag-annemasse","tag-cff","tag-grand-geneve","tag-haute-savoie","tag-leman-express","tag-transports"],"yoast_head":"<!-- This site is optimized with the Yoast SEO plugin v28.3 - https:\/\/yoast.com\/product\/yoast-seo-wordpress\/ -->\n<title>Train L\u00e9man Express: le prix du billet Gen\u00e8ve-Annemasse \u00e0 \u20ac4,60 \/ CHF4.80 - Journal de B\u00e2le et Gen\u00e8ve<\/title>\n<meta name=\"robots\" content=\"index, follow, max-snippet:-1, max-image-preview:large, max-video-preview:-1\" \/>\n<link rel=\"canonical\" href=\"https:\/\/bale.ch\/journal\/train-leman-express-le-prix-du-billet-geneve-annemasse-a-460-e\/\" \/>\n<meta property=\"og:locale\" content=\"fr_FR\" \/>\n<meta property=\"og:type\" content=\"article\" \/>\n<meta property=\"og:title\" content=\"Train L\u00e9man Express: le prix du billet Gen\u00e8ve-Annemasse \u00e0 \u20ac4,60 \/ CHF4.80 - Journal de B\u00e2le et Gen\u00e8ve\" \/>\n<meta property=\"og:description\" content=\"Le L\u00e9man Express circulera sur la nouvelle ligne CEVA (Cornavin\u2013Eaux-Vives\u2013Annemasse). Il reliera 45 gares sur 230 km de lignes et simplifiera la mobilit\u00e9 de plus d\u2019un million d\u2019habitants. Voyager en Continuer la lecture\" \/>\n<meta property=\"og:url\" content=\"https:\/\/bale.ch\/journal\/train-leman-express-le-prix-du-billet-geneve-annemasse-a-460-e\/\" \/>\n<meta property=\"og:site_name\" content=\"Journal de B\u00e2le et Gen\u00e8ve\" \/>\n<meta property=\"article:published_time\" content=\"2019-01-10T21:47:31+00:00\" \/>\n<meta property=\"article:modified_time\" content=\"2019-01-11T03:10:21+00:00\" \/>\n<meta property=\"og:image\" content=\"https:\/\/bale.ch\/journal\/wp-content\/uploads\/2019\/01\/leman_express_lignes_ceva_annemasse_geneve_train_gares.jpg\" \/>\n\t<meta property=\"og:image:width\" content=\"830\" \/>\n\t<meta property=\"og:image:height\" content=\"446\" \/>\n\t<meta property=\"og:image:type\" content=\"image\/jpeg\" \/>\n<meta name=\"author\" content=\"La R\u00e9daction\" \/>\n<meta name=\"twitter:card\" content=\"summary_large_image\" \/>\n<meta name=\"twitter:label1\" content=\"\u00c9crit par\" \/>\n\t<meta name=\"twitter:data1\" content=\"La R\u00e9daction\" \/>\n\t<meta name=\"twitter:label2\" content=\"Dur\u00e9e de lecture estim\u00e9e\" \/>\n\t<meta name=\"twitter:data2\" content=\"1 minute\" \/>\n<script type=\"application\/ld+json\" class=\"yoast-schema-graph\">{\"@context\":\"https:\\\/\\\/schema.org\",\"@graph\":[{\"@type\":\"Article\",\"@id\":\"https:\\\/\\\/bale.ch\\\/journal\\\/train-leman-express-le-prix-du-billet-geneve-annemasse-a-460-e\\\/#article\",\"isPartOf\":{\"@id\":\"https:\\\/\\\/bale.ch\\\/journal\\\/train-leman-express-le-prix-du-billet-geneve-annemasse-a-460-e\\\/\"},\"author\":{\"name\":\"La R\u00e9daction\",\"@id\":\"https:\\\/\\\/bale.ch\\\/journal\\\/#\\\/schema\\\/person\\\/03ced978db3b7a5274c5cef003f352f5\"},\"headline\":\"Train L\u00e9man Express: le prix du billet Gen\u00e8ve-Annemasse \u00e0 \u20ac4,60 \\\/ CHF4.80\",\"datePublished\":\"2019-01-10T21:47:31+00:00\",\"dateModified\":\"2019-01-11T03:10:21+00:00\",\"mainEntityOfPage\":{\"@id\":\"https:\\\/\\\/bale.ch\\\/journal\\\/train-leman-express-le-prix-du-billet-geneve-annemasse-a-460-e\\\/\"},\"wordCount\":240,\"publisher\":{\"@id\":\"https:\\\/\\\/bale.ch\\\/journal\\\/#organization\"},\"image\":{\"@id\":\"https:\\\/\\\/bale.ch\\\/journal\\\/train-leman-express-le-prix-du-billet-geneve-annemasse-a-460-e\\\/#primaryimage\"},\"thumbnailUrl\":\"https:\\\/\\\/bale.ch\\\/journal\\\/wp-content\\\/uploads\\\/2019\\\/01\\\/leman_express_lignes_ceva_annemasse_geneve_train_gares.jpg\",\"keywords\":[\"Annemasse\",\"cff\",\"Grand Gen\u00e8ve\",\"Haute-Savoie\",\"l\u00e9man express\",\"Transports\"],\"articleSection\":[\"Actualit\u00e9s\",\"Grand Gen\u00e8ve\"],\"inLanguage\":\"fr-FR\"},{\"@type\":\"WebPage\",\"@id\":\"https:\\\/\\\/bale.ch\\\/journal\\\/train-leman-express-le-prix-du-billet-geneve-annemasse-a-460-e\\\/\",\"url\":\"https:\\\/\\\/bale.ch\\\/journal\\\/train-leman-express-le-prix-du-billet-geneve-annemasse-a-460-e\\\/\",\"name\":\"Train L\u00e9man Express: le prix du billet Gen\u00e8ve-Annemasse \u00e0 \u20ac4,60 \\\/ CHF4.80 - Journal de B\u00e2le et Gen\u00e8ve\",\"isPartOf\":{\"@id\":\"https:\\\/\\\/bale.ch\\\/journal\\\/#website\"},\"primaryImageOfPage\":{\"@id\":\"https:\\\/\\\/bale.ch\\\/journal\\\/train-leman-express-le-prix-du-billet-geneve-annemasse-a-460-e\\\/#primaryimage\"},\"image\":{\"@id\":\"https:\\\/\\\/bale.ch\\\/journal\\\/train-leman-express-le-prix-du-billet-geneve-annemasse-a-460-e\\\/#primaryimage\"},\"thumbnailUrl\":\"https:\\\/\\\/bale.ch\\\/journal\\\/wp-content\\\/uploads\\\/2019\\\/01\\\/leman_express_lignes_ceva_annemasse_geneve_train_gares.jpg\",\"datePublished\":\"2019-01-10T21:47:31+00:00\",\"dateModified\":\"2019-01-11T03:10:21+00:00\",\"breadcrumb\":{\"@id\":\"https:\\\/\\\/bale.ch\\\/journal\\\/train-leman-express-le-prix-du-billet-geneve-annemasse-a-460-e\\\/#breadcrumb\"},\"inLanguage\":\"fr-FR\",\"potentialAction\":[{\"@type\":\"ReadAction\",\"target\":[\"https:\\\/\\\/bale.ch\\\/journal\\\/train-leman-express-le-prix-du-billet-geneve-annemasse-a-460-e\\\/\"]}]},{\"@type\":\"ImageObject\",\"inLanguage\":\"fr-FR\",\"@id\":\"https:\\\/\\\/bale.ch\\\/journal\\\/train-leman-express-le-prix-du-billet-geneve-annemasse-a-460-e\\\/#primaryimage\",\"url\":\"https:\\\/\\\/bale.ch\\\/journal\\\/wp-content\\\/uploads\\\/2019\\\/01\\\/leman_express_lignes_ceva_annemasse_geneve_train_gares.jpg\",\"contentUrl\":\"https:\\\/\\\/bale.ch\\\/journal\\\/wp-content\\\/uploads\\\/2019\\\/01\\\/leman_express_lignes_ceva_annemasse_geneve_train_gares.jpg\",\"width\":830,\"height\":446},{\"@type\":\"BreadcrumbList\",\"@id\":\"https:\\\/\\\/bale.ch\\\/journal\\\/train-leman-express-le-prix-du-billet-geneve-annemasse-a-460-e\\\/#breadcrumb\",\"itemListElement\":[{\"@type\":\"ListItem\",\"position\":1,\"name\":\"Accueil\",\"item\":\"https:\\\/\\\/bale.ch\\\/journal\\\/\"},{\"@type\":\"ListItem\",\"position\":2,\"name\":\"Train L\u00e9man Express: le prix du billet Gen\u00e8ve-Annemasse \u00e0 \u20ac4,60 \\\/ CHF4.80\"}]},{\"@type\":\"WebSite\",\"@id\":\"https:\\\/\\\/bale.ch\\\/journal\\\/#website\",\"url\":\"https:\\\/\\\/bale.ch\\\/journal\\\/\",\"name\":\"Journal de B\u00e2le et Gen\u00e8ve\",\"description\":\"M\u00e9dia transfrontalier d&#039;actualit\u00e9s - News\",\"publisher\":{\"@id\":\"https:\\\/\\\/bale.ch\\\/journal\\\/#organization\"},\"potentialAction\":[{\"@type\":\"SearchAction\",\"target\":{\"@type\":\"EntryPoint\",\"urlTemplate\":\"https:\\\/\\\/bale.ch\\\/journal\\\/?s={search_term_string}\"},\"query-input\":{\"@type\":\"PropertyValueSpecification\",\"valueRequired\":true,\"valueName\":\"search_term_string\"}}],\"inLanguage\":\"fr-FR\"},{\"@type\":\"Organization\",\"@id\":\"https:\\\/\\\/bale.ch\\\/journal\\\/#organization\",\"name\":\"Journal de B\u00e2le et Gen\u00e8ve\",\"url\":\"https:\\\/\\\/bale.ch\\\/journal\\\/\",\"logo\":{\"@type\":\"ImageObject\",\"inLanguage\":\"fr-FR\",\"@id\":\"https:\\\/\\\/bale.ch\\\/journal\\\/#\\\/schema\\\/logo\\\/image\\\/\",\"url\":\"https:\\\/\\\/bale.ch\\\/journal\\\/wp-content\\\/uploads\\\/2023\\\/07\\\/journaldebale_logo_2023_nb.png\",\"contentUrl\":\"https:\\\/\\\/bale.ch\\\/journal\\\/wp-content\\\/uploads\\\/2023\\\/07\\\/journaldebale_logo_2023_nb.png\",\"width\":371,\"height\":127,\"caption\":\"Journal de B\u00e2le et Gen\u00e8ve\"},\"image\":{\"@id\":\"https:\\\/\\\/bale.ch\\\/journal\\\/#\\\/schema\\\/logo\\\/image\\\/\"}},{\"@type\":\"Person\",\"@id\":\"https:\\\/\\\/bale.ch\\\/journal\\\/#\\\/schema\\\/person\\\/03ced978db3b7a5274c5cef003f352f5\",\"name\":\"La R\u00e9daction\",\"image\":{\"@type\":\"ImageObject\",\"inLanguage\":\"fr-FR\",\"@id\":\"https:\\\/\\\/secure.gravatar.com\\\/avatar\\\/d1327e2ce8d2b860112f968a3f34686c9bdda7a463a1502cdd1070ac9d88cf1e?s=96&d=mm&r=g\",\"url\":\"https:\\\/\\\/secure.gravatar.com\\\/avatar\\\/d1327e2ce8d2b860112f968a3f34686c9bdda7a463a1502cdd1070ac9d88cf1e?s=96&d=mm&r=g\",\"contentUrl\":\"https:\\\/\\\/secure.gravatar.com\\\/avatar\\\/d1327e2ce8d2b860112f968a3f34686c9bdda7a463a1502cdd1070ac9d88cf1e?s=96&d=mm&r=g\",\"caption\":\"La R\u00e9daction\"},\"url\":\"https:\\\/\\\/bale.ch\\\/journal\\\/author\\\/laredaction\\\/\"}]}<\/script>\n<!-- \/ Yoast SEO plugin. -->","yoast_head_json":{"title":"Train L\u00e9man Express: le prix du billet Gen\u00e8ve-Annemasse \u00e0 \u20ac4,60 \/ CHF4.80 - Journal de B\u00e2le et Gen\u00e8ve","robots":{"index":"index","follow":"follow","max-snippet":"max-snippet:-1","max-image-preview":"max-image-preview:large","max-video-preview":"max-video-preview:-1"},"canonical":"https:\/\/bale.ch\/journal\/train-leman-express-le-prix-du-billet-geneve-annemasse-a-460-e\/","og_locale":"fr_FR","og_type":"article","og_title":"Train L\u00e9man Express: le prix du billet Gen\u00e8ve-Annemasse \u00e0 \u20ac4,60 \/ CHF4.80 - Journal de B\u00e2le et Gen\u00e8ve","og_description":"Le L\u00e9man Express circulera sur la nouvelle ligne CEVA (Cornavin\u2013Eaux-Vives\u2013Annemasse). Il reliera 45 gares sur 230 km de lignes et simplifiera la mobilit\u00e9 de plus d\u2019un million d\u2019habitants. Voyager en Continuer la lecture","og_url":"https:\/\/bale.ch\/journal\/train-leman-express-le-prix-du-billet-geneve-annemasse-a-460-e\/","og_site_name":"Journal de B\u00e2le et Gen\u00e8ve","article_published_time":"2019-01-10T21:47:31+00:00","article_modified_time":"2019-01-11T03:10:21+00:00","og_image":[{"width":830,"height":446,"url":"https:\/\/bale.ch\/journal\/wp-content\/uploads\/2019\/01\/leman_express_lignes_ceva_annemasse_geneve_train_gares.jpg","type":"image\/jpeg"}],"author":"La R\u00e9daction","twitter_card":"summary_large_image","twitter_misc":{"\u00c9crit par":"La R\u00e9daction","Dur\u00e9e de lecture estim\u00e9e":"1 minute"},"schema":{"@context":"https:\/\/schema.org","@graph":[{"@type":"Article","@id":"https:\/\/bale.ch\/journal\/train-leman-express-le-prix-du-billet-geneve-annemasse-a-460-e\/#article","isPartOf":{"@id":"https:\/\/bale.ch\/journal\/train-leman-express-le-prix-du-billet-geneve-annemasse-a-460-e\/"},"author":{"name":"La R\u00e9daction","@id":"https:\/\/bale.ch\/journal\/#\/schema\/person\/03ced978db3b7a5274c5cef003f352f5"},"headline":"Train L\u00e9man Express: le prix du billet Gen\u00e8ve-Annemasse \u00e0 \u20ac4,60 \/ CHF4.80","datePublished":"2019-01-10T21:47:31+00:00","dateModified":"2019-01-11T03:10:21+00:00","mainEntityOfPage":{"@id":"https:\/\/bale.ch\/journal\/train-leman-express-le-prix-du-billet-geneve-annemasse-a-460-e\/"},"wordCount":240,"publisher":{"@id":"https:\/\/bale.ch\/journal\/#organization"},"image":{"@id":"https:\/\/bale.ch\/journal\/train-leman-express-le-prix-du-billet-geneve-annemasse-a-460-e\/#primaryimage"},"thumbnailUrl":"https:\/\/bale.ch\/journal\/wp-content\/uploads\/2019\/01\/leman_express_lignes_ceva_annemasse_geneve_train_gares.jpg","keywords":["Annemasse","cff","Grand Gen\u00e8ve","Haute-Savoie","l\u00e9man express","Transports"],"articleSection":["Actualit\u00e9s","Grand Gen\u00e8ve"],"inLanguage":"fr-FR"},{"@type":"WebPage","@id":"https:\/\/bale.ch\/journal\/train-leman-express-le-prix-du-billet-geneve-annemasse-a-460-e\/","url":"https:\/\/bale.ch\/journal\/train-leman-express-le-prix-du-billet-geneve-annemasse-a-460-e\/","name":"Train L\u00e9man Express: le prix du billet Gen\u00e8ve-Annemasse \u00e0 \u20ac4,60 \/ CHF4.80 - Journal de B\u00e2le et Gen\u00e8ve","isPartOf":{"@id":"https:\/\/bale.ch\/journal\/#website"},"primaryImageOfPage":{"@id":"https:\/\/bale.ch\/journal\/train-leman-express-le-prix-du-billet-geneve-annemasse-a-460-e\/#primaryimage"},"image":{"@id":"https:\/\/bale.ch\/journal\/train-leman-express-le-prix-du-billet-geneve-annemasse-a-460-e\/#primaryimage"},"thumbnailUrl":"https:\/\/bale.ch\/journal\/wp-content\/uploads\/2019\/01\/leman_express_lignes_ceva_annemasse_geneve_train_gares.jpg","datePublished":"2019-01-10T21:47:31+00:00","dateModified":"2019-01-11T03:10:21+00:00","breadcrumb":{"@id":"https:\/\/bale.ch\/journal\/train-leman-express-le-prix-du-billet-geneve-annemasse-a-460-e\/#breadcrumb"},"inLanguage":"fr-FR","potentialAction":[{"@type":"ReadAction","target":["https:\/\/bale.ch\/journal\/train-leman-express-le-prix-du-billet-geneve-annemasse-a-460-e\/"]}]},{"@type":"ImageObject","inLanguage":"fr-FR","@id":"https:\/\/bale.ch\/journal\/train-leman-express-le-prix-du-billet-geneve-annemasse-a-460-e\/#primaryimage","url":"https:\/\/bale.ch\/journal\/wp-content\/uploads\/2019\/01\/leman_express_lignes_ceva_annemasse_geneve_train_gares.jpg","contentUrl":"https:\/\/bale.ch\/journal\/wp-content\/uploads\/2019\/01\/leman_express_lignes_ceva_annemasse_geneve_train_gares.jpg","width":830,"height":446},{"@type":"BreadcrumbList","@id":"https:\/\/bale.ch\/journal\/train-leman-express-le-prix-du-billet-geneve-annemasse-a-460-e\/#breadcrumb","itemListElement":[{"@type":"ListItem","position":1,"name":"Accueil","item":"https:\/\/bale.ch\/journal\/"},{"@type":"ListItem","position":2,"name":"Train L\u00e9man Express: le prix du billet Gen\u00e8ve-Annemasse \u00e0 \u20ac4,60 \/ CHF4.80"}]},{"@type":"WebSite","@id":"https:\/\/bale.ch\/journal\/#website","url":"https:\/\/bale.ch\/journal\/","name":"Journal de B\u00e2le et Gen\u00e8ve","description":"M\u00e9dia transfrontalier d&#039;actualit\u00e9s - News","publisher":{"@id":"https:\/\/bale.ch\/journal\/#organization"},"potentialAction":[{"@type":"SearchAction","target":{"@type":"EntryPoint","urlTemplate":"https:\/\/bale.ch\/journal\/?s={search_term_string}"},"query-input":{"@type":"PropertyValueSpecification","valueRequired":true,"valueName":"search_term_string"}}],"inLanguage":"fr-FR"},{"@type":"Organization","@id":"https:\/\/bale.ch\/journal\/#organization","name":"Journal de B\u00e2le et Gen\u00e8ve","url":"https:\/\/bale.ch\/journal\/","logo":{"@type":"ImageObject","inLanguage":"fr-FR","@id":"https:\/\/bale.ch\/journal\/#\/schema\/logo\/image\/","url":"https:\/\/bale.ch\/journal\/wp-content\/uploads\/2023\/07\/journaldebale_logo_2023_nb.png","contentUrl":"https:\/\/bale.ch\/journal\/wp-content\/uploads\/2023\/07\/journaldebale_logo_2023_nb.png","width":371,"height":127,"caption":"Journal de B\u00e2le et Gen\u00e8ve"},"image":{"@id":"https:\/\/bale.ch\/journal\/#\/schema\/logo\/image\/"}},{"@type":"Person","@id":"https:\/\/bale.ch\/journal\/#\/schema\/person\/03ced978db3b7a5274c5cef003f352f5","name":"La R\u00e9daction","image":{"@type":"ImageObject","inLanguage":"fr-FR","@id":"https:\/\/secure.gravatar.com\/avatar\/d1327e2ce8d2b860112f968a3f34686c9bdda7a463a1502cdd1070ac9d88cf1e?s=96&d=mm&r=g","url":"https:\/\/secure.gravatar.com\/avatar\/d1327e2ce8d2b860112f968a3f34686c9bdda7a463a1502cdd1070ac9d88cf1e?s=96&d=mm&r=g","contentUrl":"https:\/\/secure.gravatar.com\/avatar\/d1327e2ce8d2b860112f968a3f34686c9bdda7a463a1502cdd1070ac9d88cf1e?s=96&d=mm&r=g","caption":"La R\u00e9daction"},"url":"https:\/\/bale.ch\/journal\/author\/laredaction\/"}]}},"_links":{"self":[{"href":"https:\/\/bale.ch\/journal\/wp-json\/wp\/v2\/posts\/1765","targetHints":{"allow":["GET"]}}],"collection":[{"href":"https:\/\/bale.ch\/journal\/wp-json\/wp\/v2\/posts"}],"about":[{"href":"https:\/\/bale.ch\/journal\/wp-json\/wp\/v2\/types\/post"}],"author":[{"embeddable":true,"href":"https:\/\/bale.ch\/journal\/wp-json\/wp\/v2\/users\/2"}],"replies":[{"embeddable":true,"href":"https:\/\/bale.ch\/journal\/wp-json\/wp\/v2\/comments?post=1765"}],"version-history":[{"count":4,"href":"https:\/\/bale.ch\/journal\/wp-json\/wp\/v2\/posts\/1765\/revisions"}],"predecessor-version":[{"id":1771,"href":"https:\/\/bale.ch\/journal\/wp-json\/wp\/v2\/posts\/1765\/revisions\/1771"}],"wp:featuredmedia":[{"embeddable":true,"href":"https:\/\/bale.ch\/journal\/wp-json\/wp\/v2\/media\/1766"}],"wp:attachment":[{"href":"https:\/\/bale.ch\/journal\/wp-json\/wp\/v2\/media?parent=1765"}],"wp:term":[{"taxonomy":"category","embeddable":true,"href":"https:\/\/bale.ch\/journal\/wp-json\/wp\/v2\/categories?post=1765"},{"taxonomy":"post_tag","embeddable":true,"href":"https:\/\/bale.ch\/journal\/wp-json\/wp\/v2\/tags?post=1765"}],"curies":[{"name":"wp","href":"https:\/\/api.w.org\/{rel}","templated":true}]}}