{"id":1803,"date":"2019-01-12T21:59:50","date_gmt":"2019-01-12T21:59:50","guid":{"rendered":"http:\/\/bale.ch\/journal\/?p=1803"},"modified":"2019-03-27T18:20:30","modified_gmt":"2019-03-27T18:20:30","slug":"maison-communale-veigy-foncenex-video","status":"publish","type":"post","link":"https:\/\/bale.ch\/journal\/maison-communale-veigy-foncenex-video\/","title":{"rendered":"Grand Gen\u00e8ve: un documentaire pour la sauvegarde de la maison communale de Veigy-Foncenex"},"content":{"rendered":"<div class=\"i_l82kpun-h t_l82kpx_ha clearfix\">\n<div class=\"clearfix l_l82kpupuk\">\n<div class=\"clearfix _42ef\">\n<div class=\"k_l82kpupuj\">\n<div>\n<div class=\"_6a _5u5j\">\n<div class=\"_6a _5u5j _6b\"><strong>VIDEO | Une association de la commune de Veigy-Foncenex, dans le Chablais savoyard (Grand Gen\u00e8ve franco-suisse), a r\u00e9alis\u00e9 un documentaire intitul\u00e9 \u00ab\u00a0Un patrimoine \u00e0 la casse\u00a0\u00bb d\u00e9crivant la destruction minutieuse du patrimoine dans ce territoire en plein essor d\u00e9mographique, et en particulier dans cette commune frontali\u00e8re.<\/strong><\/div>\n<\/div>\n<\/div>\n<\/div>\n<\/div>\n<\/div>\n<\/div>\n<p><!--more--><\/p>\n<p><em>\u00ab\u00a0Alors que rien n&rsquo;opposerait cet avantage \u00e0 la pr\u00e9servation de notre rare patrimoine architectural ancien, nos \u00e9lus persistent \u00e0 faire des choix de d\u00e9molitions infond\u00e9s, malheureux et irr\u00e9versibles, appauvrissant ce que nous allons l\u00e9guer aux g\u00e9n\u00e9rations futures\u00a0\u00bb<\/em>, d\u00e9clarent les membres de\u00a0<span class=\"text_exposed_show\"><a href=\"http:\/\/patrimoine-veigy.com\/\" target=\"_blank\" rel=\"noopener\"><strong>M\u00e9moire et Patrimoine de Veigy-Foncenex<\/strong><\/a>, association fond\u00e9e il y a dix ans.<br \/>\n<\/span><\/p>\n<p>Dans la ligne de mire de la municipalit\u00e9, la maison communale au centre-bourg, qu&rsquo;elle souhaite d\u00e9molir pour construire un nouveau carrefour avec un rond-point, jug\u00e9 \u00ab\u00a0n\u00e9cessaire\u00a0\u00bb. Situ\u00e9e entre l\u2019\u00e9glise et la mairie, elle fut construite en 1848, avant l&rsquo;annexion de la Savoie par la France, et a abrit\u00e9 l\u2019\u00e9cole de la R\u00e9publique fran\u00e7aise jusqu\u2019en 1981 et La Poste jusqu\u2019en 1990. Des salles sont encore aujourd\u2019hui utilis\u00e9es par les associations.<\/p>\n<p>Cette maison n\u2019est pas un b\u00e2timent comme un autre. Construite par et avec les Veigyciens, elle a v\u00e9cu toute l\u2019histoire du village depuis 1847. Elle est aussi, le seul vestige d\u2019un style architectural aujourd\u2019hui recherch\u00e9 et \u00e9tudi\u00e9, le n\u00e9o-classicisme dit \u00ab\u00a0sarde\u00a0\u00bb (ou mieux, \u00ab\u00a0savoyard\u00a0\u00bb).<\/p><div id=\"crieu-1280507829\" class=\"crieu-content crieu-entity-placement\"><script async src=\"\/\/pagead2.googlesyndication.com\/pagead\/js\/adsbygoogle.js?client=ca-pub-5271584769416742\" crossorigin=\"anonymous\"><\/script><ins class=\"adsbygoogle\" style=\"display:block;\" data-ad-client=\"ca-pub-5271584769416742\" \ndata-ad-slot=\"9321250718\" \ndata-ad-format=\"auto\"><\/ins>\n<script> \n(adsbygoogle = window.adsbygoogle || []).push({}); \n<\/script>\n<\/div>\n<p>Depuis les journ\u00e9es du patrimoine l\u2019association s\u2019est activ\u00e9e \u00e0 r\u00e9aliser une brochure relatant \u00ab La Petite et Grande histoire de la Maison Commune \u00bb de Veigy-Foncenex. Travail passionnant pour lequel des recherches aux Archives d\u00e9partementales \u00e0 Annecy ou \u00e0 l\u2019Acad\u00e9mie chablaisienne de Thonon, leur ont permis de relater les 164 ans d\u2019existence de ce b\u00e2timent \u00e9difi\u00e9 en 1848. Plan de cadastre, photos a\u00e9riennes, photos d\u2019archives et de collections particuli\u00e8res, illustrent ce que furent la vie de ce b\u00e2timent \u00e9difi\u00e9 au centre du village et qui a connu toute son histoire depuis l\u2019Annexion de la Savoie \u00e0 la France jusqu\u2019\u00e0 nos jours. Seul vestige d\u2019un style architectural aujourd\u2019hui recherch\u00e9 et \u00e9tudi\u00e9, le n\u00e9o-classicisme, cette maison a abrit\u00e9 la toute premi\u00e8re \u00e9cole de filles, la premi\u00e8re Musique, la premi\u00e8re salle de th\u00e9\u00e2tre.<\/p>\n<p>La brochure a servi de base \u00e0 la r\u00e9alisation du documentaire de 47 minutes \u00e0 voir ci-dessous. Il a \u00e9t\u00e9 envoy\u00e9 au Tribunal administratif de Grenoble, qui doit statuer sur la demande de permis de d\u00e9molir. Ce combat rejoint celui de l&rsquo;association \u00ab\u00a0Contre l&rsquo;enlaidissement de Gen\u00e8ve\u00a0\u00bb et des divers comit\u00e9s de quartiers \u00e0 Thonon-les-Bains et dans diff\u00e9rentes communes chablaisiennes.<\/p>\n<blockquote>\n<p style=\"text-align: left;\">Lire aussi:<\/p>\n<h3 style=\"text-align: left;\"><a href=\"https:\/\/bale.ch\/journal\/maison-alveole-sciez-urbanisme-grand-geneve\/\" target=\"_blank\" rel=\"noopener\">La Maison Alv\u00e9ole de Sciez, symbole de la r\u00e9sistance au tout-b\u00e9ton dans le Grand Gen\u00e8vePour que naisse une vraie d\u00e9mocratie dans le Grand Gen\u00e8ve<\/a><\/h3>\n<\/blockquote>\n<p>Image (en haut): <em>Proposition de mise en valeur du centre historique de Veigy-Foncenex par Edouard Proust et Etienne Florentin, architectes dipl\u00f4m\u00e9s d\u2019Etat, \u00e0 la demande de l\u2019association M\u00e9moire et Patrimoine.<\/em><\/p>\n<p>&nbsp;<\/p>\n<div id=\"attachment_266\" class=\"wp-caption alignnone\">\n<p><iframe loading=\"lazy\" src=\"https:\/\/www.youtube.com\/embed\/oWSuQ3sf48g\" width=\"560\" height=\"315\" frameborder=\"0\" allowfullscreen=\"allowfullscreen\"><\/iframe><\/p>\n<\/div>\n<div id=\"crieu-1542336524\" class=\"crieu-apres-le-contenu crieu-entity-placement\" style=\"margin-left: auto;margin-right: auto;text-align: center;\"><script async src=\"\/\/pagead2.googlesyndication.com\/pagead\/js\/adsbygoogle.js?client=ca-pub-5271584769416742\" crossorigin=\"anonymous\"><\/script><ins class=\"adsbygoogle\" style=\"display:block;\" data-ad-client=\"ca-pub-5271584769416742\" \ndata-ad-slot=\"9321250718\" \ndata-ad-format=\"auto\"><\/ins>\n<script> \n(adsbygoogle = window.adsbygoogle || []).push({}); \n<\/script>\n<\/div>","protected":false},"excerpt":{"rendered":"<p>VIDEO | Une association de la commune de Veigy-Foncenex, dans le Chablais savoyard (Grand Gen\u00e8ve franco-suisse), a r\u00e9alis\u00e9 un documentaire intitul\u00e9 \u00ab\u00a0Un patrimoine \u00e0 la casse\u00a0\u00bb d\u00e9crivant la destruction minutieuse <a href=\"https:\/\/bale.ch\/journal\/maison-communale-veigy-foncenex-video\/\" class=\"read-more button-fancy -red\"><span class=\"btn-arrow\"><\/span><span class=\"twp-read-more text\">Continuer la lecture<\/span><\/a><\/p>\n","protected":false},"author":3,"featured_media":1804,"comment_status":"closed","ping_status":"closed","sticky":false,"template":"","format":"standard","meta":{"footnotes":""},"categories":[103,4,12],"tags":[64,59,73,89,120],"class_list":["post-1803","post","type-post","status-publish","format-standard","has-post-thumbnail","hentry","category-actu","category-grand-geneve","category-societe","tag-chablais","tag-grand-geneve","tag-haute-savoie","tag-patrimoine","tag-veigy-foncenex"],"yoast_head":"<!-- This site is optimized with the Yoast SEO plugin v28.3 - https:\/\/yoast.com\/product\/yoast-seo-wordpress\/ -->\n<title>Grand Gen\u00e8ve: un documentaire pour la sauvegarde de la maison communale de Veigy-Foncenex - Journal de B\u00e2le et Gen\u00e8ve<\/title>\n<meta name=\"robots\" content=\"index, follow, max-snippet:-1, max-image-preview:large, max-video-preview:-1\" \/>\n<link rel=\"canonical\" href=\"https:\/\/bale.ch\/journal\/maison-communale-veigy-foncenex-video\/\" \/>\n<meta property=\"og:locale\" content=\"fr_FR\" \/>\n<meta property=\"og:type\" content=\"article\" \/>\n<meta property=\"og:title\" content=\"Grand Gen\u00e8ve: un documentaire pour la sauvegarde de la maison communale de Veigy-Foncenex - Journal de B\u00e2le et Gen\u00e8ve\" \/>\n<meta property=\"og:description\" content=\"VIDEO | Une association de la commune de Veigy-Foncenex, dans le Chablais savoyard (Grand Gen\u00e8ve franco-suisse), a r\u00e9alis\u00e9 un documentaire intitul\u00e9 \u00ab\u00a0Un patrimoine \u00e0 la casse\u00a0\u00bb d\u00e9crivant la destruction minutieuse Continuer la lecture\" \/>\n<meta property=\"og:url\" content=\"https:\/\/bale.ch\/journal\/maison-communale-veigy-foncenex-video\/\" \/>\n<meta property=\"og:site_name\" content=\"Journal de B\u00e2le et Gen\u00e8ve\" \/>\n<meta property=\"article:published_time\" content=\"2019-01-12T21:59:50+00:00\" \/>\n<meta property=\"article:modified_time\" content=\"2019-03-27T18:20:30+00:00\" \/>\n<meta property=\"og:image\" content=\"https:\/\/bale.ch\/journal\/wp-content\/uploads\/2019\/01\/maison_communale_veigy_foncenex.jpg\" \/>\n\t<meta property=\"og:image:width\" content=\"830\" \/>\n\t<meta property=\"og:image:height\" content=\"446\" \/>\n\t<meta property=\"og:image:type\" content=\"image\/jpeg\" \/>\n<meta name=\"author\" content=\"Alban Lavy\" \/>\n<meta name=\"twitter:card\" content=\"summary_large_image\" \/>\n<meta name=\"twitter:label1\" content=\"\u00c9crit par\" \/>\n\t<meta name=\"twitter:data1\" content=\"Alban Lavy\" \/>\n\t<meta name=\"twitter:label2\" content=\"Dur\u00e9e de lecture estim\u00e9e\" \/>\n\t<meta name=\"twitter:data2\" content=\"3 minutes\" \/>\n<script type=\"application\/ld+json\" class=\"yoast-schema-graph\">{\"@context\":\"https:\\\/\\\/schema.org\",\"@graph\":[{\"@type\":\"Article\",\"@id\":\"https:\\\/\\\/bale.ch\\\/journal\\\/maison-communale-veigy-foncenex-video\\\/#article\",\"isPartOf\":{\"@id\":\"https:\\\/\\\/bale.ch\\\/journal\\\/maison-communale-veigy-foncenex-video\\\/\"},\"author\":{\"name\":\"Alban Lavy\",\"@id\":\"https:\\\/\\\/bale.ch\\\/journal\\\/#\\\/schema\\\/person\\\/41bc7f908af0ffea5e38b8c5702e5626\"},\"headline\":\"Grand Gen\u00e8ve: un documentaire pour la sauvegarde de la maison communale de Veigy-Foncenex\",\"datePublished\":\"2019-01-12T21:59:50+00:00\",\"dateModified\":\"2019-03-27T18:20:30+00:00\",\"mainEntityOfPage\":{\"@id\":\"https:\\\/\\\/bale.ch\\\/journal\\\/maison-communale-veigy-foncenex-video\\\/\"},\"wordCount\":527,\"publisher\":{\"@id\":\"https:\\\/\\\/bale.ch\\\/journal\\\/#organization\"},\"image\":{\"@id\":\"https:\\\/\\\/bale.ch\\\/journal\\\/maison-communale-veigy-foncenex-video\\\/#primaryimage\"},\"thumbnailUrl\":\"https:\\\/\\\/bale.ch\\\/journal\\\/wp-content\\\/uploads\\\/2019\\\/01\\\/maison_communale_veigy_foncenex.jpg\",\"keywords\":[\"Chablais\",\"Grand Gen\u00e8ve\",\"Haute-Savoie\",\"patrimoine\",\"Veigy-Foncenex\"],\"articleSection\":[\"Actualit\u00e9s\",\"Grand Gen\u00e8ve\",\"Soci\u00e9t\u00e9\"],\"inLanguage\":\"fr-FR\"},{\"@type\":\"WebPage\",\"@id\":\"https:\\\/\\\/bale.ch\\\/journal\\\/maison-communale-veigy-foncenex-video\\\/\",\"url\":\"https:\\\/\\\/bale.ch\\\/journal\\\/maison-communale-veigy-foncenex-video\\\/\",\"name\":\"Grand Gen\u00e8ve: un documentaire pour la sauvegarde de la maison communale de Veigy-Foncenex - Journal de B\u00e2le et Gen\u00e8ve\",\"isPartOf\":{\"@id\":\"https:\\\/\\\/bale.ch\\\/journal\\\/#website\"},\"primaryImageOfPage\":{\"@id\":\"https:\\\/\\\/bale.ch\\\/journal\\\/maison-communale-veigy-foncenex-video\\\/#primaryimage\"},\"image\":{\"@id\":\"https:\\\/\\\/bale.ch\\\/journal\\\/maison-communale-veigy-foncenex-video\\\/#primaryimage\"},\"thumbnailUrl\":\"https:\\\/\\\/bale.ch\\\/journal\\\/wp-content\\\/uploads\\\/2019\\\/01\\\/maison_communale_veigy_foncenex.jpg\",\"datePublished\":\"2019-01-12T21:59:50+00:00\",\"dateModified\":\"2019-03-27T18:20:30+00:00\",\"breadcrumb\":{\"@id\":\"https:\\\/\\\/bale.ch\\\/journal\\\/maison-communale-veigy-foncenex-video\\\/#breadcrumb\"},\"inLanguage\":\"fr-FR\",\"potentialAction\":[{\"@type\":\"ReadAction\",\"target\":[\"https:\\\/\\\/bale.ch\\\/journal\\\/maison-communale-veigy-foncenex-video\\\/\"]}]},{\"@type\":\"ImageObject\",\"inLanguage\":\"fr-FR\",\"@id\":\"https:\\\/\\\/bale.ch\\\/journal\\\/maison-communale-veigy-foncenex-video\\\/#primaryimage\",\"url\":\"https:\\\/\\\/bale.ch\\\/journal\\\/wp-content\\\/uploads\\\/2019\\\/01\\\/maison_communale_veigy_foncenex.jpg\",\"contentUrl\":\"https:\\\/\\\/bale.ch\\\/journal\\\/wp-content\\\/uploads\\\/2019\\\/01\\\/maison_communale_veigy_foncenex.jpg\",\"width\":830,\"height\":446},{\"@type\":\"BreadcrumbList\",\"@id\":\"https:\\\/\\\/bale.ch\\\/journal\\\/maison-communale-veigy-foncenex-video\\\/#breadcrumb\",\"itemListElement\":[{\"@type\":\"ListItem\",\"position\":1,\"name\":\"Accueil\",\"item\":\"https:\\\/\\\/bale.ch\\\/journal\\\/\"},{\"@type\":\"ListItem\",\"position\":2,\"name\":\"Grand Gen\u00e8ve: un documentaire pour la sauvegarde de la maison communale de Veigy-Foncenex\"}]},{\"@type\":\"WebSite\",\"@id\":\"https:\\\/\\\/bale.ch\\\/journal\\\/#website\",\"url\":\"https:\\\/\\\/bale.ch\\\/journal\\\/\",\"name\":\"Journal de B\u00e2le et Gen\u00e8ve\",\"description\":\"M\u00e9dia transfrontalier d&#039;actualit\u00e9s - News\",\"publisher\":{\"@id\":\"https:\\\/\\\/bale.ch\\\/journal\\\/#organization\"},\"potentialAction\":[{\"@type\":\"SearchAction\",\"target\":{\"@type\":\"EntryPoint\",\"urlTemplate\":\"https:\\\/\\\/bale.ch\\\/journal\\\/?s={search_term_string}\"},\"query-input\":{\"@type\":\"PropertyValueSpecification\",\"valueRequired\":true,\"valueName\":\"search_term_string\"}}],\"inLanguage\":\"fr-FR\"},{\"@type\":\"Organization\",\"@id\":\"https:\\\/\\\/bale.ch\\\/journal\\\/#organization\",\"name\":\"Journal de B\u00e2le et Gen\u00e8ve\",\"url\":\"https:\\\/\\\/bale.ch\\\/journal\\\/\",\"logo\":{\"@type\":\"ImageObject\",\"inLanguage\":\"fr-FR\",\"@id\":\"https:\\\/\\\/bale.ch\\\/journal\\\/#\\\/schema\\\/logo\\\/image\\\/\",\"url\":\"https:\\\/\\\/bale.ch\\\/journal\\\/wp-content\\\/uploads\\\/2023\\\/07\\\/journaldebale_logo_2023_nb.png\",\"contentUrl\":\"https:\\\/\\\/bale.ch\\\/journal\\\/wp-content\\\/uploads\\\/2023\\\/07\\\/journaldebale_logo_2023_nb.png\",\"width\":371,\"height\":127,\"caption\":\"Journal de B\u00e2le et Gen\u00e8ve\"},\"image\":{\"@id\":\"https:\\\/\\\/bale.ch\\\/journal\\\/#\\\/schema\\\/logo\\\/image\\\/\"}},{\"@type\":\"Person\",\"@id\":\"https:\\\/\\\/bale.ch\\\/journal\\\/#\\\/schema\\\/person\\\/41bc7f908af0ffea5e38b8c5702e5626\",\"name\":\"Alban Lavy\",\"image\":{\"@type\":\"ImageObject\",\"inLanguage\":\"fr-FR\",\"@id\":\"https:\\\/\\\/secure.gravatar.com\\\/avatar\\\/4978c5bb7295400e15bebf9881bc4db7866592bc59ffa2f62511214a10f68804?s=96&d=mm&r=g\",\"url\":\"https:\\\/\\\/secure.gravatar.com\\\/avatar\\\/4978c5bb7295400e15bebf9881bc4db7866592bc59ffa2f62511214a10f68804?s=96&d=mm&r=g\",\"contentUrl\":\"https:\\\/\\\/secure.gravatar.com\\\/avatar\\\/4978c5bb7295400e15bebf9881bc4db7866592bc59ffa2f62511214a10f68804?s=96&d=mm&r=g\",\"caption\":\"Alban Lavy\"},\"sameAs\":[\"http:\\\/\\\/bale.ch\\\/administration\\\/zeitung\\\/albanlavy\\\/\"],\"url\":\"https:\\\/\\\/bale.ch\\\/journal\\\/author\\\/lavy\\\/\"}]}<\/script>\n<!-- \/ Yoast SEO plugin. -->","yoast_head_json":{"title":"Grand Gen\u00e8ve: un documentaire pour la sauvegarde de la maison communale de Veigy-Foncenex - Journal de B\u00e2le et Gen\u00e8ve","robots":{"index":"index","follow":"follow","max-snippet":"max-snippet:-1","max-image-preview":"max-image-preview:large","max-video-preview":"max-video-preview:-1"},"canonical":"https:\/\/bale.ch\/journal\/maison-communale-veigy-foncenex-video\/","og_locale":"fr_FR","og_type":"article","og_title":"Grand Gen\u00e8ve: un documentaire pour la sauvegarde de la maison communale de Veigy-Foncenex - Journal de B\u00e2le et Gen\u00e8ve","og_description":"VIDEO | Une association de la commune de Veigy-Foncenex, dans le Chablais savoyard (Grand Gen\u00e8ve franco-suisse), a r\u00e9alis\u00e9 un documentaire intitul\u00e9 \u00ab\u00a0Un patrimoine \u00e0 la casse\u00a0\u00bb d\u00e9crivant la destruction minutieuse Continuer la lecture","og_url":"https:\/\/bale.ch\/journal\/maison-communale-veigy-foncenex-video\/","og_site_name":"Journal de B\u00e2le et Gen\u00e8ve","article_published_time":"2019-01-12T21:59:50+00:00","article_modified_time":"2019-03-27T18:20:30+00:00","og_image":[{"width":830,"height":446,"url":"https:\/\/bale.ch\/journal\/wp-content\/uploads\/2019\/01\/maison_communale_veigy_foncenex.jpg","type":"image\/jpeg"}],"author":"Alban Lavy","twitter_card":"summary_large_image","twitter_misc":{"\u00c9crit par":"Alban Lavy","Dur\u00e9e de lecture estim\u00e9e":"3 minutes"},"schema":{"@context":"https:\/\/schema.org","@graph":[{"@type":"Article","@id":"https:\/\/bale.ch\/journal\/maison-communale-veigy-foncenex-video\/#article","isPartOf":{"@id":"https:\/\/bale.ch\/journal\/maison-communale-veigy-foncenex-video\/"},"author":{"name":"Alban Lavy","@id":"https:\/\/bale.ch\/journal\/#\/schema\/person\/41bc7f908af0ffea5e38b8c5702e5626"},"headline":"Grand Gen\u00e8ve: un documentaire pour la sauvegarde de la maison communale de Veigy-Foncenex","datePublished":"2019-01-12T21:59:50+00:00","dateModified":"2019-03-27T18:20:30+00:00","mainEntityOfPage":{"@id":"https:\/\/bale.ch\/journal\/maison-communale-veigy-foncenex-video\/"},"wordCount":527,"publisher":{"@id":"https:\/\/bale.ch\/journal\/#organization"},"image":{"@id":"https:\/\/bale.ch\/journal\/maison-communale-veigy-foncenex-video\/#primaryimage"},"thumbnailUrl":"https:\/\/bale.ch\/journal\/wp-content\/uploads\/2019\/01\/maison_communale_veigy_foncenex.jpg","keywords":["Chablais","Grand Gen\u00e8ve","Haute-Savoie","patrimoine","Veigy-Foncenex"],"articleSection":["Actualit\u00e9s","Grand Gen\u00e8ve","Soci\u00e9t\u00e9"],"inLanguage":"fr-FR"},{"@type":"WebPage","@id":"https:\/\/bale.ch\/journal\/maison-communale-veigy-foncenex-video\/","url":"https:\/\/bale.ch\/journal\/maison-communale-veigy-foncenex-video\/","name":"Grand Gen\u00e8ve: un documentaire pour la sauvegarde de la maison communale de Veigy-Foncenex - Journal de B\u00e2le et Gen\u00e8ve","isPartOf":{"@id":"https:\/\/bale.ch\/journal\/#website"},"primaryImageOfPage":{"@id":"https:\/\/bale.ch\/journal\/maison-communale-veigy-foncenex-video\/#primaryimage"},"image":{"@id":"https:\/\/bale.ch\/journal\/maison-communale-veigy-foncenex-video\/#primaryimage"},"thumbnailUrl":"https:\/\/bale.ch\/journal\/wp-content\/uploads\/2019\/01\/maison_communale_veigy_foncenex.jpg","datePublished":"2019-01-12T21:59:50+00:00","dateModified":"2019-03-27T18:20:30+00:00","breadcrumb":{"@id":"https:\/\/bale.ch\/journal\/maison-communale-veigy-foncenex-video\/#breadcrumb"},"inLanguage":"fr-FR","potentialAction":[{"@type":"ReadAction","target":["https:\/\/bale.ch\/journal\/maison-communale-veigy-foncenex-video\/"]}]},{"@type":"ImageObject","inLanguage":"fr-FR","@id":"https:\/\/bale.ch\/journal\/maison-communale-veigy-foncenex-video\/#primaryimage","url":"https:\/\/bale.ch\/journal\/wp-content\/uploads\/2019\/01\/maison_communale_veigy_foncenex.jpg","contentUrl":"https:\/\/bale.ch\/journal\/wp-content\/uploads\/2019\/01\/maison_communale_veigy_foncenex.jpg","width":830,"height":446},{"@type":"BreadcrumbList","@id":"https:\/\/bale.ch\/journal\/maison-communale-veigy-foncenex-video\/#breadcrumb","itemListElement":[{"@type":"ListItem","position":1,"name":"Accueil","item":"https:\/\/bale.ch\/journal\/"},{"@type":"ListItem","position":2,"name":"Grand Gen\u00e8ve: un documentaire pour la sauvegarde de la maison communale de Veigy-Foncenex"}]},{"@type":"WebSite","@id":"https:\/\/bale.ch\/journal\/#website","url":"https:\/\/bale.ch\/journal\/","name":"Journal de B\u00e2le et Gen\u00e8ve","description":"M\u00e9dia transfrontalier d&#039;actualit\u00e9s - News","publisher":{"@id":"https:\/\/bale.ch\/journal\/#organization"},"potentialAction":[{"@type":"SearchAction","target":{"@type":"EntryPoint","urlTemplate":"https:\/\/bale.ch\/journal\/?s={search_term_string}"},"query-input":{"@type":"PropertyValueSpecification","valueRequired":true,"valueName":"search_term_string"}}],"inLanguage":"fr-FR"},{"@type":"Organization","@id":"https:\/\/bale.ch\/journal\/#organization","name":"Journal de B\u00e2le et Gen\u00e8ve","url":"https:\/\/bale.ch\/journal\/","logo":{"@type":"ImageObject","inLanguage":"fr-FR","@id":"https:\/\/bale.ch\/journal\/#\/schema\/logo\/image\/","url":"https:\/\/bale.ch\/journal\/wp-content\/uploads\/2023\/07\/journaldebale_logo_2023_nb.png","contentUrl":"https:\/\/bale.ch\/journal\/wp-content\/uploads\/2023\/07\/journaldebale_logo_2023_nb.png","width":371,"height":127,"caption":"Journal de B\u00e2le et Gen\u00e8ve"},"image":{"@id":"https:\/\/bale.ch\/journal\/#\/schema\/logo\/image\/"}},{"@type":"Person","@id":"https:\/\/bale.ch\/journal\/#\/schema\/person\/41bc7f908af0ffea5e38b8c5702e5626","name":"Alban Lavy","image":{"@type":"ImageObject","inLanguage":"fr-FR","@id":"https:\/\/secure.gravatar.com\/avatar\/4978c5bb7295400e15bebf9881bc4db7866592bc59ffa2f62511214a10f68804?s=96&d=mm&r=g","url":"https:\/\/secure.gravatar.com\/avatar\/4978c5bb7295400e15bebf9881bc4db7866592bc59ffa2f62511214a10f68804?s=96&d=mm&r=g","contentUrl":"https:\/\/secure.gravatar.com\/avatar\/4978c5bb7295400e15bebf9881bc4db7866592bc59ffa2f62511214a10f68804?s=96&d=mm&r=g","caption":"Alban Lavy"},"sameAs":["http:\/\/bale.ch\/administration\/zeitung\/albanlavy\/"],"url":"https:\/\/bale.ch\/journal\/author\/lavy\/"}]}},"_links":{"self":[{"href":"https:\/\/bale.ch\/journal\/wp-json\/wp\/v2\/posts\/1803","targetHints":{"allow":["GET"]}}],"collection":[{"href":"https:\/\/bale.ch\/journal\/wp-json\/wp\/v2\/posts"}],"about":[{"href":"https:\/\/bale.ch\/journal\/wp-json\/wp\/v2\/types\/post"}],"author":[{"embeddable":true,"href":"https:\/\/bale.ch\/journal\/wp-json\/wp\/v2\/users\/3"}],"replies":[{"embeddable":true,"href":"https:\/\/bale.ch\/journal\/wp-json\/wp\/v2\/comments?post=1803"}],"version-history":[{"count":12,"href":"https:\/\/bale.ch\/journal\/wp-json\/wp\/v2\/posts\/1803\/revisions"}],"predecessor-version":[{"id":2152,"href":"https:\/\/bale.ch\/journal\/wp-json\/wp\/v2\/posts\/1803\/revisions\/2152"}],"wp:featuredmedia":[{"embeddable":true,"href":"https:\/\/bale.ch\/journal\/wp-json\/wp\/v2\/media\/1804"}],"wp:attachment":[{"href":"https:\/\/bale.ch\/journal\/wp-json\/wp\/v2\/media?parent=1803"}],"wp:term":[{"taxonomy":"category","embeddable":true,"href":"https:\/\/bale.ch\/journal\/wp-json\/wp\/v2\/categories?post=1803"},{"taxonomy":"post_tag","embeddable":true,"href":"https:\/\/bale.ch\/journal\/wp-json\/wp\/v2\/tags?post=1803"}],"curies":[{"name":"wp","href":"https:\/\/api.w.org\/{rel}","templated":true}]}}