{"id":1821,"date":"2019-01-14T20:27:04","date_gmt":"2019-01-14T20:27:04","guid":{"rendered":"http:\/\/bale.ch\/journal\/?p=1821"},"modified":"2019-01-14T20:27:45","modified_gmt":"2019-01-14T20:27:45","slug":"la-nuit-des-musees-2019-bale-st-louis","status":"publish","type":"post","link":"https:\/\/bale.ch\/journal\/la-nuit-des-musees-2019-bale-st-louis\/","title":{"rendered":"Vivez la nuit des mus\u00e9es 2019 dans la r\u00e9gion transfrontali\u00e8re de B\u00e2le"},"content":{"rendered":"<p><strong>Comme chaque ann\u00e9e, les mus\u00e9es de B\u00e2le et des villes frontali\u00e8res allemandes et fran\u00e7aises ouvrent leurs portes et permettent aux visiteurs de vagabonder la nuit \u00e0 travers leurs collections. Rendez-vous ce 18 janvier 2019 de 18h00 \u00e0 2h00!<\/strong><\/p>\n<p><!--more-->Au cours de votre promenade nocturne d\u2019exploration, un seul billet vous permet l\u2019acc\u00e8s \u00e0 200 activit\u00e9s dans 36 mus\u00e9es et instituts culturels de<strong> B\u00e2le, M\u00fcnchenstein, Riehen ainsi que de l\u2019autre c\u00f4t\u00e9 de la fronti\u00e8re \u00e0 St. Louis (Alsace) et Weil am Rhein (Bade-Wurtemberg)<\/strong>. Le billet Nuit des mus\u00e9es vous offre une mobilit\u00e9 maximale : circulez librement avec divers moyens de transport a partir de 17 heures jusqu\u2019 \u00e0 la fin du service.<\/p>\n<p>Plus de quarante mus\u00e9es et institutions culturelles de la r\u00e9gion b\u00e2loise vous proposent un curieux m\u00e9lange d\u2019art et de culture en t\u00eate-\u00e0-t\u00eate avec la litt\u00e9rature, la musique, le cin\u00e9ma ou encore le th\u00e9\u00e2tre et promettent une nuit vari\u00e9e pleine de d\u00e9couvertes et nouvelles exp\u00e9riences.<\/p><div id=\"crieu-1720105055\" class=\"crieu-content crieu-entity-placement\"><script async src=\"\/\/pagead2.googlesyndication.com\/pagead\/js\/adsbygoogle.js?client=ca-pub-5271584769416742\" crossorigin=\"anonymous\"><\/script><ins class=\"adsbygoogle\" style=\"display:block;\" data-ad-client=\"ca-pub-5271584769416742\" \ndata-ad-slot=\"9321250718\" \ndata-ad-format=\"auto\"><\/ins>\n<script> \n(adsbygoogle = window.adsbygoogle || []).push({}); \n<\/script>\n<\/div>\n<p>Plus de la moiti\u00e9 des \u00e9v\u00e9nements ne n\u00e9cessitent pas de connaissances linguistiques particuli\u00e8res, ou <strong>sont propos\u00e9s en plusieurs langues<\/strong>.<\/p>\n<p><strong>Prix r\u00e9gulier:\u00a0<\/strong>CHF 24.- \/ EUR 22,50<br \/>\n<strong>U26 (moins de 26 ans avec carte d\u2019identit\u00e9):<\/strong>\u00a0gratuit<\/p>\n<p>Plus d&rsquo;informations sur\u00a0<strong><a href=\"https:\/\/www.museumsnacht.ch\/fr\" target=\"_blank\" rel=\"noopener\">museumsnacht.ch<\/a><\/strong><\/p>\n<div id=\"crieu-3992839187\" class=\"crieu-apres-le-contenu crieu-entity-placement\" style=\"margin-left: auto;margin-right: auto;text-align: center;\"><script async src=\"\/\/pagead2.googlesyndication.com\/pagead\/js\/adsbygoogle.js?client=ca-pub-5271584769416742\" crossorigin=\"anonymous\"><\/script><ins class=\"adsbygoogle\" style=\"display:block;\" data-ad-client=\"ca-pub-5271584769416742\" \ndata-ad-slot=\"9321250718\" \ndata-ad-format=\"auto\"><\/ins>\n<script> \n(adsbygoogle = window.adsbygoogle || []).push({}); \n<\/script>\n<\/div>","protected":false},"excerpt":{"rendered":"<p>Comme chaque ann\u00e9e, les mus\u00e9es de B\u00e2le et des villes frontali\u00e8res allemandes et fran\u00e7aises ouvrent leurs portes et permettent aux visiteurs de vagabonder la nuit \u00e0 travers leurs collections. Rendez-vous <a href=\"https:\/\/bale.ch\/journal\/la-nuit-des-musees-2019-bale-st-louis\/\" class=\"read-more button-fancy -red\"><span class=\"btn-arrow\"><\/span><span class=\"twp-read-more text\">Continuer la lecture<\/span><\/a><\/p>\n","protected":false},"author":2,"featured_media":1817,"comment_status":"closed","ping_status":"closed","sticky":false,"template":"","format":"standard","meta":{"footnotes":""},"categories":[103,7,10,18],"tags":[60,123,122,121],"class_list":["post-1821","post","type-post","status-publish","format-standard","has-post-thumbnail","hentry","category-actu","category-bale","category-culture","category-sortir","tag-bale","tag-basel","tag-museum-nacht","tag-nuit-des-musees"],"yoast_head":"<!-- This site is optimized with the Yoast SEO plugin v28.3 - https:\/\/yoast.com\/product\/yoast-seo-wordpress\/ -->\n<title>Vivez la nuit des mus\u00e9es 2019 dans la r\u00e9gion transfrontali\u00e8re de B\u00e2le - Journal de B\u00e2le et Gen\u00e8ve<\/title>\n<meta name=\"robots\" content=\"index, follow, max-snippet:-1, max-image-preview:large, max-video-preview:-1\" \/>\n<link rel=\"canonical\" href=\"https:\/\/bale.ch\/journal\/la-nuit-des-musees-2019-bale-st-louis\/\" \/>\n<meta property=\"og:locale\" content=\"fr_FR\" \/>\n<meta property=\"og:type\" content=\"article\" \/>\n<meta property=\"og:title\" content=\"Vivez la nuit des mus\u00e9es 2019 dans la r\u00e9gion transfrontali\u00e8re de B\u00e2le - Journal de B\u00e2le et Gen\u00e8ve\" \/>\n<meta property=\"og:description\" content=\"Comme chaque ann\u00e9e, les mus\u00e9es de B\u00e2le et des villes frontali\u00e8res allemandes et fran\u00e7aises ouvrent leurs portes et permettent aux visiteurs de vagabonder la nuit \u00e0 travers leurs collections. Rendez-vous Continuer la lecture\" \/>\n<meta property=\"og:url\" content=\"https:\/\/bale.ch\/journal\/la-nuit-des-musees-2019-bale-st-louis\/\" \/>\n<meta property=\"og:site_name\" content=\"Journal de B\u00e2le et Gen\u00e8ve\" \/>\n<meta property=\"article:published_time\" content=\"2019-01-14T20:27:04+00:00\" \/>\n<meta property=\"article:modified_time\" content=\"2019-01-14T20:27:45+00:00\" \/>\n<meta property=\"og:image\" content=\"https:\/\/bale.ch\/journal\/wp-content\/uploads\/2019\/01\/nuit_musees_bale_museum_nacht_2019_basel.jpg\" \/>\n\t<meta property=\"og:image:width\" content=\"830\" \/>\n\t<meta property=\"og:image:height\" content=\"446\" \/>\n\t<meta property=\"og:image:type\" content=\"image\/jpeg\" \/>\n<meta name=\"author\" content=\"La R\u00e9daction\" \/>\n<meta name=\"twitter:card\" content=\"summary_large_image\" \/>\n<meta name=\"twitter:label1\" content=\"\u00c9crit par\" \/>\n\t<meta name=\"twitter:data1\" content=\"La R\u00e9daction\" \/>\n\t<meta name=\"twitter:label2\" content=\"Dur\u00e9e de lecture estim\u00e9e\" \/>\n\t<meta name=\"twitter:data2\" content=\"1 minute\" \/>\n<script type=\"application\/ld+json\" class=\"yoast-schema-graph\">{\"@context\":\"https:\\\/\\\/schema.org\",\"@graph\":[{\"@type\":\"Article\",\"@id\":\"https:\\\/\\\/bale.ch\\\/journal\\\/la-nuit-des-musees-2019-bale-st-louis\\\/#article\",\"isPartOf\":{\"@id\":\"https:\\\/\\\/bale.ch\\\/journal\\\/la-nuit-des-musees-2019-bale-st-louis\\\/\"},\"author\":{\"name\":\"La R\u00e9daction\",\"@id\":\"https:\\\/\\\/bale.ch\\\/journal\\\/#\\\/schema\\\/person\\\/03ced978db3b7a5274c5cef003f352f5\"},\"headline\":\"Vivez la nuit des mus\u00e9es 2019 dans la r\u00e9gion transfrontali\u00e8re de B\u00e2le\",\"datePublished\":\"2019-01-14T20:27:04+00:00\",\"dateModified\":\"2019-01-14T20:27:45+00:00\",\"mainEntityOfPage\":{\"@id\":\"https:\\\/\\\/bale.ch\\\/journal\\\/la-nuit-des-musees-2019-bale-st-louis\\\/\"},\"wordCount\":232,\"publisher\":{\"@id\":\"https:\\\/\\\/bale.ch\\\/journal\\\/#organization\"},\"image\":{\"@id\":\"https:\\\/\\\/bale.ch\\\/journal\\\/la-nuit-des-musees-2019-bale-st-louis\\\/#primaryimage\"},\"thumbnailUrl\":\"https:\\\/\\\/bale.ch\\\/journal\\\/wp-content\\\/uploads\\\/2019\\\/01\\\/nuit_musees_bale_museum_nacht_2019_basel.jpg\",\"keywords\":[\"B\u00e2le\",\"Basel\",\"museum nacht\",\"nuit des mus\u00e9es\"],\"articleSection\":[\"Actualit\u00e9s\",\"B\u00e2le Trinationale\",\"Culture\",\"Sortir\"],\"inLanguage\":\"fr-FR\"},{\"@type\":\"WebPage\",\"@id\":\"https:\\\/\\\/bale.ch\\\/journal\\\/la-nuit-des-musees-2019-bale-st-louis\\\/\",\"url\":\"https:\\\/\\\/bale.ch\\\/journal\\\/la-nuit-des-musees-2019-bale-st-louis\\\/\",\"name\":\"Vivez la nuit des mus\u00e9es 2019 dans la r\u00e9gion transfrontali\u00e8re de B\u00e2le - Journal de B\u00e2le et Gen\u00e8ve\",\"isPartOf\":{\"@id\":\"https:\\\/\\\/bale.ch\\\/journal\\\/#website\"},\"primaryImageOfPage\":{\"@id\":\"https:\\\/\\\/bale.ch\\\/journal\\\/la-nuit-des-musees-2019-bale-st-louis\\\/#primaryimage\"},\"image\":{\"@id\":\"https:\\\/\\\/bale.ch\\\/journal\\\/la-nuit-des-musees-2019-bale-st-louis\\\/#primaryimage\"},\"thumbnailUrl\":\"https:\\\/\\\/bale.ch\\\/journal\\\/wp-content\\\/uploads\\\/2019\\\/01\\\/nuit_musees_bale_museum_nacht_2019_basel.jpg\",\"datePublished\":\"2019-01-14T20:27:04+00:00\",\"dateModified\":\"2019-01-14T20:27:45+00:00\",\"breadcrumb\":{\"@id\":\"https:\\\/\\\/bale.ch\\\/journal\\\/la-nuit-des-musees-2019-bale-st-louis\\\/#breadcrumb\"},\"inLanguage\":\"fr-FR\",\"potentialAction\":[{\"@type\":\"ReadAction\",\"target\":[\"https:\\\/\\\/bale.ch\\\/journal\\\/la-nuit-des-musees-2019-bale-st-louis\\\/\"]}]},{\"@type\":\"ImageObject\",\"inLanguage\":\"fr-FR\",\"@id\":\"https:\\\/\\\/bale.ch\\\/journal\\\/la-nuit-des-musees-2019-bale-st-louis\\\/#primaryimage\",\"url\":\"https:\\\/\\\/bale.ch\\\/journal\\\/wp-content\\\/uploads\\\/2019\\\/01\\\/nuit_musees_bale_museum_nacht_2019_basel.jpg\",\"contentUrl\":\"https:\\\/\\\/bale.ch\\\/journal\\\/wp-content\\\/uploads\\\/2019\\\/01\\\/nuit_musees_bale_museum_nacht_2019_basel.jpg\",\"width\":830,\"height\":446},{\"@type\":\"BreadcrumbList\",\"@id\":\"https:\\\/\\\/bale.ch\\\/journal\\\/la-nuit-des-musees-2019-bale-st-louis\\\/#breadcrumb\",\"itemListElement\":[{\"@type\":\"ListItem\",\"position\":1,\"name\":\"Accueil\",\"item\":\"https:\\\/\\\/bale.ch\\\/journal\\\/\"},{\"@type\":\"ListItem\",\"position\":2,\"name\":\"Vivez la nuit des mus\u00e9es 2019 dans la r\u00e9gion transfrontali\u00e8re de B\u00e2le\"}]},{\"@type\":\"WebSite\",\"@id\":\"https:\\\/\\\/bale.ch\\\/journal\\\/#website\",\"url\":\"https:\\\/\\\/bale.ch\\\/journal\\\/\",\"name\":\"Journal de B\u00e2le et Gen\u00e8ve\",\"description\":\"M\u00e9dia transfrontalier d&#039;actualit\u00e9s - News\",\"publisher\":{\"@id\":\"https:\\\/\\\/bale.ch\\\/journal\\\/#organization\"},\"potentialAction\":[{\"@type\":\"SearchAction\",\"target\":{\"@type\":\"EntryPoint\",\"urlTemplate\":\"https:\\\/\\\/bale.ch\\\/journal\\\/?s={search_term_string}\"},\"query-input\":{\"@type\":\"PropertyValueSpecification\",\"valueRequired\":true,\"valueName\":\"search_term_string\"}}],\"inLanguage\":\"fr-FR\"},{\"@type\":\"Organization\",\"@id\":\"https:\\\/\\\/bale.ch\\\/journal\\\/#organization\",\"name\":\"Journal de B\u00e2le et Gen\u00e8ve\",\"url\":\"https:\\\/\\\/bale.ch\\\/journal\\\/\",\"logo\":{\"@type\":\"ImageObject\",\"inLanguage\":\"fr-FR\",\"@id\":\"https:\\\/\\\/bale.ch\\\/journal\\\/#\\\/schema\\\/logo\\\/image\\\/\",\"url\":\"https:\\\/\\\/bale.ch\\\/journal\\\/wp-content\\\/uploads\\\/2023\\\/07\\\/journaldebale_logo_2023_nb.png\",\"contentUrl\":\"https:\\\/\\\/bale.ch\\\/journal\\\/wp-content\\\/uploads\\\/2023\\\/07\\\/journaldebale_logo_2023_nb.png\",\"width\":371,\"height\":127,\"caption\":\"Journal de B\u00e2le et Gen\u00e8ve\"},\"image\":{\"@id\":\"https:\\\/\\\/bale.ch\\\/journal\\\/#\\\/schema\\\/logo\\\/image\\\/\"}},{\"@type\":\"Person\",\"@id\":\"https:\\\/\\\/bale.ch\\\/journal\\\/#\\\/schema\\\/person\\\/03ced978db3b7a5274c5cef003f352f5\",\"name\":\"La R\u00e9daction\",\"image\":{\"@type\":\"ImageObject\",\"inLanguage\":\"fr-FR\",\"@id\":\"https:\\\/\\\/secure.gravatar.com\\\/avatar\\\/d1327e2ce8d2b860112f968a3f34686c9bdda7a463a1502cdd1070ac9d88cf1e?s=96&d=mm&r=g\",\"url\":\"https:\\\/\\\/secure.gravatar.com\\\/avatar\\\/d1327e2ce8d2b860112f968a3f34686c9bdda7a463a1502cdd1070ac9d88cf1e?s=96&d=mm&r=g\",\"contentUrl\":\"https:\\\/\\\/secure.gravatar.com\\\/avatar\\\/d1327e2ce8d2b860112f968a3f34686c9bdda7a463a1502cdd1070ac9d88cf1e?s=96&d=mm&r=g\",\"caption\":\"La R\u00e9daction\"},\"url\":\"https:\\\/\\\/bale.ch\\\/journal\\\/author\\\/laredaction\\\/\"}]}<\/script>\n<!-- \/ Yoast SEO plugin. -->","yoast_head_json":{"title":"Vivez la nuit des mus\u00e9es 2019 dans la r\u00e9gion transfrontali\u00e8re de B\u00e2le - Journal de B\u00e2le et Gen\u00e8ve","robots":{"index":"index","follow":"follow","max-snippet":"max-snippet:-1","max-image-preview":"max-image-preview:large","max-video-preview":"max-video-preview:-1"},"canonical":"https:\/\/bale.ch\/journal\/la-nuit-des-musees-2019-bale-st-louis\/","og_locale":"fr_FR","og_type":"article","og_title":"Vivez la nuit des mus\u00e9es 2019 dans la r\u00e9gion transfrontali\u00e8re de B\u00e2le - Journal de B\u00e2le et Gen\u00e8ve","og_description":"Comme chaque ann\u00e9e, les mus\u00e9es de B\u00e2le et des villes frontali\u00e8res allemandes et fran\u00e7aises ouvrent leurs portes et permettent aux visiteurs de vagabonder la nuit \u00e0 travers leurs collections. Rendez-vous Continuer la lecture","og_url":"https:\/\/bale.ch\/journal\/la-nuit-des-musees-2019-bale-st-louis\/","og_site_name":"Journal de B\u00e2le et Gen\u00e8ve","article_published_time":"2019-01-14T20:27:04+00:00","article_modified_time":"2019-01-14T20:27:45+00:00","og_image":[{"width":830,"height":446,"url":"https:\/\/bale.ch\/journal\/wp-content\/uploads\/2019\/01\/nuit_musees_bale_museum_nacht_2019_basel.jpg","type":"image\/jpeg"}],"author":"La R\u00e9daction","twitter_card":"summary_large_image","twitter_misc":{"\u00c9crit par":"La R\u00e9daction","Dur\u00e9e de lecture estim\u00e9e":"1 minute"},"schema":{"@context":"https:\/\/schema.org","@graph":[{"@type":"Article","@id":"https:\/\/bale.ch\/journal\/la-nuit-des-musees-2019-bale-st-louis\/#article","isPartOf":{"@id":"https:\/\/bale.ch\/journal\/la-nuit-des-musees-2019-bale-st-louis\/"},"author":{"name":"La R\u00e9daction","@id":"https:\/\/bale.ch\/journal\/#\/schema\/person\/03ced978db3b7a5274c5cef003f352f5"},"headline":"Vivez la nuit des mus\u00e9es 2019 dans la r\u00e9gion transfrontali\u00e8re de B\u00e2le","datePublished":"2019-01-14T20:27:04+00:00","dateModified":"2019-01-14T20:27:45+00:00","mainEntityOfPage":{"@id":"https:\/\/bale.ch\/journal\/la-nuit-des-musees-2019-bale-st-louis\/"},"wordCount":232,"publisher":{"@id":"https:\/\/bale.ch\/journal\/#organization"},"image":{"@id":"https:\/\/bale.ch\/journal\/la-nuit-des-musees-2019-bale-st-louis\/#primaryimage"},"thumbnailUrl":"https:\/\/bale.ch\/journal\/wp-content\/uploads\/2019\/01\/nuit_musees_bale_museum_nacht_2019_basel.jpg","keywords":["B\u00e2le","Basel","museum nacht","nuit des mus\u00e9es"],"articleSection":["Actualit\u00e9s","B\u00e2le Trinationale","Culture","Sortir"],"inLanguage":"fr-FR"},{"@type":"WebPage","@id":"https:\/\/bale.ch\/journal\/la-nuit-des-musees-2019-bale-st-louis\/","url":"https:\/\/bale.ch\/journal\/la-nuit-des-musees-2019-bale-st-louis\/","name":"Vivez la nuit des mus\u00e9es 2019 dans la r\u00e9gion transfrontali\u00e8re de B\u00e2le - Journal de B\u00e2le et Gen\u00e8ve","isPartOf":{"@id":"https:\/\/bale.ch\/journal\/#website"},"primaryImageOfPage":{"@id":"https:\/\/bale.ch\/journal\/la-nuit-des-musees-2019-bale-st-louis\/#primaryimage"},"image":{"@id":"https:\/\/bale.ch\/journal\/la-nuit-des-musees-2019-bale-st-louis\/#primaryimage"},"thumbnailUrl":"https:\/\/bale.ch\/journal\/wp-content\/uploads\/2019\/01\/nuit_musees_bale_museum_nacht_2019_basel.jpg","datePublished":"2019-01-14T20:27:04+00:00","dateModified":"2019-01-14T20:27:45+00:00","breadcrumb":{"@id":"https:\/\/bale.ch\/journal\/la-nuit-des-musees-2019-bale-st-louis\/#breadcrumb"},"inLanguage":"fr-FR","potentialAction":[{"@type":"ReadAction","target":["https:\/\/bale.ch\/journal\/la-nuit-des-musees-2019-bale-st-louis\/"]}]},{"@type":"ImageObject","inLanguage":"fr-FR","@id":"https:\/\/bale.ch\/journal\/la-nuit-des-musees-2019-bale-st-louis\/#primaryimage","url":"https:\/\/bale.ch\/journal\/wp-content\/uploads\/2019\/01\/nuit_musees_bale_museum_nacht_2019_basel.jpg","contentUrl":"https:\/\/bale.ch\/journal\/wp-content\/uploads\/2019\/01\/nuit_musees_bale_museum_nacht_2019_basel.jpg","width":830,"height":446},{"@type":"BreadcrumbList","@id":"https:\/\/bale.ch\/journal\/la-nuit-des-musees-2019-bale-st-louis\/#breadcrumb","itemListElement":[{"@type":"ListItem","position":1,"name":"Accueil","item":"https:\/\/bale.ch\/journal\/"},{"@type":"ListItem","position":2,"name":"Vivez la nuit des mus\u00e9es 2019 dans la r\u00e9gion transfrontali\u00e8re de B\u00e2le"}]},{"@type":"WebSite","@id":"https:\/\/bale.ch\/journal\/#website","url":"https:\/\/bale.ch\/journal\/","name":"Journal de B\u00e2le et Gen\u00e8ve","description":"M\u00e9dia transfrontalier d&#039;actualit\u00e9s - News","publisher":{"@id":"https:\/\/bale.ch\/journal\/#organization"},"potentialAction":[{"@type":"SearchAction","target":{"@type":"EntryPoint","urlTemplate":"https:\/\/bale.ch\/journal\/?s={search_term_string}"},"query-input":{"@type":"PropertyValueSpecification","valueRequired":true,"valueName":"search_term_string"}}],"inLanguage":"fr-FR"},{"@type":"Organization","@id":"https:\/\/bale.ch\/journal\/#organization","name":"Journal de B\u00e2le et Gen\u00e8ve","url":"https:\/\/bale.ch\/journal\/","logo":{"@type":"ImageObject","inLanguage":"fr-FR","@id":"https:\/\/bale.ch\/journal\/#\/schema\/logo\/image\/","url":"https:\/\/bale.ch\/journal\/wp-content\/uploads\/2023\/07\/journaldebale_logo_2023_nb.png","contentUrl":"https:\/\/bale.ch\/journal\/wp-content\/uploads\/2023\/07\/journaldebale_logo_2023_nb.png","width":371,"height":127,"caption":"Journal de B\u00e2le et Gen\u00e8ve"},"image":{"@id":"https:\/\/bale.ch\/journal\/#\/schema\/logo\/image\/"}},{"@type":"Person","@id":"https:\/\/bale.ch\/journal\/#\/schema\/person\/03ced978db3b7a5274c5cef003f352f5","name":"La R\u00e9daction","image":{"@type":"ImageObject","inLanguage":"fr-FR","@id":"https:\/\/secure.gravatar.com\/avatar\/d1327e2ce8d2b860112f968a3f34686c9bdda7a463a1502cdd1070ac9d88cf1e?s=96&d=mm&r=g","url":"https:\/\/secure.gravatar.com\/avatar\/d1327e2ce8d2b860112f968a3f34686c9bdda7a463a1502cdd1070ac9d88cf1e?s=96&d=mm&r=g","contentUrl":"https:\/\/secure.gravatar.com\/avatar\/d1327e2ce8d2b860112f968a3f34686c9bdda7a463a1502cdd1070ac9d88cf1e?s=96&d=mm&r=g","caption":"La R\u00e9daction"},"url":"https:\/\/bale.ch\/journal\/author\/laredaction\/"}]}},"_links":{"self":[{"href":"https:\/\/bale.ch\/journal\/wp-json\/wp\/v2\/posts\/1821","targetHints":{"allow":["GET"]}}],"collection":[{"href":"https:\/\/bale.ch\/journal\/wp-json\/wp\/v2\/posts"}],"about":[{"href":"https:\/\/bale.ch\/journal\/wp-json\/wp\/v2\/types\/post"}],"author":[{"embeddable":true,"href":"https:\/\/bale.ch\/journal\/wp-json\/wp\/v2\/users\/2"}],"replies":[{"embeddable":true,"href":"https:\/\/bale.ch\/journal\/wp-json\/wp\/v2\/comments?post=1821"}],"version-history":[{"count":2,"href":"https:\/\/bale.ch\/journal\/wp-json\/wp\/v2\/posts\/1821\/revisions"}],"predecessor-version":[{"id":1823,"href":"https:\/\/bale.ch\/journal\/wp-json\/wp\/v2\/posts\/1821\/revisions\/1823"}],"wp:featuredmedia":[{"embeddable":true,"href":"https:\/\/bale.ch\/journal\/wp-json\/wp\/v2\/media\/1817"}],"wp:attachment":[{"href":"https:\/\/bale.ch\/journal\/wp-json\/wp\/v2\/media?parent=1821"}],"wp:term":[{"taxonomy":"category","embeddable":true,"href":"https:\/\/bale.ch\/journal\/wp-json\/wp\/v2\/categories?post=1821"},{"taxonomy":"post_tag","embeddable":true,"href":"https:\/\/bale.ch\/journal\/wp-json\/wp\/v2\/tags?post=1821"}],"curies":[{"name":"wp","href":"https:\/\/api.w.org\/{rel}","templated":true}]}}