{"id":1843,"date":"2019-01-17T22:51:14","date_gmt":"2019-01-17T22:51:14","guid":{"rendered":"http:\/\/bale.ch\/journal\/?p=1843"},"modified":"2019-01-17T22:51:14","modified_gmt":"2019-01-17T22:51:14","slug":"le-cern-veut-creer-un-tunnel-de-100-km-de-long-autour-de-geneve","status":"publish","type":"post","link":"https:\/\/bale.ch\/journal\/le-cern-veut-creer-un-tunnel-de-100-km-de-long-autour-de-geneve\/","title":{"rendered":"Le CERN veut cr\u00e9er un tunnel de 100 km de long autour de Gen\u00e8ve"},"content":{"rendered":"<p><strong>La collaboration pour un futur collisionneur circulaire\u00a0(FCC) a soumis aujourd\u2019hui pour publication son\u00a0rapport pr\u00e9liminaire de conception\u00a0(CDR), divis\u00e9 en quatre volumes et pr\u00e9sentant les diff\u00e9rentes options possibles pour un futur grand collisionneur circulaire. Le rapport expose les remarquables perspectives pour la physique offertes par des machines d\u2019une \u00e9nergie et d\u2019une intensit\u00e9 jamais atteintes jusqu&rsquo;ici, et d\u00e9taille les d\u00e9fis techniques, les co\u00fbts et les calendriers de r\u00e9alisation d\u2019un tel projet.<\/strong><\/p>\n<p><!--more--><\/p>\n<p>Au cours des deux prochaines ann\u00e9es, la communaut\u00e9 de la physique des particules mettra \u00e0 jour la\u00a0strat\u00e9gie europ\u00e9enne pour la physique des particules, d\u00e9finissant les orientations de la discipline pour la p\u00e9riode qui succ\u00e9dera \u00e0 celle du\u00a0Grand collisionneur de hadrons\u00a0(LHC). La feuille de route doit, en particulier, mener \u00e0 des choix cruciaux en mati\u00e8re de recherche et de d\u00e9veloppement dans les prochaines ann\u00e9es, en vue, \u00e0 terme, de construire l&rsquo;acc\u00e9l\u00e9rateur de particules qui succ\u00e9dera au LHC et qui sera en mesure d&rsquo;\u00e9largir consid\u00e9rablement notre connaissance de la mati\u00e8re et de l&rsquo;Univers. Le rapport pr\u00e9liminaire de conception contribue \u00e0 la d\u00e9finition de la strat\u00e9gie europ\u00e9enne. La possibilit\u00e9 d&rsquo;un futur collisionneur circulaire sera examin\u00e9e au cours du processus de mise \u00e0 jour de la strat\u00e9gie, conjointement avec l&rsquo;autre option de collisionneur post-LHC au CERN, \u00e0 savoir le\u00a0collisionneur lin\u00e9aire CLIC.<\/p>\n<p>L\u2019\u00e9tude FCC, lanc\u00e9e en 2014, fait directement suite \u00e0 la\u00a0pr\u00e9c\u00e9dente mise \u00e0 jour de la strat\u00e9gie europ\u00e9enne, approuv\u00e9e en mai 2013, qui recommandait la r\u00e9alisation d&rsquo;\u00e9tudes de conception et de faisabilit\u00e9 afin que l\u2019Europe puisse \u00ab\u00a0\u00eatre en mesure de proposer un ambitieux projet d\u2019acc\u00e9l\u00e9rateur post-LHC au CERN d\u2019ici \u00e0 la prochaine mise \u00e0 jour de la strat\u00e9gie\u00a0\u00bb. Le Futur collisionneur circulaire r\u00e9aliserait des collisions \u00e9lectron-positon, proton-proton et ion-ion \u00e0 des \u00e9nergies et des intensit\u00e9s sans pr\u00e9c\u00e9dent, avec la possibilit\u00e9 de collisions \u00e9lectron-proton et \u00e9lectron-ion.<\/p><div id=\"crieu-2602755756\" class=\"crieu-content crieu-entity-placement\"><script async src=\"\/\/pagead2.googlesyndication.com\/pagead\/js\/adsbygoogle.js?client=ca-pub-5271584769416742\" crossorigin=\"anonymous\"><\/script><ins class=\"adsbygoogle\" style=\"display:block;\" data-ad-client=\"ca-pub-5271584769416742\" \ndata-ad-slot=\"9321250718\" \ndata-ad-format=\"auto\"><\/ins>\n<script> \n(adsbygoogle = window.adsbygoogle || []).push({}); \n<\/script>\n<\/div>\n<p>\u00ab\u00a0<em>Le rapport pr\u00e9liminaire de conception du FCC est le r\u00e9sultat d\u2019un travail remarquable. Il montre l&rsquo;\u00e9norme potentiel du FCC pour am\u00e9liorer notre connaissance de la physique fondamentale et pour faire progresser de nombreuses technologies ayant un\u00a0large impact sur notre soci\u00e9t\u00e9<\/em>, d\u00e9clare Fabiola Gianotti, directrice g\u00e9n\u00e9rale du CERN.\u00a0<em>Le FCC, qui suppose de formidables nouveaux d\u00e9fis, tirerait grandement avantage des comp\u00e9tences, du complexe d&rsquo;acc\u00e9l\u00e9rateurs et des infrastructures du CERN, qui ont \u00e9t\u00e9 d\u00e9velopp\u00e9s durant plus d&rsquo;un demi-si\u00e8cle<\/em>.\u00a0\u00bb<\/p>\n<p>La d\u00e9couverte du boson de Higgs\u00a0au LHC a ouvert une nouvelle voie \u00e0 la recherche, dans la mesure o\u00f9 cette particule pourrait repr\u00e9senter une passerelle vers une nouvelle physique. La r\u00e9alisation d&rsquo;\u00e9tudes d\u00e9taill\u00e9es de ses propri\u00e9t\u00e9s est par cons\u00e9quent une priorit\u00e9 pour tout futur acc\u00e9l\u00e9rateur destin\u00e9 \u00e0 la physique des hautes \u00e9nergies. Or les diff\u00e9rentes options envisag\u00e9es par l&rsquo;\u00e9tude FCC offrent des possibilit\u00e9s exceptionnelles \u00e0 cet \u00e9gard. Par ailleurs, pour r\u00e9pondre \u00e0 des questions telles que la nature de la mati\u00e8re noire ou la pr\u00e9pond\u00e9rance de la mati\u00e8re sur l&rsquo;antimati\u00e8re, une physique au-del\u00e0 du Mod\u00e8le standard nous est n\u00e9cessaire. Dans cette qu\u00eate d\u2019une nouvelle physique, essentielle pour notre compr\u00e9hension de l\u2019Univers, l\u2019\u00e9norme potentiel de d\u00e9couverte que repr\u00e9sente un futur collisionneur circulaire jouera un r\u00f4le crucial.<\/p>\n<p>L&rsquo;\u00e9tude de conception du FCC a \u00e9t\u00e9 un travail consid\u00e9rable, que seule une vaste collaboration internationale a permis de r\u00e9aliser. Sur cinq ann\u00e9es, et avec le vigoureux soutien de la Commission europ\u00e9enne dans le cadre du programme Horizon 2020, la collaboration FCC a mobilis\u00e9 plus de 1\u00a0300 contributeurs de 150 universit\u00e9s, instituts de recherche et partenaires industriels, qui ont particip\u00e9 activement aux travaux de conception et de recherche et d\u00e9veloppement de nouvelles technologies afin de pr\u00e9parer le d\u00e9ploiement durable et l&rsquo;exploitation efficace d&rsquo;un possible futur collisionneur circulaire.<\/p>\n<p>\u00ab\u00a0<em>L&rsquo;objectif ultime de l\u2019\u00e9tude FCC est de proposer un acc\u00e9l\u00e9rateur de protons supraconducteur prenant la forme d&rsquo;un anneau de 100\u00a0km de circonf\u00e9rence et capable de fournir une \u00e9nergie allant jusqu&rsquo;\u00e0 100\u00a0TeV, soit une puissance environ dix fois sup\u00e9rieure \u00e0 celle du LHC,<\/em>\u00a0explique Fr\u00e9d\u00e9rick Bordry, directeur des acc\u00e9l\u00e9rateurs et de la technologie au CERN.\u00a0<em>Le calendrier envisag\u00e9 pour le FCC pr\u00e9voit de commencer avec une machine \u00e9lectron-positon \u2013 de m\u00eame que le LEP avait pr\u00e9c\u00e9d\u00e9 le LHC. Ce projet permettrait de mener un programme riche, qui mobiliserait la communaut\u00e9 de la physique des particules durant tout le XXIe si\u00e8cle.<\/em>\u00a0\u00bb<\/p>\n<p>Le collisionneur de protons FCC, qui serait constitu\u00e9 d\u2019aimants supraconducteurs \u00e0 champ \u00e9lev\u00e9 de nouvelle g\u00e9n\u00e9ration, offrirait une vaste gamme de nouvelles possibilit\u00e9s en mati\u00e8re de physique. Atteindre des \u00e9nergies de 100\u00a0TeV, voire plus \u00e9lev\u00e9es, rendrait possibles des \u00e9tudes de pr\u00e9cision sur la mani\u00e8re dont une particule de Higgs interagit avec une autre particule de Higgs, ainsi qu\u2019une exploration approfondie du r\u00f4le de la brisure de sym\u00e9trie \u00e9lectrofaible dans l&rsquo;histoire de notre Univers. Cela nous permettrait \u00e9galement d&rsquo;acc\u00e9der \u00e0 des \u00e9chelles d&rsquo;\u00e9nergie sans pr\u00e9c\u00e9dent et d&rsquo;y chercher de nouvelles particules massives, ce qui ouvrirait de multiples perspectives pour de grandes d\u00e9couvertes. De plus, cette machine pourrait aussi faire entrer en collision des ions lourds ; avec un riche programme en physique des ions lourds, nous pourrions \u00e9tudier l&rsquo;\u00e9tat o\u00f9 se trouvait la mati\u00e8re dans l&rsquo;Univers primordial.<\/p>\n<p>\u00ab\u00a0<em>Les collisionneurs de protons ont \u00e9t\u00e9, pour des g\u00e9n\u00e9rations de scientifiques, un outil de pr\u00e9dilection pour l\u2019exploration d\u2019une nouvelle physique aux \u00e9chelles les plus petites. Une grande machine \u00e0 protons repr\u00e9senterait un bond en avant dans cette d\u00e9marche, et il permettrait d\u2019\u00e9tendre de fa\u00e7on d\u00e9cisive le programme de physique au-del\u00e0 des r\u00e9sultats produits par le LHC et par un \u00e9ventuel collisionneur \u00e9lectron-positon<\/em>\u00a0\u00bb, estime Eckhard Elsen, directeur de la recherche et de l\u2019informatique au CERN.<\/p>\n<p>Une machine \u00e9lectron-positon d&rsquo;une \u00e9nergie de 90\u00a0\u00e0\u00a0365\u00a0GeV et pr\u00e9sentant une luminosit\u00e9 \u00e9lev\u00e9e pourrait constituer une premi\u00e8re \u00e9tape. Un tel collisionneur serait une \u00ab\u00a0usine \u00e0 Higgs\u00a0\u00bb tr\u00e8s puissante, ce qui rendrait possible la d\u00e9tection de processus rares ou nouveaux, et la mesure de particules connues \u00e0 des niveaux de pr\u00e9cision sans pr\u00e9c\u00e9dent. Avec ces mesures pr\u00e9cises, nous disposerions d\u2019une grande sensibilit\u00e9 pour d\u00e9tecter de possibles \u00e9carts minuscules par rapport aux pr\u00e9visions du Mod\u00e8le standard, ce qui constituerait un signe d&rsquo;une nouvelle physique.<\/p>\n<p>Le co\u00fbt d&rsquo;un grand collisionneur circulaire \u00e9lectron-positon serait de l&rsquo;ordre de 9\u00a0milliards d&rsquo;euros, dont 5\u00a0milliards d&rsquo;euros qui seraient consacr\u00e9s aux travaux de g\u00e9nie civil n\u00e9cessaires \u00e0 l&rsquo;excavation d&rsquo;un tunnel de 100\u00a0km. Ce collisionneur servirait la communaut\u00e9 de physique du monde entier pendant 15\u00a0\u00e0\u00a020\u00a0ans. Le programme de physique pourrait commencer d&rsquo;ici \u00e0 2040, au terme de l&rsquo;exploitation du\u00a0LHC \u00e0 haute luminosit\u00e9. Le co\u00fbt estim\u00e9 pour une machine supraconductrice qui occuperait ensuite le m\u00eame tunnel et ferait entrer en collision des protons serait d&rsquo;environ 15\u00a0milliards d&rsquo;euros. Cette machine pourrait commencer \u00e0 fonctionner \u00e0 la fin des ann\u00e9es 2050.<\/p>\n<p>Les instruments complexes n\u00e9cessaires \u00e0 la physique des particules inspirent de nouveaux concepts, des innovations et des technologies d&rsquo;avant-garde, qui profitent \u00e0 d&rsquo;autres disciplines de recherche et peuvent d\u00e9boucher sur de nombreuses applications, lesquelles ont un impact consid\u00e9rable sur l&rsquo;\u00e9conomie de la connaissance et la soci\u00e9t\u00e9. Un futur collisionneur circulaire offrirait \u00e0 l&rsquo;industrie des perspectives extraordinaires, en aidant \u00e0 repousser encore plus loin les fronti\u00e8res de la technologie. Il ouvrirait \u00e9galement des perspectives de formation exceptionnelles pour une nouvelle g\u00e9n\u00e9ration de scientifiques et d&rsquo;ing\u00e9nieurs.<\/p>\n<div id=\"crieu-2629531638\" class=\"crieu-apres-le-contenu crieu-entity-placement\" style=\"margin-left: auto;margin-right: auto;text-align: center;\"><script async src=\"\/\/pagead2.googlesyndication.com\/pagead\/js\/adsbygoogle.js?client=ca-pub-5271584769416742\" crossorigin=\"anonymous\"><\/script><ins class=\"adsbygoogle\" style=\"display:block;\" data-ad-client=\"ca-pub-5271584769416742\" \ndata-ad-slot=\"9321250718\" \ndata-ad-format=\"auto\"><\/ins>\n<script> \n(adsbygoogle = window.adsbygoogle || []).push({}); \n<\/script>\n<\/div>","protected":false},"excerpt":{"rendered":"<p>La collaboration pour un futur collisionneur circulaire\u00a0(FCC) a soumis aujourd\u2019hui pour publication son\u00a0rapport pr\u00e9liminaire de conception\u00a0(CDR), divis\u00e9 en quatre volumes et pr\u00e9sentant les diff\u00e9rentes options possibles pour un futur grand <a href=\"https:\/\/bale.ch\/journal\/le-cern-veut-creer-un-tunnel-de-100-km-de-long-autour-de-geneve\/\" class=\"read-more button-fancy -red\"><span class=\"btn-arrow\"><\/span><span class=\"twp-read-more text\">Continuer la lecture<\/span><\/a><\/p>\n","protected":false},"author":2,"featured_media":1844,"comment_status":"closed","ping_status":"closed","sticky":false,"template":"","format":"standard","meta":{"footnotes":""},"categories":[103,4,17],"tags":[128,127,59],"class_list":["post-1843","post","type-post","status-publish","format-standard","has-post-thumbnail","hentry","category-actu","category-grand-geneve","category-savoirs","tag-accelerateur-de-particules","tag-cern","tag-grand-geneve"],"yoast_head":"<!-- This site is optimized with the Yoast SEO plugin v28.3 - https:\/\/yoast.com\/product\/yoast-seo-wordpress\/ -->\n<title>Le CERN veut cr\u00e9er un tunnel de 100 km de long autour de Gen\u00e8ve - Journal de B\u00e2le et Gen\u00e8ve<\/title>\n<meta name=\"robots\" content=\"index, follow, max-snippet:-1, max-image-preview:large, max-video-preview:-1\" \/>\n<link rel=\"canonical\" href=\"https:\/\/bale.ch\/journal\/le-cern-veut-creer-un-tunnel-de-100-km-de-long-autour-de-geneve\/\" \/>\n<meta property=\"og:locale\" content=\"fr_FR\" \/>\n<meta property=\"og:type\" content=\"article\" \/>\n<meta property=\"og:title\" content=\"Le CERN veut cr\u00e9er un tunnel de 100 km de long autour de Gen\u00e8ve - Journal de B\u00e2le et Gen\u00e8ve\" \/>\n<meta property=\"og:description\" content=\"La collaboration pour un futur collisionneur circulaire\u00a0(FCC) a soumis aujourd\u2019hui pour publication son\u00a0rapport pr\u00e9liminaire de conception\u00a0(CDR), divis\u00e9 en quatre volumes et pr\u00e9sentant les diff\u00e9rentes options possibles pour un futur grand Continuer la lecture\" \/>\n<meta property=\"og:url\" content=\"https:\/\/bale.ch\/journal\/le-cern-veut-creer-un-tunnel-de-100-km-de-long-autour-de-geneve\/\" \/>\n<meta property=\"og:site_name\" content=\"Journal de B\u00e2le et Gen\u00e8ve\" \/>\n<meta property=\"article:published_time\" content=\"2019-01-17T22:51:14+00:00\" \/>\n<meta property=\"og:image\" content=\"https:\/\/bale.ch\/journal\/wp-content\/uploads\/2019\/01\/cern_accelerateur_de_particules_tunnel_geneve.jpg\" \/>\n\t<meta property=\"og:image:width\" content=\"830\" \/>\n\t<meta property=\"og:image:height\" content=\"446\" \/>\n\t<meta property=\"og:image:type\" content=\"image\/jpeg\" \/>\n<meta name=\"author\" content=\"La R\u00e9daction\" \/>\n<meta name=\"twitter:card\" content=\"summary_large_image\" \/>\n<meta name=\"twitter:label1\" content=\"\u00c9crit par\" \/>\n\t<meta name=\"twitter:data1\" content=\"La R\u00e9daction\" \/>\n\t<meta name=\"twitter:label2\" content=\"Dur\u00e9e de lecture estim\u00e9e\" \/>\n\t<meta name=\"twitter:data2\" content=\"6 minutes\" \/>\n<script type=\"application\/ld+json\" class=\"yoast-schema-graph\">{\"@context\":\"https:\\\/\\\/schema.org\",\"@graph\":[{\"@type\":\"Article\",\"@id\":\"https:\\\/\\\/bale.ch\\\/journal\\\/le-cern-veut-creer-un-tunnel-de-100-km-de-long-autour-de-geneve\\\/#article\",\"isPartOf\":{\"@id\":\"https:\\\/\\\/bale.ch\\\/journal\\\/le-cern-veut-creer-un-tunnel-de-100-km-de-long-autour-de-geneve\\\/\"},\"author\":{\"name\":\"La R\u00e9daction\",\"@id\":\"https:\\\/\\\/bale.ch\\\/journal\\\/#\\\/schema\\\/person\\\/03ced978db3b7a5274c5cef003f352f5\"},\"headline\":\"Le CERN veut cr\u00e9er un tunnel de 100 km de long autour de Gen\u00e8ve\",\"datePublished\":\"2019-01-17T22:51:14+00:00\",\"mainEntityOfPage\":{\"@id\":\"https:\\\/\\\/bale.ch\\\/journal\\\/le-cern-veut-creer-un-tunnel-de-100-km-de-long-autour-de-geneve\\\/\"},\"wordCount\":1346,\"publisher\":{\"@id\":\"https:\\\/\\\/bale.ch\\\/journal\\\/#organization\"},\"image\":{\"@id\":\"https:\\\/\\\/bale.ch\\\/journal\\\/le-cern-veut-creer-un-tunnel-de-100-km-de-long-autour-de-geneve\\\/#primaryimage\"},\"thumbnailUrl\":\"https:\\\/\\\/bale.ch\\\/journal\\\/wp-content\\\/uploads\\\/2019\\\/01\\\/cern_accelerateur_de_particules_tunnel_geneve.jpg\",\"keywords\":[\"acc\u00e9l\u00e9rateur de particules\",\"cern\",\"Grand Gen\u00e8ve\"],\"articleSection\":[\"Actualit\u00e9s\",\"Grand Gen\u00e8ve\",\"Savoirs\"],\"inLanguage\":\"fr-FR\"},{\"@type\":\"WebPage\",\"@id\":\"https:\\\/\\\/bale.ch\\\/journal\\\/le-cern-veut-creer-un-tunnel-de-100-km-de-long-autour-de-geneve\\\/\",\"url\":\"https:\\\/\\\/bale.ch\\\/journal\\\/le-cern-veut-creer-un-tunnel-de-100-km-de-long-autour-de-geneve\\\/\",\"name\":\"Le CERN veut cr\u00e9er un tunnel de 100 km de long autour de Gen\u00e8ve - Journal de B\u00e2le et Gen\u00e8ve\",\"isPartOf\":{\"@id\":\"https:\\\/\\\/bale.ch\\\/journal\\\/#website\"},\"primaryImageOfPage\":{\"@id\":\"https:\\\/\\\/bale.ch\\\/journal\\\/le-cern-veut-creer-un-tunnel-de-100-km-de-long-autour-de-geneve\\\/#primaryimage\"},\"image\":{\"@id\":\"https:\\\/\\\/bale.ch\\\/journal\\\/le-cern-veut-creer-un-tunnel-de-100-km-de-long-autour-de-geneve\\\/#primaryimage\"},\"thumbnailUrl\":\"https:\\\/\\\/bale.ch\\\/journal\\\/wp-content\\\/uploads\\\/2019\\\/01\\\/cern_accelerateur_de_particules_tunnel_geneve.jpg\",\"datePublished\":\"2019-01-17T22:51:14+00:00\",\"breadcrumb\":{\"@id\":\"https:\\\/\\\/bale.ch\\\/journal\\\/le-cern-veut-creer-un-tunnel-de-100-km-de-long-autour-de-geneve\\\/#breadcrumb\"},\"inLanguage\":\"fr-FR\",\"potentialAction\":[{\"@type\":\"ReadAction\",\"target\":[\"https:\\\/\\\/bale.ch\\\/journal\\\/le-cern-veut-creer-un-tunnel-de-100-km-de-long-autour-de-geneve\\\/\"]}]},{\"@type\":\"ImageObject\",\"inLanguage\":\"fr-FR\",\"@id\":\"https:\\\/\\\/bale.ch\\\/journal\\\/le-cern-veut-creer-un-tunnel-de-100-km-de-long-autour-de-geneve\\\/#primaryimage\",\"url\":\"https:\\\/\\\/bale.ch\\\/journal\\\/wp-content\\\/uploads\\\/2019\\\/01\\\/cern_accelerateur_de_particules_tunnel_geneve.jpg\",\"contentUrl\":\"https:\\\/\\\/bale.ch\\\/journal\\\/wp-content\\\/uploads\\\/2019\\\/01\\\/cern_accelerateur_de_particules_tunnel_geneve.jpg\",\"width\":830,\"height\":446},{\"@type\":\"BreadcrumbList\",\"@id\":\"https:\\\/\\\/bale.ch\\\/journal\\\/le-cern-veut-creer-un-tunnel-de-100-km-de-long-autour-de-geneve\\\/#breadcrumb\",\"itemListElement\":[{\"@type\":\"ListItem\",\"position\":1,\"name\":\"Accueil\",\"item\":\"https:\\\/\\\/bale.ch\\\/journal\\\/\"},{\"@type\":\"ListItem\",\"position\":2,\"name\":\"Le CERN veut cr\u00e9er un tunnel de 100 km de long autour de Gen\u00e8ve\"}]},{\"@type\":\"WebSite\",\"@id\":\"https:\\\/\\\/bale.ch\\\/journal\\\/#website\",\"url\":\"https:\\\/\\\/bale.ch\\\/journal\\\/\",\"name\":\"Journal de B\u00e2le et Gen\u00e8ve\",\"description\":\"M\u00e9dia transfrontalier d&#039;actualit\u00e9s - News\",\"publisher\":{\"@id\":\"https:\\\/\\\/bale.ch\\\/journal\\\/#organization\"},\"potentialAction\":[{\"@type\":\"SearchAction\",\"target\":{\"@type\":\"EntryPoint\",\"urlTemplate\":\"https:\\\/\\\/bale.ch\\\/journal\\\/?s={search_term_string}\"},\"query-input\":{\"@type\":\"PropertyValueSpecification\",\"valueRequired\":true,\"valueName\":\"search_term_string\"}}],\"inLanguage\":\"fr-FR\"},{\"@type\":\"Organization\",\"@id\":\"https:\\\/\\\/bale.ch\\\/journal\\\/#organization\",\"name\":\"Journal de B\u00e2le et Gen\u00e8ve\",\"url\":\"https:\\\/\\\/bale.ch\\\/journal\\\/\",\"logo\":{\"@type\":\"ImageObject\",\"inLanguage\":\"fr-FR\",\"@id\":\"https:\\\/\\\/bale.ch\\\/journal\\\/#\\\/schema\\\/logo\\\/image\\\/\",\"url\":\"https:\\\/\\\/bale.ch\\\/journal\\\/wp-content\\\/uploads\\\/2023\\\/07\\\/journaldebale_logo_2023_nb.png\",\"contentUrl\":\"https:\\\/\\\/bale.ch\\\/journal\\\/wp-content\\\/uploads\\\/2023\\\/07\\\/journaldebale_logo_2023_nb.png\",\"width\":371,\"height\":127,\"caption\":\"Journal de B\u00e2le et Gen\u00e8ve\"},\"image\":{\"@id\":\"https:\\\/\\\/bale.ch\\\/journal\\\/#\\\/schema\\\/logo\\\/image\\\/\"}},{\"@type\":\"Person\",\"@id\":\"https:\\\/\\\/bale.ch\\\/journal\\\/#\\\/schema\\\/person\\\/03ced978db3b7a5274c5cef003f352f5\",\"name\":\"La R\u00e9daction\",\"image\":{\"@type\":\"ImageObject\",\"inLanguage\":\"fr-FR\",\"@id\":\"https:\\\/\\\/secure.gravatar.com\\\/avatar\\\/d1327e2ce8d2b860112f968a3f34686c9bdda7a463a1502cdd1070ac9d88cf1e?s=96&d=mm&r=g\",\"url\":\"https:\\\/\\\/secure.gravatar.com\\\/avatar\\\/d1327e2ce8d2b860112f968a3f34686c9bdda7a463a1502cdd1070ac9d88cf1e?s=96&d=mm&r=g\",\"contentUrl\":\"https:\\\/\\\/secure.gravatar.com\\\/avatar\\\/d1327e2ce8d2b860112f968a3f34686c9bdda7a463a1502cdd1070ac9d88cf1e?s=96&d=mm&r=g\",\"caption\":\"La R\u00e9daction\"},\"url\":\"https:\\\/\\\/bale.ch\\\/journal\\\/author\\\/laredaction\\\/\"}]}<\/script>\n<!-- \/ Yoast SEO plugin. -->","yoast_head_json":{"title":"Le CERN veut cr\u00e9er un tunnel de 100 km de long autour de Gen\u00e8ve - Journal de B\u00e2le et Gen\u00e8ve","robots":{"index":"index","follow":"follow","max-snippet":"max-snippet:-1","max-image-preview":"max-image-preview:large","max-video-preview":"max-video-preview:-1"},"canonical":"https:\/\/bale.ch\/journal\/le-cern-veut-creer-un-tunnel-de-100-km-de-long-autour-de-geneve\/","og_locale":"fr_FR","og_type":"article","og_title":"Le CERN veut cr\u00e9er un tunnel de 100 km de long autour de Gen\u00e8ve - Journal de B\u00e2le et Gen\u00e8ve","og_description":"La collaboration pour un futur collisionneur circulaire\u00a0(FCC) a soumis aujourd\u2019hui pour publication son\u00a0rapport pr\u00e9liminaire de conception\u00a0(CDR), divis\u00e9 en quatre volumes et pr\u00e9sentant les diff\u00e9rentes options possibles pour un futur grand Continuer la lecture","og_url":"https:\/\/bale.ch\/journal\/le-cern-veut-creer-un-tunnel-de-100-km-de-long-autour-de-geneve\/","og_site_name":"Journal de B\u00e2le et Gen\u00e8ve","article_published_time":"2019-01-17T22:51:14+00:00","og_image":[{"width":830,"height":446,"url":"https:\/\/bale.ch\/journal\/wp-content\/uploads\/2019\/01\/cern_accelerateur_de_particules_tunnel_geneve.jpg","type":"image\/jpeg"}],"author":"La R\u00e9daction","twitter_card":"summary_large_image","twitter_misc":{"\u00c9crit par":"La R\u00e9daction","Dur\u00e9e de lecture estim\u00e9e":"6 minutes"},"schema":{"@context":"https:\/\/schema.org","@graph":[{"@type":"Article","@id":"https:\/\/bale.ch\/journal\/le-cern-veut-creer-un-tunnel-de-100-km-de-long-autour-de-geneve\/#article","isPartOf":{"@id":"https:\/\/bale.ch\/journal\/le-cern-veut-creer-un-tunnel-de-100-km-de-long-autour-de-geneve\/"},"author":{"name":"La R\u00e9daction","@id":"https:\/\/bale.ch\/journal\/#\/schema\/person\/03ced978db3b7a5274c5cef003f352f5"},"headline":"Le CERN veut cr\u00e9er un tunnel de 100 km de long autour de Gen\u00e8ve","datePublished":"2019-01-17T22:51:14+00:00","mainEntityOfPage":{"@id":"https:\/\/bale.ch\/journal\/le-cern-veut-creer-un-tunnel-de-100-km-de-long-autour-de-geneve\/"},"wordCount":1346,"publisher":{"@id":"https:\/\/bale.ch\/journal\/#organization"},"image":{"@id":"https:\/\/bale.ch\/journal\/le-cern-veut-creer-un-tunnel-de-100-km-de-long-autour-de-geneve\/#primaryimage"},"thumbnailUrl":"https:\/\/bale.ch\/journal\/wp-content\/uploads\/2019\/01\/cern_accelerateur_de_particules_tunnel_geneve.jpg","keywords":["acc\u00e9l\u00e9rateur de particules","cern","Grand Gen\u00e8ve"],"articleSection":["Actualit\u00e9s","Grand Gen\u00e8ve","Savoirs"],"inLanguage":"fr-FR"},{"@type":"WebPage","@id":"https:\/\/bale.ch\/journal\/le-cern-veut-creer-un-tunnel-de-100-km-de-long-autour-de-geneve\/","url":"https:\/\/bale.ch\/journal\/le-cern-veut-creer-un-tunnel-de-100-km-de-long-autour-de-geneve\/","name":"Le CERN veut cr\u00e9er un tunnel de 100 km de long autour de Gen\u00e8ve - Journal de B\u00e2le et Gen\u00e8ve","isPartOf":{"@id":"https:\/\/bale.ch\/journal\/#website"},"primaryImageOfPage":{"@id":"https:\/\/bale.ch\/journal\/le-cern-veut-creer-un-tunnel-de-100-km-de-long-autour-de-geneve\/#primaryimage"},"image":{"@id":"https:\/\/bale.ch\/journal\/le-cern-veut-creer-un-tunnel-de-100-km-de-long-autour-de-geneve\/#primaryimage"},"thumbnailUrl":"https:\/\/bale.ch\/journal\/wp-content\/uploads\/2019\/01\/cern_accelerateur_de_particules_tunnel_geneve.jpg","datePublished":"2019-01-17T22:51:14+00:00","breadcrumb":{"@id":"https:\/\/bale.ch\/journal\/le-cern-veut-creer-un-tunnel-de-100-km-de-long-autour-de-geneve\/#breadcrumb"},"inLanguage":"fr-FR","potentialAction":[{"@type":"ReadAction","target":["https:\/\/bale.ch\/journal\/le-cern-veut-creer-un-tunnel-de-100-km-de-long-autour-de-geneve\/"]}]},{"@type":"ImageObject","inLanguage":"fr-FR","@id":"https:\/\/bale.ch\/journal\/le-cern-veut-creer-un-tunnel-de-100-km-de-long-autour-de-geneve\/#primaryimage","url":"https:\/\/bale.ch\/journal\/wp-content\/uploads\/2019\/01\/cern_accelerateur_de_particules_tunnel_geneve.jpg","contentUrl":"https:\/\/bale.ch\/journal\/wp-content\/uploads\/2019\/01\/cern_accelerateur_de_particules_tunnel_geneve.jpg","width":830,"height":446},{"@type":"BreadcrumbList","@id":"https:\/\/bale.ch\/journal\/le-cern-veut-creer-un-tunnel-de-100-km-de-long-autour-de-geneve\/#breadcrumb","itemListElement":[{"@type":"ListItem","position":1,"name":"Accueil","item":"https:\/\/bale.ch\/journal\/"},{"@type":"ListItem","position":2,"name":"Le CERN veut cr\u00e9er un tunnel de 100 km de long autour de Gen\u00e8ve"}]},{"@type":"WebSite","@id":"https:\/\/bale.ch\/journal\/#website","url":"https:\/\/bale.ch\/journal\/","name":"Journal de B\u00e2le et Gen\u00e8ve","description":"M\u00e9dia transfrontalier d&#039;actualit\u00e9s - News","publisher":{"@id":"https:\/\/bale.ch\/journal\/#organization"},"potentialAction":[{"@type":"SearchAction","target":{"@type":"EntryPoint","urlTemplate":"https:\/\/bale.ch\/journal\/?s={search_term_string}"},"query-input":{"@type":"PropertyValueSpecification","valueRequired":true,"valueName":"search_term_string"}}],"inLanguage":"fr-FR"},{"@type":"Organization","@id":"https:\/\/bale.ch\/journal\/#organization","name":"Journal de B\u00e2le et Gen\u00e8ve","url":"https:\/\/bale.ch\/journal\/","logo":{"@type":"ImageObject","inLanguage":"fr-FR","@id":"https:\/\/bale.ch\/journal\/#\/schema\/logo\/image\/","url":"https:\/\/bale.ch\/journal\/wp-content\/uploads\/2023\/07\/journaldebale_logo_2023_nb.png","contentUrl":"https:\/\/bale.ch\/journal\/wp-content\/uploads\/2023\/07\/journaldebale_logo_2023_nb.png","width":371,"height":127,"caption":"Journal de B\u00e2le et Gen\u00e8ve"},"image":{"@id":"https:\/\/bale.ch\/journal\/#\/schema\/logo\/image\/"}},{"@type":"Person","@id":"https:\/\/bale.ch\/journal\/#\/schema\/person\/03ced978db3b7a5274c5cef003f352f5","name":"La R\u00e9daction","image":{"@type":"ImageObject","inLanguage":"fr-FR","@id":"https:\/\/secure.gravatar.com\/avatar\/d1327e2ce8d2b860112f968a3f34686c9bdda7a463a1502cdd1070ac9d88cf1e?s=96&d=mm&r=g","url":"https:\/\/secure.gravatar.com\/avatar\/d1327e2ce8d2b860112f968a3f34686c9bdda7a463a1502cdd1070ac9d88cf1e?s=96&d=mm&r=g","contentUrl":"https:\/\/secure.gravatar.com\/avatar\/d1327e2ce8d2b860112f968a3f34686c9bdda7a463a1502cdd1070ac9d88cf1e?s=96&d=mm&r=g","caption":"La R\u00e9daction"},"url":"https:\/\/bale.ch\/journal\/author\/laredaction\/"}]}},"_links":{"self":[{"href":"https:\/\/bale.ch\/journal\/wp-json\/wp\/v2\/posts\/1843","targetHints":{"allow":["GET"]}}],"collection":[{"href":"https:\/\/bale.ch\/journal\/wp-json\/wp\/v2\/posts"}],"about":[{"href":"https:\/\/bale.ch\/journal\/wp-json\/wp\/v2\/types\/post"}],"author":[{"embeddable":true,"href":"https:\/\/bale.ch\/journal\/wp-json\/wp\/v2\/users\/2"}],"replies":[{"embeddable":true,"href":"https:\/\/bale.ch\/journal\/wp-json\/wp\/v2\/comments?post=1843"}],"version-history":[{"count":1,"href":"https:\/\/bale.ch\/journal\/wp-json\/wp\/v2\/posts\/1843\/revisions"}],"predecessor-version":[{"id":1845,"href":"https:\/\/bale.ch\/journal\/wp-json\/wp\/v2\/posts\/1843\/revisions\/1845"}],"wp:featuredmedia":[{"embeddable":true,"href":"https:\/\/bale.ch\/journal\/wp-json\/wp\/v2\/media\/1844"}],"wp:attachment":[{"href":"https:\/\/bale.ch\/journal\/wp-json\/wp\/v2\/media?parent=1843"}],"wp:term":[{"taxonomy":"category","embeddable":true,"href":"https:\/\/bale.ch\/journal\/wp-json\/wp\/v2\/categories?post=1843"},{"taxonomy":"post_tag","embeddable":true,"href":"https:\/\/bale.ch\/journal\/wp-json\/wp\/v2\/tags?post=1843"}],"curies":[{"name":"wp","href":"https:\/\/api.w.org\/{rel}","templated":true}]}}