{"id":1847,"date":"2019-01-18T02:43:14","date_gmt":"2019-01-18T02:43:14","guid":{"rendered":"http:\/\/bale.ch\/journal\/?p=1847"},"modified":"2026-09-01T19:06:32","modified_gmt":"2026-09-01T19:06:32","slug":"50-personnes-sont-portees-disparues-a-amatan-village-mexicain-du-chiapas","status":"publish","type":"post","link":"https:\/\/bale.ch\/journal\/50-personnes-sont-portees-disparues-a-amatan-village-mexicain-du-chiapas\/","title":{"rendered":"50 personnes sont port\u00e9es disparues \u00e0 Amat\u00e1n, village mexicain du Chiapas, suite \u00e0 une attaque paramilitaire"},"content":{"rendered":"<p><strong>Ce jeudi \u00e0 l&rsquo;aube, les habitants de la commune d&rsquo;Amat\u00e1n, dans l&rsquo;\u00c9tat mexicain du Chiapas, ont appel\u00e9 \u00e0 l&rsquo;aide les organisations de d\u00e9fense des droits humains qui les ont soutenus dans la reconnaissance de leur gouvernement autonome (le droit \u00e0 l&rsquo;autod\u00e9termination pour les communaut\u00e9s indig\u00e8nes est l\u00e9galement pr\u00e9vu par la Constitution mexicaine), d\u00e9non\u00e7ant une attaque paramilitaire. Cet assaut nocturne a fait plusieurs bless\u00e9s, et 50 personnes sont port\u00e9es disparues.<\/strong> <!--more--><\/p>\n<p>Les associations demandent l&rsquo;intervention urgente du pr\u00e9sident de la r\u00e9publique mexicaine pour r\u00e9soudre le conflit entre les habitants et leur maire, <em>\u00ab\u00a0\u00e9lu frauduleusement sous l&rsquo;\u00e9tiquette du parti au pouvoir dans le pays, Morena\u00a0\u00bb<\/em>, a-t-il \u00e9t\u00e9 dit lors d&rsquo;une conf\u00e9rence de presse dans la ville de Mexico.<\/p>\n<p><em>\u00ab\u00a0Le contr\u00f4le du gouvernement municipal est li\u00e9 au contr\u00f4le de ce territoire \u00e0 la fronti\u00e8re avec l&rsquo;Etat de Tabasco, une zone strat\u00e9gique qui est la porte d&rsquo;entr\u00e9e et de sortie pour l&rsquo;Etat de Chiapas. Ce territoire est strat\u00e9gique pour le crime organis\u00e9 qui ma\u00eetrise cette voie de communication utilis\u00e9e pour le trafique de drogue et la traite des \u00eatres humains, entre autres activit\u00e9s ill\u00e9gales\u00a0\u00bb<\/em> a d\u00e9clar\u00e9 Leonel Rivero, avocat et d\u00e9fenseur des droits humains \u00e0 Aristegui Noticias.<\/p><div id=\"crieu-3538930989\" class=\"crieu-content crieu-entity-placement\"><script async src=\"\/\/pagead2.googlesyndication.com\/pagead\/js\/adsbygoogle.js?client=ca-pub-5271584769416742\" crossorigin=\"anonymous\"><\/script><ins class=\"adsbygoogle\" style=\"display:block;\" data-ad-client=\"ca-pub-5271584769416742\" \ndata-ad-slot=\"9321250718\" \ndata-ad-format=\"auto\"><\/ins>\n<script> \n(adsbygoogle = window.adsbygoogle || []).push({}); \n<\/script>\n<\/div>\n<p>Les fr\u00e8res Mayorga, dont l&rsquo;un est l&rsquo;actuel pr\u00e9sident municipal, se maintiennent \u00ab\u00a0l\u00e9galement\u00a0\u00bb au pouvoir dans la municipalit\u00e9, \u00e0 tour de r\u00f4le, et changeant d&rsquo;\u00e9tiquette politique, suivant le pouvoir en place au niveau f\u00e9d\u00e9ral. Leonel Rivero indique que selon les t\u00e9moignages, les autorit\u00e9s dirig\u00e9es par la fratrie <em>\u00ab\u00a0ont \u00e9t\u00e9 impliqu\u00e9es durant des ann\u00e9es dans des actes criminels. Ces faits sont connus par les autorit\u00e9s estatales et f\u00e9d\u00e9rales, et par la pr\u00e9sidente nationale du parti Morena.\u00a0\u00bb <\/em>Il conclu que<em> \u00ab\u00a0ces autorit\u00e9s auraient pu agir, mais ne l&rsquo;ont pas fait. Malheureusement, leur inaction a amen\u00e9 a ces cons\u00e9quences tragiques et irr\u00e9versibles\u00a0\u00bb.<\/em><\/p>\n<p>Le Centre\u00a0Antonio Esteban pour les droits humains a par ailleurs annonc\u00e9 la disparition depuis la prise de contr\u00f4le du territoire par les paramilitaires de l&rsquo;un de ses deux observateurs, Silvano de Jes\u00fas Roblero de los Santos, qui documentait les cas de violations aux droits humains \u00e0 Amat\u00e1n depuis 14 mois. <em>\u00ab\u00a0Nous exigeons des autorit\u00e9s qu&rsquo;elles interviennent, retrouvent\u00a0 Sylvano en vie, ainsi que les 49 autres personnes port\u00e9es disparues.\u00a0\u00bb<\/em><\/p>\n<blockquote>\n<p style=\"text-align: left;\">Pour comprendre les faits, vous pouvez (re)lire notre reportage r\u00e9alis\u00e9 par notre envoy\u00e9 sp\u00e9cial le 30 novembre 2018:<\/p>\n<h3 style=\"text-align: left;\"><a href=\"https:\/\/bale.ch\/journal\/reportage-nouveau-president-amlo-communautes-mexicaines-autodetermination\/\">Face \u00e0 la violence et malgr\u00e9 le nouveau pr\u00e9sident, des communaut\u00e9s mexicaines choisissent l\u2019autod\u00e9termination<\/a><\/h3>\n<\/blockquote>\n<h5><em>Photo: Les habitants d&rsquo;Amat\u00e1n participent \u00e0 l&rsquo;\u00e9lection du Conseil Populaire de Gouvernance L\u00e9gitime devant la mairie. 30.11.18.<\/em><\/h5>\n<p>&nbsp;<\/p>\n<div id=\"crieu-1366869963\" class=\"crieu-apres-le-contenu crieu-entity-placement\" style=\"margin-left: auto;margin-right: auto;text-align: center;\"><script async src=\"\/\/pagead2.googlesyndication.com\/pagead\/js\/adsbygoogle.js?client=ca-pub-5271584769416742\" crossorigin=\"anonymous\"><\/script><ins class=\"adsbygoogle\" style=\"display:block;\" data-ad-client=\"ca-pub-5271584769416742\" \ndata-ad-slot=\"9321250718\" \ndata-ad-format=\"auto\"><\/ins>\n<script> \n(adsbygoogle = window.adsbygoogle || []).push({}); \n<\/script>\n<\/div>","protected":false},"excerpt":{"rendered":"<p>Ce jeudi \u00e0 l&rsquo;aube, les habitants de la commune d&rsquo;Amat\u00e1n, dans l&rsquo;\u00c9tat mexicain du Chiapas, ont appel\u00e9 \u00e0 l&rsquo;aide les organisations de d\u00e9fense des droits humains qui les ont soutenus <a href=\"https:\/\/bale.ch\/journal\/50-personnes-sont-portees-disparues-a-amatan-village-mexicain-du-chiapas\/\" class=\"read-more button-fancy -red\"><span class=\"btn-arrow\"><\/span><span class=\"twp-read-more text\">Continuer la lecture<\/span><\/a><\/p>\n","protected":false},"author":2,"featured_media":1859,"comment_status":"closed","ping_status":"closed","sticky":false,"template":"","format":"standard","meta":{"footnotes":""},"categories":[307,103,9],"tags":[130,129,131,108],"class_list":["post-1847","post","type-post","status-publish","format-standard","has-post-thumbnail","hentry","category-abya-yala","category-actu","category-monde","tag-amatan","tag-chiapas","tag-droits-humains","tag-mexique"],"yoast_head":"<!-- This site is optimized with the Yoast SEO plugin v28.3 - https:\/\/yoast.com\/product\/yoast-seo-wordpress\/ -->\n<title>50 personnes sont port\u00e9es disparues \u00e0 Amat\u00e1n, village mexicain du Chiapas, suite \u00e0 une attaque paramilitaire - Journal de B\u00e2le et Gen\u00e8ve<\/title>\n<meta name=\"robots\" content=\"index, follow, max-snippet:-1, max-image-preview:large, max-video-preview:-1\" \/>\n<link rel=\"canonical\" href=\"https:\/\/bale.ch\/journal\/50-personnes-sont-portees-disparues-a-amatan-village-mexicain-du-chiapas\/\" \/>\n<meta property=\"og:locale\" content=\"fr_FR\" \/>\n<meta property=\"og:type\" content=\"article\" \/>\n<meta property=\"og:title\" content=\"50 personnes sont port\u00e9es disparues \u00e0 Amat\u00e1n, village mexicain du Chiapas, suite \u00e0 une attaque paramilitaire - Journal de B\u00e2le et Gen\u00e8ve\" \/>\n<meta property=\"og:description\" content=\"Ce jeudi \u00e0 l&rsquo;aube, les habitants de la commune d&rsquo;Amat\u00e1n, dans l&rsquo;\u00c9tat mexicain du Chiapas, ont appel\u00e9 \u00e0 l&rsquo;aide les organisations de d\u00e9fense des droits humains qui les ont soutenus Continuer la lecture\" \/>\n<meta property=\"og:url\" content=\"https:\/\/bale.ch\/journal\/50-personnes-sont-portees-disparues-a-amatan-village-mexicain-du-chiapas\/\" \/>\n<meta property=\"og:site_name\" content=\"Journal de B\u00e2le et Gen\u00e8ve\" \/>\n<meta property=\"article:published_time\" content=\"2019-01-18T02:43:14+00:00\" \/>\n<meta property=\"article:modified_time\" content=\"2026-09-01T19:06:32+00:00\" \/>\n<meta property=\"og:image\" content=\"https:\/\/bale.ch\/journal\/wp-content\/uploads\/2019\/01\/amatan_chiapas_gobierno.jpg\" \/>\n\t<meta property=\"og:image:width\" content=\"830\" \/>\n\t<meta property=\"og:image:height\" content=\"446\" \/>\n\t<meta property=\"og:image:type\" content=\"image\/jpeg\" \/>\n<meta name=\"author\" content=\"La R\u00e9daction\" \/>\n<meta name=\"twitter:card\" content=\"summary_large_image\" \/>\n<meta name=\"twitter:label1\" content=\"\u00c9crit par\" \/>\n\t<meta name=\"twitter:data1\" content=\"La R\u00e9daction\" \/>\n\t<meta name=\"twitter:label2\" content=\"Dur\u00e9e de lecture estim\u00e9e\" \/>\n\t<meta name=\"twitter:data2\" content=\"3 minutes\" \/>\n<script type=\"application\/ld+json\" class=\"yoast-schema-graph\">{\"@context\":\"https:\\\/\\\/schema.org\",\"@graph\":[{\"@type\":\"Article\",\"@id\":\"https:\\\/\\\/bale.ch\\\/journal\\\/50-personnes-sont-portees-disparues-a-amatan-village-mexicain-du-chiapas\\\/#article\",\"isPartOf\":{\"@id\":\"https:\\\/\\\/bale.ch\\\/journal\\\/50-personnes-sont-portees-disparues-a-amatan-village-mexicain-du-chiapas\\\/\"},\"author\":{\"name\":\"La R\u00e9daction\",\"@id\":\"https:\\\/\\\/bale.ch\\\/journal\\\/#\\\/schema\\\/person\\\/03ced978db3b7a5274c5cef003f352f5\"},\"headline\":\"50 personnes sont port\u00e9es disparues \u00e0 Amat\u00e1n, village mexicain du Chiapas, suite \u00e0 une attaque paramilitaire\",\"datePublished\":\"2019-01-18T02:43:14+00:00\",\"dateModified\":\"2026-09-01T19:06:32+00:00\",\"mainEntityOfPage\":{\"@id\":\"https:\\\/\\\/bale.ch\\\/journal\\\/50-personnes-sont-portees-disparues-a-amatan-village-mexicain-du-chiapas\\\/\"},\"wordCount\":487,\"publisher\":{\"@id\":\"https:\\\/\\\/bale.ch\\\/journal\\\/#organization\"},\"image\":{\"@id\":\"https:\\\/\\\/bale.ch\\\/journal\\\/50-personnes-sont-portees-disparues-a-amatan-village-mexicain-du-chiapas\\\/#primaryimage\"},\"thumbnailUrl\":\"https:\\\/\\\/bale.ch\\\/journal\\\/wp-content\\\/uploads\\\/2019\\\/01\\\/amatan_chiapas_gobierno.jpg\",\"keywords\":[\"Amat\u00e1n\",\"Chiapas\",\"Droits humains\",\"Mexique\"],\"articleSection\":[\"Abya Yala \\\/ Am\u00e9riques\",\"Actualit\u00e9s\",\"Monde\"],\"inLanguage\":\"fr-FR\"},{\"@type\":\"WebPage\",\"@id\":\"https:\\\/\\\/bale.ch\\\/journal\\\/50-personnes-sont-portees-disparues-a-amatan-village-mexicain-du-chiapas\\\/\",\"url\":\"https:\\\/\\\/bale.ch\\\/journal\\\/50-personnes-sont-portees-disparues-a-amatan-village-mexicain-du-chiapas\\\/\",\"name\":\"50 personnes sont port\u00e9es disparues \u00e0 Amat\u00e1n, village mexicain du Chiapas, suite \u00e0 une attaque paramilitaire - Journal de B\u00e2le et Gen\u00e8ve\",\"isPartOf\":{\"@id\":\"https:\\\/\\\/bale.ch\\\/journal\\\/#website\"},\"primaryImageOfPage\":{\"@id\":\"https:\\\/\\\/bale.ch\\\/journal\\\/50-personnes-sont-portees-disparues-a-amatan-village-mexicain-du-chiapas\\\/#primaryimage\"},\"image\":{\"@id\":\"https:\\\/\\\/bale.ch\\\/journal\\\/50-personnes-sont-portees-disparues-a-amatan-village-mexicain-du-chiapas\\\/#primaryimage\"},\"thumbnailUrl\":\"https:\\\/\\\/bale.ch\\\/journal\\\/wp-content\\\/uploads\\\/2019\\\/01\\\/amatan_chiapas_gobierno.jpg\",\"datePublished\":\"2019-01-18T02:43:14+00:00\",\"dateModified\":\"2026-09-01T19:06:32+00:00\",\"breadcrumb\":{\"@id\":\"https:\\\/\\\/bale.ch\\\/journal\\\/50-personnes-sont-portees-disparues-a-amatan-village-mexicain-du-chiapas\\\/#breadcrumb\"},\"inLanguage\":\"fr-FR\",\"potentialAction\":[{\"@type\":\"ReadAction\",\"target\":[\"https:\\\/\\\/bale.ch\\\/journal\\\/50-personnes-sont-portees-disparues-a-amatan-village-mexicain-du-chiapas\\\/\"]}]},{\"@type\":\"ImageObject\",\"inLanguage\":\"fr-FR\",\"@id\":\"https:\\\/\\\/bale.ch\\\/journal\\\/50-personnes-sont-portees-disparues-a-amatan-village-mexicain-du-chiapas\\\/#primaryimage\",\"url\":\"https:\\\/\\\/bale.ch\\\/journal\\\/wp-content\\\/uploads\\\/2019\\\/01\\\/amatan_chiapas_gobierno.jpg\",\"contentUrl\":\"https:\\\/\\\/bale.ch\\\/journal\\\/wp-content\\\/uploads\\\/2019\\\/01\\\/amatan_chiapas_gobierno.jpg\",\"width\":830,\"height\":446},{\"@type\":\"BreadcrumbList\",\"@id\":\"https:\\\/\\\/bale.ch\\\/journal\\\/50-personnes-sont-portees-disparues-a-amatan-village-mexicain-du-chiapas\\\/#breadcrumb\",\"itemListElement\":[{\"@type\":\"ListItem\",\"position\":1,\"name\":\"Accueil\",\"item\":\"https:\\\/\\\/bale.ch\\\/journal\\\/\"},{\"@type\":\"ListItem\",\"position\":2,\"name\":\"50 personnes sont port\u00e9es disparues \u00e0 Amat\u00e1n, village mexicain du Chiapas, suite \u00e0 une attaque paramilitaire\"}]},{\"@type\":\"WebSite\",\"@id\":\"https:\\\/\\\/bale.ch\\\/journal\\\/#website\",\"url\":\"https:\\\/\\\/bale.ch\\\/journal\\\/\",\"name\":\"Journal de B\u00e2le et Gen\u00e8ve\",\"description\":\"M\u00e9dia transfrontalier d&#039;actualit\u00e9s - News\",\"publisher\":{\"@id\":\"https:\\\/\\\/bale.ch\\\/journal\\\/#organization\"},\"potentialAction\":[{\"@type\":\"SearchAction\",\"target\":{\"@type\":\"EntryPoint\",\"urlTemplate\":\"https:\\\/\\\/bale.ch\\\/journal\\\/?s={search_term_string}\"},\"query-input\":{\"@type\":\"PropertyValueSpecification\",\"valueRequired\":true,\"valueName\":\"search_term_string\"}}],\"inLanguage\":\"fr-FR\"},{\"@type\":\"Organization\",\"@id\":\"https:\\\/\\\/bale.ch\\\/journal\\\/#organization\",\"name\":\"Journal de B\u00e2le et Gen\u00e8ve\",\"url\":\"https:\\\/\\\/bale.ch\\\/journal\\\/\",\"logo\":{\"@type\":\"ImageObject\",\"inLanguage\":\"fr-FR\",\"@id\":\"https:\\\/\\\/bale.ch\\\/journal\\\/#\\\/schema\\\/logo\\\/image\\\/\",\"url\":\"https:\\\/\\\/bale.ch\\\/journal\\\/wp-content\\\/uploads\\\/2023\\\/07\\\/journaldebale_logo_2023_nb.png\",\"contentUrl\":\"https:\\\/\\\/bale.ch\\\/journal\\\/wp-content\\\/uploads\\\/2023\\\/07\\\/journaldebale_logo_2023_nb.png\",\"width\":371,\"height\":127,\"caption\":\"Journal de B\u00e2le et Gen\u00e8ve\"},\"image\":{\"@id\":\"https:\\\/\\\/bale.ch\\\/journal\\\/#\\\/schema\\\/logo\\\/image\\\/\"}},{\"@type\":\"Person\",\"@id\":\"https:\\\/\\\/bale.ch\\\/journal\\\/#\\\/schema\\\/person\\\/03ced978db3b7a5274c5cef003f352f5\",\"name\":\"La R\u00e9daction\",\"image\":{\"@type\":\"ImageObject\",\"inLanguage\":\"fr-FR\",\"@id\":\"https:\\\/\\\/secure.gravatar.com\\\/avatar\\\/d1327e2ce8d2b860112f968a3f34686c9bdda7a463a1502cdd1070ac9d88cf1e?s=96&d=mm&r=g\",\"url\":\"https:\\\/\\\/secure.gravatar.com\\\/avatar\\\/d1327e2ce8d2b860112f968a3f34686c9bdda7a463a1502cdd1070ac9d88cf1e?s=96&d=mm&r=g\",\"contentUrl\":\"https:\\\/\\\/secure.gravatar.com\\\/avatar\\\/d1327e2ce8d2b860112f968a3f34686c9bdda7a463a1502cdd1070ac9d88cf1e?s=96&d=mm&r=g\",\"caption\":\"La R\u00e9daction\"},\"url\":\"https:\\\/\\\/bale.ch\\\/journal\\\/author\\\/laredaction\\\/\"}]}<\/script>\n<!-- \/ Yoast SEO plugin. -->","yoast_head_json":{"title":"50 personnes sont port\u00e9es disparues \u00e0 Amat\u00e1n, village mexicain du Chiapas, suite \u00e0 une attaque paramilitaire - Journal de B\u00e2le et Gen\u00e8ve","robots":{"index":"index","follow":"follow","max-snippet":"max-snippet:-1","max-image-preview":"max-image-preview:large","max-video-preview":"max-video-preview:-1"},"canonical":"https:\/\/bale.ch\/journal\/50-personnes-sont-portees-disparues-a-amatan-village-mexicain-du-chiapas\/","og_locale":"fr_FR","og_type":"article","og_title":"50 personnes sont port\u00e9es disparues \u00e0 Amat\u00e1n, village mexicain du Chiapas, suite \u00e0 une attaque paramilitaire - Journal de B\u00e2le et Gen\u00e8ve","og_description":"Ce jeudi \u00e0 l&rsquo;aube, les habitants de la commune d&rsquo;Amat\u00e1n, dans l&rsquo;\u00c9tat mexicain du Chiapas, ont appel\u00e9 \u00e0 l&rsquo;aide les organisations de d\u00e9fense des droits humains qui les ont soutenus Continuer la lecture","og_url":"https:\/\/bale.ch\/journal\/50-personnes-sont-portees-disparues-a-amatan-village-mexicain-du-chiapas\/","og_site_name":"Journal de B\u00e2le et Gen\u00e8ve","article_published_time":"2019-01-18T02:43:14+00:00","article_modified_time":"2026-09-01T19:06:32+00:00","og_image":[{"width":830,"height":446,"url":"https:\/\/bale.ch\/journal\/wp-content\/uploads\/2019\/01\/amatan_chiapas_gobierno.jpg","type":"image\/jpeg"}],"author":"La R\u00e9daction","twitter_card":"summary_large_image","twitter_misc":{"\u00c9crit par":"La R\u00e9daction","Dur\u00e9e de lecture estim\u00e9e":"3 minutes"},"schema":{"@context":"https:\/\/schema.org","@graph":[{"@type":"Article","@id":"https:\/\/bale.ch\/journal\/50-personnes-sont-portees-disparues-a-amatan-village-mexicain-du-chiapas\/#article","isPartOf":{"@id":"https:\/\/bale.ch\/journal\/50-personnes-sont-portees-disparues-a-amatan-village-mexicain-du-chiapas\/"},"author":{"name":"La R\u00e9daction","@id":"https:\/\/bale.ch\/journal\/#\/schema\/person\/03ced978db3b7a5274c5cef003f352f5"},"headline":"50 personnes sont port\u00e9es disparues \u00e0 Amat\u00e1n, village mexicain du Chiapas, suite \u00e0 une attaque paramilitaire","datePublished":"2019-01-18T02:43:14+00:00","dateModified":"2026-09-01T19:06:32+00:00","mainEntityOfPage":{"@id":"https:\/\/bale.ch\/journal\/50-personnes-sont-portees-disparues-a-amatan-village-mexicain-du-chiapas\/"},"wordCount":487,"publisher":{"@id":"https:\/\/bale.ch\/journal\/#organization"},"image":{"@id":"https:\/\/bale.ch\/journal\/50-personnes-sont-portees-disparues-a-amatan-village-mexicain-du-chiapas\/#primaryimage"},"thumbnailUrl":"https:\/\/bale.ch\/journal\/wp-content\/uploads\/2019\/01\/amatan_chiapas_gobierno.jpg","keywords":["Amat\u00e1n","Chiapas","Droits humains","Mexique"],"articleSection":["Abya Yala \/ Am\u00e9riques","Actualit\u00e9s","Monde"],"inLanguage":"fr-FR"},{"@type":"WebPage","@id":"https:\/\/bale.ch\/journal\/50-personnes-sont-portees-disparues-a-amatan-village-mexicain-du-chiapas\/","url":"https:\/\/bale.ch\/journal\/50-personnes-sont-portees-disparues-a-amatan-village-mexicain-du-chiapas\/","name":"50 personnes sont port\u00e9es disparues \u00e0 Amat\u00e1n, village mexicain du Chiapas, suite \u00e0 une attaque paramilitaire - Journal de B\u00e2le et Gen\u00e8ve","isPartOf":{"@id":"https:\/\/bale.ch\/journal\/#website"},"primaryImageOfPage":{"@id":"https:\/\/bale.ch\/journal\/50-personnes-sont-portees-disparues-a-amatan-village-mexicain-du-chiapas\/#primaryimage"},"image":{"@id":"https:\/\/bale.ch\/journal\/50-personnes-sont-portees-disparues-a-amatan-village-mexicain-du-chiapas\/#primaryimage"},"thumbnailUrl":"https:\/\/bale.ch\/journal\/wp-content\/uploads\/2019\/01\/amatan_chiapas_gobierno.jpg","datePublished":"2019-01-18T02:43:14+00:00","dateModified":"2026-09-01T19:06:32+00:00","breadcrumb":{"@id":"https:\/\/bale.ch\/journal\/50-personnes-sont-portees-disparues-a-amatan-village-mexicain-du-chiapas\/#breadcrumb"},"inLanguage":"fr-FR","potentialAction":[{"@type":"ReadAction","target":["https:\/\/bale.ch\/journal\/50-personnes-sont-portees-disparues-a-amatan-village-mexicain-du-chiapas\/"]}]},{"@type":"ImageObject","inLanguage":"fr-FR","@id":"https:\/\/bale.ch\/journal\/50-personnes-sont-portees-disparues-a-amatan-village-mexicain-du-chiapas\/#primaryimage","url":"https:\/\/bale.ch\/journal\/wp-content\/uploads\/2019\/01\/amatan_chiapas_gobierno.jpg","contentUrl":"https:\/\/bale.ch\/journal\/wp-content\/uploads\/2019\/01\/amatan_chiapas_gobierno.jpg","width":830,"height":446},{"@type":"BreadcrumbList","@id":"https:\/\/bale.ch\/journal\/50-personnes-sont-portees-disparues-a-amatan-village-mexicain-du-chiapas\/#breadcrumb","itemListElement":[{"@type":"ListItem","position":1,"name":"Accueil","item":"https:\/\/bale.ch\/journal\/"},{"@type":"ListItem","position":2,"name":"50 personnes sont port\u00e9es disparues \u00e0 Amat\u00e1n, village mexicain du Chiapas, suite \u00e0 une attaque paramilitaire"}]},{"@type":"WebSite","@id":"https:\/\/bale.ch\/journal\/#website","url":"https:\/\/bale.ch\/journal\/","name":"Journal de B\u00e2le et Gen\u00e8ve","description":"M\u00e9dia transfrontalier d&#039;actualit\u00e9s - News","publisher":{"@id":"https:\/\/bale.ch\/journal\/#organization"},"potentialAction":[{"@type":"SearchAction","target":{"@type":"EntryPoint","urlTemplate":"https:\/\/bale.ch\/journal\/?s={search_term_string}"},"query-input":{"@type":"PropertyValueSpecification","valueRequired":true,"valueName":"search_term_string"}}],"inLanguage":"fr-FR"},{"@type":"Organization","@id":"https:\/\/bale.ch\/journal\/#organization","name":"Journal de B\u00e2le et Gen\u00e8ve","url":"https:\/\/bale.ch\/journal\/","logo":{"@type":"ImageObject","inLanguage":"fr-FR","@id":"https:\/\/bale.ch\/journal\/#\/schema\/logo\/image\/","url":"https:\/\/bale.ch\/journal\/wp-content\/uploads\/2023\/07\/journaldebale_logo_2023_nb.png","contentUrl":"https:\/\/bale.ch\/journal\/wp-content\/uploads\/2023\/07\/journaldebale_logo_2023_nb.png","width":371,"height":127,"caption":"Journal de B\u00e2le et Gen\u00e8ve"},"image":{"@id":"https:\/\/bale.ch\/journal\/#\/schema\/logo\/image\/"}},{"@type":"Person","@id":"https:\/\/bale.ch\/journal\/#\/schema\/person\/03ced978db3b7a5274c5cef003f352f5","name":"La R\u00e9daction","image":{"@type":"ImageObject","inLanguage":"fr-FR","@id":"https:\/\/secure.gravatar.com\/avatar\/d1327e2ce8d2b860112f968a3f34686c9bdda7a463a1502cdd1070ac9d88cf1e?s=96&d=mm&r=g","url":"https:\/\/secure.gravatar.com\/avatar\/d1327e2ce8d2b860112f968a3f34686c9bdda7a463a1502cdd1070ac9d88cf1e?s=96&d=mm&r=g","contentUrl":"https:\/\/secure.gravatar.com\/avatar\/d1327e2ce8d2b860112f968a3f34686c9bdda7a463a1502cdd1070ac9d88cf1e?s=96&d=mm&r=g","caption":"La R\u00e9daction"},"url":"https:\/\/bale.ch\/journal\/author\/laredaction\/"}]}},"_links":{"self":[{"href":"https:\/\/bale.ch\/journal\/wp-json\/wp\/v2\/posts\/1847","targetHints":{"allow":["GET"]}}],"collection":[{"href":"https:\/\/bale.ch\/journal\/wp-json\/wp\/v2\/posts"}],"about":[{"href":"https:\/\/bale.ch\/journal\/wp-json\/wp\/v2\/types\/post"}],"author":[{"embeddable":true,"href":"https:\/\/bale.ch\/journal\/wp-json\/wp\/v2\/users\/2"}],"replies":[{"embeddable":true,"href":"https:\/\/bale.ch\/journal\/wp-json\/wp\/v2\/comments?post=1847"}],"version-history":[{"count":26,"href":"https:\/\/bale.ch\/journal\/wp-json\/wp\/v2\/posts\/1847\/revisions"}],"predecessor-version":[{"id":2004,"href":"https:\/\/bale.ch\/journal\/wp-json\/wp\/v2\/posts\/1847\/revisions\/2004"}],"wp:featuredmedia":[{"embeddable":true,"href":"https:\/\/bale.ch\/journal\/wp-json\/wp\/v2\/media\/1859"}],"wp:attachment":[{"href":"https:\/\/bale.ch\/journal\/wp-json\/wp\/v2\/media?parent=1847"}],"wp:term":[{"taxonomy":"category","embeddable":true,"href":"https:\/\/bale.ch\/journal\/wp-json\/wp\/v2\/categories?post=1847"},{"taxonomy":"post_tag","embeddable":true,"href":"https:\/\/bale.ch\/journal\/wp-json\/wp\/v2\/tags?post=1847"}],"curies":[{"name":"wp","href":"https:\/\/api.w.org\/{rel}","templated":true}]}}