{"id":1909,"date":"2019-01-20T02:20:48","date_gmt":"2019-01-20T02:20:48","guid":{"rendered":"http:\/\/bale.ch\/journal\/?p=1909"},"modified":"2019-01-20T02:27:10","modified_gmt":"2019-01-20T02:27:10","slug":"des-courts-metrages-pour-la-transmission-des-petites-exploitations-agricoles","status":"publish","type":"post","link":"https:\/\/bale.ch\/journal\/des-courts-metrages-pour-la-transmission-des-petites-exploitations-agricoles\/","title":{"rendered":"Monde paysan: des courts-m\u00e9trages pour la transmission des petites exploitations agricoles"},"content":{"rendered":"<p><strong>L\u2019Association des petits paysans lance une s\u00e9rie de cinq courts-m\u00e9trages le titre \u00abOser le changement de g\u00e9n\u00e9ration en agriculture\u00bb sur la transmission de ferme hors cadre familial. Deux films montrent des transmissions d\u2019exploitations r\u00e9ussies et trois autres brossent le portrait de jeunes \u00e0 la recherche d\u2019une ferme.<\/strong><\/p>\n<p><!--more--><\/p>\n<p>Que racontent les gens qui ont v\u00e9cu une transmission extra-familiale? Quels ont \u00e9t\u00e9 les d\u00e9fis auxquels ils ont \u00e9t\u00e9 confront\u00e9s ? Avec quelles motivations des jeunes gens recherchent-ils une ferme de nos jours? La s\u00e9rie de courts-m\u00e9trages invite le spectateur \u00e0 plonger dans les diff\u00e9rentes histoires et encourage les exploitants \u00e0 oser le changement de g\u00e9n\u00e9ration au sein de l\u2019agriculture.<\/p>\n<p>Les films de la r\u00e9alisatrice Antonia Meile sont sous-titr\u00e9 en fran\u00e7ais, en allemand et en italien et refl\u00e8te non seulement la richesse linguistique mais \u00e9galement la richesse g\u00e9ographique de la Suisse. Ils ont tourn\u00e9s au Tessin, dans l\u2019Oberland zurichois, dans l\u2019Entlebuch (canton de Lucerne), dans le Jura bernois et \u00e0 Berne.<\/p><div id=\"crieu-4019320025\" class=\"crieu-content crieu-entity-placement\"><script async src=\"\/\/pagead2.googlesyndication.com\/pagead\/js\/adsbygoogle.js?client=ca-pub-5271584769416742\" crossorigin=\"anonymous\"><\/script><ins class=\"adsbygoogle\" style=\"display:block;\" data-ad-client=\"ca-pub-5271584769416742\" \ndata-ad-slot=\"9321250718\" \ndata-ad-format=\"auto\"><\/ins>\n<script> \n(adsbygoogle = window.adsbygoogle || []).push({}); \n<\/script>\n<\/div>\n<p>La s\u00e9rie de courts-m\u00e9trages peut \u00eatre visionn\u00e9s sur :\u00a0<strong><a href=\"http:\/\/www.petitspaysans.ch\/films\">www.petitspaysans.ch\/film<\/a><\/strong><\/p>\n<div id=\"crieu-2230436945\" class=\"crieu-apres-le-contenu crieu-entity-placement\" style=\"margin-left: auto;margin-right: auto;text-align: center;\"><script async src=\"\/\/pagead2.googlesyndication.com\/pagead\/js\/adsbygoogle.js?client=ca-pub-5271584769416742\" crossorigin=\"anonymous\"><\/script><ins class=\"adsbygoogle\" style=\"display:block;\" data-ad-client=\"ca-pub-5271584769416742\" \ndata-ad-slot=\"9321250718\" \ndata-ad-format=\"auto\"><\/ins>\n<script> \n(adsbygoogle = window.adsbygoogle || []).push({}); \n<\/script>\n<\/div>","protected":false},"excerpt":{"rendered":"<p>L\u2019Association des petits paysans lance une s\u00e9rie de cinq courts-m\u00e9trages le titre \u00abOser le changement de g\u00e9n\u00e9ration en agriculture\u00bb sur la transmission de ferme hors cadre familial. Deux films montrent <a href=\"https:\/\/bale.ch\/journal\/des-courts-metrages-pour-la-transmission-des-petites-exploitations-agricoles\/\" class=\"read-more button-fancy -red\"><span class=\"btn-arrow\"><\/span><span class=\"twp-read-more text\">Continuer la lecture<\/span><\/a><\/p>\n","protected":false},"author":2,"featured_media":1910,"comment_status":"closed","ping_status":"closed","sticky":false,"template":"","format":"standard","meta":{"footnotes":""},"categories":[103,12,8],"tags":[133,132],"class_list":["post-1909","post","type-post","status-publish","format-standard","has-post-thumbnail","hentry","category-actu","category-societe","category-suisse","tag-films","tag-petits-paysans"],"yoast_head":"<!-- This site is optimized with the Yoast SEO plugin v28.3 - https:\/\/yoast.com\/product\/yoast-seo-wordpress\/ -->\n<title>Monde paysan: des courts-m\u00e9trages pour la transmission des petites exploitations agricoles - Journal de B\u00e2le et Gen\u00e8ve<\/title>\n<meta name=\"robots\" content=\"index, follow, max-snippet:-1, max-image-preview:large, max-video-preview:-1\" \/>\n<link rel=\"canonical\" href=\"https:\/\/bale.ch\/journal\/des-courts-metrages-pour-la-transmission-des-petites-exploitations-agricoles\/\" \/>\n<meta property=\"og:locale\" content=\"fr_FR\" \/>\n<meta property=\"og:type\" content=\"article\" \/>\n<meta property=\"og:title\" content=\"Monde paysan: des courts-m\u00e9trages pour la transmission des petites exploitations agricoles - Journal de B\u00e2le et Gen\u00e8ve\" \/>\n<meta property=\"og:description\" content=\"L\u2019Association des petits paysans lance une s\u00e9rie de cinq courts-m\u00e9trages le titre \u00abOser le changement de g\u00e9n\u00e9ration en agriculture\u00bb sur la transmission de ferme hors cadre familial. Deux films montrent Continuer la lecture\" \/>\n<meta property=\"og:url\" content=\"https:\/\/bale.ch\/journal\/des-courts-metrages-pour-la-transmission-des-petites-exploitations-agricoles\/\" \/>\n<meta property=\"og:site_name\" content=\"Journal de B\u00e2le et Gen\u00e8ve\" \/>\n<meta property=\"article:published_time\" content=\"2019-01-20T02:20:48+00:00\" \/>\n<meta property=\"article:modified_time\" content=\"2019-01-20T02:27:10+00:00\" \/>\n<meta property=\"og:image\" content=\"https:\/\/bale.ch\/journal\/wp-content\/uploads\/2019\/01\/petitspaysans.jpg\" \/>\n\t<meta property=\"og:image:width\" content=\"830\" \/>\n\t<meta property=\"og:image:height\" content=\"446\" \/>\n\t<meta property=\"og:image:type\" content=\"image\/jpeg\" \/>\n<meta name=\"author\" content=\"La R\u00e9daction\" \/>\n<meta name=\"twitter:card\" content=\"summary_large_image\" \/>\n<meta name=\"twitter:label1\" content=\"\u00c9crit par\" \/>\n\t<meta name=\"twitter:data1\" content=\"La R\u00e9daction\" \/>\n\t<meta name=\"twitter:label2\" content=\"Dur\u00e9e de lecture estim\u00e9e\" \/>\n\t<meta name=\"twitter:data2\" content=\"1 minute\" \/>\n<script type=\"application\/ld+json\" class=\"yoast-schema-graph\">{\"@context\":\"https:\\\/\\\/schema.org\",\"@graph\":[{\"@type\":\"Article\",\"@id\":\"https:\\\/\\\/bale.ch\\\/journal\\\/des-courts-metrages-pour-la-transmission-des-petites-exploitations-agricoles\\\/#article\",\"isPartOf\":{\"@id\":\"https:\\\/\\\/bale.ch\\\/journal\\\/des-courts-metrages-pour-la-transmission-des-petites-exploitations-agricoles\\\/\"},\"author\":{\"name\":\"La R\u00e9daction\",\"@id\":\"https:\\\/\\\/bale.ch\\\/journal\\\/#\\\/schema\\\/person\\\/03ced978db3b7a5274c5cef003f352f5\"},\"headline\":\"Monde paysan: des courts-m\u00e9trages pour la transmission des petites exploitations agricoles\",\"datePublished\":\"2019-01-20T02:20:48+00:00\",\"dateModified\":\"2019-01-20T02:27:10+00:00\",\"mainEntityOfPage\":{\"@id\":\"https:\\\/\\\/bale.ch\\\/journal\\\/des-courts-metrages-pour-la-transmission-des-petites-exploitations-agricoles\\\/\"},\"wordCount\":204,\"publisher\":{\"@id\":\"https:\\\/\\\/bale.ch\\\/journal\\\/#organization\"},\"image\":{\"@id\":\"https:\\\/\\\/bale.ch\\\/journal\\\/des-courts-metrages-pour-la-transmission-des-petites-exploitations-agricoles\\\/#primaryimage\"},\"thumbnailUrl\":\"https:\\\/\\\/bale.ch\\\/journal\\\/wp-content\\\/uploads\\\/2019\\\/01\\\/petitspaysans.jpg\",\"keywords\":[\"Films\",\"Petits Paysans\"],\"articleSection\":[\"Actualit\u00e9s\",\"Soci\u00e9t\u00e9\",\"Suisse\"],\"inLanguage\":\"fr-FR\"},{\"@type\":\"WebPage\",\"@id\":\"https:\\\/\\\/bale.ch\\\/journal\\\/des-courts-metrages-pour-la-transmission-des-petites-exploitations-agricoles\\\/\",\"url\":\"https:\\\/\\\/bale.ch\\\/journal\\\/des-courts-metrages-pour-la-transmission-des-petites-exploitations-agricoles\\\/\",\"name\":\"Monde paysan: des courts-m\u00e9trages pour la transmission des petites exploitations agricoles - Journal de B\u00e2le et Gen\u00e8ve\",\"isPartOf\":{\"@id\":\"https:\\\/\\\/bale.ch\\\/journal\\\/#website\"},\"primaryImageOfPage\":{\"@id\":\"https:\\\/\\\/bale.ch\\\/journal\\\/des-courts-metrages-pour-la-transmission-des-petites-exploitations-agricoles\\\/#primaryimage\"},\"image\":{\"@id\":\"https:\\\/\\\/bale.ch\\\/journal\\\/des-courts-metrages-pour-la-transmission-des-petites-exploitations-agricoles\\\/#primaryimage\"},\"thumbnailUrl\":\"https:\\\/\\\/bale.ch\\\/journal\\\/wp-content\\\/uploads\\\/2019\\\/01\\\/petitspaysans.jpg\",\"datePublished\":\"2019-01-20T02:20:48+00:00\",\"dateModified\":\"2019-01-20T02:27:10+00:00\",\"breadcrumb\":{\"@id\":\"https:\\\/\\\/bale.ch\\\/journal\\\/des-courts-metrages-pour-la-transmission-des-petites-exploitations-agricoles\\\/#breadcrumb\"},\"inLanguage\":\"fr-FR\",\"potentialAction\":[{\"@type\":\"ReadAction\",\"target\":[\"https:\\\/\\\/bale.ch\\\/journal\\\/des-courts-metrages-pour-la-transmission-des-petites-exploitations-agricoles\\\/\"]}]},{\"@type\":\"ImageObject\",\"inLanguage\":\"fr-FR\",\"@id\":\"https:\\\/\\\/bale.ch\\\/journal\\\/des-courts-metrages-pour-la-transmission-des-petites-exploitations-agricoles\\\/#primaryimage\",\"url\":\"https:\\\/\\\/bale.ch\\\/journal\\\/wp-content\\\/uploads\\\/2019\\\/01\\\/petitspaysans.jpg\",\"contentUrl\":\"https:\\\/\\\/bale.ch\\\/journal\\\/wp-content\\\/uploads\\\/2019\\\/01\\\/petitspaysans.jpg\",\"width\":830,\"height\":446},{\"@type\":\"BreadcrumbList\",\"@id\":\"https:\\\/\\\/bale.ch\\\/journal\\\/des-courts-metrages-pour-la-transmission-des-petites-exploitations-agricoles\\\/#breadcrumb\",\"itemListElement\":[{\"@type\":\"ListItem\",\"position\":1,\"name\":\"Accueil\",\"item\":\"https:\\\/\\\/bale.ch\\\/journal\\\/\"},{\"@type\":\"ListItem\",\"position\":2,\"name\":\"Monde paysan: des courts-m\u00e9trages pour la transmission des petites exploitations agricoles\"}]},{\"@type\":\"WebSite\",\"@id\":\"https:\\\/\\\/bale.ch\\\/journal\\\/#website\",\"url\":\"https:\\\/\\\/bale.ch\\\/journal\\\/\",\"name\":\"Journal de B\u00e2le et Gen\u00e8ve\",\"description\":\"M\u00e9dia transfrontalier d&#039;actualit\u00e9s - News\",\"publisher\":{\"@id\":\"https:\\\/\\\/bale.ch\\\/journal\\\/#organization\"},\"potentialAction\":[{\"@type\":\"SearchAction\",\"target\":{\"@type\":\"EntryPoint\",\"urlTemplate\":\"https:\\\/\\\/bale.ch\\\/journal\\\/?s={search_term_string}\"},\"query-input\":{\"@type\":\"PropertyValueSpecification\",\"valueRequired\":true,\"valueName\":\"search_term_string\"}}],\"inLanguage\":\"fr-FR\"},{\"@type\":\"Organization\",\"@id\":\"https:\\\/\\\/bale.ch\\\/journal\\\/#organization\",\"name\":\"Journal de B\u00e2le et Gen\u00e8ve\",\"url\":\"https:\\\/\\\/bale.ch\\\/journal\\\/\",\"logo\":{\"@type\":\"ImageObject\",\"inLanguage\":\"fr-FR\",\"@id\":\"https:\\\/\\\/bale.ch\\\/journal\\\/#\\\/schema\\\/logo\\\/image\\\/\",\"url\":\"https:\\\/\\\/bale.ch\\\/journal\\\/wp-content\\\/uploads\\\/2023\\\/07\\\/journaldebale_logo_2023_nb.png\",\"contentUrl\":\"https:\\\/\\\/bale.ch\\\/journal\\\/wp-content\\\/uploads\\\/2023\\\/07\\\/journaldebale_logo_2023_nb.png\",\"width\":371,\"height\":127,\"caption\":\"Journal de B\u00e2le et Gen\u00e8ve\"},\"image\":{\"@id\":\"https:\\\/\\\/bale.ch\\\/journal\\\/#\\\/schema\\\/logo\\\/image\\\/\"}},{\"@type\":\"Person\",\"@id\":\"https:\\\/\\\/bale.ch\\\/journal\\\/#\\\/schema\\\/person\\\/03ced978db3b7a5274c5cef003f352f5\",\"name\":\"La R\u00e9daction\",\"image\":{\"@type\":\"ImageObject\",\"inLanguage\":\"fr-FR\",\"@id\":\"https:\\\/\\\/secure.gravatar.com\\\/avatar\\\/d1327e2ce8d2b860112f968a3f34686c9bdda7a463a1502cdd1070ac9d88cf1e?s=96&d=mm&r=g\",\"url\":\"https:\\\/\\\/secure.gravatar.com\\\/avatar\\\/d1327e2ce8d2b860112f968a3f34686c9bdda7a463a1502cdd1070ac9d88cf1e?s=96&d=mm&r=g\",\"contentUrl\":\"https:\\\/\\\/secure.gravatar.com\\\/avatar\\\/d1327e2ce8d2b860112f968a3f34686c9bdda7a463a1502cdd1070ac9d88cf1e?s=96&d=mm&r=g\",\"caption\":\"La R\u00e9daction\"},\"url\":\"https:\\\/\\\/bale.ch\\\/journal\\\/author\\\/laredaction\\\/\"}]}<\/script>\n<!-- \/ Yoast SEO plugin. -->","yoast_head_json":{"title":"Monde paysan: des courts-m\u00e9trages pour la transmission des petites exploitations agricoles - Journal de B\u00e2le et Gen\u00e8ve","robots":{"index":"index","follow":"follow","max-snippet":"max-snippet:-1","max-image-preview":"max-image-preview:large","max-video-preview":"max-video-preview:-1"},"canonical":"https:\/\/bale.ch\/journal\/des-courts-metrages-pour-la-transmission-des-petites-exploitations-agricoles\/","og_locale":"fr_FR","og_type":"article","og_title":"Monde paysan: des courts-m\u00e9trages pour la transmission des petites exploitations agricoles - Journal de B\u00e2le et Gen\u00e8ve","og_description":"L\u2019Association des petits paysans lance une s\u00e9rie de cinq courts-m\u00e9trages le titre \u00abOser le changement de g\u00e9n\u00e9ration en agriculture\u00bb sur la transmission de ferme hors cadre familial. Deux films montrent Continuer la lecture","og_url":"https:\/\/bale.ch\/journal\/des-courts-metrages-pour-la-transmission-des-petites-exploitations-agricoles\/","og_site_name":"Journal de B\u00e2le et Gen\u00e8ve","article_published_time":"2019-01-20T02:20:48+00:00","article_modified_time":"2019-01-20T02:27:10+00:00","og_image":[{"width":830,"height":446,"url":"https:\/\/bale.ch\/journal\/wp-content\/uploads\/2019\/01\/petitspaysans.jpg","type":"image\/jpeg"}],"author":"La R\u00e9daction","twitter_card":"summary_large_image","twitter_misc":{"\u00c9crit par":"La R\u00e9daction","Dur\u00e9e de lecture estim\u00e9e":"1 minute"},"schema":{"@context":"https:\/\/schema.org","@graph":[{"@type":"Article","@id":"https:\/\/bale.ch\/journal\/des-courts-metrages-pour-la-transmission-des-petites-exploitations-agricoles\/#article","isPartOf":{"@id":"https:\/\/bale.ch\/journal\/des-courts-metrages-pour-la-transmission-des-petites-exploitations-agricoles\/"},"author":{"name":"La R\u00e9daction","@id":"https:\/\/bale.ch\/journal\/#\/schema\/person\/03ced978db3b7a5274c5cef003f352f5"},"headline":"Monde paysan: des courts-m\u00e9trages pour la transmission des petites exploitations agricoles","datePublished":"2019-01-20T02:20:48+00:00","dateModified":"2019-01-20T02:27:10+00:00","mainEntityOfPage":{"@id":"https:\/\/bale.ch\/journal\/des-courts-metrages-pour-la-transmission-des-petites-exploitations-agricoles\/"},"wordCount":204,"publisher":{"@id":"https:\/\/bale.ch\/journal\/#organization"},"image":{"@id":"https:\/\/bale.ch\/journal\/des-courts-metrages-pour-la-transmission-des-petites-exploitations-agricoles\/#primaryimage"},"thumbnailUrl":"https:\/\/bale.ch\/journal\/wp-content\/uploads\/2019\/01\/petitspaysans.jpg","keywords":["Films","Petits Paysans"],"articleSection":["Actualit\u00e9s","Soci\u00e9t\u00e9","Suisse"],"inLanguage":"fr-FR"},{"@type":"WebPage","@id":"https:\/\/bale.ch\/journal\/des-courts-metrages-pour-la-transmission-des-petites-exploitations-agricoles\/","url":"https:\/\/bale.ch\/journal\/des-courts-metrages-pour-la-transmission-des-petites-exploitations-agricoles\/","name":"Monde paysan: des courts-m\u00e9trages pour la transmission des petites exploitations agricoles - Journal de B\u00e2le et Gen\u00e8ve","isPartOf":{"@id":"https:\/\/bale.ch\/journal\/#website"},"primaryImageOfPage":{"@id":"https:\/\/bale.ch\/journal\/des-courts-metrages-pour-la-transmission-des-petites-exploitations-agricoles\/#primaryimage"},"image":{"@id":"https:\/\/bale.ch\/journal\/des-courts-metrages-pour-la-transmission-des-petites-exploitations-agricoles\/#primaryimage"},"thumbnailUrl":"https:\/\/bale.ch\/journal\/wp-content\/uploads\/2019\/01\/petitspaysans.jpg","datePublished":"2019-01-20T02:20:48+00:00","dateModified":"2019-01-20T02:27:10+00:00","breadcrumb":{"@id":"https:\/\/bale.ch\/journal\/des-courts-metrages-pour-la-transmission-des-petites-exploitations-agricoles\/#breadcrumb"},"inLanguage":"fr-FR","potentialAction":[{"@type":"ReadAction","target":["https:\/\/bale.ch\/journal\/des-courts-metrages-pour-la-transmission-des-petites-exploitations-agricoles\/"]}]},{"@type":"ImageObject","inLanguage":"fr-FR","@id":"https:\/\/bale.ch\/journal\/des-courts-metrages-pour-la-transmission-des-petites-exploitations-agricoles\/#primaryimage","url":"https:\/\/bale.ch\/journal\/wp-content\/uploads\/2019\/01\/petitspaysans.jpg","contentUrl":"https:\/\/bale.ch\/journal\/wp-content\/uploads\/2019\/01\/petitspaysans.jpg","width":830,"height":446},{"@type":"BreadcrumbList","@id":"https:\/\/bale.ch\/journal\/des-courts-metrages-pour-la-transmission-des-petites-exploitations-agricoles\/#breadcrumb","itemListElement":[{"@type":"ListItem","position":1,"name":"Accueil","item":"https:\/\/bale.ch\/journal\/"},{"@type":"ListItem","position":2,"name":"Monde paysan: des courts-m\u00e9trages pour la transmission des petites exploitations agricoles"}]},{"@type":"WebSite","@id":"https:\/\/bale.ch\/journal\/#website","url":"https:\/\/bale.ch\/journal\/","name":"Journal de B\u00e2le et Gen\u00e8ve","description":"M\u00e9dia transfrontalier d&#039;actualit\u00e9s - News","publisher":{"@id":"https:\/\/bale.ch\/journal\/#organization"},"potentialAction":[{"@type":"SearchAction","target":{"@type":"EntryPoint","urlTemplate":"https:\/\/bale.ch\/journal\/?s={search_term_string}"},"query-input":{"@type":"PropertyValueSpecification","valueRequired":true,"valueName":"search_term_string"}}],"inLanguage":"fr-FR"},{"@type":"Organization","@id":"https:\/\/bale.ch\/journal\/#organization","name":"Journal de B\u00e2le et Gen\u00e8ve","url":"https:\/\/bale.ch\/journal\/","logo":{"@type":"ImageObject","inLanguage":"fr-FR","@id":"https:\/\/bale.ch\/journal\/#\/schema\/logo\/image\/","url":"https:\/\/bale.ch\/journal\/wp-content\/uploads\/2023\/07\/journaldebale_logo_2023_nb.png","contentUrl":"https:\/\/bale.ch\/journal\/wp-content\/uploads\/2023\/07\/journaldebale_logo_2023_nb.png","width":371,"height":127,"caption":"Journal de B\u00e2le et Gen\u00e8ve"},"image":{"@id":"https:\/\/bale.ch\/journal\/#\/schema\/logo\/image\/"}},{"@type":"Person","@id":"https:\/\/bale.ch\/journal\/#\/schema\/person\/03ced978db3b7a5274c5cef003f352f5","name":"La R\u00e9daction","image":{"@type":"ImageObject","inLanguage":"fr-FR","@id":"https:\/\/secure.gravatar.com\/avatar\/d1327e2ce8d2b860112f968a3f34686c9bdda7a463a1502cdd1070ac9d88cf1e?s=96&d=mm&r=g","url":"https:\/\/secure.gravatar.com\/avatar\/d1327e2ce8d2b860112f968a3f34686c9bdda7a463a1502cdd1070ac9d88cf1e?s=96&d=mm&r=g","contentUrl":"https:\/\/secure.gravatar.com\/avatar\/d1327e2ce8d2b860112f968a3f34686c9bdda7a463a1502cdd1070ac9d88cf1e?s=96&d=mm&r=g","caption":"La R\u00e9daction"},"url":"https:\/\/bale.ch\/journal\/author\/laredaction\/"}]}},"_links":{"self":[{"href":"https:\/\/bale.ch\/journal\/wp-json\/wp\/v2\/posts\/1909","targetHints":{"allow":["GET"]}}],"collection":[{"href":"https:\/\/bale.ch\/journal\/wp-json\/wp\/v2\/posts"}],"about":[{"href":"https:\/\/bale.ch\/journal\/wp-json\/wp\/v2\/types\/post"}],"author":[{"embeddable":true,"href":"https:\/\/bale.ch\/journal\/wp-json\/wp\/v2\/users\/2"}],"replies":[{"embeddable":true,"href":"https:\/\/bale.ch\/journal\/wp-json\/wp\/v2\/comments?post=1909"}],"version-history":[{"count":5,"href":"https:\/\/bale.ch\/journal\/wp-json\/wp\/v2\/posts\/1909\/revisions"}],"predecessor-version":[{"id":1915,"href":"https:\/\/bale.ch\/journal\/wp-json\/wp\/v2\/posts\/1909\/revisions\/1915"}],"wp:featuredmedia":[{"embeddable":true,"href":"https:\/\/bale.ch\/journal\/wp-json\/wp\/v2\/media\/1910"}],"wp:attachment":[{"href":"https:\/\/bale.ch\/journal\/wp-json\/wp\/v2\/media?parent=1909"}],"wp:term":[{"taxonomy":"category","embeddable":true,"href":"https:\/\/bale.ch\/journal\/wp-json\/wp\/v2\/categories?post=1909"},{"taxonomy":"post_tag","embeddable":true,"href":"https:\/\/bale.ch\/journal\/wp-json\/wp\/v2\/tags?post=1909"}],"curies":[{"name":"wp","href":"https:\/\/api.w.org\/{rel}","templated":true}]}}