{"id":191,"date":"2009-11-10T18:48:49","date_gmt":"2009-11-10T18:48:49","guid":{"rendered":"http:\/\/bale.ch\/journal\/?p=191"},"modified":"2015-10-27T18:51:34","modified_gmt":"2015-10-27T18:51:34","slug":"identite-nationale","status":"publish","type":"post","link":"https:\/\/bale.ch\/journal\/identite-nationale\/","title":{"rendered":"\u00abIdentit\u00e9 nationale\u00bb?"},"content":{"rendered":"<p><strong>Le \u00abd\u00e9bat\u00bb est lanc\u00e9. \u00abPar del\u00e0 les appartenances et l&rsquo;identit\u00e9 de chacun, sur quels principes fonder la d\u00e9mocratie et la citoyennet\u00e9?\u00bb aurait certes \u00e9t\u00e9 une question plus appropri\u00e9e.<\/strong><\/p>\n<p><!--more--><\/p>\n<p>Comme dans tout syst\u00e8me centralis\u00e9 et jacobin qui se respecte, l&rsquo;initiative vient du plus haut sommet de l&rsquo;\u00c9tat, par la voix du militant socialiste national \u00c9ric Besson, ministre de l&rsquo;Immigration et de l&rsquo;Identit\u00e9 nationale, lequel se veut plus nationaliste que Jean-Pierre Chev\u00e8nement lui-m\u00eame.<\/p>\n<p>Son mod\u00e8le est Marx Dormoy, le paradoxal ministre de l&rsquo;Int\u00e9rieur du Front populaire responsable de la fusillade de Clichy (5 militants ouvriers tu\u00e9s) et du refoulement des r\u00e9fugi\u00e9s politiques clandestins (circulaire du 14 avril 1937). Qui se souvient encore des conditions dans lesquelles les r\u00e9publicains espagnols, femmes, enfants, bless\u00e9s et vieillards inclus, ont \u00e9t\u00e9 accueillis en France, entre camps de fortunes, camps d&rsquo;internement et expulsions vers les pelotons d&rsquo;ex\u00e9cution franquistes?<\/p><div id=\"crieu-998427110\" class=\"crieu-content crieu-entity-placement\"><script async src=\"\/\/pagead2.googlesyndication.com\/pagead\/js\/adsbygoogle.js?client=ca-pub-5271584769416742\" crossorigin=\"anonymous\"><\/script><ins class=\"adsbygoogle\" style=\"display:block;\" data-ad-client=\"ca-pub-5271584769416742\" \ndata-ad-slot=\"9321250718\" \ndata-ad-format=\"auto\"><\/ins>\n<script> \n(adsbygoogle = window.adsbygoogle || []).push({}); \n<\/script>\n<\/div>\n<p>Une page peu glorieuse de notre \u00abidentit\u00e9 nationale\u00bb.<\/p>\n<p>Aujourd&rsquo;hui, sous couvert de r\u00e9publicanisme, les pr\u00e9fets sont charg\u00e9s d&rsquo;encadrer un \u00abd\u00e9bat\u00bb dont les motivations \u00e9lectoralistes le disputent \u00e0 l&rsquo;inf\u00e2me (expulsion de r\u00e9fugi\u00e9s politiques afghans qui risquent la mort dans leur pays, participation d&rsquo;un contingent fran\u00e7ais \u00e0 une guerre imp\u00e9riale dans ce m\u00eame pays, obsession de la puret\u00e9 nationale*: l&rsquo;affaire de la burqa, la psychose de l&rsquo;immigration, le pathos identitaire, etc.).<\/p>\n<p>Comprenons-nous bien. Il serait assez difficile de me soup\u00e7onner de quelque r\u00e9flexe communautaire que ce soit, n&rsquo;ayant pas la \u00abchance\u00bb de faire partie de la \u00abdiversit\u00e9\u00bb (pour reprendre la novlangue orwellienne en vigueur). Ma communaut\u00e9 -enfin, celle que l&rsquo;on m&rsquo;impose \u00e0 travers un certain nombre de clich\u00e9s- est celle des citoyens fran\u00e7ais de naissance, de souche europ\u00e9enne, de culture catholique, abreuv\u00e9s d&rsquo;histoire de France depuis le biberon. Je suis par cons\u00e9quent un h\u00e9ritier et n&rsquo;ai aucun m\u00e9rite. On ne me demande rien, si ce n&rsquo;est d&rsquo;exiger de mes concitoyens n&rsquo;ayant pas tout \u00e0 fait le m\u00eame pedigree que moi qu&rsquo;ils fournissent en permanence des efforts dont j&rsquo;ai toujours \u00e9t\u00e9 exempt\u00e9.<\/p>\n<p>Il serait encore plus difficile de m&rsquo;assimiler aux activistes du \u00abmasochisme national\u00bb ou de \u00abl&rsquo;islamo-progressisme\u00bb (pour reprendre la terminologie pol\u00e9mique d&rsquo;Alain Finkielkraut). Mes parents \u00e9taient gaullistes. \u00abDe la patrie, je ne m\u00e9rite gu\u00e8re\u00bb, mais j&rsquo;ai suffisamment de connaissances historiques pour \u00e9viter de me laisser aller \u00e0 des raccourcis simplistes. J&rsquo;ai la plus grande estime pour toutes ces g\u00e9n\u00e9rations fauch\u00e9es \u00e0 l&rsquo;\u00e2ge de vingt ans, pour tous ces \u00abmorts pour rien\u00bb de nos villages, et c&rsquo;est toujours avec une \u00e9motion intense, en pensant \u00e0 mes a\u00efeux, que j&rsquo;appr\u00e9hende la \u00abGrande Guerre\u00bb. Progressiste? C&rsquo;est au nom du progr\u00e8s que l&rsquo;on a colonis\u00e9 une partie de la plan\u00e8te. C&rsquo;est \u00e9galement au nom du progr\u00e8s que l&rsquo;on d\u00e9truit en ce moment la totalit\u00e9 de la plan\u00e8te.<\/p>\n<p>Quant \u00e0 l&rsquo;islam, qui cela d\u00e9rangeait-il \u00e0 l&rsquo;\u00e9poque que nos troupes coloniales soient compos\u00e9es des sikhs et des musulmans affubl\u00e9s de leurs coiffes traditionnelles? Comme leurs fr\u00e8res d&rsquo;armes musulmans, beaucoup de paysans fran\u00e7ais \u00abde souche\u00bb sont morts sans ma\u00eetriser la langue fran\u00e7aise. Je pense \u00e0 mes a\u00efeux flamands. Oserait-on dire qu&rsquo;ils \u00e9taient de mauvais Fran\u00e7ais?<\/p>\n<p>Le g\u00e9n\u00e9ral de Gaulle affirmait ceci: \u00abLa France est chr\u00e9tienne, la R\u00e9publique est la\u00efque\u00bb. C&rsquo;est l\u00e0 tout le probl\u00e8me de la pr\u00e9tendue \u00abidentit\u00e9 nationale\u00bb.<\/p>\n<p>Pour \u00eatre un bon Fran\u00e7ais, il faut peu ou prou s&rsquo;inscrire dans la tradition catholique, m\u00eame si l&rsquo;on ne partage pas la foi chr\u00e9tienne. Nos f\u00eates, nos paysages, nos lieux de culte, nos mentalit\u00e9s sont toujours marqu\u00e9s par un mill\u00e9naire et demi de culture chr\u00e9tienne. M\u00eame les plus anticl\u00e9ricaux des r\u00e9publicains le sont sur un mode parfaitement j\u00e9suitique! Quant \u00e0 la la\u00efcit\u00e9, elle implique de rel\u00e9guer ses propres pratiques cultuelles, ses coutumes, ses convictions, dans la sph\u00e8re priv\u00e9e, intime et clandestine &#8211; et donc d&rsquo;interdire ces pratiques dans l&rsquo;espace public (pour ce faire, il faudrait d&rsquo;ailleurs raser nos \u00e9glises ou bien jeter un voile pudique dessus&#8230; \ud83d\ude09 ). Il suffit de diss\u00e9quer le contenu de cette la\u00efcit\u00e9 pour comprendre qu&rsquo;elle est de facto li\u00e9e \u00e0 une culture particuli\u00e8re (on parle m\u00eame de culture la\u00efque sans pr\u00e9ciser ce dont il s&rsquo;agit). Une religion d&rsquo;\u00c9tat, en quelque sorte, fille \u0153dipienne du catholicisme traditionnel et du d\u00e9isme philosophique.<\/p>\n<p>Ce que soul\u00e8ve \u00c9ric Besson est explosif. Il souligne toutes les contradictions du r\u00e9publicanisme \u00e0 la fran\u00e7aise. Son p\u00e9ch\u00e9 originel, en quelque sorte. Celui d&rsquo;avoir confondu d\u00e8s le d\u00e9part \u00abappartenance nationale\u00bb et citoyennet\u00e9. L&rsquo;identit\u00e9 est ce que nous avons de plus intime. La R\u00e9publique fran\u00e7aise nous avait d\u00e9j\u00e0 somm\u00e9, \u00e0 nous, \u00abFran\u00e7ais de souche\u00bb, de rel\u00e9guer ce que nous sommes, ce en quoi nous croyons, ce qui fait notre identit\u00e9, dans la sph\u00e8re de l&rsquo;intimit\u00e9. M\u00eame injonction \u00e9tatique, aujourd&rsquo;hui, aux \u00abFran\u00e7ais greff\u00e9s\u00bb, s&rsquo;ils veulent appartenir \u00e0 l&rsquo;arbre de la Nation. Il n&rsquo;y a pas de raison, chacun son tour, dirions-nous&#8230; avec une pointe de x\u00e9nophobie (est-ce que les greffes vont bien prendre? qu&rsquo;ils fassent d&rsquo;abord leurs preuves, etc.). On dira ensuite, la crise sociale aidant, \u00abAimez la France ou partez!\u00bb. Car la m\u00e9ritocratie r\u00e9publicaine n&rsquo;est qu&rsquo;un discours. La R\u00e9publique est fille de la rh\u00e9torique, ne l&rsquo;oublions pas.<\/p>\n<p>Cette confusion entre citoyennet\u00e9 (politique, civique) et nationalit\u00e9 (culturelle, ethnique), voulue par une R\u00e9publique souhaitant, hier comme aujourd&rsquo;hui, d\u00e9finir ce que nous sommes, est tout simplement totalitaire. J&rsquo;appelle totalitarisme une id\u00e9ologie unanimiste et uniformisante qui souhaite modeler le corps social en un seul bloc, selon un mod\u00e8le anthropologique pr\u00e9\u00e9tabli. D\u00e9finir l&rsquo;identit\u00e9 nationale n&rsquo;est pas seulement un aveu d&rsquo;\u00e9chec, un appauvrissement conceptuel, c&rsquo;est un danger redoutable. Les r\u00e9gimes pav\u00e9s de bonnes intentions qui ont tent\u00e9 de d\u00e9finir l&rsquo;identit\u00e9 nationale ont toujours fini par \u00e9tablir une fronti\u00e8re \u00e9tanche entre ce qui \u00e9tait assimilable et ce qui devait \u00eatre impitoyablement rejet\u00e9 du corps national, de la communaut\u00e9 du peuple (les ennemis de l&rsquo;int\u00e9rieur&#8230;). La l\u00e9gislation x\u00e9nophobe de la 3e R\u00e9publique finissante a par exemple pr\u00e9par\u00e9 la voie aux dispositifs de Vichy**.<\/p>\n<p>La r\u00e9publique \u00e9tait une tr\u00e8s belle id\u00e9e, tant qu&rsquo;elle visait \u00e0 unir sans uniformiser, tant qu&rsquo;elle respectait l&rsquo;identit\u00e9 de chaque personne et de chaque communaut\u00e9, sans autre immixtion politique que la protection des droits individuels et des faibles, tant qu&rsquo;elle f\u00e9d\u00e9rait les citoyens autour de symboles r\u00e9ellement universels. Notre identit\u00e9 nous appartient, nos appartenances multiples \u00e9galement, que les politiques nous laisse tranquilles et sereins avec cela! En tant que \u00abFran\u00e7ais de souche\u00bb, h\u00e9ritier d&rsquo;une histoire plus riche et plus complexe que cette histoire la\u00efco-r\u00e9publicaine m\u00e9prisante \u00e0 l&rsquo;\u00e9gard de ses anciennes provinces, de ses anciennes colonies, de ses minorit\u00e9s (visibles ou non), je dois dire que je ne me reconnais nullement dans un r\u00e9gime qui fait de l&rsquo;ali\u00e9nation culturelle un imp\u00e9ratif cat\u00e9gorique.<\/p>\n<p>Le pouvoir r\u00e9publicain a interdit \u00e0 mes a\u00efeux de parler leur langue maternelle, le flamand, le picard. Humili\u00e9s, nous sommes devenus des \u00abChtis\u00bb, autrement dits des animaux de cirque, des prol\u00e9taires n\u00e9cessairement sympathiques, n\u00e9s pour d\u00e9tendre les Hexagonaux mod\u00e8les. Dans \u00able Nord\u00bb, la plaie identitaire n&rsquo;est pas seulement sociale (les mines, le ch\u00f4mage, l&rsquo;alcool), elle est \u00e9galement culturelle. Le corsaire dunkerquois Jean Bart parlait flamand et connaissait fort peu le fran\u00e7ais. Il \u00e9tait la ris\u00e9e des courtisans lorsqu&rsquo;il se rendait aupr\u00e8s du souverain, \u00e0 Versailles. Rien de bien nouveau. Ce que je ne pardonne pas \u00e0 la R\u00e9publique fran\u00e7aise, c&rsquo;est d&rsquo;avoir d\u00e9mocratis\u00e9 cette culture du m\u00e9pris au lieu d&rsquo;avoir permis \u00e0 la diversit\u00e9 fran\u00e7aise de s&rsquo;\u00e9panouir (conform\u00e9ment aux cahiers de dol\u00e9ances de 1789).<\/p>\n<p>Ce d\u00e9bat, on le voit, n&rsquo;est pas nouveau. La R\u00e9publique fran\u00e7aise, ses succ\u00e9dan\u00e9s autoritaires et ses chiens de garde ont toujours eu peur de la soci\u00e9t\u00e9. L&rsquo;abb\u00e9 conventionnel Gr\u00e9goire disait en 1794: \u00abLe f\u00e9d\u00e9ralisme et la superstition parlent bas-breton; l&rsquo;\u00e9migration et la haine de la R\u00e9publique parlent allemand. La contre-r\u00e9volution parle l&rsquo;italien et le fanatisme parle basque. Cassons ces instruments de dommage et d&rsquo;erreurs.\u00bb<\/p>\n<p>Mission accomplie.<\/p>\n<p><strong>Olivier Rabache<\/strong><\/p>\n<p>* Qu&rsquo;un sang impur abreuve nos sillons (hymne officiel de la R\u00e9publique fran\u00e7aise).<br \/>\n** G\u00e9rard Noiriel, Les origines r\u00e9publicaines de Vichy, Hachette L., 1999, 332 p.<\/p>\n<div id=\"crieu-4266590204\" class=\"crieu-apres-le-contenu crieu-entity-placement\" style=\"margin-left: auto;margin-right: auto;text-align: center;\"><script async src=\"\/\/pagead2.googlesyndication.com\/pagead\/js\/adsbygoogle.js?client=ca-pub-5271584769416742\" crossorigin=\"anonymous\"><\/script><ins class=\"adsbygoogle\" style=\"display:block;\" data-ad-client=\"ca-pub-5271584769416742\" \ndata-ad-slot=\"9321250718\" \ndata-ad-format=\"auto\"><\/ins>\n<script> \n(adsbygoogle = window.adsbygoogle || []).push({}); \n<\/script>\n<\/div>","protected":false},"excerpt":{"rendered":"<p>Le \u00abd\u00e9bat\u00bb est lanc\u00e9. \u00abPar del\u00e0 les appartenances et l&rsquo;identit\u00e9 de chacun, sur quels principes fonder la d\u00e9mocratie et la citoyennet\u00e9?\u00bb aurait certes \u00e9t\u00e9 une question plus appropri\u00e9e.<\/p>\n","protected":false},"author":2,"featured_media":193,"comment_status":"closed","ping_status":"closed","sticky":false,"template":"","format":"standard","meta":{"footnotes":""},"categories":[15],"tags":[],"class_list":["post-191","post","type-post","status-publish","format-standard","has-post-thumbnail","hentry","category-opinions"],"yoast_head":"<!-- This site is optimized with the Yoast SEO plugin v28.3 - https:\/\/yoast.com\/product\/yoast-seo-wordpress\/ -->\n<title>\u00abIdentit\u00e9 nationale\u00bb? - Journal de B\u00e2le et Gen\u00e8ve<\/title>\n<meta name=\"robots\" content=\"index, follow, max-snippet:-1, max-image-preview:large, max-video-preview:-1\" \/>\n<link rel=\"canonical\" href=\"https:\/\/bale.ch\/journal\/identite-nationale\/\" \/>\n<meta property=\"og:locale\" content=\"fr_FR\" \/>\n<meta property=\"og:type\" content=\"article\" \/>\n<meta property=\"og:title\" content=\"\u00abIdentit\u00e9 nationale\u00bb? - Journal de B\u00e2le et Gen\u00e8ve\" \/>\n<meta property=\"og:description\" content=\"Le \u00abd\u00e9bat\u00bb est lanc\u00e9. \u00abPar del\u00e0 les appartenances et l&rsquo;identit\u00e9 de chacun, sur quels principes fonder la d\u00e9mocratie et la citoyennet\u00e9?\u00bb aurait certes \u00e9t\u00e9 une question plus appropri\u00e9e.\" \/>\n<meta property=\"og:url\" content=\"https:\/\/bale.ch\/journal\/identite-nationale\/\" \/>\n<meta property=\"og:site_name\" content=\"Journal de B\u00e2le et Gen\u00e8ve\" \/>\n<meta property=\"article:published_time\" content=\"2009-11-10T18:48:49+00:00\" \/>\n<meta property=\"article:modified_time\" content=\"2015-10-27T18:51:34+00:00\" \/>\n<meta property=\"og:image\" content=\"https:\/\/bale.ch\/journal\/wp-content\/uploads\/2009\/11\/antipatriote.jpg\" \/>\n\t<meta property=\"og:image:width\" content=\"600\" \/>\n\t<meta property=\"og:image:height\" content=\"223\" \/>\n\t<meta property=\"og:image:type\" content=\"image\/jpeg\" \/>\n<meta name=\"author\" content=\"La R\u00e9daction\" \/>\n<meta name=\"twitter:card\" content=\"summary_large_image\" \/>\n<meta name=\"twitter:label1\" content=\"\u00c9crit par\" \/>\n\t<meta name=\"twitter:data1\" content=\"La R\u00e9daction\" \/>\n\t<meta name=\"twitter:label2\" content=\"Dur\u00e9e de lecture estim\u00e9e\" \/>\n\t<meta name=\"twitter:data2\" content=\"7 minutes\" \/>\n<script type=\"application\/ld+json\" class=\"yoast-schema-graph\">{\"@context\":\"https:\\\/\\\/schema.org\",\"@graph\":[{\"@type\":\"Article\",\"@id\":\"https:\\\/\\\/bale.ch\\\/journal\\\/identite-nationale\\\/#article\",\"isPartOf\":{\"@id\":\"https:\\\/\\\/bale.ch\\\/journal\\\/identite-nationale\\\/\"},\"author\":{\"name\":\"La R\u00e9daction\",\"@id\":\"https:\\\/\\\/bale.ch\\\/journal\\\/#\\\/schema\\\/person\\\/03ced978db3b7a5274c5cef003f352f5\"},\"headline\":\"\u00abIdentit\u00e9 nationale\u00bb?\",\"datePublished\":\"2009-11-10T18:48:49+00:00\",\"dateModified\":\"2015-10-27T18:51:34+00:00\",\"mainEntityOfPage\":{\"@id\":\"https:\\\/\\\/bale.ch\\\/journal\\\/identite-nationale\\\/\"},\"wordCount\":1521,\"publisher\":{\"@id\":\"https:\\\/\\\/bale.ch\\\/journal\\\/#organization\"},\"image\":{\"@id\":\"https:\\\/\\\/bale.ch\\\/journal\\\/identite-nationale\\\/#primaryimage\"},\"thumbnailUrl\":\"https:\\\/\\\/bale.ch\\\/journal\\\/wp-content\\\/uploads\\\/2009\\\/11\\\/antipatriote.jpg\",\"articleSection\":[\"Opinions\"],\"inLanguage\":\"fr-FR\"},{\"@type\":\"WebPage\",\"@id\":\"https:\\\/\\\/bale.ch\\\/journal\\\/identite-nationale\\\/\",\"url\":\"https:\\\/\\\/bale.ch\\\/journal\\\/identite-nationale\\\/\",\"name\":\"\u00abIdentit\u00e9 nationale\u00bb? - Journal de B\u00e2le et Gen\u00e8ve\",\"isPartOf\":{\"@id\":\"https:\\\/\\\/bale.ch\\\/journal\\\/#website\"},\"primaryImageOfPage\":{\"@id\":\"https:\\\/\\\/bale.ch\\\/journal\\\/identite-nationale\\\/#primaryimage\"},\"image\":{\"@id\":\"https:\\\/\\\/bale.ch\\\/journal\\\/identite-nationale\\\/#primaryimage\"},\"thumbnailUrl\":\"https:\\\/\\\/bale.ch\\\/journal\\\/wp-content\\\/uploads\\\/2009\\\/11\\\/antipatriote.jpg\",\"datePublished\":\"2009-11-10T18:48:49+00:00\",\"dateModified\":\"2015-10-27T18:51:34+00:00\",\"breadcrumb\":{\"@id\":\"https:\\\/\\\/bale.ch\\\/journal\\\/identite-nationale\\\/#breadcrumb\"},\"inLanguage\":\"fr-FR\",\"potentialAction\":[{\"@type\":\"ReadAction\",\"target\":[\"https:\\\/\\\/bale.ch\\\/journal\\\/identite-nationale\\\/\"]}]},{\"@type\":\"ImageObject\",\"inLanguage\":\"fr-FR\",\"@id\":\"https:\\\/\\\/bale.ch\\\/journal\\\/identite-nationale\\\/#primaryimage\",\"url\":\"https:\\\/\\\/bale.ch\\\/journal\\\/wp-content\\\/uploads\\\/2009\\\/11\\\/antipatriote.jpg\",\"contentUrl\":\"https:\\\/\\\/bale.ch\\\/journal\\\/wp-content\\\/uploads\\\/2009\\\/11\\\/antipatriote.jpg\",\"width\":600,\"height\":223},{\"@type\":\"BreadcrumbList\",\"@id\":\"https:\\\/\\\/bale.ch\\\/journal\\\/identite-nationale\\\/#breadcrumb\",\"itemListElement\":[{\"@type\":\"ListItem\",\"position\":1,\"name\":\"Accueil\",\"item\":\"https:\\\/\\\/bale.ch\\\/journal\\\/\"},{\"@type\":\"ListItem\",\"position\":2,\"name\":\"\u00abIdentit\u00e9 nationale\u00bb?\"}]},{\"@type\":\"WebSite\",\"@id\":\"https:\\\/\\\/bale.ch\\\/journal\\\/#website\",\"url\":\"https:\\\/\\\/bale.ch\\\/journal\\\/\",\"name\":\"Journal de B\u00e2le et Gen\u00e8ve\",\"description\":\"M\u00e9dia transfrontalier d&#039;actualit\u00e9s - News\",\"publisher\":{\"@id\":\"https:\\\/\\\/bale.ch\\\/journal\\\/#organization\"},\"potentialAction\":[{\"@type\":\"SearchAction\",\"target\":{\"@type\":\"EntryPoint\",\"urlTemplate\":\"https:\\\/\\\/bale.ch\\\/journal\\\/?s={search_term_string}\"},\"query-input\":{\"@type\":\"PropertyValueSpecification\",\"valueRequired\":true,\"valueName\":\"search_term_string\"}}],\"inLanguage\":\"fr-FR\"},{\"@type\":\"Organization\",\"@id\":\"https:\\\/\\\/bale.ch\\\/journal\\\/#organization\",\"name\":\"Journal de B\u00e2le et Gen\u00e8ve\",\"url\":\"https:\\\/\\\/bale.ch\\\/journal\\\/\",\"logo\":{\"@type\":\"ImageObject\",\"inLanguage\":\"fr-FR\",\"@id\":\"https:\\\/\\\/bale.ch\\\/journal\\\/#\\\/schema\\\/logo\\\/image\\\/\",\"url\":\"https:\\\/\\\/bale.ch\\\/journal\\\/wp-content\\\/uploads\\\/2023\\\/07\\\/journaldebale_logo_2023_nb.png\",\"contentUrl\":\"https:\\\/\\\/bale.ch\\\/journal\\\/wp-content\\\/uploads\\\/2023\\\/07\\\/journaldebale_logo_2023_nb.png\",\"width\":371,\"height\":127,\"caption\":\"Journal de B\u00e2le et Gen\u00e8ve\"},\"image\":{\"@id\":\"https:\\\/\\\/bale.ch\\\/journal\\\/#\\\/schema\\\/logo\\\/image\\\/\"}},{\"@type\":\"Person\",\"@id\":\"https:\\\/\\\/bale.ch\\\/journal\\\/#\\\/schema\\\/person\\\/03ced978db3b7a5274c5cef003f352f5\",\"name\":\"La R\u00e9daction\",\"image\":{\"@type\":\"ImageObject\",\"inLanguage\":\"fr-FR\",\"@id\":\"https:\\\/\\\/secure.gravatar.com\\\/avatar\\\/d1327e2ce8d2b860112f968a3f34686c9bdda7a463a1502cdd1070ac9d88cf1e?s=96&d=mm&r=g\",\"url\":\"https:\\\/\\\/secure.gravatar.com\\\/avatar\\\/d1327e2ce8d2b860112f968a3f34686c9bdda7a463a1502cdd1070ac9d88cf1e?s=96&d=mm&r=g\",\"contentUrl\":\"https:\\\/\\\/secure.gravatar.com\\\/avatar\\\/d1327e2ce8d2b860112f968a3f34686c9bdda7a463a1502cdd1070ac9d88cf1e?s=96&d=mm&r=g\",\"caption\":\"La R\u00e9daction\"},\"url\":\"https:\\\/\\\/bale.ch\\\/journal\\\/author\\\/laredaction\\\/\"}]}<\/script>\n<!-- \/ Yoast SEO plugin. -->","yoast_head_json":{"title":"\u00abIdentit\u00e9 nationale\u00bb? - Journal de B\u00e2le et Gen\u00e8ve","robots":{"index":"index","follow":"follow","max-snippet":"max-snippet:-1","max-image-preview":"max-image-preview:large","max-video-preview":"max-video-preview:-1"},"canonical":"https:\/\/bale.ch\/journal\/identite-nationale\/","og_locale":"fr_FR","og_type":"article","og_title":"\u00abIdentit\u00e9 nationale\u00bb? - Journal de B\u00e2le et Gen\u00e8ve","og_description":"Le \u00abd\u00e9bat\u00bb est lanc\u00e9. \u00abPar del\u00e0 les appartenances et l&rsquo;identit\u00e9 de chacun, sur quels principes fonder la d\u00e9mocratie et la citoyennet\u00e9?\u00bb aurait certes \u00e9t\u00e9 une question plus appropri\u00e9e.","og_url":"https:\/\/bale.ch\/journal\/identite-nationale\/","og_site_name":"Journal de B\u00e2le et Gen\u00e8ve","article_published_time":"2009-11-10T18:48:49+00:00","article_modified_time":"2015-10-27T18:51:34+00:00","og_image":[{"width":600,"height":223,"url":"https:\/\/bale.ch\/journal\/wp-content\/uploads\/2009\/11\/antipatriote.jpg","type":"image\/jpeg"}],"author":"La R\u00e9daction","twitter_card":"summary_large_image","twitter_misc":{"\u00c9crit par":"La R\u00e9daction","Dur\u00e9e de lecture estim\u00e9e":"7 minutes"},"schema":{"@context":"https:\/\/schema.org","@graph":[{"@type":"Article","@id":"https:\/\/bale.ch\/journal\/identite-nationale\/#article","isPartOf":{"@id":"https:\/\/bale.ch\/journal\/identite-nationale\/"},"author":{"name":"La R\u00e9daction","@id":"https:\/\/bale.ch\/journal\/#\/schema\/person\/03ced978db3b7a5274c5cef003f352f5"},"headline":"\u00abIdentit\u00e9 nationale\u00bb?","datePublished":"2009-11-10T18:48:49+00:00","dateModified":"2015-10-27T18:51:34+00:00","mainEntityOfPage":{"@id":"https:\/\/bale.ch\/journal\/identite-nationale\/"},"wordCount":1521,"publisher":{"@id":"https:\/\/bale.ch\/journal\/#organization"},"image":{"@id":"https:\/\/bale.ch\/journal\/identite-nationale\/#primaryimage"},"thumbnailUrl":"https:\/\/bale.ch\/journal\/wp-content\/uploads\/2009\/11\/antipatriote.jpg","articleSection":["Opinions"],"inLanguage":"fr-FR"},{"@type":"WebPage","@id":"https:\/\/bale.ch\/journal\/identite-nationale\/","url":"https:\/\/bale.ch\/journal\/identite-nationale\/","name":"\u00abIdentit\u00e9 nationale\u00bb? - Journal de B\u00e2le et Gen\u00e8ve","isPartOf":{"@id":"https:\/\/bale.ch\/journal\/#website"},"primaryImageOfPage":{"@id":"https:\/\/bale.ch\/journal\/identite-nationale\/#primaryimage"},"image":{"@id":"https:\/\/bale.ch\/journal\/identite-nationale\/#primaryimage"},"thumbnailUrl":"https:\/\/bale.ch\/journal\/wp-content\/uploads\/2009\/11\/antipatriote.jpg","datePublished":"2009-11-10T18:48:49+00:00","dateModified":"2015-10-27T18:51:34+00:00","breadcrumb":{"@id":"https:\/\/bale.ch\/journal\/identite-nationale\/#breadcrumb"},"inLanguage":"fr-FR","potentialAction":[{"@type":"ReadAction","target":["https:\/\/bale.ch\/journal\/identite-nationale\/"]}]},{"@type":"ImageObject","inLanguage":"fr-FR","@id":"https:\/\/bale.ch\/journal\/identite-nationale\/#primaryimage","url":"https:\/\/bale.ch\/journal\/wp-content\/uploads\/2009\/11\/antipatriote.jpg","contentUrl":"https:\/\/bale.ch\/journal\/wp-content\/uploads\/2009\/11\/antipatriote.jpg","width":600,"height":223},{"@type":"BreadcrumbList","@id":"https:\/\/bale.ch\/journal\/identite-nationale\/#breadcrumb","itemListElement":[{"@type":"ListItem","position":1,"name":"Accueil","item":"https:\/\/bale.ch\/journal\/"},{"@type":"ListItem","position":2,"name":"\u00abIdentit\u00e9 nationale\u00bb?"}]},{"@type":"WebSite","@id":"https:\/\/bale.ch\/journal\/#website","url":"https:\/\/bale.ch\/journal\/","name":"Journal de B\u00e2le et Gen\u00e8ve","description":"M\u00e9dia transfrontalier d&#039;actualit\u00e9s - News","publisher":{"@id":"https:\/\/bale.ch\/journal\/#organization"},"potentialAction":[{"@type":"SearchAction","target":{"@type":"EntryPoint","urlTemplate":"https:\/\/bale.ch\/journal\/?s={search_term_string}"},"query-input":{"@type":"PropertyValueSpecification","valueRequired":true,"valueName":"search_term_string"}}],"inLanguage":"fr-FR"},{"@type":"Organization","@id":"https:\/\/bale.ch\/journal\/#organization","name":"Journal de B\u00e2le et Gen\u00e8ve","url":"https:\/\/bale.ch\/journal\/","logo":{"@type":"ImageObject","inLanguage":"fr-FR","@id":"https:\/\/bale.ch\/journal\/#\/schema\/logo\/image\/","url":"https:\/\/bale.ch\/journal\/wp-content\/uploads\/2023\/07\/journaldebale_logo_2023_nb.png","contentUrl":"https:\/\/bale.ch\/journal\/wp-content\/uploads\/2023\/07\/journaldebale_logo_2023_nb.png","width":371,"height":127,"caption":"Journal de B\u00e2le et Gen\u00e8ve"},"image":{"@id":"https:\/\/bale.ch\/journal\/#\/schema\/logo\/image\/"}},{"@type":"Person","@id":"https:\/\/bale.ch\/journal\/#\/schema\/person\/03ced978db3b7a5274c5cef003f352f5","name":"La R\u00e9daction","image":{"@type":"ImageObject","inLanguage":"fr-FR","@id":"https:\/\/secure.gravatar.com\/avatar\/d1327e2ce8d2b860112f968a3f34686c9bdda7a463a1502cdd1070ac9d88cf1e?s=96&d=mm&r=g","url":"https:\/\/secure.gravatar.com\/avatar\/d1327e2ce8d2b860112f968a3f34686c9bdda7a463a1502cdd1070ac9d88cf1e?s=96&d=mm&r=g","contentUrl":"https:\/\/secure.gravatar.com\/avatar\/d1327e2ce8d2b860112f968a3f34686c9bdda7a463a1502cdd1070ac9d88cf1e?s=96&d=mm&r=g","caption":"La R\u00e9daction"},"url":"https:\/\/bale.ch\/journal\/author\/laredaction\/"}]}},"_links":{"self":[{"href":"https:\/\/bale.ch\/journal\/wp-json\/wp\/v2\/posts\/191","targetHints":{"allow":["GET"]}}],"collection":[{"href":"https:\/\/bale.ch\/journal\/wp-json\/wp\/v2\/posts"}],"about":[{"href":"https:\/\/bale.ch\/journal\/wp-json\/wp\/v2\/types\/post"}],"author":[{"embeddable":true,"href":"https:\/\/bale.ch\/journal\/wp-json\/wp\/v2\/users\/2"}],"replies":[{"embeddable":true,"href":"https:\/\/bale.ch\/journal\/wp-json\/wp\/v2\/comments?post=191"}],"version-history":[{"count":1,"href":"https:\/\/bale.ch\/journal\/wp-json\/wp\/v2\/posts\/191\/revisions"}],"predecessor-version":[{"id":192,"href":"https:\/\/bale.ch\/journal\/wp-json\/wp\/v2\/posts\/191\/revisions\/192"}],"wp:featuredmedia":[{"embeddable":true,"href":"https:\/\/bale.ch\/journal\/wp-json\/wp\/v2\/media\/193"}],"wp:attachment":[{"href":"https:\/\/bale.ch\/journal\/wp-json\/wp\/v2\/media?parent=191"}],"wp:term":[{"taxonomy":"category","embeddable":true,"href":"https:\/\/bale.ch\/journal\/wp-json\/wp\/v2\/categories?post=191"},{"taxonomy":"post_tag","embeddable":true,"href":"https:\/\/bale.ch\/journal\/wp-json\/wp\/v2\/tags?post=191"}],"curies":[{"name":"wp","href":"https:\/\/api.w.org\/{rel}","templated":true}]}}