{"id":1917,"date":"2019-01-20T02:54:14","date_gmt":"2019-01-20T02:54:14","guid":{"rendered":"http:\/\/bale.ch\/journal\/?p=1917"},"modified":"2019-01-20T02:59:07","modified_gmt":"2019-01-20T02:59:07","slug":"cine-au-palais-2019-met-laccent-sur-le-changement-climatique-de-societe-de-visions-du-monde","status":"publish","type":"post","link":"https:\/\/bale.ch\/journal\/cine-au-palais-2019-met-laccent-sur-le-changement-climatique-de-societe-de-visions-du-monde\/","title":{"rendered":"\u00ab\u00a0Cin\u00e9 au Palais\u00a0\u00bb 2019 met l&rsquo;accent sur le changement: climatique, de soci\u00e9t\u00e9, de visions du monde&#8230;"},"content":{"rendered":"<p><strong>Pour son \u00e9dition 2019 qui aura lieu les samedi 2 et dimanche 3 f\u00e9vrier, Cin\u00e9 au Palais (de Rumine, \u00e0 Lausanne) propose 15 films qui font la part belle aux changements et \u00e0 l\u2019actualit\u00e9. Changements climatiques, avec\u00a0Tambora, l\u2019\u00e9ruption qui a chang\u00e9 le monde, qui montre les r\u00e9percussions de l\u2019\u00e9ruption d\u2019un volcan indon\u00e9sien en 1815. Changements li\u00e9s \u00e0 l\u2019\u00e9volution, avec\u00a0Sur les \u00eeles du Ciel, qui raconte les migrations des plantes alpines,\u00a0L\u2019histoire de l\u2019\u00e9volution des min\u00e9raux, qui souligne les liens entre min\u00e9raux et \u00eatres vivants ou\u00a0Plan\u00e8tes dinosaures, qui illustre les \u00e9tonnantes capacit\u00e9s d\u2019adaptation des dinosaures.<\/strong><\/p>\n<p><!--more--><\/p>\n<p>Cin\u00e9 au Palais, c\u2019est une r\u00e9flexion sur l\u2019actualit\u00e9 avec des films sur les\u00a0monnaies locales\u00a0comme le L\u00e9man ou le Farinet, la\u00a0fusion nucl\u00e9aire, le graal de la recherche en \u00e9nergie, ou les\u00a0vertus m\u00e9dicinales et \u00e9cologiques de l\u2019ortie.<\/p>\n<p>Pour frissonner, quelques catastrophes naturelles\u00a0: une reconstitution du\u00a0tsunami qui a ravag\u00e9 les bords du L\u00e9man\u00a0en l\u2019an 563,\u00a01347 la peste noire, qui vous plongera dans l\u2019une des plus grandes \u00e9pid\u00e9mies qu\u2019a connue l\u2019Europe. Ou encore\u00a0Pr\u00e9dateurs, qui r\u00e9v\u00e8le strat\u00e9gies de combat et de d\u00e9fense des pr\u00e9dateurs et de leurs proies.<\/p><div id=\"crieu-2567305712\" class=\"crieu-content crieu-entity-placement\"><script async src=\"\/\/pagead2.googlesyndication.com\/pagead\/js\/adsbygoogle.js?client=ca-pub-5271584769416742\" crossorigin=\"anonymous\"><\/script><ins class=\"adsbygoogle\" style=\"display:block;\" data-ad-client=\"ca-pub-5271584769416742\" \ndata-ad-slot=\"9321250718\" \ndata-ad-format=\"auto\"><\/ins>\n<script> \n(adsbygoogle = window.adsbygoogle || []).push({}); \n<\/script>\n<\/div>\n<p>Enfin, dans un registre po\u00e9tique, <strong>un portrait de la grande pianiste\u00a0Clara Haskil<\/strong>;\u00a0<em>Premi\u00e8res Loges<\/em>, le dernier film animalier de Vincent Chabloz ou\u00a0<em>Trognes<\/em>, ces arbres d\u2019essences vari\u00e9es dont on a taill\u00e9 la partie sup\u00e9rieure qui ressemblent incroyablement \u00e0 des visages perdus dans la for\u00eat.<\/p>\n<p>Entre deux projections, l\u2019espace pique-nique accueille les petits creux et un coin lecture pour petits et grands offre un espace de d\u00e9tente au 5e \u00e9tage du Palais de Rumine, au centre de Lausanne.<\/p>\n<p>L&rsquo;entr\u00e9e libre \u00e0 toutes les projections, qu&rsquo;on se le dise!<\/p>\n<p>Plus d&rsquo;infos sur\u00a0<b><a href=\"http:\/\/www.cineaupalais.ch\/\" target=\"_blank\" rel=\"noopener\">cineaupalais.ch<\/a><\/p>\n<p><img loading=\"lazy\" decoding=\"async\" class=\"alignleft wp-image-1921 size-large\" src=\"https:\/\/bale.ch\/journal\/wp-content\/uploads\/2019\/01\/cine_au_palais_lausanne-1024x683.jpg\" alt=\"\" width=\"640\" height=\"427\" srcset=\"https:\/\/bale.ch\/journal\/wp-content\/uploads\/2019\/01\/cine_au_palais_lausanne-1024x683.jpg 1024w, https:\/\/bale.ch\/journal\/wp-content\/uploads\/2019\/01\/cine_au_palais_lausanne-300x200.jpg 300w, https:\/\/bale.ch\/journal\/wp-content\/uploads\/2019\/01\/cine_au_palais_lausanne-768x512.jpg 768w, https:\/\/bale.ch\/journal\/wp-content\/uploads\/2019\/01\/cine_au_palais_lausanne-900x600.jpg 900w, https:\/\/bale.ch\/journal\/wp-content\/uploads\/2019\/01\/cine_au_palais_lausanne.jpg 2048w\" sizes=\"auto, (max-width: 640px) 100vw, 640px\" \/><\/b><\/p>\n<p>&nbsp;<\/p>\n<div id=\"crieu-3557498948\" class=\"crieu-apres-le-contenu crieu-entity-placement\" style=\"margin-left: auto;margin-right: auto;text-align: center;\"><script async src=\"\/\/pagead2.googlesyndication.com\/pagead\/js\/adsbygoogle.js?client=ca-pub-5271584769416742\" crossorigin=\"anonymous\"><\/script><ins class=\"adsbygoogle\" style=\"display:block;\" data-ad-client=\"ca-pub-5271584769416742\" \ndata-ad-slot=\"9321250718\" \ndata-ad-format=\"auto\"><\/ins>\n<script> \n(adsbygoogle = window.adsbygoogle || []).push({}); \n<\/script>\n<\/div>","protected":false},"excerpt":{"rendered":"<p>Pour son \u00e9dition 2019 qui aura lieu les samedi 2 et dimanche 3 f\u00e9vrier, Cin\u00e9 au Palais (de Rumine, \u00e0 Lausanne) propose 15 films qui font la part belle aux <a href=\"https:\/\/bale.ch\/journal\/cine-au-palais-2019-met-laccent-sur-le-changement-climatique-de-societe-de-visions-du-monde\/\" class=\"read-more button-fancy -red\"><span class=\"btn-arrow\"><\/span><span class=\"twp-read-more text\">Continuer la lecture<\/span><\/a><\/p>\n","protected":false},"author":2,"featured_media":1918,"comment_status":"closed","ping_status":"closed","sticky":false,"template":"","format":"standard","meta":{"footnotes":""},"categories":[103,10,18],"tags":[23,93,55],"class_list":["post-1917","post","type-post","status-publish","format-standard","has-post-thumbnail","hentry","category-actu","category-culture","category-sortir","tag-cinema","tag-festival","tag-lausanne"],"yoast_head":"<!-- This site is optimized with the Yoast SEO plugin v28.3 - https:\/\/yoast.com\/product\/yoast-seo-wordpress\/ -->\n<title>&quot;Cin\u00e9 au Palais&quot; 2019 met l&#039;accent sur le changement: climatique, de soci\u00e9t\u00e9, de visions du monde... - Journal de B\u00e2le et Gen\u00e8ve<\/title>\n<meta name=\"robots\" content=\"index, follow, max-snippet:-1, max-image-preview:large, max-video-preview:-1\" \/>\n<link rel=\"canonical\" href=\"https:\/\/bale.ch\/journal\/cine-au-palais-2019-met-laccent-sur-le-changement-climatique-de-societe-de-visions-du-monde\/\" \/>\n<meta property=\"og:locale\" content=\"fr_FR\" \/>\n<meta property=\"og:type\" content=\"article\" \/>\n<meta property=\"og:title\" content=\"&quot;Cin\u00e9 au Palais&quot; 2019 met l&#039;accent sur le changement: climatique, de soci\u00e9t\u00e9, de visions du monde... - Journal de B\u00e2le et Gen\u00e8ve\" \/>\n<meta property=\"og:description\" content=\"Pour son \u00e9dition 2019 qui aura lieu les samedi 2 et dimanche 3 f\u00e9vrier, Cin\u00e9 au Palais (de Rumine, \u00e0 Lausanne) propose 15 films qui font la part belle aux Continuer la lecture\" \/>\n<meta property=\"og:url\" content=\"https:\/\/bale.ch\/journal\/cine-au-palais-2019-met-laccent-sur-le-changement-climatique-de-societe-de-visions-du-monde\/\" \/>\n<meta property=\"og:site_name\" content=\"Journal de B\u00e2le et Gen\u00e8ve\" \/>\n<meta property=\"article:published_time\" content=\"2019-01-20T02:54:14+00:00\" \/>\n<meta property=\"article:modified_time\" content=\"2019-01-20T02:59:07+00:00\" \/>\n<meta property=\"og:image\" content=\"https:\/\/bale.ch\/journal\/wp-content\/uploads\/2019\/01\/cine_au_palais_rumine_lausanne.jpg\" \/>\n\t<meta property=\"og:image:width\" content=\"830\" \/>\n\t<meta property=\"og:image:height\" content=\"446\" \/>\n\t<meta property=\"og:image:type\" content=\"image\/jpeg\" \/>\n<meta name=\"author\" content=\"La R\u00e9daction\" \/>\n<meta name=\"twitter:card\" content=\"summary_large_image\" \/>\n<meta name=\"twitter:label1\" content=\"\u00c9crit par\" \/>\n\t<meta name=\"twitter:data1\" content=\"La R\u00e9daction\" \/>\n\t<meta name=\"twitter:label2\" content=\"Dur\u00e9e de lecture estim\u00e9e\" \/>\n\t<meta name=\"twitter:data2\" content=\"2 minutes\" \/>\n<script type=\"application\/ld+json\" class=\"yoast-schema-graph\">{\"@context\":\"https:\\\/\\\/schema.org\",\"@graph\":[{\"@type\":\"Article\",\"@id\":\"https:\\\/\\\/bale.ch\\\/journal\\\/cine-au-palais-2019-met-laccent-sur-le-changement-climatique-de-societe-de-visions-du-monde\\\/#article\",\"isPartOf\":{\"@id\":\"https:\\\/\\\/bale.ch\\\/journal\\\/cine-au-palais-2019-met-laccent-sur-le-changement-climatique-de-societe-de-visions-du-monde\\\/\"},\"author\":{\"name\":\"La R\u00e9daction\",\"@id\":\"https:\\\/\\\/bale.ch\\\/journal\\\/#\\\/schema\\\/person\\\/03ced978db3b7a5274c5cef003f352f5\"},\"headline\":\"\u00ab\u00a0Cin\u00e9 au Palais\u00a0\u00bb 2019 met l&rsquo;accent sur le changement: climatique, de soci\u00e9t\u00e9, de visions du monde&#8230;\",\"datePublished\":\"2019-01-20T02:54:14+00:00\",\"dateModified\":\"2019-01-20T02:59:07+00:00\",\"mainEntityOfPage\":{\"@id\":\"https:\\\/\\\/bale.ch\\\/journal\\\/cine-au-palais-2019-met-laccent-sur-le-changement-climatique-de-societe-de-visions-du-monde\\\/\"},\"wordCount\":334,\"publisher\":{\"@id\":\"https:\\\/\\\/bale.ch\\\/journal\\\/#organization\"},\"image\":{\"@id\":\"https:\\\/\\\/bale.ch\\\/journal\\\/cine-au-palais-2019-met-laccent-sur-le-changement-climatique-de-societe-de-visions-du-monde\\\/#primaryimage\"},\"thumbnailUrl\":\"https:\\\/\\\/bale.ch\\\/journal\\\/wp-content\\\/uploads\\\/2019\\\/01\\\/cine_au_palais_rumine_lausanne.jpg\",\"keywords\":[\"Cin\u00e9ma\",\"festival\",\"Lausanne\"],\"articleSection\":[\"Actualit\u00e9s\",\"Culture\",\"Sortir\"],\"inLanguage\":\"fr-FR\"},{\"@type\":\"WebPage\",\"@id\":\"https:\\\/\\\/bale.ch\\\/journal\\\/cine-au-palais-2019-met-laccent-sur-le-changement-climatique-de-societe-de-visions-du-monde\\\/\",\"url\":\"https:\\\/\\\/bale.ch\\\/journal\\\/cine-au-palais-2019-met-laccent-sur-le-changement-climatique-de-societe-de-visions-du-monde\\\/\",\"name\":\"\\\"Cin\u00e9 au Palais\\\" 2019 met l'accent sur le changement: climatique, de soci\u00e9t\u00e9, de visions du monde... - Journal de B\u00e2le et Gen\u00e8ve\",\"isPartOf\":{\"@id\":\"https:\\\/\\\/bale.ch\\\/journal\\\/#website\"},\"primaryImageOfPage\":{\"@id\":\"https:\\\/\\\/bale.ch\\\/journal\\\/cine-au-palais-2019-met-laccent-sur-le-changement-climatique-de-societe-de-visions-du-monde\\\/#primaryimage\"},\"image\":{\"@id\":\"https:\\\/\\\/bale.ch\\\/journal\\\/cine-au-palais-2019-met-laccent-sur-le-changement-climatique-de-societe-de-visions-du-monde\\\/#primaryimage\"},\"thumbnailUrl\":\"https:\\\/\\\/bale.ch\\\/journal\\\/wp-content\\\/uploads\\\/2019\\\/01\\\/cine_au_palais_rumine_lausanne.jpg\",\"datePublished\":\"2019-01-20T02:54:14+00:00\",\"dateModified\":\"2019-01-20T02:59:07+00:00\",\"breadcrumb\":{\"@id\":\"https:\\\/\\\/bale.ch\\\/journal\\\/cine-au-palais-2019-met-laccent-sur-le-changement-climatique-de-societe-de-visions-du-monde\\\/#breadcrumb\"},\"inLanguage\":\"fr-FR\",\"potentialAction\":[{\"@type\":\"ReadAction\",\"target\":[\"https:\\\/\\\/bale.ch\\\/journal\\\/cine-au-palais-2019-met-laccent-sur-le-changement-climatique-de-societe-de-visions-du-monde\\\/\"]}]},{\"@type\":\"ImageObject\",\"inLanguage\":\"fr-FR\",\"@id\":\"https:\\\/\\\/bale.ch\\\/journal\\\/cine-au-palais-2019-met-laccent-sur-le-changement-climatique-de-societe-de-visions-du-monde\\\/#primaryimage\",\"url\":\"https:\\\/\\\/bale.ch\\\/journal\\\/wp-content\\\/uploads\\\/2019\\\/01\\\/cine_au_palais_rumine_lausanne.jpg\",\"contentUrl\":\"https:\\\/\\\/bale.ch\\\/journal\\\/wp-content\\\/uploads\\\/2019\\\/01\\\/cine_au_palais_rumine_lausanne.jpg\",\"width\":830,\"height\":446},{\"@type\":\"BreadcrumbList\",\"@id\":\"https:\\\/\\\/bale.ch\\\/journal\\\/cine-au-palais-2019-met-laccent-sur-le-changement-climatique-de-societe-de-visions-du-monde\\\/#breadcrumb\",\"itemListElement\":[{\"@type\":\"ListItem\",\"position\":1,\"name\":\"Accueil\",\"item\":\"https:\\\/\\\/bale.ch\\\/journal\\\/\"},{\"@type\":\"ListItem\",\"position\":2,\"name\":\"\u00ab\u00a0Cin\u00e9 au Palais\u00a0\u00bb 2019 met l&rsquo;accent sur le changement: climatique, de soci\u00e9t\u00e9, de visions du monde&#8230;\"}]},{\"@type\":\"WebSite\",\"@id\":\"https:\\\/\\\/bale.ch\\\/journal\\\/#website\",\"url\":\"https:\\\/\\\/bale.ch\\\/journal\\\/\",\"name\":\"Journal de B\u00e2le et Gen\u00e8ve\",\"description\":\"M\u00e9dia transfrontalier d&#039;actualit\u00e9s - News\",\"publisher\":{\"@id\":\"https:\\\/\\\/bale.ch\\\/journal\\\/#organization\"},\"potentialAction\":[{\"@type\":\"SearchAction\",\"target\":{\"@type\":\"EntryPoint\",\"urlTemplate\":\"https:\\\/\\\/bale.ch\\\/journal\\\/?s={search_term_string}\"},\"query-input\":{\"@type\":\"PropertyValueSpecification\",\"valueRequired\":true,\"valueName\":\"search_term_string\"}}],\"inLanguage\":\"fr-FR\"},{\"@type\":\"Organization\",\"@id\":\"https:\\\/\\\/bale.ch\\\/journal\\\/#organization\",\"name\":\"Journal de B\u00e2le et Gen\u00e8ve\",\"url\":\"https:\\\/\\\/bale.ch\\\/journal\\\/\",\"logo\":{\"@type\":\"ImageObject\",\"inLanguage\":\"fr-FR\",\"@id\":\"https:\\\/\\\/bale.ch\\\/journal\\\/#\\\/schema\\\/logo\\\/image\\\/\",\"url\":\"https:\\\/\\\/bale.ch\\\/journal\\\/wp-content\\\/uploads\\\/2023\\\/07\\\/journaldebale_logo_2023_nb.png\",\"contentUrl\":\"https:\\\/\\\/bale.ch\\\/journal\\\/wp-content\\\/uploads\\\/2023\\\/07\\\/journaldebale_logo_2023_nb.png\",\"width\":371,\"height\":127,\"caption\":\"Journal de B\u00e2le et Gen\u00e8ve\"},\"image\":{\"@id\":\"https:\\\/\\\/bale.ch\\\/journal\\\/#\\\/schema\\\/logo\\\/image\\\/\"}},{\"@type\":\"Person\",\"@id\":\"https:\\\/\\\/bale.ch\\\/journal\\\/#\\\/schema\\\/person\\\/03ced978db3b7a5274c5cef003f352f5\",\"name\":\"La R\u00e9daction\",\"image\":{\"@type\":\"ImageObject\",\"inLanguage\":\"fr-FR\",\"@id\":\"https:\\\/\\\/secure.gravatar.com\\\/avatar\\\/d1327e2ce8d2b860112f968a3f34686c9bdda7a463a1502cdd1070ac9d88cf1e?s=96&d=mm&r=g\",\"url\":\"https:\\\/\\\/secure.gravatar.com\\\/avatar\\\/d1327e2ce8d2b860112f968a3f34686c9bdda7a463a1502cdd1070ac9d88cf1e?s=96&d=mm&r=g\",\"contentUrl\":\"https:\\\/\\\/secure.gravatar.com\\\/avatar\\\/d1327e2ce8d2b860112f968a3f34686c9bdda7a463a1502cdd1070ac9d88cf1e?s=96&d=mm&r=g\",\"caption\":\"La R\u00e9daction\"},\"url\":\"https:\\\/\\\/bale.ch\\\/journal\\\/author\\\/laredaction\\\/\"}]}<\/script>\n<!-- \/ Yoast SEO plugin. -->","yoast_head_json":{"title":"\"Cin\u00e9 au Palais\" 2019 met l'accent sur le changement: climatique, de soci\u00e9t\u00e9, de visions du monde... - Journal de B\u00e2le et Gen\u00e8ve","robots":{"index":"index","follow":"follow","max-snippet":"max-snippet:-1","max-image-preview":"max-image-preview:large","max-video-preview":"max-video-preview:-1"},"canonical":"https:\/\/bale.ch\/journal\/cine-au-palais-2019-met-laccent-sur-le-changement-climatique-de-societe-de-visions-du-monde\/","og_locale":"fr_FR","og_type":"article","og_title":"\"Cin\u00e9 au Palais\" 2019 met l'accent sur le changement: climatique, de soci\u00e9t\u00e9, de visions du monde... - Journal de B\u00e2le et Gen\u00e8ve","og_description":"Pour son \u00e9dition 2019 qui aura lieu les samedi 2 et dimanche 3 f\u00e9vrier, Cin\u00e9 au Palais (de Rumine, \u00e0 Lausanne) propose 15 films qui font la part belle aux Continuer la lecture","og_url":"https:\/\/bale.ch\/journal\/cine-au-palais-2019-met-laccent-sur-le-changement-climatique-de-societe-de-visions-du-monde\/","og_site_name":"Journal de B\u00e2le et Gen\u00e8ve","article_published_time":"2019-01-20T02:54:14+00:00","article_modified_time":"2019-01-20T02:59:07+00:00","og_image":[{"width":830,"height":446,"url":"https:\/\/bale.ch\/journal\/wp-content\/uploads\/2019\/01\/cine_au_palais_rumine_lausanne.jpg","type":"image\/jpeg"}],"author":"La R\u00e9daction","twitter_card":"summary_large_image","twitter_misc":{"\u00c9crit par":"La R\u00e9daction","Dur\u00e9e de lecture estim\u00e9e":"2 minutes"},"schema":{"@context":"https:\/\/schema.org","@graph":[{"@type":"Article","@id":"https:\/\/bale.ch\/journal\/cine-au-palais-2019-met-laccent-sur-le-changement-climatique-de-societe-de-visions-du-monde\/#article","isPartOf":{"@id":"https:\/\/bale.ch\/journal\/cine-au-palais-2019-met-laccent-sur-le-changement-climatique-de-societe-de-visions-du-monde\/"},"author":{"name":"La R\u00e9daction","@id":"https:\/\/bale.ch\/journal\/#\/schema\/person\/03ced978db3b7a5274c5cef003f352f5"},"headline":"\u00ab\u00a0Cin\u00e9 au Palais\u00a0\u00bb 2019 met l&rsquo;accent sur le changement: climatique, de soci\u00e9t\u00e9, de visions du monde&#8230;","datePublished":"2019-01-20T02:54:14+00:00","dateModified":"2019-01-20T02:59:07+00:00","mainEntityOfPage":{"@id":"https:\/\/bale.ch\/journal\/cine-au-palais-2019-met-laccent-sur-le-changement-climatique-de-societe-de-visions-du-monde\/"},"wordCount":334,"publisher":{"@id":"https:\/\/bale.ch\/journal\/#organization"},"image":{"@id":"https:\/\/bale.ch\/journal\/cine-au-palais-2019-met-laccent-sur-le-changement-climatique-de-societe-de-visions-du-monde\/#primaryimage"},"thumbnailUrl":"https:\/\/bale.ch\/journal\/wp-content\/uploads\/2019\/01\/cine_au_palais_rumine_lausanne.jpg","keywords":["Cin\u00e9ma","festival","Lausanne"],"articleSection":["Actualit\u00e9s","Culture","Sortir"],"inLanguage":"fr-FR"},{"@type":"WebPage","@id":"https:\/\/bale.ch\/journal\/cine-au-palais-2019-met-laccent-sur-le-changement-climatique-de-societe-de-visions-du-monde\/","url":"https:\/\/bale.ch\/journal\/cine-au-palais-2019-met-laccent-sur-le-changement-climatique-de-societe-de-visions-du-monde\/","name":"\"Cin\u00e9 au Palais\" 2019 met l'accent sur le changement: climatique, de soci\u00e9t\u00e9, de visions du monde... - Journal de B\u00e2le et Gen\u00e8ve","isPartOf":{"@id":"https:\/\/bale.ch\/journal\/#website"},"primaryImageOfPage":{"@id":"https:\/\/bale.ch\/journal\/cine-au-palais-2019-met-laccent-sur-le-changement-climatique-de-societe-de-visions-du-monde\/#primaryimage"},"image":{"@id":"https:\/\/bale.ch\/journal\/cine-au-palais-2019-met-laccent-sur-le-changement-climatique-de-societe-de-visions-du-monde\/#primaryimage"},"thumbnailUrl":"https:\/\/bale.ch\/journal\/wp-content\/uploads\/2019\/01\/cine_au_palais_rumine_lausanne.jpg","datePublished":"2019-01-20T02:54:14+00:00","dateModified":"2019-01-20T02:59:07+00:00","breadcrumb":{"@id":"https:\/\/bale.ch\/journal\/cine-au-palais-2019-met-laccent-sur-le-changement-climatique-de-societe-de-visions-du-monde\/#breadcrumb"},"inLanguage":"fr-FR","potentialAction":[{"@type":"ReadAction","target":["https:\/\/bale.ch\/journal\/cine-au-palais-2019-met-laccent-sur-le-changement-climatique-de-societe-de-visions-du-monde\/"]}]},{"@type":"ImageObject","inLanguage":"fr-FR","@id":"https:\/\/bale.ch\/journal\/cine-au-palais-2019-met-laccent-sur-le-changement-climatique-de-societe-de-visions-du-monde\/#primaryimage","url":"https:\/\/bale.ch\/journal\/wp-content\/uploads\/2019\/01\/cine_au_palais_rumine_lausanne.jpg","contentUrl":"https:\/\/bale.ch\/journal\/wp-content\/uploads\/2019\/01\/cine_au_palais_rumine_lausanne.jpg","width":830,"height":446},{"@type":"BreadcrumbList","@id":"https:\/\/bale.ch\/journal\/cine-au-palais-2019-met-laccent-sur-le-changement-climatique-de-societe-de-visions-du-monde\/#breadcrumb","itemListElement":[{"@type":"ListItem","position":1,"name":"Accueil","item":"https:\/\/bale.ch\/journal\/"},{"@type":"ListItem","position":2,"name":"\u00ab\u00a0Cin\u00e9 au Palais\u00a0\u00bb 2019 met l&rsquo;accent sur le changement: climatique, de soci\u00e9t\u00e9, de visions du monde&#8230;"}]},{"@type":"WebSite","@id":"https:\/\/bale.ch\/journal\/#website","url":"https:\/\/bale.ch\/journal\/","name":"Journal de B\u00e2le et Gen\u00e8ve","description":"M\u00e9dia transfrontalier d&#039;actualit\u00e9s - News","publisher":{"@id":"https:\/\/bale.ch\/journal\/#organization"},"potentialAction":[{"@type":"SearchAction","target":{"@type":"EntryPoint","urlTemplate":"https:\/\/bale.ch\/journal\/?s={search_term_string}"},"query-input":{"@type":"PropertyValueSpecification","valueRequired":true,"valueName":"search_term_string"}}],"inLanguage":"fr-FR"},{"@type":"Organization","@id":"https:\/\/bale.ch\/journal\/#organization","name":"Journal de B\u00e2le et Gen\u00e8ve","url":"https:\/\/bale.ch\/journal\/","logo":{"@type":"ImageObject","inLanguage":"fr-FR","@id":"https:\/\/bale.ch\/journal\/#\/schema\/logo\/image\/","url":"https:\/\/bale.ch\/journal\/wp-content\/uploads\/2023\/07\/journaldebale_logo_2023_nb.png","contentUrl":"https:\/\/bale.ch\/journal\/wp-content\/uploads\/2023\/07\/journaldebale_logo_2023_nb.png","width":371,"height":127,"caption":"Journal de B\u00e2le et Gen\u00e8ve"},"image":{"@id":"https:\/\/bale.ch\/journal\/#\/schema\/logo\/image\/"}},{"@type":"Person","@id":"https:\/\/bale.ch\/journal\/#\/schema\/person\/03ced978db3b7a5274c5cef003f352f5","name":"La R\u00e9daction","image":{"@type":"ImageObject","inLanguage":"fr-FR","@id":"https:\/\/secure.gravatar.com\/avatar\/d1327e2ce8d2b860112f968a3f34686c9bdda7a463a1502cdd1070ac9d88cf1e?s=96&d=mm&r=g","url":"https:\/\/secure.gravatar.com\/avatar\/d1327e2ce8d2b860112f968a3f34686c9bdda7a463a1502cdd1070ac9d88cf1e?s=96&d=mm&r=g","contentUrl":"https:\/\/secure.gravatar.com\/avatar\/d1327e2ce8d2b860112f968a3f34686c9bdda7a463a1502cdd1070ac9d88cf1e?s=96&d=mm&r=g","caption":"La R\u00e9daction"},"url":"https:\/\/bale.ch\/journal\/author\/laredaction\/"}]}},"_links":{"self":[{"href":"https:\/\/bale.ch\/journal\/wp-json\/wp\/v2\/posts\/1917","targetHints":{"allow":["GET"]}}],"collection":[{"href":"https:\/\/bale.ch\/journal\/wp-json\/wp\/v2\/posts"}],"about":[{"href":"https:\/\/bale.ch\/journal\/wp-json\/wp\/v2\/types\/post"}],"author":[{"embeddable":true,"href":"https:\/\/bale.ch\/journal\/wp-json\/wp\/v2\/users\/2"}],"replies":[{"embeddable":true,"href":"https:\/\/bale.ch\/journal\/wp-json\/wp\/v2\/comments?post=1917"}],"version-history":[{"count":3,"href":"https:\/\/bale.ch\/journal\/wp-json\/wp\/v2\/posts\/1917\/revisions"}],"predecessor-version":[{"id":1922,"href":"https:\/\/bale.ch\/journal\/wp-json\/wp\/v2\/posts\/1917\/revisions\/1922"}],"wp:featuredmedia":[{"embeddable":true,"href":"https:\/\/bale.ch\/journal\/wp-json\/wp\/v2\/media\/1918"}],"wp:attachment":[{"href":"https:\/\/bale.ch\/journal\/wp-json\/wp\/v2\/media?parent=1917"}],"wp:term":[{"taxonomy":"category","embeddable":true,"href":"https:\/\/bale.ch\/journal\/wp-json\/wp\/v2\/categories?post=1917"},{"taxonomy":"post_tag","embeddable":true,"href":"https:\/\/bale.ch\/journal\/wp-json\/wp\/v2\/tags?post=1917"}],"curies":[{"name":"wp","href":"https:\/\/api.w.org\/{rel}","templated":true}]}}