{"id":194,"date":"2015-06-10T18:52:17","date_gmt":"2015-06-10T18:52:17","guid":{"rendered":"http:\/\/bale.ch\/journal\/?p=194"},"modified":"2015-10-27T18:55:32","modified_gmt":"2015-10-27T18:55:32","slug":"le-pere-de-titeuf-invite-dhonneur-a-delemont-bd","status":"publish","type":"post","link":"https:\/\/bale.ch\/journal\/le-pere-de-titeuf-invite-dhonneur-a-delemont-bd\/","title":{"rendered":"Le p\u00e8re de Titeuf invit\u00e9 d&rsquo;honneur \u00e0 Del\u00e9mont BD"},"content":{"rendered":"<p><strong>Le g\u00e9nial cr\u00e9ateur de Titeuf signe l\u2019affiche officielle de la premi\u00e8re \u00e9dition de Del\u00e9mont\u2019BD qui se d\u00e9roulera du jeudi 2 au dimanche 5 juillet 2015, dans la vieille ville de la capitale jurassienne, avec pr\u00e8s de 40 auteurs et 8 expositions au rendez-vous.<br \/>\n<\/strong><!--more--><br \/>\nZep, invit\u00e9 d&rsquo;honneur, signe l&rsquo;affiche de la premi\u00e8re \u00e9dition de Del\u00e9mont&rsquo;BD, qui aura lieu du 2 au 5 juillet dans la capitale jurassienne. En ayant accept\u00e9 cette invitation, Zep incarne, \u00e0 sa fa\u00e7on, le d\u00e9sir de Del\u00e9mont\u2019BD de s&rsquo;inscrire durablement comme un haut lieu de la bande dessin\u00e9e en Suisse, \u00e0 m\u00eame de rayonner dans toute l\u2019Europe.<\/p>\n<p>Zep est \u00e0 ce jour le premier et unique auteur suisse \u00e0 avoir remport\u00e9 le Grand Prix d\u2019Angoul\u00eame. G\u00e9nial cr\u00e9ateur de <em>Titeuf, <\/em>il repr\u00e9sente le savoir-faire tout helv\u00e9tique de la bande dessin\u00e9e et un succ\u00e8s \u00e9ditorial d\u2019envergure mondiale. Les aventures de <em>Titeuf<\/em> traversent\u00a0\u00e0 ce jour 13 albums, bient\u00f4t 14, traduits en 27 langues et \u00e9coul\u00e9s \u00e0 plus de 20 millions d\u2019exemplaires \u00e0 travers le monde. Au-del\u00e0 des chiffres, Zep est reconnu comme l\u2019un des plus brillants repr\u00e9sentants de la bande dessin\u00e9e d\u2019aujourd\u2019hui, qui s\u00e9duit avec un humour simple et une redoutable efficacit\u00e9<\/p>\n<p><strong>Une premi\u00e8re affiche<\/strong><\/p><div id=\"crieu-17022825\" class=\"crieu-content crieu-entity-placement\"><script async src=\"\/\/pagead2.googlesyndication.com\/pagead\/js\/adsbygoogle.js?client=ca-pub-5271584769416742\" crossorigin=\"anonymous\"><\/script><ins class=\"adsbygoogle\" style=\"display:block;\" data-ad-client=\"ca-pub-5271584769416742\" \ndata-ad-slot=\"9321250718\" \ndata-ad-format=\"auto\"><\/ins>\n<script> \n(adsbygoogle = window.adsbygoogle || []).push({}); \n<\/script>\n<\/div>\n<p>L\u2019affiche de Zep met en valeur le caract\u00e8re unique de la vieille ville de Del\u00e9mont : l\u2019espi\u00e8gle Titeuf s&rsquo;est hiss\u00e9 sur l\u2019une des fontaines si famili\u00e8res des Del\u00e9montaines et des Del\u00e9montains et si facilement reconnaissables pour les visiteurs de la cit\u00e9. Autour de cette fontaine, Zep croque des personnages c\u00e9l\u00e8bres de la bande dessin\u00e9e. Dans les \u00e9l\u00e9ments sculpt\u00e9s, l\u2019auteur a \u00e9galement inscrit d\u2019autres personnages\u00a0incontournables de la bande dessin\u00e9e mondiale.<\/p>\n<p><strong>Importante exposition sur Zep<\/strong><\/p>\n<p>L\u2019affiche a \u00e9t\u00e9 d\u00e9voil\u00e9e ce matin \u00e0 la galerie de la Fondation Anne et Robert Bloch (FARB), lieu mus\u00e9al incontournable de la capitale jurassienne. Ce choix du lieu n\u2019est pas anodin : une importante exposition d\u00e9di\u00e9e \u00e0 Zep\u00a0s\u2019y tiendra, en parall\u00e8le des autres expositions de Del\u00e9mont\u2019BD, du 2 au 26 juillet 2015. L\u2019exposition se concentra sur l\u2019\u0153uvre de bande dessin\u00e9e de Zep, de ses \u0153uvres d\u2019adolescent aux ouvrages les plus r\u00e9cents, comme\u00a0<em>Happy Parents<\/em>.<\/p>\n<p><strong>50 auteurs invit\u00e9s<\/strong> \u2013 Del\u00e9mont\u2019BD re\u00e7oit, pour sa premi\u00e8re \u00e9dition la pr\u00e9cieuse confiance de 50 auteurs de bande dessin\u00e9e, parmi eux des talents confirm\u00e9s comme Zep, Jean-Christophe Chauzy, Derib, Guillaume Long, Bob de Groot, Youri Jigounov, Etienne L\u00e9croart, Enrico Marini, Jean-Claude M\u00e9zi\u00e8res, Mezzo, Grzegorz Rosinski, Anna Sommer, T\u00e9bo, ou Wazem ainsi que des talents en devenir comme des explorateurs et exp\u00e9rimentateurs de la BD.<\/p>\n<p><strong>Neuf expositions<\/strong> \u2013 Del\u00e9mont&rsquo;BD souhaite incarne comme une vitrine de la cr\u00e9ation pass\u00e9e et actuelle de la bande dessin\u00e9e par neuf expositions originales ou emprunt\u00e9es.<\/p>\n<ul>\n<li><strong>Zep \u2013 Petits et grand dess(e)ins<\/strong> \u2014 Une r\u00e9trospective d\u00e9di\u00e9e \u00e0 Zep, Grand Trissou 2015 de Del\u00e9mont\u2019BD, emm\u00e8nera le public \u00e0 la d\u00e9couverte de ses g\u00e9niales cr\u00e9ations, des premi\u00e8res planches Titeuf \u00e0 celle du prochain album \u00e9 venir (le 14e), en passant par ses dessins d\u2019enfant ou ses cr\u00e9ations sur le sexe, la nature ou la musique.<\/li>\n<li><strong>Derib \u2014 Le galop du Silence<\/strong> \u2013 L\u2019auteur de Yakari, Jo et Buddy Longway pr\u00e9sente en primeur, les crayonn\u00e9s de sa prochaine bande dessin\u00e9e sur l\u2019\u00e9levage des chevaux des Franches-montagnes, une race de chevaux dont le berceau se trouve tout pr\u00e8s de Del\u00e9mont.<\/li>\n<li><strong>Etienne L\u00e9croart \u2013 Planches en vrac et \u00e0 la d\u00e9coupe <\/strong>\u2013 Une exposition tout en bois et vraies planches pour d\u00e9couvrir (presque) tous les possibles de la BD et du r\u00e9cit s\u00e9quentiel, dans un exercice plac\u00e9 sous le principe de l\u2019Ouvroir de Bande dessin\u00e9e Potentielle (OuBaPo).<\/li>\n<li><strong>Florent Chavouet \u2013 P\u00e9riples japonais \u2013 <\/strong>Cette expo monographique pr\u00e9sente les carnets de voyage au Japon du jeune dessinateur, desquels sont notamment tir\u00e9s de fascinantes perspectives en surplomb. Sa premi\u00e8re BD <em>Petites coupures \u00e0 Shiogui<\/em> a \u00e9t\u00e9 salu\u00e9e du Prix du polar SNCF d\u2019Angoul\u00eame.<\/li>\n<\/ul>\n<ul>\n<li><strong>Peter Gut \u2013 Conteur du monde <\/strong>\u2013 Entre caricatures, dessins de presse et dessins \u00e9rotiques, cet accrochage \u00e0 l\u2019humour aussi caustique que d\u00e9licieux fait d\u00e9couvrir aux francophones ce grand dessinateur suisse al\u00e9manique.<\/li>\n<li><strong>Mezoo \u2013<\/strong> <strong>Love in vain <\/strong>\u2013 Auteur notamment du <em>Roi des mouches<\/em>, Mezzo pr\u00e9sente des dessins originaux de <em>Love in Vain<\/em>, racontant la l\u00e9gende du blues, Robert Johnson, sur une musique de circonstance. Mezzo et Dupont ont r\u00e9cemment \u00e9t\u00e9 aur\u00e9ol\u00e9s du Prix des libraires\u00a02015.<\/li>\n<li><strong>Anuki, le grand petit Indien <\/strong>\u2013 Une expo muette, comme les albums d\u2019Anuki, sign\u00e9s Maupom\u00e9 et S\u00e9n\u00e9gas, se destine aux tout-petits, d\u00e8s 4 ans. Elle se prolonge par un th\u00e9\u00e2tre d\u2019ombres<\/li>\n<li><strong>La Jungle<\/strong> \u2013 Premi\u00e8re cr\u00e9ation de\u00a0Del\u00e9mont&rsquo;BD, elle est l\u2019\u0153uvre de <strong>douze dessinateurs <\/strong>jurassiens invit\u00e9s \u00e0 investir en un temps record la mythique ruelle du Cheval-Blanc et \u00e0 occuper ses portes, ouvertures et interstices sur le th\u00e8me de la jungle.<\/li>\n<\/ul>\n<p><strong>Espace jeunesse<\/strong> \u2013 Del\u00e9mont&rsquo;BD s\u2019adressera aussi aux enfants (d\u00e8s 3 ans). Le samedi et le dimanche, d\u00e8s 10\u00a0h, ils pourront visiter, participer \u00e0 des rencontres-ateliers avec des auteurs, \u00e0 des s\u00e9ances de maquillage et de coiffure (pour faire comme Titeuf ou presque), \u00e0 des jeux BD, \u00e0 des ateliers de totems ou de cr\u00e9ation de vaisseaux spatiaux ainsi qu\u2019\u00e0 diverses animations de bricolage, de dessin ou de cr\u00e9ation collective. Une garderie pour les enfants d\u00e8s 2 ans sera aussi ouverte propos\u00e9e sur le temps du weekend.<\/p>\n<p><strong>Cases en ville<\/strong> \u2013 La Vieille Ville de Del\u00e9mont tout enti\u00e8re se mettra \u00e0 l\u2019heure de la bande dessin\u00e9e. Les vitrines des commer\u00e7ants ont d\u00e9j\u00e0 pris les couleurs du 9e art et les \u00e9coles pr\u00e9parent activement la f\u00eate avec des projets de fresques g\u00e9antes ou d\u2019hommage \u00e0 Titeuf. Les caf\u00e9s-restaurants du centre historique ainsi que la biblioth\u00e8que municipale ont, quant \u00e0 eux, pr\u00e9vu d\u2019accrocher les \u0153uvres d\u2019auteurs d\u2019ci ou d\u2019ailleurs, comme de proposer des floril\u00e8ges th\u00e9matiques. L\u2019un de ces derniers pr\u00e9sentera les fausses pubs tr\u00e8s d\u00e9jant\u00e9es et peu politiquement correctes de feu <em>Hara Kiri, le journal b\u00eate et m\u00e9chant<\/em>, anc\u00eatre de <em>Charlie Hebdo<\/em>. Onze projets sont au programme, avec notamment les premi\u00e8res planches de l\u2019album d\u2019Olivier Zappelli et Marc Boivin, <em>Planches \u00e0 ressasser<\/em>, ou de celui de L\u00e9andre Ackermann et Olivier F. Delasalle, <em>L\u2019odyss\u00e9e du microscopique<\/em>.<\/p>\n<p><strong style=\"line-height: 1.6;\">Hommage \u00e0 Cabu et Wolinski<\/strong><span style=\"line-height: 1.6;\"> \u2013 Victimes de la trag\u00e9die du 7 janvier et b\u00e9d\u00e9istes de l\u00e9gende, Cabu et Wolinski recevront au c\u0153ur de festival, par le biais d\u2019un intime espace de lecture d\u00e9di\u00e9 \u00e0 leurs \u0153uvres, un court, mais tr\u00e8s fort m\u00e9rit\u00e9 hommage \u00e0 leur talent et \u00e0 leur exceptionnelle libert\u00e9 d\u2019expression.<\/span><\/p>\n<p><strong>Bavardages et grands dessins<\/strong> \u2013 Del\u00e9mont&rsquo;BD reconna\u00eet l\u2019importance de la d\u00e9dicace, mais voit dans les rencontres, les performances dessin\u00e9es et les ateliers une mani\u00e8re diff\u00e9rente de mettre en contact public et auteurs, de faire d\u00e9couvrir le travail de ces derniers. Un important programme a, dans ce sens, \u00e9t\u00e9 mis sur pied sans pour autant d\u00e9laisser le plaisir des d\u00e9dicaces puisque plus de 40 auteurs rendront, par le dessin, hommage \u00e0 leurs lecteurs d\u00e8s le vendredi \u00e0 15\u00a0h et pendant tout le week-end. Le programme complet des d\u00e9dicaces sera d\u00e9voil\u00e9 le 29 juin prochain.<\/p>\n<p><strong>Concerts et vie nocturne<\/strong> \u2013 Del\u00e9mont&rsquo;BD s\u2019animera de jour comme de nuit, avec une vaste offre de restauration et de boissons locales. Pour les plus grands, la se poursuit en concert avec des concerts sous les \u00e9toiles le vendredi et le samedi dans la cour du Ch\u00e2teau, ainsi que des jams de dessin avec les auteurs invit\u00e9s au SAS, le club musical attenant.<\/p>\n<p><strong>Informations pratiques<\/strong>. \u2013 Del\u00e9mont&rsquo;BD entend \u00eatre accessible au plus grand nombre, tant par la diversit\u00e9 de son offre que par sa politique tarifaire (CHF 8.- pour les adultes, CHF 5.-, entr\u00e9e libre pour les moins de 16 ans). Pendant les heures d&rsquo;ouverture diurne, de 9\u00a0h \u00e0 18\u00a0h, le billet journalier donnera acc\u00e8s aux expositions, animations, bavardages et grands dessins ainsi qu\u2019aux projections du Cin\u00e9ma La Grange. La librairie, les espaces des exposants et des d\u00e9dicaces, l\u2019Espace jeunesse, le programme Cases en ville ainsi que les concerts propos\u00e9s en soir\u00e9e jusqu\u2019\u00e0 minuit, dans la cour du Ch\u00e2teau, seront accessibles librement.<\/p>\n<div id=\"crieu-4119586723\" class=\"crieu-apres-le-contenu crieu-entity-placement\" style=\"margin-left: auto;margin-right: auto;text-align: center;\"><script async src=\"\/\/pagead2.googlesyndication.com\/pagead\/js\/adsbygoogle.js?client=ca-pub-5271584769416742\" crossorigin=\"anonymous\"><\/script><ins class=\"adsbygoogle\" style=\"display:block;\" data-ad-client=\"ca-pub-5271584769416742\" \ndata-ad-slot=\"9321250718\" \ndata-ad-format=\"auto\"><\/ins>\n<script> \n(adsbygoogle = window.adsbygoogle || []).push({}); \n<\/script>\n<\/div>","protected":false},"excerpt":{"rendered":"<p>Le g\u00e9nial cr\u00e9ateur de Titeuf signe l\u2019affiche officielle de la premi\u00e8re \u00e9dition de Del\u00e9mont\u2019BD qui se d\u00e9roulera du jeudi 2 au dimanche 5 juillet 2015, dans la vieille ville de <a href=\"https:\/\/bale.ch\/journal\/le-pere-de-titeuf-invite-dhonneur-a-delemont-bd\/\" class=\"read-more button-fancy -red\"><span class=\"btn-arrow\"><\/span><span class=\"twp-read-more text\">Continuer la lecture<\/span><\/a><\/p>\n","protected":false},"author":2,"featured_media":195,"comment_status":"closed","ping_status":"closed","sticky":false,"template":"","format":"standard","meta":{"footnotes":""},"categories":[10,8],"tags":[20,50],"class_list":["post-194","post","type-post","status-publish","format-standard","has-post-thumbnail","hentry","category-culture","category-suisse","tag-bande-dessinee","tag-delemont"],"yoast_head":"<!-- This site is optimized with the Yoast SEO plugin v28.3 - https:\/\/yoast.com\/product\/yoast-seo-wordpress\/ -->\n<title>Le p\u00e8re de Titeuf invit\u00e9 d&#039;honneur \u00e0 Del\u00e9mont BD - Journal de B\u00e2le et Gen\u00e8ve<\/title>\n<meta name=\"robots\" content=\"index, follow, max-snippet:-1, max-image-preview:large, max-video-preview:-1\" \/>\n<link rel=\"canonical\" href=\"https:\/\/bale.ch\/journal\/le-pere-de-titeuf-invite-dhonneur-a-delemont-bd\/\" \/>\n<meta property=\"og:locale\" content=\"fr_FR\" \/>\n<meta property=\"og:type\" content=\"article\" \/>\n<meta property=\"og:title\" content=\"Le p\u00e8re de Titeuf invit\u00e9 d&#039;honneur \u00e0 Del\u00e9mont BD - Journal de B\u00e2le et Gen\u00e8ve\" \/>\n<meta property=\"og:description\" content=\"Le g\u00e9nial cr\u00e9ateur de Titeuf signe l\u2019affiche officielle de la premi\u00e8re \u00e9dition de Del\u00e9mont\u2019BD qui se d\u00e9roulera du jeudi 2 au dimanche 5 juillet 2015, dans la vieille ville de Continuer la lecture\" \/>\n<meta property=\"og:url\" content=\"https:\/\/bale.ch\/journal\/le-pere-de-titeuf-invite-dhonneur-a-delemont-bd\/\" \/>\n<meta property=\"og:site_name\" content=\"Journal de B\u00e2le et Gen\u00e8ve\" \/>\n<meta property=\"article:published_time\" content=\"2015-06-10T18:52:17+00:00\" \/>\n<meta property=\"article:modified_time\" content=\"2015-10-27T18:55:32+00:00\" \/>\n<meta property=\"og:image\" content=\"https:\/\/bale.ch\/journal\/wp-content\/uploads\/2015\/10\/zep_delemont_bd.jpg\" \/>\n\t<meta property=\"og:image:width\" content=\"900\" \/>\n\t<meta property=\"og:image:height\" content=\"599\" \/>\n\t<meta property=\"og:image:type\" content=\"image\/jpeg\" \/>\n<meta name=\"author\" content=\"La R\u00e9daction\" \/>\n<meta name=\"twitter:card\" content=\"summary_large_image\" \/>\n<meta name=\"twitter:label1\" content=\"\u00c9crit par\" \/>\n\t<meta name=\"twitter:data1\" content=\"La R\u00e9daction\" \/>\n\t<meta name=\"twitter:label2\" content=\"Dur\u00e9e de lecture estim\u00e9e\" \/>\n\t<meta name=\"twitter:data2\" content=\"7 minutes\" \/>\n<script type=\"application\/ld+json\" class=\"yoast-schema-graph\">{\"@context\":\"https:\\\/\\\/schema.org\",\"@graph\":[{\"@type\":\"Article\",\"@id\":\"https:\\\/\\\/bale.ch\\\/journal\\\/le-pere-de-titeuf-invite-dhonneur-a-delemont-bd\\\/#article\",\"isPartOf\":{\"@id\":\"https:\\\/\\\/bale.ch\\\/journal\\\/le-pere-de-titeuf-invite-dhonneur-a-delemont-bd\\\/\"},\"author\":{\"name\":\"La R\u00e9daction\",\"@id\":\"https:\\\/\\\/bale.ch\\\/journal\\\/#\\\/schema\\\/person\\\/03ced978db3b7a5274c5cef003f352f5\"},\"headline\":\"Le p\u00e8re de Titeuf invit\u00e9 d&rsquo;honneur \u00e0 Del\u00e9mont BD\",\"datePublished\":\"2015-06-10T18:52:17+00:00\",\"dateModified\":\"2015-10-27T18:55:32+00:00\",\"mainEntityOfPage\":{\"@id\":\"https:\\\/\\\/bale.ch\\\/journal\\\/le-pere-de-titeuf-invite-dhonneur-a-delemont-bd\\\/\"},\"wordCount\":1466,\"publisher\":{\"@id\":\"https:\\\/\\\/bale.ch\\\/journal\\\/#organization\"},\"image\":{\"@id\":\"https:\\\/\\\/bale.ch\\\/journal\\\/le-pere-de-titeuf-invite-dhonneur-a-delemont-bd\\\/#primaryimage\"},\"thumbnailUrl\":\"https:\\\/\\\/bale.ch\\\/journal\\\/wp-content\\\/uploads\\\/2015\\\/10\\\/zep_delemont_bd.jpg\",\"keywords\":[\"bande dessin\u00e9e\",\"Del\u00e9mont\"],\"articleSection\":[\"Culture\",\"Suisse\"],\"inLanguage\":\"fr-FR\"},{\"@type\":\"WebPage\",\"@id\":\"https:\\\/\\\/bale.ch\\\/journal\\\/le-pere-de-titeuf-invite-dhonneur-a-delemont-bd\\\/\",\"url\":\"https:\\\/\\\/bale.ch\\\/journal\\\/le-pere-de-titeuf-invite-dhonneur-a-delemont-bd\\\/\",\"name\":\"Le p\u00e8re de Titeuf invit\u00e9 d'honneur \u00e0 Del\u00e9mont BD - Journal de B\u00e2le et Gen\u00e8ve\",\"isPartOf\":{\"@id\":\"https:\\\/\\\/bale.ch\\\/journal\\\/#website\"},\"primaryImageOfPage\":{\"@id\":\"https:\\\/\\\/bale.ch\\\/journal\\\/le-pere-de-titeuf-invite-dhonneur-a-delemont-bd\\\/#primaryimage\"},\"image\":{\"@id\":\"https:\\\/\\\/bale.ch\\\/journal\\\/le-pere-de-titeuf-invite-dhonneur-a-delemont-bd\\\/#primaryimage\"},\"thumbnailUrl\":\"https:\\\/\\\/bale.ch\\\/journal\\\/wp-content\\\/uploads\\\/2015\\\/10\\\/zep_delemont_bd.jpg\",\"datePublished\":\"2015-06-10T18:52:17+00:00\",\"dateModified\":\"2015-10-27T18:55:32+00:00\",\"breadcrumb\":{\"@id\":\"https:\\\/\\\/bale.ch\\\/journal\\\/le-pere-de-titeuf-invite-dhonneur-a-delemont-bd\\\/#breadcrumb\"},\"inLanguage\":\"fr-FR\",\"potentialAction\":[{\"@type\":\"ReadAction\",\"target\":[\"https:\\\/\\\/bale.ch\\\/journal\\\/le-pere-de-titeuf-invite-dhonneur-a-delemont-bd\\\/\"]}]},{\"@type\":\"ImageObject\",\"inLanguage\":\"fr-FR\",\"@id\":\"https:\\\/\\\/bale.ch\\\/journal\\\/le-pere-de-titeuf-invite-dhonneur-a-delemont-bd\\\/#primaryimage\",\"url\":\"https:\\\/\\\/bale.ch\\\/journal\\\/wp-content\\\/uploads\\\/2015\\\/10\\\/zep_delemont_bd.jpg\",\"contentUrl\":\"https:\\\/\\\/bale.ch\\\/journal\\\/wp-content\\\/uploads\\\/2015\\\/10\\\/zep_delemont_bd.jpg\",\"width\":900,\"height\":599,\"caption\":\"Zep posant \u00e0 c\u00f4t\u00e9 de l'affiche qu'il a r\u00e9alis\u00e9 pour le Festival.\"},{\"@type\":\"BreadcrumbList\",\"@id\":\"https:\\\/\\\/bale.ch\\\/journal\\\/le-pere-de-titeuf-invite-dhonneur-a-delemont-bd\\\/#breadcrumb\",\"itemListElement\":[{\"@type\":\"ListItem\",\"position\":1,\"name\":\"Accueil\",\"item\":\"https:\\\/\\\/bale.ch\\\/journal\\\/\"},{\"@type\":\"ListItem\",\"position\":2,\"name\":\"Le p\u00e8re de Titeuf invit\u00e9 d&rsquo;honneur \u00e0 Del\u00e9mont BD\"}]},{\"@type\":\"WebSite\",\"@id\":\"https:\\\/\\\/bale.ch\\\/journal\\\/#website\",\"url\":\"https:\\\/\\\/bale.ch\\\/journal\\\/\",\"name\":\"Journal de B\u00e2le et Gen\u00e8ve\",\"description\":\"M\u00e9dia transfrontalier d&#039;actualit\u00e9s - News\",\"publisher\":{\"@id\":\"https:\\\/\\\/bale.ch\\\/journal\\\/#organization\"},\"potentialAction\":[{\"@type\":\"SearchAction\",\"target\":{\"@type\":\"EntryPoint\",\"urlTemplate\":\"https:\\\/\\\/bale.ch\\\/journal\\\/?s={search_term_string}\"},\"query-input\":{\"@type\":\"PropertyValueSpecification\",\"valueRequired\":true,\"valueName\":\"search_term_string\"}}],\"inLanguage\":\"fr-FR\"},{\"@type\":\"Organization\",\"@id\":\"https:\\\/\\\/bale.ch\\\/journal\\\/#organization\",\"name\":\"Journal de B\u00e2le et Gen\u00e8ve\",\"url\":\"https:\\\/\\\/bale.ch\\\/journal\\\/\",\"logo\":{\"@type\":\"ImageObject\",\"inLanguage\":\"fr-FR\",\"@id\":\"https:\\\/\\\/bale.ch\\\/journal\\\/#\\\/schema\\\/logo\\\/image\\\/\",\"url\":\"https:\\\/\\\/bale.ch\\\/journal\\\/wp-content\\\/uploads\\\/2023\\\/07\\\/journaldebale_logo_2023_nb.png\",\"contentUrl\":\"https:\\\/\\\/bale.ch\\\/journal\\\/wp-content\\\/uploads\\\/2023\\\/07\\\/journaldebale_logo_2023_nb.png\",\"width\":371,\"height\":127,\"caption\":\"Journal de B\u00e2le et Gen\u00e8ve\"},\"image\":{\"@id\":\"https:\\\/\\\/bale.ch\\\/journal\\\/#\\\/schema\\\/logo\\\/image\\\/\"}},{\"@type\":\"Person\",\"@id\":\"https:\\\/\\\/bale.ch\\\/journal\\\/#\\\/schema\\\/person\\\/03ced978db3b7a5274c5cef003f352f5\",\"name\":\"La R\u00e9daction\",\"image\":{\"@type\":\"ImageObject\",\"inLanguage\":\"fr-FR\",\"@id\":\"https:\\\/\\\/secure.gravatar.com\\\/avatar\\\/d1327e2ce8d2b860112f968a3f34686c9bdda7a463a1502cdd1070ac9d88cf1e?s=96&d=mm&r=g\",\"url\":\"https:\\\/\\\/secure.gravatar.com\\\/avatar\\\/d1327e2ce8d2b860112f968a3f34686c9bdda7a463a1502cdd1070ac9d88cf1e?s=96&d=mm&r=g\",\"contentUrl\":\"https:\\\/\\\/secure.gravatar.com\\\/avatar\\\/d1327e2ce8d2b860112f968a3f34686c9bdda7a463a1502cdd1070ac9d88cf1e?s=96&d=mm&r=g\",\"caption\":\"La R\u00e9daction\"},\"url\":\"https:\\\/\\\/bale.ch\\\/journal\\\/author\\\/laredaction\\\/\"}]}<\/script>\n<!-- \/ Yoast SEO plugin. -->","yoast_head_json":{"title":"Le p\u00e8re de Titeuf invit\u00e9 d'honneur \u00e0 Del\u00e9mont BD - Journal de B\u00e2le et Gen\u00e8ve","robots":{"index":"index","follow":"follow","max-snippet":"max-snippet:-1","max-image-preview":"max-image-preview:large","max-video-preview":"max-video-preview:-1"},"canonical":"https:\/\/bale.ch\/journal\/le-pere-de-titeuf-invite-dhonneur-a-delemont-bd\/","og_locale":"fr_FR","og_type":"article","og_title":"Le p\u00e8re de Titeuf invit\u00e9 d'honneur \u00e0 Del\u00e9mont BD - Journal de B\u00e2le et Gen\u00e8ve","og_description":"Le g\u00e9nial cr\u00e9ateur de Titeuf signe l\u2019affiche officielle de la premi\u00e8re \u00e9dition de Del\u00e9mont\u2019BD qui se d\u00e9roulera du jeudi 2 au dimanche 5 juillet 2015, dans la vieille ville de Continuer la lecture","og_url":"https:\/\/bale.ch\/journal\/le-pere-de-titeuf-invite-dhonneur-a-delemont-bd\/","og_site_name":"Journal de B\u00e2le et Gen\u00e8ve","article_published_time":"2015-06-10T18:52:17+00:00","article_modified_time":"2015-10-27T18:55:32+00:00","og_image":[{"width":900,"height":599,"url":"https:\/\/bale.ch\/journal\/wp-content\/uploads\/2015\/10\/zep_delemont_bd.jpg","type":"image\/jpeg"}],"author":"La R\u00e9daction","twitter_card":"summary_large_image","twitter_misc":{"\u00c9crit par":"La R\u00e9daction","Dur\u00e9e de lecture estim\u00e9e":"7 minutes"},"schema":{"@context":"https:\/\/schema.org","@graph":[{"@type":"Article","@id":"https:\/\/bale.ch\/journal\/le-pere-de-titeuf-invite-dhonneur-a-delemont-bd\/#article","isPartOf":{"@id":"https:\/\/bale.ch\/journal\/le-pere-de-titeuf-invite-dhonneur-a-delemont-bd\/"},"author":{"name":"La R\u00e9daction","@id":"https:\/\/bale.ch\/journal\/#\/schema\/person\/03ced978db3b7a5274c5cef003f352f5"},"headline":"Le p\u00e8re de Titeuf invit\u00e9 d&rsquo;honneur \u00e0 Del\u00e9mont BD","datePublished":"2015-06-10T18:52:17+00:00","dateModified":"2015-10-27T18:55:32+00:00","mainEntityOfPage":{"@id":"https:\/\/bale.ch\/journal\/le-pere-de-titeuf-invite-dhonneur-a-delemont-bd\/"},"wordCount":1466,"publisher":{"@id":"https:\/\/bale.ch\/journal\/#organization"},"image":{"@id":"https:\/\/bale.ch\/journal\/le-pere-de-titeuf-invite-dhonneur-a-delemont-bd\/#primaryimage"},"thumbnailUrl":"https:\/\/bale.ch\/journal\/wp-content\/uploads\/2015\/10\/zep_delemont_bd.jpg","keywords":["bande dessin\u00e9e","Del\u00e9mont"],"articleSection":["Culture","Suisse"],"inLanguage":"fr-FR"},{"@type":"WebPage","@id":"https:\/\/bale.ch\/journal\/le-pere-de-titeuf-invite-dhonneur-a-delemont-bd\/","url":"https:\/\/bale.ch\/journal\/le-pere-de-titeuf-invite-dhonneur-a-delemont-bd\/","name":"Le p\u00e8re de Titeuf invit\u00e9 d'honneur \u00e0 Del\u00e9mont BD - Journal de B\u00e2le et Gen\u00e8ve","isPartOf":{"@id":"https:\/\/bale.ch\/journal\/#website"},"primaryImageOfPage":{"@id":"https:\/\/bale.ch\/journal\/le-pere-de-titeuf-invite-dhonneur-a-delemont-bd\/#primaryimage"},"image":{"@id":"https:\/\/bale.ch\/journal\/le-pere-de-titeuf-invite-dhonneur-a-delemont-bd\/#primaryimage"},"thumbnailUrl":"https:\/\/bale.ch\/journal\/wp-content\/uploads\/2015\/10\/zep_delemont_bd.jpg","datePublished":"2015-06-10T18:52:17+00:00","dateModified":"2015-10-27T18:55:32+00:00","breadcrumb":{"@id":"https:\/\/bale.ch\/journal\/le-pere-de-titeuf-invite-dhonneur-a-delemont-bd\/#breadcrumb"},"inLanguage":"fr-FR","potentialAction":[{"@type":"ReadAction","target":["https:\/\/bale.ch\/journal\/le-pere-de-titeuf-invite-dhonneur-a-delemont-bd\/"]}]},{"@type":"ImageObject","inLanguage":"fr-FR","@id":"https:\/\/bale.ch\/journal\/le-pere-de-titeuf-invite-dhonneur-a-delemont-bd\/#primaryimage","url":"https:\/\/bale.ch\/journal\/wp-content\/uploads\/2015\/10\/zep_delemont_bd.jpg","contentUrl":"https:\/\/bale.ch\/journal\/wp-content\/uploads\/2015\/10\/zep_delemont_bd.jpg","width":900,"height":599,"caption":"Zep posant \u00e0 c\u00f4t\u00e9 de l'affiche qu'il a r\u00e9alis\u00e9 pour le Festival."},{"@type":"BreadcrumbList","@id":"https:\/\/bale.ch\/journal\/le-pere-de-titeuf-invite-dhonneur-a-delemont-bd\/#breadcrumb","itemListElement":[{"@type":"ListItem","position":1,"name":"Accueil","item":"https:\/\/bale.ch\/journal\/"},{"@type":"ListItem","position":2,"name":"Le p\u00e8re de Titeuf invit\u00e9 d&rsquo;honneur \u00e0 Del\u00e9mont BD"}]},{"@type":"WebSite","@id":"https:\/\/bale.ch\/journal\/#website","url":"https:\/\/bale.ch\/journal\/","name":"Journal de B\u00e2le et Gen\u00e8ve","description":"M\u00e9dia transfrontalier d&#039;actualit\u00e9s - News","publisher":{"@id":"https:\/\/bale.ch\/journal\/#organization"},"potentialAction":[{"@type":"SearchAction","target":{"@type":"EntryPoint","urlTemplate":"https:\/\/bale.ch\/journal\/?s={search_term_string}"},"query-input":{"@type":"PropertyValueSpecification","valueRequired":true,"valueName":"search_term_string"}}],"inLanguage":"fr-FR"},{"@type":"Organization","@id":"https:\/\/bale.ch\/journal\/#organization","name":"Journal de B\u00e2le et Gen\u00e8ve","url":"https:\/\/bale.ch\/journal\/","logo":{"@type":"ImageObject","inLanguage":"fr-FR","@id":"https:\/\/bale.ch\/journal\/#\/schema\/logo\/image\/","url":"https:\/\/bale.ch\/journal\/wp-content\/uploads\/2023\/07\/journaldebale_logo_2023_nb.png","contentUrl":"https:\/\/bale.ch\/journal\/wp-content\/uploads\/2023\/07\/journaldebale_logo_2023_nb.png","width":371,"height":127,"caption":"Journal de B\u00e2le et Gen\u00e8ve"},"image":{"@id":"https:\/\/bale.ch\/journal\/#\/schema\/logo\/image\/"}},{"@type":"Person","@id":"https:\/\/bale.ch\/journal\/#\/schema\/person\/03ced978db3b7a5274c5cef003f352f5","name":"La R\u00e9daction","image":{"@type":"ImageObject","inLanguage":"fr-FR","@id":"https:\/\/secure.gravatar.com\/avatar\/d1327e2ce8d2b860112f968a3f34686c9bdda7a463a1502cdd1070ac9d88cf1e?s=96&d=mm&r=g","url":"https:\/\/secure.gravatar.com\/avatar\/d1327e2ce8d2b860112f968a3f34686c9bdda7a463a1502cdd1070ac9d88cf1e?s=96&d=mm&r=g","contentUrl":"https:\/\/secure.gravatar.com\/avatar\/d1327e2ce8d2b860112f968a3f34686c9bdda7a463a1502cdd1070ac9d88cf1e?s=96&d=mm&r=g","caption":"La R\u00e9daction"},"url":"https:\/\/bale.ch\/journal\/author\/laredaction\/"}]}},"_links":{"self":[{"href":"https:\/\/bale.ch\/journal\/wp-json\/wp\/v2\/posts\/194","targetHints":{"allow":["GET"]}}],"collection":[{"href":"https:\/\/bale.ch\/journal\/wp-json\/wp\/v2\/posts"}],"about":[{"href":"https:\/\/bale.ch\/journal\/wp-json\/wp\/v2\/types\/post"}],"author":[{"embeddable":true,"href":"https:\/\/bale.ch\/journal\/wp-json\/wp\/v2\/users\/2"}],"replies":[{"embeddable":true,"href":"https:\/\/bale.ch\/journal\/wp-json\/wp\/v2\/comments?post=194"}],"version-history":[{"count":2,"href":"https:\/\/bale.ch\/journal\/wp-json\/wp\/v2\/posts\/194\/revisions"}],"predecessor-version":[{"id":197,"href":"https:\/\/bale.ch\/journal\/wp-json\/wp\/v2\/posts\/194\/revisions\/197"}],"wp:featuredmedia":[{"embeddable":true,"href":"https:\/\/bale.ch\/journal\/wp-json\/wp\/v2\/media\/195"}],"wp:attachment":[{"href":"https:\/\/bale.ch\/journal\/wp-json\/wp\/v2\/media?parent=194"}],"wp:term":[{"taxonomy":"category","embeddable":true,"href":"https:\/\/bale.ch\/journal\/wp-json\/wp\/v2\/categories?post=194"},{"taxonomy":"post_tag","embeddable":true,"href":"https:\/\/bale.ch\/journal\/wp-json\/wp\/v2\/tags?post=194"}],"curies":[{"name":"wp","href":"https:\/\/api.w.org\/{rel}","templated":true}]}}