{"id":198,"date":"2014-02-04T18:56:07","date_gmt":"2014-02-04T18:56:07","guid":{"rendered":"http:\/\/bale.ch\/journal\/?p=198"},"modified":"2016-01-28T09:00:50","modified_gmt":"2016-01-28T09:00:50","slug":"t-shirt-grand-geneve","status":"publish","type":"post","link":"https:\/\/bale.ch\/journal\/t-shirt-grand-geneve\/","title":{"rendered":"Gross-Genf: le Grand Gen\u00e8ve a son t-shirt"},"content":{"rendered":"<p>Une agence de communication locale lance le t-shirt de \u00ab\u00a0la grosse agglo\u00a0\u00bb franco-valdo-genevoise, intitu\u00e9 <em>Gross-Genf<\/em> (Grand Gen\u00e8ve en allemand).<br \/>\n<!--more--><br \/>\nFaire conna\u00eetre cet eurodistrict, qui a depuis 2013 un nom et un d\u00e9but de gouvernance politique commune, est le but recherch\u00e9 par l&rsquo;agence.\u00abIl y a \u00e9galement un brin d&rsquo;autod\u00e9rision dans le choix du nom germanique\u00bb, pr\u00e9cise la direction, ajoutant que \u00able choix du nom un peu pompeux <em>Grand Gen\u00e8ve<\/em> a provoqu\u00e9 une lev\u00e9e de boucliers chez habitants du cantons de Vaud, y voyant une sorte d&rsquo;annexion \u00e0 la cit\u00e9 de Calvin. Les Savoyards du nord, globalement, le trouvant pour leur part positif, au vu de la renomm\u00e9e internationale de la ville du bout du lac\u00bb.<\/p>\n<p>Au dos du t-shirt se trouve la mention \u00abCalvingrad\u00bb, en r\u00e9f\u00e9rence \u00e0 la cit\u00e9 de Calvin. Le choix de la typographie semble aussi \u00eatre un petit clin d&rsquo;oeil aussi \u00e0 Berlin, capitale culturelle, aimantant de nombreux L\u00e9maniques.<\/p>\n<p>Le t-shirt est disponible sur laboutique savoyarde.com: <span style=\"text-decoration: underline;\"><a href=\"http:\/\/www.laboutiquesavoyarde.com\/fr\/t-shirt\/372-gross-genf-homme.html\" target=\"_blank\">coupe mecs<\/a><\/span> ou <span style=\"text-decoration: underline;\"><a href=\"http:\/\/www.laboutiquesavoyarde.com\/fr\/t-shirt\/373-gross-genf-femme.html\" target=\"_blank\">coupe meufs<\/a><\/span>.<\/p><div id=\"crieu-2181216490\" class=\"crieu-content crieu-entity-placement\"><script async src=\"\/\/pagead2.googlesyndication.com\/pagead\/js\/adsbygoogle.js?client=ca-pub-5271584769416742\" crossorigin=\"anonymous\"><\/script><ins class=\"adsbygoogle\" style=\"display:block;\" data-ad-client=\"ca-pub-5271584769416742\" \ndata-ad-slot=\"9321250718\" \ndata-ad-format=\"auto\"><\/ins>\n<script> \n(adsbygoogle = window.adsbygoogle || []).push({}); \n<\/script>\n<\/div>\n<div id=\"crieu-3396456182\" class=\"crieu-apres-le-contenu crieu-entity-placement\" style=\"margin-left: auto;margin-right: auto;text-align: center;\"><script async src=\"\/\/pagead2.googlesyndication.com\/pagead\/js\/adsbygoogle.js?client=ca-pub-5271584769416742\" crossorigin=\"anonymous\"><\/script><ins class=\"adsbygoogle\" style=\"display:block;\" data-ad-client=\"ca-pub-5271584769416742\" \ndata-ad-slot=\"9321250718\" \ndata-ad-format=\"auto\"><\/ins>\n<script> \n(adsbygoogle = window.adsbygoogle || []).push({}); \n<\/script>\n<\/div>","protected":false},"excerpt":{"rendered":"<p>Une agence de communication locale lance le t-shirt de \u00ab\u00a0la grosse agglo\u00a0\u00bb franco-valdo-genevoise, intitu\u00e9 Gross-Genf (Grand Gen\u00e8ve en allemand).<\/p>\n","protected":false},"author":2,"featured_media":378,"comment_status":"closed","ping_status":"closed","sticky":false,"template":"","format":"standard","meta":{"footnotes":""},"categories":[4],"tags":[],"class_list":["post-198","post","type-post","status-publish","format-standard","has-post-thumbnail","hentry","category-grand-geneve"],"yoast_head":"<!-- This site is optimized with the Yoast SEO plugin v28.3 - https:\/\/yoast.com\/product\/yoast-seo-wordpress\/ -->\n<title>Gross-Genf: le Grand Gen\u00e8ve a son t-shirt - Journal de B\u00e2le et Gen\u00e8ve<\/title>\n<meta name=\"robots\" content=\"index, follow, max-snippet:-1, max-image-preview:large, max-video-preview:-1\" \/>\n<link rel=\"canonical\" href=\"https:\/\/bale.ch\/journal\/t-shirt-grand-geneve\/\" \/>\n<meta property=\"og:locale\" content=\"fr_FR\" \/>\n<meta property=\"og:type\" content=\"article\" \/>\n<meta property=\"og:title\" content=\"Gross-Genf: le Grand Gen\u00e8ve a son t-shirt - Journal de B\u00e2le et Gen\u00e8ve\" \/>\n<meta property=\"og:description\" content=\"Une agence de communication locale lance le t-shirt de \u00ab\u00a0la grosse agglo\u00a0\u00bb franco-valdo-genevoise, intitu\u00e9 Gross-Genf (Grand Gen\u00e8ve en allemand).\" \/>\n<meta property=\"og:url\" content=\"https:\/\/bale.ch\/journal\/t-shirt-grand-geneve\/\" \/>\n<meta property=\"og:site_name\" content=\"Journal de B\u00e2le et Gen\u00e8ve\" \/>\n<meta property=\"article:published_time\" content=\"2014-02-04T18:56:07+00:00\" \/>\n<meta property=\"article:modified_time\" content=\"2016-01-28T09:00:50+00:00\" \/>\n<meta property=\"og:image\" content=\"https:\/\/bale.ch\/journal\/wp-content\/uploads\/2014\/02\/gross-genf_grand-geneve.png\" \/>\n\t<meta property=\"og:image:width\" content=\"604\" \/>\n\t<meta property=\"og:image:height\" content=\"510\" \/>\n\t<meta property=\"og:image:type\" content=\"image\/png\" \/>\n<meta name=\"author\" content=\"La R\u00e9daction\" \/>\n<meta name=\"twitter:card\" content=\"summary_large_image\" \/>\n<meta name=\"twitter:label1\" content=\"\u00c9crit par\" \/>\n\t<meta name=\"twitter:data1\" content=\"La R\u00e9daction\" \/>\n\t<meta name=\"twitter:label2\" content=\"Dur\u00e9e de lecture estim\u00e9e\" \/>\n\t<meta name=\"twitter:data2\" content=\"1 minute\" \/>\n<script type=\"application\/ld+json\" class=\"yoast-schema-graph\">{\"@context\":\"https:\\\/\\\/schema.org\",\"@graph\":[{\"@type\":\"Article\",\"@id\":\"https:\\\/\\\/bale.ch\\\/journal\\\/t-shirt-grand-geneve\\\/#article\",\"isPartOf\":{\"@id\":\"https:\\\/\\\/bale.ch\\\/journal\\\/t-shirt-grand-geneve\\\/\"},\"author\":{\"name\":\"La R\u00e9daction\",\"@id\":\"https:\\\/\\\/bale.ch\\\/journal\\\/#\\\/schema\\\/person\\\/03ced978db3b7a5274c5cef003f352f5\"},\"headline\":\"Gross-Genf: le Grand Gen\u00e8ve a son t-shirt\",\"datePublished\":\"2014-02-04T18:56:07+00:00\",\"dateModified\":\"2016-01-28T09:00:50+00:00\",\"mainEntityOfPage\":{\"@id\":\"https:\\\/\\\/bale.ch\\\/journal\\\/t-shirt-grand-geneve\\\/\"},\"wordCount\":184,\"publisher\":{\"@id\":\"https:\\\/\\\/bale.ch\\\/journal\\\/#organization\"},\"image\":{\"@id\":\"https:\\\/\\\/bale.ch\\\/journal\\\/t-shirt-grand-geneve\\\/#primaryimage\"},\"thumbnailUrl\":\"https:\\\/\\\/bale.ch\\\/journal\\\/wp-content\\\/uploads\\\/2014\\\/02\\\/gross-genf_grand-geneve.png\",\"articleSection\":[\"Grand Gen\u00e8ve\"],\"inLanguage\":\"fr-FR\"},{\"@type\":\"WebPage\",\"@id\":\"https:\\\/\\\/bale.ch\\\/journal\\\/t-shirt-grand-geneve\\\/\",\"url\":\"https:\\\/\\\/bale.ch\\\/journal\\\/t-shirt-grand-geneve\\\/\",\"name\":\"Gross-Genf: le Grand Gen\u00e8ve a son t-shirt - Journal de B\u00e2le et Gen\u00e8ve\",\"isPartOf\":{\"@id\":\"https:\\\/\\\/bale.ch\\\/journal\\\/#website\"},\"primaryImageOfPage\":{\"@id\":\"https:\\\/\\\/bale.ch\\\/journal\\\/t-shirt-grand-geneve\\\/#primaryimage\"},\"image\":{\"@id\":\"https:\\\/\\\/bale.ch\\\/journal\\\/t-shirt-grand-geneve\\\/#primaryimage\"},\"thumbnailUrl\":\"https:\\\/\\\/bale.ch\\\/journal\\\/wp-content\\\/uploads\\\/2014\\\/02\\\/gross-genf_grand-geneve.png\",\"datePublished\":\"2014-02-04T18:56:07+00:00\",\"dateModified\":\"2016-01-28T09:00:50+00:00\",\"breadcrumb\":{\"@id\":\"https:\\\/\\\/bale.ch\\\/journal\\\/t-shirt-grand-geneve\\\/#breadcrumb\"},\"inLanguage\":\"fr-FR\",\"potentialAction\":[{\"@type\":\"ReadAction\",\"target\":[\"https:\\\/\\\/bale.ch\\\/journal\\\/t-shirt-grand-geneve\\\/\"]}]},{\"@type\":\"ImageObject\",\"inLanguage\":\"fr-FR\",\"@id\":\"https:\\\/\\\/bale.ch\\\/journal\\\/t-shirt-grand-geneve\\\/#primaryimage\",\"url\":\"https:\\\/\\\/bale.ch\\\/journal\\\/wp-content\\\/uploads\\\/2014\\\/02\\\/gross-genf_grand-geneve.png\",\"contentUrl\":\"https:\\\/\\\/bale.ch\\\/journal\\\/wp-content\\\/uploads\\\/2014\\\/02\\\/gross-genf_grand-geneve.png\",\"width\":604,\"height\":510,\"caption\":\"Le t-shirt du Grand Gen\u00e8ve:\u00a0d\u00e9tail.\"},{\"@type\":\"BreadcrumbList\",\"@id\":\"https:\\\/\\\/bale.ch\\\/journal\\\/t-shirt-grand-geneve\\\/#breadcrumb\",\"itemListElement\":[{\"@type\":\"ListItem\",\"position\":1,\"name\":\"Accueil\",\"item\":\"https:\\\/\\\/bale.ch\\\/journal\\\/\"},{\"@type\":\"ListItem\",\"position\":2,\"name\":\"Gross-Genf: le Grand Gen\u00e8ve a son t-shirt\"}]},{\"@type\":\"WebSite\",\"@id\":\"https:\\\/\\\/bale.ch\\\/journal\\\/#website\",\"url\":\"https:\\\/\\\/bale.ch\\\/journal\\\/\",\"name\":\"Journal de B\u00e2le et Gen\u00e8ve\",\"description\":\"M\u00e9dia transfrontalier d&#039;actualit\u00e9s - News\",\"publisher\":{\"@id\":\"https:\\\/\\\/bale.ch\\\/journal\\\/#organization\"},\"potentialAction\":[{\"@type\":\"SearchAction\",\"target\":{\"@type\":\"EntryPoint\",\"urlTemplate\":\"https:\\\/\\\/bale.ch\\\/journal\\\/?s={search_term_string}\"},\"query-input\":{\"@type\":\"PropertyValueSpecification\",\"valueRequired\":true,\"valueName\":\"search_term_string\"}}],\"inLanguage\":\"fr-FR\"},{\"@type\":\"Organization\",\"@id\":\"https:\\\/\\\/bale.ch\\\/journal\\\/#organization\",\"name\":\"Journal de B\u00e2le et Gen\u00e8ve\",\"url\":\"https:\\\/\\\/bale.ch\\\/journal\\\/\",\"logo\":{\"@type\":\"ImageObject\",\"inLanguage\":\"fr-FR\",\"@id\":\"https:\\\/\\\/bale.ch\\\/journal\\\/#\\\/schema\\\/logo\\\/image\\\/\",\"url\":\"https:\\\/\\\/bale.ch\\\/journal\\\/wp-content\\\/uploads\\\/2023\\\/07\\\/journaldebale_logo_2023_nb.png\",\"contentUrl\":\"https:\\\/\\\/bale.ch\\\/journal\\\/wp-content\\\/uploads\\\/2023\\\/07\\\/journaldebale_logo_2023_nb.png\",\"width\":371,\"height\":127,\"caption\":\"Journal de B\u00e2le et Gen\u00e8ve\"},\"image\":{\"@id\":\"https:\\\/\\\/bale.ch\\\/journal\\\/#\\\/schema\\\/logo\\\/image\\\/\"}},{\"@type\":\"Person\",\"@id\":\"https:\\\/\\\/bale.ch\\\/journal\\\/#\\\/schema\\\/person\\\/03ced978db3b7a5274c5cef003f352f5\",\"name\":\"La R\u00e9daction\",\"image\":{\"@type\":\"ImageObject\",\"inLanguage\":\"fr-FR\",\"@id\":\"https:\\\/\\\/secure.gravatar.com\\\/avatar\\\/d1327e2ce8d2b860112f968a3f34686c9bdda7a463a1502cdd1070ac9d88cf1e?s=96&d=mm&r=g\",\"url\":\"https:\\\/\\\/secure.gravatar.com\\\/avatar\\\/d1327e2ce8d2b860112f968a3f34686c9bdda7a463a1502cdd1070ac9d88cf1e?s=96&d=mm&r=g\",\"contentUrl\":\"https:\\\/\\\/secure.gravatar.com\\\/avatar\\\/d1327e2ce8d2b860112f968a3f34686c9bdda7a463a1502cdd1070ac9d88cf1e?s=96&d=mm&r=g\",\"caption\":\"La R\u00e9daction\"},\"url\":\"https:\\\/\\\/bale.ch\\\/journal\\\/author\\\/laredaction\\\/\"}]}<\/script>\n<!-- \/ Yoast SEO plugin. -->","yoast_head_json":{"title":"Gross-Genf: le Grand Gen\u00e8ve a son t-shirt - Journal de B\u00e2le et Gen\u00e8ve","robots":{"index":"index","follow":"follow","max-snippet":"max-snippet:-1","max-image-preview":"max-image-preview:large","max-video-preview":"max-video-preview:-1"},"canonical":"https:\/\/bale.ch\/journal\/t-shirt-grand-geneve\/","og_locale":"fr_FR","og_type":"article","og_title":"Gross-Genf: le Grand Gen\u00e8ve a son t-shirt - Journal de B\u00e2le et Gen\u00e8ve","og_description":"Une agence de communication locale lance le t-shirt de \u00ab\u00a0la grosse agglo\u00a0\u00bb franco-valdo-genevoise, intitu\u00e9 Gross-Genf (Grand Gen\u00e8ve en allemand).","og_url":"https:\/\/bale.ch\/journal\/t-shirt-grand-geneve\/","og_site_name":"Journal de B\u00e2le et Gen\u00e8ve","article_published_time":"2014-02-04T18:56:07+00:00","article_modified_time":"2016-01-28T09:00:50+00:00","og_image":[{"width":604,"height":510,"url":"https:\/\/bale.ch\/journal\/wp-content\/uploads\/2014\/02\/gross-genf_grand-geneve.png","type":"image\/png"}],"author":"La R\u00e9daction","twitter_card":"summary_large_image","twitter_misc":{"\u00c9crit par":"La R\u00e9daction","Dur\u00e9e de lecture estim\u00e9e":"1 minute"},"schema":{"@context":"https:\/\/schema.org","@graph":[{"@type":"Article","@id":"https:\/\/bale.ch\/journal\/t-shirt-grand-geneve\/#article","isPartOf":{"@id":"https:\/\/bale.ch\/journal\/t-shirt-grand-geneve\/"},"author":{"name":"La R\u00e9daction","@id":"https:\/\/bale.ch\/journal\/#\/schema\/person\/03ced978db3b7a5274c5cef003f352f5"},"headline":"Gross-Genf: le Grand Gen\u00e8ve a son t-shirt","datePublished":"2014-02-04T18:56:07+00:00","dateModified":"2016-01-28T09:00:50+00:00","mainEntityOfPage":{"@id":"https:\/\/bale.ch\/journal\/t-shirt-grand-geneve\/"},"wordCount":184,"publisher":{"@id":"https:\/\/bale.ch\/journal\/#organization"},"image":{"@id":"https:\/\/bale.ch\/journal\/t-shirt-grand-geneve\/#primaryimage"},"thumbnailUrl":"https:\/\/bale.ch\/journal\/wp-content\/uploads\/2014\/02\/gross-genf_grand-geneve.png","articleSection":["Grand Gen\u00e8ve"],"inLanguage":"fr-FR"},{"@type":"WebPage","@id":"https:\/\/bale.ch\/journal\/t-shirt-grand-geneve\/","url":"https:\/\/bale.ch\/journal\/t-shirt-grand-geneve\/","name":"Gross-Genf: le Grand Gen\u00e8ve a son t-shirt - Journal de B\u00e2le et Gen\u00e8ve","isPartOf":{"@id":"https:\/\/bale.ch\/journal\/#website"},"primaryImageOfPage":{"@id":"https:\/\/bale.ch\/journal\/t-shirt-grand-geneve\/#primaryimage"},"image":{"@id":"https:\/\/bale.ch\/journal\/t-shirt-grand-geneve\/#primaryimage"},"thumbnailUrl":"https:\/\/bale.ch\/journal\/wp-content\/uploads\/2014\/02\/gross-genf_grand-geneve.png","datePublished":"2014-02-04T18:56:07+00:00","dateModified":"2016-01-28T09:00:50+00:00","breadcrumb":{"@id":"https:\/\/bale.ch\/journal\/t-shirt-grand-geneve\/#breadcrumb"},"inLanguage":"fr-FR","potentialAction":[{"@type":"ReadAction","target":["https:\/\/bale.ch\/journal\/t-shirt-grand-geneve\/"]}]},{"@type":"ImageObject","inLanguage":"fr-FR","@id":"https:\/\/bale.ch\/journal\/t-shirt-grand-geneve\/#primaryimage","url":"https:\/\/bale.ch\/journal\/wp-content\/uploads\/2014\/02\/gross-genf_grand-geneve.png","contentUrl":"https:\/\/bale.ch\/journal\/wp-content\/uploads\/2014\/02\/gross-genf_grand-geneve.png","width":604,"height":510,"caption":"Le t-shirt du Grand Gen\u00e8ve:\u00a0d\u00e9tail."},{"@type":"BreadcrumbList","@id":"https:\/\/bale.ch\/journal\/t-shirt-grand-geneve\/#breadcrumb","itemListElement":[{"@type":"ListItem","position":1,"name":"Accueil","item":"https:\/\/bale.ch\/journal\/"},{"@type":"ListItem","position":2,"name":"Gross-Genf: le Grand Gen\u00e8ve a son t-shirt"}]},{"@type":"WebSite","@id":"https:\/\/bale.ch\/journal\/#website","url":"https:\/\/bale.ch\/journal\/","name":"Journal de B\u00e2le et Gen\u00e8ve","description":"M\u00e9dia transfrontalier d&#039;actualit\u00e9s - News","publisher":{"@id":"https:\/\/bale.ch\/journal\/#organization"},"potentialAction":[{"@type":"SearchAction","target":{"@type":"EntryPoint","urlTemplate":"https:\/\/bale.ch\/journal\/?s={search_term_string}"},"query-input":{"@type":"PropertyValueSpecification","valueRequired":true,"valueName":"search_term_string"}}],"inLanguage":"fr-FR"},{"@type":"Organization","@id":"https:\/\/bale.ch\/journal\/#organization","name":"Journal de B\u00e2le et Gen\u00e8ve","url":"https:\/\/bale.ch\/journal\/","logo":{"@type":"ImageObject","inLanguage":"fr-FR","@id":"https:\/\/bale.ch\/journal\/#\/schema\/logo\/image\/","url":"https:\/\/bale.ch\/journal\/wp-content\/uploads\/2023\/07\/journaldebale_logo_2023_nb.png","contentUrl":"https:\/\/bale.ch\/journal\/wp-content\/uploads\/2023\/07\/journaldebale_logo_2023_nb.png","width":371,"height":127,"caption":"Journal de B\u00e2le et Gen\u00e8ve"},"image":{"@id":"https:\/\/bale.ch\/journal\/#\/schema\/logo\/image\/"}},{"@type":"Person","@id":"https:\/\/bale.ch\/journal\/#\/schema\/person\/03ced978db3b7a5274c5cef003f352f5","name":"La R\u00e9daction","image":{"@type":"ImageObject","inLanguage":"fr-FR","@id":"https:\/\/secure.gravatar.com\/avatar\/d1327e2ce8d2b860112f968a3f34686c9bdda7a463a1502cdd1070ac9d88cf1e?s=96&d=mm&r=g","url":"https:\/\/secure.gravatar.com\/avatar\/d1327e2ce8d2b860112f968a3f34686c9bdda7a463a1502cdd1070ac9d88cf1e?s=96&d=mm&r=g","contentUrl":"https:\/\/secure.gravatar.com\/avatar\/d1327e2ce8d2b860112f968a3f34686c9bdda7a463a1502cdd1070ac9d88cf1e?s=96&d=mm&r=g","caption":"La R\u00e9daction"},"url":"https:\/\/bale.ch\/journal\/author\/laredaction\/"}]}},"_links":{"self":[{"href":"https:\/\/bale.ch\/journal\/wp-json\/wp\/v2\/posts\/198","targetHints":{"allow":["GET"]}}],"collection":[{"href":"https:\/\/bale.ch\/journal\/wp-json\/wp\/v2\/posts"}],"about":[{"href":"https:\/\/bale.ch\/journal\/wp-json\/wp\/v2\/types\/post"}],"author":[{"embeddable":true,"href":"https:\/\/bale.ch\/journal\/wp-json\/wp\/v2\/users\/2"}],"replies":[{"embeddable":true,"href":"https:\/\/bale.ch\/journal\/wp-json\/wp\/v2\/comments?post=198"}],"version-history":[{"count":10,"href":"https:\/\/bale.ch\/journal\/wp-json\/wp\/v2\/posts\/198\/revisions"}],"predecessor-version":[{"id":379,"href":"https:\/\/bale.ch\/journal\/wp-json\/wp\/v2\/posts\/198\/revisions\/379"}],"wp:featuredmedia":[{"embeddable":true,"href":"https:\/\/bale.ch\/journal\/wp-json\/wp\/v2\/media\/378"}],"wp:attachment":[{"href":"https:\/\/bale.ch\/journal\/wp-json\/wp\/v2\/media?parent=198"}],"wp:term":[{"taxonomy":"category","embeddable":true,"href":"https:\/\/bale.ch\/journal\/wp-json\/wp\/v2\/categories?post=198"},{"taxonomy":"post_tag","embeddable":true,"href":"https:\/\/bale.ch\/journal\/wp-json\/wp\/v2\/tags?post=198"}],"curies":[{"name":"wp","href":"https:\/\/api.w.org\/{rel}","templated":true}]}}