{"id":2023,"date":"2019-01-24T18:09:48","date_gmt":"2019-01-24T18:09:48","guid":{"rendered":"http:\/\/bale.ch\/journal\/?p=2023"},"modified":"2019-04-25T18:40:14","modified_gmt":"2019-04-25T18:40:14","slug":"luniversite-de-bale-va-interdire-lavion-pour-les-trajets-de-moins-de-1000-km","status":"publish","type":"post","link":"https:\/\/bale.ch\/journal\/luniversite-de-bale-va-interdire-lavion-pour-les-trajets-de-moins-de-1000-km\/","title":{"rendered":"L&rsquo;Universit\u00e9 de B\u00e2le va interdire l&rsquo;avion pour les trajets de moins de 1000 kilom\u00e8tres"},"content":{"rendered":"<p><strong>Pour limiter son empreinte carbone le Conseil de l&rsquo;Universit\u00e9 de B\u00e2le (Unibas) a adopt\u00e9 le principe contraignant de la \u00ab\u00a0r\u00e8gle des 1000 kilom\u00e8tres\u00a0\u00bb. Une premi\u00e8re!<\/strong><!--more--><\/p>\n<p>L&rsquo;id\u00e9e est d&rsquo;inciter \u00e0 utiliser les transports moins polluants comme le train pour tous les voyages universitaires, lorsque la distance n&rsquo;exc\u00e8de pas 1000 kilom\u00e8tres. La mesure n&rsquo;est cependant que symbolique, puisqu&rsquo;elle ne\u00a0concernera que les sorties organis\u00e9es par l&rsquo;universit\u00e9 pour les \u00e9tudiants, mais pas les d\u00e9placements des chercheurs dans le cadre professionnel.<\/p>\n<p>Selon la RTS, l&rsquo;id\u00e9e vient d&rsquo;un petit groupe d&rsquo;\u00e9tudiants <em>\u00ab\u00a0pour qui le monde acad\u00e9mique doit montrer l&rsquo;exemple face \u00e0 l&rsquo;enjeu climatique\u00a0\u00bb<\/em>, et qui se f\u00e9licite de ce <em>\u00ab\u00a0premier pas qui va dans la bonne direction\u00a0\u00bb<\/em>.<\/p><div id=\"crieu-1648950083\" class=\"crieu-content crieu-entity-placement\"><script async src=\"\/\/pagead2.googlesyndication.com\/pagead\/js\/adsbygoogle.js?client=ca-pub-5271584769416742\" crossorigin=\"anonymous\"><\/script><ins class=\"adsbygoogle\" style=\"display:block;\" data-ad-client=\"ca-pub-5271584769416742\" \ndata-ad-slot=\"9321250718\" \ndata-ad-format=\"auto\"><\/ins>\n<script> \n(adsbygoogle = window.adsbygoogle || []).push({}); \n<\/script>\n<\/div>\n<p>Les modalit\u00e9s d&rsquo;application seront discut\u00e9es au sein du rectorat ces prochaines semaines. Le principal probl\u00e8me qui se pose est que les tarifs du trains est bien souvent sup\u00e9rieur \u00e0 celui de l&rsquo;avion. Peut-on obliger les gens \u00e0 payer plus cher? Une forme de subvention pourrait \u00eatre envisag\u00e9e pour que le co\u00fbt soit au m\u00eame niveau que l&rsquo;avion. La solution \u00e0 ce probl\u00e8me pourrait \u00eatre trouv\u00e9e d&rsquo;ici \u00e0 l&rsquo;automne 2019, suivi d&rsquo;une rapide mise en application.<\/p>\n<p>D&rsquo;autres universit\u00e9s, comme celle de Neuch\u00e2tel songent \u00e0 des mesures similaires:\u00a0<em>\u00ab\u00a0Personne ne sait v\u00e9ritablement quelle mesure est la plus efficace ou la plus appropri\u00e9e mais nous sommes en phase d&rsquo;exp\u00e9rimentation. Le trait commun \u00e0 toutes ces initiatives, c&rsquo;est la conviction qu&rsquo;il faut faire quelque chose (&#8230;) et de fa\u00e7on relativement urgente\u00a0\u00bb<\/em>, a d\u00e9clar\u00e9 le vice-recteur de l&rsquo;Universit\u00e9 de \u00e0 la RTS.<\/p>\n<blockquote>\n<p style=\"text-align: left;\">&#8211;<br \/>\nOn ne peut que se r\u00e9jouir que cette question urgente li\u00e9e au changement climatique soit enfin prise \u00e0 bras le corps par ces institutions. Mais n&rsquo;est-on pas en train de prendre le probl\u00e8me \u00e0 l&rsquo;envers?\u00a0La croissance du trafic des a\u00e9roports de Gen\u00e8ve et B\u00e2le-Mulhouse doivent leur essor notamment aux vols de courte distance, tr\u00e8s bon march\u00e9 gr\u00e2ce notamment \u00e0\u00a0<strong>l\u2019absence de taxes sur le k\u00e9ros\u00e8ne<\/strong>. Les compagnies low-cost ont d\u00e9j\u00e0 enterr\u00e9 de nombre de lignes de trains nocturnes et m\u00eame de ceux \u00e0 grande vitesse.<\/p>\n<p style=\"text-align: left;\">Il est plus qu\u2019urgent\u00a0<strong>d\u2019int\u00e9grer les co\u00fbts environnementaux pour tous les transports, et r\u00e9tablir l&rsquo;\u00e9galit\u00e9 fiscal dans l&rsquo;aviation<\/strong>. Sinon, les mesures comme celles de l&rsquo;Unibas restera symbolique. <em>AL<\/em><\/p>\n<\/blockquote>\n<h6>Photo: Universit\u00e4t Basel\/Christian Flierl<\/h6>\n<div id=\"crieu-3308289862\" class=\"crieu-apres-le-contenu crieu-entity-placement\" style=\"margin-left: auto;margin-right: auto;text-align: center;\"><script async src=\"\/\/pagead2.googlesyndication.com\/pagead\/js\/adsbygoogle.js?client=ca-pub-5271584769416742\" crossorigin=\"anonymous\"><\/script><ins class=\"adsbygoogle\" style=\"display:block;\" data-ad-client=\"ca-pub-5271584769416742\" \ndata-ad-slot=\"9321250718\" \ndata-ad-format=\"auto\"><\/ins>\n<script> \n(adsbygoogle = window.adsbygoogle || []).push({}); \n<\/script>\n<\/div>","protected":false},"excerpt":{"rendered":"<p>Pour limiter son empreinte carbone le Conseil de l&rsquo;Universit\u00e9 de B\u00e2le (Unibas) a adopt\u00e9 le principe contraignant de la \u00ab\u00a0r\u00e8gle des 1000 kilom\u00e8tres\u00a0\u00bb. Une premi\u00e8re!<\/p>\n","protected":false},"author":3,"featured_media":2024,"comment_status":"closed","ping_status":"closed","sticky":false,"template":"","format":"standard","meta":{"footnotes":""},"categories":[103,7,143],"tags":[60,139,140,144,27],"class_list":["post-2023","post","type-post","status-publish","format-standard","has-post-thumbnail","hentry","category-actu","category-bale","category-ecologie","tag-bale","tag-ecologie","tag-environnement","tag-unibas","tag-universite-de-bale"],"yoast_head":"<!-- This site is optimized with the Yoast SEO plugin v28.3 - https:\/\/yoast.com\/product\/yoast-seo-wordpress\/ -->\n<title>L&#039;Universit\u00e9 de B\u00e2le va interdire l&#039;avion pour les trajets de moins de 1000 kilom\u00e8tres - Journal de B\u00e2le et Gen\u00e8ve<\/title>\n<meta name=\"robots\" content=\"index, follow, max-snippet:-1, max-image-preview:large, max-video-preview:-1\" \/>\n<link rel=\"canonical\" href=\"https:\/\/bale.ch\/journal\/luniversite-de-bale-va-interdire-lavion-pour-les-trajets-de-moins-de-1000-km\/\" \/>\n<meta property=\"og:locale\" content=\"fr_FR\" \/>\n<meta property=\"og:type\" content=\"article\" \/>\n<meta property=\"og:title\" content=\"L&#039;Universit\u00e9 de B\u00e2le va interdire l&#039;avion pour les trajets de moins de 1000 kilom\u00e8tres - Journal de B\u00e2le et Gen\u00e8ve\" \/>\n<meta property=\"og:description\" content=\"Pour limiter son empreinte carbone le Conseil de l&rsquo;Universit\u00e9 de B\u00e2le (Unibas) a adopt\u00e9 le principe contraignant de la \u00ab\u00a0r\u00e8gle des 1000 kilom\u00e8tres\u00a0\u00bb. Une premi\u00e8re!\" \/>\n<meta property=\"og:url\" content=\"https:\/\/bale.ch\/journal\/luniversite-de-bale-va-interdire-lavion-pour-les-trajets-de-moins-de-1000-km\/\" \/>\n<meta property=\"og:site_name\" content=\"Journal de B\u00e2le et Gen\u00e8ve\" \/>\n<meta property=\"article:published_time\" content=\"2019-01-24T18:09:48+00:00\" \/>\n<meta property=\"article:modified_time\" content=\"2019-04-25T18:40:14+00:00\" \/>\n<meta property=\"og:image\" content=\"https:\/\/bale.ch\/journal\/wp-content\/uploads\/2019\/01\/Kollegienhaus_universitat_basel_universite_de_bale.jpg\" \/>\n\t<meta property=\"og:image:width\" content=\"900\" \/>\n\t<meta property=\"og:image:height\" content=\"484\" \/>\n\t<meta property=\"og:image:type\" content=\"image\/jpeg\" \/>\n<meta name=\"author\" content=\"Alban Lavy\" \/>\n<meta name=\"twitter:card\" content=\"summary_large_image\" \/>\n<meta name=\"twitter:label1\" content=\"\u00c9crit par\" \/>\n\t<meta name=\"twitter:data1\" content=\"Alban Lavy\" \/>\n\t<meta name=\"twitter:label2\" content=\"Dur\u00e9e de lecture estim\u00e9e\" \/>\n\t<meta name=\"twitter:data2\" content=\"2 minutes\" \/>\n<script type=\"application\/ld+json\" class=\"yoast-schema-graph\">{\"@context\":\"https:\\\/\\\/schema.org\",\"@graph\":[{\"@type\":\"Article\",\"@id\":\"https:\\\/\\\/bale.ch\\\/journal\\\/luniversite-de-bale-va-interdire-lavion-pour-les-trajets-de-moins-de-1000-km\\\/#article\",\"isPartOf\":{\"@id\":\"https:\\\/\\\/bale.ch\\\/journal\\\/luniversite-de-bale-va-interdire-lavion-pour-les-trajets-de-moins-de-1000-km\\\/\"},\"author\":{\"name\":\"Alban Lavy\",\"@id\":\"https:\\\/\\\/bale.ch\\\/journal\\\/#\\\/schema\\\/person\\\/41bc7f908af0ffea5e38b8c5702e5626\"},\"headline\":\"L&rsquo;Universit\u00e9 de B\u00e2le va interdire l&rsquo;avion pour les trajets de moins de 1000 kilom\u00e8tres\",\"datePublished\":\"2019-01-24T18:09:48+00:00\",\"dateModified\":\"2019-04-25T18:40:14+00:00\",\"mainEntityOfPage\":{\"@id\":\"https:\\\/\\\/bale.ch\\\/journal\\\/luniversite-de-bale-va-interdire-lavion-pour-les-trajets-de-moins-de-1000-km\\\/\"},\"wordCount\":444,\"publisher\":{\"@id\":\"https:\\\/\\\/bale.ch\\\/journal\\\/#organization\"},\"image\":{\"@id\":\"https:\\\/\\\/bale.ch\\\/journal\\\/luniversite-de-bale-va-interdire-lavion-pour-les-trajets-de-moins-de-1000-km\\\/#primaryimage\"},\"thumbnailUrl\":\"https:\\\/\\\/bale.ch\\\/journal\\\/wp-content\\\/uploads\\\/2019\\\/01\\\/Kollegienhaus_universitat_basel_universite_de_bale.jpg\",\"keywords\":[\"B\u00e2le\",\"Ecologie\",\"Environnement\",\"Unibas\",\"Universit\u00e9 de B\u00e2le\"],\"articleSection\":[\"Actualit\u00e9s\",\"B\u00e2le Trinationale\",\"Ecologie\"],\"inLanguage\":\"fr-FR\"},{\"@type\":\"WebPage\",\"@id\":\"https:\\\/\\\/bale.ch\\\/journal\\\/luniversite-de-bale-va-interdire-lavion-pour-les-trajets-de-moins-de-1000-km\\\/\",\"url\":\"https:\\\/\\\/bale.ch\\\/journal\\\/luniversite-de-bale-va-interdire-lavion-pour-les-trajets-de-moins-de-1000-km\\\/\",\"name\":\"L'Universit\u00e9 de B\u00e2le va interdire l'avion pour les trajets de moins de 1000 kilom\u00e8tres - Journal de B\u00e2le et Gen\u00e8ve\",\"isPartOf\":{\"@id\":\"https:\\\/\\\/bale.ch\\\/journal\\\/#website\"},\"primaryImageOfPage\":{\"@id\":\"https:\\\/\\\/bale.ch\\\/journal\\\/luniversite-de-bale-va-interdire-lavion-pour-les-trajets-de-moins-de-1000-km\\\/#primaryimage\"},\"image\":{\"@id\":\"https:\\\/\\\/bale.ch\\\/journal\\\/luniversite-de-bale-va-interdire-lavion-pour-les-trajets-de-moins-de-1000-km\\\/#primaryimage\"},\"thumbnailUrl\":\"https:\\\/\\\/bale.ch\\\/journal\\\/wp-content\\\/uploads\\\/2019\\\/01\\\/Kollegienhaus_universitat_basel_universite_de_bale.jpg\",\"datePublished\":\"2019-01-24T18:09:48+00:00\",\"dateModified\":\"2019-04-25T18:40:14+00:00\",\"breadcrumb\":{\"@id\":\"https:\\\/\\\/bale.ch\\\/journal\\\/luniversite-de-bale-va-interdire-lavion-pour-les-trajets-de-moins-de-1000-km\\\/#breadcrumb\"},\"inLanguage\":\"fr-FR\",\"potentialAction\":[{\"@type\":\"ReadAction\",\"target\":[\"https:\\\/\\\/bale.ch\\\/journal\\\/luniversite-de-bale-va-interdire-lavion-pour-les-trajets-de-moins-de-1000-km\\\/\"]}]},{\"@type\":\"ImageObject\",\"inLanguage\":\"fr-FR\",\"@id\":\"https:\\\/\\\/bale.ch\\\/journal\\\/luniversite-de-bale-va-interdire-lavion-pour-les-trajets-de-moins-de-1000-km\\\/#primaryimage\",\"url\":\"https:\\\/\\\/bale.ch\\\/journal\\\/wp-content\\\/uploads\\\/2019\\\/01\\\/Kollegienhaus_universitat_basel_universite_de_bale.jpg\",\"contentUrl\":\"https:\\\/\\\/bale.ch\\\/journal\\\/wp-content\\\/uploads\\\/2019\\\/01\\\/Kollegienhaus_universitat_basel_universite_de_bale.jpg\",\"width\":900,\"height\":484},{\"@type\":\"BreadcrumbList\",\"@id\":\"https:\\\/\\\/bale.ch\\\/journal\\\/luniversite-de-bale-va-interdire-lavion-pour-les-trajets-de-moins-de-1000-km\\\/#breadcrumb\",\"itemListElement\":[{\"@type\":\"ListItem\",\"position\":1,\"name\":\"Accueil\",\"item\":\"https:\\\/\\\/bale.ch\\\/journal\\\/\"},{\"@type\":\"ListItem\",\"position\":2,\"name\":\"L&rsquo;Universit\u00e9 de B\u00e2le va interdire l&rsquo;avion pour les trajets de moins de 1000 kilom\u00e8tres\"}]},{\"@type\":\"WebSite\",\"@id\":\"https:\\\/\\\/bale.ch\\\/journal\\\/#website\",\"url\":\"https:\\\/\\\/bale.ch\\\/journal\\\/\",\"name\":\"Journal de B\u00e2le et Gen\u00e8ve\",\"description\":\"M\u00e9dia transfrontalier d&#039;actualit\u00e9s - News\",\"publisher\":{\"@id\":\"https:\\\/\\\/bale.ch\\\/journal\\\/#organization\"},\"potentialAction\":[{\"@type\":\"SearchAction\",\"target\":{\"@type\":\"EntryPoint\",\"urlTemplate\":\"https:\\\/\\\/bale.ch\\\/journal\\\/?s={search_term_string}\"},\"query-input\":{\"@type\":\"PropertyValueSpecification\",\"valueRequired\":true,\"valueName\":\"search_term_string\"}}],\"inLanguage\":\"fr-FR\"},{\"@type\":\"Organization\",\"@id\":\"https:\\\/\\\/bale.ch\\\/journal\\\/#organization\",\"name\":\"Journal de B\u00e2le et Gen\u00e8ve\",\"url\":\"https:\\\/\\\/bale.ch\\\/journal\\\/\",\"logo\":{\"@type\":\"ImageObject\",\"inLanguage\":\"fr-FR\",\"@id\":\"https:\\\/\\\/bale.ch\\\/journal\\\/#\\\/schema\\\/logo\\\/image\\\/\",\"url\":\"https:\\\/\\\/bale.ch\\\/journal\\\/wp-content\\\/uploads\\\/2023\\\/07\\\/journaldebale_logo_2023_nb.png\",\"contentUrl\":\"https:\\\/\\\/bale.ch\\\/journal\\\/wp-content\\\/uploads\\\/2023\\\/07\\\/journaldebale_logo_2023_nb.png\",\"width\":371,\"height\":127,\"caption\":\"Journal de B\u00e2le et Gen\u00e8ve\"},\"image\":{\"@id\":\"https:\\\/\\\/bale.ch\\\/journal\\\/#\\\/schema\\\/logo\\\/image\\\/\"}},{\"@type\":\"Person\",\"@id\":\"https:\\\/\\\/bale.ch\\\/journal\\\/#\\\/schema\\\/person\\\/41bc7f908af0ffea5e38b8c5702e5626\",\"name\":\"Alban Lavy\",\"image\":{\"@type\":\"ImageObject\",\"inLanguage\":\"fr-FR\",\"@id\":\"https:\\\/\\\/secure.gravatar.com\\\/avatar\\\/4978c5bb7295400e15bebf9881bc4db7866592bc59ffa2f62511214a10f68804?s=96&d=mm&r=g\",\"url\":\"https:\\\/\\\/secure.gravatar.com\\\/avatar\\\/4978c5bb7295400e15bebf9881bc4db7866592bc59ffa2f62511214a10f68804?s=96&d=mm&r=g\",\"contentUrl\":\"https:\\\/\\\/secure.gravatar.com\\\/avatar\\\/4978c5bb7295400e15bebf9881bc4db7866592bc59ffa2f62511214a10f68804?s=96&d=mm&r=g\",\"caption\":\"Alban Lavy\"},\"sameAs\":[\"http:\\\/\\\/bale.ch\\\/administration\\\/zeitung\\\/albanlavy\\\/\"],\"url\":\"https:\\\/\\\/bale.ch\\\/journal\\\/author\\\/lavy\\\/\"}]}<\/script>\n<!-- \/ Yoast SEO plugin. -->","yoast_head_json":{"title":"L'Universit\u00e9 de B\u00e2le va interdire l'avion pour les trajets de moins de 1000 kilom\u00e8tres - Journal de B\u00e2le et Gen\u00e8ve","robots":{"index":"index","follow":"follow","max-snippet":"max-snippet:-1","max-image-preview":"max-image-preview:large","max-video-preview":"max-video-preview:-1"},"canonical":"https:\/\/bale.ch\/journal\/luniversite-de-bale-va-interdire-lavion-pour-les-trajets-de-moins-de-1000-km\/","og_locale":"fr_FR","og_type":"article","og_title":"L'Universit\u00e9 de B\u00e2le va interdire l'avion pour les trajets de moins de 1000 kilom\u00e8tres - Journal de B\u00e2le et Gen\u00e8ve","og_description":"Pour limiter son empreinte carbone le Conseil de l&rsquo;Universit\u00e9 de B\u00e2le (Unibas) a adopt\u00e9 le principe contraignant de la \u00ab\u00a0r\u00e8gle des 1000 kilom\u00e8tres\u00a0\u00bb. Une premi\u00e8re!","og_url":"https:\/\/bale.ch\/journal\/luniversite-de-bale-va-interdire-lavion-pour-les-trajets-de-moins-de-1000-km\/","og_site_name":"Journal de B\u00e2le et Gen\u00e8ve","article_published_time":"2019-01-24T18:09:48+00:00","article_modified_time":"2019-04-25T18:40:14+00:00","og_image":[{"width":900,"height":484,"url":"https:\/\/bale.ch\/journal\/wp-content\/uploads\/2019\/01\/Kollegienhaus_universitat_basel_universite_de_bale.jpg","type":"image\/jpeg"}],"author":"Alban Lavy","twitter_card":"summary_large_image","twitter_misc":{"\u00c9crit par":"Alban Lavy","Dur\u00e9e de lecture estim\u00e9e":"2 minutes"},"schema":{"@context":"https:\/\/schema.org","@graph":[{"@type":"Article","@id":"https:\/\/bale.ch\/journal\/luniversite-de-bale-va-interdire-lavion-pour-les-trajets-de-moins-de-1000-km\/#article","isPartOf":{"@id":"https:\/\/bale.ch\/journal\/luniversite-de-bale-va-interdire-lavion-pour-les-trajets-de-moins-de-1000-km\/"},"author":{"name":"Alban Lavy","@id":"https:\/\/bale.ch\/journal\/#\/schema\/person\/41bc7f908af0ffea5e38b8c5702e5626"},"headline":"L&rsquo;Universit\u00e9 de B\u00e2le va interdire l&rsquo;avion pour les trajets de moins de 1000 kilom\u00e8tres","datePublished":"2019-01-24T18:09:48+00:00","dateModified":"2019-04-25T18:40:14+00:00","mainEntityOfPage":{"@id":"https:\/\/bale.ch\/journal\/luniversite-de-bale-va-interdire-lavion-pour-les-trajets-de-moins-de-1000-km\/"},"wordCount":444,"publisher":{"@id":"https:\/\/bale.ch\/journal\/#organization"},"image":{"@id":"https:\/\/bale.ch\/journal\/luniversite-de-bale-va-interdire-lavion-pour-les-trajets-de-moins-de-1000-km\/#primaryimage"},"thumbnailUrl":"https:\/\/bale.ch\/journal\/wp-content\/uploads\/2019\/01\/Kollegienhaus_universitat_basel_universite_de_bale.jpg","keywords":["B\u00e2le","Ecologie","Environnement","Unibas","Universit\u00e9 de B\u00e2le"],"articleSection":["Actualit\u00e9s","B\u00e2le Trinationale","Ecologie"],"inLanguage":"fr-FR"},{"@type":"WebPage","@id":"https:\/\/bale.ch\/journal\/luniversite-de-bale-va-interdire-lavion-pour-les-trajets-de-moins-de-1000-km\/","url":"https:\/\/bale.ch\/journal\/luniversite-de-bale-va-interdire-lavion-pour-les-trajets-de-moins-de-1000-km\/","name":"L'Universit\u00e9 de B\u00e2le va interdire l'avion pour les trajets de moins de 1000 kilom\u00e8tres - Journal de B\u00e2le et Gen\u00e8ve","isPartOf":{"@id":"https:\/\/bale.ch\/journal\/#website"},"primaryImageOfPage":{"@id":"https:\/\/bale.ch\/journal\/luniversite-de-bale-va-interdire-lavion-pour-les-trajets-de-moins-de-1000-km\/#primaryimage"},"image":{"@id":"https:\/\/bale.ch\/journal\/luniversite-de-bale-va-interdire-lavion-pour-les-trajets-de-moins-de-1000-km\/#primaryimage"},"thumbnailUrl":"https:\/\/bale.ch\/journal\/wp-content\/uploads\/2019\/01\/Kollegienhaus_universitat_basel_universite_de_bale.jpg","datePublished":"2019-01-24T18:09:48+00:00","dateModified":"2019-04-25T18:40:14+00:00","breadcrumb":{"@id":"https:\/\/bale.ch\/journal\/luniversite-de-bale-va-interdire-lavion-pour-les-trajets-de-moins-de-1000-km\/#breadcrumb"},"inLanguage":"fr-FR","potentialAction":[{"@type":"ReadAction","target":["https:\/\/bale.ch\/journal\/luniversite-de-bale-va-interdire-lavion-pour-les-trajets-de-moins-de-1000-km\/"]}]},{"@type":"ImageObject","inLanguage":"fr-FR","@id":"https:\/\/bale.ch\/journal\/luniversite-de-bale-va-interdire-lavion-pour-les-trajets-de-moins-de-1000-km\/#primaryimage","url":"https:\/\/bale.ch\/journal\/wp-content\/uploads\/2019\/01\/Kollegienhaus_universitat_basel_universite_de_bale.jpg","contentUrl":"https:\/\/bale.ch\/journal\/wp-content\/uploads\/2019\/01\/Kollegienhaus_universitat_basel_universite_de_bale.jpg","width":900,"height":484},{"@type":"BreadcrumbList","@id":"https:\/\/bale.ch\/journal\/luniversite-de-bale-va-interdire-lavion-pour-les-trajets-de-moins-de-1000-km\/#breadcrumb","itemListElement":[{"@type":"ListItem","position":1,"name":"Accueil","item":"https:\/\/bale.ch\/journal\/"},{"@type":"ListItem","position":2,"name":"L&rsquo;Universit\u00e9 de B\u00e2le va interdire l&rsquo;avion pour les trajets de moins de 1000 kilom\u00e8tres"}]},{"@type":"WebSite","@id":"https:\/\/bale.ch\/journal\/#website","url":"https:\/\/bale.ch\/journal\/","name":"Journal de B\u00e2le et Gen\u00e8ve","description":"M\u00e9dia transfrontalier d&#039;actualit\u00e9s - News","publisher":{"@id":"https:\/\/bale.ch\/journal\/#organization"},"potentialAction":[{"@type":"SearchAction","target":{"@type":"EntryPoint","urlTemplate":"https:\/\/bale.ch\/journal\/?s={search_term_string}"},"query-input":{"@type":"PropertyValueSpecification","valueRequired":true,"valueName":"search_term_string"}}],"inLanguage":"fr-FR"},{"@type":"Organization","@id":"https:\/\/bale.ch\/journal\/#organization","name":"Journal de B\u00e2le et Gen\u00e8ve","url":"https:\/\/bale.ch\/journal\/","logo":{"@type":"ImageObject","inLanguage":"fr-FR","@id":"https:\/\/bale.ch\/journal\/#\/schema\/logo\/image\/","url":"https:\/\/bale.ch\/journal\/wp-content\/uploads\/2023\/07\/journaldebale_logo_2023_nb.png","contentUrl":"https:\/\/bale.ch\/journal\/wp-content\/uploads\/2023\/07\/journaldebale_logo_2023_nb.png","width":371,"height":127,"caption":"Journal de B\u00e2le et Gen\u00e8ve"},"image":{"@id":"https:\/\/bale.ch\/journal\/#\/schema\/logo\/image\/"}},{"@type":"Person","@id":"https:\/\/bale.ch\/journal\/#\/schema\/person\/41bc7f908af0ffea5e38b8c5702e5626","name":"Alban Lavy","image":{"@type":"ImageObject","inLanguage":"fr-FR","@id":"https:\/\/secure.gravatar.com\/avatar\/4978c5bb7295400e15bebf9881bc4db7866592bc59ffa2f62511214a10f68804?s=96&d=mm&r=g","url":"https:\/\/secure.gravatar.com\/avatar\/4978c5bb7295400e15bebf9881bc4db7866592bc59ffa2f62511214a10f68804?s=96&d=mm&r=g","contentUrl":"https:\/\/secure.gravatar.com\/avatar\/4978c5bb7295400e15bebf9881bc4db7866592bc59ffa2f62511214a10f68804?s=96&d=mm&r=g","caption":"Alban Lavy"},"sameAs":["http:\/\/bale.ch\/administration\/zeitung\/albanlavy\/"],"url":"https:\/\/bale.ch\/journal\/author\/lavy\/"}]}},"_links":{"self":[{"href":"https:\/\/bale.ch\/journal\/wp-json\/wp\/v2\/posts\/2023","targetHints":{"allow":["GET"]}}],"collection":[{"href":"https:\/\/bale.ch\/journal\/wp-json\/wp\/v2\/posts"}],"about":[{"href":"https:\/\/bale.ch\/journal\/wp-json\/wp\/v2\/types\/post"}],"author":[{"embeddable":true,"href":"https:\/\/bale.ch\/journal\/wp-json\/wp\/v2\/users\/3"}],"replies":[{"embeddable":true,"href":"https:\/\/bale.ch\/journal\/wp-json\/wp\/v2\/comments?post=2023"}],"version-history":[{"count":7,"href":"https:\/\/bale.ch\/journal\/wp-json\/wp\/v2\/posts\/2023\/revisions"}],"predecessor-version":[{"id":2214,"href":"https:\/\/bale.ch\/journal\/wp-json\/wp\/v2\/posts\/2023\/revisions\/2214"}],"wp:featuredmedia":[{"embeddable":true,"href":"https:\/\/bale.ch\/journal\/wp-json\/wp\/v2\/media\/2024"}],"wp:attachment":[{"href":"https:\/\/bale.ch\/journal\/wp-json\/wp\/v2\/media?parent=2023"}],"wp:term":[{"taxonomy":"category","embeddable":true,"href":"https:\/\/bale.ch\/journal\/wp-json\/wp\/v2\/categories?post=2023"},{"taxonomy":"post_tag","embeddable":true,"href":"https:\/\/bale.ch\/journal\/wp-json\/wp\/v2\/tags?post=2023"}],"curies":[{"name":"wp","href":"https:\/\/api.w.org\/{rel}","templated":true}]}}