{"id":204,"date":"2012-10-27T19:09:42","date_gmt":"2012-10-27T19:09:42","guid":{"rendered":"http:\/\/bale.ch\/journal\/?p=204"},"modified":"2020-04-04T00:27:13","modified_gmt":"2020-04-04T00:27:13","slug":"la-revolution-des-lettres","status":"publish","type":"post","link":"https:\/\/bale.ch\/journal\/la-revolution-des-lettres\/","title":{"rendered":"La R\u00e9volution des lettres"},"content":{"rendered":"<p><strong>Les gens n\u2019\u00e9crivent plus. Ils tapent. Ils TAPENT !!! Tac, tac, tac\u2026 Clavier. Ordinateur. Traitement de textes. Imprimante. Toutes ces lettres bien align\u00e9es qui finissent dans des lignes, des pages, et parfois m\u00eame des livres, pour \u00eatre ensuite consomm\u00e9es \u00e0 outrance, mastiqu\u00e9es, dig\u00e9r\u00e9es, et finalement r\u00e9gurgit\u00e9es dans d\u2019autres feuilles virtuelles.<\/strong><br \/>\n<!--more--><br \/>\nOui mais voil\u00e0, \u00e9crire, \u00e7a fait peur. Je veux dire, une feuille blanche, un stylo, c\u2019est minimaliste, c\u2019est nu, c\u2019est vide. Alors qu\u2019un ordinateur, c\u2019est imposant, \u00e7a rassure. Pas \u00e9tonnant que dans notre soci\u00e9t\u00e9, la beaut\u00e9 d\u2019une femme soit proportionnelle \u00e0 la taille de ses glandes mammaires. Plus c\u2019est gros plus c\u2019est beau.<\/p>\n<p>Et puis \u00e9crire, c\u2019est fatiguant. Ca fatigue le poignet. Et si le poignet est trop muscl\u00e9, c\u2019est moche. On pr\u00f4ne le poignet fin et d\u00e9licat, le poignet qui n\u2019a jamais eu \u00e0 travailler. Alors que c\u2019est bien plus agr\u00e9able de taper.<\/p>\n<p>Et puis il y a un correcteur d\u2019orthographe. Parce que l\u2019orthographe, c\u2019est important. Ca aseptise. Ca nettoie. Les fautes d\u2019orthographe, c\u2019est comme des boutons sur le visage, ou des mauvaises herbes, c\u2019est repoussant. Et quand on \u00e9crit, on fait des ratures. C\u2019est moche. C\u2019est comme les rides, c\u2019est une marque du temps. Une page lisse, sans ratures, c\u2019est beaucoup plus joli, et agr\u00e9able.<\/p><div id=\"crieu-1808342338\" class=\"crieu-content crieu-entity-placement\"><script async src=\"\/\/pagead2.googlesyndication.com\/pagead\/js\/adsbygoogle.js?client=ca-pub-5271584769416742\" crossorigin=\"anonymous\"><\/script><ins class=\"adsbygoogle\" style=\"display:block;\" data-ad-client=\"ca-pub-5271584769416742\" \ndata-ad-slot=\"9321250718\" \ndata-ad-format=\"auto\"><\/ins>\n<script> \n(adsbygoogle = window.adsbygoogle || []).push({}); \n<\/script>\n<\/div>\n<p>C\u2019est pour toutes ces raisons que les gens n\u2019\u00e9crivent plus. Ah ben voui, mais apr\u00e8s la gr\u00e8ve g\u00e9n\u00e9rale du syndicat des stylos, c\u2019est au tour des lettres de se r\u00e9volter. Elles en ont MARRE\u00a0!!! MARRE de se faire taper dessus, au lieu d\u2019\u00eatre joliment dessin\u00e9es, MARRE d\u2019\u00eatre uniformes, toujours pareilles, MARRE d\u2019\u00eatre bien align\u00e9es, elles veulent se sentir exister. La bonne affaire\u2026<\/p>\n<p>Si bien qu\u2019ont \u00e9merg\u00e9 plusieurs partis politiques parmi elles. Des lettres comme le C militaient pour que chaque lettre soit utilis\u00e9e exactement le m\u00eame nombre de fois dans chaque texte, r\u00e9forme difficilement applicable.<\/p>\n<p>Les lettres comme le S voulaient rem\u00e9dier au ch\u00f4mage des lettres les plus d\u00e9favoris\u00e9es comme les W, X, Y et autres Z, en cr\u00e9ant de nouveaux mots, et en adoptant des mots de langes \u00e9trang\u00e8res.<\/p>\n<p>Les lettres comme le U, le M ou le P, voulaient que les in\u00e9galit\u00e9s entre lettres soient pr\u00e9serv\u00e9es, et que les voyelles d\u00e9j\u00e0 bien utilis\u00e9es, comme le E ou le A, le soient encore plus, en les simplifiant. Par exemple, le E, au lieu d\u2019\u00eatre une boucle, serait devenu un trait, et le A, serait devenu une petite canne, plus petite que le N. Ainsi, ces deux lettres seraient plus utilis\u00e9es, car plus faciles \u00e0 \u00e9crire.<\/p>\n<p>Quant aux lettres comme le F ou le N, elles demandaient l\u2019expulsion des lettres peu utilis\u00e9es comme les W, X, Y ou Z, car inutiles, et elles allaient m\u00eame jusqu\u2019\u00e0 demander \u00e0 ce que les lettres restent entre elles, afin de former des mots monolettres, ce qui simplifierait le langage et \u00e9viterait les m\u00e9tissages entre lettres d\u2019horizons diff\u00e9rents. On aurait donc\u00a0: \u00ab\u00a0SSS SSS VVV\u00a0? OOO EEE TTT\u00a0?\u00a0\u00bb<\/p>\n<p>Voil\u00e0 pourquoi j\u2019\u00e9cri , pour que le\u00a0 lettre\u00a0 ne\u00a0 e fa\u00a0 ent pa\u00a0 la malle, et pour qu\u2019elle\u00a0 pui\u00a0 ent\u00a0 e\u00a0 entir exi ter elle\u00a0 au\u00a0 i.<\/p>\n<div id=\"crieu-1086659620\" class=\"crieu-apres-le-contenu crieu-entity-placement\" style=\"margin-left: auto;margin-right: auto;text-align: center;\"><script async src=\"\/\/pagead2.googlesyndication.com\/pagead\/js\/adsbygoogle.js?client=ca-pub-5271584769416742\" crossorigin=\"anonymous\"><\/script><ins class=\"adsbygoogle\" style=\"display:block;\" data-ad-client=\"ca-pub-5271584769416742\" \ndata-ad-slot=\"9321250718\" \ndata-ad-format=\"auto\"><\/ins>\n<script> \n(adsbygoogle = window.adsbygoogle || []).push({}); \n<\/script>\n<\/div>","protected":false},"excerpt":{"rendered":"<p>Les gens n\u2019\u00e9crivent plus. Ils tapent. Ils TAPENT !!! Tac, tac, tac\u2026 Clavier. Ordinateur. Traitement de textes. Imprimante. Toutes ces lettres bien align\u00e9es qui finissent dans des lignes, des pages, <a href=\"https:\/\/bale.ch\/journal\/la-revolution-des-lettres\/\" class=\"read-more button-fancy -red\"><span class=\"btn-arrow\"><\/span><span class=\"twp-read-more text\">Continuer la lecture<\/span><\/a><\/p>\n","protected":false},"author":44,"featured_media":206,"comment_status":"closed","ping_status":"closed","sticky":false,"template":"","format":"standard","meta":{"footnotes":""},"categories":[15],"tags":[],"class_list":["post-204","post","type-post","status-publish","format-standard","has-post-thumbnail","hentry","category-opinions"],"yoast_head":"<!-- This site is optimized with the Yoast SEO plugin v28.3 - https:\/\/yoast.com\/product\/yoast-seo-wordpress\/ -->\n<title>La R\u00e9volution des lettres - Journal de B\u00e2le et Gen\u00e8ve<\/title>\n<meta name=\"robots\" content=\"index, follow, max-snippet:-1, max-image-preview:large, max-video-preview:-1\" \/>\n<link rel=\"canonical\" href=\"https:\/\/bale.ch\/journal\/la-revolution-des-lettres\/\" \/>\n<meta property=\"og:locale\" content=\"fr_FR\" \/>\n<meta property=\"og:type\" content=\"article\" \/>\n<meta property=\"og:title\" content=\"La R\u00e9volution des lettres - Journal de B\u00e2le et Gen\u00e8ve\" \/>\n<meta property=\"og:description\" content=\"Les gens n\u2019\u00e9crivent plus. Ils tapent. Ils TAPENT !!! Tac, tac, tac\u2026 Clavier. Ordinateur. Traitement de textes. Imprimante. Toutes ces lettres bien align\u00e9es qui finissent dans des lignes, des pages, Continuer la lecture\" \/>\n<meta property=\"og:url\" content=\"https:\/\/bale.ch\/journal\/la-revolution-des-lettres\/\" \/>\n<meta property=\"og:site_name\" content=\"Journal de B\u00e2le et Gen\u00e8ve\" \/>\n<meta property=\"article:published_time\" content=\"2012-10-27T19:09:42+00:00\" \/>\n<meta property=\"article:modified_time\" content=\"2020-04-04T00:27:13+00:00\" \/>\n<meta property=\"og:image\" content=\"https:\/\/bale.ch\/journal\/wp-content\/uploads\/2012\/10\/revolution-lettres.jpg\" \/>\n\t<meta property=\"og:image:width\" content=\"900\" \/>\n\t<meta property=\"og:image:height\" content=\"632\" \/>\n\t<meta property=\"og:image:type\" content=\"image\/jpeg\" \/>\n<meta name=\"author\" content=\"Negar Lakestani\" \/>\n<meta name=\"twitter:card\" content=\"summary_large_image\" \/>\n<meta name=\"twitter:label1\" content=\"\u00c9crit par\" \/>\n\t<meta name=\"twitter:data1\" content=\"Negar Lakestani\" \/>\n\t<meta name=\"twitter:label2\" content=\"Dur\u00e9e de lecture estim\u00e9e\" \/>\n\t<meta name=\"twitter:data2\" content=\"3 minutes\" \/>\n<script type=\"application\/ld+json\" class=\"yoast-schema-graph\">{\"@context\":\"https:\\\/\\\/schema.org\",\"@graph\":[{\"@type\":\"Article\",\"@id\":\"https:\\\/\\\/bale.ch\\\/journal\\\/la-revolution-des-lettres\\\/#article\",\"isPartOf\":{\"@id\":\"https:\\\/\\\/bale.ch\\\/journal\\\/la-revolution-des-lettres\\\/\"},\"author\":{\"name\":\"Negar Lakestani\",\"@id\":\"https:\\\/\\\/bale.ch\\\/journal\\\/#\\\/schema\\\/person\\\/d713a3dae909bd204c74d3d3fdfedd23\"},\"headline\":\"La R\u00e9volution des lettres\",\"datePublished\":\"2012-10-27T19:09:42+00:00\",\"dateModified\":\"2020-04-04T00:27:13+00:00\",\"mainEntityOfPage\":{\"@id\":\"https:\\\/\\\/bale.ch\\\/journal\\\/la-revolution-des-lettres\\\/\"},\"wordCount\":581,\"publisher\":{\"@id\":\"https:\\\/\\\/bale.ch\\\/journal\\\/#organization\"},\"image\":{\"@id\":\"https:\\\/\\\/bale.ch\\\/journal\\\/la-revolution-des-lettres\\\/#primaryimage\"},\"thumbnailUrl\":\"https:\\\/\\\/bale.ch\\\/journal\\\/wp-content\\\/uploads\\\/2012\\\/10\\\/revolution-lettres.jpg\",\"articleSection\":[\"Opinions\"],\"inLanguage\":\"fr-FR\"},{\"@type\":\"WebPage\",\"@id\":\"https:\\\/\\\/bale.ch\\\/journal\\\/la-revolution-des-lettres\\\/\",\"url\":\"https:\\\/\\\/bale.ch\\\/journal\\\/la-revolution-des-lettres\\\/\",\"name\":\"La R\u00e9volution des lettres - Journal de B\u00e2le et Gen\u00e8ve\",\"isPartOf\":{\"@id\":\"https:\\\/\\\/bale.ch\\\/journal\\\/#website\"},\"primaryImageOfPage\":{\"@id\":\"https:\\\/\\\/bale.ch\\\/journal\\\/la-revolution-des-lettres\\\/#primaryimage\"},\"image\":{\"@id\":\"https:\\\/\\\/bale.ch\\\/journal\\\/la-revolution-des-lettres\\\/#primaryimage\"},\"thumbnailUrl\":\"https:\\\/\\\/bale.ch\\\/journal\\\/wp-content\\\/uploads\\\/2012\\\/10\\\/revolution-lettres.jpg\",\"datePublished\":\"2012-10-27T19:09:42+00:00\",\"dateModified\":\"2020-04-04T00:27:13+00:00\",\"breadcrumb\":{\"@id\":\"https:\\\/\\\/bale.ch\\\/journal\\\/la-revolution-des-lettres\\\/#breadcrumb\"},\"inLanguage\":\"fr-FR\",\"potentialAction\":[{\"@type\":\"ReadAction\",\"target\":[\"https:\\\/\\\/bale.ch\\\/journal\\\/la-revolution-des-lettres\\\/\"]}]},{\"@type\":\"ImageObject\",\"inLanguage\":\"fr-FR\",\"@id\":\"https:\\\/\\\/bale.ch\\\/journal\\\/la-revolution-des-lettres\\\/#primaryimage\",\"url\":\"https:\\\/\\\/bale.ch\\\/journal\\\/wp-content\\\/uploads\\\/2012\\\/10\\\/revolution-lettres.jpg\",\"contentUrl\":\"https:\\\/\\\/bale.ch\\\/journal\\\/wp-content\\\/uploads\\\/2012\\\/10\\\/revolution-lettres.jpg\",\"width\":900,\"height\":632,\"caption\":\"Photo Alban Lavy\"},{\"@type\":\"BreadcrumbList\",\"@id\":\"https:\\\/\\\/bale.ch\\\/journal\\\/la-revolution-des-lettres\\\/#breadcrumb\",\"itemListElement\":[{\"@type\":\"ListItem\",\"position\":1,\"name\":\"Accueil\",\"item\":\"https:\\\/\\\/bale.ch\\\/journal\\\/\"},{\"@type\":\"ListItem\",\"position\":2,\"name\":\"La R\u00e9volution des lettres\"}]},{\"@type\":\"WebSite\",\"@id\":\"https:\\\/\\\/bale.ch\\\/journal\\\/#website\",\"url\":\"https:\\\/\\\/bale.ch\\\/journal\\\/\",\"name\":\"Journal de B\u00e2le et Gen\u00e8ve\",\"description\":\"M\u00e9dia transfrontalier d&#039;actualit\u00e9s - News\",\"publisher\":{\"@id\":\"https:\\\/\\\/bale.ch\\\/journal\\\/#organization\"},\"potentialAction\":[{\"@type\":\"SearchAction\",\"target\":{\"@type\":\"EntryPoint\",\"urlTemplate\":\"https:\\\/\\\/bale.ch\\\/journal\\\/?s={search_term_string}\"},\"query-input\":{\"@type\":\"PropertyValueSpecification\",\"valueRequired\":true,\"valueName\":\"search_term_string\"}}],\"inLanguage\":\"fr-FR\"},{\"@type\":\"Organization\",\"@id\":\"https:\\\/\\\/bale.ch\\\/journal\\\/#organization\",\"name\":\"Journal de B\u00e2le et Gen\u00e8ve\",\"url\":\"https:\\\/\\\/bale.ch\\\/journal\\\/\",\"logo\":{\"@type\":\"ImageObject\",\"inLanguage\":\"fr-FR\",\"@id\":\"https:\\\/\\\/bale.ch\\\/journal\\\/#\\\/schema\\\/logo\\\/image\\\/\",\"url\":\"https:\\\/\\\/bale.ch\\\/journal\\\/wp-content\\\/uploads\\\/2023\\\/07\\\/journaldebale_logo_2023_nb.png\",\"contentUrl\":\"https:\\\/\\\/bale.ch\\\/journal\\\/wp-content\\\/uploads\\\/2023\\\/07\\\/journaldebale_logo_2023_nb.png\",\"width\":371,\"height\":127,\"caption\":\"Journal de B\u00e2le et Gen\u00e8ve\"},\"image\":{\"@id\":\"https:\\\/\\\/bale.ch\\\/journal\\\/#\\\/schema\\\/logo\\\/image\\\/\"}},{\"@type\":\"Person\",\"@id\":\"https:\\\/\\\/bale.ch\\\/journal\\\/#\\\/schema\\\/person\\\/d713a3dae909bd204c74d3d3fdfedd23\",\"name\":\"Negar Lakestani\",\"image\":{\"@type\":\"ImageObject\",\"inLanguage\":\"fr-FR\",\"@id\":\"https:\\\/\\\/secure.gravatar.com\\\/avatar\\\/60f9d1b155a6eb8a0459ba853a257bda48d65514f15e43c05df87b8f191ab702?s=96&d=mm&r=g\",\"url\":\"https:\\\/\\\/secure.gravatar.com\\\/avatar\\\/60f9d1b155a6eb8a0459ba853a257bda48d65514f15e43c05df87b8f191ab702?s=96&d=mm&r=g\",\"contentUrl\":\"https:\\\/\\\/secure.gravatar.com\\\/avatar\\\/60f9d1b155a6eb8a0459ba853a257bda48d65514f15e43c05df87b8f191ab702?s=96&d=mm&r=g\",\"caption\":\"Negar Lakestani\"},\"url\":\"https:\\\/\\\/bale.ch\\\/journal\\\/author\\\/negar-lakestani\\\/\"}]}<\/script>\n<!-- \/ Yoast SEO plugin. -->","yoast_head_json":{"title":"La R\u00e9volution des lettres - Journal de B\u00e2le et Gen\u00e8ve","robots":{"index":"index","follow":"follow","max-snippet":"max-snippet:-1","max-image-preview":"max-image-preview:large","max-video-preview":"max-video-preview:-1"},"canonical":"https:\/\/bale.ch\/journal\/la-revolution-des-lettres\/","og_locale":"fr_FR","og_type":"article","og_title":"La R\u00e9volution des lettres - Journal de B\u00e2le et Gen\u00e8ve","og_description":"Les gens n\u2019\u00e9crivent plus. Ils tapent. Ils TAPENT !!! Tac, tac, tac\u2026 Clavier. Ordinateur. Traitement de textes. Imprimante. Toutes ces lettres bien align\u00e9es qui finissent dans des lignes, des pages, Continuer la lecture","og_url":"https:\/\/bale.ch\/journal\/la-revolution-des-lettres\/","og_site_name":"Journal de B\u00e2le et Gen\u00e8ve","article_published_time":"2012-10-27T19:09:42+00:00","article_modified_time":"2020-04-04T00:27:13+00:00","og_image":[{"width":900,"height":632,"url":"https:\/\/bale.ch\/journal\/wp-content\/uploads\/2012\/10\/revolution-lettres.jpg","type":"image\/jpeg"}],"author":"Negar Lakestani","twitter_card":"summary_large_image","twitter_misc":{"\u00c9crit par":"Negar Lakestani","Dur\u00e9e de lecture estim\u00e9e":"3 minutes"},"schema":{"@context":"https:\/\/schema.org","@graph":[{"@type":"Article","@id":"https:\/\/bale.ch\/journal\/la-revolution-des-lettres\/#article","isPartOf":{"@id":"https:\/\/bale.ch\/journal\/la-revolution-des-lettres\/"},"author":{"name":"Negar Lakestani","@id":"https:\/\/bale.ch\/journal\/#\/schema\/person\/d713a3dae909bd204c74d3d3fdfedd23"},"headline":"La R\u00e9volution des lettres","datePublished":"2012-10-27T19:09:42+00:00","dateModified":"2020-04-04T00:27:13+00:00","mainEntityOfPage":{"@id":"https:\/\/bale.ch\/journal\/la-revolution-des-lettres\/"},"wordCount":581,"publisher":{"@id":"https:\/\/bale.ch\/journal\/#organization"},"image":{"@id":"https:\/\/bale.ch\/journal\/la-revolution-des-lettres\/#primaryimage"},"thumbnailUrl":"https:\/\/bale.ch\/journal\/wp-content\/uploads\/2012\/10\/revolution-lettres.jpg","articleSection":["Opinions"],"inLanguage":"fr-FR"},{"@type":"WebPage","@id":"https:\/\/bale.ch\/journal\/la-revolution-des-lettres\/","url":"https:\/\/bale.ch\/journal\/la-revolution-des-lettres\/","name":"La R\u00e9volution des lettres - Journal de B\u00e2le et Gen\u00e8ve","isPartOf":{"@id":"https:\/\/bale.ch\/journal\/#website"},"primaryImageOfPage":{"@id":"https:\/\/bale.ch\/journal\/la-revolution-des-lettres\/#primaryimage"},"image":{"@id":"https:\/\/bale.ch\/journal\/la-revolution-des-lettres\/#primaryimage"},"thumbnailUrl":"https:\/\/bale.ch\/journal\/wp-content\/uploads\/2012\/10\/revolution-lettres.jpg","datePublished":"2012-10-27T19:09:42+00:00","dateModified":"2020-04-04T00:27:13+00:00","breadcrumb":{"@id":"https:\/\/bale.ch\/journal\/la-revolution-des-lettres\/#breadcrumb"},"inLanguage":"fr-FR","potentialAction":[{"@type":"ReadAction","target":["https:\/\/bale.ch\/journal\/la-revolution-des-lettres\/"]}]},{"@type":"ImageObject","inLanguage":"fr-FR","@id":"https:\/\/bale.ch\/journal\/la-revolution-des-lettres\/#primaryimage","url":"https:\/\/bale.ch\/journal\/wp-content\/uploads\/2012\/10\/revolution-lettres.jpg","contentUrl":"https:\/\/bale.ch\/journal\/wp-content\/uploads\/2012\/10\/revolution-lettres.jpg","width":900,"height":632,"caption":"Photo Alban Lavy"},{"@type":"BreadcrumbList","@id":"https:\/\/bale.ch\/journal\/la-revolution-des-lettres\/#breadcrumb","itemListElement":[{"@type":"ListItem","position":1,"name":"Accueil","item":"https:\/\/bale.ch\/journal\/"},{"@type":"ListItem","position":2,"name":"La R\u00e9volution des lettres"}]},{"@type":"WebSite","@id":"https:\/\/bale.ch\/journal\/#website","url":"https:\/\/bale.ch\/journal\/","name":"Journal de B\u00e2le et Gen\u00e8ve","description":"M\u00e9dia transfrontalier d&#039;actualit\u00e9s - News","publisher":{"@id":"https:\/\/bale.ch\/journal\/#organization"},"potentialAction":[{"@type":"SearchAction","target":{"@type":"EntryPoint","urlTemplate":"https:\/\/bale.ch\/journal\/?s={search_term_string}"},"query-input":{"@type":"PropertyValueSpecification","valueRequired":true,"valueName":"search_term_string"}}],"inLanguage":"fr-FR"},{"@type":"Organization","@id":"https:\/\/bale.ch\/journal\/#organization","name":"Journal de B\u00e2le et Gen\u00e8ve","url":"https:\/\/bale.ch\/journal\/","logo":{"@type":"ImageObject","inLanguage":"fr-FR","@id":"https:\/\/bale.ch\/journal\/#\/schema\/logo\/image\/","url":"https:\/\/bale.ch\/journal\/wp-content\/uploads\/2023\/07\/journaldebale_logo_2023_nb.png","contentUrl":"https:\/\/bale.ch\/journal\/wp-content\/uploads\/2023\/07\/journaldebale_logo_2023_nb.png","width":371,"height":127,"caption":"Journal de B\u00e2le et Gen\u00e8ve"},"image":{"@id":"https:\/\/bale.ch\/journal\/#\/schema\/logo\/image\/"}},{"@type":"Person","@id":"https:\/\/bale.ch\/journal\/#\/schema\/person\/d713a3dae909bd204c74d3d3fdfedd23","name":"Negar Lakestani","image":{"@type":"ImageObject","inLanguage":"fr-FR","@id":"https:\/\/secure.gravatar.com\/avatar\/60f9d1b155a6eb8a0459ba853a257bda48d65514f15e43c05df87b8f191ab702?s=96&d=mm&r=g","url":"https:\/\/secure.gravatar.com\/avatar\/60f9d1b155a6eb8a0459ba853a257bda48d65514f15e43c05df87b8f191ab702?s=96&d=mm&r=g","contentUrl":"https:\/\/secure.gravatar.com\/avatar\/60f9d1b155a6eb8a0459ba853a257bda48d65514f15e43c05df87b8f191ab702?s=96&d=mm&r=g","caption":"Negar Lakestani"},"url":"https:\/\/bale.ch\/journal\/author\/negar-lakestani\/"}]}},"_links":{"self":[{"href":"https:\/\/bale.ch\/journal\/wp-json\/wp\/v2\/posts\/204","targetHints":{"allow":["GET"]}}],"collection":[{"href":"https:\/\/bale.ch\/journal\/wp-json\/wp\/v2\/posts"}],"about":[{"href":"https:\/\/bale.ch\/journal\/wp-json\/wp\/v2\/types\/post"}],"author":[{"embeddable":true,"href":"https:\/\/bale.ch\/journal\/wp-json\/wp\/v2\/users\/44"}],"replies":[{"embeddable":true,"href":"https:\/\/bale.ch\/journal\/wp-json\/wp\/v2\/comments?post=204"}],"version-history":[{"count":7,"href":"https:\/\/bale.ch\/journal\/wp-json\/wp\/v2\/posts\/204\/revisions"}],"predecessor-version":[{"id":2862,"href":"https:\/\/bale.ch\/journal\/wp-json\/wp\/v2\/posts\/204\/revisions\/2862"}],"wp:featuredmedia":[{"embeddable":true,"href":"https:\/\/bale.ch\/journal\/wp-json\/wp\/v2\/media\/206"}],"wp:attachment":[{"href":"https:\/\/bale.ch\/journal\/wp-json\/wp\/v2\/media?parent=204"}],"wp:term":[{"taxonomy":"category","embeddable":true,"href":"https:\/\/bale.ch\/journal\/wp-json\/wp\/v2\/categories?post=204"},{"taxonomy":"post_tag","embeddable":true,"href":"https:\/\/bale.ch\/journal\/wp-json\/wp\/v2\/tags?post=204"}],"curies":[{"name":"wp","href":"https:\/\/api.w.org\/{rel}","templated":true}]}}