{"id":2045,"date":"2019-02-06T03:53:27","date_gmt":"2019-02-06T03:53:27","guid":{"rendered":"http:\/\/bale.ch\/journal\/?p=2045"},"modified":"2019-02-06T03:55:46","modified_gmt":"2019-02-06T03:55:46","slug":"a-geneve-lintegration-passe-par-la-visite-du-musee-dethographie","status":"publish","type":"post","link":"https:\/\/bale.ch\/journal\/a-geneve-lintegration-passe-par-la-visite-du-musee-dethographie\/","title":{"rendered":"\u00c0 Gen\u00e8ve, l&rsquo;int\u00e9gration passe par la visite du mus\u00e9e d\u2019ethographie"},"content":{"rendered":"<p><strong>Le Mus\u00e9e d\u2019ethnographie de Gen\u00e8ve (MEG), en collaboration avec le bureau de l\u2019int\u00e9gration des \u00e9trangers (BIE), a initi\u00e9 un projet de visite de ses collections au moyen d&rsquo;une application interactive, destin\u00e9 aux personnes apprenant la langue fran\u00e7aise.<\/strong><!--more--><\/p>\n<p>L\u2019objectif de cette d\u00e9marche est de proposer une approche ludique de l\u2019exposition permanente du MEG \u00e0 des publics non francophones. Ce projet vise \u00e0 favoriser l&rsquo;apprentissage de la langue fran\u00e7aise et le dialogue entre des publics tr\u00e8s diversifi\u00e9s, l&rsquo;\u2019int\u00e9gration des nouveaux habitants dans leur lieu de vie et la d\u00e9couverte d&rsquo;une des facettes de l\u2019offre culturelle de la Ville de Gen\u00e8ve.<\/p>\n<p>Force est de constater qu\u2019une partie de la population ne fr\u00e9quente pas ou peu les institutions mus\u00e9ales. En effet, de nombreuses personnes n&rsquo;osent pas entrer dans un mus\u00e9e. D&rsquo;autres n&rsquo;ont simplement pas l&rsquo;id\u00e9e d&rsquo;inclure dans leurs loisirs la visite d&rsquo;une exposition.<\/p><div id=\"crieu-2280193651\" class=\"crieu-content crieu-entity-placement\"><script async src=\"\/\/pagead2.googlesyndication.com\/pagead\/js\/adsbygoogle.js?client=ca-pub-5271584769416742\" crossorigin=\"anonymous\"><\/script><ins class=\"adsbygoogle\" style=\"display:block;\" data-ad-client=\"ca-pub-5271584769416742\" \ndata-ad-slot=\"9321250718\" \ndata-ad-format=\"auto\"><\/ins>\n<script> \n(adsbygoogle = window.adsbygoogle || []).push({}); \n<\/script>\n<\/div>\n<p>S&rsquo;inscrivant dans la volont\u00e9 commune de la Ville et du canton de renforcer l&rsquo;acc\u00e8s \u00e0 la culture pour toutes et tous, le MEG et le BIE proposent un outil sp\u00e9cifiquement d\u00e9di\u00e9 aux personnes inscrites \u00e0 des cours de fran\u00e7ais. Se focaliser sur le crit\u00e8re de l\u2019apprentissage de notre langue permet de r\u00e9unir des cat\u00e9gories de publics ayant des parcours de vie tr\u00e8s vari\u00e9s pour leur offrir un parcours mus\u00e9al qui soit adapt\u00e9.<\/p>\n<p>Ce projet a \u00e9t\u00e9 d\u00e9velopp\u00e9 dans une d\u00e9marche participative avec des formatrices et des \u00e9tudiants de la langue fran\u00e7aise de l\u2019Universit\u00e9 Ouvri\u00e8re de Gen\u00e8ve et de l\u2019\u0152uvre Suisse d&rsquo;Entraide Ouvri\u00e8re. Pour cr\u00e9er une interface qui soit la plus divertissante possible, le MEG et le BIE ont sollicit\u00e9 une \u00e9tudiante en m\u00e9dia-design de la Haute \u00c9cole d&rsquo;art et de design Gen\u00e8ve (HEAD), dont le travail a \u00e9t\u00e9 r\u00e9compens\u00e9 par le prix HES de l\u2019innovation.<\/p>\n<p>\u00ab\u00a0Parlez-vous MEG?\u00a0\u00bb, c&rsquo;est le nom du projet, constitue l&rsquo;exemple d&rsquo;une r\u00e9alisation qui permet \u00e0 une institution culturelle d&rsquo;agir comme un levier pour l&rsquo;int\u00e9gration. Pour la ville de Gen\u00e8ve, <em>\u00ab\u00a0la coh\u00e9sion sociale s&rsquo;en trouve renforc\u00e9e et l&rsquo;acc\u00e8s au mus\u00e9e facilit\u00e9\u00a0\u00bb<\/em>.<\/p>\n<p>Une formation est pr\u00e9vue pour les professeurs de fran\u00e7ais afin qu\u2019ils puissent guider leur groupe dans cette d\u00e9couverte ludique et interactive du Mus\u00e9e.<\/p>\n<p><strong><a href=\"https:\/\/www.parlez-vous-meg.ch\/\" target=\"_blank\" rel=\"noopener\">www.parlez-vous-meg.ch<\/a><\/strong><\/p>\n<div id=\"crieu-1880976441\" class=\"crieu-apres-le-contenu crieu-entity-placement\" style=\"margin-left: auto;margin-right: auto;text-align: center;\"><script async src=\"\/\/pagead2.googlesyndication.com\/pagead\/js\/adsbygoogle.js?client=ca-pub-5271584769416742\" crossorigin=\"anonymous\"><\/script><ins class=\"adsbygoogle\" style=\"display:block;\" data-ad-client=\"ca-pub-5271584769416742\" \ndata-ad-slot=\"9321250718\" \ndata-ad-format=\"auto\"><\/ins>\n<script> \n(adsbygoogle = window.adsbygoogle || []).push({}); \n<\/script>\n<\/div>","protected":false},"excerpt":{"rendered":"<p>Le Mus\u00e9e d\u2019ethnographie de Gen\u00e8ve (MEG), en collaboration avec le bureau de l\u2019int\u00e9gration des \u00e9trangers (BIE), a initi\u00e9 un projet de visite de ses collections au moyen d&rsquo;une application interactive, <a href=\"https:\/\/bale.ch\/journal\/a-geneve-lintegration-passe-par-la-visite-du-musee-dethographie\/\" class=\"read-more button-fancy -red\"><span class=\"btn-arrow\"><\/span><span class=\"twp-read-more text\">Continuer la lecture<\/span><\/a><\/p>\n","protected":false},"author":2,"featured_media":2046,"comment_status":"closed","ping_status":"closed","sticky":false,"template":"","format":"standard","meta":{"footnotes":""},"categories":[103,10,4],"tags":[5,30,37],"class_list":["post-2045","post","type-post","status-publish","format-standard","has-post-thumbnail","hentry","category-actu","category-culture","category-grand-geneve","tag-geneve-ville","tag-langues","tag-meg"],"yoast_head":"<!-- This site is optimized with the Yoast SEO plugin v28.3 - https:\/\/yoast.com\/product\/yoast-seo-wordpress\/ -->\n<title>\u00c0 Gen\u00e8ve, l&#039;int\u00e9gration passe par la visite du mus\u00e9e d\u2019ethographie - Journal de B\u00e2le et Gen\u00e8ve<\/title>\n<meta name=\"robots\" content=\"index, follow, max-snippet:-1, max-image-preview:large, max-video-preview:-1\" \/>\n<link rel=\"canonical\" href=\"https:\/\/bale.ch\/journal\/a-geneve-lintegration-passe-par-la-visite-du-musee-dethographie\/\" \/>\n<meta property=\"og:locale\" content=\"fr_FR\" \/>\n<meta property=\"og:type\" content=\"article\" \/>\n<meta property=\"og:title\" content=\"\u00c0 Gen\u00e8ve, l&#039;int\u00e9gration passe par la visite du mus\u00e9e d\u2019ethographie - Journal de B\u00e2le et Gen\u00e8ve\" \/>\n<meta property=\"og:description\" content=\"Le Mus\u00e9e d\u2019ethnographie de Gen\u00e8ve (MEG), en collaboration avec le bureau de l\u2019int\u00e9gration des \u00e9trangers (BIE), a initi\u00e9 un projet de visite de ses collections au moyen d&rsquo;une application interactive, Continuer la lecture\" \/>\n<meta property=\"og:url\" content=\"https:\/\/bale.ch\/journal\/a-geneve-lintegration-passe-par-la-visite-du-musee-dethographie\/\" \/>\n<meta property=\"og:site_name\" content=\"Journal de B\u00e2le et Gen\u00e8ve\" \/>\n<meta property=\"article:published_time\" content=\"2019-02-06T03:53:27+00:00\" \/>\n<meta property=\"article:modified_time\" content=\"2019-02-06T03:55:46+00:00\" \/>\n<meta property=\"og:image\" content=\"https:\/\/bale.ch\/journal\/wp-content\/uploads\/2019\/02\/meg_musee_ethnographie_geneve_alban_Lavy.jpg\" \/>\n\t<meta property=\"og:image:width\" content=\"900\" \/>\n\t<meta property=\"og:image:height\" content=\"484\" \/>\n\t<meta property=\"og:image:type\" content=\"image\/jpeg\" \/>\n<meta name=\"author\" content=\"La R\u00e9daction\" \/>\n<meta name=\"twitter:card\" content=\"summary_large_image\" \/>\n<meta name=\"twitter:label1\" content=\"\u00c9crit par\" \/>\n\t<meta name=\"twitter:data1\" content=\"La R\u00e9daction\" \/>\n\t<meta name=\"twitter:label2\" content=\"Dur\u00e9e de lecture estim\u00e9e\" \/>\n\t<meta name=\"twitter:data2\" content=\"2 minutes\" \/>\n<script type=\"application\/ld+json\" class=\"yoast-schema-graph\">{\"@context\":\"https:\\\/\\\/schema.org\",\"@graph\":[{\"@type\":\"Article\",\"@id\":\"https:\\\/\\\/bale.ch\\\/journal\\\/a-geneve-lintegration-passe-par-la-visite-du-musee-dethographie\\\/#article\",\"isPartOf\":{\"@id\":\"https:\\\/\\\/bale.ch\\\/journal\\\/a-geneve-lintegration-passe-par-la-visite-du-musee-dethographie\\\/\"},\"author\":{\"name\":\"La R\u00e9daction\",\"@id\":\"https:\\\/\\\/bale.ch\\\/journal\\\/#\\\/schema\\\/person\\\/03ced978db3b7a5274c5cef003f352f5\"},\"headline\":\"\u00c0 Gen\u00e8ve, l&rsquo;int\u00e9gration passe par la visite du mus\u00e9e d\u2019ethographie\",\"datePublished\":\"2019-02-06T03:53:27+00:00\",\"dateModified\":\"2019-02-06T03:55:46+00:00\",\"mainEntityOfPage\":{\"@id\":\"https:\\\/\\\/bale.ch\\\/journal\\\/a-geneve-lintegration-passe-par-la-visite-du-musee-dethographie\\\/\"},\"wordCount\":436,\"publisher\":{\"@id\":\"https:\\\/\\\/bale.ch\\\/journal\\\/#organization\"},\"image\":{\"@id\":\"https:\\\/\\\/bale.ch\\\/journal\\\/a-geneve-lintegration-passe-par-la-visite-du-musee-dethographie\\\/#primaryimage\"},\"thumbnailUrl\":\"https:\\\/\\\/bale.ch\\\/journal\\\/wp-content\\\/uploads\\\/2019\\\/02\\\/meg_musee_ethnographie_geneve_alban_Lavy.jpg\",\"keywords\":[\"Gen\u00e8ve Ville\",\"Langues\",\"MEG\"],\"articleSection\":[\"Actualit\u00e9s\",\"Culture\",\"Grand Gen\u00e8ve\"],\"inLanguage\":\"fr-FR\"},{\"@type\":\"WebPage\",\"@id\":\"https:\\\/\\\/bale.ch\\\/journal\\\/a-geneve-lintegration-passe-par-la-visite-du-musee-dethographie\\\/\",\"url\":\"https:\\\/\\\/bale.ch\\\/journal\\\/a-geneve-lintegration-passe-par-la-visite-du-musee-dethographie\\\/\",\"name\":\"\u00c0 Gen\u00e8ve, l'int\u00e9gration passe par la visite du mus\u00e9e d\u2019ethographie - Journal de B\u00e2le et Gen\u00e8ve\",\"isPartOf\":{\"@id\":\"https:\\\/\\\/bale.ch\\\/journal\\\/#website\"},\"primaryImageOfPage\":{\"@id\":\"https:\\\/\\\/bale.ch\\\/journal\\\/a-geneve-lintegration-passe-par-la-visite-du-musee-dethographie\\\/#primaryimage\"},\"image\":{\"@id\":\"https:\\\/\\\/bale.ch\\\/journal\\\/a-geneve-lintegration-passe-par-la-visite-du-musee-dethographie\\\/#primaryimage\"},\"thumbnailUrl\":\"https:\\\/\\\/bale.ch\\\/journal\\\/wp-content\\\/uploads\\\/2019\\\/02\\\/meg_musee_ethnographie_geneve_alban_Lavy.jpg\",\"datePublished\":\"2019-02-06T03:53:27+00:00\",\"dateModified\":\"2019-02-06T03:55:46+00:00\",\"breadcrumb\":{\"@id\":\"https:\\\/\\\/bale.ch\\\/journal\\\/a-geneve-lintegration-passe-par-la-visite-du-musee-dethographie\\\/#breadcrumb\"},\"inLanguage\":\"fr-FR\",\"potentialAction\":[{\"@type\":\"ReadAction\",\"target\":[\"https:\\\/\\\/bale.ch\\\/journal\\\/a-geneve-lintegration-passe-par-la-visite-du-musee-dethographie\\\/\"]}]},{\"@type\":\"ImageObject\",\"inLanguage\":\"fr-FR\",\"@id\":\"https:\\\/\\\/bale.ch\\\/journal\\\/a-geneve-lintegration-passe-par-la-visite-du-musee-dethographie\\\/#primaryimage\",\"url\":\"https:\\\/\\\/bale.ch\\\/journal\\\/wp-content\\\/uploads\\\/2019\\\/02\\\/meg_musee_ethnographie_geneve_alban_Lavy.jpg\",\"contentUrl\":\"https:\\\/\\\/bale.ch\\\/journal\\\/wp-content\\\/uploads\\\/2019\\\/02\\\/meg_musee_ethnographie_geneve_alban_Lavy.jpg\",\"width\":900,\"height\":484},{\"@type\":\"BreadcrumbList\",\"@id\":\"https:\\\/\\\/bale.ch\\\/journal\\\/a-geneve-lintegration-passe-par-la-visite-du-musee-dethographie\\\/#breadcrumb\",\"itemListElement\":[{\"@type\":\"ListItem\",\"position\":1,\"name\":\"Accueil\",\"item\":\"https:\\\/\\\/bale.ch\\\/journal\\\/\"},{\"@type\":\"ListItem\",\"position\":2,\"name\":\"\u00c0 Gen\u00e8ve, l&rsquo;int\u00e9gration passe par la visite du mus\u00e9e d\u2019ethographie\"}]},{\"@type\":\"WebSite\",\"@id\":\"https:\\\/\\\/bale.ch\\\/journal\\\/#website\",\"url\":\"https:\\\/\\\/bale.ch\\\/journal\\\/\",\"name\":\"Journal de B\u00e2le et Gen\u00e8ve\",\"description\":\"M\u00e9dia transfrontalier d&#039;actualit\u00e9s - News\",\"publisher\":{\"@id\":\"https:\\\/\\\/bale.ch\\\/journal\\\/#organization\"},\"potentialAction\":[{\"@type\":\"SearchAction\",\"target\":{\"@type\":\"EntryPoint\",\"urlTemplate\":\"https:\\\/\\\/bale.ch\\\/journal\\\/?s={search_term_string}\"},\"query-input\":{\"@type\":\"PropertyValueSpecification\",\"valueRequired\":true,\"valueName\":\"search_term_string\"}}],\"inLanguage\":\"fr-FR\"},{\"@type\":\"Organization\",\"@id\":\"https:\\\/\\\/bale.ch\\\/journal\\\/#organization\",\"name\":\"Journal de B\u00e2le et Gen\u00e8ve\",\"url\":\"https:\\\/\\\/bale.ch\\\/journal\\\/\",\"logo\":{\"@type\":\"ImageObject\",\"inLanguage\":\"fr-FR\",\"@id\":\"https:\\\/\\\/bale.ch\\\/journal\\\/#\\\/schema\\\/logo\\\/image\\\/\",\"url\":\"https:\\\/\\\/bale.ch\\\/journal\\\/wp-content\\\/uploads\\\/2023\\\/07\\\/journaldebale_logo_2023_nb.png\",\"contentUrl\":\"https:\\\/\\\/bale.ch\\\/journal\\\/wp-content\\\/uploads\\\/2023\\\/07\\\/journaldebale_logo_2023_nb.png\",\"width\":371,\"height\":127,\"caption\":\"Journal de B\u00e2le et Gen\u00e8ve\"},\"image\":{\"@id\":\"https:\\\/\\\/bale.ch\\\/journal\\\/#\\\/schema\\\/logo\\\/image\\\/\"}},{\"@type\":\"Person\",\"@id\":\"https:\\\/\\\/bale.ch\\\/journal\\\/#\\\/schema\\\/person\\\/03ced978db3b7a5274c5cef003f352f5\",\"name\":\"La R\u00e9daction\",\"image\":{\"@type\":\"ImageObject\",\"inLanguage\":\"fr-FR\",\"@id\":\"https:\\\/\\\/secure.gravatar.com\\\/avatar\\\/d1327e2ce8d2b860112f968a3f34686c9bdda7a463a1502cdd1070ac9d88cf1e?s=96&d=mm&r=g\",\"url\":\"https:\\\/\\\/secure.gravatar.com\\\/avatar\\\/d1327e2ce8d2b860112f968a3f34686c9bdda7a463a1502cdd1070ac9d88cf1e?s=96&d=mm&r=g\",\"contentUrl\":\"https:\\\/\\\/secure.gravatar.com\\\/avatar\\\/d1327e2ce8d2b860112f968a3f34686c9bdda7a463a1502cdd1070ac9d88cf1e?s=96&d=mm&r=g\",\"caption\":\"La R\u00e9daction\"},\"url\":\"https:\\\/\\\/bale.ch\\\/journal\\\/author\\\/laredaction\\\/\"}]}<\/script>\n<!-- \/ Yoast SEO plugin. -->","yoast_head_json":{"title":"\u00c0 Gen\u00e8ve, l'int\u00e9gration passe par la visite du mus\u00e9e d\u2019ethographie - Journal de B\u00e2le et Gen\u00e8ve","robots":{"index":"index","follow":"follow","max-snippet":"max-snippet:-1","max-image-preview":"max-image-preview:large","max-video-preview":"max-video-preview:-1"},"canonical":"https:\/\/bale.ch\/journal\/a-geneve-lintegration-passe-par-la-visite-du-musee-dethographie\/","og_locale":"fr_FR","og_type":"article","og_title":"\u00c0 Gen\u00e8ve, l'int\u00e9gration passe par la visite du mus\u00e9e d\u2019ethographie - Journal de B\u00e2le et Gen\u00e8ve","og_description":"Le Mus\u00e9e d\u2019ethnographie de Gen\u00e8ve (MEG), en collaboration avec le bureau de l\u2019int\u00e9gration des \u00e9trangers (BIE), a initi\u00e9 un projet de visite de ses collections au moyen d&rsquo;une application interactive, Continuer la lecture","og_url":"https:\/\/bale.ch\/journal\/a-geneve-lintegration-passe-par-la-visite-du-musee-dethographie\/","og_site_name":"Journal de B\u00e2le et Gen\u00e8ve","article_published_time":"2019-02-06T03:53:27+00:00","article_modified_time":"2019-02-06T03:55:46+00:00","og_image":[{"width":900,"height":484,"url":"https:\/\/bale.ch\/journal\/wp-content\/uploads\/2019\/02\/meg_musee_ethnographie_geneve_alban_Lavy.jpg","type":"image\/jpeg"}],"author":"La R\u00e9daction","twitter_card":"summary_large_image","twitter_misc":{"\u00c9crit par":"La R\u00e9daction","Dur\u00e9e de lecture estim\u00e9e":"2 minutes"},"schema":{"@context":"https:\/\/schema.org","@graph":[{"@type":"Article","@id":"https:\/\/bale.ch\/journal\/a-geneve-lintegration-passe-par-la-visite-du-musee-dethographie\/#article","isPartOf":{"@id":"https:\/\/bale.ch\/journal\/a-geneve-lintegration-passe-par-la-visite-du-musee-dethographie\/"},"author":{"name":"La R\u00e9daction","@id":"https:\/\/bale.ch\/journal\/#\/schema\/person\/03ced978db3b7a5274c5cef003f352f5"},"headline":"\u00c0 Gen\u00e8ve, l&rsquo;int\u00e9gration passe par la visite du mus\u00e9e d\u2019ethographie","datePublished":"2019-02-06T03:53:27+00:00","dateModified":"2019-02-06T03:55:46+00:00","mainEntityOfPage":{"@id":"https:\/\/bale.ch\/journal\/a-geneve-lintegration-passe-par-la-visite-du-musee-dethographie\/"},"wordCount":436,"publisher":{"@id":"https:\/\/bale.ch\/journal\/#organization"},"image":{"@id":"https:\/\/bale.ch\/journal\/a-geneve-lintegration-passe-par-la-visite-du-musee-dethographie\/#primaryimage"},"thumbnailUrl":"https:\/\/bale.ch\/journal\/wp-content\/uploads\/2019\/02\/meg_musee_ethnographie_geneve_alban_Lavy.jpg","keywords":["Gen\u00e8ve Ville","Langues","MEG"],"articleSection":["Actualit\u00e9s","Culture","Grand Gen\u00e8ve"],"inLanguage":"fr-FR"},{"@type":"WebPage","@id":"https:\/\/bale.ch\/journal\/a-geneve-lintegration-passe-par-la-visite-du-musee-dethographie\/","url":"https:\/\/bale.ch\/journal\/a-geneve-lintegration-passe-par-la-visite-du-musee-dethographie\/","name":"\u00c0 Gen\u00e8ve, l'int\u00e9gration passe par la visite du mus\u00e9e d\u2019ethographie - Journal de B\u00e2le et Gen\u00e8ve","isPartOf":{"@id":"https:\/\/bale.ch\/journal\/#website"},"primaryImageOfPage":{"@id":"https:\/\/bale.ch\/journal\/a-geneve-lintegration-passe-par-la-visite-du-musee-dethographie\/#primaryimage"},"image":{"@id":"https:\/\/bale.ch\/journal\/a-geneve-lintegration-passe-par-la-visite-du-musee-dethographie\/#primaryimage"},"thumbnailUrl":"https:\/\/bale.ch\/journal\/wp-content\/uploads\/2019\/02\/meg_musee_ethnographie_geneve_alban_Lavy.jpg","datePublished":"2019-02-06T03:53:27+00:00","dateModified":"2019-02-06T03:55:46+00:00","breadcrumb":{"@id":"https:\/\/bale.ch\/journal\/a-geneve-lintegration-passe-par-la-visite-du-musee-dethographie\/#breadcrumb"},"inLanguage":"fr-FR","potentialAction":[{"@type":"ReadAction","target":["https:\/\/bale.ch\/journal\/a-geneve-lintegration-passe-par-la-visite-du-musee-dethographie\/"]}]},{"@type":"ImageObject","inLanguage":"fr-FR","@id":"https:\/\/bale.ch\/journal\/a-geneve-lintegration-passe-par-la-visite-du-musee-dethographie\/#primaryimage","url":"https:\/\/bale.ch\/journal\/wp-content\/uploads\/2019\/02\/meg_musee_ethnographie_geneve_alban_Lavy.jpg","contentUrl":"https:\/\/bale.ch\/journal\/wp-content\/uploads\/2019\/02\/meg_musee_ethnographie_geneve_alban_Lavy.jpg","width":900,"height":484},{"@type":"BreadcrumbList","@id":"https:\/\/bale.ch\/journal\/a-geneve-lintegration-passe-par-la-visite-du-musee-dethographie\/#breadcrumb","itemListElement":[{"@type":"ListItem","position":1,"name":"Accueil","item":"https:\/\/bale.ch\/journal\/"},{"@type":"ListItem","position":2,"name":"\u00c0 Gen\u00e8ve, l&rsquo;int\u00e9gration passe par la visite du mus\u00e9e d\u2019ethographie"}]},{"@type":"WebSite","@id":"https:\/\/bale.ch\/journal\/#website","url":"https:\/\/bale.ch\/journal\/","name":"Journal de B\u00e2le et Gen\u00e8ve","description":"M\u00e9dia transfrontalier d&#039;actualit\u00e9s - News","publisher":{"@id":"https:\/\/bale.ch\/journal\/#organization"},"potentialAction":[{"@type":"SearchAction","target":{"@type":"EntryPoint","urlTemplate":"https:\/\/bale.ch\/journal\/?s={search_term_string}"},"query-input":{"@type":"PropertyValueSpecification","valueRequired":true,"valueName":"search_term_string"}}],"inLanguage":"fr-FR"},{"@type":"Organization","@id":"https:\/\/bale.ch\/journal\/#organization","name":"Journal de B\u00e2le et Gen\u00e8ve","url":"https:\/\/bale.ch\/journal\/","logo":{"@type":"ImageObject","inLanguage":"fr-FR","@id":"https:\/\/bale.ch\/journal\/#\/schema\/logo\/image\/","url":"https:\/\/bale.ch\/journal\/wp-content\/uploads\/2023\/07\/journaldebale_logo_2023_nb.png","contentUrl":"https:\/\/bale.ch\/journal\/wp-content\/uploads\/2023\/07\/journaldebale_logo_2023_nb.png","width":371,"height":127,"caption":"Journal de B\u00e2le et Gen\u00e8ve"},"image":{"@id":"https:\/\/bale.ch\/journal\/#\/schema\/logo\/image\/"}},{"@type":"Person","@id":"https:\/\/bale.ch\/journal\/#\/schema\/person\/03ced978db3b7a5274c5cef003f352f5","name":"La R\u00e9daction","image":{"@type":"ImageObject","inLanguage":"fr-FR","@id":"https:\/\/secure.gravatar.com\/avatar\/d1327e2ce8d2b860112f968a3f34686c9bdda7a463a1502cdd1070ac9d88cf1e?s=96&d=mm&r=g","url":"https:\/\/secure.gravatar.com\/avatar\/d1327e2ce8d2b860112f968a3f34686c9bdda7a463a1502cdd1070ac9d88cf1e?s=96&d=mm&r=g","contentUrl":"https:\/\/secure.gravatar.com\/avatar\/d1327e2ce8d2b860112f968a3f34686c9bdda7a463a1502cdd1070ac9d88cf1e?s=96&d=mm&r=g","caption":"La R\u00e9daction"},"url":"https:\/\/bale.ch\/journal\/author\/laredaction\/"}]}},"_links":{"self":[{"href":"https:\/\/bale.ch\/journal\/wp-json\/wp\/v2\/posts\/2045","targetHints":{"allow":["GET"]}}],"collection":[{"href":"https:\/\/bale.ch\/journal\/wp-json\/wp\/v2\/posts"}],"about":[{"href":"https:\/\/bale.ch\/journal\/wp-json\/wp\/v2\/types\/post"}],"author":[{"embeddable":true,"href":"https:\/\/bale.ch\/journal\/wp-json\/wp\/v2\/users\/2"}],"replies":[{"embeddable":true,"href":"https:\/\/bale.ch\/journal\/wp-json\/wp\/v2\/comments?post=2045"}],"version-history":[{"count":4,"href":"https:\/\/bale.ch\/journal\/wp-json\/wp\/v2\/posts\/2045\/revisions"}],"predecessor-version":[{"id":2050,"href":"https:\/\/bale.ch\/journal\/wp-json\/wp\/v2\/posts\/2045\/revisions\/2050"}],"wp:featuredmedia":[{"embeddable":true,"href":"https:\/\/bale.ch\/journal\/wp-json\/wp\/v2\/media\/2046"}],"wp:attachment":[{"href":"https:\/\/bale.ch\/journal\/wp-json\/wp\/v2\/media?parent=2045"}],"wp:term":[{"taxonomy":"category","embeddable":true,"href":"https:\/\/bale.ch\/journal\/wp-json\/wp\/v2\/categories?post=2045"},{"taxonomy":"post_tag","embeddable":true,"href":"https:\/\/bale.ch\/journal\/wp-json\/wp\/v2\/tags?post=2045"}],"curies":[{"name":"wp","href":"https:\/\/api.w.org\/{rel}","templated":true}]}}