{"id":2094,"date":"2019-02-16T05:34:10","date_gmt":"2019-02-16T05:34:10","guid":{"rendered":"http:\/\/bale.ch\/journal\/?p=2094"},"modified":"2019-02-16T05:48:32","modified_gmt":"2019-02-16T05:48:32","slug":"muba-ultime-edition-de-la-foire-de-bale","status":"publish","type":"post","link":"https:\/\/bale.ch\/journal\/muba-ultime-edition-de-la-foire-de-bale\/","title":{"rendered":"Muba: ultime \u00e9dition de la foire de B\u00e2le"},"content":{"rendered":"<p><strong>Foire la plus ancienne de Suisse &#8211; 103 ans au compteur &#8211; la Muba ouvre pour la derni\u00e8re fois ses portes ce week-end\u00a0 dans la cit\u00e9 rh\u00e9nane. Le Japon en est l&rsquo;h\u00f4te d&rsquo;honneur, de m\u00eame que l&rsquo;Appenzell. La foire accueille jusqu&rsquo;au 17 f\u00e9vrier 605 exposants.<\/strong><!--more--><\/p>\n<p>Depuis les p\u00e9riodes fastes de la muba, notamment dans les ann\u00e9es soixante et septante, le comportement de consommation et de loisirs de la population a connu des changements fondamentaux, notamment avec l&rsquo;av\u00e8nement des ventes en ligne.<\/p>\n<p>Alors que les foires de vente comme la muba \u00e9taient le lieu o\u00f9 l\u2019on pouvait s\u2019informer de nouvelles tendances et acheter des produits, aujourd\u2019hui, <em>\u00ab\u00a0Internet et le shopping \u00e9lectronique sont disponibles 24 heures sur 24, avec des informations et des offres sp\u00e9ciales. Le concept traditionnel de la muba n\u2019est plus en phase avec une \u00e9poque marqu\u00e9e par la num\u00e9risation, une mutation des comportements de consommation et de loisirs et la tendance \u00e0 la disparition des foires grand public g\u00e9n\u00e9rales au profit d\u2019\u00e9v\u00e9nements couvrant des th\u00e8mes et des centres d\u2019int\u00e9r\u00eat sp\u00e9cifiques\u00a0\u00bb<\/em>, communique la soci\u00e9t\u00e9 organisatrice.<\/p><div id=\"crieu-686574068\" class=\"crieu-content crieu-entity-placement\"><script async src=\"\/\/pagead2.googlesyndication.com\/pagead\/js\/adsbygoogle.js?client=ca-pub-5271584769416742\" crossorigin=\"anonymous\"><\/script><ins class=\"adsbygoogle\" style=\"display:block;\" data-ad-client=\"ca-pub-5271584769416742\" \ndata-ad-slot=\"9321250718\" \ndata-ad-format=\"auto\"><\/ins>\n<script> \n(adsbygoogle = window.adsbygoogle || []).push({}); \n<\/script>\n<\/div>\n<p>Les responsables de la muba ont commenc\u00e9, il y a plus de dix ans d\u00e9j\u00e0, \u00e0 int\u00e9grer les tendances soci\u00e9tales dans le cadre de la foire grand public et \u00e0 enrichir le concept d\u2019exp\u00e9riences et de contenus attractifs. Ils ont constat\u00e9 que la nouvelle g\u00e9n\u00e9ration ne s\u2019identifie pas \u00e0 la marque muba, ni aux contenus traditionnels. Suite \u00e0 des entretiens intensifs avec les exposants et \u00e0 l\u2019analyse de l\u2019enqu\u00eate aupr\u00e8s des visiteurs et des exposants lors de la muba 2018, la MCH Foire de B\u00e2le, organisatrice, a d\u00e9cid\u00e9 que la muba aurait lieu, en 2019, pour la derni\u00e8re fois.\u00a0Apr\u00e8s le Comptoir suisse de Lausanne et le Z\u00fcspa de Zurich l&rsquo;an dernier, la manifestation b\u00e2loise dispara\u00eetra.<\/p>\n<p>Il faut dire que le public n&rsquo;\u00e9tait plus au rendez-vous: l&rsquo;an dernier, la manifestation n&rsquo;avait attir\u00e9 que 124&rsquo;000 visiteurs, alors que la Muba en recevait plus d&rsquo;un million au sommet de sa gloire, dans les ann\u00e9es soixante.<\/p>\n<p>Jusqu&rsquo;au 17 f\u00e9vrier. Entr\u00e9e libre. Infos: <a href=\"http:\/\/muba.ch\" target=\"_blank\" rel=\"noopener\"><strong>muba.ch<\/strong><\/a><\/p>\n<div id=\"crieu-2906929024\" class=\"crieu-apres-le-contenu crieu-entity-placement\" style=\"margin-left: auto;margin-right: auto;text-align: center;\"><script async src=\"\/\/pagead2.googlesyndication.com\/pagead\/js\/adsbygoogle.js?client=ca-pub-5271584769416742\" crossorigin=\"anonymous\"><\/script><ins class=\"adsbygoogle\" style=\"display:block;\" data-ad-client=\"ca-pub-5271584769416742\" \ndata-ad-slot=\"9321250718\" \ndata-ad-format=\"auto\"><\/ins>\n<script> \n(adsbygoogle = window.adsbygoogle || []).push({}); \n<\/script>\n<\/div>","protected":false},"excerpt":{"rendered":"<p>Foire la plus ancienne de Suisse &#8211; 103 ans au compteur &#8211; la Muba ouvre pour la derni\u00e8re fois ses portes ce week-end\u00a0 dans la cit\u00e9 rh\u00e9nane. Le Japon en <a href=\"https:\/\/bale.ch\/journal\/muba-ultime-edition-de-la-foire-de-bale\/\" class=\"read-more button-fancy -red\"><span class=\"btn-arrow\"><\/span><span class=\"twp-read-more text\">Continuer la lecture<\/span><\/a><\/p>\n","protected":false},"author":2,"featured_media":2095,"comment_status":"closed","ping_status":"closed","sticky":false,"template":"","format":"standard","meta":{"footnotes":""},"categories":[103,7],"tags":[149,148],"class_list":["post-2094","post","type-post","status-publish","format-standard","has-post-thumbnail","hentry","category-actu","category-bale","tag-foire-de-bale","tag-muba"],"yoast_head":"<!-- This site is optimized with the Yoast SEO plugin v28.3 - https:\/\/yoast.com\/product\/yoast-seo-wordpress\/ -->\n<title>Muba: ultime \u00e9dition de la foire de B\u00e2le - Journal de B\u00e2le et Gen\u00e8ve<\/title>\n<meta name=\"robots\" content=\"index, follow, max-snippet:-1, max-image-preview:large, max-video-preview:-1\" \/>\n<link rel=\"canonical\" href=\"https:\/\/bale.ch\/journal\/muba-ultime-edition-de-la-foire-de-bale\/\" \/>\n<meta property=\"og:locale\" content=\"fr_FR\" \/>\n<meta property=\"og:type\" content=\"article\" \/>\n<meta property=\"og:title\" content=\"Muba: ultime \u00e9dition de la foire de B\u00e2le - Journal de B\u00e2le et Gen\u00e8ve\" \/>\n<meta property=\"og:description\" content=\"Foire la plus ancienne de Suisse &#8211; 103 ans au compteur &#8211; la Muba ouvre pour la derni\u00e8re fois ses portes ce week-end\u00a0 dans la cit\u00e9 rh\u00e9nane. Le Japon en Continuer la lecture\" \/>\n<meta property=\"og:url\" content=\"https:\/\/bale.ch\/journal\/muba-ultime-edition-de-la-foire-de-bale\/\" \/>\n<meta property=\"og:site_name\" content=\"Journal de B\u00e2le et Gen\u00e8ve\" \/>\n<meta property=\"article:published_time\" content=\"2019-02-16T05:34:10+00:00\" \/>\n<meta property=\"article:modified_time\" content=\"2019-02-16T05:48:32+00:00\" \/>\n<meta property=\"og:image\" content=\"https:\/\/bale.ch\/journal\/wp-content\/uploads\/2019\/02\/muba_basel_foire_de_bale_2019.jpg\" \/>\n\t<meta property=\"og:image:width\" content=\"900\" \/>\n\t<meta property=\"og:image:height\" content=\"484\" \/>\n\t<meta property=\"og:image:type\" content=\"image\/jpeg\" \/>\n<meta name=\"author\" content=\"La R\u00e9daction\" \/>\n<meta name=\"twitter:card\" content=\"summary_large_image\" \/>\n<meta name=\"twitter:label1\" content=\"\u00c9crit par\" \/>\n\t<meta name=\"twitter:data1\" content=\"La R\u00e9daction\" \/>\n\t<meta name=\"twitter:label2\" content=\"Dur\u00e9e de lecture estim\u00e9e\" \/>\n\t<meta name=\"twitter:data2\" content=\"2 minutes\" \/>\n<script type=\"application\/ld+json\" class=\"yoast-schema-graph\">{\"@context\":\"https:\\\/\\\/schema.org\",\"@graph\":[{\"@type\":\"Article\",\"@id\":\"https:\\\/\\\/bale.ch\\\/journal\\\/muba-ultime-edition-de-la-foire-de-bale\\\/#article\",\"isPartOf\":{\"@id\":\"https:\\\/\\\/bale.ch\\\/journal\\\/muba-ultime-edition-de-la-foire-de-bale\\\/\"},\"author\":{\"name\":\"La R\u00e9daction\",\"@id\":\"https:\\\/\\\/bale.ch\\\/journal\\\/#\\\/schema\\\/person\\\/03ced978db3b7a5274c5cef003f352f5\"},\"headline\":\"Muba: ultime \u00e9dition de la foire de B\u00e2le\",\"datePublished\":\"2019-02-16T05:34:10+00:00\",\"dateModified\":\"2019-02-16T05:48:32+00:00\",\"mainEntityOfPage\":{\"@id\":\"https:\\\/\\\/bale.ch\\\/journal\\\/muba-ultime-edition-de-la-foire-de-bale\\\/\"},\"wordCount\":388,\"publisher\":{\"@id\":\"https:\\\/\\\/bale.ch\\\/journal\\\/#organization\"},\"image\":{\"@id\":\"https:\\\/\\\/bale.ch\\\/journal\\\/muba-ultime-edition-de-la-foire-de-bale\\\/#primaryimage\"},\"thumbnailUrl\":\"https:\\\/\\\/bale.ch\\\/journal\\\/wp-content\\\/uploads\\\/2019\\\/02\\\/muba_basel_foire_de_bale_2019.jpg\",\"keywords\":[\"foire de b\u00e2le\",\"muba\"],\"articleSection\":[\"Actualit\u00e9s\",\"B\u00e2le Trinationale\"],\"inLanguage\":\"fr-FR\"},{\"@type\":\"WebPage\",\"@id\":\"https:\\\/\\\/bale.ch\\\/journal\\\/muba-ultime-edition-de-la-foire-de-bale\\\/\",\"url\":\"https:\\\/\\\/bale.ch\\\/journal\\\/muba-ultime-edition-de-la-foire-de-bale\\\/\",\"name\":\"Muba: ultime \u00e9dition de la foire de B\u00e2le - Journal de B\u00e2le et Gen\u00e8ve\",\"isPartOf\":{\"@id\":\"https:\\\/\\\/bale.ch\\\/journal\\\/#website\"},\"primaryImageOfPage\":{\"@id\":\"https:\\\/\\\/bale.ch\\\/journal\\\/muba-ultime-edition-de-la-foire-de-bale\\\/#primaryimage\"},\"image\":{\"@id\":\"https:\\\/\\\/bale.ch\\\/journal\\\/muba-ultime-edition-de-la-foire-de-bale\\\/#primaryimage\"},\"thumbnailUrl\":\"https:\\\/\\\/bale.ch\\\/journal\\\/wp-content\\\/uploads\\\/2019\\\/02\\\/muba_basel_foire_de_bale_2019.jpg\",\"datePublished\":\"2019-02-16T05:34:10+00:00\",\"dateModified\":\"2019-02-16T05:48:32+00:00\",\"breadcrumb\":{\"@id\":\"https:\\\/\\\/bale.ch\\\/journal\\\/muba-ultime-edition-de-la-foire-de-bale\\\/#breadcrumb\"},\"inLanguage\":\"fr-FR\",\"potentialAction\":[{\"@type\":\"ReadAction\",\"target\":[\"https:\\\/\\\/bale.ch\\\/journal\\\/muba-ultime-edition-de-la-foire-de-bale\\\/\"]}]},{\"@type\":\"ImageObject\",\"inLanguage\":\"fr-FR\",\"@id\":\"https:\\\/\\\/bale.ch\\\/journal\\\/muba-ultime-edition-de-la-foire-de-bale\\\/#primaryimage\",\"url\":\"https:\\\/\\\/bale.ch\\\/journal\\\/wp-content\\\/uploads\\\/2019\\\/02\\\/muba_basel_foire_de_bale_2019.jpg\",\"contentUrl\":\"https:\\\/\\\/bale.ch\\\/journal\\\/wp-content\\\/uploads\\\/2019\\\/02\\\/muba_basel_foire_de_bale_2019.jpg\",\"width\":900,\"height\":484},{\"@type\":\"BreadcrumbList\",\"@id\":\"https:\\\/\\\/bale.ch\\\/journal\\\/muba-ultime-edition-de-la-foire-de-bale\\\/#breadcrumb\",\"itemListElement\":[{\"@type\":\"ListItem\",\"position\":1,\"name\":\"Accueil\",\"item\":\"https:\\\/\\\/bale.ch\\\/journal\\\/\"},{\"@type\":\"ListItem\",\"position\":2,\"name\":\"Muba: ultime \u00e9dition de la foire de B\u00e2le\"}]},{\"@type\":\"WebSite\",\"@id\":\"https:\\\/\\\/bale.ch\\\/journal\\\/#website\",\"url\":\"https:\\\/\\\/bale.ch\\\/journal\\\/\",\"name\":\"Journal de B\u00e2le et Gen\u00e8ve\",\"description\":\"M\u00e9dia transfrontalier d&#039;actualit\u00e9s - News\",\"publisher\":{\"@id\":\"https:\\\/\\\/bale.ch\\\/journal\\\/#organization\"},\"potentialAction\":[{\"@type\":\"SearchAction\",\"target\":{\"@type\":\"EntryPoint\",\"urlTemplate\":\"https:\\\/\\\/bale.ch\\\/journal\\\/?s={search_term_string}\"},\"query-input\":{\"@type\":\"PropertyValueSpecification\",\"valueRequired\":true,\"valueName\":\"search_term_string\"}}],\"inLanguage\":\"fr-FR\"},{\"@type\":\"Organization\",\"@id\":\"https:\\\/\\\/bale.ch\\\/journal\\\/#organization\",\"name\":\"Journal de B\u00e2le et Gen\u00e8ve\",\"url\":\"https:\\\/\\\/bale.ch\\\/journal\\\/\",\"logo\":{\"@type\":\"ImageObject\",\"inLanguage\":\"fr-FR\",\"@id\":\"https:\\\/\\\/bale.ch\\\/journal\\\/#\\\/schema\\\/logo\\\/image\\\/\",\"url\":\"https:\\\/\\\/bale.ch\\\/journal\\\/wp-content\\\/uploads\\\/2023\\\/07\\\/journaldebale_logo_2023_nb.png\",\"contentUrl\":\"https:\\\/\\\/bale.ch\\\/journal\\\/wp-content\\\/uploads\\\/2023\\\/07\\\/journaldebale_logo_2023_nb.png\",\"width\":371,\"height\":127,\"caption\":\"Journal de B\u00e2le et Gen\u00e8ve\"},\"image\":{\"@id\":\"https:\\\/\\\/bale.ch\\\/journal\\\/#\\\/schema\\\/logo\\\/image\\\/\"}},{\"@type\":\"Person\",\"@id\":\"https:\\\/\\\/bale.ch\\\/journal\\\/#\\\/schema\\\/person\\\/03ced978db3b7a5274c5cef003f352f5\",\"name\":\"La R\u00e9daction\",\"image\":{\"@type\":\"ImageObject\",\"inLanguage\":\"fr-FR\",\"@id\":\"https:\\\/\\\/secure.gravatar.com\\\/avatar\\\/d1327e2ce8d2b860112f968a3f34686c9bdda7a463a1502cdd1070ac9d88cf1e?s=96&d=mm&r=g\",\"url\":\"https:\\\/\\\/secure.gravatar.com\\\/avatar\\\/d1327e2ce8d2b860112f968a3f34686c9bdda7a463a1502cdd1070ac9d88cf1e?s=96&d=mm&r=g\",\"contentUrl\":\"https:\\\/\\\/secure.gravatar.com\\\/avatar\\\/d1327e2ce8d2b860112f968a3f34686c9bdda7a463a1502cdd1070ac9d88cf1e?s=96&d=mm&r=g\",\"caption\":\"La R\u00e9daction\"},\"url\":\"https:\\\/\\\/bale.ch\\\/journal\\\/author\\\/laredaction\\\/\"}]}<\/script>\n<!-- \/ Yoast SEO plugin. -->","yoast_head_json":{"title":"Muba: ultime \u00e9dition de la foire de B\u00e2le - Journal de B\u00e2le et Gen\u00e8ve","robots":{"index":"index","follow":"follow","max-snippet":"max-snippet:-1","max-image-preview":"max-image-preview:large","max-video-preview":"max-video-preview:-1"},"canonical":"https:\/\/bale.ch\/journal\/muba-ultime-edition-de-la-foire-de-bale\/","og_locale":"fr_FR","og_type":"article","og_title":"Muba: ultime \u00e9dition de la foire de B\u00e2le - Journal de B\u00e2le et Gen\u00e8ve","og_description":"Foire la plus ancienne de Suisse &#8211; 103 ans au compteur &#8211; la Muba ouvre pour la derni\u00e8re fois ses portes ce week-end\u00a0 dans la cit\u00e9 rh\u00e9nane. Le Japon en Continuer la lecture","og_url":"https:\/\/bale.ch\/journal\/muba-ultime-edition-de-la-foire-de-bale\/","og_site_name":"Journal de B\u00e2le et Gen\u00e8ve","article_published_time":"2019-02-16T05:34:10+00:00","article_modified_time":"2019-02-16T05:48:32+00:00","og_image":[{"width":900,"height":484,"url":"https:\/\/bale.ch\/journal\/wp-content\/uploads\/2019\/02\/muba_basel_foire_de_bale_2019.jpg","type":"image\/jpeg"}],"author":"La R\u00e9daction","twitter_card":"summary_large_image","twitter_misc":{"\u00c9crit par":"La R\u00e9daction","Dur\u00e9e de lecture estim\u00e9e":"2 minutes"},"schema":{"@context":"https:\/\/schema.org","@graph":[{"@type":"Article","@id":"https:\/\/bale.ch\/journal\/muba-ultime-edition-de-la-foire-de-bale\/#article","isPartOf":{"@id":"https:\/\/bale.ch\/journal\/muba-ultime-edition-de-la-foire-de-bale\/"},"author":{"name":"La R\u00e9daction","@id":"https:\/\/bale.ch\/journal\/#\/schema\/person\/03ced978db3b7a5274c5cef003f352f5"},"headline":"Muba: ultime \u00e9dition de la foire de B\u00e2le","datePublished":"2019-02-16T05:34:10+00:00","dateModified":"2019-02-16T05:48:32+00:00","mainEntityOfPage":{"@id":"https:\/\/bale.ch\/journal\/muba-ultime-edition-de-la-foire-de-bale\/"},"wordCount":388,"publisher":{"@id":"https:\/\/bale.ch\/journal\/#organization"},"image":{"@id":"https:\/\/bale.ch\/journal\/muba-ultime-edition-de-la-foire-de-bale\/#primaryimage"},"thumbnailUrl":"https:\/\/bale.ch\/journal\/wp-content\/uploads\/2019\/02\/muba_basel_foire_de_bale_2019.jpg","keywords":["foire de b\u00e2le","muba"],"articleSection":["Actualit\u00e9s","B\u00e2le Trinationale"],"inLanguage":"fr-FR"},{"@type":"WebPage","@id":"https:\/\/bale.ch\/journal\/muba-ultime-edition-de-la-foire-de-bale\/","url":"https:\/\/bale.ch\/journal\/muba-ultime-edition-de-la-foire-de-bale\/","name":"Muba: ultime \u00e9dition de la foire de B\u00e2le - Journal de B\u00e2le et Gen\u00e8ve","isPartOf":{"@id":"https:\/\/bale.ch\/journal\/#website"},"primaryImageOfPage":{"@id":"https:\/\/bale.ch\/journal\/muba-ultime-edition-de-la-foire-de-bale\/#primaryimage"},"image":{"@id":"https:\/\/bale.ch\/journal\/muba-ultime-edition-de-la-foire-de-bale\/#primaryimage"},"thumbnailUrl":"https:\/\/bale.ch\/journal\/wp-content\/uploads\/2019\/02\/muba_basel_foire_de_bale_2019.jpg","datePublished":"2019-02-16T05:34:10+00:00","dateModified":"2019-02-16T05:48:32+00:00","breadcrumb":{"@id":"https:\/\/bale.ch\/journal\/muba-ultime-edition-de-la-foire-de-bale\/#breadcrumb"},"inLanguage":"fr-FR","potentialAction":[{"@type":"ReadAction","target":["https:\/\/bale.ch\/journal\/muba-ultime-edition-de-la-foire-de-bale\/"]}]},{"@type":"ImageObject","inLanguage":"fr-FR","@id":"https:\/\/bale.ch\/journal\/muba-ultime-edition-de-la-foire-de-bale\/#primaryimage","url":"https:\/\/bale.ch\/journal\/wp-content\/uploads\/2019\/02\/muba_basel_foire_de_bale_2019.jpg","contentUrl":"https:\/\/bale.ch\/journal\/wp-content\/uploads\/2019\/02\/muba_basel_foire_de_bale_2019.jpg","width":900,"height":484},{"@type":"BreadcrumbList","@id":"https:\/\/bale.ch\/journal\/muba-ultime-edition-de-la-foire-de-bale\/#breadcrumb","itemListElement":[{"@type":"ListItem","position":1,"name":"Accueil","item":"https:\/\/bale.ch\/journal\/"},{"@type":"ListItem","position":2,"name":"Muba: ultime \u00e9dition de la foire de B\u00e2le"}]},{"@type":"WebSite","@id":"https:\/\/bale.ch\/journal\/#website","url":"https:\/\/bale.ch\/journal\/","name":"Journal de B\u00e2le et Gen\u00e8ve","description":"M\u00e9dia transfrontalier d&#039;actualit\u00e9s - News","publisher":{"@id":"https:\/\/bale.ch\/journal\/#organization"},"potentialAction":[{"@type":"SearchAction","target":{"@type":"EntryPoint","urlTemplate":"https:\/\/bale.ch\/journal\/?s={search_term_string}"},"query-input":{"@type":"PropertyValueSpecification","valueRequired":true,"valueName":"search_term_string"}}],"inLanguage":"fr-FR"},{"@type":"Organization","@id":"https:\/\/bale.ch\/journal\/#organization","name":"Journal de B\u00e2le et Gen\u00e8ve","url":"https:\/\/bale.ch\/journal\/","logo":{"@type":"ImageObject","inLanguage":"fr-FR","@id":"https:\/\/bale.ch\/journal\/#\/schema\/logo\/image\/","url":"https:\/\/bale.ch\/journal\/wp-content\/uploads\/2023\/07\/journaldebale_logo_2023_nb.png","contentUrl":"https:\/\/bale.ch\/journal\/wp-content\/uploads\/2023\/07\/journaldebale_logo_2023_nb.png","width":371,"height":127,"caption":"Journal de B\u00e2le et Gen\u00e8ve"},"image":{"@id":"https:\/\/bale.ch\/journal\/#\/schema\/logo\/image\/"}},{"@type":"Person","@id":"https:\/\/bale.ch\/journal\/#\/schema\/person\/03ced978db3b7a5274c5cef003f352f5","name":"La R\u00e9daction","image":{"@type":"ImageObject","inLanguage":"fr-FR","@id":"https:\/\/secure.gravatar.com\/avatar\/d1327e2ce8d2b860112f968a3f34686c9bdda7a463a1502cdd1070ac9d88cf1e?s=96&d=mm&r=g","url":"https:\/\/secure.gravatar.com\/avatar\/d1327e2ce8d2b860112f968a3f34686c9bdda7a463a1502cdd1070ac9d88cf1e?s=96&d=mm&r=g","contentUrl":"https:\/\/secure.gravatar.com\/avatar\/d1327e2ce8d2b860112f968a3f34686c9bdda7a463a1502cdd1070ac9d88cf1e?s=96&d=mm&r=g","caption":"La R\u00e9daction"},"url":"https:\/\/bale.ch\/journal\/author\/laredaction\/"}]}},"_links":{"self":[{"href":"https:\/\/bale.ch\/journal\/wp-json\/wp\/v2\/posts\/2094","targetHints":{"allow":["GET"]}}],"collection":[{"href":"https:\/\/bale.ch\/journal\/wp-json\/wp\/v2\/posts"}],"about":[{"href":"https:\/\/bale.ch\/journal\/wp-json\/wp\/v2\/types\/post"}],"author":[{"embeddable":true,"href":"https:\/\/bale.ch\/journal\/wp-json\/wp\/v2\/users\/2"}],"replies":[{"embeddable":true,"href":"https:\/\/bale.ch\/journal\/wp-json\/wp\/v2\/comments?post=2094"}],"version-history":[{"count":8,"href":"https:\/\/bale.ch\/journal\/wp-json\/wp\/v2\/posts\/2094\/revisions"}],"predecessor-version":[{"id":2103,"href":"https:\/\/bale.ch\/journal\/wp-json\/wp\/v2\/posts\/2094\/revisions\/2103"}],"wp:featuredmedia":[{"embeddable":true,"href":"https:\/\/bale.ch\/journal\/wp-json\/wp\/v2\/media\/2095"}],"wp:attachment":[{"href":"https:\/\/bale.ch\/journal\/wp-json\/wp\/v2\/media?parent=2094"}],"wp:term":[{"taxonomy":"category","embeddable":true,"href":"https:\/\/bale.ch\/journal\/wp-json\/wp\/v2\/categories?post=2094"},{"taxonomy":"post_tag","embeddable":true,"href":"https:\/\/bale.ch\/journal\/wp-json\/wp\/v2\/tags?post=2094"}],"curies":[{"name":"wp","href":"https:\/\/api.w.org\/{rel}","templated":true}]}}