{"id":2108,"date":"2019-02-25T16:32:11","date_gmt":"2019-02-25T16:32:11","guid":{"rendered":"http:\/\/bale.ch\/journal\/?p=2108"},"modified":"2019-02-25T16:32:11","modified_gmt":"2019-02-25T16:32:11","slug":"conference-le-droit-de-vote-des-le-berceau-en-debat","status":"publish","type":"post","link":"https:\/\/bale.ch\/journal\/conference-le-droit-de-vote-des-le-berceau-en-debat\/","title":{"rendered":"Conf\u00e9rence: le droit de vote d\u00e8s le berceau en d\u00e9bat"},"content":{"rendered":"<p>CONF\u00c9RENCE | Avec \u00ab\u00a0Citoyen d\u00e8s le berceau\u00a0\u00bb, l&rsquo;universit\u00e9 de Gen\u00e8ve (UNIGE) propose de r\u00e9fl\u00e9chir \u00e0 la participation des jeunes dans notre soci\u00e9t\u00e9, \u00e0 l&rsquo;image de Greta Thunberg, militante pour le climat. En effet, la Convention des Nations Unies relative aux droits de l\u2019enfant \u2013 dont on c\u00e9l\u00e8bre cette ann\u00e9e les 30 ans de ratification \u2013 stipule que chaque enfant a des droits inh\u00e9rents \u00e0 sa personne dont celui d\u2019exprimer son opinion sur toute question l\u2019int\u00e9ressant et que celle-ci soit prise en compte. Du moins, autant que faire se peut, \u00abeu \u00e9gard \u00e0 son \u00e2ge et \u00e0 son degr\u00e9 de maturit\u00e9\u00bb.<\/p>\n<p>Pour ouvrir le semestre de printemps, l\u2019UNIGE donne la parole au\u00a0 professeur\u00a0<strong>Philip D. Jaff\u00e9<\/strong>, directeur du Centre interfacultaire en droits de l\u2019enfant (CIDE) et, d\u00e8s le 1<sup>er<\/sup>\u00a0mars 2019, membre du Comit\u00e9 des droits de l\u2019enfant de l\u2019ONU. Lors de sa conf\u00e9rence, le professeur Jaff\u00e9 examinera l\u2019\u00e9volution du statut de l\u2019enfant dans notre soci\u00e9t\u00e9 et l\u2019\u00e9mergence de ses droits participatifs, en s\u2019appuyant sur de nombreux exemples issus de la pratique, dans la perspective interdisciplinaire qui caract\u00e9rise les missions du CIDE.<\/p>\n<hr \/>\n<p><strong>A LIRE<br \/>\n<\/strong><a href=\"https:\/\/www.unige.ch\/lejournal\/numeros\/journal155\/article-point-fort\/\" target=\"_blank\" rel=\"noopener\">Interview de Philip D. Jaff\u00e9<\/a>\u00a0dans\u00a0<em>Le Journal de l&rsquo;UNIGE<\/em><\/p><div id=\"crieu-969609078\" class=\"crieu-content crieu-entity-placement\"><script async src=\"\/\/pagead2.googlesyndication.com\/pagead\/js\/adsbygoogle.js?client=ca-pub-5271584769416742\" crossorigin=\"anonymous\"><\/script><ins class=\"adsbygoogle\" style=\"display:block;\" data-ad-client=\"ca-pub-5271584769416742\" \ndata-ad-slot=\"9321250718\" \ndata-ad-format=\"auto\"><\/ins>\n<script> \n(adsbygoogle = window.adsbygoogle || []).push({}); \n<\/script>\n<\/div>\n<hr \/>\n<p><strong>CITOYEN D\u00c8S LE BERCEAU<br \/>\nLa participation des enfants dans la soci\u00e9t\u00e9<\/strong><\/p>\n<p>Conf\u00e9rence de\u00a0<strong>Philip D. Jaff\u00e9,\u00a0<\/strong>directeur du Centre interfacultaire en droits de l&rsquo;enfant (CIDE) et, d\u00e8s le 1er mars 2019, membre du Comit\u00e9 des droits de l&rsquo;enfant de l&rsquo;ONU<\/p>\n<p><strong>Mardi 26 f\u00e9vrier 2019 | 18h30<br \/>\n<\/strong>Uni Dufour &#8211;\u00a0Rue du G\u00e9n\u00e9ral Dufour 24<span class=\"_Xbe\">\u00a0&#8211;\u00a0<\/span><span class=\"_Xbe\">1204<\/span><span class=\"_Xbe\">\u00a0Gen\u00e8ve<br \/>\nAuditoire U600<\/span><\/p>\n<p><em>Entr\u00e9e libre, sans inscription et dans la mesure des places disponibles<\/em><\/p>\n<div id=\"crieu-3689352488\" class=\"crieu-apres-le-contenu crieu-entity-placement\" style=\"margin-left: auto;margin-right: auto;text-align: center;\"><script async src=\"\/\/pagead2.googlesyndication.com\/pagead\/js\/adsbygoogle.js?client=ca-pub-5271584769416742\" crossorigin=\"anonymous\"><\/script><ins class=\"adsbygoogle\" style=\"display:block;\" data-ad-client=\"ca-pub-5271584769416742\" \ndata-ad-slot=\"9321250718\" \ndata-ad-format=\"auto\"><\/ins>\n<script> \n(adsbygoogle = window.adsbygoogle || []).push({}); \n<\/script>\n<\/div>","protected":false},"excerpt":{"rendered":"<p>CONF\u00c9RENCE | Avec \u00ab\u00a0Citoyen d\u00e8s le berceau\u00a0\u00bb, l&rsquo;universit\u00e9 de Gen\u00e8ve (UNIGE) propose de r\u00e9fl\u00e9chir \u00e0 la participation des jeunes dans notre soci\u00e9t\u00e9, \u00e0 l&rsquo;image de Greta Thunberg, militante pour le <a href=\"https:\/\/bale.ch\/journal\/conference-le-droit-de-vote-des-le-berceau-en-debat\/\" class=\"read-more button-fancy -red\"><span class=\"btn-arrow\"><\/span><span class=\"twp-read-more text\">Continuer la lecture<\/span><\/a><\/p>\n","protected":false},"author":2,"featured_media":2109,"comment_status":"closed","ping_status":"closed","sticky":false,"template":"","format":"standard","meta":{"footnotes":""},"categories":[4,12,18],"tags":[5,85],"class_list":["post-2108","post","type-post","status-publish","format-standard","has-post-thumbnail","hentry","category-grand-geneve","category-societe","category-sortir","tag-geneve-ville","tag-universite-de-geneve"],"yoast_head":"<!-- This site is optimized with the Yoast SEO plugin v28.3 - https:\/\/yoast.com\/product\/yoast-seo-wordpress\/ -->\n<title>Conf\u00e9rence: le droit de vote d\u00e8s le berceau en d\u00e9bat - Journal de B\u00e2le et Gen\u00e8ve<\/title>\n<meta name=\"robots\" content=\"index, follow, max-snippet:-1, max-image-preview:large, max-video-preview:-1\" \/>\n<link rel=\"canonical\" href=\"https:\/\/bale.ch\/journal\/conference-le-droit-de-vote-des-le-berceau-en-debat\/\" \/>\n<meta property=\"og:locale\" content=\"fr_FR\" \/>\n<meta property=\"og:type\" content=\"article\" \/>\n<meta property=\"og:title\" content=\"Conf\u00e9rence: le droit de vote d\u00e8s le berceau en d\u00e9bat - Journal de B\u00e2le et Gen\u00e8ve\" \/>\n<meta property=\"og:description\" content=\"CONF\u00c9RENCE | Avec \u00ab\u00a0Citoyen d\u00e8s le berceau\u00a0\u00bb, l&rsquo;universit\u00e9 de Gen\u00e8ve (UNIGE) propose de r\u00e9fl\u00e9chir \u00e0 la participation des jeunes dans notre soci\u00e9t\u00e9, \u00e0 l&rsquo;image de Greta Thunberg, militante pour le Continuer la lecture\" \/>\n<meta property=\"og:url\" content=\"https:\/\/bale.ch\/journal\/conference-le-droit-de-vote-des-le-berceau-en-debat\/\" \/>\n<meta property=\"og:site_name\" content=\"Journal de B\u00e2le et Gen\u00e8ve\" \/>\n<meta property=\"article:published_time\" content=\"2019-02-25T16:32:11+00:00\" \/>\n<meta property=\"og:image\" content=\"https:\/\/bale.ch\/journal\/wp-content\/uploads\/2019\/02\/droit_de_vote_enfants.jpg\" \/>\n\t<meta property=\"og:image:width\" content=\"900\" \/>\n\t<meta property=\"og:image:height\" content=\"484\" \/>\n\t<meta property=\"og:image:type\" content=\"image\/jpeg\" \/>\n<meta name=\"author\" content=\"La R\u00e9daction\" \/>\n<meta name=\"twitter:card\" content=\"summary_large_image\" \/>\n<meta name=\"twitter:label1\" content=\"\u00c9crit par\" \/>\n\t<meta name=\"twitter:data1\" content=\"La R\u00e9daction\" \/>\n\t<meta name=\"twitter:label2\" content=\"Dur\u00e9e de lecture estim\u00e9e\" \/>\n\t<meta name=\"twitter:data2\" content=\"1 minute\" \/>\n<script type=\"application\/ld+json\" class=\"yoast-schema-graph\">{\"@context\":\"https:\\\/\\\/schema.org\",\"@graph\":[{\"@type\":\"Article\",\"@id\":\"https:\\\/\\\/bale.ch\\\/journal\\\/conference-le-droit-de-vote-des-le-berceau-en-debat\\\/#article\",\"isPartOf\":{\"@id\":\"https:\\\/\\\/bale.ch\\\/journal\\\/conference-le-droit-de-vote-des-le-berceau-en-debat\\\/\"},\"author\":{\"name\":\"La R\u00e9daction\",\"@id\":\"https:\\\/\\\/bale.ch\\\/journal\\\/#\\\/schema\\\/person\\\/03ced978db3b7a5274c5cef003f352f5\"},\"headline\":\"Conf\u00e9rence: le droit de vote d\u00e8s le berceau en d\u00e9bat\",\"datePublished\":\"2019-02-25T16:32:11+00:00\",\"mainEntityOfPage\":{\"@id\":\"https:\\\/\\\/bale.ch\\\/journal\\\/conference-le-droit-de-vote-des-le-berceau-en-debat\\\/\"},\"wordCount\":301,\"publisher\":{\"@id\":\"https:\\\/\\\/bale.ch\\\/journal\\\/#organization\"},\"image\":{\"@id\":\"https:\\\/\\\/bale.ch\\\/journal\\\/conference-le-droit-de-vote-des-le-berceau-en-debat\\\/#primaryimage\"},\"thumbnailUrl\":\"https:\\\/\\\/bale.ch\\\/journal\\\/wp-content\\\/uploads\\\/2019\\\/02\\\/droit_de_vote_enfants.jpg\",\"keywords\":[\"Gen\u00e8ve Ville\",\"Universit\u00e9 de Gen\u00e8ve\"],\"articleSection\":[\"Grand Gen\u00e8ve\",\"Soci\u00e9t\u00e9\",\"Sortir\"],\"inLanguage\":\"fr-FR\"},{\"@type\":\"WebPage\",\"@id\":\"https:\\\/\\\/bale.ch\\\/journal\\\/conference-le-droit-de-vote-des-le-berceau-en-debat\\\/\",\"url\":\"https:\\\/\\\/bale.ch\\\/journal\\\/conference-le-droit-de-vote-des-le-berceau-en-debat\\\/\",\"name\":\"Conf\u00e9rence: le droit de vote d\u00e8s le berceau en d\u00e9bat - Journal de B\u00e2le et Gen\u00e8ve\",\"isPartOf\":{\"@id\":\"https:\\\/\\\/bale.ch\\\/journal\\\/#website\"},\"primaryImageOfPage\":{\"@id\":\"https:\\\/\\\/bale.ch\\\/journal\\\/conference-le-droit-de-vote-des-le-berceau-en-debat\\\/#primaryimage\"},\"image\":{\"@id\":\"https:\\\/\\\/bale.ch\\\/journal\\\/conference-le-droit-de-vote-des-le-berceau-en-debat\\\/#primaryimage\"},\"thumbnailUrl\":\"https:\\\/\\\/bale.ch\\\/journal\\\/wp-content\\\/uploads\\\/2019\\\/02\\\/droit_de_vote_enfants.jpg\",\"datePublished\":\"2019-02-25T16:32:11+00:00\",\"breadcrumb\":{\"@id\":\"https:\\\/\\\/bale.ch\\\/journal\\\/conference-le-droit-de-vote-des-le-berceau-en-debat\\\/#breadcrumb\"},\"inLanguage\":\"fr-FR\",\"potentialAction\":[{\"@type\":\"ReadAction\",\"target\":[\"https:\\\/\\\/bale.ch\\\/journal\\\/conference-le-droit-de-vote-des-le-berceau-en-debat\\\/\"]}]},{\"@type\":\"ImageObject\",\"inLanguage\":\"fr-FR\",\"@id\":\"https:\\\/\\\/bale.ch\\\/journal\\\/conference-le-droit-de-vote-des-le-berceau-en-debat\\\/#primaryimage\",\"url\":\"https:\\\/\\\/bale.ch\\\/journal\\\/wp-content\\\/uploads\\\/2019\\\/02\\\/droit_de_vote_enfants.jpg\",\"contentUrl\":\"https:\\\/\\\/bale.ch\\\/journal\\\/wp-content\\\/uploads\\\/2019\\\/02\\\/droit_de_vote_enfants.jpg\",\"width\":900,\"height\":484},{\"@type\":\"BreadcrumbList\",\"@id\":\"https:\\\/\\\/bale.ch\\\/journal\\\/conference-le-droit-de-vote-des-le-berceau-en-debat\\\/#breadcrumb\",\"itemListElement\":[{\"@type\":\"ListItem\",\"position\":1,\"name\":\"Accueil\",\"item\":\"https:\\\/\\\/bale.ch\\\/journal\\\/\"},{\"@type\":\"ListItem\",\"position\":2,\"name\":\"Conf\u00e9rence: le droit de vote d\u00e8s le berceau en d\u00e9bat\"}]},{\"@type\":\"WebSite\",\"@id\":\"https:\\\/\\\/bale.ch\\\/journal\\\/#website\",\"url\":\"https:\\\/\\\/bale.ch\\\/journal\\\/\",\"name\":\"Journal de B\u00e2le et Gen\u00e8ve\",\"description\":\"M\u00e9dia transfrontalier d&#039;actualit\u00e9s - News\",\"publisher\":{\"@id\":\"https:\\\/\\\/bale.ch\\\/journal\\\/#organization\"},\"potentialAction\":[{\"@type\":\"SearchAction\",\"target\":{\"@type\":\"EntryPoint\",\"urlTemplate\":\"https:\\\/\\\/bale.ch\\\/journal\\\/?s={search_term_string}\"},\"query-input\":{\"@type\":\"PropertyValueSpecification\",\"valueRequired\":true,\"valueName\":\"search_term_string\"}}],\"inLanguage\":\"fr-FR\"},{\"@type\":\"Organization\",\"@id\":\"https:\\\/\\\/bale.ch\\\/journal\\\/#organization\",\"name\":\"Journal de B\u00e2le et Gen\u00e8ve\",\"url\":\"https:\\\/\\\/bale.ch\\\/journal\\\/\",\"logo\":{\"@type\":\"ImageObject\",\"inLanguage\":\"fr-FR\",\"@id\":\"https:\\\/\\\/bale.ch\\\/journal\\\/#\\\/schema\\\/logo\\\/image\\\/\",\"url\":\"https:\\\/\\\/bale.ch\\\/journal\\\/wp-content\\\/uploads\\\/2023\\\/07\\\/journaldebale_logo_2023_nb.png\",\"contentUrl\":\"https:\\\/\\\/bale.ch\\\/journal\\\/wp-content\\\/uploads\\\/2023\\\/07\\\/journaldebale_logo_2023_nb.png\",\"width\":371,\"height\":127,\"caption\":\"Journal de B\u00e2le et Gen\u00e8ve\"},\"image\":{\"@id\":\"https:\\\/\\\/bale.ch\\\/journal\\\/#\\\/schema\\\/logo\\\/image\\\/\"}},{\"@type\":\"Person\",\"@id\":\"https:\\\/\\\/bale.ch\\\/journal\\\/#\\\/schema\\\/person\\\/03ced978db3b7a5274c5cef003f352f5\",\"name\":\"La R\u00e9daction\",\"image\":{\"@type\":\"ImageObject\",\"inLanguage\":\"fr-FR\",\"@id\":\"https:\\\/\\\/secure.gravatar.com\\\/avatar\\\/d1327e2ce8d2b860112f968a3f34686c9bdda7a463a1502cdd1070ac9d88cf1e?s=96&d=mm&r=g\",\"url\":\"https:\\\/\\\/secure.gravatar.com\\\/avatar\\\/d1327e2ce8d2b860112f968a3f34686c9bdda7a463a1502cdd1070ac9d88cf1e?s=96&d=mm&r=g\",\"contentUrl\":\"https:\\\/\\\/secure.gravatar.com\\\/avatar\\\/d1327e2ce8d2b860112f968a3f34686c9bdda7a463a1502cdd1070ac9d88cf1e?s=96&d=mm&r=g\",\"caption\":\"La R\u00e9daction\"},\"url\":\"https:\\\/\\\/bale.ch\\\/journal\\\/author\\\/laredaction\\\/\"}]}<\/script>\n<!-- \/ Yoast SEO plugin. -->","yoast_head_json":{"title":"Conf\u00e9rence: le droit de vote d\u00e8s le berceau en d\u00e9bat - Journal de B\u00e2le et Gen\u00e8ve","robots":{"index":"index","follow":"follow","max-snippet":"max-snippet:-1","max-image-preview":"max-image-preview:large","max-video-preview":"max-video-preview:-1"},"canonical":"https:\/\/bale.ch\/journal\/conference-le-droit-de-vote-des-le-berceau-en-debat\/","og_locale":"fr_FR","og_type":"article","og_title":"Conf\u00e9rence: le droit de vote d\u00e8s le berceau en d\u00e9bat - Journal de B\u00e2le et Gen\u00e8ve","og_description":"CONF\u00c9RENCE | Avec \u00ab\u00a0Citoyen d\u00e8s le berceau\u00a0\u00bb, l&rsquo;universit\u00e9 de Gen\u00e8ve (UNIGE) propose de r\u00e9fl\u00e9chir \u00e0 la participation des jeunes dans notre soci\u00e9t\u00e9, \u00e0 l&rsquo;image de Greta Thunberg, militante pour le Continuer la lecture","og_url":"https:\/\/bale.ch\/journal\/conference-le-droit-de-vote-des-le-berceau-en-debat\/","og_site_name":"Journal de B\u00e2le et Gen\u00e8ve","article_published_time":"2019-02-25T16:32:11+00:00","og_image":[{"width":900,"height":484,"url":"https:\/\/bale.ch\/journal\/wp-content\/uploads\/2019\/02\/droit_de_vote_enfants.jpg","type":"image\/jpeg"}],"author":"La R\u00e9daction","twitter_card":"summary_large_image","twitter_misc":{"\u00c9crit par":"La R\u00e9daction","Dur\u00e9e de lecture estim\u00e9e":"1 minute"},"schema":{"@context":"https:\/\/schema.org","@graph":[{"@type":"Article","@id":"https:\/\/bale.ch\/journal\/conference-le-droit-de-vote-des-le-berceau-en-debat\/#article","isPartOf":{"@id":"https:\/\/bale.ch\/journal\/conference-le-droit-de-vote-des-le-berceau-en-debat\/"},"author":{"name":"La R\u00e9daction","@id":"https:\/\/bale.ch\/journal\/#\/schema\/person\/03ced978db3b7a5274c5cef003f352f5"},"headline":"Conf\u00e9rence: le droit de vote d\u00e8s le berceau en d\u00e9bat","datePublished":"2019-02-25T16:32:11+00:00","mainEntityOfPage":{"@id":"https:\/\/bale.ch\/journal\/conference-le-droit-de-vote-des-le-berceau-en-debat\/"},"wordCount":301,"publisher":{"@id":"https:\/\/bale.ch\/journal\/#organization"},"image":{"@id":"https:\/\/bale.ch\/journal\/conference-le-droit-de-vote-des-le-berceau-en-debat\/#primaryimage"},"thumbnailUrl":"https:\/\/bale.ch\/journal\/wp-content\/uploads\/2019\/02\/droit_de_vote_enfants.jpg","keywords":["Gen\u00e8ve Ville","Universit\u00e9 de Gen\u00e8ve"],"articleSection":["Grand Gen\u00e8ve","Soci\u00e9t\u00e9","Sortir"],"inLanguage":"fr-FR"},{"@type":"WebPage","@id":"https:\/\/bale.ch\/journal\/conference-le-droit-de-vote-des-le-berceau-en-debat\/","url":"https:\/\/bale.ch\/journal\/conference-le-droit-de-vote-des-le-berceau-en-debat\/","name":"Conf\u00e9rence: le droit de vote d\u00e8s le berceau en d\u00e9bat - Journal de B\u00e2le et Gen\u00e8ve","isPartOf":{"@id":"https:\/\/bale.ch\/journal\/#website"},"primaryImageOfPage":{"@id":"https:\/\/bale.ch\/journal\/conference-le-droit-de-vote-des-le-berceau-en-debat\/#primaryimage"},"image":{"@id":"https:\/\/bale.ch\/journal\/conference-le-droit-de-vote-des-le-berceau-en-debat\/#primaryimage"},"thumbnailUrl":"https:\/\/bale.ch\/journal\/wp-content\/uploads\/2019\/02\/droit_de_vote_enfants.jpg","datePublished":"2019-02-25T16:32:11+00:00","breadcrumb":{"@id":"https:\/\/bale.ch\/journal\/conference-le-droit-de-vote-des-le-berceau-en-debat\/#breadcrumb"},"inLanguage":"fr-FR","potentialAction":[{"@type":"ReadAction","target":["https:\/\/bale.ch\/journal\/conference-le-droit-de-vote-des-le-berceau-en-debat\/"]}]},{"@type":"ImageObject","inLanguage":"fr-FR","@id":"https:\/\/bale.ch\/journal\/conference-le-droit-de-vote-des-le-berceau-en-debat\/#primaryimage","url":"https:\/\/bale.ch\/journal\/wp-content\/uploads\/2019\/02\/droit_de_vote_enfants.jpg","contentUrl":"https:\/\/bale.ch\/journal\/wp-content\/uploads\/2019\/02\/droit_de_vote_enfants.jpg","width":900,"height":484},{"@type":"BreadcrumbList","@id":"https:\/\/bale.ch\/journal\/conference-le-droit-de-vote-des-le-berceau-en-debat\/#breadcrumb","itemListElement":[{"@type":"ListItem","position":1,"name":"Accueil","item":"https:\/\/bale.ch\/journal\/"},{"@type":"ListItem","position":2,"name":"Conf\u00e9rence: le droit de vote d\u00e8s le berceau en d\u00e9bat"}]},{"@type":"WebSite","@id":"https:\/\/bale.ch\/journal\/#website","url":"https:\/\/bale.ch\/journal\/","name":"Journal de B\u00e2le et Gen\u00e8ve","description":"M\u00e9dia transfrontalier d&#039;actualit\u00e9s - News","publisher":{"@id":"https:\/\/bale.ch\/journal\/#organization"},"potentialAction":[{"@type":"SearchAction","target":{"@type":"EntryPoint","urlTemplate":"https:\/\/bale.ch\/journal\/?s={search_term_string}"},"query-input":{"@type":"PropertyValueSpecification","valueRequired":true,"valueName":"search_term_string"}}],"inLanguage":"fr-FR"},{"@type":"Organization","@id":"https:\/\/bale.ch\/journal\/#organization","name":"Journal de B\u00e2le et Gen\u00e8ve","url":"https:\/\/bale.ch\/journal\/","logo":{"@type":"ImageObject","inLanguage":"fr-FR","@id":"https:\/\/bale.ch\/journal\/#\/schema\/logo\/image\/","url":"https:\/\/bale.ch\/journal\/wp-content\/uploads\/2023\/07\/journaldebale_logo_2023_nb.png","contentUrl":"https:\/\/bale.ch\/journal\/wp-content\/uploads\/2023\/07\/journaldebale_logo_2023_nb.png","width":371,"height":127,"caption":"Journal de B\u00e2le et Gen\u00e8ve"},"image":{"@id":"https:\/\/bale.ch\/journal\/#\/schema\/logo\/image\/"}},{"@type":"Person","@id":"https:\/\/bale.ch\/journal\/#\/schema\/person\/03ced978db3b7a5274c5cef003f352f5","name":"La R\u00e9daction","image":{"@type":"ImageObject","inLanguage":"fr-FR","@id":"https:\/\/secure.gravatar.com\/avatar\/d1327e2ce8d2b860112f968a3f34686c9bdda7a463a1502cdd1070ac9d88cf1e?s=96&d=mm&r=g","url":"https:\/\/secure.gravatar.com\/avatar\/d1327e2ce8d2b860112f968a3f34686c9bdda7a463a1502cdd1070ac9d88cf1e?s=96&d=mm&r=g","contentUrl":"https:\/\/secure.gravatar.com\/avatar\/d1327e2ce8d2b860112f968a3f34686c9bdda7a463a1502cdd1070ac9d88cf1e?s=96&d=mm&r=g","caption":"La R\u00e9daction"},"url":"https:\/\/bale.ch\/journal\/author\/laredaction\/"}]}},"_links":{"self":[{"href":"https:\/\/bale.ch\/journal\/wp-json\/wp\/v2\/posts\/2108","targetHints":{"allow":["GET"]}}],"collection":[{"href":"https:\/\/bale.ch\/journal\/wp-json\/wp\/v2\/posts"}],"about":[{"href":"https:\/\/bale.ch\/journal\/wp-json\/wp\/v2\/types\/post"}],"author":[{"embeddable":true,"href":"https:\/\/bale.ch\/journal\/wp-json\/wp\/v2\/users\/2"}],"replies":[{"embeddable":true,"href":"https:\/\/bale.ch\/journal\/wp-json\/wp\/v2\/comments?post=2108"}],"version-history":[{"count":1,"href":"https:\/\/bale.ch\/journal\/wp-json\/wp\/v2\/posts\/2108\/revisions"}],"predecessor-version":[{"id":2110,"href":"https:\/\/bale.ch\/journal\/wp-json\/wp\/v2\/posts\/2108\/revisions\/2110"}],"wp:featuredmedia":[{"embeddable":true,"href":"https:\/\/bale.ch\/journal\/wp-json\/wp\/v2\/media\/2109"}],"wp:attachment":[{"href":"https:\/\/bale.ch\/journal\/wp-json\/wp\/v2\/media?parent=2108"}],"wp:term":[{"taxonomy":"category","embeddable":true,"href":"https:\/\/bale.ch\/journal\/wp-json\/wp\/v2\/categories?post=2108"},{"taxonomy":"post_tag","embeddable":true,"href":"https:\/\/bale.ch\/journal\/wp-json\/wp\/v2\/tags?post=2108"}],"curies":[{"name":"wp","href":"https:\/\/api.w.org\/{rel}","templated":true}]}}