{"id":2121,"date":"2019-03-18T03:21:58","date_gmt":"2019-03-18T03:21:58","guid":{"rendered":"http:\/\/bale.ch\/journal\/?p=2121"},"modified":"2019-03-18T03:44:40","modified_gmt":"2019-03-18T03:44:40","slug":"geneve-sengage-contre-les-discriminations-pas-de-quartier-pour-le-racisme","status":"publish","type":"post","link":"https:\/\/bale.ch\/journal\/geneve-sengage-contre-les-discriminations-pas-de-quartier-pour-le-racisme\/","title":{"rendered":"Gen\u00e8ve s\u2019engage contre les discriminations: \u00ab\u00a0pas de quartier pour le racisme!\u00a0\u00bb"},"content":{"rendered":"<p><strong>L\u2019\u00e9dition 2019 de la Semaine contre le racisme en Ville de Gen\u00e8ve se tient du 16 au 24 mars, en marge de la Journ\u00e9e internationale pour l\u2019\u00e9limination de la discrimination raciale.<\/strong><!--more--><\/p>\n<p>Cette ann\u00e9e, en partenariat avec le secteur associatif, plusieurs services proposent des actions pour combattre le racisme. On associe souvent le racisme \u00e0 une notion abstraite, \u00e0 une vieillerie que la Gen\u00e8ve cosmopolite, ouverte et tol\u00e9rante, aurait d\u00e9pass\u00e9 depuis longtemps. Pourtant, chaque jour, \u00e9coles, entreprises, voisinage, transports en commun, bo\u00eetes de nuits et autres espaces publics sont les th\u00e9\u00e2tres de propos, d\u2019insultes et de violences en raison de la couleur de peau, de la nationalit\u00e9 ou du statut de s\u00e9jour.<\/p>\n<h3>Le racisme au quotidien<\/h3>\n<blockquote>\n<p style=\"text-align: left;\"><em>Un chauffeur de bus refuse d\u2019acheminer jusqu\u2019au terminus de sa ligne des requ\u00e9rants d\u2019asile mineurs, arguant qu\u2019ils peuvent bien faire le chemin \u00e0 pied et qu\u2019ils n\u2019ont aucun droit en Suisse. \u00ab\u00a0Rentrez donc en Afrique\u00a0\u00bb.<\/em><br \/>\n<em>Au moment de payer ses courses \u00e0 la caisse d\u2019un supermarch\u00e9, une femme cherche son argent dans son porte-monnaie. Un homme derri\u00e8re elle s\u2019impatiente et dit haut et fort: \u00ab\u00a0Typique! Ces femmes au foulard ne savent m\u00eame pas compter leur argent!\u00a0\u00bb<\/em><\/p>\n<\/blockquote>\n<p>Ces cas sont bien r\u00e9els. Ils ont \u00e9t\u00e9 rapport\u00e9s par des victimes dans l\u2019un des centres d\u2019\u00e9coute qui recensent les incidents racistes en Suisse. Ils se sont d\u00e9roul\u00e9s dans les quartiers de notre ville et t\u00e9moignent du fait que la diversit\u00e9 est loin d\u2019\u00eatre accept\u00e9e par toutes et tous.<\/p><div id=\"crieu-1018288380\" class=\"crieu-content crieu-entity-placement\"><script async src=\"\/\/pagead2.googlesyndication.com\/pagead\/js\/adsbygoogle.js?client=ca-pub-5271584769416742\" crossorigin=\"anonymous\"><\/script><ins class=\"adsbygoogle\" style=\"display:block;\" data-ad-client=\"ca-pub-5271584769416742\" \ndata-ad-slot=\"9321250718\" \ndata-ad-format=\"auto\"><\/ins>\n<script> \n(adsbygoogle = window.adsbygoogle || []).push({}); \n<\/script>\n<\/div>\n<p>C\u2019est consciente de cette r\u00e9alit\u00e9 que la Ville de Gen\u00e8ve, en partenariat avec plusieurs associations, s\u2019engage d\u00e8s le 16 mars en faveur d\u2019une ville sans racisme. C\u2019est ce que fera par exemple les 16 et 17 mars le quartier de la Servette, qui r\u00e9unira une large coalition d\u2019acteurs associatifs et institutionnels pour \u00abChanger d\u2019R\u00bb lors d\u2019un week-end plac\u00e9 sous le signe de la rencontre et du respect. Ce sera aussi le cas de la biblioth\u00e8que municipale de Saint-Jean, qui pr\u00e9sentera d\u00e8s le 19 mars des expositions t\u00e9moignant des discriminations que vivent les personnes en exil.<\/p>\n<p>Quant au service Agenda 21-Ville durable, il organisera des conf\u00e9rences et une visite guid\u00e9e pour questionner l\u2019h\u00e9ritage colonial de la Suisse. Comme le souligne Sandrine Salerno, Conseill\u00e8re administrative en charge de la diversit\u00e9, <em>\u00ab\u00a0cette Semaine permet \u00e0 la Ville de r\u00e9affirmer son engagement pour une ville inclusive et non discriminante; une ville o\u00f9 chacun peut se sentir libre, reconnu et respect\u00e9, quel que soit son origine, sa couleur de peau ou sa religion.\u00a0\u00bb<\/em><\/p>\n<h3>Une sanction mod\u00e9r\u00e9e face au racisme policier&#8230;<\/h3>\n<p>En 2017 et 2018, un policier membre dirigeant d&rsquo;un syndicat des forces de l&rsquo;ordre avait relay\u00e9, sur un groupe Whatsapp priv\u00e9 constitu\u00e9 de confr\u00e8res, des images suppos\u00e9es humoristiques \u00e0 caract\u00e8re raciste, antis\u00e9mite et discriminatoire \u00e0 l&rsquo;\u00e9gard des handicap\u00e9s. Il a \u00e9t\u00e9 condamn\u00e9 pour discrimination raciale par le Minist\u00e8re public le 12 f\u00e9vrier, comme l&rsquo;a rapport\u00e9\u00a0<a href=\"https:\/\/www.lecourrier.ch\/\" target=\"_blank\" rel=\"noopener\">Le Courrier<\/a>, a\u00a090 jours-amende \u00e0 150 francs par jour, assortis d&rsquo;une amende de 2700 francs.<\/p>\n<p>Alors que le pr\u00e9c\u00e9dent pr\u00e9sident du D\u00e9partement de la S\u00e9curit\u00e9, Pierre Maudet (PLR), pr\u00e9conisait son renvoi pur et simple, son successeur Mauro Poggia (MCG) a choisi de seulement sanctionner disciplinairement le policer en le d\u00e9gradant.<\/p>\n<div id=\"crieu-955057971\" class=\"crieu-apres-le-contenu crieu-entity-placement\" style=\"margin-left: auto;margin-right: auto;text-align: center;\"><script async src=\"\/\/pagead2.googlesyndication.com\/pagead\/js\/adsbygoogle.js?client=ca-pub-5271584769416742\" crossorigin=\"anonymous\"><\/script><ins class=\"adsbygoogle\" style=\"display:block;\" data-ad-client=\"ca-pub-5271584769416742\" \ndata-ad-slot=\"9321250718\" \ndata-ad-format=\"auto\"><\/ins>\n<script> \n(adsbygoogle = window.adsbygoogle || []).push({}); \n<\/script>\n<\/div>","protected":false},"excerpt":{"rendered":"<p>L\u2019\u00e9dition 2019 de la Semaine contre le racisme en Ville de Gen\u00e8ve se tient du 16 au 24 mars, en marge de la Journ\u00e9e internationale pour l\u2019\u00e9limination de la discrimination <a href=\"https:\/\/bale.ch\/journal\/geneve-sengage-contre-les-discriminations-pas-de-quartier-pour-le-racisme\/\" class=\"read-more button-fancy -red\"><span class=\"btn-arrow\"><\/span><span class=\"twp-read-more text\">Continuer la lecture<\/span><\/a><\/p>\n","protected":false},"author":2,"featured_media":2122,"comment_status":"closed","ping_status":"closed","sticky":false,"template":"","format":"standard","meta":{"footnotes":""},"categories":[103,4,12],"tags":[5,32],"class_list":["post-2121","post","type-post","status-publish","format-standard","has-post-thumbnail","hentry","category-actu","category-grand-geneve","category-societe","tag-geneve-ville","tag-racisme"],"yoast_head":"<!-- This site is optimized with the Yoast SEO plugin v28.3 - https:\/\/yoast.com\/product\/yoast-seo-wordpress\/ -->\n<title>Gen\u00e8ve s\u2019engage contre les discriminations: &quot;pas de quartier pour le racisme!&quot; - Journal de B\u00e2le et Gen\u00e8ve<\/title>\n<meta name=\"robots\" content=\"index, follow, max-snippet:-1, max-image-preview:large, max-video-preview:-1\" \/>\n<link rel=\"canonical\" href=\"https:\/\/bale.ch\/journal\/geneve-sengage-contre-les-discriminations-pas-de-quartier-pour-le-racisme\/\" \/>\n<meta property=\"og:locale\" content=\"fr_FR\" \/>\n<meta property=\"og:type\" content=\"article\" \/>\n<meta property=\"og:title\" content=\"Gen\u00e8ve s\u2019engage contre les discriminations: &quot;pas de quartier pour le racisme!&quot; - Journal de B\u00e2le et Gen\u00e8ve\" \/>\n<meta property=\"og:description\" content=\"L\u2019\u00e9dition 2019 de la Semaine contre le racisme en Ville de Gen\u00e8ve se tient du 16 au 24 mars, en marge de la Journ\u00e9e internationale pour l\u2019\u00e9limination de la discrimination Continuer la lecture\" \/>\n<meta property=\"og:url\" content=\"https:\/\/bale.ch\/journal\/geneve-sengage-contre-les-discriminations-pas-de-quartier-pour-le-racisme\/\" \/>\n<meta property=\"og:site_name\" content=\"Journal de B\u00e2le et Gen\u00e8ve\" \/>\n<meta property=\"article:published_time\" content=\"2019-03-18T03:21:58+00:00\" \/>\n<meta property=\"article:modified_time\" content=\"2019-03-18T03:44:40+00:00\" \/>\n<meta property=\"og:image\" content=\"https:\/\/bale.ch\/journal\/wp-content\/uploads\/2019\/03\/semaine_contre_le_racisme_geneve.jpg\" \/>\n\t<meta property=\"og:image:width\" content=\"900\" \/>\n\t<meta property=\"og:image:height\" content=\"484\" \/>\n\t<meta property=\"og:image:type\" content=\"image\/jpeg\" \/>\n<meta name=\"author\" content=\"La R\u00e9daction\" \/>\n<meta name=\"twitter:card\" content=\"summary_large_image\" \/>\n<meta name=\"twitter:label1\" content=\"\u00c9crit par\" \/>\n\t<meta name=\"twitter:data1\" content=\"La R\u00e9daction\" \/>\n\t<meta name=\"twitter:label2\" content=\"Dur\u00e9e de lecture estim\u00e9e\" \/>\n\t<meta name=\"twitter:data2\" content=\"3 minutes\" \/>\n<script type=\"application\/ld+json\" class=\"yoast-schema-graph\">{\"@context\":\"https:\\\/\\\/schema.org\",\"@graph\":[{\"@type\":\"Article\",\"@id\":\"https:\\\/\\\/bale.ch\\\/journal\\\/geneve-sengage-contre-les-discriminations-pas-de-quartier-pour-le-racisme\\\/#article\",\"isPartOf\":{\"@id\":\"https:\\\/\\\/bale.ch\\\/journal\\\/geneve-sengage-contre-les-discriminations-pas-de-quartier-pour-le-racisme\\\/\"},\"author\":{\"name\":\"La R\u00e9daction\",\"@id\":\"https:\\\/\\\/bale.ch\\\/journal\\\/#\\\/schema\\\/person\\\/03ced978db3b7a5274c5cef003f352f5\"},\"headline\":\"Gen\u00e8ve s\u2019engage contre les discriminations: \u00ab\u00a0pas de quartier pour le racisme!\u00a0\u00bb\",\"datePublished\":\"2019-03-18T03:21:58+00:00\",\"dateModified\":\"2019-03-18T03:44:40+00:00\",\"mainEntityOfPage\":{\"@id\":\"https:\\\/\\\/bale.ch\\\/journal\\\/geneve-sengage-contre-les-discriminations-pas-de-quartier-pour-le-racisme\\\/\"},\"wordCount\":587,\"publisher\":{\"@id\":\"https:\\\/\\\/bale.ch\\\/journal\\\/#organization\"},\"image\":{\"@id\":\"https:\\\/\\\/bale.ch\\\/journal\\\/geneve-sengage-contre-les-discriminations-pas-de-quartier-pour-le-racisme\\\/#primaryimage\"},\"thumbnailUrl\":\"https:\\\/\\\/bale.ch\\\/journal\\\/wp-content\\\/uploads\\\/2019\\\/03\\\/semaine_contre_le_racisme_geneve.jpg\",\"keywords\":[\"Gen\u00e8ve Ville\",\"Racisme\"],\"articleSection\":[\"Actualit\u00e9s\",\"Grand Gen\u00e8ve\",\"Soci\u00e9t\u00e9\"],\"inLanguage\":\"fr-FR\"},{\"@type\":\"WebPage\",\"@id\":\"https:\\\/\\\/bale.ch\\\/journal\\\/geneve-sengage-contre-les-discriminations-pas-de-quartier-pour-le-racisme\\\/\",\"url\":\"https:\\\/\\\/bale.ch\\\/journal\\\/geneve-sengage-contre-les-discriminations-pas-de-quartier-pour-le-racisme\\\/\",\"name\":\"Gen\u00e8ve s\u2019engage contre les discriminations: \\\"pas de quartier pour le racisme!\\\" - Journal de B\u00e2le et Gen\u00e8ve\",\"isPartOf\":{\"@id\":\"https:\\\/\\\/bale.ch\\\/journal\\\/#website\"},\"primaryImageOfPage\":{\"@id\":\"https:\\\/\\\/bale.ch\\\/journal\\\/geneve-sengage-contre-les-discriminations-pas-de-quartier-pour-le-racisme\\\/#primaryimage\"},\"image\":{\"@id\":\"https:\\\/\\\/bale.ch\\\/journal\\\/geneve-sengage-contre-les-discriminations-pas-de-quartier-pour-le-racisme\\\/#primaryimage\"},\"thumbnailUrl\":\"https:\\\/\\\/bale.ch\\\/journal\\\/wp-content\\\/uploads\\\/2019\\\/03\\\/semaine_contre_le_racisme_geneve.jpg\",\"datePublished\":\"2019-03-18T03:21:58+00:00\",\"dateModified\":\"2019-03-18T03:44:40+00:00\",\"breadcrumb\":{\"@id\":\"https:\\\/\\\/bale.ch\\\/journal\\\/geneve-sengage-contre-les-discriminations-pas-de-quartier-pour-le-racisme\\\/#breadcrumb\"},\"inLanguage\":\"fr-FR\",\"potentialAction\":[{\"@type\":\"ReadAction\",\"target\":[\"https:\\\/\\\/bale.ch\\\/journal\\\/geneve-sengage-contre-les-discriminations-pas-de-quartier-pour-le-racisme\\\/\"]}]},{\"@type\":\"ImageObject\",\"inLanguage\":\"fr-FR\",\"@id\":\"https:\\\/\\\/bale.ch\\\/journal\\\/geneve-sengage-contre-les-discriminations-pas-de-quartier-pour-le-racisme\\\/#primaryimage\",\"url\":\"https:\\\/\\\/bale.ch\\\/journal\\\/wp-content\\\/uploads\\\/2019\\\/03\\\/semaine_contre_le_racisme_geneve.jpg\",\"contentUrl\":\"https:\\\/\\\/bale.ch\\\/journal\\\/wp-content\\\/uploads\\\/2019\\\/03\\\/semaine_contre_le_racisme_geneve.jpg\",\"width\":900,\"height\":484},{\"@type\":\"BreadcrumbList\",\"@id\":\"https:\\\/\\\/bale.ch\\\/journal\\\/geneve-sengage-contre-les-discriminations-pas-de-quartier-pour-le-racisme\\\/#breadcrumb\",\"itemListElement\":[{\"@type\":\"ListItem\",\"position\":1,\"name\":\"Accueil\",\"item\":\"https:\\\/\\\/bale.ch\\\/journal\\\/\"},{\"@type\":\"ListItem\",\"position\":2,\"name\":\"Gen\u00e8ve s\u2019engage contre les discriminations: \u00ab\u00a0pas de quartier pour le racisme!\u00a0\u00bb\"}]},{\"@type\":\"WebSite\",\"@id\":\"https:\\\/\\\/bale.ch\\\/journal\\\/#website\",\"url\":\"https:\\\/\\\/bale.ch\\\/journal\\\/\",\"name\":\"Journal de B\u00e2le et Gen\u00e8ve\",\"description\":\"M\u00e9dia transfrontalier d&#039;actualit\u00e9s - News\",\"publisher\":{\"@id\":\"https:\\\/\\\/bale.ch\\\/journal\\\/#organization\"},\"potentialAction\":[{\"@type\":\"SearchAction\",\"target\":{\"@type\":\"EntryPoint\",\"urlTemplate\":\"https:\\\/\\\/bale.ch\\\/journal\\\/?s={search_term_string}\"},\"query-input\":{\"@type\":\"PropertyValueSpecification\",\"valueRequired\":true,\"valueName\":\"search_term_string\"}}],\"inLanguage\":\"fr-FR\"},{\"@type\":\"Organization\",\"@id\":\"https:\\\/\\\/bale.ch\\\/journal\\\/#organization\",\"name\":\"Journal de B\u00e2le et Gen\u00e8ve\",\"url\":\"https:\\\/\\\/bale.ch\\\/journal\\\/\",\"logo\":{\"@type\":\"ImageObject\",\"inLanguage\":\"fr-FR\",\"@id\":\"https:\\\/\\\/bale.ch\\\/journal\\\/#\\\/schema\\\/logo\\\/image\\\/\",\"url\":\"https:\\\/\\\/bale.ch\\\/journal\\\/wp-content\\\/uploads\\\/2023\\\/07\\\/journaldebale_logo_2023_nb.png\",\"contentUrl\":\"https:\\\/\\\/bale.ch\\\/journal\\\/wp-content\\\/uploads\\\/2023\\\/07\\\/journaldebale_logo_2023_nb.png\",\"width\":371,\"height\":127,\"caption\":\"Journal de B\u00e2le et Gen\u00e8ve\"},\"image\":{\"@id\":\"https:\\\/\\\/bale.ch\\\/journal\\\/#\\\/schema\\\/logo\\\/image\\\/\"}},{\"@type\":\"Person\",\"@id\":\"https:\\\/\\\/bale.ch\\\/journal\\\/#\\\/schema\\\/person\\\/03ced978db3b7a5274c5cef003f352f5\",\"name\":\"La R\u00e9daction\",\"image\":{\"@type\":\"ImageObject\",\"inLanguage\":\"fr-FR\",\"@id\":\"https:\\\/\\\/secure.gravatar.com\\\/avatar\\\/d1327e2ce8d2b860112f968a3f34686c9bdda7a463a1502cdd1070ac9d88cf1e?s=96&d=mm&r=g\",\"url\":\"https:\\\/\\\/secure.gravatar.com\\\/avatar\\\/d1327e2ce8d2b860112f968a3f34686c9bdda7a463a1502cdd1070ac9d88cf1e?s=96&d=mm&r=g\",\"contentUrl\":\"https:\\\/\\\/secure.gravatar.com\\\/avatar\\\/d1327e2ce8d2b860112f968a3f34686c9bdda7a463a1502cdd1070ac9d88cf1e?s=96&d=mm&r=g\",\"caption\":\"La R\u00e9daction\"},\"url\":\"https:\\\/\\\/bale.ch\\\/journal\\\/author\\\/laredaction\\\/\"}]}<\/script>\n<!-- \/ Yoast SEO plugin. -->","yoast_head_json":{"title":"Gen\u00e8ve s\u2019engage contre les discriminations: \"pas de quartier pour le racisme!\" - Journal de B\u00e2le et Gen\u00e8ve","robots":{"index":"index","follow":"follow","max-snippet":"max-snippet:-1","max-image-preview":"max-image-preview:large","max-video-preview":"max-video-preview:-1"},"canonical":"https:\/\/bale.ch\/journal\/geneve-sengage-contre-les-discriminations-pas-de-quartier-pour-le-racisme\/","og_locale":"fr_FR","og_type":"article","og_title":"Gen\u00e8ve s\u2019engage contre les discriminations: \"pas de quartier pour le racisme!\" - Journal de B\u00e2le et Gen\u00e8ve","og_description":"L\u2019\u00e9dition 2019 de la Semaine contre le racisme en Ville de Gen\u00e8ve se tient du 16 au 24 mars, en marge de la Journ\u00e9e internationale pour l\u2019\u00e9limination de la discrimination Continuer la lecture","og_url":"https:\/\/bale.ch\/journal\/geneve-sengage-contre-les-discriminations-pas-de-quartier-pour-le-racisme\/","og_site_name":"Journal de B\u00e2le et Gen\u00e8ve","article_published_time":"2019-03-18T03:21:58+00:00","article_modified_time":"2019-03-18T03:44:40+00:00","og_image":[{"width":900,"height":484,"url":"https:\/\/bale.ch\/journal\/wp-content\/uploads\/2019\/03\/semaine_contre_le_racisme_geneve.jpg","type":"image\/jpeg"}],"author":"La R\u00e9daction","twitter_card":"summary_large_image","twitter_misc":{"\u00c9crit par":"La R\u00e9daction","Dur\u00e9e de lecture estim\u00e9e":"3 minutes"},"schema":{"@context":"https:\/\/schema.org","@graph":[{"@type":"Article","@id":"https:\/\/bale.ch\/journal\/geneve-sengage-contre-les-discriminations-pas-de-quartier-pour-le-racisme\/#article","isPartOf":{"@id":"https:\/\/bale.ch\/journal\/geneve-sengage-contre-les-discriminations-pas-de-quartier-pour-le-racisme\/"},"author":{"name":"La R\u00e9daction","@id":"https:\/\/bale.ch\/journal\/#\/schema\/person\/03ced978db3b7a5274c5cef003f352f5"},"headline":"Gen\u00e8ve s\u2019engage contre les discriminations: \u00ab\u00a0pas de quartier pour le racisme!\u00a0\u00bb","datePublished":"2019-03-18T03:21:58+00:00","dateModified":"2019-03-18T03:44:40+00:00","mainEntityOfPage":{"@id":"https:\/\/bale.ch\/journal\/geneve-sengage-contre-les-discriminations-pas-de-quartier-pour-le-racisme\/"},"wordCount":587,"publisher":{"@id":"https:\/\/bale.ch\/journal\/#organization"},"image":{"@id":"https:\/\/bale.ch\/journal\/geneve-sengage-contre-les-discriminations-pas-de-quartier-pour-le-racisme\/#primaryimage"},"thumbnailUrl":"https:\/\/bale.ch\/journal\/wp-content\/uploads\/2019\/03\/semaine_contre_le_racisme_geneve.jpg","keywords":["Gen\u00e8ve Ville","Racisme"],"articleSection":["Actualit\u00e9s","Grand Gen\u00e8ve","Soci\u00e9t\u00e9"],"inLanguage":"fr-FR"},{"@type":"WebPage","@id":"https:\/\/bale.ch\/journal\/geneve-sengage-contre-les-discriminations-pas-de-quartier-pour-le-racisme\/","url":"https:\/\/bale.ch\/journal\/geneve-sengage-contre-les-discriminations-pas-de-quartier-pour-le-racisme\/","name":"Gen\u00e8ve s\u2019engage contre les discriminations: \"pas de quartier pour le racisme!\" - Journal de B\u00e2le et Gen\u00e8ve","isPartOf":{"@id":"https:\/\/bale.ch\/journal\/#website"},"primaryImageOfPage":{"@id":"https:\/\/bale.ch\/journal\/geneve-sengage-contre-les-discriminations-pas-de-quartier-pour-le-racisme\/#primaryimage"},"image":{"@id":"https:\/\/bale.ch\/journal\/geneve-sengage-contre-les-discriminations-pas-de-quartier-pour-le-racisme\/#primaryimage"},"thumbnailUrl":"https:\/\/bale.ch\/journal\/wp-content\/uploads\/2019\/03\/semaine_contre_le_racisme_geneve.jpg","datePublished":"2019-03-18T03:21:58+00:00","dateModified":"2019-03-18T03:44:40+00:00","breadcrumb":{"@id":"https:\/\/bale.ch\/journal\/geneve-sengage-contre-les-discriminations-pas-de-quartier-pour-le-racisme\/#breadcrumb"},"inLanguage":"fr-FR","potentialAction":[{"@type":"ReadAction","target":["https:\/\/bale.ch\/journal\/geneve-sengage-contre-les-discriminations-pas-de-quartier-pour-le-racisme\/"]}]},{"@type":"ImageObject","inLanguage":"fr-FR","@id":"https:\/\/bale.ch\/journal\/geneve-sengage-contre-les-discriminations-pas-de-quartier-pour-le-racisme\/#primaryimage","url":"https:\/\/bale.ch\/journal\/wp-content\/uploads\/2019\/03\/semaine_contre_le_racisme_geneve.jpg","contentUrl":"https:\/\/bale.ch\/journal\/wp-content\/uploads\/2019\/03\/semaine_contre_le_racisme_geneve.jpg","width":900,"height":484},{"@type":"BreadcrumbList","@id":"https:\/\/bale.ch\/journal\/geneve-sengage-contre-les-discriminations-pas-de-quartier-pour-le-racisme\/#breadcrumb","itemListElement":[{"@type":"ListItem","position":1,"name":"Accueil","item":"https:\/\/bale.ch\/journal\/"},{"@type":"ListItem","position":2,"name":"Gen\u00e8ve s\u2019engage contre les discriminations: \u00ab\u00a0pas de quartier pour le racisme!\u00a0\u00bb"}]},{"@type":"WebSite","@id":"https:\/\/bale.ch\/journal\/#website","url":"https:\/\/bale.ch\/journal\/","name":"Journal de B\u00e2le et Gen\u00e8ve","description":"M\u00e9dia transfrontalier d&#039;actualit\u00e9s - News","publisher":{"@id":"https:\/\/bale.ch\/journal\/#organization"},"potentialAction":[{"@type":"SearchAction","target":{"@type":"EntryPoint","urlTemplate":"https:\/\/bale.ch\/journal\/?s={search_term_string}"},"query-input":{"@type":"PropertyValueSpecification","valueRequired":true,"valueName":"search_term_string"}}],"inLanguage":"fr-FR"},{"@type":"Organization","@id":"https:\/\/bale.ch\/journal\/#organization","name":"Journal de B\u00e2le et Gen\u00e8ve","url":"https:\/\/bale.ch\/journal\/","logo":{"@type":"ImageObject","inLanguage":"fr-FR","@id":"https:\/\/bale.ch\/journal\/#\/schema\/logo\/image\/","url":"https:\/\/bale.ch\/journal\/wp-content\/uploads\/2023\/07\/journaldebale_logo_2023_nb.png","contentUrl":"https:\/\/bale.ch\/journal\/wp-content\/uploads\/2023\/07\/journaldebale_logo_2023_nb.png","width":371,"height":127,"caption":"Journal de B\u00e2le et Gen\u00e8ve"},"image":{"@id":"https:\/\/bale.ch\/journal\/#\/schema\/logo\/image\/"}},{"@type":"Person","@id":"https:\/\/bale.ch\/journal\/#\/schema\/person\/03ced978db3b7a5274c5cef003f352f5","name":"La R\u00e9daction","image":{"@type":"ImageObject","inLanguage":"fr-FR","@id":"https:\/\/secure.gravatar.com\/avatar\/d1327e2ce8d2b860112f968a3f34686c9bdda7a463a1502cdd1070ac9d88cf1e?s=96&d=mm&r=g","url":"https:\/\/secure.gravatar.com\/avatar\/d1327e2ce8d2b860112f968a3f34686c9bdda7a463a1502cdd1070ac9d88cf1e?s=96&d=mm&r=g","contentUrl":"https:\/\/secure.gravatar.com\/avatar\/d1327e2ce8d2b860112f968a3f34686c9bdda7a463a1502cdd1070ac9d88cf1e?s=96&d=mm&r=g","caption":"La R\u00e9daction"},"url":"https:\/\/bale.ch\/journal\/author\/laredaction\/"}]}},"_links":{"self":[{"href":"https:\/\/bale.ch\/journal\/wp-json\/wp\/v2\/posts\/2121","targetHints":{"allow":["GET"]}}],"collection":[{"href":"https:\/\/bale.ch\/journal\/wp-json\/wp\/v2\/posts"}],"about":[{"href":"https:\/\/bale.ch\/journal\/wp-json\/wp\/v2\/types\/post"}],"author":[{"embeddable":true,"href":"https:\/\/bale.ch\/journal\/wp-json\/wp\/v2\/users\/2"}],"replies":[{"embeddable":true,"href":"https:\/\/bale.ch\/journal\/wp-json\/wp\/v2\/comments?post=2121"}],"version-history":[{"count":5,"href":"https:\/\/bale.ch\/journal\/wp-json\/wp\/v2\/posts\/2121\/revisions"}],"predecessor-version":[{"id":2127,"href":"https:\/\/bale.ch\/journal\/wp-json\/wp\/v2\/posts\/2121\/revisions\/2127"}],"wp:featuredmedia":[{"embeddable":true,"href":"https:\/\/bale.ch\/journal\/wp-json\/wp\/v2\/media\/2122"}],"wp:attachment":[{"href":"https:\/\/bale.ch\/journal\/wp-json\/wp\/v2\/media?parent=2121"}],"wp:term":[{"taxonomy":"category","embeddable":true,"href":"https:\/\/bale.ch\/journal\/wp-json\/wp\/v2\/categories?post=2121"},{"taxonomy":"post_tag","embeddable":true,"href":"https:\/\/bale.ch\/journal\/wp-json\/wp\/v2\/tags?post=2121"}],"curies":[{"name":"wp","href":"https:\/\/api.w.org\/{rel}","templated":true}]}}