{"id":2154,"date":"2019-04-06T17:23:15","date_gmt":"2019-04-06T17:23:15","guid":{"rendered":"http:\/\/bale.ch\/journal\/?p=2154"},"modified":"2019-04-06T17:24:23","modified_gmt":"2019-04-06T17:24:23","slug":"bale-blues-festival-basel","status":"publish","type":"post","link":"https:\/\/bale.ch\/journal\/bale-blues-festival-basel\/","title":{"rendered":"B\u00e2le, Mecque du blues: son festival f\u00eate ses vingt ans"},"content":{"rendered":"<p>Du 9 au 14 avril 2019, des vedettes internationales et des artistes suisses de haut niveau se pr\u00e9sentent au Volkshaus Basel \u00e0 l\u2019occasion des vingt ans du Basel Blues Festival.<\/p>\n<p>Pendant 6 jours, le festival pr\u00e9sentera, au chapitre des temps forts musicaux, des stars internationales, mais aussi des groupes locaux talentueux. Tr\u00e8s pris\u00e9, le Grammy du blues suisse est d\u00e9cern\u00e9 chaque ann\u00e9e pendant le festival de blues de B\u00e2le. Lors de la soir\u00e9e d\u2019ouverture, la \u00ab\u00a0Promo Blues Night\u00a0\u00bb du Volkshaus donne \u00e0 cinq groupes tri\u00e9s sur le volet la possibilit\u00e9 de montrer au public et au jury du Swiss Blues Award tout ce dont ils sont capables. Le groupe qui r\u00e9ussira \u00e0 convaincre \u00e0 la fois le public et le jury figurera officiellement au programme du Blues Festival Basel de l\u2019ann\u00e9e suivante.<\/p>\n<p>Manifestation parmi les plus importantes du genre en Europe, le festival de blues de B\u00e2le rencontre un franc succ\u00e8s depuis des ann\u00e9es.<\/p><div id=\"crieu-3844730322\" class=\"crieu-content crieu-entity-placement\"><script async src=\"\/\/pagead2.googlesyndication.com\/pagead\/js\/adsbygoogle.js?client=ca-pub-5271584769416742\" crossorigin=\"anonymous\"><\/script><ins class=\"adsbygoogle\" style=\"display:block;\" data-ad-client=\"ca-pub-5271584769416742\" \ndata-ad-slot=\"9321250718\" \ndata-ad-format=\"auto\"><\/ins>\n<script> \n(adsbygoogle = window.adsbygoogle || []).push({}); \n<\/script>\n<\/div>\n<p>Notamment joueront le Flo Bauer Blues Project, le musicien de blues suisse Philipp Fankhauser, la chanteuse et saxophoniste am\u00e9ricaine Vanessa Collier, la guitariste su\u00e9dois Paulo Mendonca accompagn\u00e9e du chanteur de soul n\u00e9erlandais Alan Clark et de la chanteuse fran\u00e7aise Nina Attal.<\/p>\n<p>Encore au programme le guitariste am\u00e9ricain \u00ab\u00a0King\u00a0\u00bb Solomon Hicks, avec le groupe de blues rock britannique The Nimmo Brothers, la chanteuse et danseuse am\u00e9ricaine nonag\u00e9naire Othella Dallas avec Yvonne Moore et Sam Burckhardt, mais aussi la chanteuse am\u00e9ricaine Marla Glen.<\/p>\n<p>Plus d&rsquo;infos: <a href=\"http:\/\/www.bluesbasel.ch\/\" target=\"_blank\" rel=\"noopener\"><strong>bluesbasel.ch<\/strong><\/a><\/p>\n<div id=\"crieu-3371167049\" class=\"crieu-apres-le-contenu crieu-entity-placement\" style=\"margin-left: auto;margin-right: auto;text-align: center;\"><script async src=\"\/\/pagead2.googlesyndication.com\/pagead\/js\/adsbygoogle.js?client=ca-pub-5271584769416742\" crossorigin=\"anonymous\"><\/script><ins class=\"adsbygoogle\" style=\"display:block;\" data-ad-client=\"ca-pub-5271584769416742\" \ndata-ad-slot=\"9321250718\" \ndata-ad-format=\"auto\"><\/ins>\n<script> \n(adsbygoogle = window.adsbygoogle || []).push({}); \n<\/script>\n<\/div>","protected":false},"excerpt":{"rendered":"<p>Du 9 au 14 avril 2019, des vedettes internationales et des artistes suisses de haut niveau se pr\u00e9sentent au Volkshaus Basel \u00e0 l\u2019occasion des vingt ans du Basel Blues Festival. <a href=\"https:\/\/bale.ch\/journal\/bale-blues-festival-basel\/\" class=\"read-more button-fancy -red\"><span class=\"btn-arrow\"><\/span><span class=\"twp-read-more text\">Continuer la lecture<\/span><\/a><\/p>\n","protected":false},"author":2,"featured_media":2155,"comment_status":"closed","ping_status":"closed","sticky":false,"template":"","format":"standard","meta":{"footnotes":""},"categories":[7,10,18],"tags":[60,123,93,150],"class_list":["post-2154","post","type-post","status-publish","format-standard","has-post-thumbnail","hentry","category-bale","category-culture","category-sortir","tag-bale","tag-basel","tag-festival","tag-volkhaus-basel"],"yoast_head":"<!-- This site is optimized with the Yoast SEO plugin v28.3 - https:\/\/yoast.com\/product\/yoast-seo-wordpress\/ -->\n<title>B\u00e2le, Mecque du blues: son festival f\u00eate ses vingt ans - Journal de B\u00e2le et Gen\u00e8ve<\/title>\n<meta name=\"robots\" content=\"index, follow, max-snippet:-1, max-image-preview:large, max-video-preview:-1\" \/>\n<link rel=\"canonical\" href=\"https:\/\/bale.ch\/journal\/bale-blues-festival-basel\/\" \/>\n<meta property=\"og:locale\" content=\"fr_FR\" \/>\n<meta property=\"og:type\" content=\"article\" \/>\n<meta property=\"og:title\" content=\"B\u00e2le, Mecque du blues: son festival f\u00eate ses vingt ans - Journal de B\u00e2le et Gen\u00e8ve\" \/>\n<meta property=\"og:description\" content=\"Du 9 au 14 avril 2019, des vedettes internationales et des artistes suisses de haut niveau se pr\u00e9sentent au Volkshaus Basel \u00e0 l\u2019occasion des vingt ans du Basel Blues Festival. Continuer la lecture\" \/>\n<meta property=\"og:url\" content=\"https:\/\/bale.ch\/journal\/bale-blues-festival-basel\/\" \/>\n<meta property=\"og:site_name\" content=\"Journal de B\u00e2le et Gen\u00e8ve\" \/>\n<meta property=\"article:published_time\" content=\"2019-04-06T17:23:15+00:00\" \/>\n<meta property=\"article:modified_time\" content=\"2019-04-06T17:24:23+00:00\" \/>\n<meta property=\"og:image\" content=\"https:\/\/bale.ch\/journal\/wp-content\/uploads\/2019\/04\/bluesfestival2019basel.jpg\" \/>\n\t<meta property=\"og:image:width\" content=\"900\" \/>\n\t<meta property=\"og:image:height\" content=\"484\" \/>\n\t<meta property=\"og:image:type\" content=\"image\/jpeg\" \/>\n<meta name=\"author\" content=\"La R\u00e9daction\" \/>\n<meta name=\"twitter:card\" content=\"summary_large_image\" \/>\n<meta name=\"twitter:label1\" content=\"\u00c9crit par\" \/>\n\t<meta name=\"twitter:data1\" content=\"La R\u00e9daction\" \/>\n\t<meta name=\"twitter:label2\" content=\"Dur\u00e9e de lecture estim\u00e9e\" \/>\n\t<meta name=\"twitter:data2\" content=\"1 minute\" \/>\n<script type=\"application\/ld+json\" class=\"yoast-schema-graph\">{\"@context\":\"https:\\\/\\\/schema.org\",\"@graph\":[{\"@type\":\"Article\",\"@id\":\"https:\\\/\\\/bale.ch\\\/journal\\\/bale-blues-festival-basel\\\/#article\",\"isPartOf\":{\"@id\":\"https:\\\/\\\/bale.ch\\\/journal\\\/bale-blues-festival-basel\\\/\"},\"author\":{\"name\":\"La R\u00e9daction\",\"@id\":\"https:\\\/\\\/bale.ch\\\/journal\\\/#\\\/schema\\\/person\\\/03ced978db3b7a5274c5cef003f352f5\"},\"headline\":\"B\u00e2le, Mecque du blues: son festival f\u00eate ses vingt ans\",\"datePublished\":\"2019-04-06T17:23:15+00:00\",\"dateModified\":\"2019-04-06T17:24:23+00:00\",\"mainEntityOfPage\":{\"@id\":\"https:\\\/\\\/bale.ch\\\/journal\\\/bale-blues-festival-basel\\\/\"},\"wordCount\":269,\"publisher\":{\"@id\":\"https:\\\/\\\/bale.ch\\\/journal\\\/#organization\"},\"image\":{\"@id\":\"https:\\\/\\\/bale.ch\\\/journal\\\/bale-blues-festival-basel\\\/#primaryimage\"},\"thumbnailUrl\":\"https:\\\/\\\/bale.ch\\\/journal\\\/wp-content\\\/uploads\\\/2019\\\/04\\\/bluesfestival2019basel.jpg\",\"keywords\":[\"B\u00e2le\",\"Basel\",\"festival\",\"Volkhaus Basel\"],\"articleSection\":[\"B\u00e2le Trinationale\",\"Culture\",\"Sortir\"],\"inLanguage\":\"fr-FR\"},{\"@type\":\"WebPage\",\"@id\":\"https:\\\/\\\/bale.ch\\\/journal\\\/bale-blues-festival-basel\\\/\",\"url\":\"https:\\\/\\\/bale.ch\\\/journal\\\/bale-blues-festival-basel\\\/\",\"name\":\"B\u00e2le, Mecque du blues: son festival f\u00eate ses vingt ans - Journal de B\u00e2le et Gen\u00e8ve\",\"isPartOf\":{\"@id\":\"https:\\\/\\\/bale.ch\\\/journal\\\/#website\"},\"primaryImageOfPage\":{\"@id\":\"https:\\\/\\\/bale.ch\\\/journal\\\/bale-blues-festival-basel\\\/#primaryimage\"},\"image\":{\"@id\":\"https:\\\/\\\/bale.ch\\\/journal\\\/bale-blues-festival-basel\\\/#primaryimage\"},\"thumbnailUrl\":\"https:\\\/\\\/bale.ch\\\/journal\\\/wp-content\\\/uploads\\\/2019\\\/04\\\/bluesfestival2019basel.jpg\",\"datePublished\":\"2019-04-06T17:23:15+00:00\",\"dateModified\":\"2019-04-06T17:24:23+00:00\",\"breadcrumb\":{\"@id\":\"https:\\\/\\\/bale.ch\\\/journal\\\/bale-blues-festival-basel\\\/#breadcrumb\"},\"inLanguage\":\"fr-FR\",\"potentialAction\":[{\"@type\":\"ReadAction\",\"target\":[\"https:\\\/\\\/bale.ch\\\/journal\\\/bale-blues-festival-basel\\\/\"]}]},{\"@type\":\"ImageObject\",\"inLanguage\":\"fr-FR\",\"@id\":\"https:\\\/\\\/bale.ch\\\/journal\\\/bale-blues-festival-basel\\\/#primaryimage\",\"url\":\"https:\\\/\\\/bale.ch\\\/journal\\\/wp-content\\\/uploads\\\/2019\\\/04\\\/bluesfestival2019basel.jpg\",\"contentUrl\":\"https:\\\/\\\/bale.ch\\\/journal\\\/wp-content\\\/uploads\\\/2019\\\/04\\\/bluesfestival2019basel.jpg\",\"width\":900,\"height\":484},{\"@type\":\"BreadcrumbList\",\"@id\":\"https:\\\/\\\/bale.ch\\\/journal\\\/bale-blues-festival-basel\\\/#breadcrumb\",\"itemListElement\":[{\"@type\":\"ListItem\",\"position\":1,\"name\":\"Accueil\",\"item\":\"https:\\\/\\\/bale.ch\\\/journal\\\/\"},{\"@type\":\"ListItem\",\"position\":2,\"name\":\"B\u00e2le, Mecque du blues: son festival f\u00eate ses vingt ans\"}]},{\"@type\":\"WebSite\",\"@id\":\"https:\\\/\\\/bale.ch\\\/journal\\\/#website\",\"url\":\"https:\\\/\\\/bale.ch\\\/journal\\\/\",\"name\":\"Journal de B\u00e2le et Gen\u00e8ve\",\"description\":\"M\u00e9dia transfrontalier d&#039;actualit\u00e9s - News\",\"publisher\":{\"@id\":\"https:\\\/\\\/bale.ch\\\/journal\\\/#organization\"},\"potentialAction\":[{\"@type\":\"SearchAction\",\"target\":{\"@type\":\"EntryPoint\",\"urlTemplate\":\"https:\\\/\\\/bale.ch\\\/journal\\\/?s={search_term_string}\"},\"query-input\":{\"@type\":\"PropertyValueSpecification\",\"valueRequired\":true,\"valueName\":\"search_term_string\"}}],\"inLanguage\":\"fr-FR\"},{\"@type\":\"Organization\",\"@id\":\"https:\\\/\\\/bale.ch\\\/journal\\\/#organization\",\"name\":\"Journal de B\u00e2le et Gen\u00e8ve\",\"url\":\"https:\\\/\\\/bale.ch\\\/journal\\\/\",\"logo\":{\"@type\":\"ImageObject\",\"inLanguage\":\"fr-FR\",\"@id\":\"https:\\\/\\\/bale.ch\\\/journal\\\/#\\\/schema\\\/logo\\\/image\\\/\",\"url\":\"https:\\\/\\\/bale.ch\\\/journal\\\/wp-content\\\/uploads\\\/2023\\\/07\\\/journaldebale_logo_2023_nb.png\",\"contentUrl\":\"https:\\\/\\\/bale.ch\\\/journal\\\/wp-content\\\/uploads\\\/2023\\\/07\\\/journaldebale_logo_2023_nb.png\",\"width\":371,\"height\":127,\"caption\":\"Journal de B\u00e2le et Gen\u00e8ve\"},\"image\":{\"@id\":\"https:\\\/\\\/bale.ch\\\/journal\\\/#\\\/schema\\\/logo\\\/image\\\/\"}},{\"@type\":\"Person\",\"@id\":\"https:\\\/\\\/bale.ch\\\/journal\\\/#\\\/schema\\\/person\\\/03ced978db3b7a5274c5cef003f352f5\",\"name\":\"La R\u00e9daction\",\"image\":{\"@type\":\"ImageObject\",\"inLanguage\":\"fr-FR\",\"@id\":\"https:\\\/\\\/secure.gravatar.com\\\/avatar\\\/d1327e2ce8d2b860112f968a3f34686c9bdda7a463a1502cdd1070ac9d88cf1e?s=96&d=mm&r=g\",\"url\":\"https:\\\/\\\/secure.gravatar.com\\\/avatar\\\/d1327e2ce8d2b860112f968a3f34686c9bdda7a463a1502cdd1070ac9d88cf1e?s=96&d=mm&r=g\",\"contentUrl\":\"https:\\\/\\\/secure.gravatar.com\\\/avatar\\\/d1327e2ce8d2b860112f968a3f34686c9bdda7a463a1502cdd1070ac9d88cf1e?s=96&d=mm&r=g\",\"caption\":\"La R\u00e9daction\"},\"url\":\"https:\\\/\\\/bale.ch\\\/journal\\\/author\\\/laredaction\\\/\"}]}<\/script>\n<!-- \/ Yoast SEO plugin. -->","yoast_head_json":{"title":"B\u00e2le, Mecque du blues: son festival f\u00eate ses vingt ans - Journal de B\u00e2le et Gen\u00e8ve","robots":{"index":"index","follow":"follow","max-snippet":"max-snippet:-1","max-image-preview":"max-image-preview:large","max-video-preview":"max-video-preview:-1"},"canonical":"https:\/\/bale.ch\/journal\/bale-blues-festival-basel\/","og_locale":"fr_FR","og_type":"article","og_title":"B\u00e2le, Mecque du blues: son festival f\u00eate ses vingt ans - Journal de B\u00e2le et Gen\u00e8ve","og_description":"Du 9 au 14 avril 2019, des vedettes internationales et des artistes suisses de haut niveau se pr\u00e9sentent au Volkshaus Basel \u00e0 l\u2019occasion des vingt ans du Basel Blues Festival. Continuer la lecture","og_url":"https:\/\/bale.ch\/journal\/bale-blues-festival-basel\/","og_site_name":"Journal de B\u00e2le et Gen\u00e8ve","article_published_time":"2019-04-06T17:23:15+00:00","article_modified_time":"2019-04-06T17:24:23+00:00","og_image":[{"width":900,"height":484,"url":"https:\/\/bale.ch\/journal\/wp-content\/uploads\/2019\/04\/bluesfestival2019basel.jpg","type":"image\/jpeg"}],"author":"La R\u00e9daction","twitter_card":"summary_large_image","twitter_misc":{"\u00c9crit par":"La R\u00e9daction","Dur\u00e9e de lecture estim\u00e9e":"1 minute"},"schema":{"@context":"https:\/\/schema.org","@graph":[{"@type":"Article","@id":"https:\/\/bale.ch\/journal\/bale-blues-festival-basel\/#article","isPartOf":{"@id":"https:\/\/bale.ch\/journal\/bale-blues-festival-basel\/"},"author":{"name":"La R\u00e9daction","@id":"https:\/\/bale.ch\/journal\/#\/schema\/person\/03ced978db3b7a5274c5cef003f352f5"},"headline":"B\u00e2le, Mecque du blues: son festival f\u00eate ses vingt ans","datePublished":"2019-04-06T17:23:15+00:00","dateModified":"2019-04-06T17:24:23+00:00","mainEntityOfPage":{"@id":"https:\/\/bale.ch\/journal\/bale-blues-festival-basel\/"},"wordCount":269,"publisher":{"@id":"https:\/\/bale.ch\/journal\/#organization"},"image":{"@id":"https:\/\/bale.ch\/journal\/bale-blues-festival-basel\/#primaryimage"},"thumbnailUrl":"https:\/\/bale.ch\/journal\/wp-content\/uploads\/2019\/04\/bluesfestival2019basel.jpg","keywords":["B\u00e2le","Basel","festival","Volkhaus Basel"],"articleSection":["B\u00e2le Trinationale","Culture","Sortir"],"inLanguage":"fr-FR"},{"@type":"WebPage","@id":"https:\/\/bale.ch\/journal\/bale-blues-festival-basel\/","url":"https:\/\/bale.ch\/journal\/bale-blues-festival-basel\/","name":"B\u00e2le, Mecque du blues: son festival f\u00eate ses vingt ans - Journal de B\u00e2le et Gen\u00e8ve","isPartOf":{"@id":"https:\/\/bale.ch\/journal\/#website"},"primaryImageOfPage":{"@id":"https:\/\/bale.ch\/journal\/bale-blues-festival-basel\/#primaryimage"},"image":{"@id":"https:\/\/bale.ch\/journal\/bale-blues-festival-basel\/#primaryimage"},"thumbnailUrl":"https:\/\/bale.ch\/journal\/wp-content\/uploads\/2019\/04\/bluesfestival2019basel.jpg","datePublished":"2019-04-06T17:23:15+00:00","dateModified":"2019-04-06T17:24:23+00:00","breadcrumb":{"@id":"https:\/\/bale.ch\/journal\/bale-blues-festival-basel\/#breadcrumb"},"inLanguage":"fr-FR","potentialAction":[{"@type":"ReadAction","target":["https:\/\/bale.ch\/journal\/bale-blues-festival-basel\/"]}]},{"@type":"ImageObject","inLanguage":"fr-FR","@id":"https:\/\/bale.ch\/journal\/bale-blues-festival-basel\/#primaryimage","url":"https:\/\/bale.ch\/journal\/wp-content\/uploads\/2019\/04\/bluesfestival2019basel.jpg","contentUrl":"https:\/\/bale.ch\/journal\/wp-content\/uploads\/2019\/04\/bluesfestival2019basel.jpg","width":900,"height":484},{"@type":"BreadcrumbList","@id":"https:\/\/bale.ch\/journal\/bale-blues-festival-basel\/#breadcrumb","itemListElement":[{"@type":"ListItem","position":1,"name":"Accueil","item":"https:\/\/bale.ch\/journal\/"},{"@type":"ListItem","position":2,"name":"B\u00e2le, Mecque du blues: son festival f\u00eate ses vingt ans"}]},{"@type":"WebSite","@id":"https:\/\/bale.ch\/journal\/#website","url":"https:\/\/bale.ch\/journal\/","name":"Journal de B\u00e2le et Gen\u00e8ve","description":"M\u00e9dia transfrontalier d&#039;actualit\u00e9s - News","publisher":{"@id":"https:\/\/bale.ch\/journal\/#organization"},"potentialAction":[{"@type":"SearchAction","target":{"@type":"EntryPoint","urlTemplate":"https:\/\/bale.ch\/journal\/?s={search_term_string}"},"query-input":{"@type":"PropertyValueSpecification","valueRequired":true,"valueName":"search_term_string"}}],"inLanguage":"fr-FR"},{"@type":"Organization","@id":"https:\/\/bale.ch\/journal\/#organization","name":"Journal de B\u00e2le et Gen\u00e8ve","url":"https:\/\/bale.ch\/journal\/","logo":{"@type":"ImageObject","inLanguage":"fr-FR","@id":"https:\/\/bale.ch\/journal\/#\/schema\/logo\/image\/","url":"https:\/\/bale.ch\/journal\/wp-content\/uploads\/2023\/07\/journaldebale_logo_2023_nb.png","contentUrl":"https:\/\/bale.ch\/journal\/wp-content\/uploads\/2023\/07\/journaldebale_logo_2023_nb.png","width":371,"height":127,"caption":"Journal de B\u00e2le et Gen\u00e8ve"},"image":{"@id":"https:\/\/bale.ch\/journal\/#\/schema\/logo\/image\/"}},{"@type":"Person","@id":"https:\/\/bale.ch\/journal\/#\/schema\/person\/03ced978db3b7a5274c5cef003f352f5","name":"La R\u00e9daction","image":{"@type":"ImageObject","inLanguage":"fr-FR","@id":"https:\/\/secure.gravatar.com\/avatar\/d1327e2ce8d2b860112f968a3f34686c9bdda7a463a1502cdd1070ac9d88cf1e?s=96&d=mm&r=g","url":"https:\/\/secure.gravatar.com\/avatar\/d1327e2ce8d2b860112f968a3f34686c9bdda7a463a1502cdd1070ac9d88cf1e?s=96&d=mm&r=g","contentUrl":"https:\/\/secure.gravatar.com\/avatar\/d1327e2ce8d2b860112f968a3f34686c9bdda7a463a1502cdd1070ac9d88cf1e?s=96&d=mm&r=g","caption":"La R\u00e9daction"},"url":"https:\/\/bale.ch\/journal\/author\/laredaction\/"}]}},"_links":{"self":[{"href":"https:\/\/bale.ch\/journal\/wp-json\/wp\/v2\/posts\/2154","targetHints":{"allow":["GET"]}}],"collection":[{"href":"https:\/\/bale.ch\/journal\/wp-json\/wp\/v2\/posts"}],"about":[{"href":"https:\/\/bale.ch\/journal\/wp-json\/wp\/v2\/types\/post"}],"author":[{"embeddable":true,"href":"https:\/\/bale.ch\/journal\/wp-json\/wp\/v2\/users\/2"}],"replies":[{"embeddable":true,"href":"https:\/\/bale.ch\/journal\/wp-json\/wp\/v2\/comments?post=2154"}],"version-history":[{"count":2,"href":"https:\/\/bale.ch\/journal\/wp-json\/wp\/v2\/posts\/2154\/revisions"}],"predecessor-version":[{"id":2157,"href":"https:\/\/bale.ch\/journal\/wp-json\/wp\/v2\/posts\/2154\/revisions\/2157"}],"wp:featuredmedia":[{"embeddable":true,"href":"https:\/\/bale.ch\/journal\/wp-json\/wp\/v2\/media\/2155"}],"wp:attachment":[{"href":"https:\/\/bale.ch\/journal\/wp-json\/wp\/v2\/media?parent=2154"}],"wp:term":[{"taxonomy":"category","embeddable":true,"href":"https:\/\/bale.ch\/journal\/wp-json\/wp\/v2\/categories?post=2154"},{"taxonomy":"post_tag","embeddable":true,"href":"https:\/\/bale.ch\/journal\/wp-json\/wp\/v2\/tags?post=2154"}],"curies":[{"name":"wp","href":"https:\/\/api.w.org\/{rel}","templated":true}]}}