{"id":223,"date":"2015-11-02T20:58:42","date_gmt":"2015-11-02T20:58:42","guid":{"rendered":"http:\/\/bale.ch\/journal\/?p=223"},"modified":"2015-11-03T19:44:07","modified_gmt":"2015-11-03T19:44:07","slug":"un-dimanche-a-carouge","status":"publish","type":"post","link":"https:\/\/bale.ch\/journal\/un-dimanche-a-carouge\/","title":{"rendered":"Promenade: un dimanche d&rsquo;automne \u00e0 Carouge"},"content":{"rendered":"<p>Le dimanche \u00e0 Gen\u00e8ve peut rapidement devenir un mauvais r\u00eave, sp\u00e9cialement en automne. L\u2019\u00e9t\u00e9 est termin\u00e9, l\u2019option \u00ab lac \u00bb envol\u00e9e, l\u2019hiver n\u2019est pas encore arriv\u00e9 et l\u2019option \u00ab ski \u00bb, bien qu\u2019elle commence \u00e0 trotter dans les t\u00eates n\u2019est pas r\u00e9aliste, malheureusement, on ne skie pas en novembre par ici ! Alors, quand on se l\u00e8ve et que le stratus a l\u2019air bien install\u00e9, que faire si on ne veut pas traverser le Mont de Sion, derri\u00e8re lequel le soleil semble toujours darder g\u00e9n\u00e9reusement ses rayons ! Eh bien, on peut en quelques coups de p\u00e9dales se diriger vers Carouge, la <a href=\"https:\/\/fr.wikipedia.org\/wiki\/Carouge_%28province%29\" target=\"_blank\">commune sarde<\/a>, qui a su garder son charme et ses petits plaisirs.<\/p>\n<p><a href=\"https:\/\/bale.ch\/journal\/wp-content\/uploads\/2015\/11\/IMG_4827B.jpg\"><img loading=\"lazy\" decoding=\"async\" class=\"alignleft wp-image-231 size-medium\" src=\"https:\/\/bale.ch\/journal\/wp-content\/uploads\/2015\/11\/IMG_4827B-300x131.jpg\" alt=\"IMG_4827B\" width=\"300\" height=\"131\" srcset=\"https:\/\/bale.ch\/journal\/wp-content\/uploads\/2015\/11\/IMG_4827B-300x131.jpg 300w, https:\/\/bale.ch\/journal\/wp-content\/uploads\/2015\/11\/IMG_4827B.jpg 1000w\" sizes=\"auto, (max-width: 300px) 100vw, 300px\" \/><\/a>Je me d\u00e9cide. Il est \u00e0 peine midi lorsque j\u2019arrive. Autour de la place du March\u00e9, il y a une vie le dimanche ! Plusieurs restaurants sont ouverts, le cin\u00e9ma Le Bio se r\u00e9jouit de vous accueillir, et les Brocantes de Carouge rayonnent pour leur derni\u00e8re sortie de l\u2019ann\u00e9e 2015. Un petit bonheur de plus que j\u2019avais oubli\u00e9 ! Comme il est l\u2019heure de passer \u00e0 table, je jette mon d\u00e9volu sur le <a href=\"http:\/\/www.cafedumarchecarouge.ch\/\" target=\"_blank\">Caf\u00e9 du March\u00e9<\/a>, justement. La cuisine de saison, aujourd\u2019hui, par exemple : saucisse vaudoise ou soupe de courges, sans compter sur le cerf (la chasse est arriv\u00e9e, comme on dit par ici), y est toujours d\u00e9licate et raffin\u00e9e, le personnel attentionn\u00e9 et serviable, un plus sous nos latitudes !<\/p>\n<p>Je m\u2019installe, la d\u00e9coration a \u00e9t\u00e9 l\u00e9g\u00e8rement modifi\u00e9e depuis mon dernier passage. Changement de saison palpable aussi sur les murs et le plafond : on peut y lire des phrases invitant \u00e0 la m\u00e9ditation autour de la nourriture et de ses plaisirs. L\u2019ardoise qui propose une c\u00f4te de b\u0153uf de 800 grammes pour deux soit ou une entrec\u00f4te de 250 grammes, me donne le vertige. Je choisis une salade de saison et une soupe de courges dont je suis une fan inconditionnelle ! Sans oublier un verre de vin blanc aligot\u00e9 du canton de Gen\u00e8ve pour couronner le tout.<\/p><div id=\"crieu-1542746249\" class=\"crieu-content crieu-entity-placement\"><script async src=\"\/\/pagead2.googlesyndication.com\/pagead\/js\/adsbygoogle.js?client=ca-pub-5271584769416742\" crossorigin=\"anonymous\"><\/script><ins class=\"adsbygoogle\" style=\"display:block;\" data-ad-client=\"ca-pub-5271584769416742\" \ndata-ad-slot=\"9321250718\" \ndata-ad-format=\"auto\"><\/ins>\n<script> \n(adsbygoogle = window.adsbygoogle || []).push({}); \n<\/script>\n<\/div>\n<p><a href=\"https:\/\/bale.ch\/journal\/wp-content\/uploads\/2015\/11\/IMG_4821B.jpg\"><img loading=\"lazy\" decoding=\"async\" class=\"size-medium wp-image-227 alignleft\" src=\"https:\/\/bale.ch\/journal\/wp-content\/uploads\/2015\/11\/IMG_4821B-300x300.jpg\" alt=\"IMG_4821B\" width=\"300\" height=\"300\" srcset=\"https:\/\/bale.ch\/journal\/wp-content\/uploads\/2015\/11\/IMG_4821B-300x300.jpg 300w, https:\/\/bale.ch\/journal\/wp-content\/uploads\/2015\/11\/IMG_4821B-150x150.jpg 150w, https:\/\/bale.ch\/journal\/wp-content\/uploads\/2015\/11\/IMG_4821B.jpg 1000w\" sizes=\"auto, (max-width: 300px) 100vw, 300px\" \/><\/a>Je ne me suis pas aper\u00e7ue tout de suite que le stratus avait \u00e9t\u00e9 d\u00e9log\u00e9, mais je crois bien que les rayons du soleil ont commenc\u00e9 \u00e0 inonder la place du March\u00e9 de Carouge lorsque je d\u00e9gustais ma divine soupe. Chaque cuill\u00e8re qui arrivait \u00e0 ma bouche gourmande et avide, s&rsquo;offrait sans pudeur, sans retenue, et je l&rsquo;engloutissais goulument sans demander mon reste. Il faut aussi avouer que je n\u2019ai pas su r\u00e9sister \u00e0 l\u2019appel \u00ab carollien \u00bb du coulant au chocolat et de sa glace \u00e0 la meringue. \u00ab Mange-moi\u2026\u00bb m\u2019a-t-il susurr\u00e9\u2026 No regrets !<\/p>\n<p>Quand le repas fut fini, je me suis gliss\u00e9e entre les \u00e9talages plus ou moins sp\u00e9cialis\u00e9s des brocanteurs. J&rsquo;ai remont\u00e9 le temps en tombant sur \u00ab\u00a0Une histoire de la Gestapo\u00a0\u00bb, un frisson a parcouru mon \u00e9chine \u00e0 la pens\u00e9e des r\u00e9sultats des derni\u00e8res \u00e9lections f\u00e9d\u00e9rales. J\u2019ai crois\u00e9 beaucoup de vieilleries que ma grand-m\u00e8re fran\u00e7aise collectionnait puis j\u2019ai retrouv\u00e9 des objets que j&rsquo;avais moi-m\u00eame poss\u00e9d\u00e9s, il y a plus de vingt ans. A l\u2019\u00e9poque, j\u2019adorais fouiller aux Emma\u00fcs de Wambrechies ou de Nieppe. Je me souviens de ces petits verres \u00e0 vodka tr\u00e8s color\u00e9s ou de ces vieilles bo\u00eetes rouill\u00e9es sur lesquelles on distinguait \u00e0 peine \u00ab Pastilles Valda \u00bb et que je croise \u00e0 nouveau.<\/p>\n<p><a href=\"https:\/\/bale.ch\/journal\/wp-content\/uploads\/2015\/11\/IMG_4823B.jpg\"><img loading=\"lazy\" decoding=\"async\" class=\"alignleft wp-image-229 size-full\" src=\"https:\/\/bale.ch\/journal\/wp-content\/uploads\/2015\/11\/IMG_4823B.jpg\" alt=\"IMG_4823B\" width=\"1000\" height=\"379\" srcset=\"https:\/\/bale.ch\/journal\/wp-content\/uploads\/2015\/11\/IMG_4823B.jpg 1000w, https:\/\/bale.ch\/journal\/wp-content\/uploads\/2015\/11\/IMG_4823B-300x114.jpg 300w\" sizes=\"auto, (max-width: 1000px) 100vw, 1000px\" \/><\/a>Cartes postales, vieux albums aux photos fig\u00e9es, 33 tours en goguette, chemises de nuit en dentelle, bottes en crocodile pos\u00e9es tout contre une toile de jute, vieilles locomotives aux initiales si famili\u00e8res et si lointaines : SBB CFF FFS, ou encore un globe exhibant un monde o\u00f9 chaque centim\u00e8tre carr\u00e9 para\u00eet \u00e0 port\u00e9e de main et m\u2019appelle. Tiens, la chanson de Barbara sur la salle des ventes me traverse l\u2019esprit. Si les objets pouvaient parler, ils seraient intarissables ! Que sont devenus les \u00eatres photographi\u00e9s en s\u00e9pia dans ces albums d\u2019un autre \u00e2ge ? A quelle m\u00e9nag\u00e8re appartenaient ces pots jaunes et blancs, sur lesquels je lis : \u00ab caf\u00e9 \u00bb, \u00ab sucre \u00bb, \u00ab riz \u00bb, \u00ab semoule \u00bb ou encore \u00ab girofle \u00bb ? Pour quel amant avait-on achet\u00e9 cette broche ternie par le temps ?<\/p>\n<p>Les cloches ont sonn\u00e9 seize heures, j\u2019ai vu que le soleil avait entam\u00e9 la fin de sa course quotidienne. Alors, j&rsquo;ai repris le chemin de la maison, emportant en mon c\u0153ur tous ces frissons de bonheur purs et gratuits, tous ces petits voyages, tous ces tendres souvenirs. Je les retranscris \u00e0 pr\u00e9sent en formes compos\u00e9es de vingt-six signes qui se d\u00e9clinent en une myriade de sensations, d\u2019impressions. Un beau dimanche, en somme, un beau dimanche.<\/p>\n<p><a href=\"http:\/\/www.geneve-tourisme.ch\/fr\/a-voir-et-a-faire\/editors-choice\/fiche\/feed\/carouge\/\" target=\"_blank\">Carouge<\/a> sur Gen\u00e8ve Tourisme.<\/p>\n<div id=\"crieu-516533450\" class=\"crieu-apres-le-contenu crieu-entity-placement\" style=\"margin-left: auto;margin-right: auto;text-align: center;\"><script async src=\"\/\/pagead2.googlesyndication.com\/pagead\/js\/adsbygoogle.js?client=ca-pub-5271584769416742\" crossorigin=\"anonymous\"><\/script><ins class=\"adsbygoogle\" style=\"display:block;\" data-ad-client=\"ca-pub-5271584769416742\" \ndata-ad-slot=\"9321250718\" \ndata-ad-format=\"auto\"><\/ins>\n<script> \n(adsbygoogle = window.adsbygoogle || []).push({}); \n<\/script>\n<\/div>","protected":false},"excerpt":{"rendered":"<p>Le dimanche \u00e0 Gen\u00e8ve peut rapidement devenir un mauvais r\u00eave, sp\u00e9cialement en automne. L\u2019\u00e9t\u00e9 est termin\u00e9, l\u2019option \u00ab lac \u00bb envol\u00e9e, l\u2019hiver n\u2019est pas encore arriv\u00e9 et l\u2019option \u00ab ski <a href=\"https:\/\/bale.ch\/journal\/un-dimanche-a-carouge\/\" class=\"read-more button-fancy -red\"><span class=\"btn-arrow\"><\/span><span class=\"twp-read-more text\">Continuer la lecture<\/span><\/a><\/p>\n","protected":false},"author":5,"featured_media":226,"comment_status":"closed","ping_status":"closed","sticky":false,"template":"","format":"standard","meta":{"footnotes":""},"categories":[38],"tags":[54],"class_list":["post-223","post","type-post","status-publish","format-standard","has-post-thumbnail","hentry","category-geneve-decouverte","tag-carouge"],"yoast_head":"<!-- This site is optimized with the Yoast SEO plugin v28.3 - https:\/\/yoast.com\/product\/yoast-seo-wordpress\/ -->\n<title>Promenade: un dimanche d&#039;automne \u00e0 Carouge - Journal de B\u00e2le et Gen\u00e8ve<\/title>\n<meta name=\"robots\" content=\"index, follow, max-snippet:-1, max-image-preview:large, max-video-preview:-1\" \/>\n<link rel=\"canonical\" href=\"https:\/\/bale.ch\/journal\/un-dimanche-a-carouge\/\" \/>\n<meta property=\"og:locale\" content=\"fr_FR\" \/>\n<meta property=\"og:type\" content=\"article\" \/>\n<meta property=\"og:title\" content=\"Promenade: un dimanche d&#039;automne \u00e0 Carouge - Journal de B\u00e2le et Gen\u00e8ve\" \/>\n<meta property=\"og:description\" content=\"Le dimanche \u00e0 Gen\u00e8ve peut rapidement devenir un mauvais r\u00eave, sp\u00e9cialement en automne. L\u2019\u00e9t\u00e9 est termin\u00e9, l\u2019option \u00ab lac \u00bb envol\u00e9e, l\u2019hiver n\u2019est pas encore arriv\u00e9 et l\u2019option \u00ab ski Continuer la lecture\" \/>\n<meta property=\"og:url\" content=\"https:\/\/bale.ch\/journal\/un-dimanche-a-carouge\/\" \/>\n<meta property=\"og:site_name\" content=\"Journal de B\u00e2le et Gen\u00e8ve\" \/>\n<meta property=\"article:published_time\" content=\"2015-11-02T20:58:42+00:00\" \/>\n<meta property=\"article:modified_time\" content=\"2015-11-03T19:44:07+00:00\" \/>\n<meta property=\"og:image\" content=\"https:\/\/bale.ch\/journal\/wp-content\/uploads\/2015\/11\/Carouge_-_panoramio.jpg\" \/>\n\t<meta property=\"og:image:width\" content=\"1280\" \/>\n\t<meta property=\"og:image:height\" content=\"960\" \/>\n\t<meta property=\"og:image:type\" content=\"image\/jpeg\" \/>\n<meta name=\"author\" content=\"Natacha de Santignac\" \/>\n<meta name=\"twitter:card\" content=\"summary_large_image\" \/>\n<meta name=\"twitter:label1\" content=\"\u00c9crit par\" \/>\n\t<meta name=\"twitter:data1\" content=\"Natacha de Santignac\" \/>\n\t<meta name=\"twitter:label2\" content=\"Dur\u00e9e de lecture estim\u00e9e\" \/>\n\t<meta name=\"twitter:data2\" content=\"4 minutes\" \/>\n<script type=\"application\/ld+json\" class=\"yoast-schema-graph\">{\"@context\":\"https:\\\/\\\/schema.org\",\"@graph\":[{\"@type\":\"Article\",\"@id\":\"https:\\\/\\\/bale.ch\\\/journal\\\/un-dimanche-a-carouge\\\/#article\",\"isPartOf\":{\"@id\":\"https:\\\/\\\/bale.ch\\\/journal\\\/un-dimanche-a-carouge\\\/\"},\"author\":{\"name\":\"Natacha de Santignac\",\"@id\":\"https:\\\/\\\/bale.ch\\\/journal\\\/#\\\/schema\\\/person\\\/c9c2f300463adf9091a28673ecb80750\"},\"headline\":\"Promenade: un dimanche d&rsquo;automne \u00e0 Carouge\",\"datePublished\":\"2015-11-02T20:58:42+00:00\",\"dateModified\":\"2015-11-03T19:44:07+00:00\",\"mainEntityOfPage\":{\"@id\":\"https:\\\/\\\/bale.ch\\\/journal\\\/un-dimanche-a-carouge\\\/\"},\"wordCount\":815,\"publisher\":{\"@id\":\"https:\\\/\\\/bale.ch\\\/journal\\\/#organization\"},\"image\":{\"@id\":\"https:\\\/\\\/bale.ch\\\/journal\\\/un-dimanche-a-carouge\\\/#primaryimage\"},\"thumbnailUrl\":\"https:\\\/\\\/bale.ch\\\/journal\\\/wp-content\\\/uploads\\\/2015\\\/11\\\/Carouge_-_panoramio.jpg\",\"keywords\":[\"Carouge\"],\"articleSection\":[\"Gen\u00e8ve D\u00e9couverte\"],\"inLanguage\":\"fr-FR\"},{\"@type\":\"WebPage\",\"@id\":\"https:\\\/\\\/bale.ch\\\/journal\\\/un-dimanche-a-carouge\\\/\",\"url\":\"https:\\\/\\\/bale.ch\\\/journal\\\/un-dimanche-a-carouge\\\/\",\"name\":\"Promenade: un dimanche d'automne \u00e0 Carouge - Journal de B\u00e2le et Gen\u00e8ve\",\"isPartOf\":{\"@id\":\"https:\\\/\\\/bale.ch\\\/journal\\\/#website\"},\"primaryImageOfPage\":{\"@id\":\"https:\\\/\\\/bale.ch\\\/journal\\\/un-dimanche-a-carouge\\\/#primaryimage\"},\"image\":{\"@id\":\"https:\\\/\\\/bale.ch\\\/journal\\\/un-dimanche-a-carouge\\\/#primaryimage\"},\"thumbnailUrl\":\"https:\\\/\\\/bale.ch\\\/journal\\\/wp-content\\\/uploads\\\/2015\\\/11\\\/Carouge_-_panoramio.jpg\",\"datePublished\":\"2015-11-02T20:58:42+00:00\",\"dateModified\":\"2015-11-03T19:44:07+00:00\",\"breadcrumb\":{\"@id\":\"https:\\\/\\\/bale.ch\\\/journal\\\/un-dimanche-a-carouge\\\/#breadcrumb\"},\"inLanguage\":\"fr-FR\",\"potentialAction\":[{\"@type\":\"ReadAction\",\"target\":[\"https:\\\/\\\/bale.ch\\\/journal\\\/un-dimanche-a-carouge\\\/\"]}]},{\"@type\":\"ImageObject\",\"inLanguage\":\"fr-FR\",\"@id\":\"https:\\\/\\\/bale.ch\\\/journal\\\/un-dimanche-a-carouge\\\/#primaryimage\",\"url\":\"https:\\\/\\\/bale.ch\\\/journal\\\/wp-content\\\/uploads\\\/2015\\\/11\\\/Carouge_-_panoramio.jpg\",\"contentUrl\":\"https:\\\/\\\/bale.ch\\\/journal\\\/wp-content\\\/uploads\\\/2015\\\/11\\\/Carouge_-_panoramio.jpg\",\"width\":1280,\"height\":960,\"caption\":\"Photo Koichi Shibata\"},{\"@type\":\"BreadcrumbList\",\"@id\":\"https:\\\/\\\/bale.ch\\\/journal\\\/un-dimanche-a-carouge\\\/#breadcrumb\",\"itemListElement\":[{\"@type\":\"ListItem\",\"position\":1,\"name\":\"Accueil\",\"item\":\"https:\\\/\\\/bale.ch\\\/journal\\\/\"},{\"@type\":\"ListItem\",\"position\":2,\"name\":\"Promenade: un dimanche d&rsquo;automne \u00e0 Carouge\"}]},{\"@type\":\"WebSite\",\"@id\":\"https:\\\/\\\/bale.ch\\\/journal\\\/#website\",\"url\":\"https:\\\/\\\/bale.ch\\\/journal\\\/\",\"name\":\"Journal de B\u00e2le et Gen\u00e8ve\",\"description\":\"M\u00e9dia transfrontalier d&#039;actualit\u00e9s - News\",\"publisher\":{\"@id\":\"https:\\\/\\\/bale.ch\\\/journal\\\/#organization\"},\"potentialAction\":[{\"@type\":\"SearchAction\",\"target\":{\"@type\":\"EntryPoint\",\"urlTemplate\":\"https:\\\/\\\/bale.ch\\\/journal\\\/?s={search_term_string}\"},\"query-input\":{\"@type\":\"PropertyValueSpecification\",\"valueRequired\":true,\"valueName\":\"search_term_string\"}}],\"inLanguage\":\"fr-FR\"},{\"@type\":\"Organization\",\"@id\":\"https:\\\/\\\/bale.ch\\\/journal\\\/#organization\",\"name\":\"Journal de B\u00e2le et Gen\u00e8ve\",\"url\":\"https:\\\/\\\/bale.ch\\\/journal\\\/\",\"logo\":{\"@type\":\"ImageObject\",\"inLanguage\":\"fr-FR\",\"@id\":\"https:\\\/\\\/bale.ch\\\/journal\\\/#\\\/schema\\\/logo\\\/image\\\/\",\"url\":\"https:\\\/\\\/bale.ch\\\/journal\\\/wp-content\\\/uploads\\\/2023\\\/07\\\/journaldebale_logo_2023_nb.png\",\"contentUrl\":\"https:\\\/\\\/bale.ch\\\/journal\\\/wp-content\\\/uploads\\\/2023\\\/07\\\/journaldebale_logo_2023_nb.png\",\"width\":371,\"height\":127,\"caption\":\"Journal de B\u00e2le et Gen\u00e8ve\"},\"image\":{\"@id\":\"https:\\\/\\\/bale.ch\\\/journal\\\/#\\\/schema\\\/logo\\\/image\\\/\"}},{\"@type\":\"Person\",\"@id\":\"https:\\\/\\\/bale.ch\\\/journal\\\/#\\\/schema\\\/person\\\/c9c2f300463adf9091a28673ecb80750\",\"name\":\"Natacha de Santignac\",\"image\":{\"@type\":\"ImageObject\",\"inLanguage\":\"fr-FR\",\"@id\":\"https:\\\/\\\/secure.gravatar.com\\\/avatar\\\/bf2e26e0c999fa3e29ea55d852a513d13a609e3bf13537baf6fcc8306b6a0cdf?s=96&d=mm&r=g\",\"url\":\"https:\\\/\\\/secure.gravatar.com\\\/avatar\\\/bf2e26e0c999fa3e29ea55d852a513d13a609e3bf13537baf6fcc8306b6a0cdf?s=96&d=mm&r=g\",\"contentUrl\":\"https:\\\/\\\/secure.gravatar.com\\\/avatar\\\/bf2e26e0c999fa3e29ea55d852a513d13a609e3bf13537baf6fcc8306b6a0cdf?s=96&d=mm&r=g\",\"caption\":\"Natacha de Santignac\"},\"description\":\"kaleidoscopes.ch\",\"sameAs\":[\"http:\\\/\\\/kaleidoscopes.ch\"],\"url\":\"https:\\\/\\\/bale.ch\\\/journal\\\/author\\\/nds\\\/\"}]}<\/script>\n<!-- \/ Yoast SEO plugin. -->","yoast_head_json":{"title":"Promenade: un dimanche d'automne \u00e0 Carouge - Journal de B\u00e2le et Gen\u00e8ve","robots":{"index":"index","follow":"follow","max-snippet":"max-snippet:-1","max-image-preview":"max-image-preview:large","max-video-preview":"max-video-preview:-1"},"canonical":"https:\/\/bale.ch\/journal\/un-dimanche-a-carouge\/","og_locale":"fr_FR","og_type":"article","og_title":"Promenade: un dimanche d'automne \u00e0 Carouge - Journal de B\u00e2le et Gen\u00e8ve","og_description":"Le dimanche \u00e0 Gen\u00e8ve peut rapidement devenir un mauvais r\u00eave, sp\u00e9cialement en automne. L\u2019\u00e9t\u00e9 est termin\u00e9, l\u2019option \u00ab lac \u00bb envol\u00e9e, l\u2019hiver n\u2019est pas encore arriv\u00e9 et l\u2019option \u00ab ski Continuer la lecture","og_url":"https:\/\/bale.ch\/journal\/un-dimanche-a-carouge\/","og_site_name":"Journal de B\u00e2le et Gen\u00e8ve","article_published_time":"2015-11-02T20:58:42+00:00","article_modified_time":"2015-11-03T19:44:07+00:00","og_image":[{"width":1280,"height":960,"url":"https:\/\/bale.ch\/journal\/wp-content\/uploads\/2015\/11\/Carouge_-_panoramio.jpg","type":"image\/jpeg"}],"author":"Natacha de Santignac","twitter_card":"summary_large_image","twitter_misc":{"\u00c9crit par":"Natacha de Santignac","Dur\u00e9e de lecture estim\u00e9e":"4 minutes"},"schema":{"@context":"https:\/\/schema.org","@graph":[{"@type":"Article","@id":"https:\/\/bale.ch\/journal\/un-dimanche-a-carouge\/#article","isPartOf":{"@id":"https:\/\/bale.ch\/journal\/un-dimanche-a-carouge\/"},"author":{"name":"Natacha de Santignac","@id":"https:\/\/bale.ch\/journal\/#\/schema\/person\/c9c2f300463adf9091a28673ecb80750"},"headline":"Promenade: un dimanche d&rsquo;automne \u00e0 Carouge","datePublished":"2015-11-02T20:58:42+00:00","dateModified":"2015-11-03T19:44:07+00:00","mainEntityOfPage":{"@id":"https:\/\/bale.ch\/journal\/un-dimanche-a-carouge\/"},"wordCount":815,"publisher":{"@id":"https:\/\/bale.ch\/journal\/#organization"},"image":{"@id":"https:\/\/bale.ch\/journal\/un-dimanche-a-carouge\/#primaryimage"},"thumbnailUrl":"https:\/\/bale.ch\/journal\/wp-content\/uploads\/2015\/11\/Carouge_-_panoramio.jpg","keywords":["Carouge"],"articleSection":["Gen\u00e8ve D\u00e9couverte"],"inLanguage":"fr-FR"},{"@type":"WebPage","@id":"https:\/\/bale.ch\/journal\/un-dimanche-a-carouge\/","url":"https:\/\/bale.ch\/journal\/un-dimanche-a-carouge\/","name":"Promenade: un dimanche d'automne \u00e0 Carouge - Journal de B\u00e2le et Gen\u00e8ve","isPartOf":{"@id":"https:\/\/bale.ch\/journal\/#website"},"primaryImageOfPage":{"@id":"https:\/\/bale.ch\/journal\/un-dimanche-a-carouge\/#primaryimage"},"image":{"@id":"https:\/\/bale.ch\/journal\/un-dimanche-a-carouge\/#primaryimage"},"thumbnailUrl":"https:\/\/bale.ch\/journal\/wp-content\/uploads\/2015\/11\/Carouge_-_panoramio.jpg","datePublished":"2015-11-02T20:58:42+00:00","dateModified":"2015-11-03T19:44:07+00:00","breadcrumb":{"@id":"https:\/\/bale.ch\/journal\/un-dimanche-a-carouge\/#breadcrumb"},"inLanguage":"fr-FR","potentialAction":[{"@type":"ReadAction","target":["https:\/\/bale.ch\/journal\/un-dimanche-a-carouge\/"]}]},{"@type":"ImageObject","inLanguage":"fr-FR","@id":"https:\/\/bale.ch\/journal\/un-dimanche-a-carouge\/#primaryimage","url":"https:\/\/bale.ch\/journal\/wp-content\/uploads\/2015\/11\/Carouge_-_panoramio.jpg","contentUrl":"https:\/\/bale.ch\/journal\/wp-content\/uploads\/2015\/11\/Carouge_-_panoramio.jpg","width":1280,"height":960,"caption":"Photo Koichi Shibata"},{"@type":"BreadcrumbList","@id":"https:\/\/bale.ch\/journal\/un-dimanche-a-carouge\/#breadcrumb","itemListElement":[{"@type":"ListItem","position":1,"name":"Accueil","item":"https:\/\/bale.ch\/journal\/"},{"@type":"ListItem","position":2,"name":"Promenade: un dimanche d&rsquo;automne \u00e0 Carouge"}]},{"@type":"WebSite","@id":"https:\/\/bale.ch\/journal\/#website","url":"https:\/\/bale.ch\/journal\/","name":"Journal de B\u00e2le et Gen\u00e8ve","description":"M\u00e9dia transfrontalier d&#039;actualit\u00e9s - News","publisher":{"@id":"https:\/\/bale.ch\/journal\/#organization"},"potentialAction":[{"@type":"SearchAction","target":{"@type":"EntryPoint","urlTemplate":"https:\/\/bale.ch\/journal\/?s={search_term_string}"},"query-input":{"@type":"PropertyValueSpecification","valueRequired":true,"valueName":"search_term_string"}}],"inLanguage":"fr-FR"},{"@type":"Organization","@id":"https:\/\/bale.ch\/journal\/#organization","name":"Journal de B\u00e2le et Gen\u00e8ve","url":"https:\/\/bale.ch\/journal\/","logo":{"@type":"ImageObject","inLanguage":"fr-FR","@id":"https:\/\/bale.ch\/journal\/#\/schema\/logo\/image\/","url":"https:\/\/bale.ch\/journal\/wp-content\/uploads\/2023\/07\/journaldebale_logo_2023_nb.png","contentUrl":"https:\/\/bale.ch\/journal\/wp-content\/uploads\/2023\/07\/journaldebale_logo_2023_nb.png","width":371,"height":127,"caption":"Journal de B\u00e2le et Gen\u00e8ve"},"image":{"@id":"https:\/\/bale.ch\/journal\/#\/schema\/logo\/image\/"}},{"@type":"Person","@id":"https:\/\/bale.ch\/journal\/#\/schema\/person\/c9c2f300463adf9091a28673ecb80750","name":"Natacha de Santignac","image":{"@type":"ImageObject","inLanguage":"fr-FR","@id":"https:\/\/secure.gravatar.com\/avatar\/bf2e26e0c999fa3e29ea55d852a513d13a609e3bf13537baf6fcc8306b6a0cdf?s=96&d=mm&r=g","url":"https:\/\/secure.gravatar.com\/avatar\/bf2e26e0c999fa3e29ea55d852a513d13a609e3bf13537baf6fcc8306b6a0cdf?s=96&d=mm&r=g","contentUrl":"https:\/\/secure.gravatar.com\/avatar\/bf2e26e0c999fa3e29ea55d852a513d13a609e3bf13537baf6fcc8306b6a0cdf?s=96&d=mm&r=g","caption":"Natacha de Santignac"},"description":"kaleidoscopes.ch","sameAs":["http:\/\/kaleidoscopes.ch"],"url":"https:\/\/bale.ch\/journal\/author\/nds\/"}]}},"_links":{"self":[{"href":"https:\/\/bale.ch\/journal\/wp-json\/wp\/v2\/posts\/223","targetHints":{"allow":["GET"]}}],"collection":[{"href":"https:\/\/bale.ch\/journal\/wp-json\/wp\/v2\/posts"}],"about":[{"href":"https:\/\/bale.ch\/journal\/wp-json\/wp\/v2\/types\/post"}],"author":[{"embeddable":true,"href":"https:\/\/bale.ch\/journal\/wp-json\/wp\/v2\/users\/5"}],"replies":[{"embeddable":true,"href":"https:\/\/bale.ch\/journal\/wp-json\/wp\/v2\/comments?post=223"}],"version-history":[{"count":12,"href":"https:\/\/bale.ch\/journal\/wp-json\/wp\/v2\/posts\/223\/revisions"}],"predecessor-version":[{"id":243,"href":"https:\/\/bale.ch\/journal\/wp-json\/wp\/v2\/posts\/223\/revisions\/243"}],"wp:featuredmedia":[{"embeddable":true,"href":"https:\/\/bale.ch\/journal\/wp-json\/wp\/v2\/media\/226"}],"wp:attachment":[{"href":"https:\/\/bale.ch\/journal\/wp-json\/wp\/v2\/media?parent=223"}],"wp:term":[{"taxonomy":"category","embeddable":true,"href":"https:\/\/bale.ch\/journal\/wp-json\/wp\/v2\/categories?post=223"},{"taxonomy":"post_tag","embeddable":true,"href":"https:\/\/bale.ch\/journal\/wp-json\/wp\/v2\/tags?post=223"}],"curies":[{"name":"wp","href":"https:\/\/api.w.org\/{rel}","templated":true}]}}