{"id":2231,"date":"2019-04-28T21:32:26","date_gmt":"2019-04-28T21:32:26","guid":{"rendered":"http:\/\/bale.ch\/journal\/?p=2231"},"modified":"2019-05-02T14:53:04","modified_gmt":"2019-05-02T14:53:04","slug":"histoire-reecrite-a-saint-gingolph-le-mythe-dune-commune-franco-suisse-depuis-450-ans","status":"publish","type":"post","link":"https:\/\/bale.ch\/journal\/histoire-reecrite-a-saint-gingolph-le-mythe-dune-commune-franco-suisse-depuis-450-ans\/","title":{"rendered":"Pol\u00e9mique historique \u00e0 Saint-Gingolph pour \u00ab\u00a0450 ans d&rsquo;amiti\u00e9 franco-suisse\u00a0\u00bb"},"content":{"rendered":"<p><strong>Le village transfrontalier compos\u00e9 de deux communes, l&rsquo;une valaisanne, l&rsquo;autre savoyarde, \u00ab\u00a0f\u00eate\u00a0\u00bb cette ann\u00e9e \u00ab\u00a0450 ans d&rsquo;amiti\u00e9 franco-suisse\u00a0\u00bb. Cette d\u00e9nomination, qui prend des libert\u00e9s avec l&rsquo;Histoire, fait pol\u00e9mique dans toute la Savoie historique: en effet, celle-ci n&rsquo;est fran\u00e7aise que depuis 159 ans et le Valais n&rsquo;est suisse que depuis 204 ans.\u00a0<\/strong><\/p>\n<p><!--more--><\/p>\n<p>C&rsquo;est une tribune libre publi\u00e9e initialement dans\u00a0<em>Le Faucigny*<\/em>, qui a mis le feu aux poudres sur les r\u00e9seaux sociaux. Le Chablaisien Alain Pittard a souhait\u00e9 remettre les pendules \u00e0 l&rsquo;heure concernant les faits, quitte \u00e0 choquer le\u00a0comit\u00e9 d\u2019organisation des 450 ans d\u2019amiti\u00e9 franco-suisse \u00e0 Saint-Gingolph qui souhaite seulement\u00a0<em>\u00ab\u00a0f\u00eater une histoire d\u2019amiti\u00e9, de solidarit\u00e9 et de fraternit\u00e9\u00a0\u00bb<\/em> et <em>\u00ab\u00a0faire conna\u00eetre notre village et sa sp\u00e9cificit\u00e9\u00a0\u00bb<\/em>.<\/p>\n<p>Il faut dire que l&rsquo;Histoire de la Savoie, ancien pays europ\u00e9en annex\u00e9 par la France en 1860 seulement, soit trente ans apr\u00e8s l&rsquo;Alg\u00e9rie, est source de pol\u00e9miques. L&rsquo;Histoire du territoire n&rsquo;y est pas enseign\u00e9e: comme au temps des colonies, c&rsquo;est celle de \u00ab\u00a0nos anc\u00eatres les Fran\u00e7ais\u00a0\u00bb qu&rsquo;apprennent les petits Savoyards depuis 1919, ann\u00e9e o\u00f9 les manuels d&rsquo;Histoire locale ont \u00e9t\u00e9 br\u00fbl\u00e9s dans les cours d&rsquo;\u00e9cole.<\/p><div id=\"crieu-3160847957\" class=\"crieu-content crieu-entity-placement\"><script async src=\"\/\/pagead2.googlesyndication.com\/pagead\/js\/adsbygoogle.js?client=ca-pub-5271584769416742\" crossorigin=\"anonymous\"><\/script><ins class=\"adsbygoogle\" style=\"display:block;\" data-ad-client=\"ca-pub-5271584769416742\" \ndata-ad-slot=\"9321250718\" \ndata-ad-format=\"auto\"><\/ins>\n<script> \n(adsbygoogle = window.adsbygoogle || []).push({}); \n<\/script>\n<\/div>\n<p>Alain Pittard rappelle qu&rsquo;en 1569, lors du Trait\u00e9 de Thonon \u00ab\u00a0f\u00eat\u00e9\u00a0\u00bb par Saint-Gingolph, <em>\u00ab\u00a0il n\u2019est nulle question de la France ou de la Suisse, mais bien de la Savoie et du Valais. L\u2019ensemble du Chablais \u00e9tait non seulement l\u2019une des provinces de la Savoie, mais en plus \u00e9tait un duch\u00e9 \u00e0 part enti\u00e8re depuis 1238 gr\u00e2ce \u00e0 l\u2019empereur germanique. Il est actuellement divis\u00e9 en Chablais vaudois, Chablais valaisan et Chablais savoyard. Lorsqu\u2019en 1536, Berne a envahi le Pays de Vaud, savoyard lui aussi, et une partie de cet ancien Chablais, c\u2019est en les incendiant et en les pillant. Ainsi, Saint-Gingolph s\u2019appr\u00eate \u00e0 f\u00eater l\u2019\u00e9clatement de sa province d\u2019origine, le Chablais, qui s\u2019est fait dans le sang, le feu et le pillage. Cela devrait donc \u00eatre un jour de deuil pour l\u2019ensemble du Chablais et non pas un jour de f\u00eate pour Saint- Gingolph!\u00a0\u00bb<\/em><\/p>\n<p>De son c\u00f4t\u00e9, le comit\u00e9 d&rsquo;organisation par la voix de Jo\u00ebl Grandcollot, rejette dans une r\u00e9ponse l&rsquo;ensemble des griefs expos\u00e9s par Alain Pittard:\u00a0<em>\u00ab\u00a0oui, nous aurions pu organiser cet \u00e9v\u00e9nement sous la banni\u00e8re<\/em> \u00ab\u00a0450 ans d\u2019amiti\u00e9 savoiso-valaisanne\u00a0\u00bb<em>, mais nous ne nous arr\u00eatons pas \u00e0 un titre. \u00c0 Saint-Gingolph les identit\u00e9s s\u2019additionnent et se m\u00e9langent plut\u00f4t qu\u2019elles ne s\u2019opposent les unes aux autres: savoyardes, valaisannes, suisses, fran\u00e7aises, europ\u00e9ennes, humanistes. S\u2019y est m\u00eame forg\u00e9 une culture de l\u2019accueil et de l\u2019ouverture sur le monde que l\u2019on per\u00e7oit jusque dans les multiples cultures et couleurs qui peuplent notre village sans fronti\u00e8re. Il y r\u00e9sonne bien plus souvent l\u2019air des \u00ab\u00a0Allobroges\u00a0\u00bb<\/em> [l&rsquo;hymne savoyard, ndlr]<em> ou de \u00ab\u00a0Marignan\u00a0\u00bb que les notes de \u00ab\u00a0La Marseillaise\u00a0\u00bb ou du \u00ab\u00a0Cantique suisse\u00a0\u00bb.<\/em><\/p>\n<p>Toujours selon le Comit\u00e9, Alain Pittard promeut <em>\u00ab\u00a0une Histoire s\u00e9lective, qui omet les \u00e9v\u00e9nements positifs mais qui met en lumi\u00e8re les querelles sanglantes\u00a0\u00bb<\/em>. <em>\u00ab\u00a0N\u2019est-ce pas la Suisse qui a sauv\u00e9 350 Gingolais savoyards et fran\u00e7ais de la mort en 1944 quand l\u2019occupant mettait le feu au village ? N\u2019est-ce pas la France et la Suisse via nos deux communes qui s\u2019entre-aident pour entretenir la Morge, torrent-fronti\u00e8re pourtant 100% fran\u00e7ais? N\u2019est-ce pas la Suisse et les \u00e9lus chablaisiens vaudois et valaisans qui se proposent d\u2019aider les \u00e9lus du Chablais fran\u00e7ais \u00e0 rouvrir la ligne du Tonkin au trafic voyageur?\u00a0\u00bb<\/em><\/p>\n<p>Pour Laurent Blondaz, pr\u00e9sident du <a href=\"https:\/\/fr.wikipedia.org\/wiki\/Mouvement_R%C3%A9gion_Savoie\" target=\"_blank\" rel=\"noopener\"><strong>Mouvement R\u00e9gion Savoie<\/strong><\/a> (MRS), il ne s&rsquo;agit pas de nier les liens d&rsquo;amiti\u00e9 entre les deux Saint-Gingolph, mais de respecter les faits historiques.<em>\u00ab\u00a0Il s&rsquo;agit soit de m\u00e9connaissance culturelle\u00a0\u00bb<\/em> de la part du Comit\u00e9 de Saint-Gingolph, soit <em>\u00ab\u00a0d&rsquo;une bourde\u00a0\u00bb<\/em>\u00a0qu&rsquo;il faut reconna\u00eetre. <em>\u00ab\u00a0Pourquoi pas, au lieu de garder la probl\u00e9matique appellation<\/em>\u00a0\u00ab\u00a0Saint-Gingolph f\u00eate 450 ans d&rsquo;amiti\u00e9 franco-suisse\u00a0\u00bb<em>, utiliser les mots justes? \u00ab\u00a0<\/em>Saint-Gingolph comm\u00e9more 450 ans d&rsquo;Histoire valaiso-savoyarde et franco-suisse\u00a0\u00bb<em>, par exemple, en ajoutant \u00ab\u00a0<\/em>F\u00eate de l&rsquo;amiti\u00e9 transfrontali\u00e8re\u00a0\u00bb<em>. Ne r\u00e9\u00e9crivons pas l&rsquo;Histoire!\u00a0\u00bb.<br \/>\n<\/em><\/p>\n<p>Qu&rsquo;en pense Tintin, le petit reporter belge \u00e0 l&rsquo;honneur actuellement au Ch\u00e2teau de Saint-Gingolph, qui lui-m\u00eame a remis l&rsquo;Histoire \u00e0 sa juste place dans <em>Le Lotus Bleu<\/em> en 1936 (l&rsquo;album fait allusion \u00e0\u00a0l&rsquo;incident de Mukden, pr\u00e9texte \u00e0 l&rsquo;invasion japonaise de la Mandchourie\u00a0et pr\u00e9lude \u00e0 la terrible\u00a0guerre sino-japonaise\u00a0de 1937)?<\/p>\n<p>Le programme de la f\u00eate des 29 et 30 juin prochains n\u2019est pas encore sorti. Va-t-on trouver le moyen de r\u00e9concilier tout le monde?<\/p>\n<blockquote>\n<p style=\"text-align: left;\">* \u00ab\u00a0SOS Amiti\u00e9 Franco-Suisse\u00a0\u00bb, \u00e0 lire sur le site de l&rsquo;hebdomadaire savoyard <strong><a href=\"http:\/\/www.lefaucigny.fr\/?p=3579\" target=\"_blank\" rel=\"noopener\">Le Faucigny<\/a><\/strong>.<br \/>\nLe programme des 450 ans se trouve ici:\u00a0<a href=\"http:\/\/450ans.st-gingolph.com\" target=\"_blank\" rel=\"noopener\"><strong>450ans.st-gingolph.com<\/strong><\/a><\/p>\n<\/blockquote>\n<div id=\"crieu-1633984769\" class=\"crieu-apres-le-contenu crieu-entity-placement\" style=\"margin-left: auto;margin-right: auto;text-align: center;\"><script async src=\"\/\/pagead2.googlesyndication.com\/pagead\/js\/adsbygoogle.js?client=ca-pub-5271584769416742\" crossorigin=\"anonymous\"><\/script><ins class=\"adsbygoogle\" style=\"display:block;\" data-ad-client=\"ca-pub-5271584769416742\" \ndata-ad-slot=\"9321250718\" \ndata-ad-format=\"auto\"><\/ins>\n<script> \n(adsbygoogle = window.adsbygoogle || []).push({}); \n<\/script>\n<\/div>","protected":false},"excerpt":{"rendered":"<p>Le village transfrontalier compos\u00e9 de deux communes, l&rsquo;une valaisanne, l&rsquo;autre savoyarde, \u00ab\u00a0f\u00eate\u00a0\u00bb cette ann\u00e9e \u00ab\u00a0450 ans d&rsquo;amiti\u00e9 franco-suisse\u00a0\u00bb. Cette d\u00e9nomination, qui prend des libert\u00e9s avec l&rsquo;Histoire, fait pol\u00e9mique dans toute <a href=\"https:\/\/bale.ch\/journal\/histoire-reecrite-a-saint-gingolph-le-mythe-dune-commune-franco-suisse-depuis-450-ans\/\" class=\"read-more button-fancy -red\"><span class=\"btn-arrow\"><\/span><span class=\"twp-read-more text\">Continuer la lecture<\/span><\/a><\/p>\n","protected":false},"author":3,"featured_media":2200,"comment_status":"closed","ping_status":"closed","sticky":false,"template":"","format":"standard","meta":{"footnotes":""},"categories":[103,8],"tags":[64,52,73,46,151,106,68],"class_list":["post-2231","post","type-post","status-publish","format-standard","has-post-thumbnail","hentry","category-actu","category-suisse","tag-chablais","tag-france","tag-haute-savoie","tag-histoire","tag-saint-gingolph","tag-suisse","tag-valais"],"yoast_head":"<!-- This site is optimized with the Yoast SEO plugin v28.3 - https:\/\/yoast.com\/product\/yoast-seo-wordpress\/ -->\n<title>Pol\u00e9mique historique \u00e0 Saint-Gingolph pour &quot;450 ans d&#039;amiti\u00e9 franco-suisse&quot; - Journal de B\u00e2le et Gen\u00e8ve<\/title>\n<meta name=\"robots\" content=\"index, follow, max-snippet:-1, max-image-preview:large, max-video-preview:-1\" \/>\n<link rel=\"canonical\" href=\"https:\/\/bale.ch\/journal\/histoire-reecrite-a-saint-gingolph-le-mythe-dune-commune-franco-suisse-depuis-450-ans\/\" \/>\n<meta property=\"og:locale\" content=\"fr_FR\" \/>\n<meta property=\"og:type\" content=\"article\" \/>\n<meta property=\"og:title\" content=\"Pol\u00e9mique historique \u00e0 Saint-Gingolph pour &quot;450 ans d&#039;amiti\u00e9 franco-suisse&quot; - Journal de B\u00e2le et Gen\u00e8ve\" \/>\n<meta property=\"og:description\" content=\"Le village transfrontalier compos\u00e9 de deux communes, l&rsquo;une valaisanne, l&rsquo;autre savoyarde, \u00ab\u00a0f\u00eate\u00a0\u00bb cette ann\u00e9e \u00ab\u00a0450 ans d&rsquo;amiti\u00e9 franco-suisse\u00a0\u00bb. Cette d\u00e9nomination, qui prend des libert\u00e9s avec l&rsquo;Histoire, fait pol\u00e9mique dans toute Continuer la lecture\" \/>\n<meta property=\"og:url\" content=\"https:\/\/bale.ch\/journal\/histoire-reecrite-a-saint-gingolph-le-mythe-dune-commune-franco-suisse-depuis-450-ans\/\" \/>\n<meta property=\"og:site_name\" content=\"Journal de B\u00e2le et Gen\u00e8ve\" \/>\n<meta property=\"article:published_time\" content=\"2019-04-28T21:32:26+00:00\" \/>\n<meta property=\"article:modified_time\" content=\"2019-05-02T14:53:04+00:00\" \/>\n<meta property=\"og:image\" content=\"https:\/\/bale.ch\/journal\/wp-content\/uploads\/2019\/04\/saint-gingolph_amitie.jpg\" \/>\n\t<meta property=\"og:image:width\" content=\"900\" \/>\n\t<meta property=\"og:image:height\" content=\"484\" \/>\n\t<meta property=\"og:image:type\" content=\"image\/jpeg\" \/>\n<meta name=\"author\" content=\"Alban Lavy\" \/>\n<meta name=\"twitter:card\" content=\"summary_large_image\" \/>\n<meta name=\"twitter:label1\" content=\"\u00c9crit par\" \/>\n\t<meta name=\"twitter:data1\" content=\"Alban Lavy\" \/>\n\t<meta name=\"twitter:label2\" content=\"Dur\u00e9e de lecture estim\u00e9e\" \/>\n\t<meta name=\"twitter:data2\" content=\"4 minutes\" \/>\n<script type=\"application\/ld+json\" class=\"yoast-schema-graph\">{\"@context\":\"https:\\\/\\\/schema.org\",\"@graph\":[{\"@type\":\"Article\",\"@id\":\"https:\\\/\\\/bale.ch\\\/journal\\\/histoire-reecrite-a-saint-gingolph-le-mythe-dune-commune-franco-suisse-depuis-450-ans\\\/#article\",\"isPartOf\":{\"@id\":\"https:\\\/\\\/bale.ch\\\/journal\\\/histoire-reecrite-a-saint-gingolph-le-mythe-dune-commune-franco-suisse-depuis-450-ans\\\/\"},\"author\":{\"name\":\"Alban Lavy\",\"@id\":\"https:\\\/\\\/bale.ch\\\/journal\\\/#\\\/schema\\\/person\\\/41bc7f908af0ffea5e38b8c5702e5626\"},\"headline\":\"Pol\u00e9mique historique \u00e0 Saint-Gingolph pour \u00ab\u00a0450 ans d&rsquo;amiti\u00e9 franco-suisse\u00a0\u00bb\",\"datePublished\":\"2019-04-28T21:32:26+00:00\",\"dateModified\":\"2019-05-02T14:53:04+00:00\",\"mainEntityOfPage\":{\"@id\":\"https:\\\/\\\/bale.ch\\\/journal\\\/histoire-reecrite-a-saint-gingolph-le-mythe-dune-commune-franco-suisse-depuis-450-ans\\\/\"},\"wordCount\":838,\"publisher\":{\"@id\":\"https:\\\/\\\/bale.ch\\\/journal\\\/#organization\"},\"image\":{\"@id\":\"https:\\\/\\\/bale.ch\\\/journal\\\/histoire-reecrite-a-saint-gingolph-le-mythe-dune-commune-franco-suisse-depuis-450-ans\\\/#primaryimage\"},\"thumbnailUrl\":\"https:\\\/\\\/bale.ch\\\/journal\\\/wp-content\\\/uploads\\\/2019\\\/04\\\/saint-gingolph_amitie.jpg\",\"keywords\":[\"Chablais\",\"France\",\"Haute-Savoie\",\"Histoire\",\"Saint-Gingolph\",\"Suisse\",\"Valais\"],\"articleSection\":[\"Actualit\u00e9s\",\"Suisse\"],\"inLanguage\":\"fr-FR\"},{\"@type\":\"WebPage\",\"@id\":\"https:\\\/\\\/bale.ch\\\/journal\\\/histoire-reecrite-a-saint-gingolph-le-mythe-dune-commune-franco-suisse-depuis-450-ans\\\/\",\"url\":\"https:\\\/\\\/bale.ch\\\/journal\\\/histoire-reecrite-a-saint-gingolph-le-mythe-dune-commune-franco-suisse-depuis-450-ans\\\/\",\"name\":\"Pol\u00e9mique historique \u00e0 Saint-Gingolph pour \\\"450 ans d'amiti\u00e9 franco-suisse\\\" - Journal de B\u00e2le et Gen\u00e8ve\",\"isPartOf\":{\"@id\":\"https:\\\/\\\/bale.ch\\\/journal\\\/#website\"},\"primaryImageOfPage\":{\"@id\":\"https:\\\/\\\/bale.ch\\\/journal\\\/histoire-reecrite-a-saint-gingolph-le-mythe-dune-commune-franco-suisse-depuis-450-ans\\\/#primaryimage\"},\"image\":{\"@id\":\"https:\\\/\\\/bale.ch\\\/journal\\\/histoire-reecrite-a-saint-gingolph-le-mythe-dune-commune-franco-suisse-depuis-450-ans\\\/#primaryimage\"},\"thumbnailUrl\":\"https:\\\/\\\/bale.ch\\\/journal\\\/wp-content\\\/uploads\\\/2019\\\/04\\\/saint-gingolph_amitie.jpg\",\"datePublished\":\"2019-04-28T21:32:26+00:00\",\"dateModified\":\"2019-05-02T14:53:04+00:00\",\"breadcrumb\":{\"@id\":\"https:\\\/\\\/bale.ch\\\/journal\\\/histoire-reecrite-a-saint-gingolph-le-mythe-dune-commune-franco-suisse-depuis-450-ans\\\/#breadcrumb\"},\"inLanguage\":\"fr-FR\",\"potentialAction\":[{\"@type\":\"ReadAction\",\"target\":[\"https:\\\/\\\/bale.ch\\\/journal\\\/histoire-reecrite-a-saint-gingolph-le-mythe-dune-commune-franco-suisse-depuis-450-ans\\\/\"]}]},{\"@type\":\"ImageObject\",\"inLanguage\":\"fr-FR\",\"@id\":\"https:\\\/\\\/bale.ch\\\/journal\\\/histoire-reecrite-a-saint-gingolph-le-mythe-dune-commune-franco-suisse-depuis-450-ans\\\/#primaryimage\",\"url\":\"https:\\\/\\\/bale.ch\\\/journal\\\/wp-content\\\/uploads\\\/2019\\\/04\\\/saint-gingolph_amitie.jpg\",\"contentUrl\":\"https:\\\/\\\/bale.ch\\\/journal\\\/wp-content\\\/uploads\\\/2019\\\/04\\\/saint-gingolph_amitie.jpg\",\"width\":900,\"height\":484},{\"@type\":\"BreadcrumbList\",\"@id\":\"https:\\\/\\\/bale.ch\\\/journal\\\/histoire-reecrite-a-saint-gingolph-le-mythe-dune-commune-franco-suisse-depuis-450-ans\\\/#breadcrumb\",\"itemListElement\":[{\"@type\":\"ListItem\",\"position\":1,\"name\":\"Accueil\",\"item\":\"https:\\\/\\\/bale.ch\\\/journal\\\/\"},{\"@type\":\"ListItem\",\"position\":2,\"name\":\"Pol\u00e9mique historique \u00e0 Saint-Gingolph pour \u00ab\u00a0450 ans d&rsquo;amiti\u00e9 franco-suisse\u00a0\u00bb\"}]},{\"@type\":\"WebSite\",\"@id\":\"https:\\\/\\\/bale.ch\\\/journal\\\/#website\",\"url\":\"https:\\\/\\\/bale.ch\\\/journal\\\/\",\"name\":\"Journal de B\u00e2le et Gen\u00e8ve\",\"description\":\"M\u00e9dia transfrontalier d&#039;actualit\u00e9s - News\",\"publisher\":{\"@id\":\"https:\\\/\\\/bale.ch\\\/journal\\\/#organization\"},\"potentialAction\":[{\"@type\":\"SearchAction\",\"target\":{\"@type\":\"EntryPoint\",\"urlTemplate\":\"https:\\\/\\\/bale.ch\\\/journal\\\/?s={search_term_string}\"},\"query-input\":{\"@type\":\"PropertyValueSpecification\",\"valueRequired\":true,\"valueName\":\"search_term_string\"}}],\"inLanguage\":\"fr-FR\"},{\"@type\":\"Organization\",\"@id\":\"https:\\\/\\\/bale.ch\\\/journal\\\/#organization\",\"name\":\"Journal de B\u00e2le et Gen\u00e8ve\",\"url\":\"https:\\\/\\\/bale.ch\\\/journal\\\/\",\"logo\":{\"@type\":\"ImageObject\",\"inLanguage\":\"fr-FR\",\"@id\":\"https:\\\/\\\/bale.ch\\\/journal\\\/#\\\/schema\\\/logo\\\/image\\\/\",\"url\":\"https:\\\/\\\/bale.ch\\\/journal\\\/wp-content\\\/uploads\\\/2023\\\/07\\\/journaldebale_logo_2023_nb.png\",\"contentUrl\":\"https:\\\/\\\/bale.ch\\\/journal\\\/wp-content\\\/uploads\\\/2023\\\/07\\\/journaldebale_logo_2023_nb.png\",\"width\":371,\"height\":127,\"caption\":\"Journal de B\u00e2le et Gen\u00e8ve\"},\"image\":{\"@id\":\"https:\\\/\\\/bale.ch\\\/journal\\\/#\\\/schema\\\/logo\\\/image\\\/\"}},{\"@type\":\"Person\",\"@id\":\"https:\\\/\\\/bale.ch\\\/journal\\\/#\\\/schema\\\/person\\\/41bc7f908af0ffea5e38b8c5702e5626\",\"name\":\"Alban Lavy\",\"image\":{\"@type\":\"ImageObject\",\"inLanguage\":\"fr-FR\",\"@id\":\"https:\\\/\\\/secure.gravatar.com\\\/avatar\\\/4978c5bb7295400e15bebf9881bc4db7866592bc59ffa2f62511214a10f68804?s=96&d=mm&r=g\",\"url\":\"https:\\\/\\\/secure.gravatar.com\\\/avatar\\\/4978c5bb7295400e15bebf9881bc4db7866592bc59ffa2f62511214a10f68804?s=96&d=mm&r=g\",\"contentUrl\":\"https:\\\/\\\/secure.gravatar.com\\\/avatar\\\/4978c5bb7295400e15bebf9881bc4db7866592bc59ffa2f62511214a10f68804?s=96&d=mm&r=g\",\"caption\":\"Alban Lavy\"},\"sameAs\":[\"http:\\\/\\\/bale.ch\\\/administration\\\/zeitung\\\/albanlavy\\\/\"],\"url\":\"https:\\\/\\\/bale.ch\\\/journal\\\/author\\\/lavy\\\/\"}]}<\/script>\n<!-- \/ Yoast SEO plugin. -->","yoast_head_json":{"title":"Pol\u00e9mique historique \u00e0 Saint-Gingolph pour \"450 ans d'amiti\u00e9 franco-suisse\" - Journal de B\u00e2le et Gen\u00e8ve","robots":{"index":"index","follow":"follow","max-snippet":"max-snippet:-1","max-image-preview":"max-image-preview:large","max-video-preview":"max-video-preview:-1"},"canonical":"https:\/\/bale.ch\/journal\/histoire-reecrite-a-saint-gingolph-le-mythe-dune-commune-franco-suisse-depuis-450-ans\/","og_locale":"fr_FR","og_type":"article","og_title":"Pol\u00e9mique historique \u00e0 Saint-Gingolph pour \"450 ans d'amiti\u00e9 franco-suisse\" - Journal de B\u00e2le et Gen\u00e8ve","og_description":"Le village transfrontalier compos\u00e9 de deux communes, l&rsquo;une valaisanne, l&rsquo;autre savoyarde, \u00ab\u00a0f\u00eate\u00a0\u00bb cette ann\u00e9e \u00ab\u00a0450 ans d&rsquo;amiti\u00e9 franco-suisse\u00a0\u00bb. Cette d\u00e9nomination, qui prend des libert\u00e9s avec l&rsquo;Histoire, fait pol\u00e9mique dans toute Continuer la lecture","og_url":"https:\/\/bale.ch\/journal\/histoire-reecrite-a-saint-gingolph-le-mythe-dune-commune-franco-suisse-depuis-450-ans\/","og_site_name":"Journal de B\u00e2le et Gen\u00e8ve","article_published_time":"2019-04-28T21:32:26+00:00","article_modified_time":"2019-05-02T14:53:04+00:00","og_image":[{"width":900,"height":484,"url":"https:\/\/bale.ch\/journal\/wp-content\/uploads\/2019\/04\/saint-gingolph_amitie.jpg","type":"image\/jpeg"}],"author":"Alban Lavy","twitter_card":"summary_large_image","twitter_misc":{"\u00c9crit par":"Alban Lavy","Dur\u00e9e de lecture estim\u00e9e":"4 minutes"},"schema":{"@context":"https:\/\/schema.org","@graph":[{"@type":"Article","@id":"https:\/\/bale.ch\/journal\/histoire-reecrite-a-saint-gingolph-le-mythe-dune-commune-franco-suisse-depuis-450-ans\/#article","isPartOf":{"@id":"https:\/\/bale.ch\/journal\/histoire-reecrite-a-saint-gingolph-le-mythe-dune-commune-franco-suisse-depuis-450-ans\/"},"author":{"name":"Alban Lavy","@id":"https:\/\/bale.ch\/journal\/#\/schema\/person\/41bc7f908af0ffea5e38b8c5702e5626"},"headline":"Pol\u00e9mique historique \u00e0 Saint-Gingolph pour \u00ab\u00a0450 ans d&rsquo;amiti\u00e9 franco-suisse\u00a0\u00bb","datePublished":"2019-04-28T21:32:26+00:00","dateModified":"2019-05-02T14:53:04+00:00","mainEntityOfPage":{"@id":"https:\/\/bale.ch\/journal\/histoire-reecrite-a-saint-gingolph-le-mythe-dune-commune-franco-suisse-depuis-450-ans\/"},"wordCount":838,"publisher":{"@id":"https:\/\/bale.ch\/journal\/#organization"},"image":{"@id":"https:\/\/bale.ch\/journal\/histoire-reecrite-a-saint-gingolph-le-mythe-dune-commune-franco-suisse-depuis-450-ans\/#primaryimage"},"thumbnailUrl":"https:\/\/bale.ch\/journal\/wp-content\/uploads\/2019\/04\/saint-gingolph_amitie.jpg","keywords":["Chablais","France","Haute-Savoie","Histoire","Saint-Gingolph","Suisse","Valais"],"articleSection":["Actualit\u00e9s","Suisse"],"inLanguage":"fr-FR"},{"@type":"WebPage","@id":"https:\/\/bale.ch\/journal\/histoire-reecrite-a-saint-gingolph-le-mythe-dune-commune-franco-suisse-depuis-450-ans\/","url":"https:\/\/bale.ch\/journal\/histoire-reecrite-a-saint-gingolph-le-mythe-dune-commune-franco-suisse-depuis-450-ans\/","name":"Pol\u00e9mique historique \u00e0 Saint-Gingolph pour \"450 ans d'amiti\u00e9 franco-suisse\" - Journal de B\u00e2le et Gen\u00e8ve","isPartOf":{"@id":"https:\/\/bale.ch\/journal\/#website"},"primaryImageOfPage":{"@id":"https:\/\/bale.ch\/journal\/histoire-reecrite-a-saint-gingolph-le-mythe-dune-commune-franco-suisse-depuis-450-ans\/#primaryimage"},"image":{"@id":"https:\/\/bale.ch\/journal\/histoire-reecrite-a-saint-gingolph-le-mythe-dune-commune-franco-suisse-depuis-450-ans\/#primaryimage"},"thumbnailUrl":"https:\/\/bale.ch\/journal\/wp-content\/uploads\/2019\/04\/saint-gingolph_amitie.jpg","datePublished":"2019-04-28T21:32:26+00:00","dateModified":"2019-05-02T14:53:04+00:00","breadcrumb":{"@id":"https:\/\/bale.ch\/journal\/histoire-reecrite-a-saint-gingolph-le-mythe-dune-commune-franco-suisse-depuis-450-ans\/#breadcrumb"},"inLanguage":"fr-FR","potentialAction":[{"@type":"ReadAction","target":["https:\/\/bale.ch\/journal\/histoire-reecrite-a-saint-gingolph-le-mythe-dune-commune-franco-suisse-depuis-450-ans\/"]}]},{"@type":"ImageObject","inLanguage":"fr-FR","@id":"https:\/\/bale.ch\/journal\/histoire-reecrite-a-saint-gingolph-le-mythe-dune-commune-franco-suisse-depuis-450-ans\/#primaryimage","url":"https:\/\/bale.ch\/journal\/wp-content\/uploads\/2019\/04\/saint-gingolph_amitie.jpg","contentUrl":"https:\/\/bale.ch\/journal\/wp-content\/uploads\/2019\/04\/saint-gingolph_amitie.jpg","width":900,"height":484},{"@type":"BreadcrumbList","@id":"https:\/\/bale.ch\/journal\/histoire-reecrite-a-saint-gingolph-le-mythe-dune-commune-franco-suisse-depuis-450-ans\/#breadcrumb","itemListElement":[{"@type":"ListItem","position":1,"name":"Accueil","item":"https:\/\/bale.ch\/journal\/"},{"@type":"ListItem","position":2,"name":"Pol\u00e9mique historique \u00e0 Saint-Gingolph pour \u00ab\u00a0450 ans d&rsquo;amiti\u00e9 franco-suisse\u00a0\u00bb"}]},{"@type":"WebSite","@id":"https:\/\/bale.ch\/journal\/#website","url":"https:\/\/bale.ch\/journal\/","name":"Journal de B\u00e2le et Gen\u00e8ve","description":"M\u00e9dia transfrontalier d&#039;actualit\u00e9s - News","publisher":{"@id":"https:\/\/bale.ch\/journal\/#organization"},"potentialAction":[{"@type":"SearchAction","target":{"@type":"EntryPoint","urlTemplate":"https:\/\/bale.ch\/journal\/?s={search_term_string}"},"query-input":{"@type":"PropertyValueSpecification","valueRequired":true,"valueName":"search_term_string"}}],"inLanguage":"fr-FR"},{"@type":"Organization","@id":"https:\/\/bale.ch\/journal\/#organization","name":"Journal de B\u00e2le et Gen\u00e8ve","url":"https:\/\/bale.ch\/journal\/","logo":{"@type":"ImageObject","inLanguage":"fr-FR","@id":"https:\/\/bale.ch\/journal\/#\/schema\/logo\/image\/","url":"https:\/\/bale.ch\/journal\/wp-content\/uploads\/2023\/07\/journaldebale_logo_2023_nb.png","contentUrl":"https:\/\/bale.ch\/journal\/wp-content\/uploads\/2023\/07\/journaldebale_logo_2023_nb.png","width":371,"height":127,"caption":"Journal de B\u00e2le et Gen\u00e8ve"},"image":{"@id":"https:\/\/bale.ch\/journal\/#\/schema\/logo\/image\/"}},{"@type":"Person","@id":"https:\/\/bale.ch\/journal\/#\/schema\/person\/41bc7f908af0ffea5e38b8c5702e5626","name":"Alban Lavy","image":{"@type":"ImageObject","inLanguage":"fr-FR","@id":"https:\/\/secure.gravatar.com\/avatar\/4978c5bb7295400e15bebf9881bc4db7866592bc59ffa2f62511214a10f68804?s=96&d=mm&r=g","url":"https:\/\/secure.gravatar.com\/avatar\/4978c5bb7295400e15bebf9881bc4db7866592bc59ffa2f62511214a10f68804?s=96&d=mm&r=g","contentUrl":"https:\/\/secure.gravatar.com\/avatar\/4978c5bb7295400e15bebf9881bc4db7866592bc59ffa2f62511214a10f68804?s=96&d=mm&r=g","caption":"Alban Lavy"},"sameAs":["http:\/\/bale.ch\/administration\/zeitung\/albanlavy\/"],"url":"https:\/\/bale.ch\/journal\/author\/lavy\/"}]}},"_links":{"self":[{"href":"https:\/\/bale.ch\/journal\/wp-json\/wp\/v2\/posts\/2231","targetHints":{"allow":["GET"]}}],"collection":[{"href":"https:\/\/bale.ch\/journal\/wp-json\/wp\/v2\/posts"}],"about":[{"href":"https:\/\/bale.ch\/journal\/wp-json\/wp\/v2\/types\/post"}],"author":[{"embeddable":true,"href":"https:\/\/bale.ch\/journal\/wp-json\/wp\/v2\/users\/3"}],"replies":[{"embeddable":true,"href":"https:\/\/bale.ch\/journal\/wp-json\/wp\/v2\/comments?post=2231"}],"version-history":[{"count":15,"href":"https:\/\/bale.ch\/journal\/wp-json\/wp\/v2\/posts\/2231\/revisions"}],"predecessor-version":[{"id":2248,"href":"https:\/\/bale.ch\/journal\/wp-json\/wp\/v2\/posts\/2231\/revisions\/2248"}],"wp:attachment":[{"href":"https:\/\/bale.ch\/journal\/wp-json\/wp\/v2\/media?parent=2231"}],"wp:term":[{"taxonomy":"category","embeddable":true,"href":"https:\/\/bale.ch\/journal\/wp-json\/wp\/v2\/categories?post=2231"},{"taxonomy":"post_tag","embeddable":true,"href":"https:\/\/bale.ch\/journal\/wp-json\/wp\/v2\/tags?post=2231"}],"curies":[{"name":"wp","href":"https:\/\/api.w.org\/{rel}","templated":true}]}}