{"id":2250,"date":"2019-06-10T19:58:21","date_gmt":"2019-06-10T19:58:21","guid":{"rendered":"http:\/\/bale.ch\/journal\/?p=2250"},"modified":"2019-06-14T09:30:28","modified_gmt":"2019-06-14T09:30:28","slug":"8e-continent-plastique-lac-leman","status":"publish","type":"post","link":"https:\/\/bale.ch\/journal\/8e-continent-plastique-lac-leman\/","title":{"rendered":"Comme les oc\u00e9ans, le lac L\u00e9man est infest\u00e9 de plastique"},"content":{"rendered":"<p><strong>Pour la premi\u00e8re fois, une analyse chimique des plastiques collect\u00e9s sur les plages du lac L\u00e9man a \u00e9t\u00e9 effectu\u00e9e par des chercheurs de l\u2019Universit\u00e9 de Gen\u00e8ve (UNIGE) et de l\u2019Universit\u00e9 de Plymouth. Celle-ci r\u00e9v\u00e8le la pr\u00e9sence de cadmium, de mercure et de plomb \u2013 parfois \u00e0 des concentrations tr\u00e8s \u00e9lev\u00e9es \u2013 d\u00e9passant le maximum autoris\u00e9 par la l\u00e9gislation europ\u00e9enne. L\u2019abondance des produits chimiques toxiques, maintenant restreints ou interdits dans la production de plastique, refl\u00e8te l\u2019\u00e2ge de la liti\u00e8re plastique. Cette \u00e9tude, \u2013 l\u2019une des rares \u00e0 examiner les plastiques dans les lacs d\u2019eau douce \u2013, indique que comme les oc\u00e9ans, les habitats d\u2019eau douce sont \u00e9galement affect\u00e9s par la pollution plastique.<\/strong><!--more--><\/p>\n<p>Afin d\u2019\u00e9valuer l\u2019impact des d\u00e9bris plastiques sur la faune et la flore, notamment par la toxicit\u00e9 des produits chimiques qu\u2019ils contiennent, une \u00e9tude s\u2019est pench\u00e9e sur une collecte de plastique effectu\u00e9e sur les rives du L\u00e9man en mars 2016.<\/p>\n<p>\u00abLes d\u00e9bris de plastique dans les lacs d\u2019eau douce sont susceptibles de poser les m\u00eames probl\u00e8mes \u00e0 la faune que les plastiques marins. \u00c0 cet \u00e9gard, l\u2019enchev\u00eatrement et l\u2019ingestion sont les plus pr\u00e9occupants\u00bb, explique Monteserrat Filella, chercheuse au D\u00e9partement F.-A. Forel de la Facult\u00e9 des sciences de l\u2019UNIGE. \u00abLes produits chimiques dangereux que nous trouvons associ\u00e9s \u00e0 ces plastiques sont \u00e9galement pr\u00e9occupants. Quand ils sont mang\u00e9s par les animaux, les conditions acides et riches en enzymes de l\u2019estomac peuvent acc\u00e9l\u00e9rer la vitesse \u00e0 laquelle ces toxines sont lib\u00e9r\u00e9es dans le corps, affectant les animaux concern\u00e9s.\u00bb<\/p><div id=\"crieu-719998871\" class=\"crieu-content crieu-entity-placement\"><script async src=\"\/\/pagead2.googlesyndication.com\/pagead\/js\/adsbygoogle.js?client=ca-pub-5271584769416742\" crossorigin=\"anonymous\"><\/script><ins class=\"adsbygoogle\" style=\"display:block;\" data-ad-client=\"ca-pub-5271584769416742\" \ndata-ad-slot=\"9321250718\" \ndata-ad-format=\"auto\"><\/ins>\n<script> \n(adsbygoogle = window.adsbygoogle || []).push({}); \n<\/script>\n<\/div>\n<h4><strong>A chaque \u00e9tendue d\u2019eau, sa pollution<\/strong><\/h4>\n<p>Les chercheurs de l\u2019UNIGE ont collect\u00e9 des d\u00e9chets sur douze plages de galets diff\u00e9rentes autour du lac L\u00e9man, l\u2019une des plus grandes \u00e9tendues d\u2019eau douce d\u2019Europe occidentale. Ils y ont trouv\u00e9 plus de 3000 d\u00e9bris de plastique contenant des objets identifiables (jouets, stylos, cotons-tiges, tuyauterie, cache-pots, emballages alimentaires) et des fragments de plastique, y compris de la mousse expans\u00e9e et du polystyr\u00e8ne.<\/p>\n<p>\u00abUne grande partie du plastique \u00e9tait similaire \u00e0 celle que l\u2019on trouve sur les plages marines, telles que les bouteilles, les pailles et le polystyr\u00e8ne, explique Montserrat Filella. En revanche, il y avait une absence de granul\u00e9s utilis\u00e9s comme base pour la production de plastique et une plus faible incidence de fibres filamenteuses en plastique provenant de la p\u00eache commerciale, comme la corde, le filet et le cordon.\u00bb L\u2019absence de ces \u00e9l\u00e9ments, souvent dominants sur les plages marines, peut \u00eatre attribu\u00e9e aux diff\u00e9rences dans l\u2019utilisation du milieu marin et du lac L\u00e9man.<\/p>\n<figure id=\"attachment_2252\" aria-describedby=\"caption-attachment-2252\" style=\"width: 750px\" class=\"wp-caption alignnone\"><img loading=\"lazy\" decoding=\"async\" class=\"wp-image-2252 size-full\" src=\"https:\/\/bale.ch\/journal\/wp-content\/uploads\/2019\/06\/unige_platique.jpg\" alt=\"\" width=\"750\" height=\"329\" srcset=\"https:\/\/bale.ch\/journal\/wp-content\/uploads\/2019\/06\/unige_platique.jpg 750w, https:\/\/bale.ch\/journal\/wp-content\/uploads\/2019\/06\/unige_platique-300x132.jpg 300w\" sizes=\"auto, (max-width: 750px) 100vw, 750px\" \/><figcaption id=\"caption-attachment-2252\" class=\"wp-caption-text\">Plastiques r\u00e9colt\u00e9s sur la plage de la Maladaire du lac L\u00e9man en mars 2016. \u00a9 UNIGE<\/figcaption><\/figure>\n<h4><strong>L\u2019analyse chimique r\u00e9v\u00e8le de dangereux produits<\/strong><\/h4>\n<p>Plus de 600 des articles en plastique collect\u00e9s repr\u00e9sentant les diff\u00e9rents types de d\u00e9chets trouv\u00e9s ont ensuite \u00e9t\u00e9 analys\u00e9s pour la recherche des toxines en utilisant la fluorescence X. Cette technique, non destructive, permet de d\u00e9terminer la composition chimique des mat\u00e9riaux.<\/p>\n<p>\u00ab\u00a0Nous avons d\u00e9tect\u00e9 la pr\u00e9sence fr\u00e9quente d\u2019\u00e9l\u00e9ments dangereux, tels que le brome, le cadmium, le mercure et le plomb, dans des concentrations tr\u00e8s \u00e9lev\u00e9es dans certains cas\u00a0\u00bb, explique Andrew Turner, professeur agr\u00e9g\u00e9 en sciences de l\u2019environnement \u00e0 l\u2019Universit\u00e9 de Plymouth. L\u2019abondance de ces \u00e9l\u00e9ments toxiques, qui sont maintenant restreints ou interdits, refl\u00e8te combien de temps le plastique a \u00e9t\u00e9 dans le lac. \u00ab\u00a0Par exemple, le mercure est un m\u00e9tal qui, \u00e0 notre connaissance, n\u2019a pas \u00e9t\u00e9 utilis\u00e9 dans les plastiques depuis des d\u00e9cennies\u00a0\u00bb, compl\u00e8te-t-il. Le brome, pr\u00e9sent dans les compos\u00e9s utilis\u00e9s dans les retardateurs de flamme, \u00e9tait \u00e9galement au-dessus du niveau maximal autoris\u00e9 par la directive RoHS (Restriction of Hazardous Substances \u2013 une directive de l\u2019Union europ\u00e9enne) dans 19 articles en plastique. Des niveaux \u00e9lev\u00e9s de cadmium, associ\u00e9s \u00e0 des couleurs vives, \u00e9taient pr\u00e9sents dans 57 articles. Le mercure a \u00e9t\u00e9 trouv\u00e9 dans des articles en plastique qui \u00e9taient rouges ou brun rouge\u00e2tre, sugg\u00e9rant son utilisation comme pigmentation \u2013 un processus qui aurait pris fin dans les ann\u00e9es 1950. Enfin le plomb, utilis\u00e9 pour stabiliser ou colorer les plastiques, \u00e9tait pr\u00e9sent dans pr\u00e8s d\u2019un quart des articles analys\u00e9s, 65 d\u2019entre eux d\u00e9passant les niveaux de RoHS.<\/p>\n<p>Les syst\u00e8mes d\u2019eau douce ont \u00e9t\u00e9 largement n\u00e9glig\u00e9s en ce qui concerne l\u2019impact du plastique. La plupart des \u00e9tudes se sont jusqu\u2019\u00e0 pr\u00e9sent concentr\u00e9es sur les oc\u00e9ans. \u00abC\u2019est l\u2019une des rares \u00e9tudes sur les plastiques dans les lacs, et la premi\u00e8re du genre \u00e0 \u00eatre r\u00e9alis\u00e9e dans le lac L\u00e9man\u00bb, explique Andrew Turner. Montserrat Filella ajoute: \u00ab\u00a0Les impacts des \u00e9l\u00e9ments toxiques li\u00e9s au plastique sur la faune lacustre sont actuellement inconnus, mais devraient former la base de recherches futures.\u00a0\u00bb<\/p>\n<div id=\"crieu-871877162\" class=\"crieu-apres-le-contenu crieu-entity-placement\" style=\"margin-left: auto;margin-right: auto;text-align: center;\"><script async src=\"\/\/pagead2.googlesyndication.com\/pagead\/js\/adsbygoogle.js?client=ca-pub-5271584769416742\" crossorigin=\"anonymous\"><\/script><ins class=\"adsbygoogle\" style=\"display:block;\" data-ad-client=\"ca-pub-5271584769416742\" \ndata-ad-slot=\"9321250718\" \ndata-ad-format=\"auto\"><\/ins>\n<script> \n(adsbygoogle = window.adsbygoogle || []).push({}); \n<\/script>\n<\/div>","protected":false},"excerpt":{"rendered":"<p>Pour la premi\u00e8re fois, une analyse chimique des plastiques collect\u00e9s sur les plages du lac L\u00e9man a \u00e9t\u00e9 effectu\u00e9e par des chercheurs de l\u2019Universit\u00e9 de Gen\u00e8ve (UNIGE) et de l\u2019Universit\u00e9 <a href=\"https:\/\/bale.ch\/journal\/8e-continent-plastique-lac-leman\/\" class=\"read-more button-fancy -red\"><span class=\"btn-arrow\"><\/span><span class=\"twp-read-more text\">Continuer la lecture<\/span><\/a><\/p>\n","protected":false},"author":2,"featured_media":2251,"comment_status":"closed","ping_status":"closed","sticky":false,"template":"","format":"standard","meta":{"footnotes":""},"categories":[103,143,12,8],"tags":[140,73,158,159,106,85],"class_list":["post-2250","post","type-post","status-publish","format-standard","has-post-thumbnail","hentry","category-actu","category-ecologie","category-societe","category-suisse","tag-environnement","tag-haute-savoie","tag-lac-leman","tag-plastique","tag-suisse","tag-universite-de-geneve"],"yoast_head":"<!-- This site is optimized with the Yoast SEO plugin v28.3 - https:\/\/yoast.com\/product\/yoast-seo-wordpress\/ -->\n<title>Comme les oc\u00e9ans, le lac L\u00e9man est infest\u00e9 de plastique - Journal de B\u00e2le et Gen\u00e8ve<\/title>\n<meta name=\"robots\" content=\"index, follow, max-snippet:-1, max-image-preview:large, max-video-preview:-1\" \/>\n<link rel=\"canonical\" href=\"https:\/\/bale.ch\/journal\/8e-continent-plastique-lac-leman\/\" \/>\n<meta property=\"og:locale\" content=\"fr_FR\" \/>\n<meta property=\"og:type\" content=\"article\" \/>\n<meta property=\"og:title\" content=\"Comme les oc\u00e9ans, le lac L\u00e9man est infest\u00e9 de plastique - Journal de B\u00e2le et Gen\u00e8ve\" \/>\n<meta property=\"og:description\" content=\"Pour la premi\u00e8re fois, une analyse chimique des plastiques collect\u00e9s sur les plages du lac L\u00e9man a \u00e9t\u00e9 effectu\u00e9e par des chercheurs de l\u2019Universit\u00e9 de Gen\u00e8ve (UNIGE) et de l\u2019Universit\u00e9 Continuer la lecture\" \/>\n<meta property=\"og:url\" content=\"https:\/\/bale.ch\/journal\/8e-continent-plastique-lac-leman\/\" \/>\n<meta property=\"og:site_name\" content=\"Journal de B\u00e2le et Gen\u00e8ve\" \/>\n<meta property=\"article:published_time\" content=\"2019-06-10T19:58:21+00:00\" \/>\n<meta property=\"article:modified_time\" content=\"2019-06-14T09:30:28+00:00\" \/>\n<meta property=\"og:image\" content=\"https:\/\/bale.ch\/journal\/wp-content\/uploads\/2019\/06\/lac_leman_plastique_genfersee_plastik_pollue_contamine.jpg\" \/>\n\t<meta property=\"og:image:width\" content=\"900\" \/>\n\t<meta property=\"og:image:height\" content=\"484\" \/>\n\t<meta property=\"og:image:type\" content=\"image\/jpeg\" \/>\n<meta name=\"author\" content=\"La R\u00e9daction\" \/>\n<meta name=\"twitter:card\" content=\"summary_large_image\" \/>\n<meta name=\"twitter:label1\" content=\"\u00c9crit par\" \/>\n\t<meta name=\"twitter:data1\" content=\"La R\u00e9daction\" \/>\n\t<meta name=\"twitter:label2\" content=\"Dur\u00e9e de lecture estim\u00e9e\" \/>\n\t<meta name=\"twitter:data2\" content=\"4 minutes\" \/>\n<script type=\"application\/ld+json\" class=\"yoast-schema-graph\">{\"@context\":\"https:\\\/\\\/schema.org\",\"@graph\":[{\"@type\":\"Article\",\"@id\":\"https:\\\/\\\/bale.ch\\\/journal\\\/8e-continent-plastique-lac-leman\\\/#article\",\"isPartOf\":{\"@id\":\"https:\\\/\\\/bale.ch\\\/journal\\\/8e-continent-plastique-lac-leman\\\/\"},\"author\":{\"name\":\"La R\u00e9daction\",\"@id\":\"https:\\\/\\\/bale.ch\\\/journal\\\/#\\\/schema\\\/person\\\/03ced978db3b7a5274c5cef003f352f5\"},\"headline\":\"Comme les oc\u00e9ans, le lac L\u00e9man est infest\u00e9 de plastique\",\"datePublished\":\"2019-06-10T19:58:21+00:00\",\"dateModified\":\"2019-06-14T09:30:28+00:00\",\"mainEntityOfPage\":{\"@id\":\"https:\\\/\\\/bale.ch\\\/journal\\\/8e-continent-plastique-lac-leman\\\/\"},\"wordCount\":874,\"publisher\":{\"@id\":\"https:\\\/\\\/bale.ch\\\/journal\\\/#organization\"},\"image\":{\"@id\":\"https:\\\/\\\/bale.ch\\\/journal\\\/8e-continent-plastique-lac-leman\\\/#primaryimage\"},\"thumbnailUrl\":\"https:\\\/\\\/bale.ch\\\/journal\\\/wp-content\\\/uploads\\\/2019\\\/06\\\/lac_leman_plastique_genfersee_plastik_pollue_contamine.jpg\",\"keywords\":[\"Environnement\",\"Haute-Savoie\",\"lac l\u00e9man\",\"Plastique\",\"Suisse\",\"Universit\u00e9 de Gen\u00e8ve\"],\"articleSection\":[\"Actualit\u00e9s\",\"Ecologie\",\"Soci\u00e9t\u00e9\",\"Suisse\"],\"inLanguage\":\"fr-FR\"},{\"@type\":\"WebPage\",\"@id\":\"https:\\\/\\\/bale.ch\\\/journal\\\/8e-continent-plastique-lac-leman\\\/\",\"url\":\"https:\\\/\\\/bale.ch\\\/journal\\\/8e-continent-plastique-lac-leman\\\/\",\"name\":\"Comme les oc\u00e9ans, le lac L\u00e9man est infest\u00e9 de plastique - Journal de B\u00e2le et Gen\u00e8ve\",\"isPartOf\":{\"@id\":\"https:\\\/\\\/bale.ch\\\/journal\\\/#website\"},\"primaryImageOfPage\":{\"@id\":\"https:\\\/\\\/bale.ch\\\/journal\\\/8e-continent-plastique-lac-leman\\\/#primaryimage\"},\"image\":{\"@id\":\"https:\\\/\\\/bale.ch\\\/journal\\\/8e-continent-plastique-lac-leman\\\/#primaryimage\"},\"thumbnailUrl\":\"https:\\\/\\\/bale.ch\\\/journal\\\/wp-content\\\/uploads\\\/2019\\\/06\\\/lac_leman_plastique_genfersee_plastik_pollue_contamine.jpg\",\"datePublished\":\"2019-06-10T19:58:21+00:00\",\"dateModified\":\"2019-06-14T09:30:28+00:00\",\"breadcrumb\":{\"@id\":\"https:\\\/\\\/bale.ch\\\/journal\\\/8e-continent-plastique-lac-leman\\\/#breadcrumb\"},\"inLanguage\":\"fr-FR\",\"potentialAction\":[{\"@type\":\"ReadAction\",\"target\":[\"https:\\\/\\\/bale.ch\\\/journal\\\/8e-continent-plastique-lac-leman\\\/\"]}]},{\"@type\":\"ImageObject\",\"inLanguage\":\"fr-FR\",\"@id\":\"https:\\\/\\\/bale.ch\\\/journal\\\/8e-continent-plastique-lac-leman\\\/#primaryimage\",\"url\":\"https:\\\/\\\/bale.ch\\\/journal\\\/wp-content\\\/uploads\\\/2019\\\/06\\\/lac_leman_plastique_genfersee_plastik_pollue_contamine.jpg\",\"contentUrl\":\"https:\\\/\\\/bale.ch\\\/journal\\\/wp-content\\\/uploads\\\/2019\\\/06\\\/lac_leman_plastique_genfersee_plastik_pollue_contamine.jpg\",\"width\":900,\"height\":484},{\"@type\":\"BreadcrumbList\",\"@id\":\"https:\\\/\\\/bale.ch\\\/journal\\\/8e-continent-plastique-lac-leman\\\/#breadcrumb\",\"itemListElement\":[{\"@type\":\"ListItem\",\"position\":1,\"name\":\"Accueil\",\"item\":\"https:\\\/\\\/bale.ch\\\/journal\\\/\"},{\"@type\":\"ListItem\",\"position\":2,\"name\":\"Comme les oc\u00e9ans, le lac L\u00e9man est infest\u00e9 de plastique\"}]},{\"@type\":\"WebSite\",\"@id\":\"https:\\\/\\\/bale.ch\\\/journal\\\/#website\",\"url\":\"https:\\\/\\\/bale.ch\\\/journal\\\/\",\"name\":\"Journal de B\u00e2le et Gen\u00e8ve\",\"description\":\"M\u00e9dia transfrontalier d&#039;actualit\u00e9s - News\",\"publisher\":{\"@id\":\"https:\\\/\\\/bale.ch\\\/journal\\\/#organization\"},\"potentialAction\":[{\"@type\":\"SearchAction\",\"target\":{\"@type\":\"EntryPoint\",\"urlTemplate\":\"https:\\\/\\\/bale.ch\\\/journal\\\/?s={search_term_string}\"},\"query-input\":{\"@type\":\"PropertyValueSpecification\",\"valueRequired\":true,\"valueName\":\"search_term_string\"}}],\"inLanguage\":\"fr-FR\"},{\"@type\":\"Organization\",\"@id\":\"https:\\\/\\\/bale.ch\\\/journal\\\/#organization\",\"name\":\"Journal de B\u00e2le et Gen\u00e8ve\",\"url\":\"https:\\\/\\\/bale.ch\\\/journal\\\/\",\"logo\":{\"@type\":\"ImageObject\",\"inLanguage\":\"fr-FR\",\"@id\":\"https:\\\/\\\/bale.ch\\\/journal\\\/#\\\/schema\\\/logo\\\/image\\\/\",\"url\":\"https:\\\/\\\/bale.ch\\\/journal\\\/wp-content\\\/uploads\\\/2023\\\/07\\\/journaldebale_logo_2023_nb.png\",\"contentUrl\":\"https:\\\/\\\/bale.ch\\\/journal\\\/wp-content\\\/uploads\\\/2023\\\/07\\\/journaldebale_logo_2023_nb.png\",\"width\":371,\"height\":127,\"caption\":\"Journal de B\u00e2le et Gen\u00e8ve\"},\"image\":{\"@id\":\"https:\\\/\\\/bale.ch\\\/journal\\\/#\\\/schema\\\/logo\\\/image\\\/\"}},{\"@type\":\"Person\",\"@id\":\"https:\\\/\\\/bale.ch\\\/journal\\\/#\\\/schema\\\/person\\\/03ced978db3b7a5274c5cef003f352f5\",\"name\":\"La R\u00e9daction\",\"image\":{\"@type\":\"ImageObject\",\"inLanguage\":\"fr-FR\",\"@id\":\"https:\\\/\\\/secure.gravatar.com\\\/avatar\\\/d1327e2ce8d2b860112f968a3f34686c9bdda7a463a1502cdd1070ac9d88cf1e?s=96&d=mm&r=g\",\"url\":\"https:\\\/\\\/secure.gravatar.com\\\/avatar\\\/d1327e2ce8d2b860112f968a3f34686c9bdda7a463a1502cdd1070ac9d88cf1e?s=96&d=mm&r=g\",\"contentUrl\":\"https:\\\/\\\/secure.gravatar.com\\\/avatar\\\/d1327e2ce8d2b860112f968a3f34686c9bdda7a463a1502cdd1070ac9d88cf1e?s=96&d=mm&r=g\",\"caption\":\"La R\u00e9daction\"},\"url\":\"https:\\\/\\\/bale.ch\\\/journal\\\/author\\\/laredaction\\\/\"}]}<\/script>\n<!-- \/ Yoast SEO plugin. -->","yoast_head_json":{"title":"Comme les oc\u00e9ans, le lac L\u00e9man est infest\u00e9 de plastique - Journal de B\u00e2le et Gen\u00e8ve","robots":{"index":"index","follow":"follow","max-snippet":"max-snippet:-1","max-image-preview":"max-image-preview:large","max-video-preview":"max-video-preview:-1"},"canonical":"https:\/\/bale.ch\/journal\/8e-continent-plastique-lac-leman\/","og_locale":"fr_FR","og_type":"article","og_title":"Comme les oc\u00e9ans, le lac L\u00e9man est infest\u00e9 de plastique - Journal de B\u00e2le et Gen\u00e8ve","og_description":"Pour la premi\u00e8re fois, une analyse chimique des plastiques collect\u00e9s sur les plages du lac L\u00e9man a \u00e9t\u00e9 effectu\u00e9e par des chercheurs de l\u2019Universit\u00e9 de Gen\u00e8ve (UNIGE) et de l\u2019Universit\u00e9 Continuer la lecture","og_url":"https:\/\/bale.ch\/journal\/8e-continent-plastique-lac-leman\/","og_site_name":"Journal de B\u00e2le et Gen\u00e8ve","article_published_time":"2019-06-10T19:58:21+00:00","article_modified_time":"2019-06-14T09:30:28+00:00","og_image":[{"width":900,"height":484,"url":"https:\/\/bale.ch\/journal\/wp-content\/uploads\/2019\/06\/lac_leman_plastique_genfersee_plastik_pollue_contamine.jpg","type":"image\/jpeg"}],"author":"La R\u00e9daction","twitter_card":"summary_large_image","twitter_misc":{"\u00c9crit par":"La R\u00e9daction","Dur\u00e9e de lecture estim\u00e9e":"4 minutes"},"schema":{"@context":"https:\/\/schema.org","@graph":[{"@type":"Article","@id":"https:\/\/bale.ch\/journal\/8e-continent-plastique-lac-leman\/#article","isPartOf":{"@id":"https:\/\/bale.ch\/journal\/8e-continent-plastique-lac-leman\/"},"author":{"name":"La R\u00e9daction","@id":"https:\/\/bale.ch\/journal\/#\/schema\/person\/03ced978db3b7a5274c5cef003f352f5"},"headline":"Comme les oc\u00e9ans, le lac L\u00e9man est infest\u00e9 de plastique","datePublished":"2019-06-10T19:58:21+00:00","dateModified":"2019-06-14T09:30:28+00:00","mainEntityOfPage":{"@id":"https:\/\/bale.ch\/journal\/8e-continent-plastique-lac-leman\/"},"wordCount":874,"publisher":{"@id":"https:\/\/bale.ch\/journal\/#organization"},"image":{"@id":"https:\/\/bale.ch\/journal\/8e-continent-plastique-lac-leman\/#primaryimage"},"thumbnailUrl":"https:\/\/bale.ch\/journal\/wp-content\/uploads\/2019\/06\/lac_leman_plastique_genfersee_plastik_pollue_contamine.jpg","keywords":["Environnement","Haute-Savoie","lac l\u00e9man","Plastique","Suisse","Universit\u00e9 de Gen\u00e8ve"],"articleSection":["Actualit\u00e9s","Ecologie","Soci\u00e9t\u00e9","Suisse"],"inLanguage":"fr-FR"},{"@type":"WebPage","@id":"https:\/\/bale.ch\/journal\/8e-continent-plastique-lac-leman\/","url":"https:\/\/bale.ch\/journal\/8e-continent-plastique-lac-leman\/","name":"Comme les oc\u00e9ans, le lac L\u00e9man est infest\u00e9 de plastique - Journal de B\u00e2le et Gen\u00e8ve","isPartOf":{"@id":"https:\/\/bale.ch\/journal\/#website"},"primaryImageOfPage":{"@id":"https:\/\/bale.ch\/journal\/8e-continent-plastique-lac-leman\/#primaryimage"},"image":{"@id":"https:\/\/bale.ch\/journal\/8e-continent-plastique-lac-leman\/#primaryimage"},"thumbnailUrl":"https:\/\/bale.ch\/journal\/wp-content\/uploads\/2019\/06\/lac_leman_plastique_genfersee_plastik_pollue_contamine.jpg","datePublished":"2019-06-10T19:58:21+00:00","dateModified":"2019-06-14T09:30:28+00:00","breadcrumb":{"@id":"https:\/\/bale.ch\/journal\/8e-continent-plastique-lac-leman\/#breadcrumb"},"inLanguage":"fr-FR","potentialAction":[{"@type":"ReadAction","target":["https:\/\/bale.ch\/journal\/8e-continent-plastique-lac-leman\/"]}]},{"@type":"ImageObject","inLanguage":"fr-FR","@id":"https:\/\/bale.ch\/journal\/8e-continent-plastique-lac-leman\/#primaryimage","url":"https:\/\/bale.ch\/journal\/wp-content\/uploads\/2019\/06\/lac_leman_plastique_genfersee_plastik_pollue_contamine.jpg","contentUrl":"https:\/\/bale.ch\/journal\/wp-content\/uploads\/2019\/06\/lac_leman_plastique_genfersee_plastik_pollue_contamine.jpg","width":900,"height":484},{"@type":"BreadcrumbList","@id":"https:\/\/bale.ch\/journal\/8e-continent-plastique-lac-leman\/#breadcrumb","itemListElement":[{"@type":"ListItem","position":1,"name":"Accueil","item":"https:\/\/bale.ch\/journal\/"},{"@type":"ListItem","position":2,"name":"Comme les oc\u00e9ans, le lac L\u00e9man est infest\u00e9 de plastique"}]},{"@type":"WebSite","@id":"https:\/\/bale.ch\/journal\/#website","url":"https:\/\/bale.ch\/journal\/","name":"Journal de B\u00e2le et Gen\u00e8ve","description":"M\u00e9dia transfrontalier d&#039;actualit\u00e9s - News","publisher":{"@id":"https:\/\/bale.ch\/journal\/#organization"},"potentialAction":[{"@type":"SearchAction","target":{"@type":"EntryPoint","urlTemplate":"https:\/\/bale.ch\/journal\/?s={search_term_string}"},"query-input":{"@type":"PropertyValueSpecification","valueRequired":true,"valueName":"search_term_string"}}],"inLanguage":"fr-FR"},{"@type":"Organization","@id":"https:\/\/bale.ch\/journal\/#organization","name":"Journal de B\u00e2le et Gen\u00e8ve","url":"https:\/\/bale.ch\/journal\/","logo":{"@type":"ImageObject","inLanguage":"fr-FR","@id":"https:\/\/bale.ch\/journal\/#\/schema\/logo\/image\/","url":"https:\/\/bale.ch\/journal\/wp-content\/uploads\/2023\/07\/journaldebale_logo_2023_nb.png","contentUrl":"https:\/\/bale.ch\/journal\/wp-content\/uploads\/2023\/07\/journaldebale_logo_2023_nb.png","width":371,"height":127,"caption":"Journal de B\u00e2le et Gen\u00e8ve"},"image":{"@id":"https:\/\/bale.ch\/journal\/#\/schema\/logo\/image\/"}},{"@type":"Person","@id":"https:\/\/bale.ch\/journal\/#\/schema\/person\/03ced978db3b7a5274c5cef003f352f5","name":"La R\u00e9daction","image":{"@type":"ImageObject","inLanguage":"fr-FR","@id":"https:\/\/secure.gravatar.com\/avatar\/d1327e2ce8d2b860112f968a3f34686c9bdda7a463a1502cdd1070ac9d88cf1e?s=96&d=mm&r=g","url":"https:\/\/secure.gravatar.com\/avatar\/d1327e2ce8d2b860112f968a3f34686c9bdda7a463a1502cdd1070ac9d88cf1e?s=96&d=mm&r=g","contentUrl":"https:\/\/secure.gravatar.com\/avatar\/d1327e2ce8d2b860112f968a3f34686c9bdda7a463a1502cdd1070ac9d88cf1e?s=96&d=mm&r=g","caption":"La R\u00e9daction"},"url":"https:\/\/bale.ch\/journal\/author\/laredaction\/"}]}},"_links":{"self":[{"href":"https:\/\/bale.ch\/journal\/wp-json\/wp\/v2\/posts\/2250","targetHints":{"allow":["GET"]}}],"collection":[{"href":"https:\/\/bale.ch\/journal\/wp-json\/wp\/v2\/posts"}],"about":[{"href":"https:\/\/bale.ch\/journal\/wp-json\/wp\/v2\/types\/post"}],"author":[{"embeddable":true,"href":"https:\/\/bale.ch\/journal\/wp-json\/wp\/v2\/users\/2"}],"replies":[{"embeddable":true,"href":"https:\/\/bale.ch\/journal\/wp-json\/wp\/v2\/comments?post=2250"}],"version-history":[{"count":7,"href":"https:\/\/bale.ch\/journal\/wp-json\/wp\/v2\/posts\/2250\/revisions"}],"predecessor-version":[{"id":2259,"href":"https:\/\/bale.ch\/journal\/wp-json\/wp\/v2\/posts\/2250\/revisions\/2259"}],"wp:featuredmedia":[{"embeddable":true,"href":"https:\/\/bale.ch\/journal\/wp-json\/wp\/v2\/media\/2251"}],"wp:attachment":[{"href":"https:\/\/bale.ch\/journal\/wp-json\/wp\/v2\/media?parent=2250"}],"wp:term":[{"taxonomy":"category","embeddable":true,"href":"https:\/\/bale.ch\/journal\/wp-json\/wp\/v2\/categories?post=2250"},{"taxonomy":"post_tag","embeddable":true,"href":"https:\/\/bale.ch\/journal\/wp-json\/wp\/v2\/tags?post=2250"}],"curies":[{"name":"wp","href":"https:\/\/api.w.org\/{rel}","templated":true}]}}