{"id":2262,"date":"2019-07-11T11:53:46","date_gmt":"2019-07-11T11:53:46","guid":{"rendered":"http:\/\/bale.ch\/journal\/?p=2262"},"modified":"2020-01-12T03:35:51","modified_gmt":"2020-01-12T03:35:51","slug":"rap-ana-tijoux-geneve-2019","status":"publish","type":"post","link":"https:\/\/bale.ch\/journal\/rap-ana-tijoux-geneve-2019\/","title":{"rendered":"Le rap politique et f\u00e9ministe chilien d&rsquo;Ana Tijoux fait vibrer Gen\u00e8ve"},"content":{"rendered":"<p><strong>M\u00e9connue en Europe &#8211; \u00e0 part peut-\u00eatre des <em>\u00e9couteurs<\/em> de l&rsquo;\u00e9mission Republik Kalakuta sur Couleur 3 ou les fans attentifs de la s\u00e9rie Breaking Bad &#8211;\u00a0 la rappeuse franco-chilienne Ana Tijoux a fait vibrer le parc de la Grange \u00e0 Gen\u00e8ve o\u00f9 elle s&rsquo;est produite dans le cadre du festival Musiques en Et\u00e9.<\/strong><\/p>\n<p><!--more--><\/p>\n<p>Sur la sc\u00e8ne Ella Fitzgerald, cette fille de chiliens exil\u00e9s en France apr\u00e8s le sanglant coup d&rsquo;Etat du 11 septembre 1973 a partag\u00e9 son rap hispanophone engag\u00e9. Ses mots tapent justes, construisent un monde de luttes latinoam\u00e9ricaines, internationalistes, f\u00e9ministes, antiraciste, et bien entendu <em>anticapitalista<\/em>.<\/p>\n<p>Au fil de ses chansons, au style vari\u00e9, elle rend hommage aux artistes qui l&rsquo;ont inspir\u00e9 comme l&rsquo;\u00e9crivain uruguayen <strong>Eduardo Galeano<\/strong>, au chanteur populaire chilien Victor Jara, qui fut tortur\u00e9 et assassin\u00e9 sous la dictature de Pinochet ou encore \u00e0 la chanteuse <strong>Violeta Parra<\/strong>.<\/p><div id=\"crieu-2166561937\" class=\"crieu-content crieu-entity-placement\"><script async src=\"\/\/pagead2.googlesyndication.com\/pagead\/js\/adsbygoogle.js?client=ca-pub-5271584769416742\" crossorigin=\"anonymous\"><\/script><ins class=\"adsbygoogle\" style=\"display:block;\" data-ad-client=\"ca-pub-5271584769416742\" \ndata-ad-slot=\"9321250718\" \ndata-ad-format=\"auto\"><\/ins>\n<script> \n(adsbygoogle = window.adsbygoogle || []).push({}); \n<\/script>\n<\/div>\n<p><iframe loading=\"lazy\" src=\"https:\/\/www.youtube.com\/embed\/csAzRdDIfPA?start=10\" width=\"560\" height=\"315\" frameborder=\"0\" allowfullscreen=\"allowfullscreen\"><\/iframe><\/p>\n<p>Le festival Musiques en \u00e9t\u00e9, gratuit, continue jusqu&rsquo;au 22 ao\u00fbt. Voir le programme sur le <a href=\"http:\/\/www.ville-ge.ch\/culture\/musiques\/\" target=\"_blank\" rel=\"noopener noreferrer\">site officiel<\/a>.<\/p>\n<h6><em>Photo:\u00a0 Sof\u00eda Dom\u00ednguez \/ Utop\u00eda 21<\/em><\/h6>\n<div id=\"crieu-66193805\" class=\"crieu-apres-le-contenu crieu-entity-placement\" style=\"margin-left: auto;margin-right: auto;text-align: center;\"><script async src=\"\/\/pagead2.googlesyndication.com\/pagead\/js\/adsbygoogle.js?client=ca-pub-5271584769416742\" crossorigin=\"anonymous\"><\/script><ins class=\"adsbygoogle\" style=\"display:block;\" data-ad-client=\"ca-pub-5271584769416742\" \ndata-ad-slot=\"9321250718\" \ndata-ad-format=\"auto\"><\/ins>\n<script> \n(adsbygoogle = window.adsbygoogle || []).push({}); \n<\/script>\n<\/div>","protected":false},"excerpt":{"rendered":"<p>M\u00e9connue en Europe &#8211; \u00e0 part peut-\u00eatre des \u00e9couteurs de l&rsquo;\u00e9mission Republik Kalakuta sur Couleur 3 ou les fans attentifs de la s\u00e9rie Breaking Bad &#8211;\u00a0 la rappeuse franco-chilienne Ana <a href=\"https:\/\/bale.ch\/journal\/rap-ana-tijoux-geneve-2019\/\" class=\"read-more button-fancy -red\"><span class=\"btn-arrow\"><\/span><span class=\"twp-read-more text\">Continuer la lecture<\/span><\/a><\/p>\n","protected":false},"author":3,"featured_media":2263,"comment_status":"closed","ping_status":"closed","sticky":false,"template":"","format":"standard","meta":{"footnotes":""},"categories":[10,4,18],"tags":[160,93,74,136,161],"class_list":["post-2262","post","type-post","status-publish","format-standard","has-post-thumbnail","hentry","category-culture","category-grand-geneve","category-sortir","tag-ana-tijoux","tag-festival","tag-geneve","tag-musique","tag-rap"],"yoast_head":"<!-- This site is optimized with the Yoast SEO plugin v28.3 - https:\/\/yoast.com\/product\/yoast-seo-wordpress\/ -->\n<title>Le rap politique et f\u00e9ministe chilien d&#039;Ana Tijoux fait vibrer Gen\u00e8ve - Journal de B\u00e2le et Gen\u00e8ve<\/title>\n<meta name=\"robots\" content=\"index, follow, max-snippet:-1, max-image-preview:large, max-video-preview:-1\" \/>\n<link rel=\"canonical\" href=\"https:\/\/bale.ch\/journal\/rap-ana-tijoux-geneve-2019\/\" \/>\n<meta property=\"og:locale\" content=\"fr_FR\" \/>\n<meta property=\"og:type\" content=\"article\" \/>\n<meta property=\"og:title\" content=\"Le rap politique et f\u00e9ministe chilien d&#039;Ana Tijoux fait vibrer Gen\u00e8ve - Journal de B\u00e2le et Gen\u00e8ve\" \/>\n<meta property=\"og:description\" content=\"M\u00e9connue en Europe &#8211; \u00e0 part peut-\u00eatre des \u00e9couteurs de l&rsquo;\u00e9mission Republik Kalakuta sur Couleur 3 ou les fans attentifs de la s\u00e9rie Breaking Bad &#8211;\u00a0 la rappeuse franco-chilienne Ana Continuer la lecture\" \/>\n<meta property=\"og:url\" content=\"https:\/\/bale.ch\/journal\/rap-ana-tijoux-geneve-2019\/\" \/>\n<meta property=\"og:site_name\" content=\"Journal de B\u00e2le et Gen\u00e8ve\" \/>\n<meta property=\"article:published_time\" content=\"2019-07-11T11:53:46+00:00\" \/>\n<meta property=\"article:modified_time\" content=\"2020-01-12T03:35:51+00:00\" \/>\n<meta property=\"og:image\" content=\"https:\/\/bale.ch\/journal\/wp-content\/uploads\/2019\/07\/ana_tijoux_geneve_ginebra_suiza.jpg\" \/>\n\t<meta property=\"og:image:width\" content=\"900\" \/>\n\t<meta property=\"og:image:height\" content=\"484\" \/>\n\t<meta property=\"og:image:type\" content=\"image\/jpeg\" \/>\n<meta name=\"author\" content=\"Alban Lavy\" \/>\n<meta name=\"twitter:card\" content=\"summary_large_image\" \/>\n<meta name=\"twitter:label1\" content=\"\u00c9crit par\" \/>\n\t<meta name=\"twitter:data1\" content=\"Alban Lavy\" \/>\n\t<meta name=\"twitter:label2\" content=\"Dur\u00e9e de lecture estim\u00e9e\" \/>\n\t<meta name=\"twitter:data2\" content=\"1 minute\" \/>\n<script type=\"application\/ld+json\" class=\"yoast-schema-graph\">{\"@context\":\"https:\\\/\\\/schema.org\",\"@graph\":[{\"@type\":\"Article\",\"@id\":\"https:\\\/\\\/bale.ch\\\/journal\\\/rap-ana-tijoux-geneve-2019\\\/#article\",\"isPartOf\":{\"@id\":\"https:\\\/\\\/bale.ch\\\/journal\\\/rap-ana-tijoux-geneve-2019\\\/\"},\"author\":{\"name\":\"Alban Lavy\",\"@id\":\"https:\\\/\\\/bale.ch\\\/journal\\\/#\\\/schema\\\/person\\\/41bc7f908af0ffea5e38b8c5702e5626\"},\"headline\":\"Le rap politique et f\u00e9ministe chilien d&rsquo;Ana Tijoux fait vibrer Gen\u00e8ve\",\"datePublished\":\"2019-07-11T11:53:46+00:00\",\"dateModified\":\"2020-01-12T03:35:51+00:00\",\"mainEntityOfPage\":{\"@id\":\"https:\\\/\\\/bale.ch\\\/journal\\\/rap-ana-tijoux-geneve-2019\\\/\"},\"wordCount\":188,\"publisher\":{\"@id\":\"https:\\\/\\\/bale.ch\\\/journal\\\/#organization\"},\"image\":{\"@id\":\"https:\\\/\\\/bale.ch\\\/journal\\\/rap-ana-tijoux-geneve-2019\\\/#primaryimage\"},\"thumbnailUrl\":\"https:\\\/\\\/bale.ch\\\/journal\\\/wp-content\\\/uploads\\\/2019\\\/07\\\/ana_tijoux_geneve_ginebra_suiza.jpg\",\"keywords\":[\"Ana Tijoux\",\"festival\",\"Gen\u00e8ve\",\"Musique\",\"Rap\"],\"articleSection\":[\"Culture\",\"Grand Gen\u00e8ve\",\"Sortir\"],\"inLanguage\":\"fr-FR\"},{\"@type\":\"WebPage\",\"@id\":\"https:\\\/\\\/bale.ch\\\/journal\\\/rap-ana-tijoux-geneve-2019\\\/\",\"url\":\"https:\\\/\\\/bale.ch\\\/journal\\\/rap-ana-tijoux-geneve-2019\\\/\",\"name\":\"Le rap politique et f\u00e9ministe chilien d'Ana Tijoux fait vibrer Gen\u00e8ve - Journal de B\u00e2le et Gen\u00e8ve\",\"isPartOf\":{\"@id\":\"https:\\\/\\\/bale.ch\\\/journal\\\/#website\"},\"primaryImageOfPage\":{\"@id\":\"https:\\\/\\\/bale.ch\\\/journal\\\/rap-ana-tijoux-geneve-2019\\\/#primaryimage\"},\"image\":{\"@id\":\"https:\\\/\\\/bale.ch\\\/journal\\\/rap-ana-tijoux-geneve-2019\\\/#primaryimage\"},\"thumbnailUrl\":\"https:\\\/\\\/bale.ch\\\/journal\\\/wp-content\\\/uploads\\\/2019\\\/07\\\/ana_tijoux_geneve_ginebra_suiza.jpg\",\"datePublished\":\"2019-07-11T11:53:46+00:00\",\"dateModified\":\"2020-01-12T03:35:51+00:00\",\"breadcrumb\":{\"@id\":\"https:\\\/\\\/bale.ch\\\/journal\\\/rap-ana-tijoux-geneve-2019\\\/#breadcrumb\"},\"inLanguage\":\"fr-FR\",\"potentialAction\":[{\"@type\":\"ReadAction\",\"target\":[\"https:\\\/\\\/bale.ch\\\/journal\\\/rap-ana-tijoux-geneve-2019\\\/\"]}]},{\"@type\":\"ImageObject\",\"inLanguage\":\"fr-FR\",\"@id\":\"https:\\\/\\\/bale.ch\\\/journal\\\/rap-ana-tijoux-geneve-2019\\\/#primaryimage\",\"url\":\"https:\\\/\\\/bale.ch\\\/journal\\\/wp-content\\\/uploads\\\/2019\\\/07\\\/ana_tijoux_geneve_ginebra_suiza.jpg\",\"contentUrl\":\"https:\\\/\\\/bale.ch\\\/journal\\\/wp-content\\\/uploads\\\/2019\\\/07\\\/ana_tijoux_geneve_ginebra_suiza.jpg\",\"width\":900,\"height\":484},{\"@type\":\"BreadcrumbList\",\"@id\":\"https:\\\/\\\/bale.ch\\\/journal\\\/rap-ana-tijoux-geneve-2019\\\/#breadcrumb\",\"itemListElement\":[{\"@type\":\"ListItem\",\"position\":1,\"name\":\"Accueil\",\"item\":\"https:\\\/\\\/bale.ch\\\/journal\\\/\"},{\"@type\":\"ListItem\",\"position\":2,\"name\":\"Le rap politique et f\u00e9ministe chilien d&rsquo;Ana Tijoux fait vibrer Gen\u00e8ve\"}]},{\"@type\":\"WebSite\",\"@id\":\"https:\\\/\\\/bale.ch\\\/journal\\\/#website\",\"url\":\"https:\\\/\\\/bale.ch\\\/journal\\\/\",\"name\":\"Journal de B\u00e2le et Gen\u00e8ve\",\"description\":\"M\u00e9dia transfrontalier d&#039;actualit\u00e9s - News\",\"publisher\":{\"@id\":\"https:\\\/\\\/bale.ch\\\/journal\\\/#organization\"},\"potentialAction\":[{\"@type\":\"SearchAction\",\"target\":{\"@type\":\"EntryPoint\",\"urlTemplate\":\"https:\\\/\\\/bale.ch\\\/journal\\\/?s={search_term_string}\"},\"query-input\":{\"@type\":\"PropertyValueSpecification\",\"valueRequired\":true,\"valueName\":\"search_term_string\"}}],\"inLanguage\":\"fr-FR\"},{\"@type\":\"Organization\",\"@id\":\"https:\\\/\\\/bale.ch\\\/journal\\\/#organization\",\"name\":\"Journal de B\u00e2le et Gen\u00e8ve\",\"url\":\"https:\\\/\\\/bale.ch\\\/journal\\\/\",\"logo\":{\"@type\":\"ImageObject\",\"inLanguage\":\"fr-FR\",\"@id\":\"https:\\\/\\\/bale.ch\\\/journal\\\/#\\\/schema\\\/logo\\\/image\\\/\",\"url\":\"https:\\\/\\\/bale.ch\\\/journal\\\/wp-content\\\/uploads\\\/2023\\\/07\\\/journaldebale_logo_2023_nb.png\",\"contentUrl\":\"https:\\\/\\\/bale.ch\\\/journal\\\/wp-content\\\/uploads\\\/2023\\\/07\\\/journaldebale_logo_2023_nb.png\",\"width\":371,\"height\":127,\"caption\":\"Journal de B\u00e2le et Gen\u00e8ve\"},\"image\":{\"@id\":\"https:\\\/\\\/bale.ch\\\/journal\\\/#\\\/schema\\\/logo\\\/image\\\/\"}},{\"@type\":\"Person\",\"@id\":\"https:\\\/\\\/bale.ch\\\/journal\\\/#\\\/schema\\\/person\\\/41bc7f908af0ffea5e38b8c5702e5626\",\"name\":\"Alban Lavy\",\"image\":{\"@type\":\"ImageObject\",\"inLanguage\":\"fr-FR\",\"@id\":\"https:\\\/\\\/secure.gravatar.com\\\/avatar\\\/4978c5bb7295400e15bebf9881bc4db7866592bc59ffa2f62511214a10f68804?s=96&d=mm&r=g\",\"url\":\"https:\\\/\\\/secure.gravatar.com\\\/avatar\\\/4978c5bb7295400e15bebf9881bc4db7866592bc59ffa2f62511214a10f68804?s=96&d=mm&r=g\",\"contentUrl\":\"https:\\\/\\\/secure.gravatar.com\\\/avatar\\\/4978c5bb7295400e15bebf9881bc4db7866592bc59ffa2f62511214a10f68804?s=96&d=mm&r=g\",\"caption\":\"Alban Lavy\"},\"sameAs\":[\"http:\\\/\\\/bale.ch\\\/administration\\\/zeitung\\\/albanlavy\\\/\"],\"url\":\"https:\\\/\\\/bale.ch\\\/journal\\\/author\\\/lavy\\\/\"}]}<\/script>\n<!-- \/ Yoast SEO plugin. -->","yoast_head_json":{"title":"Le rap politique et f\u00e9ministe chilien d'Ana Tijoux fait vibrer Gen\u00e8ve - Journal de B\u00e2le et Gen\u00e8ve","robots":{"index":"index","follow":"follow","max-snippet":"max-snippet:-1","max-image-preview":"max-image-preview:large","max-video-preview":"max-video-preview:-1"},"canonical":"https:\/\/bale.ch\/journal\/rap-ana-tijoux-geneve-2019\/","og_locale":"fr_FR","og_type":"article","og_title":"Le rap politique et f\u00e9ministe chilien d'Ana Tijoux fait vibrer Gen\u00e8ve - Journal de B\u00e2le et Gen\u00e8ve","og_description":"M\u00e9connue en Europe &#8211; \u00e0 part peut-\u00eatre des \u00e9couteurs de l&rsquo;\u00e9mission Republik Kalakuta sur Couleur 3 ou les fans attentifs de la s\u00e9rie Breaking Bad &#8211;\u00a0 la rappeuse franco-chilienne Ana Continuer la lecture","og_url":"https:\/\/bale.ch\/journal\/rap-ana-tijoux-geneve-2019\/","og_site_name":"Journal de B\u00e2le et Gen\u00e8ve","article_published_time":"2019-07-11T11:53:46+00:00","article_modified_time":"2020-01-12T03:35:51+00:00","og_image":[{"width":900,"height":484,"url":"https:\/\/bale.ch\/journal\/wp-content\/uploads\/2019\/07\/ana_tijoux_geneve_ginebra_suiza.jpg","type":"image\/jpeg"}],"author":"Alban Lavy","twitter_card":"summary_large_image","twitter_misc":{"\u00c9crit par":"Alban Lavy","Dur\u00e9e de lecture estim\u00e9e":"1 minute"},"schema":{"@context":"https:\/\/schema.org","@graph":[{"@type":"Article","@id":"https:\/\/bale.ch\/journal\/rap-ana-tijoux-geneve-2019\/#article","isPartOf":{"@id":"https:\/\/bale.ch\/journal\/rap-ana-tijoux-geneve-2019\/"},"author":{"name":"Alban Lavy","@id":"https:\/\/bale.ch\/journal\/#\/schema\/person\/41bc7f908af0ffea5e38b8c5702e5626"},"headline":"Le rap politique et f\u00e9ministe chilien d&rsquo;Ana Tijoux fait vibrer Gen\u00e8ve","datePublished":"2019-07-11T11:53:46+00:00","dateModified":"2020-01-12T03:35:51+00:00","mainEntityOfPage":{"@id":"https:\/\/bale.ch\/journal\/rap-ana-tijoux-geneve-2019\/"},"wordCount":188,"publisher":{"@id":"https:\/\/bale.ch\/journal\/#organization"},"image":{"@id":"https:\/\/bale.ch\/journal\/rap-ana-tijoux-geneve-2019\/#primaryimage"},"thumbnailUrl":"https:\/\/bale.ch\/journal\/wp-content\/uploads\/2019\/07\/ana_tijoux_geneve_ginebra_suiza.jpg","keywords":["Ana Tijoux","festival","Gen\u00e8ve","Musique","Rap"],"articleSection":["Culture","Grand Gen\u00e8ve","Sortir"],"inLanguage":"fr-FR"},{"@type":"WebPage","@id":"https:\/\/bale.ch\/journal\/rap-ana-tijoux-geneve-2019\/","url":"https:\/\/bale.ch\/journal\/rap-ana-tijoux-geneve-2019\/","name":"Le rap politique et f\u00e9ministe chilien d'Ana Tijoux fait vibrer Gen\u00e8ve - Journal de B\u00e2le et Gen\u00e8ve","isPartOf":{"@id":"https:\/\/bale.ch\/journal\/#website"},"primaryImageOfPage":{"@id":"https:\/\/bale.ch\/journal\/rap-ana-tijoux-geneve-2019\/#primaryimage"},"image":{"@id":"https:\/\/bale.ch\/journal\/rap-ana-tijoux-geneve-2019\/#primaryimage"},"thumbnailUrl":"https:\/\/bale.ch\/journal\/wp-content\/uploads\/2019\/07\/ana_tijoux_geneve_ginebra_suiza.jpg","datePublished":"2019-07-11T11:53:46+00:00","dateModified":"2020-01-12T03:35:51+00:00","breadcrumb":{"@id":"https:\/\/bale.ch\/journal\/rap-ana-tijoux-geneve-2019\/#breadcrumb"},"inLanguage":"fr-FR","potentialAction":[{"@type":"ReadAction","target":["https:\/\/bale.ch\/journal\/rap-ana-tijoux-geneve-2019\/"]}]},{"@type":"ImageObject","inLanguage":"fr-FR","@id":"https:\/\/bale.ch\/journal\/rap-ana-tijoux-geneve-2019\/#primaryimage","url":"https:\/\/bale.ch\/journal\/wp-content\/uploads\/2019\/07\/ana_tijoux_geneve_ginebra_suiza.jpg","contentUrl":"https:\/\/bale.ch\/journal\/wp-content\/uploads\/2019\/07\/ana_tijoux_geneve_ginebra_suiza.jpg","width":900,"height":484},{"@type":"BreadcrumbList","@id":"https:\/\/bale.ch\/journal\/rap-ana-tijoux-geneve-2019\/#breadcrumb","itemListElement":[{"@type":"ListItem","position":1,"name":"Accueil","item":"https:\/\/bale.ch\/journal\/"},{"@type":"ListItem","position":2,"name":"Le rap politique et f\u00e9ministe chilien d&rsquo;Ana Tijoux fait vibrer Gen\u00e8ve"}]},{"@type":"WebSite","@id":"https:\/\/bale.ch\/journal\/#website","url":"https:\/\/bale.ch\/journal\/","name":"Journal de B\u00e2le et Gen\u00e8ve","description":"M\u00e9dia transfrontalier d&#039;actualit\u00e9s - News","publisher":{"@id":"https:\/\/bale.ch\/journal\/#organization"},"potentialAction":[{"@type":"SearchAction","target":{"@type":"EntryPoint","urlTemplate":"https:\/\/bale.ch\/journal\/?s={search_term_string}"},"query-input":{"@type":"PropertyValueSpecification","valueRequired":true,"valueName":"search_term_string"}}],"inLanguage":"fr-FR"},{"@type":"Organization","@id":"https:\/\/bale.ch\/journal\/#organization","name":"Journal de B\u00e2le et Gen\u00e8ve","url":"https:\/\/bale.ch\/journal\/","logo":{"@type":"ImageObject","inLanguage":"fr-FR","@id":"https:\/\/bale.ch\/journal\/#\/schema\/logo\/image\/","url":"https:\/\/bale.ch\/journal\/wp-content\/uploads\/2023\/07\/journaldebale_logo_2023_nb.png","contentUrl":"https:\/\/bale.ch\/journal\/wp-content\/uploads\/2023\/07\/journaldebale_logo_2023_nb.png","width":371,"height":127,"caption":"Journal de B\u00e2le et Gen\u00e8ve"},"image":{"@id":"https:\/\/bale.ch\/journal\/#\/schema\/logo\/image\/"}},{"@type":"Person","@id":"https:\/\/bale.ch\/journal\/#\/schema\/person\/41bc7f908af0ffea5e38b8c5702e5626","name":"Alban Lavy","image":{"@type":"ImageObject","inLanguage":"fr-FR","@id":"https:\/\/secure.gravatar.com\/avatar\/4978c5bb7295400e15bebf9881bc4db7866592bc59ffa2f62511214a10f68804?s=96&d=mm&r=g","url":"https:\/\/secure.gravatar.com\/avatar\/4978c5bb7295400e15bebf9881bc4db7866592bc59ffa2f62511214a10f68804?s=96&d=mm&r=g","contentUrl":"https:\/\/secure.gravatar.com\/avatar\/4978c5bb7295400e15bebf9881bc4db7866592bc59ffa2f62511214a10f68804?s=96&d=mm&r=g","caption":"Alban Lavy"},"sameAs":["http:\/\/bale.ch\/administration\/zeitung\/albanlavy\/"],"url":"https:\/\/bale.ch\/journal\/author\/lavy\/"}]}},"_links":{"self":[{"href":"https:\/\/bale.ch\/journal\/wp-json\/wp\/v2\/posts\/2262","targetHints":{"allow":["GET"]}}],"collection":[{"href":"https:\/\/bale.ch\/journal\/wp-json\/wp\/v2\/posts"}],"about":[{"href":"https:\/\/bale.ch\/journal\/wp-json\/wp\/v2\/types\/post"}],"author":[{"embeddable":true,"href":"https:\/\/bale.ch\/journal\/wp-json\/wp\/v2\/users\/3"}],"replies":[{"embeddable":true,"href":"https:\/\/bale.ch\/journal\/wp-json\/wp\/v2\/comments?post=2262"}],"version-history":[{"count":4,"href":"https:\/\/bale.ch\/journal\/wp-json\/wp\/v2\/posts\/2262\/revisions"}],"predecessor-version":[{"id":2545,"href":"https:\/\/bale.ch\/journal\/wp-json\/wp\/v2\/posts\/2262\/revisions\/2545"}],"wp:featuredmedia":[{"embeddable":true,"href":"https:\/\/bale.ch\/journal\/wp-json\/wp\/v2\/media\/2263"}],"wp:attachment":[{"href":"https:\/\/bale.ch\/journal\/wp-json\/wp\/v2\/media?parent=2262"}],"wp:term":[{"taxonomy":"category","embeddable":true,"href":"https:\/\/bale.ch\/journal\/wp-json\/wp\/v2\/categories?post=2262"},{"taxonomy":"post_tag","embeddable":true,"href":"https:\/\/bale.ch\/journal\/wp-json\/wp\/v2\/tags?post=2262"}],"curies":[{"name":"wp","href":"https:\/\/api.w.org\/{rel}","templated":true}]}}