{"id":2268,"date":"2019-08-09T12:29:45","date_gmt":"2019-08-09T12:29:45","guid":{"rendered":"http:\/\/bale.ch\/journal\/?p=2268"},"modified":"2019-08-09T12:31:49","modified_gmt":"2019-08-09T12:31:49","slug":"bilan-positif-transports-publics-gratuits-dunkerque-grand-geneve","status":"publish","type":"post","link":"https:\/\/bale.ch\/journal\/bilan-positif-transports-publics-gratuits-dunkerque-grand-geneve\/","title":{"rendered":"Bilan positif des transports gratuits \u00e0 Dunkerque. Bient\u00f4t aussi dans le Grand Gen\u00e8ve?"},"content":{"rendered":"<header class=\"articleHeader \"><strong>\u00c0 quatre mois de l&rsquo;inauguration du r\u00e9seau ferroviaire transfrontalier L\u00e9man Express dans le Grand Gen\u00e8ve, et alors que ses tarifs\u00a0 r\u00e9cemment d\u00e9voil\u00e9s sont qualifi\u00e9s de \u00ab\u00a0trop cher\u00a0\u00bb par ceux qui gagnent un salaire fran\u00e7ais &#8211; la ville de Dunkerque dresse le premier bilan de la gratuit\u00e9 des transports en commun.<\/strong><\/header>\n<p><!--more--><\/p>\n<p>C&rsquo;est l&rsquo;une des priorit\u00e9s dans les r\u00e9gions fran\u00e7aises, le d\u00e9veloppement des transports publics, dans ce pays tr\u00e8s en retard en ce domaine. La ville de Dunkerque, dans le nord de la France, a vot\u00e9 en octobre 2018 pour la gratuit\u00e9 du r\u00e9seau. Neuf mois plus tard, le premiers bilan est\u00a0 tr\u00e8s positifs, notamment avec une nette hausse de la fr\u00e9quentation: septante pour cent en plus en semaine et 140% le week-end. Nombre d&rsquo;habitants, vivant pr\u00e8s d&rsquo;un arr\u00eat de bus ont d\u00e9cid\u00e9 de laisser leur voiture au garage, surtout qu&rsquo;avec la mesure, le r\u00e9seau a \u00e9t\u00e9 \u00e9toff\u00e9, et le nombre de rotations multipli\u00e9s.<\/p>\n<header class=\"articleHeader \">\n<p class=\"chapo\">Les commer\u00e7ants ressentent quant \u00e0 eux un nouveau dynamisme du centre-ville. Sans avoir besoin de chercher une place, ni de la payer, les habitants de la p\u00e9riph\u00e9rie s&rsquo;y rendraient plus facilement.<\/p>\n<h3>Moins d&rsquo;incivilit\u00e9s<\/h3>\n<p>Enfin, selon une \u00e9tude r\u00e9alis\u00e9e sur six mois dans les transports le dimanche et les jours f\u00e9ri\u00e9s, les actes d\u2019incivilit\u00e9s auraient baiss\u00e9s de 59%. Pour le maire de Dunkerque, cela est d\u00fb \u00e0 la fois par une grande approbation de la mesure (septante-deux pour cent des personnes interrog\u00e9es pensent que la gratuit\u00e9 constitue une avanc\u00e9e), et par <span class=\"citation\">ce que le maire nomme <em>\u00ab\u00a0la hausse du contr\u00f4le social, du fait qu\u2019il y a davantage de monde dans le bus\u00a0\u00bb<\/em><\/span>.<\/p>\n<\/header>\n<p>D&rsquo;autres villes dans le monde ont fait le choix de la gratuit\u00e9, comme la capitale estonienne Tallinn (450&rsquo;000 habitants), Aubagne en France ou encore le Luxembourg. La population du canton de Gen\u00e8ve avait quant \u00e0 elle rejet\u00e9 \u00e0 67,2 %, en 2008, une initiative en faveur de la gratuit\u00e9, mais avait refus\u00e9 l&rsquo;augmentation du prix des billets et des abonnements en 2017. Dans le canton de Neuch\u00e2tel, le peuple devrait se prononcer sur la question. Les initiant envisagent un financement <em>\u00ab\u00a0par le biais d&rsquo;une adaptation des d\u00e9ductions fiscales li\u00e9es aux frais de d\u00e9placements\u00a0\u00bb<\/em>.<\/p>\n<blockquote>\n<p style=\"text-align: left;\">Le scientifique et essayiste Albert Jacquard d\u00e9clarait en 1993: <em>\u00ab\u00a0Il faut tout repenser autrement. Un tout petit exemple, un peu pittoresque, j\u2019y pense quand je suis en voiture. Pourquoi est-ce que dans les rues de Paris je peux circuler ? Parce qu\u2019il y a un certain nombre de centaines de milliers de braves gens qui sont sous terre dans le m\u00e9tro. Ils me rendent service en \u00e9tant l\u00e0, s\u2019ils n&rsquo;\u00e9taient pas dans le m\u00e9tro, ils seraient dans les rues et je ne pourrai plus bouger, ce serait compl\u00e8tement engorg\u00e9. Par cons\u00e9quent, le m\u00e9tro rend service aux gens qu\u2019il transporte mais il rend encore plus service aux gens qu\u2019il ne transporte pas. Par cons\u00e9quent, ce service, il faudrait le payer. Par cons\u00e9quent, c\u2019est parce que je ne prends pas le m\u00e9tro mais ma voiture que je dois payer le m\u00e9tro. Et \u00e0 la limite on peut dire que le prix du billet de m\u00e9tro devrait-\u00eatre n\u00e9gatif puisque les braves gens qui descendent sous terre rendent service aux autres en leur permettant de circuler \u00e0 peu pr\u00e8s tranquillement. Alors, \u00e0 d\u00e9faut d\u2019\u00eatre n\u00e9gatif, \u00e7a pourrait au moins \u00eatre nul. Et j\u2019imagine que voil\u00e0 une action facile \u00e0 faire qui consisterait \u00e0 faire payer le m\u00e9tro parisien par ceux qui utilisent leur voiture. C\u2019est juste, c\u2019est \u00e9conomiquement parfaitement justifiable et pourquoi est-ce qu\u2019on ne la fait pas ? On n\u2019ose pas revenir en arri\u00e8re sur des id\u00e9es re\u00e7ues. Ce n\u2019est qu\u2019un petit exemple pittoresque mais je crois que l\u2019essentiel aujourd\u2019hui, sinon on va \u00e0 la catastrophe, c\u2019est de remettre \u00e0 plat toutes nos id\u00e9es re\u00e7ues.\u00a0\u00bb<\/em><\/p>\n<\/blockquote>\n<p>Photo CC CODinDK<\/p><div id=\"crieu-2802622926\" class=\"crieu-content crieu-entity-placement\"><script async src=\"\/\/pagead2.googlesyndication.com\/pagead\/js\/adsbygoogle.js?client=ca-pub-5271584769416742\" crossorigin=\"anonymous\"><\/script><ins class=\"adsbygoogle\" style=\"display:block;\" data-ad-client=\"ca-pub-5271584769416742\" \ndata-ad-slot=\"9321250718\" \ndata-ad-format=\"auto\"><\/ins>\n<script> \n(adsbygoogle = window.adsbygoogle || []).push({}); \n<\/script>\n<\/div>\n<div id=\"crieu-4035658726\" class=\"crieu-apres-le-contenu crieu-entity-placement\" style=\"margin-left: auto;margin-right: auto;text-align: center;\"><script async src=\"\/\/pagead2.googlesyndication.com\/pagead\/js\/adsbygoogle.js?client=ca-pub-5271584769416742\" crossorigin=\"anonymous\"><\/script><ins class=\"adsbygoogle\" style=\"display:block;\" data-ad-client=\"ca-pub-5271584769416742\" \ndata-ad-slot=\"9321250718\" \ndata-ad-format=\"auto\"><\/ins>\n<script> \n(adsbygoogle = window.adsbygoogle || []).push({}); \n<\/script>\n<\/div>","protected":false},"excerpt":{"rendered":"<p>\u00c0 quatre mois de l&rsquo;inauguration du r\u00e9seau ferroviaire transfrontalier L\u00e9man Express dans le Grand Gen\u00e8ve, et alors que ses tarifs\u00a0 r\u00e9cemment d\u00e9voil\u00e9s sont qualifi\u00e9s de \u00ab\u00a0trop cher\u00a0\u00bb par ceux qui <a href=\"https:\/\/bale.ch\/journal\/bilan-positif-transports-publics-gratuits-dunkerque-grand-geneve\/\" class=\"read-more button-fancy -red\"><span class=\"btn-arrow\"><\/span><span class=\"twp-read-more text\">Continuer la lecture<\/span><\/a><\/p>\n","protected":false},"author":2,"featured_media":2274,"comment_status":"closed","ping_status":"closed","sticky":false,"template":"","format":"standard","meta":{"footnotes":""},"categories":[103,4],"tags":[162,52,35],"class_list":["post-2268","post","type-post","status-publish","format-standard","has-post-thumbnail","hentry","category-actu","category-grand-geneve","tag-dunkerque","tag-france","tag-transports"],"yoast_head":"<!-- This site is optimized with the Yoast SEO plugin v28.3 - https:\/\/yoast.com\/product\/yoast-seo-wordpress\/ -->\n<title>Bilan positif des transports gratuits \u00e0 Dunkerque. Bient\u00f4t aussi dans le Grand Gen\u00e8ve? - Journal de B\u00e2le et Gen\u00e8ve<\/title>\n<meta name=\"robots\" content=\"index, follow, max-snippet:-1, max-image-preview:large, max-video-preview:-1\" \/>\n<link rel=\"canonical\" href=\"https:\/\/bale.ch\/journal\/bilan-positif-transports-publics-gratuits-dunkerque-grand-geneve\/\" \/>\n<meta property=\"og:locale\" content=\"fr_FR\" \/>\n<meta property=\"og:type\" content=\"article\" \/>\n<meta property=\"og:title\" content=\"Bilan positif des transports gratuits \u00e0 Dunkerque. Bient\u00f4t aussi dans le Grand Gen\u00e8ve? - Journal de B\u00e2le et Gen\u00e8ve\" \/>\n<meta property=\"og:description\" content=\"\u00c0 quatre mois de l&rsquo;inauguration du r\u00e9seau ferroviaire transfrontalier L\u00e9man Express dans le Grand Gen\u00e8ve, et alors que ses tarifs\u00a0 r\u00e9cemment d\u00e9voil\u00e9s sont qualifi\u00e9s de \u00ab\u00a0trop cher\u00a0\u00bb par ceux qui Continuer la lecture\" \/>\n<meta property=\"og:url\" content=\"https:\/\/bale.ch\/journal\/bilan-positif-transports-publics-gratuits-dunkerque-grand-geneve\/\" \/>\n<meta property=\"og:site_name\" content=\"Journal de B\u00e2le et Gen\u00e8ve\" \/>\n<meta property=\"article:published_time\" content=\"2019-08-09T12:29:45+00:00\" \/>\n<meta property=\"article:modified_time\" content=\"2019-08-09T12:31:49+00:00\" \/>\n<meta property=\"og:image\" content=\"https:\/\/bale.ch\/journal\/wp-content\/uploads\/2019\/08\/bus_dun.jpg\" \/>\n\t<meta property=\"og:image:width\" content=\"900\" \/>\n\t<meta property=\"og:image:height\" content=\"484\" \/>\n\t<meta property=\"og:image:type\" content=\"image\/jpeg\" \/>\n<meta name=\"author\" content=\"La R\u00e9daction\" \/>\n<meta name=\"twitter:card\" content=\"summary_large_image\" \/>\n<meta name=\"twitter:label1\" content=\"\u00c9crit par\" \/>\n\t<meta name=\"twitter:data1\" content=\"La R\u00e9daction\" \/>\n\t<meta name=\"twitter:label2\" content=\"Dur\u00e9e de lecture estim\u00e9e\" \/>\n\t<meta name=\"twitter:data2\" content=\"3 minutes\" \/>\n<script type=\"application\/ld+json\" class=\"yoast-schema-graph\">{\"@context\":\"https:\\\/\\\/schema.org\",\"@graph\":[{\"@type\":\"Article\",\"@id\":\"https:\\\/\\\/bale.ch\\\/journal\\\/bilan-positif-transports-publics-gratuits-dunkerque-grand-geneve\\\/#article\",\"isPartOf\":{\"@id\":\"https:\\\/\\\/bale.ch\\\/journal\\\/bilan-positif-transports-publics-gratuits-dunkerque-grand-geneve\\\/\"},\"author\":{\"name\":\"La R\u00e9daction\",\"@id\":\"https:\\\/\\\/bale.ch\\\/journal\\\/#\\\/schema\\\/person\\\/03ced978db3b7a5274c5cef003f352f5\"},\"headline\":\"Bilan positif des transports gratuits \u00e0 Dunkerque. Bient\u00f4t aussi dans le Grand Gen\u00e8ve?\",\"datePublished\":\"2019-08-09T12:29:45+00:00\",\"dateModified\":\"2019-08-09T12:31:49+00:00\",\"mainEntityOfPage\":{\"@id\":\"https:\\\/\\\/bale.ch\\\/journal\\\/bilan-positif-transports-publics-gratuits-dunkerque-grand-geneve\\\/\"},\"wordCount\":704,\"publisher\":{\"@id\":\"https:\\\/\\\/bale.ch\\\/journal\\\/#organization\"},\"image\":{\"@id\":\"https:\\\/\\\/bale.ch\\\/journal\\\/bilan-positif-transports-publics-gratuits-dunkerque-grand-geneve\\\/#primaryimage\"},\"thumbnailUrl\":\"https:\\\/\\\/bale.ch\\\/journal\\\/wp-content\\\/uploads\\\/2019\\\/08\\\/bus_dun.jpg\",\"keywords\":[\"Dunkerque\",\"France\",\"Transports\"],\"articleSection\":[\"Actualit\u00e9s\",\"Grand Gen\u00e8ve\"],\"inLanguage\":\"fr-FR\"},{\"@type\":\"WebPage\",\"@id\":\"https:\\\/\\\/bale.ch\\\/journal\\\/bilan-positif-transports-publics-gratuits-dunkerque-grand-geneve\\\/\",\"url\":\"https:\\\/\\\/bale.ch\\\/journal\\\/bilan-positif-transports-publics-gratuits-dunkerque-grand-geneve\\\/\",\"name\":\"Bilan positif des transports gratuits \u00e0 Dunkerque. Bient\u00f4t aussi dans le Grand Gen\u00e8ve? - Journal de B\u00e2le et Gen\u00e8ve\",\"isPartOf\":{\"@id\":\"https:\\\/\\\/bale.ch\\\/journal\\\/#website\"},\"primaryImageOfPage\":{\"@id\":\"https:\\\/\\\/bale.ch\\\/journal\\\/bilan-positif-transports-publics-gratuits-dunkerque-grand-geneve\\\/#primaryimage\"},\"image\":{\"@id\":\"https:\\\/\\\/bale.ch\\\/journal\\\/bilan-positif-transports-publics-gratuits-dunkerque-grand-geneve\\\/#primaryimage\"},\"thumbnailUrl\":\"https:\\\/\\\/bale.ch\\\/journal\\\/wp-content\\\/uploads\\\/2019\\\/08\\\/bus_dun.jpg\",\"datePublished\":\"2019-08-09T12:29:45+00:00\",\"dateModified\":\"2019-08-09T12:31:49+00:00\",\"breadcrumb\":{\"@id\":\"https:\\\/\\\/bale.ch\\\/journal\\\/bilan-positif-transports-publics-gratuits-dunkerque-grand-geneve\\\/#breadcrumb\"},\"inLanguage\":\"fr-FR\",\"potentialAction\":[{\"@type\":\"ReadAction\",\"target\":[\"https:\\\/\\\/bale.ch\\\/journal\\\/bilan-positif-transports-publics-gratuits-dunkerque-grand-geneve\\\/\"]}]},{\"@type\":\"ImageObject\",\"inLanguage\":\"fr-FR\",\"@id\":\"https:\\\/\\\/bale.ch\\\/journal\\\/bilan-positif-transports-publics-gratuits-dunkerque-grand-geneve\\\/#primaryimage\",\"url\":\"https:\\\/\\\/bale.ch\\\/journal\\\/wp-content\\\/uploads\\\/2019\\\/08\\\/bus_dun.jpg\",\"contentUrl\":\"https:\\\/\\\/bale.ch\\\/journal\\\/wp-content\\\/uploads\\\/2019\\\/08\\\/bus_dun.jpg\",\"width\":900,\"height\":484,\"caption\":\"Photo CODinDK\"},{\"@type\":\"BreadcrumbList\",\"@id\":\"https:\\\/\\\/bale.ch\\\/journal\\\/bilan-positif-transports-publics-gratuits-dunkerque-grand-geneve\\\/#breadcrumb\",\"itemListElement\":[{\"@type\":\"ListItem\",\"position\":1,\"name\":\"Accueil\",\"item\":\"https:\\\/\\\/bale.ch\\\/journal\\\/\"},{\"@type\":\"ListItem\",\"position\":2,\"name\":\"Bilan positif des transports gratuits \u00e0 Dunkerque. Bient\u00f4t aussi dans le Grand Gen\u00e8ve?\"}]},{\"@type\":\"WebSite\",\"@id\":\"https:\\\/\\\/bale.ch\\\/journal\\\/#website\",\"url\":\"https:\\\/\\\/bale.ch\\\/journal\\\/\",\"name\":\"Journal de B\u00e2le et Gen\u00e8ve\",\"description\":\"M\u00e9dia transfrontalier d&#039;actualit\u00e9s - News\",\"publisher\":{\"@id\":\"https:\\\/\\\/bale.ch\\\/journal\\\/#organization\"},\"potentialAction\":[{\"@type\":\"SearchAction\",\"target\":{\"@type\":\"EntryPoint\",\"urlTemplate\":\"https:\\\/\\\/bale.ch\\\/journal\\\/?s={search_term_string}\"},\"query-input\":{\"@type\":\"PropertyValueSpecification\",\"valueRequired\":true,\"valueName\":\"search_term_string\"}}],\"inLanguage\":\"fr-FR\"},{\"@type\":\"Organization\",\"@id\":\"https:\\\/\\\/bale.ch\\\/journal\\\/#organization\",\"name\":\"Journal de B\u00e2le et Gen\u00e8ve\",\"url\":\"https:\\\/\\\/bale.ch\\\/journal\\\/\",\"logo\":{\"@type\":\"ImageObject\",\"inLanguage\":\"fr-FR\",\"@id\":\"https:\\\/\\\/bale.ch\\\/journal\\\/#\\\/schema\\\/logo\\\/image\\\/\",\"url\":\"https:\\\/\\\/bale.ch\\\/journal\\\/wp-content\\\/uploads\\\/2023\\\/07\\\/journaldebale_logo_2023_nb.png\",\"contentUrl\":\"https:\\\/\\\/bale.ch\\\/journal\\\/wp-content\\\/uploads\\\/2023\\\/07\\\/journaldebale_logo_2023_nb.png\",\"width\":371,\"height\":127,\"caption\":\"Journal de B\u00e2le et Gen\u00e8ve\"},\"image\":{\"@id\":\"https:\\\/\\\/bale.ch\\\/journal\\\/#\\\/schema\\\/logo\\\/image\\\/\"}},{\"@type\":\"Person\",\"@id\":\"https:\\\/\\\/bale.ch\\\/journal\\\/#\\\/schema\\\/person\\\/03ced978db3b7a5274c5cef003f352f5\",\"name\":\"La R\u00e9daction\",\"image\":{\"@type\":\"ImageObject\",\"inLanguage\":\"fr-FR\",\"@id\":\"https:\\\/\\\/secure.gravatar.com\\\/avatar\\\/d1327e2ce8d2b860112f968a3f34686c9bdda7a463a1502cdd1070ac9d88cf1e?s=96&d=mm&r=g\",\"url\":\"https:\\\/\\\/secure.gravatar.com\\\/avatar\\\/d1327e2ce8d2b860112f968a3f34686c9bdda7a463a1502cdd1070ac9d88cf1e?s=96&d=mm&r=g\",\"contentUrl\":\"https:\\\/\\\/secure.gravatar.com\\\/avatar\\\/d1327e2ce8d2b860112f968a3f34686c9bdda7a463a1502cdd1070ac9d88cf1e?s=96&d=mm&r=g\",\"caption\":\"La R\u00e9daction\"},\"url\":\"https:\\\/\\\/bale.ch\\\/journal\\\/author\\\/laredaction\\\/\"}]}<\/script>\n<!-- \/ Yoast SEO plugin. -->","yoast_head_json":{"title":"Bilan positif des transports gratuits \u00e0 Dunkerque. Bient\u00f4t aussi dans le Grand Gen\u00e8ve? - Journal de B\u00e2le et Gen\u00e8ve","robots":{"index":"index","follow":"follow","max-snippet":"max-snippet:-1","max-image-preview":"max-image-preview:large","max-video-preview":"max-video-preview:-1"},"canonical":"https:\/\/bale.ch\/journal\/bilan-positif-transports-publics-gratuits-dunkerque-grand-geneve\/","og_locale":"fr_FR","og_type":"article","og_title":"Bilan positif des transports gratuits \u00e0 Dunkerque. Bient\u00f4t aussi dans le Grand Gen\u00e8ve? - Journal de B\u00e2le et Gen\u00e8ve","og_description":"\u00c0 quatre mois de l&rsquo;inauguration du r\u00e9seau ferroviaire transfrontalier L\u00e9man Express dans le Grand Gen\u00e8ve, et alors que ses tarifs\u00a0 r\u00e9cemment d\u00e9voil\u00e9s sont qualifi\u00e9s de \u00ab\u00a0trop cher\u00a0\u00bb par ceux qui Continuer la lecture","og_url":"https:\/\/bale.ch\/journal\/bilan-positif-transports-publics-gratuits-dunkerque-grand-geneve\/","og_site_name":"Journal de B\u00e2le et Gen\u00e8ve","article_published_time":"2019-08-09T12:29:45+00:00","article_modified_time":"2019-08-09T12:31:49+00:00","og_image":[{"width":900,"height":484,"url":"https:\/\/bale.ch\/journal\/wp-content\/uploads\/2019\/08\/bus_dun.jpg","type":"image\/jpeg"}],"author":"La R\u00e9daction","twitter_card":"summary_large_image","twitter_misc":{"\u00c9crit par":"La R\u00e9daction","Dur\u00e9e de lecture estim\u00e9e":"3 minutes"},"schema":{"@context":"https:\/\/schema.org","@graph":[{"@type":"Article","@id":"https:\/\/bale.ch\/journal\/bilan-positif-transports-publics-gratuits-dunkerque-grand-geneve\/#article","isPartOf":{"@id":"https:\/\/bale.ch\/journal\/bilan-positif-transports-publics-gratuits-dunkerque-grand-geneve\/"},"author":{"name":"La R\u00e9daction","@id":"https:\/\/bale.ch\/journal\/#\/schema\/person\/03ced978db3b7a5274c5cef003f352f5"},"headline":"Bilan positif des transports gratuits \u00e0 Dunkerque. Bient\u00f4t aussi dans le Grand Gen\u00e8ve?","datePublished":"2019-08-09T12:29:45+00:00","dateModified":"2019-08-09T12:31:49+00:00","mainEntityOfPage":{"@id":"https:\/\/bale.ch\/journal\/bilan-positif-transports-publics-gratuits-dunkerque-grand-geneve\/"},"wordCount":704,"publisher":{"@id":"https:\/\/bale.ch\/journal\/#organization"},"image":{"@id":"https:\/\/bale.ch\/journal\/bilan-positif-transports-publics-gratuits-dunkerque-grand-geneve\/#primaryimage"},"thumbnailUrl":"https:\/\/bale.ch\/journal\/wp-content\/uploads\/2019\/08\/bus_dun.jpg","keywords":["Dunkerque","France","Transports"],"articleSection":["Actualit\u00e9s","Grand Gen\u00e8ve"],"inLanguage":"fr-FR"},{"@type":"WebPage","@id":"https:\/\/bale.ch\/journal\/bilan-positif-transports-publics-gratuits-dunkerque-grand-geneve\/","url":"https:\/\/bale.ch\/journal\/bilan-positif-transports-publics-gratuits-dunkerque-grand-geneve\/","name":"Bilan positif des transports gratuits \u00e0 Dunkerque. Bient\u00f4t aussi dans le Grand Gen\u00e8ve? - Journal de B\u00e2le et Gen\u00e8ve","isPartOf":{"@id":"https:\/\/bale.ch\/journal\/#website"},"primaryImageOfPage":{"@id":"https:\/\/bale.ch\/journal\/bilan-positif-transports-publics-gratuits-dunkerque-grand-geneve\/#primaryimage"},"image":{"@id":"https:\/\/bale.ch\/journal\/bilan-positif-transports-publics-gratuits-dunkerque-grand-geneve\/#primaryimage"},"thumbnailUrl":"https:\/\/bale.ch\/journal\/wp-content\/uploads\/2019\/08\/bus_dun.jpg","datePublished":"2019-08-09T12:29:45+00:00","dateModified":"2019-08-09T12:31:49+00:00","breadcrumb":{"@id":"https:\/\/bale.ch\/journal\/bilan-positif-transports-publics-gratuits-dunkerque-grand-geneve\/#breadcrumb"},"inLanguage":"fr-FR","potentialAction":[{"@type":"ReadAction","target":["https:\/\/bale.ch\/journal\/bilan-positif-transports-publics-gratuits-dunkerque-grand-geneve\/"]}]},{"@type":"ImageObject","inLanguage":"fr-FR","@id":"https:\/\/bale.ch\/journal\/bilan-positif-transports-publics-gratuits-dunkerque-grand-geneve\/#primaryimage","url":"https:\/\/bale.ch\/journal\/wp-content\/uploads\/2019\/08\/bus_dun.jpg","contentUrl":"https:\/\/bale.ch\/journal\/wp-content\/uploads\/2019\/08\/bus_dun.jpg","width":900,"height":484,"caption":"Photo CODinDK"},{"@type":"BreadcrumbList","@id":"https:\/\/bale.ch\/journal\/bilan-positif-transports-publics-gratuits-dunkerque-grand-geneve\/#breadcrumb","itemListElement":[{"@type":"ListItem","position":1,"name":"Accueil","item":"https:\/\/bale.ch\/journal\/"},{"@type":"ListItem","position":2,"name":"Bilan positif des transports gratuits \u00e0 Dunkerque. Bient\u00f4t aussi dans le Grand Gen\u00e8ve?"}]},{"@type":"WebSite","@id":"https:\/\/bale.ch\/journal\/#website","url":"https:\/\/bale.ch\/journal\/","name":"Journal de B\u00e2le et Gen\u00e8ve","description":"M\u00e9dia transfrontalier d&#039;actualit\u00e9s - News","publisher":{"@id":"https:\/\/bale.ch\/journal\/#organization"},"potentialAction":[{"@type":"SearchAction","target":{"@type":"EntryPoint","urlTemplate":"https:\/\/bale.ch\/journal\/?s={search_term_string}"},"query-input":{"@type":"PropertyValueSpecification","valueRequired":true,"valueName":"search_term_string"}}],"inLanguage":"fr-FR"},{"@type":"Organization","@id":"https:\/\/bale.ch\/journal\/#organization","name":"Journal de B\u00e2le et Gen\u00e8ve","url":"https:\/\/bale.ch\/journal\/","logo":{"@type":"ImageObject","inLanguage":"fr-FR","@id":"https:\/\/bale.ch\/journal\/#\/schema\/logo\/image\/","url":"https:\/\/bale.ch\/journal\/wp-content\/uploads\/2023\/07\/journaldebale_logo_2023_nb.png","contentUrl":"https:\/\/bale.ch\/journal\/wp-content\/uploads\/2023\/07\/journaldebale_logo_2023_nb.png","width":371,"height":127,"caption":"Journal de B\u00e2le et Gen\u00e8ve"},"image":{"@id":"https:\/\/bale.ch\/journal\/#\/schema\/logo\/image\/"}},{"@type":"Person","@id":"https:\/\/bale.ch\/journal\/#\/schema\/person\/03ced978db3b7a5274c5cef003f352f5","name":"La R\u00e9daction","image":{"@type":"ImageObject","inLanguage":"fr-FR","@id":"https:\/\/secure.gravatar.com\/avatar\/d1327e2ce8d2b860112f968a3f34686c9bdda7a463a1502cdd1070ac9d88cf1e?s=96&d=mm&r=g","url":"https:\/\/secure.gravatar.com\/avatar\/d1327e2ce8d2b860112f968a3f34686c9bdda7a463a1502cdd1070ac9d88cf1e?s=96&d=mm&r=g","contentUrl":"https:\/\/secure.gravatar.com\/avatar\/d1327e2ce8d2b860112f968a3f34686c9bdda7a463a1502cdd1070ac9d88cf1e?s=96&d=mm&r=g","caption":"La R\u00e9daction"},"url":"https:\/\/bale.ch\/journal\/author\/laredaction\/"}]}},"_links":{"self":[{"href":"https:\/\/bale.ch\/journal\/wp-json\/wp\/v2\/posts\/2268","targetHints":{"allow":["GET"]}}],"collection":[{"href":"https:\/\/bale.ch\/journal\/wp-json\/wp\/v2\/posts"}],"about":[{"href":"https:\/\/bale.ch\/journal\/wp-json\/wp\/v2\/types\/post"}],"author":[{"embeddable":true,"href":"https:\/\/bale.ch\/journal\/wp-json\/wp\/v2\/users\/2"}],"replies":[{"embeddable":true,"href":"https:\/\/bale.ch\/journal\/wp-json\/wp\/v2\/comments?post=2268"}],"version-history":[{"count":9,"href":"https:\/\/bale.ch\/journal\/wp-json\/wp\/v2\/posts\/2268\/revisions"}],"predecessor-version":[{"id":2278,"href":"https:\/\/bale.ch\/journal\/wp-json\/wp\/v2\/posts\/2268\/revisions\/2278"}],"wp:featuredmedia":[{"embeddable":true,"href":"https:\/\/bale.ch\/journal\/wp-json\/wp\/v2\/media\/2274"}],"wp:attachment":[{"href":"https:\/\/bale.ch\/journal\/wp-json\/wp\/v2\/media?parent=2268"}],"wp:term":[{"taxonomy":"category","embeddable":true,"href":"https:\/\/bale.ch\/journal\/wp-json\/wp\/v2\/categories?post=2268"},{"taxonomy":"post_tag","embeddable":true,"href":"https:\/\/bale.ch\/journal\/wp-json\/wp\/v2\/tags?post=2268"}],"curies":[{"name":"wp","href":"https:\/\/api.w.org\/{rel}","templated":true}]}}